{"id":61774,"date":"2021-03-04T03:54:02","date_gmt":"2021-03-04T08:54:02","guid":{"rendered":"https:\/\/akunq.net\/tr\/?p=61774"},"modified":"2021-03-04T03:54:02","modified_gmt":"2021-03-04T08:54:02","slug":"muteveffa-patriklerimiz-aniliyor","status":"publish","type":"post","link":"https:\/\/akunq.net\/tr\/?p=61774","title":{"rendered":"M\u00fcteveffa Patriklerimiz An\u0131l\u0131yor"},"content":{"rendered":"<p><img loading=\"lazy\" decoding=\"async\" class=\"aligncenter size-medium wp-image-61775\" src=\"https:\/\/akunq.net\/tr\/wp-content\/uploads\/2021\/03\/M\u00dcTEVEFFA-PATR\u0130KLER\u0130M\u0130Z-360x255.jpg\" alt=\"\" width=\"360\" height=\"255\" srcset=\"https:\/\/akunq.net\/tr\/wp-content\/uploads\/sites\/6\/2021\/03\/M\u00dcTEVEFFA-PATR\u0130KLER\u0130M\u0130Z-360x255.jpg 360w, https:\/\/akunq.net\/tr\/wp-content\/uploads\/sites\/6\/2021\/03\/M\u00dcTEVEFFA-PATR\u0130KLER\u0130M\u0130Z-560x396.jpg 560w, https:\/\/akunq.net\/tr\/wp-content\/uploads\/sites\/6\/2021\/03\/M\u00dcTEVEFFA-PATR\u0130KLER\u0130M\u0130Z-260x184.jpg 260w, https:\/\/akunq.net\/tr\/wp-content\/uploads\/sites\/6\/2021\/03\/M\u00dcTEVEFFA-PATR\u0130KLER\u0130M\u0130Z-160x113.jpg 160w, https:\/\/akunq.net\/tr\/wp-content\/uploads\/sites\/6\/2021\/03\/M\u00dcTEVEFFA-PATR\u0130KLER\u0130M\u0130Z.jpg 720w\" sizes=\"auto, (max-width: 360px) 100vw, 360px\" \/><\/p>\n<p><em><strong>T\u00fcrkiye Ermenileri 82., 83. ve 84. Patrikleri, Patrik \u015e\u0131norhk, Patrik Karekin II. ve Patrik Mesrob II., vefatlar\u0131n\u0131n y\u0131ld\u00f6n\u00fcmleri m\u00fcnasebetiyle an\u0131l\u0131yorlar.<\/strong><\/em><\/p>\n<p>4 Mart 2021, Per\u015fembe sabah\u0131, saat 10:30\u2019da Galata S. Krikor Lusavori\u00e7 Kilisesi\u2019nde, m\u00fcteveffa patriklerin ruhlar\u0131n\u0131n esenli\u011fi i\u00e7in Surp Badarak sunulacak. T\u00f6ren 7 Mart 2021, Pazar sabah\u0131, Patrikli\u011fimizin \u201cfacebook\u201d ve Lraper\u2019in \u201cyoutube\u201d kanallar\u0131ndan yay\u0131nlanacak. T\u00f6rende pandemi \u00f6nlemlerine ve k\u0131s\u0131tlamalar\u0131na dikkat edilecek, t\u00f6rene kilise kapasitesini (50 ki\u015fi) a\u015fmayacak say\u0131da inanan kat\u0131labilecek.<\/p>\n<p>Bununla birlikte, 8 Mart 2021, Pazartesi, saat 14:00\u2019te, Kadasetli Patrik Sahak II. Hazretleri\u2019nin riyasetinde, \u015ei\u015fli Ermeni Mezarl\u0131\u011f\u0131\u2019nda, m\u00fcteveffa patriklerin kabirleri \u00f6n\u00fcnde \u201cHokehankisd\u201d dualar\u0131 okunacakt\u0131r.<\/p>\n<p>Bilindi\u011fi \u00fczere, Patrik \u015e\u0131norhk 7 Mart 1990\u2019da, Patrik Karekin II. 10 Mart 1998\u2019de ve Patrik Mesrob II. 8 Mart 2019\u2019da vefat etmi\u015flerdi.<\/p>\n<p><strong><em>Kaynak: T\u00fcrkiye Ermenileri Patrikli\u011fi\u00a0<a href=\"https:\/\/www.facebook.com\/TRArmenianPatriarchate\/\">https:\/\/www.facebook.com\/TRArmenianPatriarchate\/<\/a>\u00a0<\/em><\/strong><\/p>\n<div class=\"sharedaddy sd-sharing-enabled\">\n<div class=\"robots-nocontent sd-block sd-social sd-social-icon-text sd-sharing\">\n<h3 class=\"sd-title\"><\/h3>\n<\/div>\n<\/div>\n","protected":false},"excerpt":{"rendered":"<p>T\u00fcrkiye Ermenileri 82., 83. ve 84. Patrikleri, Patrik \u015e\u0131norhk, Patrik Karekin II. ve Patrik Mesrob II., vefatlar\u0131n\u0131n y\u0131ld\u00f6n\u00fcmleri m\u00fcnasebetiyle an\u0131l\u0131yorlar. 4 Mart 2021, Per\u015fembe sabah\u0131, saat 10:30\u2019da Galata S. Krikor Lusavori\u00e7 Kilisesi\u2019nde, m\u00fcteveffa patriklerin ruhlar\u0131n\u0131n esenli\u011fi i\u00e7in Surp Badarak sunulacak. T\u00f6ren 7 Mart 2021, Pazar sabah\u0131, Patrikli\u011fimizin \u201cfacebook\u201d ve Lraper\u2019in \u201cyoutube\u201d kanallar\u0131ndan yay\u0131nlanacak. T\u00f6rende pandemi [&hellip;]<\/p>\n","protected":false},"author":7,"featured_media":61775,"comment_status":"open","ping_status":"open","sticky":false,"template":"","format":"standard","meta":{"footnotes":""},"categories":[1],"tags":[],"class_list":["post-61774","post","type-post","status-publish","format-standard","has-post-thumbnail","hentry","category-haberler"],"yoast_head":"<!-- This site is optimized with the Yoast SEO plugin v27.4 - https:\/\/yoast.com\/product\/yoast-seo-wordpress\/ -->\n<title>M\u00fcteveffa Patriklerimiz An\u0131l\u0131yor - Bati Ermenistan Ve Bati Ermenileri Sorunlari Ara\u015ftirmalar Merkezi<\/title>\n<meta name=\"robots\" content=\"index, follow, max-snippet:-1, max-image-preview:large, max-video-preview:-1\" \/>\n<link rel=\"canonical\" href=\"https:\/\/akunq.net\/tr\/?p=61774\" \/>\n<meta property=\"og:locale\" content=\"en_US\" \/>\n<meta property=\"og:type\" content=\"article\" \/>\n<meta property=\"og:title\" content=\"M\u00fcteveffa Patriklerimiz An\u0131l\u0131yor - Bati Ermenistan Ve Bati Ermenileri Sorunlari Ara\u015ftirmalar Merkezi\" \/>\n<meta property=\"og:description\" content=\"T\u00fcrkiye Ermenileri 82., 83. ve 84. Patrikleri, Patrik \u015e\u0131norhk, Patrik Karekin II. ve Patrik Mesrob II., vefatlar\u0131n\u0131n y\u0131ld\u00f6n\u00fcmleri m\u00fcnasebetiyle an\u0131l\u0131yorlar. 4 Mart 2021, Per\u015fembe sabah\u0131, saat 10:30\u2019da Galata S. Krikor Lusavori\u00e7 Kilisesi\u2019nde, m\u00fcteveffa patriklerin ruhlar\u0131n\u0131n esenli\u011fi i\u00e7in Surp Badarak sunulacak. T\u00f6ren 7 Mart 2021, Pazar sabah\u0131, Patrikli\u011fimizin \u201cfacebook\u201d ve Lraper\u2019in \u201cyoutube\u201d kanallar\u0131ndan yay\u0131nlanacak. T\u00f6rende pandemi [&hellip;]\" \/>\n<meta property=\"og:url\" content=\"https:\/\/akunq.net\/tr\/?p=61774\" \/>\n<meta property=\"og:site_name\" content=\"Bati Ermenistan Ve Bati Ermenileri Sorunlari Ara\u015ftirmalar Merkezi\" \/>\n<meta property=\"article:published_time\" content=\"2021-03-04T08:54:02+00:00\" \/>\n<meta property=\"og:image\" content=\"https:\/\/akunq.net\/tr\/wp-content\/uploads\/sites\/6\/2021\/03\/M\u00dcTEVEFFA-PATR\u0130KLER\u0130M\u0130Z.jpg\" \/>\n\t<meta property=\"og:image:width\" content=\"720\" \/>\n\t<meta property=\"og:image:height\" content=\"509\" \/>\n\t<meta property=\"og:image:type\" content=\"image\/jpeg\" \/>\n<meta name=\"author\" content=\"admin\" \/>\n<meta name=\"twitter:card\" content=\"summary_large_image\" \/>\n<meta name=\"twitter:label1\" content=\"Written by\" \/>\n\t<meta name=\"twitter:data1\" content=\"admin\" \/>\n\t<meta name=\"twitter:label2\" content=\"Est. reading time\" \/>\n\t<meta name=\"twitter:data2\" content=\"1 minute\" \/>\n<script type=\"application\/ld+json\" class=\"yoast-schema-graph\">{\"@context\":\"https:\\\/\\\/schema.org\",\"@graph\":[{\"@type\":\"Article\",\"@id\":\"https:\\\/\\\/akunq.net\\\/tr\\\/?p=61774#article\",\"isPartOf\":{\"@id\":\"https:\\\/\\\/akunq.net\\\/tr\\\/?p=61774\"},\"author\":{\"name\":\"admin\",\"@id\":\"https:\\\/\\\/akunq.net\\\/tr\\\/#\\\/schema\\\/person\\\/096f1d38a12cce57fb855b485ed24c9e\"},\"headline\":\"M\u00fcteveffa Patriklerimiz An\u0131l\u0131yor\",\"datePublished\":\"2021-03-04T08:54:02+00:00\",\"mainEntityOfPage\":{\"@id\":\"https:\\\/\\\/akunq.net\\\/tr\\\/?p=61774\"},\"wordCount\":157,\"commentCount\":0,\"image\":{\"@id\":\"https:\\\/\\\/akunq.net\\\/tr\\\/?p=61774#primaryimage\"},\"thumbnailUrl\":\"https:\\\/\\\/akunq.net\\\/tr\\\/wp-content\\\/uploads\\\/sites\\\/6\\\/2021\\\/03\\\/M\u00dcTEVEFFA-PATR\u0130KLER\u0130M\u0130Z.jpg\",\"articleSection\":[\"Haberler\"],\"inLanguage\":\"en-US\",\"potentialAction\":[{\"@type\":\"CommentAction\",\"name\":\"Comment\",\"target\":[\"https:\\\/\\\/akunq.net\\\/tr\\\/?p=61774#respond\"]}]},{\"@type\":\"WebPage\",\"@id\":\"https:\\\/\\\/akunq.net\\\/tr\\\/?p=61774\",\"url\":\"https:\\\/\\\/akunq.net\\\/tr\\\/?p=61774\",\"name\":\"M\u00fcteveffa Patriklerimiz An\u0131l\u0131yor - Bati Ermenistan Ve Bati Ermenileri Sorunlari Ara\u015ftirmalar Merkezi\",\"isPartOf\":{\"@id\":\"https:\\\/\\\/akunq.net\\\/tr\\\/#website\"},\"primaryImageOfPage\":{\"@id\":\"https:\\\/\\\/akunq.net\\\/tr\\\/?p=61774#primaryimage\"},\"image\":{\"@id\":\"https:\\\/\\\/akunq.net\\\/tr\\\/?p=61774#primaryimage\"},\"thumbnailUrl\":\"https:\\\/\\\/akunq.net\\\/tr\\\/wp-content\\\/uploads\\\/sites\\\/6\\\/2021\\\/03\\\/M\u00dcTEVEFFA-PATR\u0130KLER\u0130M\u0130Z.jpg\",\"datePublished\":\"2021-03-04T08:54:02+00:00\",\"author\":{\"@id\":\"https:\\\/\\\/akunq.net\\\/tr\\\/#\\\/schema\\\/person\\\/096f1d38a12cce57fb855b485ed24c9e\"},\"breadcrumb\":{\"@id\":\"https:\\\/\\\/akunq.net\\\/tr\\\/?p=61774#breadcrumb\"},\"inLanguage\":\"en-US\",\"potentialAction\":[{\"@type\":\"ReadAction\",\"target\":[\"https:\\\/\\\/akunq.net\\\/tr\\\/?p=61774\"]}]},{\"@type\":\"ImageObject\",\"inLanguage\":\"en-US\",\"@id\":\"https:\\\/\\\/akunq.net\\\/tr\\\/?p=61774#primaryimage\",\"url\":\"https:\\\/\\\/akunq.net\\\/tr\\\/wp-content\\\/uploads\\\/sites\\\/6\\\/2021\\\/03\\\/M\u00dcTEVEFFA-PATR\u0130KLER\u0130M\u0130Z.jpg\",\"contentUrl\":\"https:\\\/\\\/akunq.net\\\/tr\\\/wp-content\\\/uploads\\\/sites\\\/6\\\/2021\\\/03\\\/M\u00dcTEVEFFA-PATR\u0130KLER\u0130M\u0130Z.jpg\",\"width\":720,\"height\":509},{\"@type\":\"BreadcrumbList\",\"@id\":\"https:\\\/\\\/akunq.net\\\/tr\\\/?p=61774#breadcrumb\",\"itemListElement\":[{\"@type\":\"ListItem\",\"position\":1,\"name\":\"Home\",\"item\":\"https:\\\/\\\/akunq.net\\\/tr\"},{\"@type\":\"ListItem\",\"position\":2,\"name\":\"M\u00fcteveffa Patriklerimiz An\u0131l\u0131yor\"}]},{\"@type\":\"WebSite\",\"@id\":\"https:\\\/\\\/akunq.net\\\/tr\\\/#website\",\"url\":\"https:\\\/\\\/akunq.net\\\/tr\\\/\",\"name\":\"Bati Ermenistan Ve Bati Ermenileri Sorunlari Ara\u015ftirmalar Merkezi\",\"description\":\"\",\"potentialAction\":[{\"@type\":\"SearchAction\",\"target\":{\"@type\":\"EntryPoint\",\"urlTemplate\":\"https:\\\/\\\/akunq.net\\\/tr\\\/?s={search_term_string}\"},\"query-input\":{\"@type\":\"PropertyValueSpecification\",\"valueRequired\":true,\"valueName\":\"search_term_string\"}}],\"inLanguage\":\"en-US\"},{\"@type\":\"Person\",\"@id\":\"https:\\\/\\\/akunq.net\\\/tr\\\/#\\\/schema\\\/person\\\/096f1d38a12cce57fb855b485ed24c9e\",\"name\":\"admin\",\"url\":\"https:\\\/\\\/akunq.net\\\/tr\\\/?author=7\"}]}<\/script>\n<!-- \/ Yoast SEO plugin. -->","yoast_head_json":{"title":"M\u00fcteveffa Patriklerimiz An\u0131l\u0131yor - Bati Ermenistan Ve Bati Ermenileri Sorunlari Ara\u015ftirmalar Merkezi","robots":{"index":"index","follow":"follow","max-snippet":"max-snippet:-1","max-image-preview":"max-image-preview:large","max-video-preview":"max-video-preview:-1"},"canonical":"https:\/\/akunq.net\/tr\/?p=61774","og_locale":"en_US","og_type":"article","og_title":"M\u00fcteveffa Patriklerimiz An\u0131l\u0131yor - Bati Ermenistan Ve Bati Ermenileri Sorunlari Ara\u015ftirmalar Merkezi","og_description":"T\u00fcrkiye Ermenileri 82., 83. ve 84. Patrikleri, Patrik \u015e\u0131norhk, Patrik Karekin II. ve Patrik Mesrob II., vefatlar\u0131n\u0131n y\u0131ld\u00f6n\u00fcmleri m\u00fcnasebetiyle an\u0131l\u0131yorlar. 4 Mart 2021, Per\u015fembe sabah\u0131, saat 10:30\u2019da Galata S. Krikor Lusavori\u00e7 Kilisesi\u2019nde, m\u00fcteveffa patriklerin ruhlar\u0131n\u0131n esenli\u011fi i\u00e7in Surp Badarak sunulacak. T\u00f6ren 7 Mart 2021, Pazar sabah\u0131, Patrikli\u011fimizin \u201cfacebook\u201d ve Lraper\u2019in \u201cyoutube\u201d kanallar\u0131ndan yay\u0131nlanacak. T\u00f6rende pandemi [&hellip;]","og_url":"https:\/\/akunq.net\/tr\/?p=61774","og_site_name":"Bati Ermenistan Ve Bati Ermenileri Sorunlari Ara\u015ftirmalar Merkezi","article_published_time":"2021-03-04T08:54:02+00:00","og_image":[{"width":720,"height":509,"url":"https:\/\/akunq.net\/tr\/wp-content\/uploads\/sites\/6\/2021\/03\/M\u00dcTEVEFFA-PATR\u0130KLER\u0130M\u0130Z.jpg","type":"image\/jpeg"}],"author":"admin","twitter_card":"summary_large_image","twitter_misc":{"Written by":"admin","Est. reading time":"1 minute"},"schema":{"@context":"https:\/\/schema.org","@graph":[{"@type":"Article","@id":"https:\/\/akunq.net\/tr\/?p=61774#article","isPartOf":{"@id":"https:\/\/akunq.net\/tr\/?p=61774"},"author":{"name":"admin","@id":"https:\/\/akunq.net\/tr\/#\/schema\/person\/096f1d38a12cce57fb855b485ed24c9e"},"headline":"M\u00fcteveffa Patriklerimiz An\u0131l\u0131yor","datePublished":"2021-03-04T08:54:02+00:00","mainEntityOfPage":{"@id":"https:\/\/akunq.net\/tr\/?p=61774"},"wordCount":157,"commentCount":0,"image":{"@id":"https:\/\/akunq.net\/tr\/?p=61774#primaryimage"},"thumbnailUrl":"https:\/\/akunq.net\/tr\/wp-content\/uploads\/sites\/6\/2021\/03\/M\u00dcTEVEFFA-PATR\u0130KLER\u0130M\u0130Z.jpg","articleSection":["Haberler"],"inLanguage":"en-US","potentialAction":[{"@type":"CommentAction","name":"Comment","target":["https:\/\/akunq.net\/tr\/?p=61774#respond"]}]},{"@type":"WebPage","@id":"https:\/\/akunq.net\/tr\/?p=61774","url":"https:\/\/akunq.net\/tr\/?p=61774","name":"M\u00fcteveffa Patriklerimiz An\u0131l\u0131yor - Bati Ermenistan Ve Bati Ermenileri Sorunlari Ara\u015ftirmalar Merkezi","isPartOf":{"@id":"https:\/\/akunq.net\/tr\/#website"},"primaryImageOfPage":{"@id":"https:\/\/akunq.net\/tr\/?p=61774#primaryimage"},"image":{"@id":"https:\/\/akunq.net\/tr\/?p=61774#primaryimage"},"thumbnailUrl":"https:\/\/akunq.net\/tr\/wp-content\/uploads\/sites\/6\/2021\/03\/M\u00dcTEVEFFA-PATR\u0130KLER\u0130M\u0130Z.jpg","datePublished":"2021-03-04T08:54:02+00:00","author":{"@id":"https:\/\/akunq.net\/tr\/#\/schema\/person\/096f1d38a12cce57fb855b485ed24c9e"},"breadcrumb":{"@id":"https:\/\/akunq.net\/tr\/?p=61774#breadcrumb"},"inLanguage":"en-US","potentialAction":[{"@type":"ReadAction","target":["https:\/\/akunq.net\/tr\/?p=61774"]}]},{"@type":"ImageObject","inLanguage":"en-US","@id":"https:\/\/akunq.net\/tr\/?p=61774#primaryimage","url":"https:\/\/akunq.net\/tr\/wp-content\/uploads\/sites\/6\/2021\/03\/M\u00dcTEVEFFA-PATR\u0130KLER\u0130M\u0130Z.jpg","contentUrl":"https:\/\/akunq.net\/tr\/wp-content\/uploads\/sites\/6\/2021\/03\/M\u00dcTEVEFFA-PATR\u0130KLER\u0130M\u0130Z.jpg","width":720,"height":509},{"@type":"BreadcrumbList","@id":"https:\/\/akunq.net\/tr\/?p=61774#breadcrumb","itemListElement":[{"@type":"ListItem","position":1,"name":"Home","item":"https:\/\/akunq.net\/tr"},{"@type":"ListItem","position":2,"name":"M\u00fcteveffa Patriklerimiz An\u0131l\u0131yor"}]},{"@type":"WebSite","@id":"https:\/\/akunq.net\/tr\/#website","url":"https:\/\/akunq.net\/tr\/","name":"Bati Ermenistan Ve Bati Ermenileri Sorunlari Ara\u015ftirmalar Merkezi","description":"","potentialAction":[{"@type":"SearchAction","target":{"@type":"EntryPoint","urlTemplate":"https:\/\/akunq.net\/tr\/?s={search_term_string}"},"query-input":{"@type":"PropertyValueSpecification","valueRequired":true,"valueName":"search_term_string"}}],"inLanguage":"en-US"},{"@type":"Person","@id":"https:\/\/akunq.net\/tr\/#\/schema\/person\/096f1d38a12cce57fb855b485ed24c9e","name":"admin","url":"https:\/\/akunq.net\/tr\/?author=7"}]}},"_links":{"self":[{"href":"https:\/\/akunq.net\/tr\/index.php?rest_route=\/wp\/v2\/posts\/61774","targetHints":{"allow":["GET"]}}],"collection":[{"href":"https:\/\/akunq.net\/tr\/index.php?rest_route=\/wp\/v2\/posts"}],"about":[{"href":"https:\/\/akunq.net\/tr\/index.php?rest_route=\/wp\/v2\/types\/post"}],"author":[{"embeddable":true,"href":"https:\/\/akunq.net\/tr\/index.php?rest_route=\/wp\/v2\/users\/7"}],"replies":[{"embeddable":true,"href":"https:\/\/akunq.net\/tr\/index.php?rest_route=%2Fwp%2Fv2%2Fcomments&post=61774"}],"version-history":[{"count":1,"href":"https:\/\/akunq.net\/tr\/index.php?rest_route=\/wp\/v2\/posts\/61774\/revisions"}],"predecessor-version":[{"id":61776,"href":"https:\/\/akunq.net\/tr\/index.php?rest_route=\/wp\/v2\/posts\/61774\/revisions\/61776"}],"wp:featuredmedia":[{"embeddable":true,"href":"https:\/\/akunq.net\/tr\/index.php?rest_route=\/wp\/v2\/media\/61775"}],"wp:attachment":[{"href":"https:\/\/akunq.net\/tr\/index.php?rest_route=%2Fwp%2Fv2%2Fmedia&parent=61774"}],"wp:term":[{"taxonomy":"category","embeddable":true,"href":"https:\/\/akunq.net\/tr\/index.php?rest_route=%2Fwp%2Fv2%2Fcategories&post=61774"},{"taxonomy":"post_tag","embeddable":true,"href":"https:\/\/akunq.net\/tr\/index.php?rest_route=%2Fwp%2Fv2%2Ftags&post=61774"}],"curies":[{"name":"wp","href":"https:\/\/api.w.org\/{rel}","templated":true}]}}