{"id":61765,"date":"2021-03-04T02:48:04","date_gmt":"2021-03-04T07:48:04","guid":{"rendered":"https:\/\/akunq.net\/tr\/?p=61765"},"modified":"2021-03-04T02:48:04","modified_gmt":"2021-03-04T07:48:04","slug":"diril-ailesi-yalniz-keldaniler-yalniz-keske-yalniz-degilsiniz-diyebilsek","status":"publish","type":"post","link":"https:\/\/akunq.net\/tr\/?p=61765","title":{"rendered":"Diril ailesi yaln\u0131z, Keldaniler yaln\u0131z, ke\u015fke \u2018yaln\u0131z de\u011filsiniz\u2019 diyebilsek\u2026"},"content":{"rendered":"<p><img loading=\"lazy\" decoding=\"async\" class=\"aligncenter size-medium wp-image-61766\" src=\"https:\/\/akunq.net\/tr\/wp-content\/uploads\/2021\/03\/Diril-ailesi-360x189.jpg\" alt=\"\" width=\"360\" height=\"189\" srcset=\"https:\/\/akunq.net\/tr\/wp-content\/uploads\/sites\/6\/2021\/03\/Diril-ailesi-360x189.jpg 360w, https:\/\/akunq.net\/tr\/wp-content\/uploads\/sites\/6\/2021\/03\/Diril-ailesi-768x403.jpg 768w, https:\/\/akunq.net\/tr\/wp-content\/uploads\/sites\/6\/2021\/03\/Diril-ailesi-560x294.jpg 560w, https:\/\/akunq.net\/tr\/wp-content\/uploads\/sites\/6\/2021\/03\/Diril-ailesi-260x137.jpg 260w, https:\/\/akunq.net\/tr\/wp-content\/uploads\/sites\/6\/2021\/03\/Diril-ailesi-160x84.jpg 160w, https:\/\/akunq.net\/tr\/wp-content\/uploads\/sites\/6\/2021\/03\/Diril-ailesi.jpg 1200w\" sizes=\"auto, (max-width: 360px) 100vw, 360px\" \/><\/p>\n<p><strong><em>Bundan 10 y\u0131l \u00f6nce Diyarbak\u0131r, Mardin, \u015e\u0131rnak\u2026 gibi illere u\u00e7akla seyahat etti\u011finizde, u\u00e7akta en az bir Keldani, S\u00fcryani aileye denk gelebilirdiniz. \u00c7oluk \u00e7ocuk y\u0131llar sonra Avrupa\u2019dan k\u00f6y\u00fcne d\u00f6nen ailelerdi bunlar. Konu\u015ftu\u011funuzda g\u00f6zlerindeki \u0131\u015f\u0131lt\u0131y\u0131, gelece\u011fe ve bu \u00fclkeye y\u00f6nelik umutlar\u0131n\u0131 hemen anlayabilirdiniz.<\/em><\/strong><\/p>\n<p>Bu umutlar 2015 y\u0131l\u0131nda \u00e7at\u0131\u015fma s\u00fcrecine d\u00f6n\u00fclmesi ile birlikte bitti. Bizler y\u0131k\u0131lan memleketlerimizle u\u011fra\u015f\u0131rken, bir avu\u00e7 kalm\u0131\u015f bu insanlar\u0131n, \u015e\u0131rnak\u2019\u0131n, Hakkari\u2019nin, Mardin\u2019in k\u0131rsal alanlardaki k\u00f6ylerinde neler ya\u015fad\u0131klar\u0131n\u0131 \u00e7o\u011fu zaman duymad\u0131k. 90\u2019larda y\u0131k\u0131lm\u0131\u015f yak\u0131lm\u0131\u015f k\u00f6ylerini toparlamaya u\u011fra\u015fan bu insanlar bir\u00e7ok tehditle kar\u015f\u0131la\u015ft\u0131lar. Kimi zaman koruculardan, kimi zaman a\u011falardan, kimi zaman devletten, kimi zaman maden \u015firketlerinden, bazen M\u00fcsl\u00fcman kom\u015fular\u0131ndan, t\u00fcm egemenlerden \u00e7e\u015fitli bask\u0131larla kar\u015f\u0131la\u015ft\u0131lar. Petrus Karatay gibi inatla k\u00f6y\u00fcn\u00fc g\u00fczelle\u015ftirmeye, tekrar a\u011fa\u00e7land\u0131rmaya \u00e7al\u0131\u015fan, oralara tekrar hayat getirmeye \u00e7al\u0131\u015fan insanlar tehditlerle, g\u00f6zalt\u0131larla, tutuklamalarla u\u011fra\u015ft\u0131lar. Kimi pes etti, \u00e7ekip gitti, kimileri pes etmedi. O pes etmeyen iki ya\u015fl\u0131 Keldaniden biri \u00f6ld\u00fcr\u00fcld\u00fc, di\u011ferinin ise ak\u0131beti bilinmiyor: \u015eimuni ve Hurm\u00fcz Diril.<\/p>\n<p>\u015e\u0131rnak\u2019\u0131n Beyt\u00fc\u015f\u015febap\u2019a ba\u011fl\u0131 Kovankaya (Mehre) k\u00f6y\u00fcnde ya\u015fayan \u015eimuni ve Hurm\u00fcz Diril \u00e7ifti Ocak 2020\u2019de kayboldular. 70 g\u00fcn sonra \u00e7ocuklar\u0131 65 ya\u015f\u0131ndaki anneleri \u015eimuni Diril\u2019in cans\u0131z bedenini buldular. 71 ya\u015f\u0131ndaki baba Hurm\u00fcz Diril\u2019den ise o g\u00fcn bug\u00fcnd\u00fcr haber yok.<\/p>\n<p>Diril ailesi 90\u2019larda k\u00f6ylerinin bo\u015falt\u0131lmas\u0131yla birlikte g\u00f6\u00e7 etmek zorunda kalanlardan, ailenin bir k\u0131sm\u0131 \u0130stanbul\u2019a bir k\u0131sm\u0131 Avrupa\u2019ya g\u00f6\u00e7 eder. Y\u0131llar sonra 2011\u2019de k\u00f6ylerine d\u00f6nebilirler. 2013 y\u0131l\u0131nda ba\u015flayan \u00e7\u00f6z\u00fcm s\u00fcrecine inan\u00e7la k\u00f6yde temelli ya\u015famaya karar verirler. K\u00f6yde k\u0131\u015f aylar\u0131nda \u015eimuni ve Hurm\u00fcz Diril\u2019in d\u0131\u015f\u0131nda, babalar\u0131n\u0131n kuzeni Apro Diril ya\u015famaktayd\u0131. Yaz\u0131n k\u00f6yde ya\u015fayan aile say\u0131s\u0131 ise 5\u2019e \u00e7\u0131kmaktad\u0131r.<\/p>\n<p>\u00c7iftin k\u0131zlar\u0131 G\u00fclcan Diril ile konu\u015ftum. G\u00fclcan \u015f\u00f6yle anlat\u0131yor ya\u015fananlar\u0131:<\/p>\n<p>\u201c1 y\u0131ldan fazla zaman ge\u00e7ti, fakat hen\u00fcz somut bir netice yok. Babam\u0131n kuzeni ile aras\u0131 iyi de\u011fildi. Annemin babam\u0131n arkas\u0131ndan yas tutacak, \u00f6l\u00fcmlerine \u00fcz\u00fclecek bir insan de\u011fildir. Annemle babam\u0131n evleri ile Apro Diril\u2019in evi aras\u0131ndaki mesafe \u00e7ok k\u0131sa. Annemin babam\u0131n ba\u015f\u0131na gelenleri duymam\u0131\u015f g\u00f6rmemi\u015f olmas\u0131na imk\u00e2n yok. Annemle babam\u0131 ka\u00e7\u0131ranlar belli ki k\u00f6y yolunu bilen birileri, ilk defa gelmedikleri \u00e7ok a\u00e7\u0131k. A\u00e7\u0131k\u00e7as\u0131 kim yapm\u0131\u015f olabilir bilmiyoruz. Annemin babam\u0131n o k\u00f6yde ya\u015famamas\u0131 ba\u015fta k\u00f6yde ya\u015fayan di\u011fer akrabalar\u0131n olmak \u00fczere bir\u00e7ok farkl\u0131 kesimin i\u015fine gelebilir. Apro Diril, annem ve babam\u0131n 3 \u00f6rg\u00fct \u00fcyesi taraf\u0131ndan g\u00f6t\u00fcr\u00fcld\u00fc\u011f\u00fcn\u00fc ve hayatlar\u0131 konusunda endi\u015fe etmemizin yersiz oldu\u011funa \u0131srar ediyordu. Vermi\u015f oldu\u011fu ifadeler alayc\u0131 ve \u00e7eli\u015fkiliydi. Annemin ayakkab\u0131s\u0131n\u0131n teki Apro Diril\u2019in evinin 40-50 metre \u00f6tesinde bulundu. Belli ki annem s\u00fcr\u00fcklenmi\u015f. Orada bir karga\u015fa olmu\u015f. Apro Diril ifadesinde \u2018\u00f6rg\u00fct g\u00f6t\u00fcrd\u00fc\u2019 deyince ne yapaca\u011f\u0131m\u0131z\u0131 \u015fa\u015f\u0131rd\u0131k, ba\u011fland\u0131 elimiz kolumuz. A\u00e7\u0131k\u00e7as\u0131 hayatta kals\u0131nlar diye de ge\u00e7en Mart ay\u0131na kadar pek konu\u015fmad\u0131k medyada. Ama mart ay\u0131nda annemin cenazesini bulunca bunun bir cinayet oldu\u011funu ve kimsenin bir yere g\u00f6t\u00fcrmedi\u011fini anlad\u0131k. Zaten Jandarma da bize \u2018bu \u00f6rg\u00fct i\u015fine benzemiyor\u2019 dedi. Bizim k\u00f6y s\u00fcrekli dronlar\u0131n, S\u0130HA\u2019lar\u0131n u\u00e7tu\u011fu bir k\u00f6y. O k\u00f6yde 2 ki\u015finin ka\u00e7\u0131r\u0131l\u0131p b\u00f6ylesine vah\u015fice \u00f6ld\u00fcr\u00fclmesi a\u00e7\u0131k\u00e7as\u0131 cesaret gerektirir.\u201d<\/p>\n<p>\u00c7ocuklar\u0131 en son 7 Ocak\u2019ta Diril \u00e7ifti ile konu\u015fmu\u015flar. 5 g\u00fcn haber alamay\u0131nca 12 Ocak\u2019ta da anne ve babalar\u0131n\u0131n ba\u015f\u0131na bir \u015fey geldi\u011finden endi\u015fe etmi\u015fler. Beyt\u00fc\u015f\u015febap Kovankaya civar\u0131 operasyonlar\u0131n yo\u011fun oldu\u011fu ve S\u0130HA\u2019lar\u0131n s\u0131k s\u0131k u\u00e7tu\u011fu bir b\u00f6lge. Ocak ay\u0131 ba\u015flar\u0131nda k\u00f6y\u00fcn yak\u0131nlar\u0131nda u\u00e7an S\u0130HA\u2019lar bir \u015fey g\u00f6rmedi mi, ellerinde bir g\u00f6r\u00fcnt\u00fc var m\u0131, yok mu, bu ara\u015ft\u0131r\u0131ld\u0131 m\u0131 bilmiyoruz. Dosyada gizlilik karar\u0131 var. Ama ara\u015ft\u0131r\u0131lmad\u0131 ise buna muhakkak bak\u0131lmal\u0131.<\/p>\n<p>Diril ailesi kuzen Apro Diril\u2019in, Diril \u00e7iftini g\u00f6t\u00fcrenleri tan\u0131d\u0131\u011f\u0131n\u0131 d\u00fc\u015f\u00fcn\u00fcyor. \u015e\u00f6yle devam ediyor G\u00fclcan Diril:<\/p>\n<p>\u201cApro Diril muhtemelen katilleri tan\u0131yor. \u2018Korkutuldum\u2019 diyor ama kim, nas\u0131l, neyle\u2026 sorular\u0131n\u0131n cevaplar\u0131 yok. Daha sonra tehdit edildi\u011fi bir b\u00f6lgede bu kadar rahat dola\u015f\u0131yor olmas\u0131 ve tak\u0131nd\u0131\u011f\u0131 tav\u0131rlar pek de korkmad\u0131\u011f\u0131n\u0131n bir g\u00f6stergesi olmal\u0131. Annemizi buldu\u011fumuzda v\u00fccudunda kur\u015fun izleri g\u00f6zlemledik. Adli t\u0131p raporu aylar sonra yaz\u0131ld\u0131. \u015eu an adli t\u0131p raporuna ili\u015fkin kafam\u0131zdaki soru i\u015faretlerini gidermeye \u00e7al\u0131\u015f\u0131yoruz. Annem o kadar g\u00fczel bir kad\u0131nd\u0131 ki biz doyamazd\u0131k ona bakmaya, \u00f6pmeye. Daha do\u011fru d\u00fczg\u00fcn sa\u00e7\u0131na ak d\u00fc\u015fmemi\u015fti annemin. \u00c7ok merhametli, eli a\u00e7\u0131k, sosyal, ne\u015feli, acayip \u00e7al\u0131\u015fkand\u0131 annem. Her i\u015fi yapard\u0131. Babam da \u00e7ok cesur, \u00e7al\u0131\u015fkan ve bir o kadar merhametliydi. Di\u011fer akrabalar da k\u00f6ye gelebildiyse babam\u0131n cesareti sayesinde gelebildiler.\u201d<\/p>\n<p>Anne babalar\u0131n\u0131 bulmak i\u00e7in verdikleri m\u00fccadelede Diril ailesi olduk\u00e7a yaln\u0131z kalm\u0131\u015f:<\/p>\n<p>\u201cOlay\u0131n ba\u015flang\u0131c\u0131nda, g\u00f6rg\u00fc tan\u0131\u011f\u0131n belirtti\u011fi gibi \u00f6rg\u00fct\u00fcn g\u00f6t\u00fcrme ihtimaline istinaden gelen yard\u0131m tekliflerini ask\u0131ya almak durumunda kald\u0131k. Fakat Mart ay\u0131nda annemizi bulduktan sonra olay\u0131n medyada yer almas\u0131 gerekirken m\u00fcthi\u015f bir yaln\u0131zl\u0131k ya\u015fad\u0131k. Ne kurumlar ne \u00f6rg\u00fctler yan\u0131m\u0131zda yer almad\u0131lar. Ac\u0131 \u00e7ok s\u0131radanla\u015ft\u0131 bu \u00fclkede ya da kayb\u0131n \u00f6nemi yok. Babam\u0131z\u0131n kayb\u0131n\u0131n \u00fczerinden bir sene ge\u00e7tikten sonra, yurtd\u0131\u015f\u0131 kurumlar\u0131m\u0131z davan\u0131n takip\u00e7isi olacaklar\u0131na dair s\u00f6z vererek, olay\u0131n ayd\u0131nlat\u0131lmas\u0131 ad\u0131na bildiri yay\u0131nlad\u0131lar. Bu s\u00fcre\u00e7te partilere de gittik. En b\u00fcy\u00fck deste\u011fi HDP milletvekili \u00d6mer Faruk Gergerlio\u011flu\u2019ndan ald\u0131k. Ortada bir ac\u0131 var, bunun ne partisi ne de siyaseti olur. Ac\u0131 var ortada, ac\u0131n\u0131n bir rengi yoktur. Aylarca jandarma-asker gelecekler babam\u0131z\u0131 arayaca\u011f\u0131z diye umut ettik. Valili\u011fin sitesinde arama ile ilgili bas\u0131n a\u00e7\u0131klamas\u0131 olsa da biz Nisan ve Ekim\u2019 ay\u0131ndaki aramalara tan\u0131k olduk. O kadar. Babam\u0131z halen bulunmad\u0131ysa ya aramalar yetersiz ya da \u00e7\u00f6z\u00fcm odakl\u0131 yap\u0131lmamaktad\u0131r. Babam senelerce ko\u015fa ko\u015fa faturas\u0131n\u0131, vergisi \u00f6derdi, aman bir borcum olmas\u0131n devlete derdi, bu adama reva g\u00f6rd\u00fckleri bu mu? Babam \u00e7ok sevilen, tan\u0131nan biriydi. Parmakla say\u0131lacak birka\u00e7 ki\u015fi hari\u00e7 kimse gelmedi yard\u0131m\u0131m\u0131za, kimse sormad\u0131 onu. Biz kendimiz \u00e7ocuklar\u0131, karde\u015fleri olarak t\u00fcm yaz babam\u0131z\u0131 arad\u0131k.\u201d<\/p>\n<p>\u201cPeki bundan sonra ne yapacaks\u0131n\u0131z G\u00fclcan, k\u00f6y\u00fc, bu topraklar\u0131 terk mi edeceksiniz?\u201d diye soruyorum:<\/p>\n<p>\u201cO topra\u011fa, o k\u00f6ye \u00e7ok emek verdi babam. G\u00fclcan olarak o topraklara gidece\u011fim. O topraklar\u0131 terk etmeyece\u011fiz. Baban\u0131z\u0131 bulamad\u0131k s\u00f6z\u00fcn\u00fc kabul etmiyorum. Ben kesinlikle babam\u0131 istiyorum.\u201d<\/p>\n<p>Do\u011frusu G\u00fclcan\u2019\u0131 dinlerken i\u00e7im s\u0131zl\u0131yor. 100 y\u0131ld\u0131r Keldanilerin, Asurilerin, S\u00fcryanilerin\u2026 bu topraklarda ya\u015fad\u0131klar\u0131 katliamlar\u0131, zorunlu g\u00f6\u00e7leri d\u00fc\u015f\u00fcn\u00fcyorum. Ke\u015fke \u201cyaln\u0131z de\u011filsiniz\u201d G\u00fclcan diyebilsem. Ama korkar\u0131m ki yaln\u0131zlar. Diril ailesi yaln\u0131z, Keldaniler yaln\u0131z, Mezopotamya\u2019n\u0131n bir avu\u00e7 kalm\u0131\u015f \u00e7ocuklar\u0131 yine yaln\u0131z.<\/p>\n<p><em>\u00a9 Ahval T\u00fcrk\u00e7e<\/em><\/p>\n<p><em>Bu makale yazar\u0131n g\u00f6r\u00fc\u015flerini yans\u0131t\u0131r. Ahval\u2019in yay\u0131n politikas\u0131 ve editoryal bak\u0131\u015f a\u00e7\u0131s\u0131 ile her zaman uyumlu olmak zorunda de\u011fildir.<\/em><\/p>\n<hr \/>\n<p><em><strong><a href=\"https:\/\/ahval.me\/tr\/diril-cifti\/diril-ailesi-yalniz-keldaniler-yalniz-keske-yalniz-degilsiniz-diyebilsek\" target=\"_blank\" rel=\"noopener noreferrer\">Ahval News<\/a><\/strong><\/em><\/p>\n","protected":false},"excerpt":{"rendered":"<p>Bundan 10 y\u0131l \u00f6nce Diyarbak\u0131r, Mardin, \u015e\u0131rnak\u2026 gibi illere u\u00e7akla seyahat etti\u011finizde, u\u00e7akta en az bir Keldani, S\u00fcryani aileye denk gelebilirdiniz. \u00c7oluk \u00e7ocuk y\u0131llar sonra Avrupa\u2019dan k\u00f6y\u00fcne d\u00f6nen ailelerdi bunlar. Konu\u015ftu\u011funuzda g\u00f6zlerindeki \u0131\u015f\u0131lt\u0131y\u0131, gelece\u011fe ve bu \u00fclkeye y\u00f6nelik umutlar\u0131n\u0131 hemen anlayabilirdiniz. Bu umutlar 2015 y\u0131l\u0131nda \u00e7at\u0131\u015fma s\u00fcrecine d\u00f6n\u00fclmesi ile birlikte bitti. Bizler y\u0131k\u0131lan memleketlerimizle u\u011fra\u015f\u0131rken, [&hellip;]<\/p>\n","protected":false},"author":7,"featured_media":61766,"comment_status":"open","ping_status":"open","sticky":false,"template":"","format":"standard","meta":{"footnotes":""},"categories":[1,53],"tags":[],"class_list":["post-61765","post","type-post","status-publish","format-standard","has-post-thumbnail","hentry","category-haberler","category-turkiyede-azinliklar"],"yoast_head":"<!-- This site is optimized with the Yoast SEO plugin v27.4 - https:\/\/yoast.com\/product\/yoast-seo-wordpress\/ -->\n<title>Diril ailesi yaln\u0131z, Keldaniler yaln\u0131z, ke\u015fke \u2018yaln\u0131z de\u011filsiniz\u2019 diyebilsek\u2026 - Bati Ermenistan Ve Bati Ermenileri Sorunlari Ara\u015ftirmalar Merkezi<\/title>\n<meta name=\"robots\" content=\"index, follow, max-snippet:-1, max-image-preview:large, max-video-preview:-1\" \/>\n<link rel=\"canonical\" href=\"https:\/\/akunq.net\/tr\/?p=61765\" \/>\n<meta property=\"og:locale\" content=\"en_US\" \/>\n<meta property=\"og:type\" content=\"article\" \/>\n<meta property=\"og:title\" content=\"Diril ailesi yaln\u0131z, Keldaniler yaln\u0131z, ke\u015fke \u2018yaln\u0131z de\u011filsiniz\u2019 diyebilsek\u2026 - Bati Ermenistan Ve Bati Ermenileri Sorunlari Ara\u015ftirmalar Merkezi\" \/>\n<meta property=\"og:description\" content=\"Bundan 10 y\u0131l \u00f6nce Diyarbak\u0131r, Mardin, \u015e\u0131rnak\u2026 gibi illere u\u00e7akla seyahat etti\u011finizde, u\u00e7akta en az bir Keldani, S\u00fcryani aileye denk gelebilirdiniz. \u00c7oluk \u00e7ocuk y\u0131llar sonra Avrupa\u2019dan k\u00f6y\u00fcne d\u00f6nen ailelerdi bunlar. Konu\u015ftu\u011funuzda g\u00f6zlerindeki \u0131\u015f\u0131lt\u0131y\u0131, gelece\u011fe ve bu \u00fclkeye y\u00f6nelik umutlar\u0131n\u0131 hemen anlayabilirdiniz. Bu umutlar 2015 y\u0131l\u0131nda \u00e7at\u0131\u015fma s\u00fcrecine d\u00f6n\u00fclmesi ile birlikte bitti. Bizler y\u0131k\u0131lan memleketlerimizle u\u011fra\u015f\u0131rken, [&hellip;]\" \/>\n<meta property=\"og:url\" content=\"https:\/\/akunq.net\/tr\/?p=61765\" \/>\n<meta property=\"og:site_name\" content=\"Bati Ermenistan Ve Bati Ermenileri Sorunlari Ara\u015ftirmalar Merkezi\" \/>\n<meta property=\"article:published_time\" content=\"2021-03-04T07:48:04+00:00\" \/>\n<meta property=\"og:image\" content=\"https:\/\/akunq.net\/tr\/wp-content\/uploads\/sites\/6\/2021\/03\/Diril-ailesi.jpg\" \/>\n\t<meta property=\"og:image:width\" content=\"1200\" \/>\n\t<meta property=\"og:image:height\" content=\"630\" \/>\n\t<meta property=\"og:image:type\" content=\"image\/jpeg\" \/>\n<meta name=\"author\" content=\"admin\" \/>\n<meta name=\"twitter:card\" content=\"summary_large_image\" \/>\n<meta name=\"twitter:label1\" content=\"Written by\" \/>\n\t<meta name=\"twitter:data1\" content=\"admin\" \/>\n\t<meta name=\"twitter:label2\" content=\"Est. reading time\" \/>\n\t<meta name=\"twitter:data2\" content=\"7 minutes\" \/>\n<script type=\"application\/ld+json\" class=\"yoast-schema-graph\">{\"@context\":\"https:\\\/\\\/schema.org\",\"@graph\":[{\"@type\":\"Article\",\"@id\":\"https:\\\/\\\/akunq.net\\\/tr\\\/?p=61765#article\",\"isPartOf\":{\"@id\":\"https:\\\/\\\/akunq.net\\\/tr\\\/?p=61765\"},\"author\":{\"name\":\"admin\",\"@id\":\"https:\\\/\\\/akunq.net\\\/tr\\\/#\\\/schema\\\/person\\\/096f1d38a12cce57fb855b485ed24c9e\"},\"headline\":\"Diril ailesi yaln\u0131z, Keldaniler yaln\u0131z, ke\u015fke \u2018yaln\u0131z de\u011filsiniz\u2019 diyebilsek\u2026\",\"datePublished\":\"2021-03-04T07:48:04+00:00\",\"mainEntityOfPage\":{\"@id\":\"https:\\\/\\\/akunq.net\\\/tr\\\/?p=61765\"},\"wordCount\":1390,\"commentCount\":0,\"image\":{\"@id\":\"https:\\\/\\\/akunq.net\\\/tr\\\/?p=61765#primaryimage\"},\"thumbnailUrl\":\"https:\\\/\\\/akunq.net\\\/tr\\\/wp-content\\\/uploads\\\/sites\\\/6\\\/2021\\\/03\\\/Diril-ailesi.jpg\",\"articleSection\":[\"Haberler\",\"T\u00fcrkiye\u2019de Az\u0131nl\u0131klar\"],\"inLanguage\":\"en-US\",\"potentialAction\":[{\"@type\":\"CommentAction\",\"name\":\"Comment\",\"target\":[\"https:\\\/\\\/akunq.net\\\/tr\\\/?p=61765#respond\"]}]},{\"@type\":\"WebPage\",\"@id\":\"https:\\\/\\\/akunq.net\\\/tr\\\/?p=61765\",\"url\":\"https:\\\/\\\/akunq.net\\\/tr\\\/?p=61765\",\"name\":\"Diril ailesi yaln\u0131z, Keldaniler yaln\u0131z, ke\u015fke \u2018yaln\u0131z de\u011filsiniz\u2019 diyebilsek\u2026 - Bati Ermenistan Ve Bati Ermenileri Sorunlari Ara\u015ftirmalar Merkezi\",\"isPartOf\":{\"@id\":\"https:\\\/\\\/akunq.net\\\/tr\\\/#website\"},\"primaryImageOfPage\":{\"@id\":\"https:\\\/\\\/akunq.net\\\/tr\\\/?p=61765#primaryimage\"},\"image\":{\"@id\":\"https:\\\/\\\/akunq.net\\\/tr\\\/?p=61765#primaryimage\"},\"thumbnailUrl\":\"https:\\\/\\\/akunq.net\\\/tr\\\/wp-content\\\/uploads\\\/sites\\\/6\\\/2021\\\/03\\\/Diril-ailesi.jpg\",\"datePublished\":\"2021-03-04T07:48:04+00:00\",\"author\":{\"@id\":\"https:\\\/\\\/akunq.net\\\/tr\\\/#\\\/schema\\\/person\\\/096f1d38a12cce57fb855b485ed24c9e\"},\"breadcrumb\":{\"@id\":\"https:\\\/\\\/akunq.net\\\/tr\\\/?p=61765#breadcrumb\"},\"inLanguage\":\"en-US\",\"potentialAction\":[{\"@type\":\"ReadAction\",\"target\":[\"https:\\\/\\\/akunq.net\\\/tr\\\/?p=61765\"]}]},{\"@type\":\"ImageObject\",\"inLanguage\":\"en-US\",\"@id\":\"https:\\\/\\\/akunq.net\\\/tr\\\/?p=61765#primaryimage\",\"url\":\"https:\\\/\\\/akunq.net\\\/tr\\\/wp-content\\\/uploads\\\/sites\\\/6\\\/2021\\\/03\\\/Diril-ailesi.jpg\",\"contentUrl\":\"https:\\\/\\\/akunq.net\\\/tr\\\/wp-content\\\/uploads\\\/sites\\\/6\\\/2021\\\/03\\\/Diril-ailesi.jpg\",\"width\":1200,\"height\":630},{\"@type\":\"BreadcrumbList\",\"@id\":\"https:\\\/\\\/akunq.net\\\/tr\\\/?p=61765#breadcrumb\",\"itemListElement\":[{\"@type\":\"ListItem\",\"position\":1,\"name\":\"Home\",\"item\":\"https:\\\/\\\/akunq.net\\\/tr\"},{\"@type\":\"ListItem\",\"position\":2,\"name\":\"Diril ailesi yaln\u0131z, Keldaniler yaln\u0131z, ke\u015fke \u2018yaln\u0131z de\u011filsiniz\u2019 diyebilsek\u2026\"}]},{\"@type\":\"WebSite\",\"@id\":\"https:\\\/\\\/akunq.net\\\/tr\\\/#website\",\"url\":\"https:\\\/\\\/akunq.net\\\/tr\\\/\",\"name\":\"Bati Ermenistan Ve Bati Ermenileri Sorunlari Ara\u015ftirmalar Merkezi\",\"description\":\"\",\"potentialAction\":[{\"@type\":\"SearchAction\",\"target\":{\"@type\":\"EntryPoint\",\"urlTemplate\":\"https:\\\/\\\/akunq.net\\\/tr\\\/?s={search_term_string}\"},\"query-input\":{\"@type\":\"PropertyValueSpecification\",\"valueRequired\":true,\"valueName\":\"search_term_string\"}}],\"inLanguage\":\"en-US\"},{\"@type\":\"Person\",\"@id\":\"https:\\\/\\\/akunq.net\\\/tr\\\/#\\\/schema\\\/person\\\/096f1d38a12cce57fb855b485ed24c9e\",\"name\":\"admin\",\"url\":\"https:\\\/\\\/akunq.net\\\/tr\\\/?author=7\"}]}<\/script>\n<!-- \/ Yoast SEO plugin. -->","yoast_head_json":{"title":"Diril ailesi yaln\u0131z, Keldaniler yaln\u0131z, ke\u015fke \u2018yaln\u0131z de\u011filsiniz\u2019 diyebilsek\u2026 - Bati Ermenistan Ve Bati Ermenileri Sorunlari Ara\u015ftirmalar Merkezi","robots":{"index":"index","follow":"follow","max-snippet":"max-snippet:-1","max-image-preview":"max-image-preview:large","max-video-preview":"max-video-preview:-1"},"canonical":"https:\/\/akunq.net\/tr\/?p=61765","og_locale":"en_US","og_type":"article","og_title":"Diril ailesi yaln\u0131z, Keldaniler yaln\u0131z, ke\u015fke \u2018yaln\u0131z de\u011filsiniz\u2019 diyebilsek\u2026 - Bati Ermenistan Ve Bati Ermenileri Sorunlari Ara\u015ftirmalar Merkezi","og_description":"Bundan 10 y\u0131l \u00f6nce Diyarbak\u0131r, Mardin, \u015e\u0131rnak\u2026 gibi illere u\u00e7akla seyahat etti\u011finizde, u\u00e7akta en az bir Keldani, S\u00fcryani aileye denk gelebilirdiniz. \u00c7oluk \u00e7ocuk y\u0131llar sonra Avrupa\u2019dan k\u00f6y\u00fcne d\u00f6nen ailelerdi bunlar. Konu\u015ftu\u011funuzda g\u00f6zlerindeki \u0131\u015f\u0131lt\u0131y\u0131, gelece\u011fe ve bu \u00fclkeye y\u00f6nelik umutlar\u0131n\u0131 hemen anlayabilirdiniz. Bu umutlar 2015 y\u0131l\u0131nda \u00e7at\u0131\u015fma s\u00fcrecine d\u00f6n\u00fclmesi ile birlikte bitti. Bizler y\u0131k\u0131lan memleketlerimizle u\u011fra\u015f\u0131rken, [&hellip;]","og_url":"https:\/\/akunq.net\/tr\/?p=61765","og_site_name":"Bati Ermenistan Ve Bati Ermenileri Sorunlari Ara\u015ftirmalar Merkezi","article_published_time":"2021-03-04T07:48:04+00:00","og_image":[{"width":1200,"height":630,"url":"https:\/\/akunq.net\/tr\/wp-content\/uploads\/sites\/6\/2021\/03\/Diril-ailesi.jpg","type":"image\/jpeg"}],"author":"admin","twitter_card":"summary_large_image","twitter_misc":{"Written by":"admin","Est. reading time":"7 minutes"},"schema":{"@context":"https:\/\/schema.org","@graph":[{"@type":"Article","@id":"https:\/\/akunq.net\/tr\/?p=61765#article","isPartOf":{"@id":"https:\/\/akunq.net\/tr\/?p=61765"},"author":{"name":"admin","@id":"https:\/\/akunq.net\/tr\/#\/schema\/person\/096f1d38a12cce57fb855b485ed24c9e"},"headline":"Diril ailesi yaln\u0131z, Keldaniler yaln\u0131z, ke\u015fke \u2018yaln\u0131z de\u011filsiniz\u2019 diyebilsek\u2026","datePublished":"2021-03-04T07:48:04+00:00","mainEntityOfPage":{"@id":"https:\/\/akunq.net\/tr\/?p=61765"},"wordCount":1390,"commentCount":0,"image":{"@id":"https:\/\/akunq.net\/tr\/?p=61765#primaryimage"},"thumbnailUrl":"https:\/\/akunq.net\/tr\/wp-content\/uploads\/sites\/6\/2021\/03\/Diril-ailesi.jpg","articleSection":["Haberler","T\u00fcrkiye\u2019de Az\u0131nl\u0131klar"],"inLanguage":"en-US","potentialAction":[{"@type":"CommentAction","name":"Comment","target":["https:\/\/akunq.net\/tr\/?p=61765#respond"]}]},{"@type":"WebPage","@id":"https:\/\/akunq.net\/tr\/?p=61765","url":"https:\/\/akunq.net\/tr\/?p=61765","name":"Diril ailesi yaln\u0131z, Keldaniler yaln\u0131z, ke\u015fke \u2018yaln\u0131z de\u011filsiniz\u2019 diyebilsek\u2026 - Bati Ermenistan Ve Bati Ermenileri Sorunlari Ara\u015ftirmalar Merkezi","isPartOf":{"@id":"https:\/\/akunq.net\/tr\/#website"},"primaryImageOfPage":{"@id":"https:\/\/akunq.net\/tr\/?p=61765#primaryimage"},"image":{"@id":"https:\/\/akunq.net\/tr\/?p=61765#primaryimage"},"thumbnailUrl":"https:\/\/akunq.net\/tr\/wp-content\/uploads\/sites\/6\/2021\/03\/Diril-ailesi.jpg","datePublished":"2021-03-04T07:48:04+00:00","author":{"@id":"https:\/\/akunq.net\/tr\/#\/schema\/person\/096f1d38a12cce57fb855b485ed24c9e"},"breadcrumb":{"@id":"https:\/\/akunq.net\/tr\/?p=61765#breadcrumb"},"inLanguage":"en-US","potentialAction":[{"@type":"ReadAction","target":["https:\/\/akunq.net\/tr\/?p=61765"]}]},{"@type":"ImageObject","inLanguage":"en-US","@id":"https:\/\/akunq.net\/tr\/?p=61765#primaryimage","url":"https:\/\/akunq.net\/tr\/wp-content\/uploads\/sites\/6\/2021\/03\/Diril-ailesi.jpg","contentUrl":"https:\/\/akunq.net\/tr\/wp-content\/uploads\/sites\/6\/2021\/03\/Diril-ailesi.jpg","width":1200,"height":630},{"@type":"BreadcrumbList","@id":"https:\/\/akunq.net\/tr\/?p=61765#breadcrumb","itemListElement":[{"@type":"ListItem","position":1,"name":"Home","item":"https:\/\/akunq.net\/tr"},{"@type":"ListItem","position":2,"name":"Diril ailesi yaln\u0131z, Keldaniler yaln\u0131z, ke\u015fke \u2018yaln\u0131z de\u011filsiniz\u2019 diyebilsek\u2026"}]},{"@type":"WebSite","@id":"https:\/\/akunq.net\/tr\/#website","url":"https:\/\/akunq.net\/tr\/","name":"Bati Ermenistan Ve Bati Ermenileri Sorunlari Ara\u015ftirmalar Merkezi","description":"","potentialAction":[{"@type":"SearchAction","target":{"@type":"EntryPoint","urlTemplate":"https:\/\/akunq.net\/tr\/?s={search_term_string}"},"query-input":{"@type":"PropertyValueSpecification","valueRequired":true,"valueName":"search_term_string"}}],"inLanguage":"en-US"},{"@type":"Person","@id":"https:\/\/akunq.net\/tr\/#\/schema\/person\/096f1d38a12cce57fb855b485ed24c9e","name":"admin","url":"https:\/\/akunq.net\/tr\/?author=7"}]}},"_links":{"self":[{"href":"https:\/\/akunq.net\/tr\/index.php?rest_route=\/wp\/v2\/posts\/61765","targetHints":{"allow":["GET"]}}],"collection":[{"href":"https:\/\/akunq.net\/tr\/index.php?rest_route=\/wp\/v2\/posts"}],"about":[{"href":"https:\/\/akunq.net\/tr\/index.php?rest_route=\/wp\/v2\/types\/post"}],"author":[{"embeddable":true,"href":"https:\/\/akunq.net\/tr\/index.php?rest_route=\/wp\/v2\/users\/7"}],"replies":[{"embeddable":true,"href":"https:\/\/akunq.net\/tr\/index.php?rest_route=%2Fwp%2Fv2%2Fcomments&post=61765"}],"version-history":[{"count":1,"href":"https:\/\/akunq.net\/tr\/index.php?rest_route=\/wp\/v2\/posts\/61765\/revisions"}],"predecessor-version":[{"id":61767,"href":"https:\/\/akunq.net\/tr\/index.php?rest_route=\/wp\/v2\/posts\/61765\/revisions\/61767"}],"wp:featuredmedia":[{"embeddable":true,"href":"https:\/\/akunq.net\/tr\/index.php?rest_route=\/wp\/v2\/media\/61766"}],"wp:attachment":[{"href":"https:\/\/akunq.net\/tr\/index.php?rest_route=%2Fwp%2Fv2%2Fmedia&parent=61765"}],"wp:term":[{"taxonomy":"category","embeddable":true,"href":"https:\/\/akunq.net\/tr\/index.php?rest_route=%2Fwp%2Fv2%2Fcategories&post=61765"},{"taxonomy":"post_tag","embeddable":true,"href":"https:\/\/akunq.net\/tr\/index.php?rest_route=%2Fwp%2Fv2%2Ftags&post=61765"}],"curies":[{"name":"wp","href":"https:\/\/api.w.org\/{rel}","templated":true}]}}