{"id":61759,"date":"2021-03-04T01:51:03","date_gmt":"2021-03-04T06:51:03","guid":{"rendered":"https:\/\/akunq.net\/tr\/?p=61759"},"modified":"2021-03-04T01:51:03","modified_gmt":"2021-03-04T06:51:03","slug":"maritsa-kucuk-davasi-sorusturma-genisletilsin","status":"publish","type":"post","link":"https:\/\/akunq.net\/tr\/?p=61759","title":{"rendered":"Maritsa K\u00fc\u00e7\u00fck Davas\u0131: &#8216;Soru\u015fturma geni\u015fletilsin&#8217;"},"content":{"rendered":"<div><img loading=\"lazy\" decoding=\"async\" class=\"aligncenter size-medium wp-image-61760\" src=\"https:\/\/akunq.net\/tr\/wp-content\/uploads\/2021\/03\/Maritsa-K\u00fc\u00e7\u00fck-360x180.jpg\" alt=\"\" width=\"360\" height=\"180\" srcset=\"https:\/\/akunq.net\/tr\/wp-content\/uploads\/sites\/6\/2021\/03\/Maritsa-K\u00fc\u00e7\u00fck-360x180.jpg 360w, https:\/\/akunq.net\/tr\/wp-content\/uploads\/sites\/6\/2021\/03\/Maritsa-K\u00fc\u00e7\u00fck-560x280.jpg 560w, https:\/\/akunq.net\/tr\/wp-content\/uploads\/sites\/6\/2021\/03\/Maritsa-K\u00fc\u00e7\u00fck-260x130.jpg 260w, https:\/\/akunq.net\/tr\/wp-content\/uploads\/sites\/6\/2021\/03\/Maritsa-K\u00fc\u00e7\u00fck-160x80.jpg 160w, https:\/\/akunq.net\/tr\/wp-content\/uploads\/sites\/6\/2021\/03\/Maritsa-K\u00fc\u00e7\u00fck.jpg 660w\" sizes=\"auto, (max-width: 360px) 100vw, 360px\" \/><\/div>\n<div class=\"post-meta\"><strong><span class=\"posted-by\"><span class=\"reviewer\"><a title=\"\u0130\u015fhan Erdin\u00e7\" href=\"http:\/\/www.agos.com.tr\/tr\/yazar\/264\/ishan-erdinc\" rel=\"author\">\u0130\u015fhan Erdin\u00e7<\/a><\/span> \u00a0<\/span><\/strong><\/div>\n<div><\/div>\n<div class=\"post-meta\"><em><strong><span style=\"color: #333333; font-family: 'Cantata One', serif; letter-spacing: 0.05em;\">Maritsa K\u00fc\u00e7\u00fck\u2019\u00fcn 2012 y\u0131l\u0131nda Samatya\u2019daki evinde \u00f6ld\u00fcr\u00fclmesi ile ilgili davaya devam edildi. Dava bundan \u00f6nce Aile, \u00c7al\u0131\u015fma ve Sosyal Hizmetler Bakanl\u0131\u011f\u0131\u2019n\u0131n avukat\u0131 duru\u015fmalara kat\u0131lmad\u0131\u011f\u0131 i\u00e7in \u00fcst mahkemece bozulmu\u015ftu. Bakanl\u0131k avukat\u0131 3 Mart\u2019taki duru\u015fmaya kat\u0131ld\u0131 ve cinayetin tek ki\u015fi taraf\u0131ndan i\u015flenmedi\u011fini, soru\u015fturmada eksiklikler oldu\u011funu, kovu\u015fturman\u0131n geni\u015fletilmesi gerekti\u011fini s\u00f6yledi. Ancak savc\u0131l\u0131k, m\u00fctalaas\u0131nda kovu\u015fturman\u0131n geni\u015fletilmesine gerek g\u00f6rmedi.<\/span><\/strong><\/em><\/div>\n<div class=\"post-container cf\">\n<div class=\"post-content-right\">\n<div class=\"post-content description \">\n<p>3 Mart \u00c7ar\u015famba g\u00fcn\u00fc \u0130stanbul 2. A\u011f\u0131r Ceza Mahkemesi\u2019nde g\u00f6r\u00fclen duru\u015fmada K\u00fc\u00e7\u00fck\u2019\u00fcn \u00e7ocuklar\u0131 Bayzar Midilli ve Ya\u015far K\u00fc\u00e7\u00fck, aile avukat\u0131 Eren Keskin, san\u0131k Murat Nazaryan, san\u0131k avukat\u0131 Esen G\u00fcl ile Aile Bakanl\u0131\u011f\u0131 avukat\u0131 Hatice Boz haz\u0131r bulundu.<\/p>\n<p>Duru\u015fmada Maritsa K\u00fc\u00e7\u00fck\u2019\u00fcn \u00e7ocuklar\u0131 san\u0131\u011f\u0131n a\u011f\u0131r \u015fekilde cezaland\u0131r\u0131lmas\u0131 taleplerini yinelerken, ailenin avukat\u0131 Eren Keskin, delillerin eksik topland\u0131\u011f\u0131n\u0131 hat\u0131rlatt\u0131. Olay\u0131n, Ermeni kimlikli ya\u015fl\u0131 kad\u0131nlara y\u00f6nelik \u00e7ete su\u00e7u kapsam\u0131nda oldu\u011funu ve cinayetin tek bir ki\u015fi taraf\u0131ndan i\u015flenmedi\u011fini s\u00f6yleyen Keskin, san\u0131k Nazaryan\u2019\u0131n konu\u015fmamas\u0131 nedeniyle di\u011fer zanl\u0131lar\u0131n yakalanmad\u0131\u011f\u0131n\u0131 ve dosyada eksiklikler oldu\u011funu s\u00f6yledi.<\/p>\n<p><strong>Bakanl\u0131k avukat\u0131: \u201cCinayet tek ki\u015filik de\u011fil\u201d<\/strong><br \/>\nDuru\u015fmada haz\u0131r bulunan Aile, \u00c7al\u0131\u015fmalar ve Sosyal Hizmetler Bakanl\u0131\u011f\u0131 avukat\u0131 Hatice Boz, dosyada eksiklikler oldu\u011funu, cinayetin bir ki\u015fi taraf\u0131ndan i\u015flenmedi\u011fini,\u00a0 di\u011fer \u015f\u00fcphelilerin bulunmas\u0131 i\u00e7in kovu\u015fturman\u0131n geni\u015fletilmesi gerekti\u011fini s\u00f6yledi. Boz, san\u0131\u011f\u0131n en a\u011f\u0131r \u015fekilde cezalanmas\u0131 gerekti\u011fini belirtti.<\/p>\n<p>Ancak m\u00fctalaas\u0131n\u0131 sunan Cumhuriyet Savc\u0131s\u0131, kovu\u015fturman\u0131n geni\u015fletilmesi talebinde bulunmad\u0131. Savc\u0131l\u0131k m\u00fctalaas\u0131nda, san\u0131k Murat Nazaryan\u2019\u0131n cinayet su\u00e7undan a\u011f\u0131rla\u015ft\u0131r\u0131lm\u0131\u015f m\u00fcebbet hapis cezas\u0131 ile cezaland\u0131r\u0131lmas\u0131n\u0131, sabit olan konut dokunulmazl\u0131\u011f\u0131n\u0131n ihlali su\u00e7undan alt\u0131 aydan iki y\u0131la kadar hapis cezas\u0131 ile cezaland\u0131r\u0131lmas\u0131n\u0131, san\u0131\u011f\u0131n tutukluluk halinin h\u00fck\u00fcmle birlikte devam edilmesini talep etti<\/p>\n<p>San\u0131k Murat Nazaryan, mahkemede kimseyi \u00f6ld\u00fcrmedi\u011fini ve m\u00fctalaay\u0131 kabul etmedi\u011fini s\u00f6ylerken, san\u0131k avukat\u0131 Esen G\u00fcl, m\u00fctalaaya kar\u015f\u0131 beyanda bulunmak i\u00e7in s\u00fcre istediklerini ve tahliye talep ettiklerini belirtti.<\/p>\n<p><strong>Keskin: \u201cBakanl\u0131k sadece kad\u0131n cinayeti olarak bak\u0131yor\u201d<\/strong><br \/>\nDuru\u015fman\u0131n ard\u0131ndan Agos\u2019a konu\u015fan K\u00fc\u00e7\u00fck ailesinin avukat\u0131 Eren Keskin, Aile Bakanl\u0131\u011f\u0131\u2019n\u0131n olay\u0131 bir kad\u0131n cinayeti olarak g\u00f6rd\u00fc\u011f\u00fcn\u00fc s\u00f6yledi. Olay\u0131n \u0131rk\u00e7\u0131 bir cinayet oldu\u011funu hat\u0131rlatan Keskin, bakanl\u0131k avukat\u0131n\u0131n olayda ba\u015fka ki\u015filer oldu\u011fu beyan\u0131nda bulunmas\u0131na ise olumlu bakt\u0131klar\u0131n\u0131 belirtti.<\/p>\n<p>Keskin \u015f\u00f6yle konu\u015ftu:<br \/>\n\u201cSoru\u015fturman\u0131n geni\u015fletilmesi taleplerimizin reddedilmi\u015f olmas\u0131 sorun. Bu sadece kad\u0131na y\u00f6nelik \u015fiddet dosyas\u0131 olarak de\u011ferlendirilemez. Tabii ki bir kad\u0131n \u015fiddet sonucu katledildi. Bunun \u0131rk\u00e7\u0131 bir cinayet oldu\u011fu konusunda \u0131srarc\u0131y\u0131z. San\u0131\u011f\u0131n kendisi de Ermeni, sokaklarda ya\u015fayan ve \u00e7aresiz biri. San\u0131k, konu\u015fmaya korkuyor. San\u0131k bir \u015fekilde olay\u0131n i\u00e7inde ama kullan\u0131lm\u0131\u015f. Esas karar verici ve uygulay\u0131c\u0131lar ba\u015fkalar\u0131. O tarihlerde ba\u015fka ya\u015fl\u0131 Ermeni kad\u0131nlar da bu \u015fiddete maruz kald\u0131. Tek bir olay de\u011fil ve hepsi kapat\u0131ld\u0131. O dosyalar\u0131n cinayet dosyas\u0131n\u0131n i\u00e7inde yer almas\u0131 gerekti\u011fini s\u00f6yledik ama mahkeme bug\u00fcne kadar b\u00fct\u00fcn taleplerimizi reddetti.\u201d<\/p>\n<p>Keskin, dosyada eksiklikler oldu\u011funu yinelerken, i\u00e7 hukukun bitmesi durumunda\u00a0 A\u0130HM\u2019ye ba\u015fvuracaklar\u0131n\u0131 s\u00f6yledi.<\/p>\n<p>Maritsa K\u00fc\u00e7\u00fck\u2019\u00fcn k\u0131z\u0131 Bayzar Midilli de Bakanl\u0131k avukat\u0131n\u0131n duru\u015fmaya kat\u0131lmas\u0131n\u0131 ve dosyada eksikler g\u00f6rd\u00fc\u011f\u00fcn\u00fc s\u00f6ylemesini olumlu olarak g\u00f6rd\u00fcklerini s\u00f6yledi. Mahkeme san\u0131k avukat\u0131n\u0131n savc\u0131l\u0131\u011f\u0131n esas hakk\u0131ndaki m\u00fctalaas\u0131na kar\u015f\u0131 beyanda bulunmas\u0131 s\u00fcre verilmesine h\u00fckmederek bir sonraki duru\u015fma tarihini\u00a0 24 Mart olarak belirledi.<\/p>\n<p><strong><em>http:\/\/www.agos.com.tr\/tr\/yazi\/25398\/maritsa-kucuk-davasi-sorusturma-genisletilsin\u00a0<\/em><\/strong><\/p>\n<\/div>\n<\/div>\n<\/div>\n","protected":false},"excerpt":{"rendered":"<p>\u0130\u015fhan Erdin\u00e7 \u00a0 Maritsa K\u00fc\u00e7\u00fck\u2019\u00fcn 2012 y\u0131l\u0131nda Samatya\u2019daki evinde \u00f6ld\u00fcr\u00fclmesi ile ilgili davaya devam edildi. Dava bundan \u00f6nce Aile, \u00c7al\u0131\u015fma ve Sosyal Hizmetler Bakanl\u0131\u011f\u0131\u2019n\u0131n avukat\u0131 duru\u015fmalara kat\u0131lmad\u0131\u011f\u0131 i\u00e7in \u00fcst mahkemece bozulmu\u015ftu. Bakanl\u0131k avukat\u0131 3 Mart\u2019taki duru\u015fmaya kat\u0131ld\u0131 ve cinayetin tek ki\u015fi taraf\u0131ndan i\u015flenmedi\u011fini, soru\u015fturmada eksiklikler oldu\u011funu, kovu\u015fturman\u0131n geni\u015fletilmesi gerekti\u011fini s\u00f6yledi. Ancak savc\u0131l\u0131k, m\u00fctalaas\u0131nda kovu\u015fturman\u0131n geni\u015fletilmesine [&hellip;]<\/p>\n","protected":false},"author":7,"featured_media":61760,"comment_status":"open","ping_status":"open","sticky":false,"template":"","format":"standard","meta":{"footnotes":""},"categories":[1],"tags":[],"class_list":["post-61759","post","type-post","status-publish","format-standard","has-post-thumbnail","hentry","category-haberler"],"yoast_head":"<!-- This site is optimized with the Yoast SEO plugin v27.4 - https:\/\/yoast.com\/product\/yoast-seo-wordpress\/ -->\n<title>Maritsa K\u00fc\u00e7\u00fck Davas\u0131: &#039;Soru\u015fturma geni\u015fletilsin&#039; - Bati Ermenistan Ve Bati Ermenileri Sorunlari Ara\u015ftirmalar Merkezi<\/title>\n<meta name=\"robots\" content=\"index, follow, max-snippet:-1, max-image-preview:large, max-video-preview:-1\" \/>\n<link rel=\"canonical\" href=\"https:\/\/akunq.net\/tr\/?p=61759\" \/>\n<meta property=\"og:locale\" content=\"en_US\" \/>\n<meta property=\"og:type\" content=\"article\" \/>\n<meta property=\"og:title\" content=\"Maritsa K\u00fc\u00e7\u00fck Davas\u0131: &#039;Soru\u015fturma geni\u015fletilsin&#039; - Bati Ermenistan Ve Bati Ermenileri Sorunlari Ara\u015ftirmalar Merkezi\" \/>\n<meta property=\"og:description\" content=\"\u0130\u015fhan Erdin\u00e7 \u00a0 Maritsa K\u00fc\u00e7\u00fck\u2019\u00fcn 2012 y\u0131l\u0131nda Samatya\u2019daki evinde \u00f6ld\u00fcr\u00fclmesi ile ilgili davaya devam edildi. Dava bundan \u00f6nce Aile, \u00c7al\u0131\u015fma ve Sosyal Hizmetler Bakanl\u0131\u011f\u0131\u2019n\u0131n avukat\u0131 duru\u015fmalara kat\u0131lmad\u0131\u011f\u0131 i\u00e7in \u00fcst mahkemece bozulmu\u015ftu. Bakanl\u0131k avukat\u0131 3 Mart\u2019taki duru\u015fmaya kat\u0131ld\u0131 ve cinayetin tek ki\u015fi taraf\u0131ndan i\u015flenmedi\u011fini, soru\u015fturmada eksiklikler oldu\u011funu, kovu\u015fturman\u0131n geni\u015fletilmesi gerekti\u011fini s\u00f6yledi. Ancak savc\u0131l\u0131k, m\u00fctalaas\u0131nda kovu\u015fturman\u0131n geni\u015fletilmesine [&hellip;]\" \/>\n<meta property=\"og:url\" content=\"https:\/\/akunq.net\/tr\/?p=61759\" \/>\n<meta property=\"og:site_name\" content=\"Bati Ermenistan Ve Bati Ermenileri Sorunlari Ara\u015ftirmalar Merkezi\" \/>\n<meta property=\"article:published_time\" content=\"2021-03-04T06:51:03+00:00\" \/>\n<meta property=\"og:image\" content=\"https:\/\/akunq.net\/tr\/wp-content\/uploads\/sites\/6\/2021\/03\/Maritsa-K\u00fc\u00e7\u00fck.jpg\" \/>\n\t<meta property=\"og:image:width\" content=\"660\" \/>\n\t<meta property=\"og:image:height\" content=\"330\" \/>\n\t<meta property=\"og:image:type\" content=\"image\/jpeg\" \/>\n<meta name=\"author\" content=\"admin\" \/>\n<meta name=\"twitter:card\" content=\"summary_large_image\" \/>\n<meta name=\"twitter:label1\" content=\"Written by\" \/>\n\t<meta name=\"twitter:data1\" content=\"admin\" \/>\n\t<meta name=\"twitter:label2\" content=\"Est. reading time\" \/>\n\t<meta name=\"twitter:data2\" content=\"3 minutes\" \/>\n<script type=\"application\/ld+json\" class=\"yoast-schema-graph\">{\"@context\":\"https:\\\/\\\/schema.org\",\"@graph\":[{\"@type\":\"Article\",\"@id\":\"https:\\\/\\\/akunq.net\\\/tr\\\/?p=61759#article\",\"isPartOf\":{\"@id\":\"https:\\\/\\\/akunq.net\\\/tr\\\/?p=61759\"},\"author\":{\"name\":\"admin\",\"@id\":\"https:\\\/\\\/akunq.net\\\/tr\\\/#\\\/schema\\\/person\\\/096f1d38a12cce57fb855b485ed24c9e\"},\"headline\":\"Maritsa K\u00fc\u00e7\u00fck Davas\u0131: &#8216;Soru\u015fturma geni\u015fletilsin&#8217;\",\"datePublished\":\"2021-03-04T06:51:03+00:00\",\"mainEntityOfPage\":{\"@id\":\"https:\\\/\\\/akunq.net\\\/tr\\\/?p=61759\"},\"wordCount\":695,\"commentCount\":0,\"image\":{\"@id\":\"https:\\\/\\\/akunq.net\\\/tr\\\/?p=61759#primaryimage\"},\"thumbnailUrl\":\"https:\\\/\\\/akunq.net\\\/tr\\\/wp-content\\\/uploads\\\/sites\\\/6\\\/2021\\\/03\\\/Maritsa-K\u00fc\u00e7\u00fck.jpg\",\"articleSection\":[\"Haberler\"],\"inLanguage\":\"en-US\",\"potentialAction\":[{\"@type\":\"CommentAction\",\"name\":\"Comment\",\"target\":[\"https:\\\/\\\/akunq.net\\\/tr\\\/?p=61759#respond\"]}]},{\"@type\":\"WebPage\",\"@id\":\"https:\\\/\\\/akunq.net\\\/tr\\\/?p=61759\",\"url\":\"https:\\\/\\\/akunq.net\\\/tr\\\/?p=61759\",\"name\":\"Maritsa K\u00fc\u00e7\u00fck Davas\u0131: 'Soru\u015fturma geni\u015fletilsin' - Bati Ermenistan Ve Bati Ermenileri Sorunlari Ara\u015ftirmalar Merkezi\",\"isPartOf\":{\"@id\":\"https:\\\/\\\/akunq.net\\\/tr\\\/#website\"},\"primaryImageOfPage\":{\"@id\":\"https:\\\/\\\/akunq.net\\\/tr\\\/?p=61759#primaryimage\"},\"image\":{\"@id\":\"https:\\\/\\\/akunq.net\\\/tr\\\/?p=61759#primaryimage\"},\"thumbnailUrl\":\"https:\\\/\\\/akunq.net\\\/tr\\\/wp-content\\\/uploads\\\/sites\\\/6\\\/2021\\\/03\\\/Maritsa-K\u00fc\u00e7\u00fck.jpg\",\"datePublished\":\"2021-03-04T06:51:03+00:00\",\"author\":{\"@id\":\"https:\\\/\\\/akunq.net\\\/tr\\\/#\\\/schema\\\/person\\\/096f1d38a12cce57fb855b485ed24c9e\"},\"breadcrumb\":{\"@id\":\"https:\\\/\\\/akunq.net\\\/tr\\\/?p=61759#breadcrumb\"},\"inLanguage\":\"en-US\",\"potentialAction\":[{\"@type\":\"ReadAction\",\"target\":[\"https:\\\/\\\/akunq.net\\\/tr\\\/?p=61759\"]}]},{\"@type\":\"ImageObject\",\"inLanguage\":\"en-US\",\"@id\":\"https:\\\/\\\/akunq.net\\\/tr\\\/?p=61759#primaryimage\",\"url\":\"https:\\\/\\\/akunq.net\\\/tr\\\/wp-content\\\/uploads\\\/sites\\\/6\\\/2021\\\/03\\\/Maritsa-K\u00fc\u00e7\u00fck.jpg\",\"contentUrl\":\"https:\\\/\\\/akunq.net\\\/tr\\\/wp-content\\\/uploads\\\/sites\\\/6\\\/2021\\\/03\\\/Maritsa-K\u00fc\u00e7\u00fck.jpg\",\"width\":660,\"height\":330},{\"@type\":\"BreadcrumbList\",\"@id\":\"https:\\\/\\\/akunq.net\\\/tr\\\/?p=61759#breadcrumb\",\"itemListElement\":[{\"@type\":\"ListItem\",\"position\":1,\"name\":\"Home\",\"item\":\"https:\\\/\\\/akunq.net\\\/tr\"},{\"@type\":\"ListItem\",\"position\":2,\"name\":\"Maritsa K\u00fc\u00e7\u00fck Davas\u0131: &#8216;Soru\u015fturma geni\u015fletilsin&#8217;\"}]},{\"@type\":\"WebSite\",\"@id\":\"https:\\\/\\\/akunq.net\\\/tr\\\/#website\",\"url\":\"https:\\\/\\\/akunq.net\\\/tr\\\/\",\"name\":\"Bati Ermenistan Ve Bati Ermenileri Sorunlari Ara\u015ftirmalar Merkezi\",\"description\":\"\",\"potentialAction\":[{\"@type\":\"SearchAction\",\"target\":{\"@type\":\"EntryPoint\",\"urlTemplate\":\"https:\\\/\\\/akunq.net\\\/tr\\\/?s={search_term_string}\"},\"query-input\":{\"@type\":\"PropertyValueSpecification\",\"valueRequired\":true,\"valueName\":\"search_term_string\"}}],\"inLanguage\":\"en-US\"},{\"@type\":\"Person\",\"@id\":\"https:\\\/\\\/akunq.net\\\/tr\\\/#\\\/schema\\\/person\\\/096f1d38a12cce57fb855b485ed24c9e\",\"name\":\"admin\",\"url\":\"https:\\\/\\\/akunq.net\\\/tr\\\/?author=7\"}]}<\/script>\n<!-- \/ Yoast SEO plugin. -->","yoast_head_json":{"title":"Maritsa K\u00fc\u00e7\u00fck Davas\u0131: 'Soru\u015fturma geni\u015fletilsin' - Bati Ermenistan Ve Bati Ermenileri Sorunlari Ara\u015ftirmalar Merkezi","robots":{"index":"index","follow":"follow","max-snippet":"max-snippet:-1","max-image-preview":"max-image-preview:large","max-video-preview":"max-video-preview:-1"},"canonical":"https:\/\/akunq.net\/tr\/?p=61759","og_locale":"en_US","og_type":"article","og_title":"Maritsa K\u00fc\u00e7\u00fck Davas\u0131: 'Soru\u015fturma geni\u015fletilsin' - Bati Ermenistan Ve Bati Ermenileri Sorunlari Ara\u015ftirmalar Merkezi","og_description":"\u0130\u015fhan Erdin\u00e7 \u00a0 Maritsa K\u00fc\u00e7\u00fck\u2019\u00fcn 2012 y\u0131l\u0131nda Samatya\u2019daki evinde \u00f6ld\u00fcr\u00fclmesi ile ilgili davaya devam edildi. Dava bundan \u00f6nce Aile, \u00c7al\u0131\u015fma ve Sosyal Hizmetler Bakanl\u0131\u011f\u0131\u2019n\u0131n avukat\u0131 duru\u015fmalara kat\u0131lmad\u0131\u011f\u0131 i\u00e7in \u00fcst mahkemece bozulmu\u015ftu. Bakanl\u0131k avukat\u0131 3 Mart\u2019taki duru\u015fmaya kat\u0131ld\u0131 ve cinayetin tek ki\u015fi taraf\u0131ndan i\u015flenmedi\u011fini, soru\u015fturmada eksiklikler oldu\u011funu, kovu\u015fturman\u0131n geni\u015fletilmesi gerekti\u011fini s\u00f6yledi. Ancak savc\u0131l\u0131k, m\u00fctalaas\u0131nda kovu\u015fturman\u0131n geni\u015fletilmesine [&hellip;]","og_url":"https:\/\/akunq.net\/tr\/?p=61759","og_site_name":"Bati Ermenistan Ve Bati Ermenileri Sorunlari Ara\u015ftirmalar Merkezi","article_published_time":"2021-03-04T06:51:03+00:00","og_image":[{"width":660,"height":330,"url":"https:\/\/akunq.net\/tr\/wp-content\/uploads\/sites\/6\/2021\/03\/Maritsa-K\u00fc\u00e7\u00fck.jpg","type":"image\/jpeg"}],"author":"admin","twitter_card":"summary_large_image","twitter_misc":{"Written by":"admin","Est. reading time":"3 minutes"},"schema":{"@context":"https:\/\/schema.org","@graph":[{"@type":"Article","@id":"https:\/\/akunq.net\/tr\/?p=61759#article","isPartOf":{"@id":"https:\/\/akunq.net\/tr\/?p=61759"},"author":{"name":"admin","@id":"https:\/\/akunq.net\/tr\/#\/schema\/person\/096f1d38a12cce57fb855b485ed24c9e"},"headline":"Maritsa K\u00fc\u00e7\u00fck Davas\u0131: &#8216;Soru\u015fturma geni\u015fletilsin&#8217;","datePublished":"2021-03-04T06:51:03+00:00","mainEntityOfPage":{"@id":"https:\/\/akunq.net\/tr\/?p=61759"},"wordCount":695,"commentCount":0,"image":{"@id":"https:\/\/akunq.net\/tr\/?p=61759#primaryimage"},"thumbnailUrl":"https:\/\/akunq.net\/tr\/wp-content\/uploads\/sites\/6\/2021\/03\/Maritsa-K\u00fc\u00e7\u00fck.jpg","articleSection":["Haberler"],"inLanguage":"en-US","potentialAction":[{"@type":"CommentAction","name":"Comment","target":["https:\/\/akunq.net\/tr\/?p=61759#respond"]}]},{"@type":"WebPage","@id":"https:\/\/akunq.net\/tr\/?p=61759","url":"https:\/\/akunq.net\/tr\/?p=61759","name":"Maritsa K\u00fc\u00e7\u00fck Davas\u0131: 'Soru\u015fturma geni\u015fletilsin' - Bati Ermenistan Ve Bati Ermenileri Sorunlari Ara\u015ftirmalar Merkezi","isPartOf":{"@id":"https:\/\/akunq.net\/tr\/#website"},"primaryImageOfPage":{"@id":"https:\/\/akunq.net\/tr\/?p=61759#primaryimage"},"image":{"@id":"https:\/\/akunq.net\/tr\/?p=61759#primaryimage"},"thumbnailUrl":"https:\/\/akunq.net\/tr\/wp-content\/uploads\/sites\/6\/2021\/03\/Maritsa-K\u00fc\u00e7\u00fck.jpg","datePublished":"2021-03-04T06:51:03+00:00","author":{"@id":"https:\/\/akunq.net\/tr\/#\/schema\/person\/096f1d38a12cce57fb855b485ed24c9e"},"breadcrumb":{"@id":"https:\/\/akunq.net\/tr\/?p=61759#breadcrumb"},"inLanguage":"en-US","potentialAction":[{"@type":"ReadAction","target":["https:\/\/akunq.net\/tr\/?p=61759"]}]},{"@type":"ImageObject","inLanguage":"en-US","@id":"https:\/\/akunq.net\/tr\/?p=61759#primaryimage","url":"https:\/\/akunq.net\/tr\/wp-content\/uploads\/sites\/6\/2021\/03\/Maritsa-K\u00fc\u00e7\u00fck.jpg","contentUrl":"https:\/\/akunq.net\/tr\/wp-content\/uploads\/sites\/6\/2021\/03\/Maritsa-K\u00fc\u00e7\u00fck.jpg","width":660,"height":330},{"@type":"BreadcrumbList","@id":"https:\/\/akunq.net\/tr\/?p=61759#breadcrumb","itemListElement":[{"@type":"ListItem","position":1,"name":"Home","item":"https:\/\/akunq.net\/tr"},{"@type":"ListItem","position":2,"name":"Maritsa K\u00fc\u00e7\u00fck Davas\u0131: &#8216;Soru\u015fturma geni\u015fletilsin&#8217;"}]},{"@type":"WebSite","@id":"https:\/\/akunq.net\/tr\/#website","url":"https:\/\/akunq.net\/tr\/","name":"Bati Ermenistan Ve Bati Ermenileri Sorunlari Ara\u015ftirmalar Merkezi","description":"","potentialAction":[{"@type":"SearchAction","target":{"@type":"EntryPoint","urlTemplate":"https:\/\/akunq.net\/tr\/?s={search_term_string}"},"query-input":{"@type":"PropertyValueSpecification","valueRequired":true,"valueName":"search_term_string"}}],"inLanguage":"en-US"},{"@type":"Person","@id":"https:\/\/akunq.net\/tr\/#\/schema\/person\/096f1d38a12cce57fb855b485ed24c9e","name":"admin","url":"https:\/\/akunq.net\/tr\/?author=7"}]}},"_links":{"self":[{"href":"https:\/\/akunq.net\/tr\/index.php?rest_route=\/wp\/v2\/posts\/61759","targetHints":{"allow":["GET"]}}],"collection":[{"href":"https:\/\/akunq.net\/tr\/index.php?rest_route=\/wp\/v2\/posts"}],"about":[{"href":"https:\/\/akunq.net\/tr\/index.php?rest_route=\/wp\/v2\/types\/post"}],"author":[{"embeddable":true,"href":"https:\/\/akunq.net\/tr\/index.php?rest_route=\/wp\/v2\/users\/7"}],"replies":[{"embeddable":true,"href":"https:\/\/akunq.net\/tr\/index.php?rest_route=%2Fwp%2Fv2%2Fcomments&post=61759"}],"version-history":[{"count":1,"href":"https:\/\/akunq.net\/tr\/index.php?rest_route=\/wp\/v2\/posts\/61759\/revisions"}],"predecessor-version":[{"id":61761,"href":"https:\/\/akunq.net\/tr\/index.php?rest_route=\/wp\/v2\/posts\/61759\/revisions\/61761"}],"wp:featuredmedia":[{"embeddable":true,"href":"https:\/\/akunq.net\/tr\/index.php?rest_route=\/wp\/v2\/media\/61760"}],"wp:attachment":[{"href":"https:\/\/akunq.net\/tr\/index.php?rest_route=%2Fwp%2Fv2%2Fmedia&parent=61759"}],"wp:term":[{"taxonomy":"category","embeddable":true,"href":"https:\/\/akunq.net\/tr\/index.php?rest_route=%2Fwp%2Fv2%2Fcategories&post=61759"},{"taxonomy":"post_tag","embeddable":true,"href":"https:\/\/akunq.net\/tr\/index.php?rest_route=%2Fwp%2Fv2%2Ftags&post=61759"}],"curies":[{"name":"wp","href":"https:\/\/api.w.org\/{rel}","templated":true}]}}