{"id":61739,"date":"2021-03-03T01:19:36","date_gmt":"2021-03-03T06:19:36","guid":{"rendered":"https:\/\/akunq.net\/tr\/?p=61739"},"modified":"2021-03-03T01:19:36","modified_gmt":"2021-03-03T06:19:36","slug":"insan-haklari-eylem-plani-dini-bayramlarda-izin-vakif-secimleri-icin-vaad","status":"publish","type":"post","link":"https:\/\/akunq.net\/tr\/?p=61739","title":{"rendered":"\u0130nsan Haklar\u0131 Eylem Plan\u0131: Dini bayramlarda izin, vak\u0131f se\u00e7imleri i\u00e7in vaad"},"content":{"rendered":"<p><img loading=\"lazy\" decoding=\"async\" class=\"aligncenter size-medium wp-image-61740\" src=\"https:\/\/akunq.net\/tr\/wp-content\/uploads\/2021\/03\/Erdogan-360x189.jpg\" alt=\"\" width=\"360\" height=\"189\" srcset=\"https:\/\/akunq.net\/tr\/wp-content\/uploads\/sites\/6\/2021\/03\/Erdogan-360x189.jpg 360w, https:\/\/akunq.net\/tr\/wp-content\/uploads\/sites\/6\/2021\/03\/Erdogan-560x295.jpg 560w, https:\/\/akunq.net\/tr\/wp-content\/uploads\/sites\/6\/2021\/03\/Erdogan-260x137.jpg 260w, https:\/\/akunq.net\/tr\/wp-content\/uploads\/sites\/6\/2021\/03\/Erdogan-160x84.jpg 160w, https:\/\/akunq.net\/tr\/wp-content\/uploads\/sites\/6\/2021\/03\/Erdogan.jpg 730w\" sizes=\"auto, (max-width: 360px) 100vw, 360px\" \/><\/p>\n<p><em><strong>Cumhurba\u015fkan\u0131 Erdo\u011fan bug\u00fcn Ankara&#8217;da ger\u00e7ekle\u015ftirdi\u011fi bir toplant\u0131yla \u0130nsan Haklar\u0131 Eylem Plan\u0131&#8217;n\u0131 a\u00e7\u0131klad\u0131. Erdo\u011fan &#8220;Hangi dine mensup olursa olsun, kamu ve \u00f6zel sekt\u00f6r \u00e7al\u0131\u015fanlar\u0131 ile \u00f6\u011frencilerin, kendi dini bayramlar\u0131nda izinli say\u0131lmalar\u0131n\u0131 sa\u011fl\u0131yoruz&#8221; dedi. Az\u0131nl\u0131k vak\u0131flar\u0131 y\u00f6netim kurulu se\u00e7imlerine ili\u015fkin y\u00f6netmelik i\u00e7in de &#8220;D\u00fczenliyoruz&#8221; ifadesini kulland\u0131. Az\u0131nl\u0131k vak\u0131flar\u0131 eskisi iptal edildi\u011fi ve yenisi yay\u0131nlanmad\u0131\u011f\u0131 i\u00e7in sekiz y\u0131ld\u0131r y\u00f6netim kurulu se\u00e7emiyor.<\/strong><\/em><\/p>\n<p>Cumhurba\u015fkan\u0131 Erdo\u011fan&#8217;\u0131n toplant\u0131da yapt\u0131\u011f\u0131 a\u00e7\u0131klamalardan \u00f6ne \u00e7\u0131kanlar \u015f\u00f6yle:<\/p>\n<p>&#8220;-AB ile vize serbestisi konusundaki \u00e7al\u0131\u015fmalara h\u0131z veriyoruz.<\/p>\n<p>-\u0130nsan haklar\u0131 tazminat komisyonu uzun yarg\u0131lamadan kaynakl\u0131 tazminatlar\u0131 kar\u015f\u0131layacak.<\/p>\n<p>-Demokratik kat\u0131l\u0131m\u0131 g\u00fc\u00e7lendirmek i\u00e7in, siyasi partiler ve se\u00e7im mevzuat\u0131nda de\u011fi\u015fiklik yapmak \u00fczere kapsaml\u0131 bir \u00e7al\u0131\u015fma ba\u015flat\u0131yoruz.<\/p>\n<p>-Barolar, STK&#8217;ler ve \u00fcniversitelerden temsilcilerin kat\u0131l\u0131m\u0131yla ba\u011f\u0131ms\u0131z bir Ceza \u0130nfaz Kurumlar\u0131 \u0130nsan Haklar\u0131 \u0130zleme Komisyonu kuruyoruz.<\/p>\n<p>-\u0130nsan Haklar\u0131 Tazminat Komisyonu, Anayasa Mahkemesine ba\u015fvuruya gerek kalmaks\u0131z\u0131n, uzun yarg\u0131lama zararlar\u0131n\u0131 kar\u015f\u0131layacak.<\/p>\n<p>-Anayasa Mahkemesine bireysel ba\u015fvuru sisteminin etkinli\u011fini art\u0131rmay\u0131 hedefliyoruz.<\/p>\n<p>-\u00c7ocuklar, kad\u0131nlar, engelliler ve ya\u015fl\u0131lar ba\u015fta olmak \u00fczere su\u00e7 ma\u011fdurlar\u0131na y\u00f6nelik psiko-sosyal destek ve bilgilendirme hizmetlerinin etkinli\u011fini art\u0131r\u0131yoruz.<\/p>\n<p>-Hakim ve savc\u0131lara co\u011frafi teminat sa\u011flayarak, hem yarg\u0131 teminat\u0131n\u0131 g\u00fc\u00e7lendiriyor, hem de kararlar\u0131n h\u0131zlanmas\u0131n\u0131 temin ediyoruz.<\/p>\n<p>-Gerek\u00e7elerin sa\u011flam, tutarl\u0131 ve tart\u0131\u015fmalar\u0131 bitiren mahiyette olmas\u0131 i\u00e7in HSK&#8217;nin denetim alan\u0131n\u0131 geni\u015fletiyor, istinaf dairelerine de bu sebepten dolay\u0131 bozma yetkisi veriyoruz.<\/p>\n<p>-\u0130dari yarg\u0131da gerek\u00e7eli karar\u0131n 30 g\u00fcn i\u00e7inde yaz\u0131lmas\u0131n\u0131 zorunlu k\u0131l\u0131yoruz.<\/p>\n<p>-Elektronik tebligat uygulamas\u0131na, yurt d\u0131\u015f\u0131nda ya\u015fayan vatanda\u015flar\u0131m\u0131z\u0131 da dahil ediyoruz.<\/p>\n<p>-\u0130\u015f davalar\u0131n\u0131n daha h\u0131zl\u0131 sonu\u00e7lanmas\u0131n\u0131 temin i\u00e7in, hakimlerin, SGK kay\u0131tlar\u0131na bili\u015fim sistemi \u00fczerinden eri\u015febilmesini sa\u011fl\u0131yoruz.<\/p>\n<p>-\u0130ddianamelerin ma\u011fdur ve m\u00fc\u015ftekilere de tebli\u011fi uygulamas\u0131n\u0131 ba\u015flat\u0131yoruz. \u0130dari davalarda dosyaya sonradan giren bilgi ve belgelerin taraflara tebli\u011fini de zorunlu hale getiriyoruz.<\/p>\n<p>-Avukatlar\u0131n, Anayasa Mahkemesine bireysel ba\u015fvurular\u0131 elektronik ortamda yapabilmelerine imkan sa\u011fl\u0131yoruz.<\/p>\n<p>-Avukatlardan al\u0131nan vergi oranlar\u0131n\u0131 d\u00fc\u015f\u00fcr\u00fcyoruz.<\/p>\n<p>-Dava, icra ve noter har\u00e7 ve masraflar\u0131n\u0131 sadele\u015ftiriyoruz. e-Duru\u015fma uygulamas\u0131n\u0131 t\u00fcm hukuk mahkemelerine yayg\u0131nla\u015ft\u0131r\u0131yoruz.<\/p>\n<p>-\u0130dareye yap\u0131lan ba\u015fvurularda idarenin cevap verme s\u00fcresini 60 g\u00fcnden 30 g\u00fcne indiriyoruz.<\/p>\n<p>-\u0130stinaf ve temyize ba\u015fvurma s\u00fcreleri, gerek\u00e7eli karar\u0131n tebli\u011fiyle ba\u015flayacak. T\u00fcm ilk derece ve istinaf mahkemesi kararlar\u0131n\u0131, ki\u015fisel verileri koruma ilkesine uygun \u015fekilde, kamuoyunun eri\u015fimine a\u00e7\u0131yoruz.<\/p>\n<p>-Yarg\u0131daki unvanl\u0131 g\u00f6revler i\u00e7in k\u0131dem \u015fart\u0131 aranacak. Hakim ve savc\u0131 yard\u0131mc\u0131l\u0131\u011f\u0131n\u0131 sisteme kazand\u0131r\u0131yoruz.<\/p>\n<p>-\u0130dare ile yat\u0131r\u0131mc\u0131lar aras\u0131ndaki uyu\u015fmazl\u0131klar\u0131 gidermek i\u00e7in, ba\u011f\u0131ms\u0131zl\u0131k ve tarafs\u0131zl\u0131k esas\u0131yla \u00e7al\u0131\u015facak, h\u0131zl\u0131 karar alabilecek &#8216;Yat\u0131r\u0131m Ombudsmanl\u0131\u011f\u0131&#8217; kuruyoruz.<\/p>\n<p>-Hatal\u0131 rapor haz\u0131rlayan bilirki\u015fi sistemden \u00e7\u0131kar\u0131lacak.<\/p>\n<p>-Mevzuat\u0131 ve uygulamay\u0131, ifade \u00f6zg\u00fcrl\u00fc\u011f\u00fc ile toplant\u0131 ve g\u00f6steri y\u00fcr\u00fcy\u00fc\u015f\u00fc hakk\u0131n\u0131n en geni\u015f \u015fekilde teminat alt\u0131na al\u0131nmas\u0131 do\u011frultusunda g\u00f6zden ge\u00e7iriyoruz.<\/p>\n<p>-\u0130fade \u00f6zg\u00fcrl\u00fc\u011f\u00fc alan\u0131n\u0131 daha da geni\u015fletiyoruz. Toplant\u0131 ve g\u00f6steri y\u00fcr\u00fcy\u00fc\u015f\u00fcn\u00fc teminat alt\u0131na al\u0131yoruz.<\/p>\n<p>-Katalog su\u00e7larda &#8216;somut delile dayanma \u015fart\u0131&#8217; getirerek, tutuklaman\u0131n istisnai bir koruma tedbiri oldu\u011funa ili\u015fkin ilkeyi tahkim ediyoruz. Adli kontrol tedbirlerini de, tutuklamada oldu\u011fu gibi \u00fcst s\u00fcreye ba\u011fl\u0131yoruz.<\/p>\n<p>-Hangi dine mensup olursa olsun, kamu ve \u00f6zel sekt\u00f6r \u00e7al\u0131\u015fanlar\u0131 ile \u00f6\u011frencilerin, kendi dini bayramlar\u0131nda izinli say\u0131lmalar\u0131n\u0131 sa\u011fl\u0131yoruz.<\/p>\n<p>-\u0130fade ve bas\u0131n \u00f6zg\u00fcrl\u00fc\u011f\u00fcne ili\u015fkin standartlar\u0131 y\u00fckseltmek i\u00e7in gazetecilerin mesleki faaliyetlerinin kolayla\u015ft\u0131r\u0131lmas\u0131na y\u00f6nelik tedbirler geli\u015ftiriyoruz.<\/p>\n<p>-Gayrim\u00fcslim cemaat vak\u0131flar\u0131 y\u00f6netim kurullar\u0131n\u0131n olu\u015fturulmas\u0131 ve se\u00e7imine ili\u015fkin Vak\u0131flar Y\u00f6netmeli\u011fi\u2019ni yeniden d\u00fczenliyoruz.<\/p>\n<p>-\u0130fade vermek i\u00e7in mesai saati d\u0131\u015f\u0131nda g\u00f6zalt\u0131na alma, otelde gecenin bir yar\u0131s\u0131 g\u00f6zalt\u0131na alma gibi uygulamalara son veriyoruz.<\/p>\n<p>-\u0130fade alma i\u015flemi 7 g\u00fcn 24 saat yap\u0131labilecek. \u0130\u015fkence ve k\u00f6t\u00fc muameleye s\u0131f\u0131r tolerans anlay\u0131\u015f\u0131n\u0131 yerle\u015ftirdik. \u0130\u015fkence iddialar\u0131yla ilgili disiplin soru\u015fturmalar\u0131nda zaman a\u015f\u0131m\u0131n\u0131 kald\u0131r\u0131yoruz.<\/p>\n<p>-\u015eikayete ba\u011fl\u0131 su\u00e7larda a\u00e7\u0131klamal\u0131 davetiye tebli\u011fine ra\u011fmen mazeretsiz olarak duru\u015fmaya gelinmemesi halinde, davan\u0131n d\u00fc\u015f\u00fcr\u00fclmesine ili\u015fkin de\u011fi\u015fiklik yap\u0131yoruz. B\u00f6ylece y\u0131llarca a\u00e7\u0131k duran dosyalar\u0131, s\u00fcr\u00fcncemede kalan yarg\u0131lamalar\u0131 ortadan kald\u0131r\u0131yoruz.<\/p>\n<p>-G\u00f6revin gereklerine ayk\u0131r\u0131 olarak hak ihlaline sebebiyet veren kamu g\u00f6revlileri i\u00e7in r\u00fccu ve disiplin i\u015flemlerinin etkinli\u011fini art\u0131r\u0131yoruz.<\/p>\n<p>-Tek bir kad\u0131n\u0131n dahi \u015fiddet ma\u011fduru olmad\u0131\u011f\u0131 g\u00fcne kavu\u015fana kadar kurumlar\u0131n, sivil toplum kurulu\u015flar\u0131n\u0131n, medyan\u0131n ve toplumun t\u00fcm kesimlerinin i\u015f birli\u011fiyle bu m\u00fccadeleyi s\u00fcrd\u00fcrece\u011fiz.<\/p>\n<p>-E\u015fe kar\u015f\u0131 i\u015flenen su\u00e7larla ilgili \u00f6ng\u00f6r\u00fclen a\u011f\u0131rla\u015ft\u0131r\u0131c\u0131 sebebi, bo\u015fanm\u0131\u015f e\u015fi de kapsayacak \u015fekilde geni\u015fletiyoruz.<\/p>\n<p>-Kad\u0131na kar\u015f\u0131 \u015fiddet su\u00e7lar\u0131n\u0131 etkin \u015fekilde soru\u015fturmak amac\u0131yla kurulan \u00f6zel soru\u015fturma b\u00fcrolar\u0131n\u0131 \u00fclke genelinde yayg\u0131nla\u015ft\u0131r\u0131yoruz.&#8221;<\/p>\n<p><em><strong>http:\/\/www.agos.com.tr\/tr\/yazi\/25389\/insan-haklari-eylem-plani-dini-bayramlarda-izin-vakif-secimleri-icin-vaad\u00a0<\/strong><\/em><\/p>\n","protected":false},"excerpt":{"rendered":"<p>Cumhurba\u015fkan\u0131 Erdo\u011fan bug\u00fcn Ankara&#8217;da ger\u00e7ekle\u015ftirdi\u011fi bir toplant\u0131yla \u0130nsan Haklar\u0131 Eylem Plan\u0131&#8217;n\u0131 a\u00e7\u0131klad\u0131. Erdo\u011fan &#8220;Hangi dine mensup olursa olsun, kamu ve \u00f6zel sekt\u00f6r \u00e7al\u0131\u015fanlar\u0131 ile \u00f6\u011frencilerin, kendi dini bayramlar\u0131nda izinli say\u0131lmalar\u0131n\u0131 sa\u011fl\u0131yoruz&#8221; dedi. Az\u0131nl\u0131k vak\u0131flar\u0131 y\u00f6netim kurulu se\u00e7imlerine ili\u015fkin y\u00f6netmelik i\u00e7in de &#8220;D\u00fczenliyoruz&#8221; ifadesini kulland\u0131. Az\u0131nl\u0131k vak\u0131flar\u0131 eskisi iptal edildi\u011fi ve yenisi yay\u0131nlanmad\u0131\u011f\u0131 i\u00e7in sekiz y\u0131ld\u0131r [&hellip;]<\/p>\n","protected":false},"author":7,"featured_media":61740,"comment_status":"open","ping_status":"open","sticky":false,"template":"","format":"standard","meta":{"footnotes":""},"categories":[1,53],"tags":[],"class_list":["post-61739","post","type-post","status-publish","format-standard","has-post-thumbnail","hentry","category-haberler","category-turkiyede-azinliklar"],"yoast_head":"<!-- This site is optimized with the Yoast SEO plugin v27.4 - https:\/\/yoast.com\/product\/yoast-seo-wordpress\/ -->\n<title>\u0130nsan Haklar\u0131 Eylem Plan\u0131: Dini bayramlarda izin, vak\u0131f se\u00e7imleri i\u00e7in vaad - Bati Ermenistan Ve Bati Ermenileri Sorunlari Ara\u015ftirmalar Merkezi<\/title>\n<meta name=\"robots\" content=\"index, follow, max-snippet:-1, max-image-preview:large, max-video-preview:-1\" \/>\n<link rel=\"canonical\" href=\"https:\/\/akunq.net\/tr\/?p=61739\" \/>\n<meta property=\"og:locale\" content=\"en_US\" \/>\n<meta property=\"og:type\" content=\"article\" \/>\n<meta property=\"og:title\" content=\"\u0130nsan Haklar\u0131 Eylem Plan\u0131: Dini bayramlarda izin, vak\u0131f se\u00e7imleri i\u00e7in vaad - Bati Ermenistan Ve Bati Ermenileri Sorunlari Ara\u015ftirmalar Merkezi\" \/>\n<meta property=\"og:description\" content=\"Cumhurba\u015fkan\u0131 Erdo\u011fan bug\u00fcn Ankara&#8217;da ger\u00e7ekle\u015ftirdi\u011fi bir toplant\u0131yla \u0130nsan Haklar\u0131 Eylem Plan\u0131&#8217;n\u0131 a\u00e7\u0131klad\u0131. Erdo\u011fan &#8220;Hangi dine mensup olursa olsun, kamu ve \u00f6zel sekt\u00f6r \u00e7al\u0131\u015fanlar\u0131 ile \u00f6\u011frencilerin, kendi dini bayramlar\u0131nda izinli say\u0131lmalar\u0131n\u0131 sa\u011fl\u0131yoruz&#8221; dedi. Az\u0131nl\u0131k vak\u0131flar\u0131 y\u00f6netim kurulu se\u00e7imlerine ili\u015fkin y\u00f6netmelik i\u00e7in de &#8220;D\u00fczenliyoruz&#8221; ifadesini kulland\u0131. Az\u0131nl\u0131k vak\u0131flar\u0131 eskisi iptal edildi\u011fi ve yenisi yay\u0131nlanmad\u0131\u011f\u0131 i\u00e7in sekiz y\u0131ld\u0131r [&hellip;]\" \/>\n<meta property=\"og:url\" content=\"https:\/\/akunq.net\/tr\/?p=61739\" \/>\n<meta property=\"og:site_name\" content=\"Bati Ermenistan Ve Bati Ermenileri Sorunlari Ara\u015ftirmalar Merkezi\" \/>\n<meta property=\"article:published_time\" content=\"2021-03-03T06:19:36+00:00\" \/>\n<meta property=\"og:image\" content=\"https:\/\/akunq.net\/tr\/wp-content\/uploads\/sites\/6\/2021\/03\/Erdogan.jpg\" \/>\n\t<meta property=\"og:image:width\" content=\"730\" \/>\n\t<meta property=\"og:image:height\" content=\"384\" \/>\n\t<meta property=\"og:image:type\" content=\"image\/jpeg\" \/>\n<meta name=\"author\" content=\"admin\" \/>\n<meta name=\"twitter:card\" content=\"summary_large_image\" \/>\n<meta name=\"twitter:label1\" content=\"Written by\" \/>\n\t<meta name=\"twitter:data1\" content=\"admin\" \/>\n\t<meta name=\"twitter:label2\" content=\"Est. reading time\" \/>\n\t<meta name=\"twitter:data2\" content=\"5 minutes\" \/>\n<script type=\"application\/ld+json\" class=\"yoast-schema-graph\">{\"@context\":\"https:\\\/\\\/schema.org\",\"@graph\":[{\"@type\":\"Article\",\"@id\":\"https:\\\/\\\/akunq.net\\\/tr\\\/?p=61739#article\",\"isPartOf\":{\"@id\":\"https:\\\/\\\/akunq.net\\\/tr\\\/?p=61739\"},\"author\":{\"name\":\"admin\",\"@id\":\"https:\\\/\\\/akunq.net\\\/tr\\\/#\\\/schema\\\/person\\\/096f1d38a12cce57fb855b485ed24c9e\"},\"headline\":\"\u0130nsan Haklar\u0131 Eylem Plan\u0131: Dini bayramlarda izin, vak\u0131f se\u00e7imleri i\u00e7in vaad\",\"datePublished\":\"2021-03-03T06:19:36+00:00\",\"mainEntityOfPage\":{\"@id\":\"https:\\\/\\\/akunq.net\\\/tr\\\/?p=61739\"},\"wordCount\":971,\"commentCount\":0,\"image\":{\"@id\":\"https:\\\/\\\/akunq.net\\\/tr\\\/?p=61739#primaryimage\"},\"thumbnailUrl\":\"https:\\\/\\\/akunq.net\\\/tr\\\/wp-content\\\/uploads\\\/sites\\\/6\\\/2021\\\/03\\\/Erdogan.jpg\",\"articleSection\":[\"Haberler\",\"T\u00fcrkiye\u2019de Az\u0131nl\u0131klar\"],\"inLanguage\":\"en-US\",\"potentialAction\":[{\"@type\":\"CommentAction\",\"name\":\"Comment\",\"target\":[\"https:\\\/\\\/akunq.net\\\/tr\\\/?p=61739#respond\"]}]},{\"@type\":\"WebPage\",\"@id\":\"https:\\\/\\\/akunq.net\\\/tr\\\/?p=61739\",\"url\":\"https:\\\/\\\/akunq.net\\\/tr\\\/?p=61739\",\"name\":\"\u0130nsan Haklar\u0131 Eylem Plan\u0131: Dini bayramlarda izin, vak\u0131f se\u00e7imleri i\u00e7in vaad - Bati Ermenistan Ve Bati Ermenileri Sorunlari Ara\u015ftirmalar Merkezi\",\"isPartOf\":{\"@id\":\"https:\\\/\\\/akunq.net\\\/tr\\\/#website\"},\"primaryImageOfPage\":{\"@id\":\"https:\\\/\\\/akunq.net\\\/tr\\\/?p=61739#primaryimage\"},\"image\":{\"@id\":\"https:\\\/\\\/akunq.net\\\/tr\\\/?p=61739#primaryimage\"},\"thumbnailUrl\":\"https:\\\/\\\/akunq.net\\\/tr\\\/wp-content\\\/uploads\\\/sites\\\/6\\\/2021\\\/03\\\/Erdogan.jpg\",\"datePublished\":\"2021-03-03T06:19:36+00:00\",\"author\":{\"@id\":\"https:\\\/\\\/akunq.net\\\/tr\\\/#\\\/schema\\\/person\\\/096f1d38a12cce57fb855b485ed24c9e\"},\"breadcrumb\":{\"@id\":\"https:\\\/\\\/akunq.net\\\/tr\\\/?p=61739#breadcrumb\"},\"inLanguage\":\"en-US\",\"potentialAction\":[{\"@type\":\"ReadAction\",\"target\":[\"https:\\\/\\\/akunq.net\\\/tr\\\/?p=61739\"]}]},{\"@type\":\"ImageObject\",\"inLanguage\":\"en-US\",\"@id\":\"https:\\\/\\\/akunq.net\\\/tr\\\/?p=61739#primaryimage\",\"url\":\"https:\\\/\\\/akunq.net\\\/tr\\\/wp-content\\\/uploads\\\/sites\\\/6\\\/2021\\\/03\\\/Erdogan.jpg\",\"contentUrl\":\"https:\\\/\\\/akunq.net\\\/tr\\\/wp-content\\\/uploads\\\/sites\\\/6\\\/2021\\\/03\\\/Erdogan.jpg\",\"width\":730,\"height\":384},{\"@type\":\"BreadcrumbList\",\"@id\":\"https:\\\/\\\/akunq.net\\\/tr\\\/?p=61739#breadcrumb\",\"itemListElement\":[{\"@type\":\"ListItem\",\"position\":1,\"name\":\"Home\",\"item\":\"https:\\\/\\\/akunq.net\\\/tr\"},{\"@type\":\"ListItem\",\"position\":2,\"name\":\"\u0130nsan Haklar\u0131 Eylem Plan\u0131: Dini bayramlarda izin, vak\u0131f se\u00e7imleri i\u00e7in vaad\"}]},{\"@type\":\"WebSite\",\"@id\":\"https:\\\/\\\/akunq.net\\\/tr\\\/#website\",\"url\":\"https:\\\/\\\/akunq.net\\\/tr\\\/\",\"name\":\"Bati Ermenistan Ve Bati Ermenileri Sorunlari Ara\u015ftirmalar Merkezi\",\"description\":\"\",\"potentialAction\":[{\"@type\":\"SearchAction\",\"target\":{\"@type\":\"EntryPoint\",\"urlTemplate\":\"https:\\\/\\\/akunq.net\\\/tr\\\/?s={search_term_string}\"},\"query-input\":{\"@type\":\"PropertyValueSpecification\",\"valueRequired\":true,\"valueName\":\"search_term_string\"}}],\"inLanguage\":\"en-US\"},{\"@type\":\"Person\",\"@id\":\"https:\\\/\\\/akunq.net\\\/tr\\\/#\\\/schema\\\/person\\\/096f1d38a12cce57fb855b485ed24c9e\",\"name\":\"admin\",\"url\":\"https:\\\/\\\/akunq.net\\\/tr\\\/?author=7\"}]}<\/script>\n<!-- \/ Yoast SEO plugin. -->","yoast_head_json":{"title":"\u0130nsan Haklar\u0131 Eylem Plan\u0131: Dini bayramlarda izin, vak\u0131f se\u00e7imleri i\u00e7in vaad - Bati Ermenistan Ve Bati Ermenileri Sorunlari Ara\u015ftirmalar Merkezi","robots":{"index":"index","follow":"follow","max-snippet":"max-snippet:-1","max-image-preview":"max-image-preview:large","max-video-preview":"max-video-preview:-1"},"canonical":"https:\/\/akunq.net\/tr\/?p=61739","og_locale":"en_US","og_type":"article","og_title":"\u0130nsan Haklar\u0131 Eylem Plan\u0131: Dini bayramlarda izin, vak\u0131f se\u00e7imleri i\u00e7in vaad - Bati Ermenistan Ve Bati Ermenileri Sorunlari Ara\u015ftirmalar Merkezi","og_description":"Cumhurba\u015fkan\u0131 Erdo\u011fan bug\u00fcn Ankara&#8217;da ger\u00e7ekle\u015ftirdi\u011fi bir toplant\u0131yla \u0130nsan Haklar\u0131 Eylem Plan\u0131&#8217;n\u0131 a\u00e7\u0131klad\u0131. Erdo\u011fan &#8220;Hangi dine mensup olursa olsun, kamu ve \u00f6zel sekt\u00f6r \u00e7al\u0131\u015fanlar\u0131 ile \u00f6\u011frencilerin, kendi dini bayramlar\u0131nda izinli say\u0131lmalar\u0131n\u0131 sa\u011fl\u0131yoruz&#8221; dedi. Az\u0131nl\u0131k vak\u0131flar\u0131 y\u00f6netim kurulu se\u00e7imlerine ili\u015fkin y\u00f6netmelik i\u00e7in de &#8220;D\u00fczenliyoruz&#8221; ifadesini kulland\u0131. Az\u0131nl\u0131k vak\u0131flar\u0131 eskisi iptal edildi\u011fi ve yenisi yay\u0131nlanmad\u0131\u011f\u0131 i\u00e7in sekiz y\u0131ld\u0131r [&hellip;]","og_url":"https:\/\/akunq.net\/tr\/?p=61739","og_site_name":"Bati Ermenistan Ve Bati Ermenileri Sorunlari Ara\u015ftirmalar Merkezi","article_published_time":"2021-03-03T06:19:36+00:00","og_image":[{"width":730,"height":384,"url":"https:\/\/akunq.net\/tr\/wp-content\/uploads\/sites\/6\/2021\/03\/Erdogan.jpg","type":"image\/jpeg"}],"author":"admin","twitter_card":"summary_large_image","twitter_misc":{"Written by":"admin","Est. reading time":"5 minutes"},"schema":{"@context":"https:\/\/schema.org","@graph":[{"@type":"Article","@id":"https:\/\/akunq.net\/tr\/?p=61739#article","isPartOf":{"@id":"https:\/\/akunq.net\/tr\/?p=61739"},"author":{"name":"admin","@id":"https:\/\/akunq.net\/tr\/#\/schema\/person\/096f1d38a12cce57fb855b485ed24c9e"},"headline":"\u0130nsan Haklar\u0131 Eylem Plan\u0131: Dini bayramlarda izin, vak\u0131f se\u00e7imleri i\u00e7in vaad","datePublished":"2021-03-03T06:19:36+00:00","mainEntityOfPage":{"@id":"https:\/\/akunq.net\/tr\/?p=61739"},"wordCount":971,"commentCount":0,"image":{"@id":"https:\/\/akunq.net\/tr\/?p=61739#primaryimage"},"thumbnailUrl":"https:\/\/akunq.net\/tr\/wp-content\/uploads\/sites\/6\/2021\/03\/Erdogan.jpg","articleSection":["Haberler","T\u00fcrkiye\u2019de Az\u0131nl\u0131klar"],"inLanguage":"en-US","potentialAction":[{"@type":"CommentAction","name":"Comment","target":["https:\/\/akunq.net\/tr\/?p=61739#respond"]}]},{"@type":"WebPage","@id":"https:\/\/akunq.net\/tr\/?p=61739","url":"https:\/\/akunq.net\/tr\/?p=61739","name":"\u0130nsan Haklar\u0131 Eylem Plan\u0131: Dini bayramlarda izin, vak\u0131f se\u00e7imleri i\u00e7in vaad - Bati Ermenistan Ve Bati Ermenileri Sorunlari Ara\u015ftirmalar Merkezi","isPartOf":{"@id":"https:\/\/akunq.net\/tr\/#website"},"primaryImageOfPage":{"@id":"https:\/\/akunq.net\/tr\/?p=61739#primaryimage"},"image":{"@id":"https:\/\/akunq.net\/tr\/?p=61739#primaryimage"},"thumbnailUrl":"https:\/\/akunq.net\/tr\/wp-content\/uploads\/sites\/6\/2021\/03\/Erdogan.jpg","datePublished":"2021-03-03T06:19:36+00:00","author":{"@id":"https:\/\/akunq.net\/tr\/#\/schema\/person\/096f1d38a12cce57fb855b485ed24c9e"},"breadcrumb":{"@id":"https:\/\/akunq.net\/tr\/?p=61739#breadcrumb"},"inLanguage":"en-US","potentialAction":[{"@type":"ReadAction","target":["https:\/\/akunq.net\/tr\/?p=61739"]}]},{"@type":"ImageObject","inLanguage":"en-US","@id":"https:\/\/akunq.net\/tr\/?p=61739#primaryimage","url":"https:\/\/akunq.net\/tr\/wp-content\/uploads\/sites\/6\/2021\/03\/Erdogan.jpg","contentUrl":"https:\/\/akunq.net\/tr\/wp-content\/uploads\/sites\/6\/2021\/03\/Erdogan.jpg","width":730,"height":384},{"@type":"BreadcrumbList","@id":"https:\/\/akunq.net\/tr\/?p=61739#breadcrumb","itemListElement":[{"@type":"ListItem","position":1,"name":"Home","item":"https:\/\/akunq.net\/tr"},{"@type":"ListItem","position":2,"name":"\u0130nsan Haklar\u0131 Eylem Plan\u0131: Dini bayramlarda izin, vak\u0131f se\u00e7imleri i\u00e7in vaad"}]},{"@type":"WebSite","@id":"https:\/\/akunq.net\/tr\/#website","url":"https:\/\/akunq.net\/tr\/","name":"Bati Ermenistan Ve Bati Ermenileri Sorunlari Ara\u015ftirmalar Merkezi","description":"","potentialAction":[{"@type":"SearchAction","target":{"@type":"EntryPoint","urlTemplate":"https:\/\/akunq.net\/tr\/?s={search_term_string}"},"query-input":{"@type":"PropertyValueSpecification","valueRequired":true,"valueName":"search_term_string"}}],"inLanguage":"en-US"},{"@type":"Person","@id":"https:\/\/akunq.net\/tr\/#\/schema\/person\/096f1d38a12cce57fb855b485ed24c9e","name":"admin","url":"https:\/\/akunq.net\/tr\/?author=7"}]}},"_links":{"self":[{"href":"https:\/\/akunq.net\/tr\/index.php?rest_route=\/wp\/v2\/posts\/61739","targetHints":{"allow":["GET"]}}],"collection":[{"href":"https:\/\/akunq.net\/tr\/index.php?rest_route=\/wp\/v2\/posts"}],"about":[{"href":"https:\/\/akunq.net\/tr\/index.php?rest_route=\/wp\/v2\/types\/post"}],"author":[{"embeddable":true,"href":"https:\/\/akunq.net\/tr\/index.php?rest_route=\/wp\/v2\/users\/7"}],"replies":[{"embeddable":true,"href":"https:\/\/akunq.net\/tr\/index.php?rest_route=%2Fwp%2Fv2%2Fcomments&post=61739"}],"version-history":[{"count":1,"href":"https:\/\/akunq.net\/tr\/index.php?rest_route=\/wp\/v2\/posts\/61739\/revisions"}],"predecessor-version":[{"id":61741,"href":"https:\/\/akunq.net\/tr\/index.php?rest_route=\/wp\/v2\/posts\/61739\/revisions\/61741"}],"wp:featuredmedia":[{"embeddable":true,"href":"https:\/\/akunq.net\/tr\/index.php?rest_route=\/wp\/v2\/media\/61740"}],"wp:attachment":[{"href":"https:\/\/akunq.net\/tr\/index.php?rest_route=%2Fwp%2Fv2%2Fmedia&parent=61739"}],"wp:term":[{"taxonomy":"category","embeddable":true,"href":"https:\/\/akunq.net\/tr\/index.php?rest_route=%2Fwp%2Fv2%2Fcategories&post=61739"},{"taxonomy":"post_tag","embeddable":true,"href":"https:\/\/akunq.net\/tr\/index.php?rest_route=%2Fwp%2Fv2%2Ftags&post=61739"}],"curies":[{"name":"wp","href":"https:\/\/api.w.org\/{rel}","templated":true}]}}