{"id":61736,"date":"2021-03-03T01:14:20","date_gmt":"2021-03-03T06:14:20","guid":{"rendered":"https:\/\/akunq.net\/tr\/?p=61736"},"modified":"2021-03-03T01:14:20","modified_gmt":"2021-03-03T06:14:20","slug":"abdde-170-kongre-uyesi-biden-hukumetinden-turkiyeye-karsi-cok-daha-sert-olmasini-talep-etti","status":"publish","type":"post","link":"https:\/\/akunq.net\/tr\/?p=61736","title":{"rendered":"ABD\u2019de 170 Kongre \u00fcyesi Biden H\u00fck\u00fcmeti\u2019nden T\u00fcrkiye\u2019ye kar\u015f\u0131 \u00e7ok daha sert olmas\u0131n\u0131 talep etti"},"content":{"rendered":"<p><img loading=\"lazy\" decoding=\"async\" class=\"aligncenter size-medium wp-image-61737\" src=\"https:\/\/akunq.net\/tr\/wp-content\/uploads\/2021\/03\/ABD-360x180.jpg\" alt=\"\" width=\"360\" height=\"180\" srcset=\"https:\/\/akunq.net\/tr\/wp-content\/uploads\/sites\/6\/2021\/03\/ABD-360x180.jpg 360w, https:\/\/akunq.net\/tr\/wp-content\/uploads\/sites\/6\/2021\/03\/ABD-768x384.jpg 768w, https:\/\/akunq.net\/tr\/wp-content\/uploads\/sites\/6\/2021\/03\/ABD-560x280.jpg 560w, https:\/\/akunq.net\/tr\/wp-content\/uploads\/sites\/6\/2021\/03\/ABD-260x130.jpg 260w, https:\/\/akunq.net\/tr\/wp-content\/uploads\/sites\/6\/2021\/03\/ABD-160x80.jpg 160w, https:\/\/akunq.net\/tr\/wp-content\/uploads\/sites\/6\/2021\/03\/ABD.jpg 900w\" sizes=\"auto, (max-width: 360px) 100vw, 360px\" \/><\/p>\n<p><strong><em>Ermeni Uluslararas\u0131 ili\u015fkiler uzman\u0131 Suren Sargsyan ABD Kongre \u00fcyelerinin son \u00e7a\u011fr\u0131s\u0131yla ilgili yorumlarda bulundu.<\/em><\/strong><\/p>\n<p>Surenyan\u2019\u0131n aktard\u0131\u011f\u0131 bilgilere g\u00f6re 170 Kongre \u00fcyesi ABD Devlet Ba\u015fkan\u0131 Joe Biden\u2019e \u00e7a\u011fr\u0131da bulunarak T\u00fcrkiye\u2019ye kar\u015f\u0131 \u00e7ok daha sert tutum sergilemeye davet etti.<\/p>\n<p>Daha \u00f6nce 21 \u015eubat tarihinde de Kongre \u00fcyeleri Biden\u2019e tekrar \u00e7a\u011fr\u0131da bulunarak T\u00fcrkiye ve Azerbaycan\u2019\u0131n sald\u0131rgan politikas\u0131na kar\u015f\u0131 Ermenistan ve Artsakh\u2019\u0131n (Karaba\u011f) yan\u0131nda yer almas\u0131 gerekti\u011fini \u00f6ne s\u00fcrd\u00fcler.<\/p>\n<p>Uluslararas\u0131 ili\u015fkiler uzman\u0131 Suren Sargsyan\u2019a g\u00f6re e\u011fer Ermenistan H\u00fck\u00fcmeti T\u00fcrkiye ile ili\u015fkiler kurarak engel olmazsa ileride Joe Biden taraf\u0131ndan Ermeni Soyk\u0131r\u0131m\u0131\u2019n\u0131 tan\u0131ma olas\u0131l\u0131\u011f\u0131 \u00e7ok daha y\u00fcksek olur.<\/p>\n<p><em><strong>https:\/\/www.ermenihaber.am\/tr\/news\/2021\/03\/02\/ABD-Kongre-%C3%BCyesi-Biden-H%C3%BCk%C3%BCmeti-T%C3%BCrkiye\/203477\u00a0<\/strong><\/em><\/p>\n","protected":false},"excerpt":{"rendered":"<p>Ermeni Uluslararas\u0131 ili\u015fkiler uzman\u0131 Suren Sargsyan ABD Kongre \u00fcyelerinin son \u00e7a\u011fr\u0131s\u0131yla ilgili yorumlarda bulundu. Surenyan\u2019\u0131n aktard\u0131\u011f\u0131 bilgilere g\u00f6re 170 Kongre \u00fcyesi ABD Devlet Ba\u015fkan\u0131 Joe Biden\u2019e \u00e7a\u011fr\u0131da bulunarak T\u00fcrkiye\u2019ye kar\u015f\u0131 \u00e7ok daha sert tutum sergilemeye davet etti. Daha \u00f6nce 21 \u015eubat tarihinde de Kongre \u00fcyeleri Biden\u2019e tekrar \u00e7a\u011fr\u0131da bulunarak T\u00fcrkiye ve Azerbaycan\u2019\u0131n sald\u0131rgan politikas\u0131na kar\u015f\u0131 [&hellip;]<\/p>\n","protected":false},"author":7,"featured_media":61737,"comment_status":"open","ping_status":"open","sticky":false,"template":"","format":"standard","meta":{"footnotes":""},"categories":[1],"tags":[],"class_list":["post-61736","post","type-post","status-publish","format-standard","has-post-thumbnail","hentry","category-haberler"],"yoast_head":"<!-- This site is optimized with the Yoast SEO plugin v27.4 - https:\/\/yoast.com\/product\/yoast-seo-wordpress\/ -->\n<title>ABD\u2019de 170 Kongre \u00fcyesi Biden H\u00fck\u00fcmeti\u2019nden T\u00fcrkiye\u2019ye kar\u015f\u0131 \u00e7ok daha sert olmas\u0131n\u0131 talep etti - Bati Ermenistan Ve Bati Ermenileri Sorunlari Ara\u015ftirmalar Merkezi<\/title>\n<meta name=\"robots\" content=\"index, follow, max-snippet:-1, max-image-preview:large, max-video-preview:-1\" \/>\n<link rel=\"canonical\" href=\"https:\/\/akunq.net\/tr\/?p=61736\" \/>\n<meta property=\"og:locale\" content=\"en_US\" \/>\n<meta property=\"og:type\" content=\"article\" \/>\n<meta property=\"og:title\" content=\"ABD\u2019de 170 Kongre \u00fcyesi Biden H\u00fck\u00fcmeti\u2019nden T\u00fcrkiye\u2019ye kar\u015f\u0131 \u00e7ok daha sert olmas\u0131n\u0131 talep etti - Bati Ermenistan Ve Bati Ermenileri Sorunlari Ara\u015ftirmalar Merkezi\" \/>\n<meta property=\"og:description\" content=\"Ermeni Uluslararas\u0131 ili\u015fkiler uzman\u0131 Suren Sargsyan ABD Kongre \u00fcyelerinin son \u00e7a\u011fr\u0131s\u0131yla ilgili yorumlarda bulundu. Surenyan\u2019\u0131n aktard\u0131\u011f\u0131 bilgilere g\u00f6re 170 Kongre \u00fcyesi ABD Devlet Ba\u015fkan\u0131 Joe Biden\u2019e \u00e7a\u011fr\u0131da bulunarak T\u00fcrkiye\u2019ye kar\u015f\u0131 \u00e7ok daha sert tutum sergilemeye davet etti. Daha \u00f6nce 21 \u015eubat tarihinde de Kongre \u00fcyeleri Biden\u2019e tekrar \u00e7a\u011fr\u0131da bulunarak T\u00fcrkiye ve Azerbaycan\u2019\u0131n sald\u0131rgan politikas\u0131na kar\u015f\u0131 [&hellip;]\" \/>\n<meta property=\"og:url\" content=\"https:\/\/akunq.net\/tr\/?p=61736\" \/>\n<meta property=\"og:site_name\" content=\"Bati Ermenistan Ve Bati Ermenileri Sorunlari Ara\u015ftirmalar Merkezi\" \/>\n<meta property=\"article:published_time\" content=\"2021-03-03T06:14:20+00:00\" \/>\n<meta property=\"og:image\" content=\"https:\/\/akunq.net\/tr\/wp-content\/uploads\/sites\/6\/2021\/03\/ABD.jpg\" \/>\n\t<meta property=\"og:image:width\" content=\"900\" \/>\n\t<meta property=\"og:image:height\" content=\"450\" \/>\n\t<meta property=\"og:image:type\" content=\"image\/jpeg\" \/>\n<meta name=\"author\" content=\"admin\" \/>\n<meta name=\"twitter:card\" content=\"summary_large_image\" \/>\n<meta name=\"twitter:label1\" content=\"Written by\" \/>\n\t<meta name=\"twitter:data1\" content=\"admin\" \/>\n\t<meta name=\"twitter:label2\" content=\"Est. reading time\" \/>\n\t<meta name=\"twitter:data2\" content=\"1 minute\" \/>\n<script type=\"application\/ld+json\" class=\"yoast-schema-graph\">{\"@context\":\"https:\\\/\\\/schema.org\",\"@graph\":[{\"@type\":\"Article\",\"@id\":\"https:\\\/\\\/akunq.net\\\/tr\\\/?p=61736#article\",\"isPartOf\":{\"@id\":\"https:\\\/\\\/akunq.net\\\/tr\\\/?p=61736\"},\"author\":{\"name\":\"admin\",\"@id\":\"https:\\\/\\\/akunq.net\\\/tr\\\/#\\\/schema\\\/person\\\/096f1d38a12cce57fb855b485ed24c9e\"},\"headline\":\"ABD\u2019de 170 Kongre \u00fcyesi Biden H\u00fck\u00fcmeti\u2019nden T\u00fcrkiye\u2019ye kar\u015f\u0131 \u00e7ok daha sert olmas\u0131n\u0131 talep etti\",\"datePublished\":\"2021-03-03T06:14:20+00:00\",\"mainEntityOfPage\":{\"@id\":\"https:\\\/\\\/akunq.net\\\/tr\\\/?p=61736\"},\"wordCount\":164,\"commentCount\":0,\"image\":{\"@id\":\"https:\\\/\\\/akunq.net\\\/tr\\\/?p=61736#primaryimage\"},\"thumbnailUrl\":\"https:\\\/\\\/akunq.net\\\/tr\\\/wp-content\\\/uploads\\\/sites\\\/6\\\/2021\\\/03\\\/ABD.jpg\",\"articleSection\":[\"Haberler\"],\"inLanguage\":\"en-US\",\"potentialAction\":[{\"@type\":\"CommentAction\",\"name\":\"Comment\",\"target\":[\"https:\\\/\\\/akunq.net\\\/tr\\\/?p=61736#respond\"]}]},{\"@type\":\"WebPage\",\"@id\":\"https:\\\/\\\/akunq.net\\\/tr\\\/?p=61736\",\"url\":\"https:\\\/\\\/akunq.net\\\/tr\\\/?p=61736\",\"name\":\"ABD\u2019de 170 Kongre \u00fcyesi Biden H\u00fck\u00fcmeti\u2019nden T\u00fcrkiye\u2019ye kar\u015f\u0131 \u00e7ok daha sert olmas\u0131n\u0131 talep etti - Bati Ermenistan Ve Bati Ermenileri Sorunlari Ara\u015ftirmalar Merkezi\",\"isPartOf\":{\"@id\":\"https:\\\/\\\/akunq.net\\\/tr\\\/#website\"},\"primaryImageOfPage\":{\"@id\":\"https:\\\/\\\/akunq.net\\\/tr\\\/?p=61736#primaryimage\"},\"image\":{\"@id\":\"https:\\\/\\\/akunq.net\\\/tr\\\/?p=61736#primaryimage\"},\"thumbnailUrl\":\"https:\\\/\\\/akunq.net\\\/tr\\\/wp-content\\\/uploads\\\/sites\\\/6\\\/2021\\\/03\\\/ABD.jpg\",\"datePublished\":\"2021-03-03T06:14:20+00:00\",\"author\":{\"@id\":\"https:\\\/\\\/akunq.net\\\/tr\\\/#\\\/schema\\\/person\\\/096f1d38a12cce57fb855b485ed24c9e\"},\"breadcrumb\":{\"@id\":\"https:\\\/\\\/akunq.net\\\/tr\\\/?p=61736#breadcrumb\"},\"inLanguage\":\"en-US\",\"potentialAction\":[{\"@type\":\"ReadAction\",\"target\":[\"https:\\\/\\\/akunq.net\\\/tr\\\/?p=61736\"]}]},{\"@type\":\"ImageObject\",\"inLanguage\":\"en-US\",\"@id\":\"https:\\\/\\\/akunq.net\\\/tr\\\/?p=61736#primaryimage\",\"url\":\"https:\\\/\\\/akunq.net\\\/tr\\\/wp-content\\\/uploads\\\/sites\\\/6\\\/2021\\\/03\\\/ABD.jpg\",\"contentUrl\":\"https:\\\/\\\/akunq.net\\\/tr\\\/wp-content\\\/uploads\\\/sites\\\/6\\\/2021\\\/03\\\/ABD.jpg\",\"width\":900,\"height\":450},{\"@type\":\"BreadcrumbList\",\"@id\":\"https:\\\/\\\/akunq.net\\\/tr\\\/?p=61736#breadcrumb\",\"itemListElement\":[{\"@type\":\"ListItem\",\"position\":1,\"name\":\"Home\",\"item\":\"https:\\\/\\\/akunq.net\\\/tr\"},{\"@type\":\"ListItem\",\"position\":2,\"name\":\"ABD\u2019de 170 Kongre \u00fcyesi Biden H\u00fck\u00fcmeti\u2019nden T\u00fcrkiye\u2019ye kar\u015f\u0131 \u00e7ok daha sert olmas\u0131n\u0131 talep etti\"}]},{\"@type\":\"WebSite\",\"@id\":\"https:\\\/\\\/akunq.net\\\/tr\\\/#website\",\"url\":\"https:\\\/\\\/akunq.net\\\/tr\\\/\",\"name\":\"Bati Ermenistan Ve Bati Ermenileri Sorunlari Ara\u015ftirmalar Merkezi\",\"description\":\"\",\"potentialAction\":[{\"@type\":\"SearchAction\",\"target\":{\"@type\":\"EntryPoint\",\"urlTemplate\":\"https:\\\/\\\/akunq.net\\\/tr\\\/?s={search_term_string}\"},\"query-input\":{\"@type\":\"PropertyValueSpecification\",\"valueRequired\":true,\"valueName\":\"search_term_string\"}}],\"inLanguage\":\"en-US\"},{\"@type\":\"Person\",\"@id\":\"https:\\\/\\\/akunq.net\\\/tr\\\/#\\\/schema\\\/person\\\/096f1d38a12cce57fb855b485ed24c9e\",\"name\":\"admin\",\"url\":\"https:\\\/\\\/akunq.net\\\/tr\\\/?author=7\"}]}<\/script>\n<!-- \/ Yoast SEO plugin. -->","yoast_head_json":{"title":"ABD\u2019de 170 Kongre \u00fcyesi Biden H\u00fck\u00fcmeti\u2019nden T\u00fcrkiye\u2019ye kar\u015f\u0131 \u00e7ok daha sert olmas\u0131n\u0131 talep etti - Bati Ermenistan Ve Bati Ermenileri Sorunlari Ara\u015ftirmalar Merkezi","robots":{"index":"index","follow":"follow","max-snippet":"max-snippet:-1","max-image-preview":"max-image-preview:large","max-video-preview":"max-video-preview:-1"},"canonical":"https:\/\/akunq.net\/tr\/?p=61736","og_locale":"en_US","og_type":"article","og_title":"ABD\u2019de 170 Kongre \u00fcyesi Biden H\u00fck\u00fcmeti\u2019nden T\u00fcrkiye\u2019ye kar\u015f\u0131 \u00e7ok daha sert olmas\u0131n\u0131 talep etti - Bati Ermenistan Ve Bati Ermenileri Sorunlari Ara\u015ftirmalar Merkezi","og_description":"Ermeni Uluslararas\u0131 ili\u015fkiler uzman\u0131 Suren Sargsyan ABD Kongre \u00fcyelerinin son \u00e7a\u011fr\u0131s\u0131yla ilgili yorumlarda bulundu. Surenyan\u2019\u0131n aktard\u0131\u011f\u0131 bilgilere g\u00f6re 170 Kongre \u00fcyesi ABD Devlet Ba\u015fkan\u0131 Joe Biden\u2019e \u00e7a\u011fr\u0131da bulunarak T\u00fcrkiye\u2019ye kar\u015f\u0131 \u00e7ok daha sert tutum sergilemeye davet etti. Daha \u00f6nce 21 \u015eubat tarihinde de Kongre \u00fcyeleri Biden\u2019e tekrar \u00e7a\u011fr\u0131da bulunarak T\u00fcrkiye ve Azerbaycan\u2019\u0131n sald\u0131rgan politikas\u0131na kar\u015f\u0131 [&hellip;]","og_url":"https:\/\/akunq.net\/tr\/?p=61736","og_site_name":"Bati Ermenistan Ve Bati Ermenileri Sorunlari Ara\u015ftirmalar Merkezi","article_published_time":"2021-03-03T06:14:20+00:00","og_image":[{"width":900,"height":450,"url":"https:\/\/akunq.net\/tr\/wp-content\/uploads\/sites\/6\/2021\/03\/ABD.jpg","type":"image\/jpeg"}],"author":"admin","twitter_card":"summary_large_image","twitter_misc":{"Written by":"admin","Est. reading time":"1 minute"},"schema":{"@context":"https:\/\/schema.org","@graph":[{"@type":"Article","@id":"https:\/\/akunq.net\/tr\/?p=61736#article","isPartOf":{"@id":"https:\/\/akunq.net\/tr\/?p=61736"},"author":{"name":"admin","@id":"https:\/\/akunq.net\/tr\/#\/schema\/person\/096f1d38a12cce57fb855b485ed24c9e"},"headline":"ABD\u2019de 170 Kongre \u00fcyesi Biden H\u00fck\u00fcmeti\u2019nden T\u00fcrkiye\u2019ye kar\u015f\u0131 \u00e7ok daha sert olmas\u0131n\u0131 talep etti","datePublished":"2021-03-03T06:14:20+00:00","mainEntityOfPage":{"@id":"https:\/\/akunq.net\/tr\/?p=61736"},"wordCount":164,"commentCount":0,"image":{"@id":"https:\/\/akunq.net\/tr\/?p=61736#primaryimage"},"thumbnailUrl":"https:\/\/akunq.net\/tr\/wp-content\/uploads\/sites\/6\/2021\/03\/ABD.jpg","articleSection":["Haberler"],"inLanguage":"en-US","potentialAction":[{"@type":"CommentAction","name":"Comment","target":["https:\/\/akunq.net\/tr\/?p=61736#respond"]}]},{"@type":"WebPage","@id":"https:\/\/akunq.net\/tr\/?p=61736","url":"https:\/\/akunq.net\/tr\/?p=61736","name":"ABD\u2019de 170 Kongre \u00fcyesi Biden H\u00fck\u00fcmeti\u2019nden T\u00fcrkiye\u2019ye kar\u015f\u0131 \u00e7ok daha sert olmas\u0131n\u0131 talep etti - Bati Ermenistan Ve Bati Ermenileri Sorunlari Ara\u015ftirmalar Merkezi","isPartOf":{"@id":"https:\/\/akunq.net\/tr\/#website"},"primaryImageOfPage":{"@id":"https:\/\/akunq.net\/tr\/?p=61736#primaryimage"},"image":{"@id":"https:\/\/akunq.net\/tr\/?p=61736#primaryimage"},"thumbnailUrl":"https:\/\/akunq.net\/tr\/wp-content\/uploads\/sites\/6\/2021\/03\/ABD.jpg","datePublished":"2021-03-03T06:14:20+00:00","author":{"@id":"https:\/\/akunq.net\/tr\/#\/schema\/person\/096f1d38a12cce57fb855b485ed24c9e"},"breadcrumb":{"@id":"https:\/\/akunq.net\/tr\/?p=61736#breadcrumb"},"inLanguage":"en-US","potentialAction":[{"@type":"ReadAction","target":["https:\/\/akunq.net\/tr\/?p=61736"]}]},{"@type":"ImageObject","inLanguage":"en-US","@id":"https:\/\/akunq.net\/tr\/?p=61736#primaryimage","url":"https:\/\/akunq.net\/tr\/wp-content\/uploads\/sites\/6\/2021\/03\/ABD.jpg","contentUrl":"https:\/\/akunq.net\/tr\/wp-content\/uploads\/sites\/6\/2021\/03\/ABD.jpg","width":900,"height":450},{"@type":"BreadcrumbList","@id":"https:\/\/akunq.net\/tr\/?p=61736#breadcrumb","itemListElement":[{"@type":"ListItem","position":1,"name":"Home","item":"https:\/\/akunq.net\/tr"},{"@type":"ListItem","position":2,"name":"ABD\u2019de 170 Kongre \u00fcyesi Biden H\u00fck\u00fcmeti\u2019nden T\u00fcrkiye\u2019ye kar\u015f\u0131 \u00e7ok daha sert olmas\u0131n\u0131 talep etti"}]},{"@type":"WebSite","@id":"https:\/\/akunq.net\/tr\/#website","url":"https:\/\/akunq.net\/tr\/","name":"Bati Ermenistan Ve Bati Ermenileri Sorunlari Ara\u015ftirmalar Merkezi","description":"","potentialAction":[{"@type":"SearchAction","target":{"@type":"EntryPoint","urlTemplate":"https:\/\/akunq.net\/tr\/?s={search_term_string}"},"query-input":{"@type":"PropertyValueSpecification","valueRequired":true,"valueName":"search_term_string"}}],"inLanguage":"en-US"},{"@type":"Person","@id":"https:\/\/akunq.net\/tr\/#\/schema\/person\/096f1d38a12cce57fb855b485ed24c9e","name":"admin","url":"https:\/\/akunq.net\/tr\/?author=7"}]}},"_links":{"self":[{"href":"https:\/\/akunq.net\/tr\/index.php?rest_route=\/wp\/v2\/posts\/61736","targetHints":{"allow":["GET"]}}],"collection":[{"href":"https:\/\/akunq.net\/tr\/index.php?rest_route=\/wp\/v2\/posts"}],"about":[{"href":"https:\/\/akunq.net\/tr\/index.php?rest_route=\/wp\/v2\/types\/post"}],"author":[{"embeddable":true,"href":"https:\/\/akunq.net\/tr\/index.php?rest_route=\/wp\/v2\/users\/7"}],"replies":[{"embeddable":true,"href":"https:\/\/akunq.net\/tr\/index.php?rest_route=%2Fwp%2Fv2%2Fcomments&post=61736"}],"version-history":[{"count":1,"href":"https:\/\/akunq.net\/tr\/index.php?rest_route=\/wp\/v2\/posts\/61736\/revisions"}],"predecessor-version":[{"id":61738,"href":"https:\/\/akunq.net\/tr\/index.php?rest_route=\/wp\/v2\/posts\/61736\/revisions\/61738"}],"wp:featuredmedia":[{"embeddable":true,"href":"https:\/\/akunq.net\/tr\/index.php?rest_route=\/wp\/v2\/media\/61737"}],"wp:attachment":[{"href":"https:\/\/akunq.net\/tr\/index.php?rest_route=%2Fwp%2Fv2%2Fmedia&parent=61736"}],"wp:term":[{"taxonomy":"category","embeddable":true,"href":"https:\/\/akunq.net\/tr\/index.php?rest_route=%2Fwp%2Fv2%2Fcategories&post=61736"},{"taxonomy":"post_tag","embeddable":true,"href":"https:\/\/akunq.net\/tr\/index.php?rest_route=%2Fwp%2Fv2%2Ftags&post=61736"}],"curies":[{"name":"wp","href":"https:\/\/api.w.org\/{rel}","templated":true}]}}