{"id":61732,"date":"2021-03-02T04:40:34","date_gmt":"2021-03-02T09:40:34","guid":{"rendered":"https:\/\/akunq.net\/tr\/?p=61732"},"modified":"2021-03-02T04:40:34","modified_gmt":"2021-03-02T09:40:34","slug":"trabzonda-heyecanlandiran-kesif-bu-kadarini-tahmin-etmezdim","status":"publish","type":"post","link":"https:\/\/akunq.net\/tr\/?p=61732","title":{"rendered":"Trabzon\u2019da heyecanland\u0131ran ke\u015fif: Bu kadar\u0131n\u0131 tahmin etmezdim"},"content":{"rendered":"<p><img loading=\"lazy\" decoding=\"async\" class=\"aligncenter size-medium wp-image-61733\" src=\"https:\/\/akunq.net\/tr\/wp-content\/uploads\/2021\/03\/Trabzon\u2019da-heyecanland\u0131ran-ke\u015fif-360x203.jpg\" alt=\"\" width=\"360\" height=\"203\" srcset=\"https:\/\/akunq.net\/tr\/wp-content\/uploads\/sites\/6\/2021\/03\/Trabzon\u2019da-heyecanland\u0131ran-ke\u015fif-360x203.jpg 360w, https:\/\/akunq.net\/tr\/wp-content\/uploads\/sites\/6\/2021\/03\/Trabzon\u2019da-heyecanland\u0131ran-ke\u015fif-560x315.jpg 560w, https:\/\/akunq.net\/tr\/wp-content\/uploads\/sites\/6\/2021\/03\/Trabzon\u2019da-heyecanland\u0131ran-ke\u015fif-260x146.jpg 260w, https:\/\/akunq.net\/tr\/wp-content\/uploads\/sites\/6\/2021\/03\/Trabzon\u2019da-heyecanland\u0131ran-ke\u015fif-160x90.jpg 160w, https:\/\/akunq.net\/tr\/wp-content\/uploads\/sites\/6\/2021\/03\/Trabzon\u2019da-heyecanland\u0131ran-ke\u015fif.jpg 750w\" sizes=\"auto, (max-width: 360px) 100vw, 360px\" \/><\/p>\n<p><em><strong>Trabzon\u2019da yap\u0131lan kaz\u0131da Roma \u0130mparatorlu\u011fu ve Ge\u00e7 Bizans d\u00f6nemine ait arkeolojik kal\u0131nt\u0131lara ula\u015f\u0131ld\u0131. Yap\u0131lan \u00e7al\u0131\u015fmalar\u0131 izleyen G\u00f6kay Aynac\u0131, \u2018Eskiden b\u00fcy\u00fcklerimiz de bize hep anlat\u0131rlard\u0131 buralarda hanlar saraylar vard\u0131 diye. Ama hi\u00e7 bu kadar\u0131n\u0131 tahmin etmezdim. \u00c7ok \u015fa\u015f\u0131rd\u0131m ama \u00e7ok ho\u015fuma gitti.\u2019 dedi.<\/strong><\/em><\/p>\n<p>Ortahisar il\u00e7esi Pazarkap\u0131 Mahallesi\u2019nde, otopark projesi i\u00e7in kamula\u015ft\u0131r\u0131lan arazide kaz\u0131 \u00e7al\u0131\u015fmas\u0131 i\u00e7in K\u00fclt\u00fcr ve Turizm Bakanl\u0131\u011f\u0131\u2019na ba\u015fvuru yap\u0131ld\u0131. Bakanl\u0131k onay\u0131n\u0131n ard\u0131ndan Trabzon K\u00fclt\u00fcr Varl\u0131klar\u0131n\u0131 Koruma B\u00f6lge Kurulu M\u00fcd\u00fcrl\u00fc\u011f\u00fc g\u00f6revlilerinin g\u00f6zetiminde alanda kaz\u0131 ba\u015flad\u0131. 5 bin metrekareye yay\u0131lan alanda s\u00fcren kaz\u0131larda Roma \u0130mparatoru Hadrianus ile Ge\u00e7 Bizans d\u00f6nemine ait yap\u0131lara ula\u015f\u0131ld\u0131. Milattan sonra 117-128 y\u0131llar\u0131 aras\u0131nda Roma \u0130mparatoru Hadrianus d\u00f6nemine ait oldu\u011fu d\u00fc\u015f\u00fcn\u00fclen \u015fehrin ilk sur duvar\u0131n\u0131n g\u00fcneydo\u011fu k\u00f6\u015fesinin bir b\u00f6l\u00fcm\u00fc, ayn\u0131 d\u00f6neme ait bir \u00f6rme s\u00fctun ile Ge\u00e7 Bizans d\u00f6nemi olarak bilinen 1460 y\u0131l\u0131na tarihlendirilen hendek duvar\u0131 g\u00fcn y\u00fcz\u00fcne \u00e7\u0131kar\u0131ld\u0131. Kaz\u0131larda ayr\u0131ca, Roma d\u00f6neminde yap\u0131lm\u0131\u015f evlerin \u00e7at\u0131s\u0131na ait kiremit ile \u00e7\u00f6mlek par\u00e7alar\u0131na ula\u015f\u0131ld\u0131. Uzmanlar, alan\u0131n tarihte b\u00f6lgenin ticarethane ve yerle\u015fim yeri oldu\u011fu g\u00f6r\u00fc\u015f\u00fcnde birle\u015fti.<\/p>\n<p><strong>YEN\u0130 KALINTILARA DA ULA\u015eILDI<\/strong><\/p>\n<p>B\u00f6lgedeki kaz\u0131lar arkeologlar e\u015fli\u011finde s\u00fcrd\u00fcr\u00fcl\u00fcrken alanda Roma ve Bizans d\u00f6nemlerine ait 4 sikke, 1 \u015famdan ve \u00e7ok say\u0131da seramik par\u00e7as\u0131n\u0131n yer ald\u0131\u011f\u0131 arkeolojik kal\u0131nt\u0131lara da ula\u015f\u0131ld\u0131. 4 ayr\u0131 a\u00e7mada farkl\u0131 noktalarda sondaj \u00e7al\u0131\u015fmalar\u0131 yap\u0131lan alanda yer yer 5-6 metre derinli\u011fe inildi. Mevcut sur duvarlar\u0131n\u0131n 9 metre d\u0131\u015f\u0131nda, d\u0131\u015f y\u00fcz\u00fc 4.5 metre derinli\u011fe inen an\u0131tsal bir hendek duvar\u0131 tespit edildi. Yap\u0131n\u0131n kuzey-g\u00fcney y\u00f6n\u00fcnde Bizans D\u00f6nemi\u2019ne ait oldu\u011fu belirlendi. Kaz\u0131alrda ayr\u0131ca mevcut sur duvar\u0131na 5.50 metre mesafede, 1.50 metre kal\u0131nl\u0131\u011f\u0131nda an\u0131tsal ilk sur duvar\u0131 tespit edildi. Yap\u0131n\u0131n temel izlerinin Roma D\u00f6nemi\u2019ne tarihlenen ve kaleyi koruma maksatl\u0131 yap\u0131lan yap\u0131 olabilece\u011fi de\u011ferlendirildi.<\/p>\n<p><strong>\u2018TRABZON \u0130\u00c7\u0130N \u00d6NEML\u0130 B\u0130R KE\u015e\u0130F\u2019<\/strong><\/p>\n<p>Trabzon tarihi i\u00e7in \u00f6nemli ve yeni bulgular elde edildi\u011fini ifade eden Karadeniz Teknik \u00dcniversitesi Edebiyat Fak\u00fcltesi Sanat Tarihi B\u00f6l\u00fcm\u00fc \u00f6\u011fretim \u00fcyesi Prof. Dr. Mehmet Yavuz, \u201cEn az\u0131ndan Hadrianus d\u00f6nemine ait dedi\u011fimiz sur yap\u0131s\u0131ndan haberimiz yoktu. Bu Trabzon i\u00e7in \u00f6nemli bir ke\u015fif. Trabzon tarihi i\u00e7in yeni bir bulgu. Bundan sonra \u00e7al\u0131\u015fmalar devam etti\u011fi takdirde benzer bulgulara ula\u015fmak m\u00fcmk\u00fcn. \u015eu ana kadar Trabzon\u2019un tarihsel olarak 4 ile 5 bin y\u0131ll\u0131k ge\u00e7mi\u015finden s\u00f6z ediliyor ama ortada somut o d\u00f6neme ait \u015feyler yok gibiydi, olanlar da s\u0131n\u0131rl\u0131yd\u0131. Art\u0131k k\u0131sa zamanda ve daha kapsaml\u0131 \u00e7al\u0131\u015fmada ortaya \u00e7\u0131kan eserler en az\u0131ndan burada Roma d\u00f6neminde burada imar ve iskan faaliyetinin yap\u0131ld\u0131\u011f\u0131n\u0131, imparatorlu\u011fun di\u011fer b\u00f6lgelerdeki anlay\u0131\u015f\u0131yla burada \u00e7ok fark\u0131n\u0131n olmad\u0131\u011f\u0131n\u0131 g\u00f6rd\u00fck.<\/p>\n<p>Mimari teknik a\u00e7\u0131s\u0131ndan, uygulanan y\u00f6ntem ve kullan\u0131lan malzeme a\u00e7\u0131s\u0131ndan ayn\u0131 \u00f6zellikleri g\u00f6steriyor. Buran\u0131n liman kenti olmas\u0131 ve Roma\u2019n\u0131n son d\u00f6nemini g\u00f6rmesi a\u00e7\u0131s\u0131ndan bizim i\u00e7in \u00f6nemli bir tespit oldu. Alan\u0131n tamam\u0131na bak\u0131ld\u0131\u011f\u0131nda hem kuzey hem g\u00fcney istikametinde daha zengin bulgulara ula\u015f\u0131labilece\u011fi muhtemel\u201d diye konu\u015ftu.<\/p>\n<p><strong>\u2018BU KADARINI TAHM\u0130N ETMEZD\u0130M\u2019<\/strong><\/p>\n<p>Yap\u0131lan kaz\u0131 \u00e7al\u0131\u015fmas\u0131n\u0131 merak edip g\u00f6rmeye gelen vatanda\u015flardan G\u00f6kay Aynac\u0131, \u201cBen bu alanda do\u011fdum. Eskiden burada evlerimiz vard\u0131. Sonradan buralar kamula\u015ft\u0131r\u0131ld\u0131. Evimizin bulundu\u011fu yerin alt\u0131ndan tarihi eserler \u00e7\u0131kt\u0131\u011f\u0131n\u0131 duyunca merak ettim g\u00f6rmeye geldim. Eskiden b\u00fcy\u00fcklerimiz de bize hep anlat\u0131rlard\u0131 buralarda hanlar saraylar vard\u0131 diye. Ama hi\u00e7 bu kadar\u0131n\u0131 tahmin etmezdim. \u00c7ok \u015fa\u015f\u0131rd\u0131m ama \u00e7ok ho\u015fuma gitti. Takip ediyoruz bakal\u0131m alt\u0131ndan neler \u00e7\u0131kacak\u201d \u015feklinde konu\u015ftu.<\/p>\n<p><strong>\u2018MERAKLA TAK\u0130P ED\u0130YORUZ\u2019<\/strong><\/p>\n<p>Mustafa \u0130nci ise, \u201cTrabzon tarihi bir kent. Yap\u0131lan kaz\u0131 \u00e7al\u0131\u015fmalar\u0131n\u0131 biz de merakla takip ediyoruz. Ama kaz\u0131 \u00e7al\u0131\u015fmalar\u0131n\u0131 aksatacak derecede merakl\u0131 vatanda\u015flar oluyor bu alanda. B\u00fct\u00fcn uyar\u0131lara ra\u011fmen iyice yakla\u015f\u0131p bakmak istiyorlar. Onlar\u0131n engel olmamas\u0131 gerekiyor yetkililere. Ben bu alan\u0131 g\u00f6r\u00fcnce \u00e7ok \u015fa\u015f\u0131rd\u0131m. Umar\u0131m buradan g\u00fczel bir alan \u00e7\u0131kar da turizme kazand\u0131r\u0131l\u0131r\u201d ifadelerine yer verdi.<\/p>\n<p><strong><em>Aleyna KESK\u0130N-Tolga SA\u011eLAM\/TRABZON, (DHA)\u00a0<\/em><\/strong><\/p>\n<p><em><strong><a href=\"https:\/\/www.hurriyet.com.tr\/gundem\/trabzonda-heyecanlandiran-kesif-bu-kadarini-tahmin-etmezdim-41752144\" target=\"_blank\" rel=\"noopener noreferrer\">H\u00fcrriyet Gazetesi<\/a><\/strong><\/em><\/p>\n","protected":false},"excerpt":{"rendered":"<p>Trabzon\u2019da yap\u0131lan kaz\u0131da Roma \u0130mparatorlu\u011fu ve Ge\u00e7 Bizans d\u00f6nemine ait arkeolojik kal\u0131nt\u0131lara ula\u015f\u0131ld\u0131. Yap\u0131lan \u00e7al\u0131\u015fmalar\u0131 izleyen G\u00f6kay Aynac\u0131, \u2018Eskiden b\u00fcy\u00fcklerimiz de bize hep anlat\u0131rlard\u0131 buralarda hanlar saraylar vard\u0131 diye. Ama hi\u00e7 bu kadar\u0131n\u0131 tahmin etmezdim. \u00c7ok \u015fa\u015f\u0131rd\u0131m ama \u00e7ok ho\u015fuma gitti.\u2019 dedi. Ortahisar il\u00e7esi Pazarkap\u0131 Mahallesi\u2019nde, otopark projesi i\u00e7in kamula\u015ft\u0131r\u0131lan arazide kaz\u0131 \u00e7al\u0131\u015fmas\u0131 i\u00e7in K\u00fclt\u00fcr [&hellip;]<\/p>\n","protected":false},"author":7,"featured_media":61733,"comment_status":"open","ping_status":"open","sticky":false,"template":"","format":"standard","meta":{"footnotes":""},"categories":[1],"tags":[],"class_list":["post-61732","post","type-post","status-publish","format-standard","has-post-thumbnail","hentry","category-haberler"],"yoast_head":"<!-- This site is optimized with the Yoast SEO plugin v27.4 - https:\/\/yoast.com\/product\/yoast-seo-wordpress\/ -->\n<title>Trabzon\u2019da heyecanland\u0131ran ke\u015fif: Bu kadar\u0131n\u0131 tahmin etmezdim - Bati Ermenistan Ve Bati Ermenileri Sorunlari Ara\u015ftirmalar Merkezi<\/title>\n<meta name=\"robots\" content=\"index, follow, max-snippet:-1, max-image-preview:large, max-video-preview:-1\" \/>\n<link rel=\"canonical\" href=\"https:\/\/akunq.net\/tr\/?p=61732\" \/>\n<meta property=\"og:locale\" content=\"en_US\" \/>\n<meta property=\"og:type\" content=\"article\" \/>\n<meta property=\"og:title\" content=\"Trabzon\u2019da heyecanland\u0131ran ke\u015fif: Bu kadar\u0131n\u0131 tahmin etmezdim - Bati Ermenistan Ve Bati Ermenileri Sorunlari Ara\u015ftirmalar Merkezi\" \/>\n<meta property=\"og:description\" content=\"Trabzon\u2019da yap\u0131lan kaz\u0131da Roma \u0130mparatorlu\u011fu ve Ge\u00e7 Bizans d\u00f6nemine ait arkeolojik kal\u0131nt\u0131lara ula\u015f\u0131ld\u0131. Yap\u0131lan \u00e7al\u0131\u015fmalar\u0131 izleyen G\u00f6kay Aynac\u0131, \u2018Eskiden b\u00fcy\u00fcklerimiz de bize hep anlat\u0131rlard\u0131 buralarda hanlar saraylar vard\u0131 diye. Ama hi\u00e7 bu kadar\u0131n\u0131 tahmin etmezdim. \u00c7ok \u015fa\u015f\u0131rd\u0131m ama \u00e7ok ho\u015fuma gitti.\u2019 dedi. Ortahisar il\u00e7esi Pazarkap\u0131 Mahallesi\u2019nde, otopark projesi i\u00e7in kamula\u015ft\u0131r\u0131lan arazide kaz\u0131 \u00e7al\u0131\u015fmas\u0131 i\u00e7in K\u00fclt\u00fcr [&hellip;]\" \/>\n<meta property=\"og:url\" content=\"https:\/\/akunq.net\/tr\/?p=61732\" \/>\n<meta property=\"og:site_name\" content=\"Bati Ermenistan Ve Bati Ermenileri Sorunlari Ara\u015ftirmalar Merkezi\" \/>\n<meta property=\"article:published_time\" content=\"2021-03-02T09:40:34+00:00\" \/>\n<meta property=\"og:image\" content=\"https:\/\/akunq.net\/tr\/wp-content\/uploads\/sites\/6\/2021\/03\/Trabzon\u2019da-heyecanland\u0131ran-ke\u015fif.jpg\" \/>\n\t<meta property=\"og:image:width\" content=\"750\" \/>\n\t<meta property=\"og:image:height\" content=\"422\" \/>\n\t<meta property=\"og:image:type\" content=\"image\/jpeg\" \/>\n<meta name=\"author\" content=\"admin\" \/>\n<meta name=\"twitter:card\" content=\"summary_large_image\" \/>\n<meta name=\"twitter:label1\" content=\"Written by\" \/>\n\t<meta name=\"twitter:data1\" content=\"admin\" \/>\n\t<meta name=\"twitter:label2\" content=\"Est. reading time\" \/>\n\t<meta name=\"twitter:data2\" content=\"4 minutes\" \/>\n<script type=\"application\/ld+json\" class=\"yoast-schema-graph\">{\"@context\":\"https:\\\/\\\/schema.org\",\"@graph\":[{\"@type\":\"Article\",\"@id\":\"https:\\\/\\\/akunq.net\\\/tr\\\/?p=61732#article\",\"isPartOf\":{\"@id\":\"https:\\\/\\\/akunq.net\\\/tr\\\/?p=61732\"},\"author\":{\"name\":\"admin\",\"@id\":\"https:\\\/\\\/akunq.net\\\/tr\\\/#\\\/schema\\\/person\\\/096f1d38a12cce57fb855b485ed24c9e\"},\"headline\":\"Trabzon\u2019da heyecanland\u0131ran ke\u015fif: Bu kadar\u0131n\u0131 tahmin etmezdim\",\"datePublished\":\"2021-03-02T09:40:34+00:00\",\"mainEntityOfPage\":{\"@id\":\"https:\\\/\\\/akunq.net\\\/tr\\\/?p=61732\"},\"wordCount\":810,\"commentCount\":0,\"image\":{\"@id\":\"https:\\\/\\\/akunq.net\\\/tr\\\/?p=61732#primaryimage\"},\"thumbnailUrl\":\"https:\\\/\\\/akunq.net\\\/tr\\\/wp-content\\\/uploads\\\/sites\\\/6\\\/2021\\\/03\\\/Trabzon\u2019da-heyecanland\u0131ran-ke\u015fif.jpg\",\"articleSection\":[\"Haberler\"],\"inLanguage\":\"en-US\",\"potentialAction\":[{\"@type\":\"CommentAction\",\"name\":\"Comment\",\"target\":[\"https:\\\/\\\/akunq.net\\\/tr\\\/?p=61732#respond\"]}]},{\"@type\":\"WebPage\",\"@id\":\"https:\\\/\\\/akunq.net\\\/tr\\\/?p=61732\",\"url\":\"https:\\\/\\\/akunq.net\\\/tr\\\/?p=61732\",\"name\":\"Trabzon\u2019da heyecanland\u0131ran ke\u015fif: Bu kadar\u0131n\u0131 tahmin etmezdim - Bati Ermenistan Ve Bati Ermenileri Sorunlari Ara\u015ftirmalar Merkezi\",\"isPartOf\":{\"@id\":\"https:\\\/\\\/akunq.net\\\/tr\\\/#website\"},\"primaryImageOfPage\":{\"@id\":\"https:\\\/\\\/akunq.net\\\/tr\\\/?p=61732#primaryimage\"},\"image\":{\"@id\":\"https:\\\/\\\/akunq.net\\\/tr\\\/?p=61732#primaryimage\"},\"thumbnailUrl\":\"https:\\\/\\\/akunq.net\\\/tr\\\/wp-content\\\/uploads\\\/sites\\\/6\\\/2021\\\/03\\\/Trabzon\u2019da-heyecanland\u0131ran-ke\u015fif.jpg\",\"datePublished\":\"2021-03-02T09:40:34+00:00\",\"author\":{\"@id\":\"https:\\\/\\\/akunq.net\\\/tr\\\/#\\\/schema\\\/person\\\/096f1d38a12cce57fb855b485ed24c9e\"},\"breadcrumb\":{\"@id\":\"https:\\\/\\\/akunq.net\\\/tr\\\/?p=61732#breadcrumb\"},\"inLanguage\":\"en-US\",\"potentialAction\":[{\"@type\":\"ReadAction\",\"target\":[\"https:\\\/\\\/akunq.net\\\/tr\\\/?p=61732\"]}]},{\"@type\":\"ImageObject\",\"inLanguage\":\"en-US\",\"@id\":\"https:\\\/\\\/akunq.net\\\/tr\\\/?p=61732#primaryimage\",\"url\":\"https:\\\/\\\/akunq.net\\\/tr\\\/wp-content\\\/uploads\\\/sites\\\/6\\\/2021\\\/03\\\/Trabzon\u2019da-heyecanland\u0131ran-ke\u015fif.jpg\",\"contentUrl\":\"https:\\\/\\\/akunq.net\\\/tr\\\/wp-content\\\/uploads\\\/sites\\\/6\\\/2021\\\/03\\\/Trabzon\u2019da-heyecanland\u0131ran-ke\u015fif.jpg\",\"width\":750,\"height\":422},{\"@type\":\"BreadcrumbList\",\"@id\":\"https:\\\/\\\/akunq.net\\\/tr\\\/?p=61732#breadcrumb\",\"itemListElement\":[{\"@type\":\"ListItem\",\"position\":1,\"name\":\"Home\",\"item\":\"https:\\\/\\\/akunq.net\\\/tr\"},{\"@type\":\"ListItem\",\"position\":2,\"name\":\"Trabzon\u2019da heyecanland\u0131ran ke\u015fif: Bu kadar\u0131n\u0131 tahmin etmezdim\"}]},{\"@type\":\"WebSite\",\"@id\":\"https:\\\/\\\/akunq.net\\\/tr\\\/#website\",\"url\":\"https:\\\/\\\/akunq.net\\\/tr\\\/\",\"name\":\"Bati Ermenistan Ve Bati Ermenileri Sorunlari Ara\u015ftirmalar Merkezi\",\"description\":\"\",\"potentialAction\":[{\"@type\":\"SearchAction\",\"target\":{\"@type\":\"EntryPoint\",\"urlTemplate\":\"https:\\\/\\\/akunq.net\\\/tr\\\/?s={search_term_string}\"},\"query-input\":{\"@type\":\"PropertyValueSpecification\",\"valueRequired\":true,\"valueName\":\"search_term_string\"}}],\"inLanguage\":\"en-US\"},{\"@type\":\"Person\",\"@id\":\"https:\\\/\\\/akunq.net\\\/tr\\\/#\\\/schema\\\/person\\\/096f1d38a12cce57fb855b485ed24c9e\",\"name\":\"admin\",\"url\":\"https:\\\/\\\/akunq.net\\\/tr\\\/?author=7\"}]}<\/script>\n<!-- \/ Yoast SEO plugin. -->","yoast_head_json":{"title":"Trabzon\u2019da heyecanland\u0131ran ke\u015fif: Bu kadar\u0131n\u0131 tahmin etmezdim - Bati Ermenistan Ve Bati Ermenileri Sorunlari Ara\u015ftirmalar Merkezi","robots":{"index":"index","follow":"follow","max-snippet":"max-snippet:-1","max-image-preview":"max-image-preview:large","max-video-preview":"max-video-preview:-1"},"canonical":"https:\/\/akunq.net\/tr\/?p=61732","og_locale":"en_US","og_type":"article","og_title":"Trabzon\u2019da heyecanland\u0131ran ke\u015fif: Bu kadar\u0131n\u0131 tahmin etmezdim - Bati Ermenistan Ve Bati Ermenileri Sorunlari Ara\u015ftirmalar Merkezi","og_description":"Trabzon\u2019da yap\u0131lan kaz\u0131da Roma \u0130mparatorlu\u011fu ve Ge\u00e7 Bizans d\u00f6nemine ait arkeolojik kal\u0131nt\u0131lara ula\u015f\u0131ld\u0131. Yap\u0131lan \u00e7al\u0131\u015fmalar\u0131 izleyen G\u00f6kay Aynac\u0131, \u2018Eskiden b\u00fcy\u00fcklerimiz de bize hep anlat\u0131rlard\u0131 buralarda hanlar saraylar vard\u0131 diye. Ama hi\u00e7 bu kadar\u0131n\u0131 tahmin etmezdim. \u00c7ok \u015fa\u015f\u0131rd\u0131m ama \u00e7ok ho\u015fuma gitti.\u2019 dedi. Ortahisar il\u00e7esi Pazarkap\u0131 Mahallesi\u2019nde, otopark projesi i\u00e7in kamula\u015ft\u0131r\u0131lan arazide kaz\u0131 \u00e7al\u0131\u015fmas\u0131 i\u00e7in K\u00fclt\u00fcr [&hellip;]","og_url":"https:\/\/akunq.net\/tr\/?p=61732","og_site_name":"Bati Ermenistan Ve Bati Ermenileri Sorunlari Ara\u015ftirmalar Merkezi","article_published_time":"2021-03-02T09:40:34+00:00","og_image":[{"width":750,"height":422,"url":"https:\/\/akunq.net\/tr\/wp-content\/uploads\/sites\/6\/2021\/03\/Trabzon\u2019da-heyecanland\u0131ran-ke\u015fif.jpg","type":"image\/jpeg"}],"author":"admin","twitter_card":"summary_large_image","twitter_misc":{"Written by":"admin","Est. reading time":"4 minutes"},"schema":{"@context":"https:\/\/schema.org","@graph":[{"@type":"Article","@id":"https:\/\/akunq.net\/tr\/?p=61732#article","isPartOf":{"@id":"https:\/\/akunq.net\/tr\/?p=61732"},"author":{"name":"admin","@id":"https:\/\/akunq.net\/tr\/#\/schema\/person\/096f1d38a12cce57fb855b485ed24c9e"},"headline":"Trabzon\u2019da heyecanland\u0131ran ke\u015fif: Bu kadar\u0131n\u0131 tahmin etmezdim","datePublished":"2021-03-02T09:40:34+00:00","mainEntityOfPage":{"@id":"https:\/\/akunq.net\/tr\/?p=61732"},"wordCount":810,"commentCount":0,"image":{"@id":"https:\/\/akunq.net\/tr\/?p=61732#primaryimage"},"thumbnailUrl":"https:\/\/akunq.net\/tr\/wp-content\/uploads\/sites\/6\/2021\/03\/Trabzon\u2019da-heyecanland\u0131ran-ke\u015fif.jpg","articleSection":["Haberler"],"inLanguage":"en-US","potentialAction":[{"@type":"CommentAction","name":"Comment","target":["https:\/\/akunq.net\/tr\/?p=61732#respond"]}]},{"@type":"WebPage","@id":"https:\/\/akunq.net\/tr\/?p=61732","url":"https:\/\/akunq.net\/tr\/?p=61732","name":"Trabzon\u2019da heyecanland\u0131ran ke\u015fif: Bu kadar\u0131n\u0131 tahmin etmezdim - Bati Ermenistan Ve Bati Ermenileri Sorunlari Ara\u015ftirmalar Merkezi","isPartOf":{"@id":"https:\/\/akunq.net\/tr\/#website"},"primaryImageOfPage":{"@id":"https:\/\/akunq.net\/tr\/?p=61732#primaryimage"},"image":{"@id":"https:\/\/akunq.net\/tr\/?p=61732#primaryimage"},"thumbnailUrl":"https:\/\/akunq.net\/tr\/wp-content\/uploads\/sites\/6\/2021\/03\/Trabzon\u2019da-heyecanland\u0131ran-ke\u015fif.jpg","datePublished":"2021-03-02T09:40:34+00:00","author":{"@id":"https:\/\/akunq.net\/tr\/#\/schema\/person\/096f1d38a12cce57fb855b485ed24c9e"},"breadcrumb":{"@id":"https:\/\/akunq.net\/tr\/?p=61732#breadcrumb"},"inLanguage":"en-US","potentialAction":[{"@type":"ReadAction","target":["https:\/\/akunq.net\/tr\/?p=61732"]}]},{"@type":"ImageObject","inLanguage":"en-US","@id":"https:\/\/akunq.net\/tr\/?p=61732#primaryimage","url":"https:\/\/akunq.net\/tr\/wp-content\/uploads\/sites\/6\/2021\/03\/Trabzon\u2019da-heyecanland\u0131ran-ke\u015fif.jpg","contentUrl":"https:\/\/akunq.net\/tr\/wp-content\/uploads\/sites\/6\/2021\/03\/Trabzon\u2019da-heyecanland\u0131ran-ke\u015fif.jpg","width":750,"height":422},{"@type":"BreadcrumbList","@id":"https:\/\/akunq.net\/tr\/?p=61732#breadcrumb","itemListElement":[{"@type":"ListItem","position":1,"name":"Home","item":"https:\/\/akunq.net\/tr"},{"@type":"ListItem","position":2,"name":"Trabzon\u2019da heyecanland\u0131ran ke\u015fif: Bu kadar\u0131n\u0131 tahmin etmezdim"}]},{"@type":"WebSite","@id":"https:\/\/akunq.net\/tr\/#website","url":"https:\/\/akunq.net\/tr\/","name":"Bati Ermenistan Ve Bati Ermenileri Sorunlari Ara\u015ftirmalar Merkezi","description":"","potentialAction":[{"@type":"SearchAction","target":{"@type":"EntryPoint","urlTemplate":"https:\/\/akunq.net\/tr\/?s={search_term_string}"},"query-input":{"@type":"PropertyValueSpecification","valueRequired":true,"valueName":"search_term_string"}}],"inLanguage":"en-US"},{"@type":"Person","@id":"https:\/\/akunq.net\/tr\/#\/schema\/person\/096f1d38a12cce57fb855b485ed24c9e","name":"admin","url":"https:\/\/akunq.net\/tr\/?author=7"}]}},"_links":{"self":[{"href":"https:\/\/akunq.net\/tr\/index.php?rest_route=\/wp\/v2\/posts\/61732","targetHints":{"allow":["GET"]}}],"collection":[{"href":"https:\/\/akunq.net\/tr\/index.php?rest_route=\/wp\/v2\/posts"}],"about":[{"href":"https:\/\/akunq.net\/tr\/index.php?rest_route=\/wp\/v2\/types\/post"}],"author":[{"embeddable":true,"href":"https:\/\/akunq.net\/tr\/index.php?rest_route=\/wp\/v2\/users\/7"}],"replies":[{"embeddable":true,"href":"https:\/\/akunq.net\/tr\/index.php?rest_route=%2Fwp%2Fv2%2Fcomments&post=61732"}],"version-history":[{"count":1,"href":"https:\/\/akunq.net\/tr\/index.php?rest_route=\/wp\/v2\/posts\/61732\/revisions"}],"predecessor-version":[{"id":61734,"href":"https:\/\/akunq.net\/tr\/index.php?rest_route=\/wp\/v2\/posts\/61732\/revisions\/61734"}],"wp:featuredmedia":[{"embeddable":true,"href":"https:\/\/akunq.net\/tr\/index.php?rest_route=\/wp\/v2\/media\/61733"}],"wp:attachment":[{"href":"https:\/\/akunq.net\/tr\/index.php?rest_route=%2Fwp%2Fv2%2Fmedia&parent=61732"}],"wp:term":[{"taxonomy":"category","embeddable":true,"href":"https:\/\/akunq.net\/tr\/index.php?rest_route=%2Fwp%2Fv2%2Fcategories&post=61732"},{"taxonomy":"post_tag","embeddable":true,"href":"https:\/\/akunq.net\/tr\/index.php?rest_route=%2Fwp%2Fv2%2Ftags&post=61732"}],"curies":[{"name":"wp","href":"https:\/\/api.w.org\/{rel}","templated":true}]}}