{"id":61729,"date":"2021-03-02T04:31:36","date_gmt":"2021-03-02T09:31:36","guid":{"rendered":"https:\/\/akunq.net\/tr\/?p=61729"},"modified":"2021-03-02T04:31:36","modified_gmt":"2021-03-02T09:31:36","slug":"fethiye-kalesi-ve-kayakoy-yukari-kilise-turizme-kazandiriliyor","status":"publish","type":"post","link":"https:\/\/akunq.net\/tr\/?p=61729","title":{"rendered":"Fethiye Kalesi ve Kayak\u00f6y Yukar\u0131 Kilise turizme kazand\u0131r\u0131l\u0131yor"},"content":{"rendered":"<p><img loading=\"lazy\" decoding=\"async\" class=\"aligncenter size-medium wp-image-61730\" src=\"https:\/\/akunq.net\/tr\/wp-content\/uploads\/2021\/03\/Fethiye-Kalesi-ve-Kayak\u00f6y-Yukar\u0131-Kilise-360x203.jpeg\" alt=\"\" width=\"360\" height=\"203\" srcset=\"https:\/\/akunq.net\/tr\/wp-content\/uploads\/sites\/6\/2021\/03\/Fethiye-Kalesi-ve-Kayak\u00f6y-Yukar\u0131-Kilise-360x203.jpeg 360w, https:\/\/akunq.net\/tr\/wp-content\/uploads\/sites\/6\/2021\/03\/Fethiye-Kalesi-ve-Kayak\u00f6y-Yukar\u0131-Kilise-768x433.jpeg 768w, https:\/\/akunq.net\/tr\/wp-content\/uploads\/sites\/6\/2021\/03\/Fethiye-Kalesi-ve-Kayak\u00f6y-Yukar\u0131-Kilise-560x315.jpeg 560w, https:\/\/akunq.net\/tr\/wp-content\/uploads\/sites\/6\/2021\/03\/Fethiye-Kalesi-ve-Kayak\u00f6y-Yukar\u0131-Kilise-260x146.jpeg 260w, https:\/\/akunq.net\/tr\/wp-content\/uploads\/sites\/6\/2021\/03\/Fethiye-Kalesi-ve-Kayak\u00f6y-Yukar\u0131-Kilise-160x90.jpeg 160w, https:\/\/akunq.net\/tr\/wp-content\/uploads\/sites\/6\/2021\/03\/Fethiye-Kalesi-ve-Kayak\u00f6y-Yukar\u0131-Kilise.jpeg 1330w\" sizes=\"auto, (max-width: 360px) 100vw, 360px\" \/><\/p>\n<p><em><strong>Ge\u00e7ti\u011fimiz haftalarda Vali Orhan Tavl\u0131 ve K\u00fclt\u00fcr Turizm \u0130l M\u00fcd\u00fcr\u00fc Dr. Zekeriya Bing\u00f6l\u2019\u00fcn Fethiye\u2019de yapt\u0131klar\u0131 incelmenin ard\u0131ndan, Mu\u011fla Valili\u011fi, Fethiye Kaymakaml\u0131\u011f\u0131, Fethiye Belediyesi ve K\u00fclt\u00fcr Turizm \u0130l M\u00fcd\u00fcrl\u00fc\u011f\u00fc i\u015fbirli\u011finde \u00e7al\u0131\u015fma ba\u015flat\u0131ld\u0131.<\/strong><\/em><\/p>\n<p>\u0130lk olarak Fethiye M\u00fczesinden Arkeolog Fuat Durmu\u015f ve kesikkap\u0131 mah. muhtar\u0131 S\u00fczer Ta\u015fer ile birlikte yap\u0131lan \u00f6n \u00e7al\u0131\u015fman\u0131n ard\u0131ndan, il M\u00fcd\u00fcrl\u00fc\u011f\u00fc taraf\u0131ndan g\u00f6revlendirilen Medeniyet \u00dcniversitesi \u00d6\u011fretim \u00dcyesi ve Be\u00e7in Kalesi Kaz\u0131 Ba\u015fkan\u0131 Prof. Dr. Kadir Pekta\u015f ve \u00e7al\u0131\u015fma arkada\u015flar\u0131 Arkeolog Serhat \u00c7a\u011flar, Dr. Nesrin Kanbero\u011flu Fethiye Kalesi, Kesikkap\u0131 mah. bulunan antik eserler, Ahmet Gaziye ithaf edilen T\u00fcrbe ve \u015e\u00f6valye adas\u0131nda kapsaml\u0131 ara\u015ft\u0131rma yapt\u0131lar.<br \/>\nEkibe Fethiye Kaymakam\u0131 Ey\u00fcp F\u0131rat, Fethiye Belediye Ba\u015fkan\u0131 Alim Karacan, Mimar Aylin Hepdizdar ve Turizm Dan\u0131\u015fma B\u00fcro Sorumlusu Saffet D\u00fcndar destek verdiler. Ayr\u0131ca \u0130l M\u00fcd\u00fcrl\u00fc\u011f\u00fcn\u00fcn talimat\u0131 ile Kayak\u00f6y\u2019de bulunan Yukar\u0131 Kilise\u2019nin de r\u00f6levesi i\u00e7in Dr. Eylem Aydo\u011fdu taraf\u0131ndan \u00e7al\u0131\u015fma ba\u015flad\u0131.<br \/>\nHafta sonu yap\u0131lan \u00e7al\u0131\u015fmalar\u0131 yerinde g\u00f6r\u00fcp incelemelerde bulunmak \u00fczere \u0130l K\u00fclt\u00fcr ve Turizm M\u00fcd\u00fcr\u00fc Dr. Zekeriya Bing\u00f6l ve Yard\u0131mc\u0131s\u0131 Filiz Karacaa\u011fa\u00e7 Fethiye\u2019deydiler. \u0130lk olarak Fethiye Kalesinde yap\u0131lan \u00e7al\u0131\u015fmalar hakk\u0131nda Prof. Dr. Kadir Pekta\u015f\u2019tan bilgi ald\u0131lar. Daha sonra Kayak\u00f6y\u2019deki Yukar\u0131 Kilisede ve Gemiler Adas\u0131nda incelemelerde bulundular. \u00a0Al\u0131nan bilgiye g\u00f6re K\u00fclt\u00fcr ve Turizm Bakanl\u0131\u011f\u0131, Mu\u011fla Valili\u011fi ve Fethiye Belediyesi i\u015fbirli\u011finde Fethiye Kalesinde bir dizi \u00e7al\u0131\u015fmalar ba\u015flat\u0131laca\u011f\u0131, Kayak\u00f6y\u2019deki Yukar\u0131 Kilise\u2019nin de Bakanl\u0131k ve Valilik (Y\u0130KOB) taraf\u0131ndan restorasyon \u00e7al\u0131\u015fmas\u0131 yap\u0131laca\u011f\u0131 \u00f6\u011frenildi.<\/p>\n<p><em><strong><a href=\"https:\/\/gercekfethiye.com\/fethiye-kalesi-ve-kayakoy-yukari-kilise-turizme-kazandiriliyor\/35488\/\">https:\/\/gercekfethiye.com\/fethiye-kalesi-ve-kayakoy-yukari-kilise-turizme-kazandiriliyor\/35488\/<\/a>\u00a0<\/strong><\/em><\/p>\n","protected":false},"excerpt":{"rendered":"<p>Ge\u00e7ti\u011fimiz haftalarda Vali Orhan Tavl\u0131 ve K\u00fclt\u00fcr Turizm \u0130l M\u00fcd\u00fcr\u00fc Dr. Zekeriya Bing\u00f6l\u2019\u00fcn Fethiye\u2019de yapt\u0131klar\u0131 incelmenin ard\u0131ndan, Mu\u011fla Valili\u011fi, Fethiye Kaymakaml\u0131\u011f\u0131, Fethiye Belediyesi ve K\u00fclt\u00fcr Turizm \u0130l M\u00fcd\u00fcrl\u00fc\u011f\u00fc i\u015fbirli\u011finde \u00e7al\u0131\u015fma ba\u015flat\u0131ld\u0131. \u0130lk olarak Fethiye M\u00fczesinden Arkeolog Fuat Durmu\u015f ve kesikkap\u0131 mah. muhtar\u0131 S\u00fczer Ta\u015fer ile birlikte yap\u0131lan \u00f6n \u00e7al\u0131\u015fman\u0131n ard\u0131ndan, il M\u00fcd\u00fcrl\u00fc\u011f\u00fc taraf\u0131ndan g\u00f6revlendirilen Medeniyet [&hellip;]<\/p>\n","protected":false},"author":7,"featured_media":61730,"comment_status":"open","ping_status":"open","sticky":false,"template":"","format":"standard","meta":{"footnotes":""},"categories":[1],"tags":[],"class_list":["post-61729","post","type-post","status-publish","format-standard","has-post-thumbnail","hentry","category-haberler"],"yoast_head":"<!-- This site is optimized with the Yoast SEO plugin v27.4 - https:\/\/yoast.com\/product\/yoast-seo-wordpress\/ -->\n<title>Fethiye Kalesi ve Kayak\u00f6y Yukar\u0131 Kilise turizme kazand\u0131r\u0131l\u0131yor - Bati Ermenistan Ve Bati Ermenileri Sorunlari Ara\u015ftirmalar Merkezi<\/title>\n<meta name=\"robots\" content=\"index, follow, max-snippet:-1, max-image-preview:large, max-video-preview:-1\" \/>\n<link rel=\"canonical\" href=\"https:\/\/akunq.net\/tr\/?p=61729\" \/>\n<meta property=\"og:locale\" content=\"en_US\" \/>\n<meta property=\"og:type\" content=\"article\" \/>\n<meta property=\"og:title\" content=\"Fethiye Kalesi ve Kayak\u00f6y Yukar\u0131 Kilise turizme kazand\u0131r\u0131l\u0131yor - Bati Ermenistan Ve Bati Ermenileri Sorunlari Ara\u015ftirmalar Merkezi\" \/>\n<meta property=\"og:description\" content=\"Ge\u00e7ti\u011fimiz haftalarda Vali Orhan Tavl\u0131 ve K\u00fclt\u00fcr Turizm \u0130l M\u00fcd\u00fcr\u00fc Dr. Zekeriya Bing\u00f6l\u2019\u00fcn Fethiye\u2019de yapt\u0131klar\u0131 incelmenin ard\u0131ndan, Mu\u011fla Valili\u011fi, Fethiye Kaymakaml\u0131\u011f\u0131, Fethiye Belediyesi ve K\u00fclt\u00fcr Turizm \u0130l M\u00fcd\u00fcrl\u00fc\u011f\u00fc i\u015fbirli\u011finde \u00e7al\u0131\u015fma ba\u015flat\u0131ld\u0131. \u0130lk olarak Fethiye M\u00fczesinden Arkeolog Fuat Durmu\u015f ve kesikkap\u0131 mah. muhtar\u0131 S\u00fczer Ta\u015fer ile birlikte yap\u0131lan \u00f6n \u00e7al\u0131\u015fman\u0131n ard\u0131ndan, il M\u00fcd\u00fcrl\u00fc\u011f\u00fc taraf\u0131ndan g\u00f6revlendirilen Medeniyet [&hellip;]\" \/>\n<meta property=\"og:url\" content=\"https:\/\/akunq.net\/tr\/?p=61729\" \/>\n<meta property=\"og:site_name\" content=\"Bati Ermenistan Ve Bati Ermenileri Sorunlari Ara\u015ftirmalar Merkezi\" \/>\n<meta property=\"article:published_time\" content=\"2021-03-02T09:31:36+00:00\" \/>\n<meta property=\"og:image\" content=\"https:\/\/akunq.net\/tr\/wp-content\/uploads\/sites\/6\/2021\/03\/Fethiye-Kalesi-ve-Kayak\u00f6y-Yukar\u0131-Kilise.jpeg\" \/>\n\t<meta property=\"og:image:width\" content=\"1330\" \/>\n\t<meta property=\"og:image:height\" content=\"749\" \/>\n\t<meta property=\"og:image:type\" content=\"image\/jpeg\" \/>\n<meta name=\"author\" content=\"admin\" \/>\n<meta name=\"twitter:card\" content=\"summary_large_image\" \/>\n<meta name=\"twitter:label1\" content=\"Written by\" \/>\n\t<meta name=\"twitter:data1\" content=\"admin\" \/>\n\t<meta name=\"twitter:label2\" content=\"Est. reading time\" \/>\n\t<meta name=\"twitter:data2\" content=\"2 minutes\" \/>\n<script type=\"application\/ld+json\" class=\"yoast-schema-graph\">{\"@context\":\"https:\\\/\\\/schema.org\",\"@graph\":[{\"@type\":\"Article\",\"@id\":\"https:\\\/\\\/akunq.net\\\/tr\\\/?p=61729#article\",\"isPartOf\":{\"@id\":\"https:\\\/\\\/akunq.net\\\/tr\\\/?p=61729\"},\"author\":{\"name\":\"admin\",\"@id\":\"https:\\\/\\\/akunq.net\\\/tr\\\/#\\\/schema\\\/person\\\/096f1d38a12cce57fb855b485ed24c9e\"},\"headline\":\"Fethiye Kalesi ve Kayak\u00f6y Yukar\u0131 Kilise turizme kazand\u0131r\u0131l\u0131yor\",\"datePublished\":\"2021-03-02T09:31:36+00:00\",\"mainEntityOfPage\":{\"@id\":\"https:\\\/\\\/akunq.net\\\/tr\\\/?p=61729\"},\"wordCount\":331,\"commentCount\":0,\"image\":{\"@id\":\"https:\\\/\\\/akunq.net\\\/tr\\\/?p=61729#primaryimage\"},\"thumbnailUrl\":\"https:\\\/\\\/akunq.net\\\/tr\\\/wp-content\\\/uploads\\\/sites\\\/6\\\/2021\\\/03\\\/Fethiye-Kalesi-ve-Kayak\u00f6y-Yukar\u0131-Kilise.jpeg\",\"articleSection\":[\"Haberler\"],\"inLanguage\":\"en-US\",\"potentialAction\":[{\"@type\":\"CommentAction\",\"name\":\"Comment\",\"target\":[\"https:\\\/\\\/akunq.net\\\/tr\\\/?p=61729#respond\"]}]},{\"@type\":\"WebPage\",\"@id\":\"https:\\\/\\\/akunq.net\\\/tr\\\/?p=61729\",\"url\":\"https:\\\/\\\/akunq.net\\\/tr\\\/?p=61729\",\"name\":\"Fethiye Kalesi ve Kayak\u00f6y Yukar\u0131 Kilise turizme kazand\u0131r\u0131l\u0131yor - Bati Ermenistan Ve Bati Ermenileri Sorunlari Ara\u015ftirmalar Merkezi\",\"isPartOf\":{\"@id\":\"https:\\\/\\\/akunq.net\\\/tr\\\/#website\"},\"primaryImageOfPage\":{\"@id\":\"https:\\\/\\\/akunq.net\\\/tr\\\/?p=61729#primaryimage\"},\"image\":{\"@id\":\"https:\\\/\\\/akunq.net\\\/tr\\\/?p=61729#primaryimage\"},\"thumbnailUrl\":\"https:\\\/\\\/akunq.net\\\/tr\\\/wp-content\\\/uploads\\\/sites\\\/6\\\/2021\\\/03\\\/Fethiye-Kalesi-ve-Kayak\u00f6y-Yukar\u0131-Kilise.jpeg\",\"datePublished\":\"2021-03-02T09:31:36+00:00\",\"author\":{\"@id\":\"https:\\\/\\\/akunq.net\\\/tr\\\/#\\\/schema\\\/person\\\/096f1d38a12cce57fb855b485ed24c9e\"},\"breadcrumb\":{\"@id\":\"https:\\\/\\\/akunq.net\\\/tr\\\/?p=61729#breadcrumb\"},\"inLanguage\":\"en-US\",\"potentialAction\":[{\"@type\":\"ReadAction\",\"target\":[\"https:\\\/\\\/akunq.net\\\/tr\\\/?p=61729\"]}]},{\"@type\":\"ImageObject\",\"inLanguage\":\"en-US\",\"@id\":\"https:\\\/\\\/akunq.net\\\/tr\\\/?p=61729#primaryimage\",\"url\":\"https:\\\/\\\/akunq.net\\\/tr\\\/wp-content\\\/uploads\\\/sites\\\/6\\\/2021\\\/03\\\/Fethiye-Kalesi-ve-Kayak\u00f6y-Yukar\u0131-Kilise.jpeg\",\"contentUrl\":\"https:\\\/\\\/akunq.net\\\/tr\\\/wp-content\\\/uploads\\\/sites\\\/6\\\/2021\\\/03\\\/Fethiye-Kalesi-ve-Kayak\u00f6y-Yukar\u0131-Kilise.jpeg\",\"width\":1330,\"height\":749},{\"@type\":\"BreadcrumbList\",\"@id\":\"https:\\\/\\\/akunq.net\\\/tr\\\/?p=61729#breadcrumb\",\"itemListElement\":[{\"@type\":\"ListItem\",\"position\":1,\"name\":\"Home\",\"item\":\"https:\\\/\\\/akunq.net\\\/tr\"},{\"@type\":\"ListItem\",\"position\":2,\"name\":\"Fethiye Kalesi ve Kayak\u00f6y Yukar\u0131 Kilise turizme kazand\u0131r\u0131l\u0131yor\"}]},{\"@type\":\"WebSite\",\"@id\":\"https:\\\/\\\/akunq.net\\\/tr\\\/#website\",\"url\":\"https:\\\/\\\/akunq.net\\\/tr\\\/\",\"name\":\"Bati Ermenistan Ve Bati Ermenileri Sorunlari Ara\u015ftirmalar Merkezi\",\"description\":\"\",\"potentialAction\":[{\"@type\":\"SearchAction\",\"target\":{\"@type\":\"EntryPoint\",\"urlTemplate\":\"https:\\\/\\\/akunq.net\\\/tr\\\/?s={search_term_string}\"},\"query-input\":{\"@type\":\"PropertyValueSpecification\",\"valueRequired\":true,\"valueName\":\"search_term_string\"}}],\"inLanguage\":\"en-US\"},{\"@type\":\"Person\",\"@id\":\"https:\\\/\\\/akunq.net\\\/tr\\\/#\\\/schema\\\/person\\\/096f1d38a12cce57fb855b485ed24c9e\",\"name\":\"admin\",\"url\":\"https:\\\/\\\/akunq.net\\\/tr\\\/?author=7\"}]}<\/script>\n<!-- \/ Yoast SEO plugin. -->","yoast_head_json":{"title":"Fethiye Kalesi ve Kayak\u00f6y Yukar\u0131 Kilise turizme kazand\u0131r\u0131l\u0131yor - Bati Ermenistan Ve Bati Ermenileri Sorunlari Ara\u015ftirmalar Merkezi","robots":{"index":"index","follow":"follow","max-snippet":"max-snippet:-1","max-image-preview":"max-image-preview:large","max-video-preview":"max-video-preview:-1"},"canonical":"https:\/\/akunq.net\/tr\/?p=61729","og_locale":"en_US","og_type":"article","og_title":"Fethiye Kalesi ve Kayak\u00f6y Yukar\u0131 Kilise turizme kazand\u0131r\u0131l\u0131yor - Bati Ermenistan Ve Bati Ermenileri Sorunlari Ara\u015ftirmalar Merkezi","og_description":"Ge\u00e7ti\u011fimiz haftalarda Vali Orhan Tavl\u0131 ve K\u00fclt\u00fcr Turizm \u0130l M\u00fcd\u00fcr\u00fc Dr. Zekeriya Bing\u00f6l\u2019\u00fcn Fethiye\u2019de yapt\u0131klar\u0131 incelmenin ard\u0131ndan, Mu\u011fla Valili\u011fi, Fethiye Kaymakaml\u0131\u011f\u0131, Fethiye Belediyesi ve K\u00fclt\u00fcr Turizm \u0130l M\u00fcd\u00fcrl\u00fc\u011f\u00fc i\u015fbirli\u011finde \u00e7al\u0131\u015fma ba\u015flat\u0131ld\u0131. \u0130lk olarak Fethiye M\u00fczesinden Arkeolog Fuat Durmu\u015f ve kesikkap\u0131 mah. muhtar\u0131 S\u00fczer Ta\u015fer ile birlikte yap\u0131lan \u00f6n \u00e7al\u0131\u015fman\u0131n ard\u0131ndan, il M\u00fcd\u00fcrl\u00fc\u011f\u00fc taraf\u0131ndan g\u00f6revlendirilen Medeniyet [&hellip;]","og_url":"https:\/\/akunq.net\/tr\/?p=61729","og_site_name":"Bati Ermenistan Ve Bati Ermenileri Sorunlari Ara\u015ftirmalar Merkezi","article_published_time":"2021-03-02T09:31:36+00:00","og_image":[{"width":1330,"height":749,"url":"https:\/\/akunq.net\/tr\/wp-content\/uploads\/sites\/6\/2021\/03\/Fethiye-Kalesi-ve-Kayak\u00f6y-Yukar\u0131-Kilise.jpeg","type":"image\/jpeg"}],"author":"admin","twitter_card":"summary_large_image","twitter_misc":{"Written by":"admin","Est. reading time":"2 minutes"},"schema":{"@context":"https:\/\/schema.org","@graph":[{"@type":"Article","@id":"https:\/\/akunq.net\/tr\/?p=61729#article","isPartOf":{"@id":"https:\/\/akunq.net\/tr\/?p=61729"},"author":{"name":"admin","@id":"https:\/\/akunq.net\/tr\/#\/schema\/person\/096f1d38a12cce57fb855b485ed24c9e"},"headline":"Fethiye Kalesi ve Kayak\u00f6y Yukar\u0131 Kilise turizme kazand\u0131r\u0131l\u0131yor","datePublished":"2021-03-02T09:31:36+00:00","mainEntityOfPage":{"@id":"https:\/\/akunq.net\/tr\/?p=61729"},"wordCount":331,"commentCount":0,"image":{"@id":"https:\/\/akunq.net\/tr\/?p=61729#primaryimage"},"thumbnailUrl":"https:\/\/akunq.net\/tr\/wp-content\/uploads\/sites\/6\/2021\/03\/Fethiye-Kalesi-ve-Kayak\u00f6y-Yukar\u0131-Kilise.jpeg","articleSection":["Haberler"],"inLanguage":"en-US","potentialAction":[{"@type":"CommentAction","name":"Comment","target":["https:\/\/akunq.net\/tr\/?p=61729#respond"]}]},{"@type":"WebPage","@id":"https:\/\/akunq.net\/tr\/?p=61729","url":"https:\/\/akunq.net\/tr\/?p=61729","name":"Fethiye Kalesi ve Kayak\u00f6y Yukar\u0131 Kilise turizme kazand\u0131r\u0131l\u0131yor - Bati Ermenistan Ve Bati Ermenileri Sorunlari Ara\u015ftirmalar Merkezi","isPartOf":{"@id":"https:\/\/akunq.net\/tr\/#website"},"primaryImageOfPage":{"@id":"https:\/\/akunq.net\/tr\/?p=61729#primaryimage"},"image":{"@id":"https:\/\/akunq.net\/tr\/?p=61729#primaryimage"},"thumbnailUrl":"https:\/\/akunq.net\/tr\/wp-content\/uploads\/sites\/6\/2021\/03\/Fethiye-Kalesi-ve-Kayak\u00f6y-Yukar\u0131-Kilise.jpeg","datePublished":"2021-03-02T09:31:36+00:00","author":{"@id":"https:\/\/akunq.net\/tr\/#\/schema\/person\/096f1d38a12cce57fb855b485ed24c9e"},"breadcrumb":{"@id":"https:\/\/akunq.net\/tr\/?p=61729#breadcrumb"},"inLanguage":"en-US","potentialAction":[{"@type":"ReadAction","target":["https:\/\/akunq.net\/tr\/?p=61729"]}]},{"@type":"ImageObject","inLanguage":"en-US","@id":"https:\/\/akunq.net\/tr\/?p=61729#primaryimage","url":"https:\/\/akunq.net\/tr\/wp-content\/uploads\/sites\/6\/2021\/03\/Fethiye-Kalesi-ve-Kayak\u00f6y-Yukar\u0131-Kilise.jpeg","contentUrl":"https:\/\/akunq.net\/tr\/wp-content\/uploads\/sites\/6\/2021\/03\/Fethiye-Kalesi-ve-Kayak\u00f6y-Yukar\u0131-Kilise.jpeg","width":1330,"height":749},{"@type":"BreadcrumbList","@id":"https:\/\/akunq.net\/tr\/?p=61729#breadcrumb","itemListElement":[{"@type":"ListItem","position":1,"name":"Home","item":"https:\/\/akunq.net\/tr"},{"@type":"ListItem","position":2,"name":"Fethiye Kalesi ve Kayak\u00f6y Yukar\u0131 Kilise turizme kazand\u0131r\u0131l\u0131yor"}]},{"@type":"WebSite","@id":"https:\/\/akunq.net\/tr\/#website","url":"https:\/\/akunq.net\/tr\/","name":"Bati Ermenistan Ve Bati Ermenileri Sorunlari Ara\u015ftirmalar Merkezi","description":"","potentialAction":[{"@type":"SearchAction","target":{"@type":"EntryPoint","urlTemplate":"https:\/\/akunq.net\/tr\/?s={search_term_string}"},"query-input":{"@type":"PropertyValueSpecification","valueRequired":true,"valueName":"search_term_string"}}],"inLanguage":"en-US"},{"@type":"Person","@id":"https:\/\/akunq.net\/tr\/#\/schema\/person\/096f1d38a12cce57fb855b485ed24c9e","name":"admin","url":"https:\/\/akunq.net\/tr\/?author=7"}]}},"_links":{"self":[{"href":"https:\/\/akunq.net\/tr\/index.php?rest_route=\/wp\/v2\/posts\/61729","targetHints":{"allow":["GET"]}}],"collection":[{"href":"https:\/\/akunq.net\/tr\/index.php?rest_route=\/wp\/v2\/posts"}],"about":[{"href":"https:\/\/akunq.net\/tr\/index.php?rest_route=\/wp\/v2\/types\/post"}],"author":[{"embeddable":true,"href":"https:\/\/akunq.net\/tr\/index.php?rest_route=\/wp\/v2\/users\/7"}],"replies":[{"embeddable":true,"href":"https:\/\/akunq.net\/tr\/index.php?rest_route=%2Fwp%2Fv2%2Fcomments&post=61729"}],"version-history":[{"count":1,"href":"https:\/\/akunq.net\/tr\/index.php?rest_route=\/wp\/v2\/posts\/61729\/revisions"}],"predecessor-version":[{"id":61731,"href":"https:\/\/akunq.net\/tr\/index.php?rest_route=\/wp\/v2\/posts\/61729\/revisions\/61731"}],"wp:featuredmedia":[{"embeddable":true,"href":"https:\/\/akunq.net\/tr\/index.php?rest_route=\/wp\/v2\/media\/61730"}],"wp:attachment":[{"href":"https:\/\/akunq.net\/tr\/index.php?rest_route=%2Fwp%2Fv2%2Fmedia&parent=61729"}],"wp:term":[{"taxonomy":"category","embeddable":true,"href":"https:\/\/akunq.net\/tr\/index.php?rest_route=%2Fwp%2Fv2%2Fcategories&post=61729"},{"taxonomy":"post_tag","embeddable":true,"href":"https:\/\/akunq.net\/tr\/index.php?rest_route=%2Fwp%2Fv2%2Ftags&post=61729"}],"curies":[{"name":"wp","href":"https:\/\/api.w.org\/{rel}","templated":true}]}}