{"id":61726,"date":"2021-03-02T04:25:35","date_gmt":"2021-03-02T09:25:35","guid":{"rendered":"https:\/\/akunq.net\/tr\/?p=61726"},"modified":"2021-03-02T04:25:35","modified_gmt":"2021-03-02T09:25:35","slug":"1500-yillik-tarihi-yapi-turizme-kazandirilacak","status":"publish","type":"post","link":"https:\/\/akunq.net\/tr\/?p=61726","title":{"rendered":"1500 y\u0131ll\u0131k tarihi yap\u0131 turizme kazand\u0131r\u0131lacak"},"content":{"rendered":"<p><img loading=\"lazy\" decoding=\"async\" class=\"aligncenter size-medium wp-image-61727\" src=\"https:\/\/akunq.net\/tr\/wp-content\/uploads\/2021\/03\/1500-y\u0131ll\u0131k-tarihi-yap\u0131-360x203.jpg\" alt=\"\" width=\"360\" height=\"203\" srcset=\"https:\/\/akunq.net\/tr\/wp-content\/uploads\/sites\/6\/2021\/03\/1500-y\u0131ll\u0131k-tarihi-yap\u0131-360x203.jpg 360w, https:\/\/akunq.net\/tr\/wp-content\/uploads\/sites\/6\/2021\/03\/1500-y\u0131ll\u0131k-tarihi-yap\u0131-560x315.jpg 560w, https:\/\/akunq.net\/tr\/wp-content\/uploads\/sites\/6\/2021\/03\/1500-y\u0131ll\u0131k-tarihi-yap\u0131-260x146.jpg 260w, https:\/\/akunq.net\/tr\/wp-content\/uploads\/sites\/6\/2021\/03\/1500-y\u0131ll\u0131k-tarihi-yap\u0131-160x90.jpg 160w, https:\/\/akunq.net\/tr\/wp-content\/uploads\/sites\/6\/2021\/03\/1500-y\u0131ll\u0131k-tarihi-yap\u0131.jpg 750w\" sizes=\"auto, (max-width: 360px) 100vw, 360px\" \/><\/p>\n<p><em><strong>Mu\u011fla\u2019n\u0131n Dat\u00e7a il\u00e7esinde, Antik Roma d\u00f6nemine ait liman\u0131n giri\u015f koridoru oldu\u011fu tahmin edilen 1500 y\u0131ll\u0131k tonoz yap\u0131da kaz\u0131 ve temizlik \u00e7al\u0131\u015fmalar\u0131 ba\u015flad\u0131. \u0130ncelemede tarihi yap\u0131n\u0131n define avc\u0131lar\u0131 taraf\u0131ndan delik de\u015fik edildi\u011fi ortaya \u00e7\u0131kt\u0131.<\/strong><\/em><\/p>\n<p>Mu\u011fla K\u00fclt\u00fcr Varl\u0131klar\u0131 Koruma Kurulu ad\u0131na 2015 y\u0131l\u0131nda tescili yap\u0131lan tarihi tonoz, turizme kazand\u0131r\u0131l\u0131yor. Yakla\u015f\u0131k 8-9 metre uzunlu\u011funda, 3,5- 4 metre geni\u015fli\u011findeki eserin temizlik ve kaz\u0131 \u00e7al\u0131\u015fmalar\u0131n\u0131n ard\u0131ndan asl\u0131na uygun olarak restore edilece\u011fi bildirildi. Marmaris M\u00fcze M\u00fcd\u00fcrl\u00fc\u011f\u00fc ve Knidos Kaz\u0131 Ba\u015fkanl\u0131\u011f\u0131 ekiplerince temizlenerek g\u00fcn y\u00fcz\u00fcne \u00e7\u0131kar\u0131lan tonozun deniz sular\u0131n\u0131n alt\u0131nda kald\u0131\u011f\u0131 bilinen tarihi bir liman\u0131n giri\u015f koridoru oldu\u011fu d\u00fc\u015f\u00fcn\u00fcl\u00fcyor. Tarihi tonoz yap\u0131y\u0131 inceleyen uzmanlar, duvar diplerinde ve orta k\u0131sm\u0131nda defineciler taraf\u0131ndan ka\u00e7ak kaz\u0131lar\u0131n yap\u0131ld\u0131\u011f\u0131n\u0131 ortaya \u00e7\u0131kartt\u0131.<\/p>\n<p><strong>\u20182015 YILINDA TESC\u0130LLEND\u0130\u2019<\/strong><\/p>\n<p>Dat\u00e7a Belediyesi Fen \u0130\u015flerdi M\u00fcd\u00fcr\u00fc Hakan Uzun, tarihi yap\u0131n\u0131n \u00e7evre temizli\u011finin yap\u0131lmas\u0131 i\u00e7in 6 y\u0131l \u00f6nce al\u0131nm\u0131\u015f koruma kurul karar\u0131 bulundu\u011funu hat\u0131rlatt\u0131. Uzun, \u201cDat\u00e7a Belediyesi m\u00fclkiyetine ait tarihi yap\u0131, deniz k\u0131y\u0131s\u0131na yakla\u015f\u0131k 50 metre mesafede bulunuyor. Yap\u0131n\u0131n bulundu\u011fu b\u00f6lge, ye\u015fil alana al\u0131nd\u0131. Tonoz yap\u0131, yakla\u015f\u0131k 8-9 metre uzunlu\u011funda, 3.5- 4 metre geni\u015fli\u011finde, y\u00fcksekli\u011fi ise kaz\u0131 \u00e7al\u0131\u015fmalar\u0131n\u0131n tamamlanmas\u0131n\u0131n ard\u0131ndan belirlenecek. Y\u0131llard\u0131r bilinen yerin, tescil i\u015flemleri 2015 y\u0131l\u0131nda tamamlanarak K\u00fclt\u00fcr varl\u0131\u011f\u0131 olarak kay\u0131t alt\u0131na al\u0131nd\u0131. Ayn\u0131 y\u0131l temizlik \u00e7al\u0131\u015fmalar\u0131n\u0131n yap\u0131lmas\u0131na ili\u015fkin al\u0131nm\u0131\u015f bir kurul karar\u0131 var. Bu karar do\u011frultusunda temizlik \u00e7al\u0131\u015fmalar\u0131 bittikten sonra yap\u0131 tam olarak ortaya \u00e7\u0131kacak. Sonra da r\u00f6l\u00f6ve, restriksiyon ve restorasyona ba\u015flanacak\u201d dedi.<\/p>\n<p><em><strong>Mehmet \u00c7\u0130L\/DAT\u00c7A (Mu\u011fla), (DHA)\u00a0<\/strong><\/em><\/p>\n<p><em><strong><a href=\"https:\/\/www.hurriyet.com.tr\/gundem\/1500-yillik-tarihi-yapi-turizme-kazandirilacak-41752280\" target=\"_blank\" rel=\"noopener noreferrer\">H\u00fcrriyet Gazetesi<\/a><\/strong><\/em><\/p>\n","protected":false},"excerpt":{"rendered":"<p>Mu\u011fla\u2019n\u0131n Dat\u00e7a il\u00e7esinde, Antik Roma d\u00f6nemine ait liman\u0131n giri\u015f koridoru oldu\u011fu tahmin edilen 1500 y\u0131ll\u0131k tonoz yap\u0131da kaz\u0131 ve temizlik \u00e7al\u0131\u015fmalar\u0131 ba\u015flad\u0131. \u0130ncelemede tarihi yap\u0131n\u0131n define avc\u0131lar\u0131 taraf\u0131ndan delik de\u015fik edildi\u011fi ortaya \u00e7\u0131kt\u0131. Mu\u011fla K\u00fclt\u00fcr Varl\u0131klar\u0131 Koruma Kurulu ad\u0131na 2015 y\u0131l\u0131nda tescili yap\u0131lan tarihi tonoz, turizme kazand\u0131r\u0131l\u0131yor. Yakla\u015f\u0131k 8-9 metre uzunlu\u011funda, 3,5- 4 metre geni\u015fli\u011findeki [&hellip;]<\/p>\n","protected":false},"author":7,"featured_media":61727,"comment_status":"open","ping_status":"open","sticky":false,"template":"","format":"standard","meta":{"footnotes":""},"categories":[1],"tags":[],"class_list":["post-61726","post","type-post","status-publish","format-standard","has-post-thumbnail","hentry","category-haberler"],"yoast_head":"<!-- This site is optimized with the Yoast SEO plugin v27.4 - https:\/\/yoast.com\/product\/yoast-seo-wordpress\/ -->\n<title>1500 y\u0131ll\u0131k tarihi yap\u0131 turizme kazand\u0131r\u0131lacak - Bati Ermenistan Ve Bati Ermenileri Sorunlari Ara\u015ftirmalar Merkezi<\/title>\n<meta name=\"robots\" content=\"index, follow, max-snippet:-1, max-image-preview:large, max-video-preview:-1\" \/>\n<link rel=\"canonical\" href=\"https:\/\/akunq.net\/tr\/?p=61726\" \/>\n<meta property=\"og:locale\" content=\"en_US\" \/>\n<meta property=\"og:type\" content=\"article\" \/>\n<meta property=\"og:title\" content=\"1500 y\u0131ll\u0131k tarihi yap\u0131 turizme kazand\u0131r\u0131lacak - Bati Ermenistan Ve Bati Ermenileri Sorunlari Ara\u015ftirmalar Merkezi\" \/>\n<meta property=\"og:description\" content=\"Mu\u011fla\u2019n\u0131n Dat\u00e7a il\u00e7esinde, Antik Roma d\u00f6nemine ait liman\u0131n giri\u015f koridoru oldu\u011fu tahmin edilen 1500 y\u0131ll\u0131k tonoz yap\u0131da kaz\u0131 ve temizlik \u00e7al\u0131\u015fmalar\u0131 ba\u015flad\u0131. \u0130ncelemede tarihi yap\u0131n\u0131n define avc\u0131lar\u0131 taraf\u0131ndan delik de\u015fik edildi\u011fi ortaya \u00e7\u0131kt\u0131. Mu\u011fla K\u00fclt\u00fcr Varl\u0131klar\u0131 Koruma Kurulu ad\u0131na 2015 y\u0131l\u0131nda tescili yap\u0131lan tarihi tonoz, turizme kazand\u0131r\u0131l\u0131yor. Yakla\u015f\u0131k 8-9 metre uzunlu\u011funda, 3,5- 4 metre geni\u015fli\u011findeki [&hellip;]\" \/>\n<meta property=\"og:url\" content=\"https:\/\/akunq.net\/tr\/?p=61726\" \/>\n<meta property=\"og:site_name\" content=\"Bati Ermenistan Ve Bati Ermenileri Sorunlari Ara\u015ftirmalar Merkezi\" \/>\n<meta property=\"article:published_time\" content=\"2021-03-02T09:25:35+00:00\" \/>\n<meta property=\"og:image\" content=\"https:\/\/akunq.net\/tr\/wp-content\/uploads\/sites\/6\/2021\/03\/1500-y\u0131ll\u0131k-tarihi-yap\u0131.jpg\" \/>\n\t<meta property=\"og:image:width\" content=\"750\" \/>\n\t<meta property=\"og:image:height\" content=\"422\" \/>\n\t<meta property=\"og:image:type\" content=\"image\/jpeg\" \/>\n<meta name=\"author\" content=\"admin\" \/>\n<meta name=\"twitter:card\" content=\"summary_large_image\" \/>\n<meta name=\"twitter:label1\" content=\"Written by\" \/>\n\t<meta name=\"twitter:data1\" content=\"admin\" \/>\n\t<meta name=\"twitter:label2\" content=\"Est. reading time\" \/>\n\t<meta name=\"twitter:data2\" content=\"2 minutes\" \/>\n<script type=\"application\/ld+json\" class=\"yoast-schema-graph\">{\"@context\":\"https:\\\/\\\/schema.org\",\"@graph\":[{\"@type\":\"Article\",\"@id\":\"https:\\\/\\\/akunq.net\\\/tr\\\/?p=61726#article\",\"isPartOf\":{\"@id\":\"https:\\\/\\\/akunq.net\\\/tr\\\/?p=61726\"},\"author\":{\"name\":\"admin\",\"@id\":\"https:\\\/\\\/akunq.net\\\/tr\\\/#\\\/schema\\\/person\\\/096f1d38a12cce57fb855b485ed24c9e\"},\"headline\":\"1500 y\u0131ll\u0131k tarihi yap\u0131 turizme kazand\u0131r\u0131lacak\",\"datePublished\":\"2021-03-02T09:25:35+00:00\",\"mainEntityOfPage\":{\"@id\":\"https:\\\/\\\/akunq.net\\\/tr\\\/?p=61726\"},\"wordCount\":352,\"commentCount\":0,\"image\":{\"@id\":\"https:\\\/\\\/akunq.net\\\/tr\\\/?p=61726#primaryimage\"},\"thumbnailUrl\":\"https:\\\/\\\/akunq.net\\\/tr\\\/wp-content\\\/uploads\\\/sites\\\/6\\\/2021\\\/03\\\/1500-y\u0131ll\u0131k-tarihi-yap\u0131.jpg\",\"articleSection\":[\"Haberler\"],\"inLanguage\":\"en-US\",\"potentialAction\":[{\"@type\":\"CommentAction\",\"name\":\"Comment\",\"target\":[\"https:\\\/\\\/akunq.net\\\/tr\\\/?p=61726#respond\"]}]},{\"@type\":\"WebPage\",\"@id\":\"https:\\\/\\\/akunq.net\\\/tr\\\/?p=61726\",\"url\":\"https:\\\/\\\/akunq.net\\\/tr\\\/?p=61726\",\"name\":\"1500 y\u0131ll\u0131k tarihi yap\u0131 turizme kazand\u0131r\u0131lacak - Bati Ermenistan Ve Bati Ermenileri Sorunlari Ara\u015ftirmalar Merkezi\",\"isPartOf\":{\"@id\":\"https:\\\/\\\/akunq.net\\\/tr\\\/#website\"},\"primaryImageOfPage\":{\"@id\":\"https:\\\/\\\/akunq.net\\\/tr\\\/?p=61726#primaryimage\"},\"image\":{\"@id\":\"https:\\\/\\\/akunq.net\\\/tr\\\/?p=61726#primaryimage\"},\"thumbnailUrl\":\"https:\\\/\\\/akunq.net\\\/tr\\\/wp-content\\\/uploads\\\/sites\\\/6\\\/2021\\\/03\\\/1500-y\u0131ll\u0131k-tarihi-yap\u0131.jpg\",\"datePublished\":\"2021-03-02T09:25:35+00:00\",\"author\":{\"@id\":\"https:\\\/\\\/akunq.net\\\/tr\\\/#\\\/schema\\\/person\\\/096f1d38a12cce57fb855b485ed24c9e\"},\"breadcrumb\":{\"@id\":\"https:\\\/\\\/akunq.net\\\/tr\\\/?p=61726#breadcrumb\"},\"inLanguage\":\"en-US\",\"potentialAction\":[{\"@type\":\"ReadAction\",\"target\":[\"https:\\\/\\\/akunq.net\\\/tr\\\/?p=61726\"]}]},{\"@type\":\"ImageObject\",\"inLanguage\":\"en-US\",\"@id\":\"https:\\\/\\\/akunq.net\\\/tr\\\/?p=61726#primaryimage\",\"url\":\"https:\\\/\\\/akunq.net\\\/tr\\\/wp-content\\\/uploads\\\/sites\\\/6\\\/2021\\\/03\\\/1500-y\u0131ll\u0131k-tarihi-yap\u0131.jpg\",\"contentUrl\":\"https:\\\/\\\/akunq.net\\\/tr\\\/wp-content\\\/uploads\\\/sites\\\/6\\\/2021\\\/03\\\/1500-y\u0131ll\u0131k-tarihi-yap\u0131.jpg\",\"width\":750,\"height\":422},{\"@type\":\"BreadcrumbList\",\"@id\":\"https:\\\/\\\/akunq.net\\\/tr\\\/?p=61726#breadcrumb\",\"itemListElement\":[{\"@type\":\"ListItem\",\"position\":1,\"name\":\"Home\",\"item\":\"https:\\\/\\\/akunq.net\\\/tr\"},{\"@type\":\"ListItem\",\"position\":2,\"name\":\"1500 y\u0131ll\u0131k tarihi yap\u0131 turizme kazand\u0131r\u0131lacak\"}]},{\"@type\":\"WebSite\",\"@id\":\"https:\\\/\\\/akunq.net\\\/tr\\\/#website\",\"url\":\"https:\\\/\\\/akunq.net\\\/tr\\\/\",\"name\":\"Bati Ermenistan Ve Bati Ermenileri Sorunlari Ara\u015ftirmalar Merkezi\",\"description\":\"\",\"potentialAction\":[{\"@type\":\"SearchAction\",\"target\":{\"@type\":\"EntryPoint\",\"urlTemplate\":\"https:\\\/\\\/akunq.net\\\/tr\\\/?s={search_term_string}\"},\"query-input\":{\"@type\":\"PropertyValueSpecification\",\"valueRequired\":true,\"valueName\":\"search_term_string\"}}],\"inLanguage\":\"en-US\"},{\"@type\":\"Person\",\"@id\":\"https:\\\/\\\/akunq.net\\\/tr\\\/#\\\/schema\\\/person\\\/096f1d38a12cce57fb855b485ed24c9e\",\"name\":\"admin\",\"url\":\"https:\\\/\\\/akunq.net\\\/tr\\\/?author=7\"}]}<\/script>\n<!-- \/ Yoast SEO plugin. -->","yoast_head_json":{"title":"1500 y\u0131ll\u0131k tarihi yap\u0131 turizme kazand\u0131r\u0131lacak - Bati Ermenistan Ve Bati Ermenileri Sorunlari Ara\u015ftirmalar Merkezi","robots":{"index":"index","follow":"follow","max-snippet":"max-snippet:-1","max-image-preview":"max-image-preview:large","max-video-preview":"max-video-preview:-1"},"canonical":"https:\/\/akunq.net\/tr\/?p=61726","og_locale":"en_US","og_type":"article","og_title":"1500 y\u0131ll\u0131k tarihi yap\u0131 turizme kazand\u0131r\u0131lacak - Bati Ermenistan Ve Bati Ermenileri Sorunlari Ara\u015ftirmalar Merkezi","og_description":"Mu\u011fla\u2019n\u0131n Dat\u00e7a il\u00e7esinde, Antik Roma d\u00f6nemine ait liman\u0131n giri\u015f koridoru oldu\u011fu tahmin edilen 1500 y\u0131ll\u0131k tonoz yap\u0131da kaz\u0131 ve temizlik \u00e7al\u0131\u015fmalar\u0131 ba\u015flad\u0131. \u0130ncelemede tarihi yap\u0131n\u0131n define avc\u0131lar\u0131 taraf\u0131ndan delik de\u015fik edildi\u011fi ortaya \u00e7\u0131kt\u0131. Mu\u011fla K\u00fclt\u00fcr Varl\u0131klar\u0131 Koruma Kurulu ad\u0131na 2015 y\u0131l\u0131nda tescili yap\u0131lan tarihi tonoz, turizme kazand\u0131r\u0131l\u0131yor. Yakla\u015f\u0131k 8-9 metre uzunlu\u011funda, 3,5- 4 metre geni\u015fli\u011findeki [&hellip;]","og_url":"https:\/\/akunq.net\/tr\/?p=61726","og_site_name":"Bati Ermenistan Ve Bati Ermenileri Sorunlari Ara\u015ftirmalar Merkezi","article_published_time":"2021-03-02T09:25:35+00:00","og_image":[{"width":750,"height":422,"url":"https:\/\/akunq.net\/tr\/wp-content\/uploads\/sites\/6\/2021\/03\/1500-y\u0131ll\u0131k-tarihi-yap\u0131.jpg","type":"image\/jpeg"}],"author":"admin","twitter_card":"summary_large_image","twitter_misc":{"Written by":"admin","Est. reading time":"2 minutes"},"schema":{"@context":"https:\/\/schema.org","@graph":[{"@type":"Article","@id":"https:\/\/akunq.net\/tr\/?p=61726#article","isPartOf":{"@id":"https:\/\/akunq.net\/tr\/?p=61726"},"author":{"name":"admin","@id":"https:\/\/akunq.net\/tr\/#\/schema\/person\/096f1d38a12cce57fb855b485ed24c9e"},"headline":"1500 y\u0131ll\u0131k tarihi yap\u0131 turizme kazand\u0131r\u0131lacak","datePublished":"2021-03-02T09:25:35+00:00","mainEntityOfPage":{"@id":"https:\/\/akunq.net\/tr\/?p=61726"},"wordCount":352,"commentCount":0,"image":{"@id":"https:\/\/akunq.net\/tr\/?p=61726#primaryimage"},"thumbnailUrl":"https:\/\/akunq.net\/tr\/wp-content\/uploads\/sites\/6\/2021\/03\/1500-y\u0131ll\u0131k-tarihi-yap\u0131.jpg","articleSection":["Haberler"],"inLanguage":"en-US","potentialAction":[{"@type":"CommentAction","name":"Comment","target":["https:\/\/akunq.net\/tr\/?p=61726#respond"]}]},{"@type":"WebPage","@id":"https:\/\/akunq.net\/tr\/?p=61726","url":"https:\/\/akunq.net\/tr\/?p=61726","name":"1500 y\u0131ll\u0131k tarihi yap\u0131 turizme kazand\u0131r\u0131lacak - Bati Ermenistan Ve Bati Ermenileri Sorunlari Ara\u015ftirmalar Merkezi","isPartOf":{"@id":"https:\/\/akunq.net\/tr\/#website"},"primaryImageOfPage":{"@id":"https:\/\/akunq.net\/tr\/?p=61726#primaryimage"},"image":{"@id":"https:\/\/akunq.net\/tr\/?p=61726#primaryimage"},"thumbnailUrl":"https:\/\/akunq.net\/tr\/wp-content\/uploads\/sites\/6\/2021\/03\/1500-y\u0131ll\u0131k-tarihi-yap\u0131.jpg","datePublished":"2021-03-02T09:25:35+00:00","author":{"@id":"https:\/\/akunq.net\/tr\/#\/schema\/person\/096f1d38a12cce57fb855b485ed24c9e"},"breadcrumb":{"@id":"https:\/\/akunq.net\/tr\/?p=61726#breadcrumb"},"inLanguage":"en-US","potentialAction":[{"@type":"ReadAction","target":["https:\/\/akunq.net\/tr\/?p=61726"]}]},{"@type":"ImageObject","inLanguage":"en-US","@id":"https:\/\/akunq.net\/tr\/?p=61726#primaryimage","url":"https:\/\/akunq.net\/tr\/wp-content\/uploads\/sites\/6\/2021\/03\/1500-y\u0131ll\u0131k-tarihi-yap\u0131.jpg","contentUrl":"https:\/\/akunq.net\/tr\/wp-content\/uploads\/sites\/6\/2021\/03\/1500-y\u0131ll\u0131k-tarihi-yap\u0131.jpg","width":750,"height":422},{"@type":"BreadcrumbList","@id":"https:\/\/akunq.net\/tr\/?p=61726#breadcrumb","itemListElement":[{"@type":"ListItem","position":1,"name":"Home","item":"https:\/\/akunq.net\/tr"},{"@type":"ListItem","position":2,"name":"1500 y\u0131ll\u0131k tarihi yap\u0131 turizme kazand\u0131r\u0131lacak"}]},{"@type":"WebSite","@id":"https:\/\/akunq.net\/tr\/#website","url":"https:\/\/akunq.net\/tr\/","name":"Bati Ermenistan Ve Bati Ermenileri Sorunlari Ara\u015ftirmalar Merkezi","description":"","potentialAction":[{"@type":"SearchAction","target":{"@type":"EntryPoint","urlTemplate":"https:\/\/akunq.net\/tr\/?s={search_term_string}"},"query-input":{"@type":"PropertyValueSpecification","valueRequired":true,"valueName":"search_term_string"}}],"inLanguage":"en-US"},{"@type":"Person","@id":"https:\/\/akunq.net\/tr\/#\/schema\/person\/096f1d38a12cce57fb855b485ed24c9e","name":"admin","url":"https:\/\/akunq.net\/tr\/?author=7"}]}},"_links":{"self":[{"href":"https:\/\/akunq.net\/tr\/index.php?rest_route=\/wp\/v2\/posts\/61726","targetHints":{"allow":["GET"]}}],"collection":[{"href":"https:\/\/akunq.net\/tr\/index.php?rest_route=\/wp\/v2\/posts"}],"about":[{"href":"https:\/\/akunq.net\/tr\/index.php?rest_route=\/wp\/v2\/types\/post"}],"author":[{"embeddable":true,"href":"https:\/\/akunq.net\/tr\/index.php?rest_route=\/wp\/v2\/users\/7"}],"replies":[{"embeddable":true,"href":"https:\/\/akunq.net\/tr\/index.php?rest_route=%2Fwp%2Fv2%2Fcomments&post=61726"}],"version-history":[{"count":1,"href":"https:\/\/akunq.net\/tr\/index.php?rest_route=\/wp\/v2\/posts\/61726\/revisions"}],"predecessor-version":[{"id":61728,"href":"https:\/\/akunq.net\/tr\/index.php?rest_route=\/wp\/v2\/posts\/61726\/revisions\/61728"}],"wp:featuredmedia":[{"embeddable":true,"href":"https:\/\/akunq.net\/tr\/index.php?rest_route=\/wp\/v2\/media\/61727"}],"wp:attachment":[{"href":"https:\/\/akunq.net\/tr\/index.php?rest_route=%2Fwp%2Fv2%2Fmedia&parent=61726"}],"wp:term":[{"taxonomy":"category","embeddable":true,"href":"https:\/\/akunq.net\/tr\/index.php?rest_route=%2Fwp%2Fv2%2Fcategories&post=61726"},{"taxonomy":"post_tag","embeddable":true,"href":"https:\/\/akunq.net\/tr\/index.php?rest_route=%2Fwp%2Fv2%2Ftags&post=61726"}],"curies":[{"name":"wp","href":"https:\/\/api.w.org\/{rel}","templated":true}]}}