{"id":61720,"date":"2021-03-02T02:32:23","date_gmt":"2021-03-02T07:32:23","guid":{"rendered":"https:\/\/akunq.net\/tr\/?p=61720"},"modified":"2021-03-02T02:32:23","modified_gmt":"2021-03-02T07:32:23","slug":"bin-700-yillik-kilise-binasi-bir-kez-daha-satiliga-cikarildi","status":"publish","type":"post","link":"https:\/\/akunq.net\/tr\/?p=61720","title":{"rendered":"Bin 700 y\u0131ll\u0131k kilise binas\u0131 bir kez daha sat\u0131l\u0131\u011fa \u00e7\u0131kar\u0131ld\u0131"},"content":{"rendered":"<p><img loading=\"lazy\" decoding=\"async\" class=\"aligncenter size-medium wp-image-61721\" src=\"https:\/\/akunq.net\/tr\/wp-content\/uploads\/2021\/03\/Bin-700-y\u0131ll\u0131k-kilise-360x191.jpg\" alt=\"\" width=\"360\" height=\"191\" srcset=\"https:\/\/akunq.net\/tr\/wp-content\/uploads\/sites\/6\/2021\/03\/Bin-700-y\u0131ll\u0131k-kilise-360x191.jpg 360w, https:\/\/akunq.net\/tr\/wp-content\/uploads\/sites\/6\/2021\/03\/Bin-700-y\u0131ll\u0131k-kilise-560x296.jpg 560w, https:\/\/akunq.net\/tr\/wp-content\/uploads\/sites\/6\/2021\/03\/Bin-700-y\u0131ll\u0131k-kilise-260x138.jpg 260w, https:\/\/akunq.net\/tr\/wp-content\/uploads\/sites\/6\/2021\/03\/Bin-700-y\u0131ll\u0131k-kilise-160x85.jpg 160w, https:\/\/akunq.net\/tr\/wp-content\/uploads\/sites\/6\/2021\/03\/Bin-700-y\u0131ll\u0131k-kilise.jpg 650w\" sizes=\"auto, (max-width: 360px) 100vw, 360px\" \/><\/p>\n<p><em><strong>Mardin\u2019de bin 700 y\u0131ll\u0131k ge\u00e7mi\u015fi bulunan kilise tescili olan bina, internet \u00fczerinden bir kez daha sat\u0131\u015fa \u00e7\u0131kar\u0131ld\u0131. Sat\u0131\u015f \u00f6nceli\u011fini S\u00fcryani cemaatine veren tapu sahibi Murat Tekcan, cemaatten olumsuz yan\u0131t almas\u0131 \u00fczerine sat\u0131l\u0131k ilan\u0131n\u0131 yenileyerek art\u0131k gelen herkesle anla\u015fmaya haz\u0131r oldu\u011funu s\u00f6yledi.<\/strong><\/em><\/p>\n<p><strong>NEZ\u0130R G\u00dcNE\u015e<\/strong><\/p>\n<p>Mardin\u2019de sat\u0131l\u0131\u011fa \u00e7\u0131kar\u0131lan bin 700 y\u0131ll\u0131k tarihi ge\u00e7mi\u015fi olan kilise tescilli binada tapu sahibi taraf\u0131ndan \u00f6ncelik S\u00fcryani Cemaatine verildi. SABAH\u2019a konu\u015fan tapu sahibi Murat Tekcan, cemaatten olumsuz yan\u0131t ald\u0131\u011f\u0131n\u0131 belirterek, ilan\u0131 yenileyerek art\u0131k sat\u0131\u015f\u0131n herkese a\u00e7\u0131k oldu\u011funu s\u00f6yledi.<\/p>\n<p>Tarihi Mor Yuhanna S\u00fcryani Kilisesi daha \u00f6nce 2012, 2015 ve 2020 y\u0131llar\u0131 aras\u0131nda \u00f6nceli\u011fi S\u00fcryani cemaati olmak \u00fczere sat\u0131\u015fa \u00e7\u0131kar\u0131lm\u0131\u015ft\u0131. Yeniden internet \u00fczerinden ilana al\u0131nan tarihi kilise binas\u0131, 7 milyon 250 bin TL fiyat bi\u00e7ildi. Artuklu \u0130l\u00e7esi Teker Mahallesi\u2019nde dar bir sokakta 110 metrekare arsa \u00fczerine in\u015fa edilen kilise, son d\u00f6nemde marangoz at\u00f6lyesi olarak kullan\u0131ld\u0131. \u0130\u00e7erisinde 3 din adam\u0131n\u0131n mezar\u0131 bulunan kilisedeki kapat\u0131lan 2 t\u00fcnelin ise Mardin Kalesi ve Deyrulzefaran Kilisesi\u2019ne a\u00e7\u0131l\u0131yor. K\u00fclt\u00fcr ve Turizm Bakanl\u0131\u011f\u0131n\u0131n k\u00fclt\u00fcr varl\u0131\u011f\u0131 olarak tescilli Mor Yuhanna S\u00fcryani Kilisesi sahibi Murat Tekcan, silsile yoluyla babadan o\u011fula g\u00fcn\u00fcm\u00fcze kadar geldi\u011fini ve son tapu sahibinin de kendisi oldu\u011funu belirterek \u201cBuran\u0131n m\u00fclkiyeti yakla\u015f\u0131k \u00fc\u00e7 as\u0131rd\u0131r M\u00fcsl\u00fcmanlar\u0131n elinde. Daha \u00f6nceden Hristiyan bir ailenin elindeydi. Daha \u00f6nceden buras\u0131 kilise, havra ve g\u00fcne\u015f tap\u0131na\u011f\u0131 olarak da kullan\u0131lm\u0131\u015f, yakla\u015f\u0131k tarihi 1700 y\u0131ll\u0131k tescilli bir yer. Buray\u0131 bana babam verdi, babamdan miras kald\u0131\u201d dedi.<\/p>\n<p><strong>SATI\u015e \u00d6NCEL\u0130\u011e\u0130 S\u00dcRYAN\u0130LER\u0130N<\/strong><\/p>\n<p>Sat\u0131\u015f \u00f6nceli\u011fini S\u00fcryani cemaatine verdiklerini belirten Tekcan, konu\u015fmas\u0131nda \u015fu ifadeleri kulland\u0131: \u201cBiz onlara \u00f6yle bir teklif verdi ki, dedik ki \u2018bu ilan\u0131 160 \u00fclkede verelim, bir fon yapal\u0131m benim ad\u0131ma. Para orada toplans\u0131n b\u00fct\u00fcn S\u00fcryani cemaatinden para toplayal\u0131m ba\u011f\u0131\u015f olarak. Ben param\u0131 alay\u0131m, sizde kiliseye al\u0131n, buras\u0131 size ait bir yer, \u00f6z\u00fcm\u00fcze ait bir yer ve buran\u0131n bir S\u00fcryani cemaatinin almas\u0131n\u0131 ben \u00e7ok \u00e7ok istiyorum\u2019 dedim. Biz fonu teklif ettik onlara. Ba\u015fta kabul ettiler, tamam dediler, g\u00fcler y\u00fczle \u00e7ok g\u00fczel bir fikir dediler. Biz onlara vermek istedik, hatta ba\u015fka m\u00fc\u015fteriye de vermek istemedik. Hatta birka\u00e7 m\u00fc\u015fteri bizi arad\u0131, cami yapmak isteyen de m\u00fcze yapmak isteyen de oldu. Ama biz dedik ki biz teklifimizi vermi\u015fiz sonu\u00e7ta onlarla irtibattay\u0131z ne de olsa onlarla beraber yapaca\u011f\u0131z diye. Ama maalesef olmad\u0131. Vazge\u00e7tiler.\u201d S\u00fcryani cemaatinin daha \u00f6nce de babas\u0131n\u0131n yan\u0131na geldiklerini ve kiliseyi \u00fccretsiz istediklerini ifade eden Tekcan, babas\u0131n\u0131n kendilerini ad\u0131na camii yapt\u0131rma \u015fart\u0131n\u0131 kabul etmeyerek almaktan vazge\u00e7tiklerini s\u00f6yledi. Tekcan, S\u00fcryani cemaatinden ald\u0131\u011f\u0131 olumsuz yan\u0131t \u00fczerine ilan\u0131 yenileyerek art\u0131k sat\u0131\u015f\u0131n herkese a\u00e7\u0131k olaca\u011f\u0131n\u0131 belirtti.<\/p>\n<p><strong>\u201cYURT DI\u015eINDAN ARAYANLAR VAR\u201d<\/strong><\/p>\n<p>Sat\u0131l\u0131\u011fa \u00e7\u0131kar\u0131lan kilisenin emlak\u00e7\u0131l\u0131\u011f\u0131n\u0131 \u00fcstlenen Mahsum Altay da, \u201c\u0130ki haftada 75 bin ki\u015fiye yak\u0131n ilana bakan olmu\u015f. Halen de ar\u0131yorlar. Ge\u00e7en g\u00fcn bile yurtd\u0131\u015f\u0131ndan bir m\u00fc\u015fteri arad\u0131, incelemek istediklerini belirtti. Ben de kendilerine bilgileri g\u00f6nderdim. Gelip bakan iki ki\u015fi oldu. \u015eu anda de\u011ferlendirme a\u015famas\u0131ndalar. Dedi\u011fim gibi buran\u0131n manevi bir de\u011feri var buran\u0131n tekrar S\u00fcryaniler tekrar talipse buyursun gelsinler kendilerine verelim dedik ama maalesef kendileri ile yapt\u0131\u011f\u0131m\u0131z g\u00f6r\u00fc\u015fmeler olumlu sonu\u00e7lanmad\u0131\u201d \u015feklinde konu\u015ftu.<\/p>\n<hr \/>\n<p><em><strong><a href=\"https:\/\/www.sabah.com.tr\/yasam\/2021\/03\/01\/bin-700-yillik-kilise-binasi-bir-kez-daha-satiliga-cikarildi\" target=\"_blank\" rel=\"noopener noreferrer\">Sabah Gazetesi<\/a><\/strong><\/em><\/p>\n","protected":false},"excerpt":{"rendered":"<p>Mardin\u2019de bin 700 y\u0131ll\u0131k ge\u00e7mi\u015fi bulunan kilise tescili olan bina, internet \u00fczerinden bir kez daha sat\u0131\u015fa \u00e7\u0131kar\u0131ld\u0131. Sat\u0131\u015f \u00f6nceli\u011fini S\u00fcryani cemaatine veren tapu sahibi Murat Tekcan, cemaatten olumsuz yan\u0131t almas\u0131 \u00fczerine sat\u0131l\u0131k ilan\u0131n\u0131 yenileyerek art\u0131k gelen herkesle anla\u015fmaya haz\u0131r oldu\u011funu s\u00f6yledi. NEZ\u0130R G\u00dcNE\u015e Mardin\u2019de sat\u0131l\u0131\u011fa \u00e7\u0131kar\u0131lan bin 700 y\u0131ll\u0131k tarihi ge\u00e7mi\u015fi olan kilise tescilli binada [&hellip;]<\/p>\n","protected":false},"author":7,"featured_media":61721,"comment_status":"open","ping_status":"open","sticky":false,"template":"","format":"standard","meta":{"footnotes":""},"categories":[1,53],"tags":[],"class_list":["post-61720","post","type-post","status-publish","format-standard","has-post-thumbnail","hentry","category-haberler","category-turkiyede-azinliklar"],"yoast_head":"<!-- This site is optimized with the Yoast SEO plugin v27.4 - https:\/\/yoast.com\/product\/yoast-seo-wordpress\/ -->\n<title>Bin 700 y\u0131ll\u0131k kilise binas\u0131 bir kez daha sat\u0131l\u0131\u011fa \u00e7\u0131kar\u0131ld\u0131 - Bati Ermenistan Ve Bati Ermenileri Sorunlari Ara\u015ftirmalar Merkezi<\/title>\n<meta name=\"robots\" content=\"index, follow, max-snippet:-1, max-image-preview:large, max-video-preview:-1\" \/>\n<link rel=\"canonical\" href=\"https:\/\/akunq.net\/tr\/?p=61720\" \/>\n<meta property=\"og:locale\" content=\"en_US\" \/>\n<meta property=\"og:type\" content=\"article\" \/>\n<meta property=\"og:title\" content=\"Bin 700 y\u0131ll\u0131k kilise binas\u0131 bir kez daha sat\u0131l\u0131\u011fa \u00e7\u0131kar\u0131ld\u0131 - Bati Ermenistan Ve Bati Ermenileri Sorunlari Ara\u015ftirmalar Merkezi\" \/>\n<meta property=\"og:description\" content=\"Mardin\u2019de bin 700 y\u0131ll\u0131k ge\u00e7mi\u015fi bulunan kilise tescili olan bina, internet \u00fczerinden bir kez daha sat\u0131\u015fa \u00e7\u0131kar\u0131ld\u0131. Sat\u0131\u015f \u00f6nceli\u011fini S\u00fcryani cemaatine veren tapu sahibi Murat Tekcan, cemaatten olumsuz yan\u0131t almas\u0131 \u00fczerine sat\u0131l\u0131k ilan\u0131n\u0131 yenileyerek art\u0131k gelen herkesle anla\u015fmaya haz\u0131r oldu\u011funu s\u00f6yledi. NEZ\u0130R G\u00dcNE\u015e Mardin\u2019de sat\u0131l\u0131\u011fa \u00e7\u0131kar\u0131lan bin 700 y\u0131ll\u0131k tarihi ge\u00e7mi\u015fi olan kilise tescilli binada [&hellip;]\" \/>\n<meta property=\"og:url\" content=\"https:\/\/akunq.net\/tr\/?p=61720\" \/>\n<meta property=\"og:site_name\" content=\"Bati Ermenistan Ve Bati Ermenileri Sorunlari Ara\u015ftirmalar Merkezi\" \/>\n<meta property=\"article:published_time\" content=\"2021-03-02T07:32:23+00:00\" \/>\n<meta property=\"og:image\" content=\"https:\/\/akunq.net\/tr\/wp-content\/uploads\/sites\/6\/2021\/03\/Bin-700-y\u0131ll\u0131k-kilise.jpg\" \/>\n\t<meta property=\"og:image:width\" content=\"650\" \/>\n\t<meta property=\"og:image:height\" content=\"344\" \/>\n\t<meta property=\"og:image:type\" content=\"image\/jpeg\" \/>\n<meta name=\"author\" content=\"admin\" \/>\n<meta name=\"twitter:card\" content=\"summary_large_image\" \/>\n<meta name=\"twitter:label1\" content=\"Written by\" \/>\n\t<meta name=\"twitter:data1\" content=\"admin\" \/>\n\t<meta name=\"twitter:label2\" content=\"Est. reading time\" \/>\n\t<meta name=\"twitter:data2\" content=\"3 minutes\" \/>\n<script type=\"application\/ld+json\" class=\"yoast-schema-graph\">{\"@context\":\"https:\\\/\\\/schema.org\",\"@graph\":[{\"@type\":\"Article\",\"@id\":\"https:\\\/\\\/akunq.net\\\/tr\\\/?p=61720#article\",\"isPartOf\":{\"@id\":\"https:\\\/\\\/akunq.net\\\/tr\\\/?p=61720\"},\"author\":{\"name\":\"admin\",\"@id\":\"https:\\\/\\\/akunq.net\\\/tr\\\/#\\\/schema\\\/person\\\/096f1d38a12cce57fb855b485ed24c9e\"},\"headline\":\"Bin 700 y\u0131ll\u0131k kilise binas\u0131 bir kez daha sat\u0131l\u0131\u011fa \u00e7\u0131kar\u0131ld\u0131\",\"datePublished\":\"2021-03-02T07:32:23+00:00\",\"mainEntityOfPage\":{\"@id\":\"https:\\\/\\\/akunq.net\\\/tr\\\/?p=61720\"},\"wordCount\":640,\"commentCount\":0,\"image\":{\"@id\":\"https:\\\/\\\/akunq.net\\\/tr\\\/?p=61720#primaryimage\"},\"thumbnailUrl\":\"https:\\\/\\\/akunq.net\\\/tr\\\/wp-content\\\/uploads\\\/sites\\\/6\\\/2021\\\/03\\\/Bin-700-y\u0131ll\u0131k-kilise.jpg\",\"articleSection\":[\"Haberler\",\"T\u00fcrkiye\u2019de Az\u0131nl\u0131klar\"],\"inLanguage\":\"en-US\",\"potentialAction\":[{\"@type\":\"CommentAction\",\"name\":\"Comment\",\"target\":[\"https:\\\/\\\/akunq.net\\\/tr\\\/?p=61720#respond\"]}]},{\"@type\":\"WebPage\",\"@id\":\"https:\\\/\\\/akunq.net\\\/tr\\\/?p=61720\",\"url\":\"https:\\\/\\\/akunq.net\\\/tr\\\/?p=61720\",\"name\":\"Bin 700 y\u0131ll\u0131k kilise binas\u0131 bir kez daha sat\u0131l\u0131\u011fa \u00e7\u0131kar\u0131ld\u0131 - Bati Ermenistan Ve Bati Ermenileri Sorunlari Ara\u015ftirmalar Merkezi\",\"isPartOf\":{\"@id\":\"https:\\\/\\\/akunq.net\\\/tr\\\/#website\"},\"primaryImageOfPage\":{\"@id\":\"https:\\\/\\\/akunq.net\\\/tr\\\/?p=61720#primaryimage\"},\"image\":{\"@id\":\"https:\\\/\\\/akunq.net\\\/tr\\\/?p=61720#primaryimage\"},\"thumbnailUrl\":\"https:\\\/\\\/akunq.net\\\/tr\\\/wp-content\\\/uploads\\\/sites\\\/6\\\/2021\\\/03\\\/Bin-700-y\u0131ll\u0131k-kilise.jpg\",\"datePublished\":\"2021-03-02T07:32:23+00:00\",\"author\":{\"@id\":\"https:\\\/\\\/akunq.net\\\/tr\\\/#\\\/schema\\\/person\\\/096f1d38a12cce57fb855b485ed24c9e\"},\"breadcrumb\":{\"@id\":\"https:\\\/\\\/akunq.net\\\/tr\\\/?p=61720#breadcrumb\"},\"inLanguage\":\"en-US\",\"potentialAction\":[{\"@type\":\"ReadAction\",\"target\":[\"https:\\\/\\\/akunq.net\\\/tr\\\/?p=61720\"]}]},{\"@type\":\"ImageObject\",\"inLanguage\":\"en-US\",\"@id\":\"https:\\\/\\\/akunq.net\\\/tr\\\/?p=61720#primaryimage\",\"url\":\"https:\\\/\\\/akunq.net\\\/tr\\\/wp-content\\\/uploads\\\/sites\\\/6\\\/2021\\\/03\\\/Bin-700-y\u0131ll\u0131k-kilise.jpg\",\"contentUrl\":\"https:\\\/\\\/akunq.net\\\/tr\\\/wp-content\\\/uploads\\\/sites\\\/6\\\/2021\\\/03\\\/Bin-700-y\u0131ll\u0131k-kilise.jpg\",\"width\":650,\"height\":344},{\"@type\":\"BreadcrumbList\",\"@id\":\"https:\\\/\\\/akunq.net\\\/tr\\\/?p=61720#breadcrumb\",\"itemListElement\":[{\"@type\":\"ListItem\",\"position\":1,\"name\":\"Home\",\"item\":\"https:\\\/\\\/akunq.net\\\/tr\"},{\"@type\":\"ListItem\",\"position\":2,\"name\":\"Bin 700 y\u0131ll\u0131k kilise binas\u0131 bir kez daha sat\u0131l\u0131\u011fa \u00e7\u0131kar\u0131ld\u0131\"}]},{\"@type\":\"WebSite\",\"@id\":\"https:\\\/\\\/akunq.net\\\/tr\\\/#website\",\"url\":\"https:\\\/\\\/akunq.net\\\/tr\\\/\",\"name\":\"Bati Ermenistan Ve Bati Ermenileri Sorunlari Ara\u015ftirmalar Merkezi\",\"description\":\"\",\"potentialAction\":[{\"@type\":\"SearchAction\",\"target\":{\"@type\":\"EntryPoint\",\"urlTemplate\":\"https:\\\/\\\/akunq.net\\\/tr\\\/?s={search_term_string}\"},\"query-input\":{\"@type\":\"PropertyValueSpecification\",\"valueRequired\":true,\"valueName\":\"search_term_string\"}}],\"inLanguage\":\"en-US\"},{\"@type\":\"Person\",\"@id\":\"https:\\\/\\\/akunq.net\\\/tr\\\/#\\\/schema\\\/person\\\/096f1d38a12cce57fb855b485ed24c9e\",\"name\":\"admin\",\"url\":\"https:\\\/\\\/akunq.net\\\/tr\\\/?author=7\"}]}<\/script>\n<!-- \/ Yoast SEO plugin. -->","yoast_head_json":{"title":"Bin 700 y\u0131ll\u0131k kilise binas\u0131 bir kez daha sat\u0131l\u0131\u011fa \u00e7\u0131kar\u0131ld\u0131 - Bati Ermenistan Ve Bati Ermenileri Sorunlari Ara\u015ftirmalar Merkezi","robots":{"index":"index","follow":"follow","max-snippet":"max-snippet:-1","max-image-preview":"max-image-preview:large","max-video-preview":"max-video-preview:-1"},"canonical":"https:\/\/akunq.net\/tr\/?p=61720","og_locale":"en_US","og_type":"article","og_title":"Bin 700 y\u0131ll\u0131k kilise binas\u0131 bir kez daha sat\u0131l\u0131\u011fa \u00e7\u0131kar\u0131ld\u0131 - Bati Ermenistan Ve Bati Ermenileri Sorunlari Ara\u015ftirmalar Merkezi","og_description":"Mardin\u2019de bin 700 y\u0131ll\u0131k ge\u00e7mi\u015fi bulunan kilise tescili olan bina, internet \u00fczerinden bir kez daha sat\u0131\u015fa \u00e7\u0131kar\u0131ld\u0131. Sat\u0131\u015f \u00f6nceli\u011fini S\u00fcryani cemaatine veren tapu sahibi Murat Tekcan, cemaatten olumsuz yan\u0131t almas\u0131 \u00fczerine sat\u0131l\u0131k ilan\u0131n\u0131 yenileyerek art\u0131k gelen herkesle anla\u015fmaya haz\u0131r oldu\u011funu s\u00f6yledi. NEZ\u0130R G\u00dcNE\u015e Mardin\u2019de sat\u0131l\u0131\u011fa \u00e7\u0131kar\u0131lan bin 700 y\u0131ll\u0131k tarihi ge\u00e7mi\u015fi olan kilise tescilli binada [&hellip;]","og_url":"https:\/\/akunq.net\/tr\/?p=61720","og_site_name":"Bati Ermenistan Ve Bati Ermenileri Sorunlari Ara\u015ftirmalar Merkezi","article_published_time":"2021-03-02T07:32:23+00:00","og_image":[{"width":650,"height":344,"url":"https:\/\/akunq.net\/tr\/wp-content\/uploads\/sites\/6\/2021\/03\/Bin-700-y\u0131ll\u0131k-kilise.jpg","type":"image\/jpeg"}],"author":"admin","twitter_card":"summary_large_image","twitter_misc":{"Written by":"admin","Est. reading time":"3 minutes"},"schema":{"@context":"https:\/\/schema.org","@graph":[{"@type":"Article","@id":"https:\/\/akunq.net\/tr\/?p=61720#article","isPartOf":{"@id":"https:\/\/akunq.net\/tr\/?p=61720"},"author":{"name":"admin","@id":"https:\/\/akunq.net\/tr\/#\/schema\/person\/096f1d38a12cce57fb855b485ed24c9e"},"headline":"Bin 700 y\u0131ll\u0131k kilise binas\u0131 bir kez daha sat\u0131l\u0131\u011fa \u00e7\u0131kar\u0131ld\u0131","datePublished":"2021-03-02T07:32:23+00:00","mainEntityOfPage":{"@id":"https:\/\/akunq.net\/tr\/?p=61720"},"wordCount":640,"commentCount":0,"image":{"@id":"https:\/\/akunq.net\/tr\/?p=61720#primaryimage"},"thumbnailUrl":"https:\/\/akunq.net\/tr\/wp-content\/uploads\/sites\/6\/2021\/03\/Bin-700-y\u0131ll\u0131k-kilise.jpg","articleSection":["Haberler","T\u00fcrkiye\u2019de Az\u0131nl\u0131klar"],"inLanguage":"en-US","potentialAction":[{"@type":"CommentAction","name":"Comment","target":["https:\/\/akunq.net\/tr\/?p=61720#respond"]}]},{"@type":"WebPage","@id":"https:\/\/akunq.net\/tr\/?p=61720","url":"https:\/\/akunq.net\/tr\/?p=61720","name":"Bin 700 y\u0131ll\u0131k kilise binas\u0131 bir kez daha sat\u0131l\u0131\u011fa \u00e7\u0131kar\u0131ld\u0131 - Bati Ermenistan Ve Bati Ermenileri Sorunlari Ara\u015ftirmalar Merkezi","isPartOf":{"@id":"https:\/\/akunq.net\/tr\/#website"},"primaryImageOfPage":{"@id":"https:\/\/akunq.net\/tr\/?p=61720#primaryimage"},"image":{"@id":"https:\/\/akunq.net\/tr\/?p=61720#primaryimage"},"thumbnailUrl":"https:\/\/akunq.net\/tr\/wp-content\/uploads\/sites\/6\/2021\/03\/Bin-700-y\u0131ll\u0131k-kilise.jpg","datePublished":"2021-03-02T07:32:23+00:00","author":{"@id":"https:\/\/akunq.net\/tr\/#\/schema\/person\/096f1d38a12cce57fb855b485ed24c9e"},"breadcrumb":{"@id":"https:\/\/akunq.net\/tr\/?p=61720#breadcrumb"},"inLanguage":"en-US","potentialAction":[{"@type":"ReadAction","target":["https:\/\/akunq.net\/tr\/?p=61720"]}]},{"@type":"ImageObject","inLanguage":"en-US","@id":"https:\/\/akunq.net\/tr\/?p=61720#primaryimage","url":"https:\/\/akunq.net\/tr\/wp-content\/uploads\/sites\/6\/2021\/03\/Bin-700-y\u0131ll\u0131k-kilise.jpg","contentUrl":"https:\/\/akunq.net\/tr\/wp-content\/uploads\/sites\/6\/2021\/03\/Bin-700-y\u0131ll\u0131k-kilise.jpg","width":650,"height":344},{"@type":"BreadcrumbList","@id":"https:\/\/akunq.net\/tr\/?p=61720#breadcrumb","itemListElement":[{"@type":"ListItem","position":1,"name":"Home","item":"https:\/\/akunq.net\/tr"},{"@type":"ListItem","position":2,"name":"Bin 700 y\u0131ll\u0131k kilise binas\u0131 bir kez daha sat\u0131l\u0131\u011fa \u00e7\u0131kar\u0131ld\u0131"}]},{"@type":"WebSite","@id":"https:\/\/akunq.net\/tr\/#website","url":"https:\/\/akunq.net\/tr\/","name":"Bati Ermenistan Ve Bati Ermenileri Sorunlari Ara\u015ftirmalar Merkezi","description":"","potentialAction":[{"@type":"SearchAction","target":{"@type":"EntryPoint","urlTemplate":"https:\/\/akunq.net\/tr\/?s={search_term_string}"},"query-input":{"@type":"PropertyValueSpecification","valueRequired":true,"valueName":"search_term_string"}}],"inLanguage":"en-US"},{"@type":"Person","@id":"https:\/\/akunq.net\/tr\/#\/schema\/person\/096f1d38a12cce57fb855b485ed24c9e","name":"admin","url":"https:\/\/akunq.net\/tr\/?author=7"}]}},"_links":{"self":[{"href":"https:\/\/akunq.net\/tr\/index.php?rest_route=\/wp\/v2\/posts\/61720","targetHints":{"allow":["GET"]}}],"collection":[{"href":"https:\/\/akunq.net\/tr\/index.php?rest_route=\/wp\/v2\/posts"}],"about":[{"href":"https:\/\/akunq.net\/tr\/index.php?rest_route=\/wp\/v2\/types\/post"}],"author":[{"embeddable":true,"href":"https:\/\/akunq.net\/tr\/index.php?rest_route=\/wp\/v2\/users\/7"}],"replies":[{"embeddable":true,"href":"https:\/\/akunq.net\/tr\/index.php?rest_route=%2Fwp%2Fv2%2Fcomments&post=61720"}],"version-history":[{"count":1,"href":"https:\/\/akunq.net\/tr\/index.php?rest_route=\/wp\/v2\/posts\/61720\/revisions"}],"predecessor-version":[{"id":61722,"href":"https:\/\/akunq.net\/tr\/index.php?rest_route=\/wp\/v2\/posts\/61720\/revisions\/61722"}],"wp:featuredmedia":[{"embeddable":true,"href":"https:\/\/akunq.net\/tr\/index.php?rest_route=\/wp\/v2\/media\/61721"}],"wp:attachment":[{"href":"https:\/\/akunq.net\/tr\/index.php?rest_route=%2Fwp%2Fv2%2Fmedia&parent=61720"}],"wp:term":[{"taxonomy":"category","embeddable":true,"href":"https:\/\/akunq.net\/tr\/index.php?rest_route=%2Fwp%2Fv2%2Fcategories&post=61720"},{"taxonomy":"post_tag","embeddable":true,"href":"https:\/\/akunq.net\/tr\/index.php?rest_route=%2Fwp%2Fv2%2Ftags&post=61720"}],"curies":[{"name":"wp","href":"https:\/\/api.w.org\/{rel}","templated":true}]}}