{"id":61716,"date":"2021-03-02T02:05:08","date_gmt":"2021-03-02T07:05:08","guid":{"rendered":"https:\/\/akunq.net\/tr\/?p=61716"},"modified":"2021-03-02T02:05:08","modified_gmt":"2021-03-02T07:05:08","slug":"troya-ve-assosta-mitolojik-bir-tur","status":"publish","type":"post","link":"https:\/\/akunq.net\/tr\/?p=61716","title":{"rendered":"Troya ve Assos\u2019ta mitolojik bir tur"},"content":{"rendered":"<p><img loading=\"lazy\" decoding=\"async\" class=\"aligncenter size-medium wp-image-61717\" src=\"https:\/\/akunq.net\/tr\/wp-content\/uploads\/2021\/03\/Troya-ve-Assos-360x219.jpg\" alt=\"\" width=\"360\" height=\"219\" srcset=\"https:\/\/akunq.net\/tr\/wp-content\/uploads\/sites\/6\/2021\/03\/Troya-ve-Assos-360x219.jpg 360w, https:\/\/akunq.net\/tr\/wp-content\/uploads\/sites\/6\/2021\/03\/Troya-ve-Assos-768x468.jpg 768w, https:\/\/akunq.net\/tr\/wp-content\/uploads\/sites\/6\/2021\/03\/Troya-ve-Assos-560x341.jpg 560w, https:\/\/akunq.net\/tr\/wp-content\/uploads\/sites\/6\/2021\/03\/Troya-ve-Assos-260x158.jpg 260w, https:\/\/akunq.net\/tr\/wp-content\/uploads\/sites\/6\/2021\/03\/Troya-ve-Assos-160x97.jpg 160w, https:\/\/akunq.net\/tr\/wp-content\/uploads\/sites\/6\/2021\/03\/Troya-ve-Assos.jpg 839w\" sizes=\"auto, (max-width: 360px) 100vw, 360px\" \/><\/p>\n<p><strong>Saffet Emre TONGU\u00c7<\/strong><\/p>\n<p><em><strong>Troya Sava\u015f\u0131\u2019n\u0131n hik\u00e2yesi d\u00fcnyada me\u015fhur. Bat\u0131\u2019da her \u00f6\u011frenci g\u00fczel Helen\u2019in sebep oldu\u011fu sava\u015f\u0131 okur ama y\u0131llar s\u00fcren bu sava\u015f\u0131n ge\u00e7ti\u011fi yerin T\u00fcrkiye\u2019de oldu\u011funu bilmez! Peki siz Aristo\u2019nun Assos\u2019a neden okul a\u00e7t\u0131\u011f\u0131n\u0131 biliyor musunuz?<\/strong><\/em><\/p>\n<p>\u0130lkbahar hep bayramlar\u0131n mevsimidir, kutlamalarla ge\u00e7er. Neredeyse b\u00fct\u00fcn dinlerin ve k\u00fclt\u00fcrlerin ilkbaharla ilgili bir rit\u00fceli vard\u0131r. Ad\u0131 cemre olur, kor gibi bir ate\u015fin havaya, topra\u011fa, suya d\u00fc\u015ft\u00fc\u011f\u00fcne inan\u0131l\u0131r. Bile\u011fe ba\u011flanan bir marteni\u00e7ka olur, ilk bahar dal\u0131n\u0131 veya ilk leyle\u011fi g\u00f6rmenin heyecan\u0131 ya\u015fan\u0131r. Ad\u0131na ister Nevruz diyelim, ister Paskalya, baharda hep yeni ba\u015flang\u0131\u00e7lar ve bereket kutlan\u0131r.<\/p>\n<p>Tabii ki mitoloji de bu hik\u00e2yeden kendi karakterleriyle bahseder. Bahar\u0131n havas\u0131na uygun, kalplere dokunan bir hik\u00e2yedir bu. Toprak ve bereket tanr\u0131\u00e7as\u0131 Demeter\u2019in k\u0131z\u0131 g\u00fczel Persephone\u2019ye \u00f6l\u00fclerin tanr\u0131s\u0131 olan amcas\u0131 Hades \u00e2\u015f\u0131k olur. Onsuz ya\u015fayamayaca\u011f\u0131n\u0131 bildi\u011fi i\u00e7in de Persephone\u2019yi ka\u00e7\u0131rarak yerin alt\u0131ndaki d\u00fcnyada ya\u015famaya mahk\u00fbm b\u0131rak\u0131r.<\/p>\n<p>Anne Demeter o kadar \u00fcz\u00fcl\u00fcr ki toprak kurakla\u015f\u0131r, art\u0131k \u00fcr\u00fcn vermez olur. En sonunda amca ve anne bir anla\u015fma yaparlar. Persephone her bahar yery\u00fcz\u00fcne annesinin yan\u0131na gelecektir, sonbahar geldi\u011findeyse geri d\u00f6nmek zorundad\u0131r. Bu sebeple Demeter, her k\u0131\u015f bitiminde sevincini, yery\u00fcz\u00fcn\u00fc ye\u015file boyayarak g\u00f6sterir, sonbahardaysa h\u00fczn\u00fc tabiat\u0131n renklerine yans\u0131r, ye\u015fil yerini sar\u0131yla kahvenin tonlar\u0131na b\u0131rak\u0131r.<\/p>\n<p><strong>Ger\u00e7ek mi, masal m\u0131?<\/strong><\/p>\n<p>Gelin biz de Demeter\u2019in co\u015fkusuna kat\u0131l\u0131p bu topraklar\u0131n destanlar\u0131yla \u00fcnl\u00fc bir k\u00f6\u015fesine gidelim. D\u00fcnyan\u0131n en \u00f6nemli bo\u011fazlar\u0131ndan biri olan \u00c7anakkale\u2019ye\u2026 Mitolojiyle ba\u015flay\u0131p ger\u00e7e\u011fe uzanan Troya Sava\u015f\u0131\u2019n\u0131n hik\u00e2yesi d\u00fcnyada me\u015fhur. Bat\u0131\u2019da her \u00f6\u011frenci g\u00fczel Helen\u2019in sebep oldu\u011fu sava\u015f\u0131n hik\u00e2yesini okur ama y\u0131llar s\u00fcren bu sava\u015f\u0131n ge\u00e7ti\u011fi yerin T\u00fcrkiye\u2019de oldu\u011funu bilmez!<\/p>\n<p>Antik \u015fehrin yerini bulup ilk kazmay\u0131 sallayan, Kaliforniya\u2019daki \u2018alt\u0131na h\u00fccum\u2019 d\u00f6neminde zengin olan Alman k\u00f6kenli Heinrich Schliemann. Schliemann, Homeros\u2019un yazd\u0131klar\u0131n\u0131n ger\u00e7ek olabilece\u011fini d\u00fc\u015f\u00fcn\u00fcp Osmanl\u0131 \u0130mparatorlu\u011fu\u2019na geliyor. Sultan Abd\u00fclaziz\u2019in izniyle kaz\u0131lara, daha do\u011frusu katliama ba\u015fl\u0131yor. \u00c7\u00fcnk\u00fc tek amac\u0131 var, hazineyi bulmak. Bunun i\u00e7in de yatay kaz\u0131lar yapaca\u011f\u0131na, antik \u015fehre tabiri caizse bodoslama yani dikey olarak dal\u0131yor ve amac\u0131na da ula\u015f\u0131yor.<\/p>\n<p>Hazineyi buldu\u011fu g\u00fcn t\u00fcm i\u015f\u00e7ilere izin veriyor ve kar\u0131s\u0131 Sofia ile beraber bulduklar\u0131n\u0131 \u00f6nce Yunanistan\u2019a g\u00f6t\u00fcr\u00fcp de\u011fi\u015fik \u00fclkelere pazarlamaya \u00e7al\u0131\u015f\u0131yor ama sonra Alman milliyet\u00e7ili\u011fi a\u011f\u0131r bas\u0131yor ve elindekileri Almanya\u2019ya veriyor. II. D\u00fcnya Sava\u015f\u0131\u2019nda kaybolan hazine 1993\u2019te Rusya\u2019da ortaya \u00e7\u0131k\u0131yor! Eserler bug\u00fcn Pu\u015fkin M\u00fczesi\u2019nde.<\/p>\n<p>Troya\u2019n\u0131n b\u00fcy\u00fcleyici ve heyecan verici \u00f6yk\u00fcs\u00fcn\u00fc dinledikten sonra \u00f6ren yerindeki kal\u0131nt\u0131lar biraz hayal k\u0131r\u0131kl\u0131\u011f\u0131 yarat\u0131yor. 1996\u2019da UNESCO taraf\u0131ndan D\u00fcnya K\u00fclt\u00fcr Miras\u0131 Listesi\u2019ne al\u0131nan Troya\u2019da yapman\u0131z gereken hayal g\u00fcc\u00fcn\u00fcz\u00fc kullanmak ve bakt\u0131\u011f\u0131n\u0131z eserlerin binlerce y\u0131ld\u0131r burada oldu\u011funu d\u00fc\u015f\u00fcnmek. D\u00fcnyan\u0131n en \u00f6nemli \u00e7a\u011fda\u015f arkeoloji m\u00fczesi \u00f6rneklerinden biri olan Troya M\u00fczesi, 2018 Troya Y\u0131l\u0131\u2019nda a\u00e7\u0131ld\u0131.<\/p>\n<p><strong>Do\u011fayla uyumlu<\/strong><\/p>\n<p>Troya\u2019y\u0131 gezdikten sonra ad\u0131m ba\u015f\u0131 bir antik kent \u00e7\u0131kacak kar\u015f\u0131n\u0131za\u2026 Ama Ege Denizi\u2019nin sakinli\u011finde dinlenmek i\u00e7in do\u011frudan Assos\u2019a gitmenizi \u00f6neririm. \u00c7anakkale\u2019den gelirken do\u011fayla uyum i\u00e7indeki Sel\u00e7uklu k\u00f6pr\u00fcs\u00fc \u00fczerinde, tepeye h\u00e2kim konumuyla Assos\u2019un siluetini g\u00f6r\u00fcrs\u00fcn\u00fcz \u00f6nce. Assos Yunanca birinci demek.<\/p>\n<p>Bat\u0131 Anadolu\u2019daki \u00e7o\u011fu kent gibi Assos da Lidya, Pers, Helen, Bergama, Roma, Bizans ve Osmanl\u0131 d\u00f6nemlerinin ard\u0131ndan bug\u00fcnk\u00fc halini alm\u0131\u015f. Bizans surlar\u0131 ve H\u00fcdavendig\u00e2r Camisi bu d\u00f6nemlerin izlerinden sadece birka\u00e7\u0131.<\/p>\n<p>Antik kente girdi\u011finizde ad\u0131mlar\u0131n\u0131z sizi \u015fehrin en y\u00fcksek noktas\u0131ndaki Athena Tap\u0131na\u011f\u0131\u2019na g\u00f6t\u00fcrecek. Bu g\u00fczel tap\u0131na\u011f\u0131n alt\u0131nda oturun ve arma\u011fan etti\u011fi zeytin a\u011fac\u0131yla Atina \u015fehrine ad\u0131n\u0131 veren bilgelik tanr\u0131\u00e7as\u0131na sevgilerinizi g\u00f6nderin. G\u00fcnbat\u0131m\u0131nda buradan, kad\u0131n \u015fair Sappho\u2019nun ya\u015fad\u0131\u011f\u0131 Midilli Adas\u0131\u2019n\u0131 seyretmenin keyfine var\u0131n.<\/p>\n<p>Assos\u2019un liman\u0131 da ayr\u0131ca \u00e7ok g\u00fczeldir. Surlar boyunca mendire\u011fe do\u011fru inerken kar\u015f\u0131n\u0131za \u00e7\u0131kacak olan Ege manzaras\u0131 eminim ki zihninize kaz\u0131nacak. Antik Liman, tarihi binalarla \u00e7evrelenmi\u015f. Eski palamut depolar\u0131n\u0131n restore edilmesiyle ortaya \u00e7\u0131kan otel ve pansiyonlar Rum mimarisinin izlerini ta\u015f\u0131yor. Assos birbirinden farkl\u0131 ve g\u00fczel bir\u00e7ok koya ev sahipli\u011fi yap\u0131yor. Geceyi ye\u015fil ve mavinin i\u00e7 i\u00e7e oldu\u011fu bir cennette, Ayvac\u0131k\u2019taki Simurg Inn\u2019de ge\u00e7irebilirsiniz.<\/p>\n<p><strong>Aristo\u2019nun a\u015fk \u015fehri<\/strong><\/p>\n<p>Assos, Aristo\u2019yu da a\u011f\u0131rlam\u0131\u015f bir d\u00f6nem. Efsaneye g\u00f6re Assos Kral\u0131 Hermias ile \u00fcnl\u00fc d\u00fc\u015f\u00fcn\u00fcr Aristo okul arkada\u015f\u0131ym\u0131\u015f. Hermias\u2019\u0131n davetlisi olarak gelen Aristo, Hermias\u2019\u0131n karde\u015fi Pythias\u2019a g\u00f6r\u00fcr g\u00f6rmez \u00e2\u015f\u0131k olmu\u015f, yemeden i\u00e7meden kesilmi\u015f. Hermias, Assos\u2019ta bir okul a\u00e7mas\u0131 halinde k\u0131z karde\u015fini Aristo\u2019yla evlendirece\u011finivaat etmi\u015f. Aristo da teklifi de\u011ferlendirerek Assos\u2019ta bir felsefe okulu a\u00e7m\u0131\u015f ve sonra da Pythias\u2019la evlenmi\u015fler. Hatta Aristo \u2018Erdeme \u00d6vg\u00fc\u2019 adl\u0131 eserini burada yazm\u0131\u015f.<\/p>\n<p>Daha sonra Bergama ve Roma Krall\u0131\u011f\u0131\u2019n\u0131n h\u00e2kimiyetine girmi\u015f ve b\u00fcy\u00fck geli\u015fim g\u00f6stermi\u015f. Tarsuslu Aziz Pavlus ve Aziz Lukas\u2019\u0131n \u015fehri ziyareti, Assos\u2019u Anadolu\u2019da H\u0131ristiyanl\u0131\u011f\u0131 en erken kabul eden kentler aras\u0131na sokmu\u015f.<\/p>\n<p><strong>Me\u015fhur at casus mu yoksa an\u0131t m\u0131?<\/strong><\/p>\n<p>\u0130lion olarak da ge\u00e7en Troya\u2019n\u0131n kral\u0131 Priam\u2019\u0131n o\u011flu Paris do\u011fdu\u011funda, kahinler krala o\u011fullar\u0131n\u0131n \u015fehre felaket getirece\u011fini s\u00f6ylerler. Paris bebekken \u0130da yani bug\u00fcnk\u00fc ad\u0131yla Kaz Da\u011flar\u0131\u2019na b\u0131rak\u0131l\u0131r. Mitolojiye g\u00f6re d\u00fcnyan\u0131n ilk g\u00fczellik yar\u0131\u015fmas\u0131nda \u00fc\u00e7 tanr\u0131\u00e7adan birini se\u00e7me g\u00f6revi Ba\u015ftanr\u0131 Zeus taraf\u0131ndan Paris\u2019e verilir.<\/p>\n<p>Kendisine d\u00fcnyan\u0131n en g\u00fczel kad\u0131n\u0131 Helen\u2019i teklif eden g\u00fczellik tanr\u0131\u00e7as\u0131 Afrodit, verdi\u011fi r\u00fc\u015fvet sayesinde \u00f6d\u00fcl\u00fcn sahibi olur. Ve Sparta Kral\u0131 Menelaus\u2019un kar\u0131s\u0131 Helen ka\u00e7\u0131r\u0131l\u0131p Troya\u2019ya getirilir. Bunun \u00fczerine kral kar\u0131s\u0131n\u0131 ve \u015ferefini kurtarmak i\u00e7in ordular\u0131yla beraber Troya\u2019ya yelken a\u00e7ar. Bu destanda, Yunan taraf\u0131nda Agamemnon, A\u015fil, Odysseus, Patroklus ve Nestor; Troya taraf\u0131nda ise Priam ve o\u011fullar\u0131 Paris ile Hektor vard\u0131r.<\/p>\n<p>10 y\u0131l s\u00fcren sava\u015fta iki taraf da bir sonu\u00e7 elde edemez. En sonunda Yunan taraf\u0131 bir hileye ba\u015fvurur, geri \u00e7ekiliyormu\u015f gibi yaparlar ve Troya\u2019n\u0131n kap\u0131s\u0131na da tahta bir at b\u0131rak\u0131rlar. Zafer sarho\u015flu\u011funa, i\u00e7kinin getirdi\u011fi sarho\u015fluk da eklenince Troya halk\u0131 gecenin ilerleyen saatlerinde s\u0131z\u0131p kal\u0131r. Ger\u00e7ek zaferse \u015fehrin i\u00e7ine al\u0131nan atta saklanan Yunan askerlerin olur.<\/p>\n<p>Di\u011fer bir teoriye g\u00f6re denizlerin tanr\u0131s\u0131 Poseidon ayn\u0131 zamanda depremleri yapacak g\u00fcc\u00fcn de sahibidir. Troya Sava\u015f\u0131\u2019n\u0131n s\u00fcrd\u00fc\u011f\u00fc 10 sene sonunda bir depremde, Yunanlar y\u0131k\u0131lan \u015fehir surlar\u0131ndan i\u00e7eriye girince, Poseidon\u2019a olan \u015f\u00fckranlar\u0131n\u0131 g\u00f6stermek i\u00e7in an\u0131tsal bir ah\u015fap at heykeli dikerler.<\/p>\n<hr \/>\n<p><em><strong><a href=\"https:\/\/www.hurriyet.com.tr\/seyahat\/yazarlar\/saffet-emre-tonguc\/troya-ve-assosta-mitolojik-bir-tur-41749877\" target=\"_blank\" rel=\"noopener noreferrer\">H\u00fcrriyet Gazetesi<\/a><\/strong><\/em><\/p>\n","protected":false},"excerpt":{"rendered":"<p>Saffet Emre TONGU\u00c7 Troya Sava\u015f\u0131\u2019n\u0131n hik\u00e2yesi d\u00fcnyada me\u015fhur. Bat\u0131\u2019da her \u00f6\u011frenci g\u00fczel Helen\u2019in sebep oldu\u011fu sava\u015f\u0131 okur ama y\u0131llar s\u00fcren bu sava\u015f\u0131n ge\u00e7ti\u011fi yerin T\u00fcrkiye\u2019de oldu\u011funu bilmez! Peki siz Aristo\u2019nun Assos\u2019a neden okul a\u00e7t\u0131\u011f\u0131n\u0131 biliyor musunuz? \u0130lkbahar hep bayramlar\u0131n mevsimidir, kutlamalarla ge\u00e7er. Neredeyse b\u00fct\u00fcn dinlerin ve k\u00fclt\u00fcrlerin ilkbaharla ilgili bir rit\u00fceli vard\u0131r. Ad\u0131 cemre olur, [&hellip;]<\/p>\n","protected":false},"author":7,"featured_media":61717,"comment_status":"open","ping_status":"open","sticky":false,"template":"","format":"standard","meta":{"footnotes":""},"categories":[1],"tags":[],"class_list":["post-61716","post","type-post","status-publish","format-standard","has-post-thumbnail","hentry","category-haberler"],"yoast_head":"<!-- This site is optimized with the Yoast SEO plugin v27.4 - https:\/\/yoast.com\/product\/yoast-seo-wordpress\/ -->\n<title>Troya ve Assos\u2019ta mitolojik bir tur - Bati Ermenistan Ve Bati Ermenileri Sorunlari Ara\u015ftirmalar Merkezi<\/title>\n<meta name=\"robots\" content=\"index, follow, max-snippet:-1, max-image-preview:large, max-video-preview:-1\" \/>\n<link rel=\"canonical\" href=\"https:\/\/akunq.net\/tr\/?p=61716\" \/>\n<meta property=\"og:locale\" content=\"en_US\" \/>\n<meta property=\"og:type\" content=\"article\" \/>\n<meta property=\"og:title\" content=\"Troya ve Assos\u2019ta mitolojik bir tur - Bati Ermenistan Ve Bati Ermenileri Sorunlari Ara\u015ftirmalar Merkezi\" \/>\n<meta property=\"og:description\" content=\"Saffet Emre TONGU\u00c7 Troya Sava\u015f\u0131\u2019n\u0131n hik\u00e2yesi d\u00fcnyada me\u015fhur. Bat\u0131\u2019da her \u00f6\u011frenci g\u00fczel Helen\u2019in sebep oldu\u011fu sava\u015f\u0131 okur ama y\u0131llar s\u00fcren bu sava\u015f\u0131n ge\u00e7ti\u011fi yerin T\u00fcrkiye\u2019de oldu\u011funu bilmez! Peki siz Aristo\u2019nun Assos\u2019a neden okul a\u00e7t\u0131\u011f\u0131n\u0131 biliyor musunuz? \u0130lkbahar hep bayramlar\u0131n mevsimidir, kutlamalarla ge\u00e7er. Neredeyse b\u00fct\u00fcn dinlerin ve k\u00fclt\u00fcrlerin ilkbaharla ilgili bir rit\u00fceli vard\u0131r. Ad\u0131 cemre olur, [&hellip;]\" \/>\n<meta property=\"og:url\" content=\"https:\/\/akunq.net\/tr\/?p=61716\" \/>\n<meta property=\"og:site_name\" content=\"Bati Ermenistan Ve Bati Ermenileri Sorunlari Ara\u015ftirmalar Merkezi\" \/>\n<meta property=\"article:published_time\" content=\"2021-03-02T07:05:08+00:00\" \/>\n<meta property=\"og:image\" content=\"https:\/\/akunq.net\/tr\/wp-content\/uploads\/sites\/6\/2021\/03\/Troya-ve-Assos.jpg\" \/>\n\t<meta property=\"og:image:width\" content=\"839\" \/>\n\t<meta property=\"og:image:height\" content=\"511\" \/>\n\t<meta property=\"og:image:type\" content=\"image\/jpeg\" \/>\n<meta name=\"author\" content=\"admin\" \/>\n<meta name=\"twitter:card\" content=\"summary_large_image\" \/>\n<meta name=\"twitter:label1\" content=\"Written by\" \/>\n\t<meta name=\"twitter:data1\" content=\"admin\" \/>\n\t<meta name=\"twitter:label2\" content=\"Est. reading time\" \/>\n\t<meta name=\"twitter:data2\" content=\"7 minutes\" \/>\n<script type=\"application\/ld+json\" class=\"yoast-schema-graph\">{\"@context\":\"https:\\\/\\\/schema.org\",\"@graph\":[{\"@type\":\"Article\",\"@id\":\"https:\\\/\\\/akunq.net\\\/tr\\\/?p=61716#article\",\"isPartOf\":{\"@id\":\"https:\\\/\\\/akunq.net\\\/tr\\\/?p=61716\"},\"author\":{\"name\":\"admin\",\"@id\":\"https:\\\/\\\/akunq.net\\\/tr\\\/#\\\/schema\\\/person\\\/096f1d38a12cce57fb855b485ed24c9e\"},\"headline\":\"Troya ve Assos\u2019ta mitolojik bir tur\",\"datePublished\":\"2021-03-02T07:05:08+00:00\",\"mainEntityOfPage\":{\"@id\":\"https:\\\/\\\/akunq.net\\\/tr\\\/?p=61716\"},\"wordCount\":1317,\"commentCount\":0,\"image\":{\"@id\":\"https:\\\/\\\/akunq.net\\\/tr\\\/?p=61716#primaryimage\"},\"thumbnailUrl\":\"https:\\\/\\\/akunq.net\\\/tr\\\/wp-content\\\/uploads\\\/sites\\\/6\\\/2021\\\/03\\\/Troya-ve-Assos.jpg\",\"articleSection\":[\"Haberler\"],\"inLanguage\":\"en-US\",\"potentialAction\":[{\"@type\":\"CommentAction\",\"name\":\"Comment\",\"target\":[\"https:\\\/\\\/akunq.net\\\/tr\\\/?p=61716#respond\"]}]},{\"@type\":\"WebPage\",\"@id\":\"https:\\\/\\\/akunq.net\\\/tr\\\/?p=61716\",\"url\":\"https:\\\/\\\/akunq.net\\\/tr\\\/?p=61716\",\"name\":\"Troya ve Assos\u2019ta mitolojik bir tur - Bati Ermenistan Ve Bati Ermenileri Sorunlari Ara\u015ftirmalar Merkezi\",\"isPartOf\":{\"@id\":\"https:\\\/\\\/akunq.net\\\/tr\\\/#website\"},\"primaryImageOfPage\":{\"@id\":\"https:\\\/\\\/akunq.net\\\/tr\\\/?p=61716#primaryimage\"},\"image\":{\"@id\":\"https:\\\/\\\/akunq.net\\\/tr\\\/?p=61716#primaryimage\"},\"thumbnailUrl\":\"https:\\\/\\\/akunq.net\\\/tr\\\/wp-content\\\/uploads\\\/sites\\\/6\\\/2021\\\/03\\\/Troya-ve-Assos.jpg\",\"datePublished\":\"2021-03-02T07:05:08+00:00\",\"author\":{\"@id\":\"https:\\\/\\\/akunq.net\\\/tr\\\/#\\\/schema\\\/person\\\/096f1d38a12cce57fb855b485ed24c9e\"},\"breadcrumb\":{\"@id\":\"https:\\\/\\\/akunq.net\\\/tr\\\/?p=61716#breadcrumb\"},\"inLanguage\":\"en-US\",\"potentialAction\":[{\"@type\":\"ReadAction\",\"target\":[\"https:\\\/\\\/akunq.net\\\/tr\\\/?p=61716\"]}]},{\"@type\":\"ImageObject\",\"inLanguage\":\"en-US\",\"@id\":\"https:\\\/\\\/akunq.net\\\/tr\\\/?p=61716#primaryimage\",\"url\":\"https:\\\/\\\/akunq.net\\\/tr\\\/wp-content\\\/uploads\\\/sites\\\/6\\\/2021\\\/03\\\/Troya-ve-Assos.jpg\",\"contentUrl\":\"https:\\\/\\\/akunq.net\\\/tr\\\/wp-content\\\/uploads\\\/sites\\\/6\\\/2021\\\/03\\\/Troya-ve-Assos.jpg\",\"width\":839,\"height\":511},{\"@type\":\"BreadcrumbList\",\"@id\":\"https:\\\/\\\/akunq.net\\\/tr\\\/?p=61716#breadcrumb\",\"itemListElement\":[{\"@type\":\"ListItem\",\"position\":1,\"name\":\"Home\",\"item\":\"https:\\\/\\\/akunq.net\\\/tr\"},{\"@type\":\"ListItem\",\"position\":2,\"name\":\"Troya ve Assos\u2019ta mitolojik bir tur\"}]},{\"@type\":\"WebSite\",\"@id\":\"https:\\\/\\\/akunq.net\\\/tr\\\/#website\",\"url\":\"https:\\\/\\\/akunq.net\\\/tr\\\/\",\"name\":\"Bati Ermenistan Ve Bati Ermenileri Sorunlari Ara\u015ftirmalar Merkezi\",\"description\":\"\",\"potentialAction\":[{\"@type\":\"SearchAction\",\"target\":{\"@type\":\"EntryPoint\",\"urlTemplate\":\"https:\\\/\\\/akunq.net\\\/tr\\\/?s={search_term_string}\"},\"query-input\":{\"@type\":\"PropertyValueSpecification\",\"valueRequired\":true,\"valueName\":\"search_term_string\"}}],\"inLanguage\":\"en-US\"},{\"@type\":\"Person\",\"@id\":\"https:\\\/\\\/akunq.net\\\/tr\\\/#\\\/schema\\\/person\\\/096f1d38a12cce57fb855b485ed24c9e\",\"name\":\"admin\",\"url\":\"https:\\\/\\\/akunq.net\\\/tr\\\/?author=7\"}]}<\/script>\n<!-- \/ Yoast SEO plugin. -->","yoast_head_json":{"title":"Troya ve Assos\u2019ta mitolojik bir tur - Bati Ermenistan Ve Bati Ermenileri Sorunlari Ara\u015ftirmalar Merkezi","robots":{"index":"index","follow":"follow","max-snippet":"max-snippet:-1","max-image-preview":"max-image-preview:large","max-video-preview":"max-video-preview:-1"},"canonical":"https:\/\/akunq.net\/tr\/?p=61716","og_locale":"en_US","og_type":"article","og_title":"Troya ve Assos\u2019ta mitolojik bir tur - Bati Ermenistan Ve Bati Ermenileri Sorunlari Ara\u015ftirmalar Merkezi","og_description":"Saffet Emre TONGU\u00c7 Troya Sava\u015f\u0131\u2019n\u0131n hik\u00e2yesi d\u00fcnyada me\u015fhur. Bat\u0131\u2019da her \u00f6\u011frenci g\u00fczel Helen\u2019in sebep oldu\u011fu sava\u015f\u0131 okur ama y\u0131llar s\u00fcren bu sava\u015f\u0131n ge\u00e7ti\u011fi yerin T\u00fcrkiye\u2019de oldu\u011funu bilmez! Peki siz Aristo\u2019nun Assos\u2019a neden okul a\u00e7t\u0131\u011f\u0131n\u0131 biliyor musunuz? \u0130lkbahar hep bayramlar\u0131n mevsimidir, kutlamalarla ge\u00e7er. Neredeyse b\u00fct\u00fcn dinlerin ve k\u00fclt\u00fcrlerin ilkbaharla ilgili bir rit\u00fceli vard\u0131r. Ad\u0131 cemre olur, [&hellip;]","og_url":"https:\/\/akunq.net\/tr\/?p=61716","og_site_name":"Bati Ermenistan Ve Bati Ermenileri Sorunlari Ara\u015ftirmalar Merkezi","article_published_time":"2021-03-02T07:05:08+00:00","og_image":[{"width":839,"height":511,"url":"https:\/\/akunq.net\/tr\/wp-content\/uploads\/sites\/6\/2021\/03\/Troya-ve-Assos.jpg","type":"image\/jpeg"}],"author":"admin","twitter_card":"summary_large_image","twitter_misc":{"Written by":"admin","Est. reading time":"7 minutes"},"schema":{"@context":"https:\/\/schema.org","@graph":[{"@type":"Article","@id":"https:\/\/akunq.net\/tr\/?p=61716#article","isPartOf":{"@id":"https:\/\/akunq.net\/tr\/?p=61716"},"author":{"name":"admin","@id":"https:\/\/akunq.net\/tr\/#\/schema\/person\/096f1d38a12cce57fb855b485ed24c9e"},"headline":"Troya ve Assos\u2019ta mitolojik bir tur","datePublished":"2021-03-02T07:05:08+00:00","mainEntityOfPage":{"@id":"https:\/\/akunq.net\/tr\/?p=61716"},"wordCount":1317,"commentCount":0,"image":{"@id":"https:\/\/akunq.net\/tr\/?p=61716#primaryimage"},"thumbnailUrl":"https:\/\/akunq.net\/tr\/wp-content\/uploads\/sites\/6\/2021\/03\/Troya-ve-Assos.jpg","articleSection":["Haberler"],"inLanguage":"en-US","potentialAction":[{"@type":"CommentAction","name":"Comment","target":["https:\/\/akunq.net\/tr\/?p=61716#respond"]}]},{"@type":"WebPage","@id":"https:\/\/akunq.net\/tr\/?p=61716","url":"https:\/\/akunq.net\/tr\/?p=61716","name":"Troya ve Assos\u2019ta mitolojik bir tur - Bati Ermenistan Ve Bati Ermenileri Sorunlari Ara\u015ftirmalar Merkezi","isPartOf":{"@id":"https:\/\/akunq.net\/tr\/#website"},"primaryImageOfPage":{"@id":"https:\/\/akunq.net\/tr\/?p=61716#primaryimage"},"image":{"@id":"https:\/\/akunq.net\/tr\/?p=61716#primaryimage"},"thumbnailUrl":"https:\/\/akunq.net\/tr\/wp-content\/uploads\/sites\/6\/2021\/03\/Troya-ve-Assos.jpg","datePublished":"2021-03-02T07:05:08+00:00","author":{"@id":"https:\/\/akunq.net\/tr\/#\/schema\/person\/096f1d38a12cce57fb855b485ed24c9e"},"breadcrumb":{"@id":"https:\/\/akunq.net\/tr\/?p=61716#breadcrumb"},"inLanguage":"en-US","potentialAction":[{"@type":"ReadAction","target":["https:\/\/akunq.net\/tr\/?p=61716"]}]},{"@type":"ImageObject","inLanguage":"en-US","@id":"https:\/\/akunq.net\/tr\/?p=61716#primaryimage","url":"https:\/\/akunq.net\/tr\/wp-content\/uploads\/sites\/6\/2021\/03\/Troya-ve-Assos.jpg","contentUrl":"https:\/\/akunq.net\/tr\/wp-content\/uploads\/sites\/6\/2021\/03\/Troya-ve-Assos.jpg","width":839,"height":511},{"@type":"BreadcrumbList","@id":"https:\/\/akunq.net\/tr\/?p=61716#breadcrumb","itemListElement":[{"@type":"ListItem","position":1,"name":"Home","item":"https:\/\/akunq.net\/tr"},{"@type":"ListItem","position":2,"name":"Troya ve Assos\u2019ta mitolojik bir tur"}]},{"@type":"WebSite","@id":"https:\/\/akunq.net\/tr\/#website","url":"https:\/\/akunq.net\/tr\/","name":"Bati Ermenistan Ve Bati Ermenileri Sorunlari Ara\u015ftirmalar Merkezi","description":"","potentialAction":[{"@type":"SearchAction","target":{"@type":"EntryPoint","urlTemplate":"https:\/\/akunq.net\/tr\/?s={search_term_string}"},"query-input":{"@type":"PropertyValueSpecification","valueRequired":true,"valueName":"search_term_string"}}],"inLanguage":"en-US"},{"@type":"Person","@id":"https:\/\/akunq.net\/tr\/#\/schema\/person\/096f1d38a12cce57fb855b485ed24c9e","name":"admin","url":"https:\/\/akunq.net\/tr\/?author=7"}]}},"_links":{"self":[{"href":"https:\/\/akunq.net\/tr\/index.php?rest_route=\/wp\/v2\/posts\/61716","targetHints":{"allow":["GET"]}}],"collection":[{"href":"https:\/\/akunq.net\/tr\/index.php?rest_route=\/wp\/v2\/posts"}],"about":[{"href":"https:\/\/akunq.net\/tr\/index.php?rest_route=\/wp\/v2\/types\/post"}],"author":[{"embeddable":true,"href":"https:\/\/akunq.net\/tr\/index.php?rest_route=\/wp\/v2\/users\/7"}],"replies":[{"embeddable":true,"href":"https:\/\/akunq.net\/tr\/index.php?rest_route=%2Fwp%2Fv2%2Fcomments&post=61716"}],"version-history":[{"count":1,"href":"https:\/\/akunq.net\/tr\/index.php?rest_route=\/wp\/v2\/posts\/61716\/revisions"}],"predecessor-version":[{"id":61718,"href":"https:\/\/akunq.net\/tr\/index.php?rest_route=\/wp\/v2\/posts\/61716\/revisions\/61718"}],"wp:featuredmedia":[{"embeddable":true,"href":"https:\/\/akunq.net\/tr\/index.php?rest_route=\/wp\/v2\/media\/61717"}],"wp:attachment":[{"href":"https:\/\/akunq.net\/tr\/index.php?rest_route=%2Fwp%2Fv2%2Fmedia&parent=61716"}],"wp:term":[{"taxonomy":"category","embeddable":true,"href":"https:\/\/akunq.net\/tr\/index.php?rest_route=%2Fwp%2Fv2%2Fcategories&post=61716"},{"taxonomy":"post_tag","embeddable":true,"href":"https:\/\/akunq.net\/tr\/index.php?rest_route=%2Fwp%2Fv2%2Ftags&post=61716"}],"curies":[{"name":"wp","href":"https:\/\/api.w.org\/{rel}","templated":true}]}}