{"id":61707,"date":"2021-03-01T04:40:41","date_gmt":"2021-03-01T09:40:41","guid":{"rendered":"https:\/\/akunq.net\/tr\/?p=61707"},"modified":"2021-03-01T04:40:41","modified_gmt":"2021-03-01T09:40:41","slug":"sat-7-turkten-turkiye-ermenileri-kadasetli-patrik-sahak-iiye-ziyaret","status":"publish","type":"post","link":"https:\/\/akunq.net\/tr\/?p=61707","title":{"rendered":"SAT-7 T\u00dcRK\u2019ten T\u00fcrkiye Ermenileri Kadasetli Patrik Sahak II\u2019ye Ziyaret"},"content":{"rendered":"<p><img loading=\"lazy\" decoding=\"async\" class=\"aligncenter size-medium wp-image-61708\" src=\"https:\/\/akunq.net\/tr\/wp-content\/uploads\/2021\/03\/T\u00fcrkiye-Ermenileri-Kadasetli-Patrik-Sahak-II-360x216.png\" alt=\"\" width=\"360\" height=\"216\" srcset=\"https:\/\/akunq.net\/tr\/wp-content\/uploads\/sites\/6\/2021\/03\/T\u00fcrkiye-Ermenileri-Kadasetli-Patrik-Sahak-II-360x216.png 360w, https:\/\/akunq.net\/tr\/wp-content\/uploads\/sites\/6\/2021\/03\/T\u00fcrkiye-Ermenileri-Kadasetli-Patrik-Sahak-II-768x460.png 768w, https:\/\/akunq.net\/tr\/wp-content\/uploads\/sites\/6\/2021\/03\/T\u00fcrkiye-Ermenileri-Kadasetli-Patrik-Sahak-II-1536x921.png 1536w, https:\/\/akunq.net\/tr\/wp-content\/uploads\/sites\/6\/2021\/03\/T\u00fcrkiye-Ermenileri-Kadasetli-Patrik-Sahak-II-560x336.png 560w, https:\/\/akunq.net\/tr\/wp-content\/uploads\/sites\/6\/2021\/03\/T\u00fcrkiye-Ermenileri-Kadasetli-Patrik-Sahak-II-260x156.png 260w, https:\/\/akunq.net\/tr\/wp-content\/uploads\/sites\/6\/2021\/03\/T\u00fcrkiye-Ermenileri-Kadasetli-Patrik-Sahak-II-160x96.png 160w, https:\/\/akunq.net\/tr\/wp-content\/uploads\/sites\/6\/2021\/03\/T\u00fcrkiye-Ermenileri-Kadasetli-Patrik-Sahak-II.png 1698w\" sizes=\"auto, (max-width: 360px) 100vw, 360px\" \/><\/p>\n<p><em><strong>SAT-7 T\u00dcRK Genel M\u00fcd\u00fcr\u00fc Melih Ekener, Program M\u00fcd\u00fcr\u00fc C\u00fcneyt Ar\u0131kan\u2019\u0131, Sosyal Medya M\u00fcd\u00fcr\u00fc \u00dcmit Teymur\u2019u ve Y\u00f6netim Kurulu \u00dcyesi Krikor Din\u00e7kay\u0131k\u00e7\u0131, 26 \u015eubat Cuma g\u00fcn\u00fc T\u00fcrkiye Ermenileri Kadasetli Patrik Sahak II\u2019ye ziyarette bulundu. G\u00f6r\u00fc\u015fmede,<\/strong>\u00a0<strong>Patrikli\u011fin SAT-7 T\u00dcRK Televizyon Kanal\u0131 \u0130le \u0130li\u015fkiler Komisyonu \u00fcyeleri de haz\u0131r bulundular.\u00a0<\/strong><\/em><\/p>\n<p>\u0130lk olarak, Melih Ekener, SAT-7 T\u00dcRK\u2019\u00fc kabul etti\u011fi ve kendilerine zaman ay\u0131rma nezaketi g\u00f6sterdi\u011fi i\u00e7in Patrik Hazretleri\u2019ne te\u015fekk\u00fcr etti.<br \/>\nAyr\u0131ca, vaaz program\u0131 serisine ba\u015flamay\u0131 kabul etti\u011fi i\u00e7in Patrik Hazretleri\u2019ne hassaten te\u015fekk\u00fcr ederek minnettarl\u0131klar\u0131n\u0131 ifade etti. Patrik Hazretleri\u2019nin, \u0130ncil\u2019i anlamak konulu program\u0131, \u015eubat ay\u0131 itibariyle SAT-7 T\u00dcRK\u2019te yay\u0131nlanmaya ba\u015flam\u0131\u015ft\u0131. Program\u0131n izleyicilerin ilgisini \u00e7ekti\u011fi ve programla ilgili \u00e7ok iyi geri d\u00f6n\u00fc\u015fler al\u0131nd\u0131\u011f\u0131 belirtildi.<br \/>\nDaha sonra Patrikli\u011fin SAT-7 T\u00dcRK Televizyon Kanal\u0131 \u0130le \u0130li\u015fkiler Komisyonu \u00fcyeleri, fikirlerini aktard\u0131lar ve ilerleyen zamanlarda Patriklik Makam\u0131 ad\u0131na farkl\u0131 ki\u015filerin de kanal\u0131n projelerine kat\u0131l\u0131m sa\u011flayabileceklerini belirttiler.<\/p>\n<figure class=\"wp-block-image\"><img decoding=\"async\" class=\"wp-image-42928\" src=\"https:\/\/i1.wp.com\/haber.sat7turk.com\/wp-content\/uploads\/2021\/02\/IMG_2749-1024x768.jpeg?resize=1024%2C768&amp;ssl=1\" alt=\"\" data-recalc-dims=\"1\" \/><\/figure>\n<p>Patrik Sahak II, kanal y\u00f6neticilerinin ziyareti m\u00fcnasebetiyle duydu\u011fu memnuniyeti ifade etti. Ayr\u0131ca, Patriklik Makam\u0131\u2019n\u0131n g\u00f6r\u00fc\u015flerini ve prensiplerini diyalog yoluyla aktarmas\u0131 a\u00e7\u0131s\u0131ndan bu ziyaretin faydal\u0131 oldu\u011funu s\u00f6yledi. Ayr\u0131ca kanal\u0131n \u00e7al\u0131\u015fmalar\u0131n\u0131n kiliseler aras\u0131 ili\u015fkilerin geli\u015fiminde faydal\u0131 olmas\u0131n\u0131 dilerken, \u201cPatrikli\u011fimizin kanala katk\u0131s\u0131, \u00f6zellikle Ermeni Kilisesi\u2019nin k\u00fclt\u00fcr ve inanc\u0131n\u0131 tan\u0131tmak amac\u0131ndad\u0131r\u201d dedi.<br \/>\nZiyaret sonunda, SAT-7 T\u00dcRK Genel M\u00fcd\u00fcr\u00fc Melih Ekener, Program M\u00fcd\u00fcr\u00fc C\u00fcneyt Ar\u0131kan, Sosyal Medya M\u00fcd\u00fcr\u00fc \u00dcmit Teymur, g\u00f6sterdikleri misafirperverlik i\u00e7in Patrik Hazretleri\u2019ne te\u015fekk\u00fcr ettiler ve Patrikhane\u2019den ayr\u0131ld\u0131lar.<\/p>\n<figure class=\"wp-block-image\"><img decoding=\"async\" class=\"wp-image-42929\" src=\"https:\/\/i0.wp.com\/haber.sat7turk.com\/wp-content\/uploads\/2021\/02\/IMG_2750-1024x768.jpeg?resize=1024%2C768&amp;ssl=1\" alt=\"\" data-recalc-dims=\"1\" \/><\/figure>\n<p><em><strong><a href=\"https:\/\/haber.sat7turk.com\/sat-7-turkten-turkiye-ermenileri-kadasetli-patrik-sahak-iiye-ziyaret\/\">https:\/\/haber.sat7turk.com\/sat-7-turkten-turkiye-ermenileri-kadasetli-patrik-sahak-iiye-ziyaret\/<\/a><\/strong><\/em><\/p>\n","protected":false},"excerpt":{"rendered":"<p>SAT-7 T\u00dcRK Genel M\u00fcd\u00fcr\u00fc Melih Ekener, Program M\u00fcd\u00fcr\u00fc C\u00fcneyt Ar\u0131kan\u2019\u0131, Sosyal Medya M\u00fcd\u00fcr\u00fc \u00dcmit Teymur\u2019u ve Y\u00f6netim Kurulu \u00dcyesi Krikor Din\u00e7kay\u0131k\u00e7\u0131, 26 \u015eubat Cuma g\u00fcn\u00fc T\u00fcrkiye Ermenileri Kadasetli Patrik Sahak II\u2019ye ziyarette bulundu. G\u00f6r\u00fc\u015fmede,\u00a0Patrikli\u011fin SAT-7 T\u00dcRK Televizyon Kanal\u0131 \u0130le \u0130li\u015fkiler Komisyonu \u00fcyeleri de haz\u0131r bulundular.\u00a0 \u0130lk olarak, Melih Ekener, SAT-7 T\u00dcRK\u2019\u00fc kabul etti\u011fi ve kendilerine [&hellip;]<\/p>\n","protected":false},"author":7,"featured_media":61708,"comment_status":"open","ping_status":"open","sticky":false,"template":"","format":"standard","meta":{"footnotes":""},"categories":[1],"tags":[],"class_list":["post-61707","post","type-post","status-publish","format-standard","has-post-thumbnail","hentry","category-haberler"],"yoast_head":"<!-- This site is optimized with the Yoast SEO plugin v27.4 - https:\/\/yoast.com\/product\/yoast-seo-wordpress\/ -->\n<title>SAT-7 T\u00dcRK\u2019ten T\u00fcrkiye Ermenileri Kadasetli Patrik Sahak II\u2019ye Ziyaret - Bati Ermenistan Ve Bati Ermenileri Sorunlari Ara\u015ftirmalar Merkezi<\/title>\n<meta name=\"robots\" content=\"index, follow, max-snippet:-1, max-image-preview:large, max-video-preview:-1\" \/>\n<link rel=\"canonical\" href=\"https:\/\/akunq.net\/tr\/?p=61707\" \/>\n<meta property=\"og:locale\" content=\"en_US\" \/>\n<meta property=\"og:type\" content=\"article\" \/>\n<meta property=\"og:title\" content=\"SAT-7 T\u00dcRK\u2019ten T\u00fcrkiye Ermenileri Kadasetli Patrik Sahak II\u2019ye Ziyaret - Bati Ermenistan Ve Bati Ermenileri Sorunlari Ara\u015ftirmalar Merkezi\" \/>\n<meta property=\"og:description\" content=\"SAT-7 T\u00dcRK Genel M\u00fcd\u00fcr\u00fc Melih Ekener, Program M\u00fcd\u00fcr\u00fc C\u00fcneyt Ar\u0131kan\u2019\u0131, Sosyal Medya M\u00fcd\u00fcr\u00fc \u00dcmit Teymur\u2019u ve Y\u00f6netim Kurulu \u00dcyesi Krikor Din\u00e7kay\u0131k\u00e7\u0131, 26 \u015eubat Cuma g\u00fcn\u00fc T\u00fcrkiye Ermenileri Kadasetli Patrik Sahak II\u2019ye ziyarette bulundu. G\u00f6r\u00fc\u015fmede,\u00a0Patrikli\u011fin SAT-7 T\u00dcRK Televizyon Kanal\u0131 \u0130le \u0130li\u015fkiler Komisyonu \u00fcyeleri de haz\u0131r bulundular.\u00a0 \u0130lk olarak, Melih Ekener, SAT-7 T\u00dcRK\u2019\u00fc kabul etti\u011fi ve kendilerine [&hellip;]\" \/>\n<meta property=\"og:url\" content=\"https:\/\/akunq.net\/tr\/?p=61707\" \/>\n<meta property=\"og:site_name\" content=\"Bati Ermenistan Ve Bati Ermenileri Sorunlari Ara\u015ftirmalar Merkezi\" \/>\n<meta property=\"article:published_time\" content=\"2021-03-01T09:40:41+00:00\" \/>\n<meta property=\"og:image\" content=\"https:\/\/akunq.net\/tr\/wp-content\/uploads\/sites\/6\/2021\/03\/T\u00fcrkiye-Ermenileri-Kadasetli-Patrik-Sahak-II.png\" \/>\n\t<meta property=\"og:image:width\" content=\"1698\" \/>\n\t<meta property=\"og:image:height\" content=\"1018\" \/>\n\t<meta property=\"og:image:type\" content=\"image\/png\" \/>\n<meta name=\"author\" content=\"admin\" \/>\n<meta name=\"twitter:card\" content=\"summary_large_image\" \/>\n<meta name=\"twitter:label1\" content=\"Written by\" \/>\n\t<meta name=\"twitter:data1\" content=\"admin\" \/>\n\t<meta name=\"twitter:label2\" content=\"Est. reading time\" \/>\n\t<meta name=\"twitter:data2\" content=\"2 minutes\" \/>\n<script type=\"application\/ld+json\" class=\"yoast-schema-graph\">{\"@context\":\"https:\\\/\\\/schema.org\",\"@graph\":[{\"@type\":\"Article\",\"@id\":\"https:\\\/\\\/akunq.net\\\/tr\\\/?p=61707#article\",\"isPartOf\":{\"@id\":\"https:\\\/\\\/akunq.net\\\/tr\\\/?p=61707\"},\"author\":{\"name\":\"admin\",\"@id\":\"https:\\\/\\\/akunq.net\\\/tr\\\/#\\\/schema\\\/person\\\/096f1d38a12cce57fb855b485ed24c9e\"},\"headline\":\"SAT-7 T\u00dcRK\u2019ten T\u00fcrkiye Ermenileri Kadasetli Patrik Sahak II\u2019ye Ziyaret\",\"datePublished\":\"2021-03-01T09:40:41+00:00\",\"mainEntityOfPage\":{\"@id\":\"https:\\\/\\\/akunq.net\\\/tr\\\/?p=61707\"},\"wordCount\":336,\"commentCount\":0,\"image\":{\"@id\":\"https:\\\/\\\/akunq.net\\\/tr\\\/?p=61707#primaryimage\"},\"thumbnailUrl\":\"https:\\\/\\\/akunq.net\\\/tr\\\/wp-content\\\/uploads\\\/sites\\\/6\\\/2021\\\/03\\\/T\u00fcrkiye-Ermenileri-Kadasetli-Patrik-Sahak-II.png\",\"articleSection\":[\"Haberler\"],\"inLanguage\":\"en-US\",\"potentialAction\":[{\"@type\":\"CommentAction\",\"name\":\"Comment\",\"target\":[\"https:\\\/\\\/akunq.net\\\/tr\\\/?p=61707#respond\"]}]},{\"@type\":\"WebPage\",\"@id\":\"https:\\\/\\\/akunq.net\\\/tr\\\/?p=61707\",\"url\":\"https:\\\/\\\/akunq.net\\\/tr\\\/?p=61707\",\"name\":\"SAT-7 T\u00dcRK\u2019ten T\u00fcrkiye Ermenileri Kadasetli Patrik Sahak II\u2019ye Ziyaret - Bati Ermenistan Ve Bati Ermenileri Sorunlari Ara\u015ftirmalar Merkezi\",\"isPartOf\":{\"@id\":\"https:\\\/\\\/akunq.net\\\/tr\\\/#website\"},\"primaryImageOfPage\":{\"@id\":\"https:\\\/\\\/akunq.net\\\/tr\\\/?p=61707#primaryimage\"},\"image\":{\"@id\":\"https:\\\/\\\/akunq.net\\\/tr\\\/?p=61707#primaryimage\"},\"thumbnailUrl\":\"https:\\\/\\\/akunq.net\\\/tr\\\/wp-content\\\/uploads\\\/sites\\\/6\\\/2021\\\/03\\\/T\u00fcrkiye-Ermenileri-Kadasetli-Patrik-Sahak-II.png\",\"datePublished\":\"2021-03-01T09:40:41+00:00\",\"author\":{\"@id\":\"https:\\\/\\\/akunq.net\\\/tr\\\/#\\\/schema\\\/person\\\/096f1d38a12cce57fb855b485ed24c9e\"},\"breadcrumb\":{\"@id\":\"https:\\\/\\\/akunq.net\\\/tr\\\/?p=61707#breadcrumb\"},\"inLanguage\":\"en-US\",\"potentialAction\":[{\"@type\":\"ReadAction\",\"target\":[\"https:\\\/\\\/akunq.net\\\/tr\\\/?p=61707\"]}]},{\"@type\":\"ImageObject\",\"inLanguage\":\"en-US\",\"@id\":\"https:\\\/\\\/akunq.net\\\/tr\\\/?p=61707#primaryimage\",\"url\":\"https:\\\/\\\/akunq.net\\\/tr\\\/wp-content\\\/uploads\\\/sites\\\/6\\\/2021\\\/03\\\/T\u00fcrkiye-Ermenileri-Kadasetli-Patrik-Sahak-II.png\",\"contentUrl\":\"https:\\\/\\\/akunq.net\\\/tr\\\/wp-content\\\/uploads\\\/sites\\\/6\\\/2021\\\/03\\\/T\u00fcrkiye-Ermenileri-Kadasetli-Patrik-Sahak-II.png\",\"width\":1698,\"height\":1018},{\"@type\":\"BreadcrumbList\",\"@id\":\"https:\\\/\\\/akunq.net\\\/tr\\\/?p=61707#breadcrumb\",\"itemListElement\":[{\"@type\":\"ListItem\",\"position\":1,\"name\":\"Home\",\"item\":\"https:\\\/\\\/akunq.net\\\/tr\"},{\"@type\":\"ListItem\",\"position\":2,\"name\":\"SAT-7 T\u00dcRK\u2019ten T\u00fcrkiye Ermenileri Kadasetli Patrik Sahak II\u2019ye Ziyaret\"}]},{\"@type\":\"WebSite\",\"@id\":\"https:\\\/\\\/akunq.net\\\/tr\\\/#website\",\"url\":\"https:\\\/\\\/akunq.net\\\/tr\\\/\",\"name\":\"Bati Ermenistan Ve Bati Ermenileri Sorunlari Ara\u015ftirmalar Merkezi\",\"description\":\"\",\"potentialAction\":[{\"@type\":\"SearchAction\",\"target\":{\"@type\":\"EntryPoint\",\"urlTemplate\":\"https:\\\/\\\/akunq.net\\\/tr\\\/?s={search_term_string}\"},\"query-input\":{\"@type\":\"PropertyValueSpecification\",\"valueRequired\":true,\"valueName\":\"search_term_string\"}}],\"inLanguage\":\"en-US\"},{\"@type\":\"Person\",\"@id\":\"https:\\\/\\\/akunq.net\\\/tr\\\/#\\\/schema\\\/person\\\/096f1d38a12cce57fb855b485ed24c9e\",\"name\":\"admin\",\"url\":\"https:\\\/\\\/akunq.net\\\/tr\\\/?author=7\"}]}<\/script>\n<!-- \/ Yoast SEO plugin. -->","yoast_head_json":{"title":"SAT-7 T\u00dcRK\u2019ten T\u00fcrkiye Ermenileri Kadasetli Patrik Sahak II\u2019ye Ziyaret - Bati Ermenistan Ve Bati Ermenileri Sorunlari Ara\u015ftirmalar Merkezi","robots":{"index":"index","follow":"follow","max-snippet":"max-snippet:-1","max-image-preview":"max-image-preview:large","max-video-preview":"max-video-preview:-1"},"canonical":"https:\/\/akunq.net\/tr\/?p=61707","og_locale":"en_US","og_type":"article","og_title":"SAT-7 T\u00dcRK\u2019ten T\u00fcrkiye Ermenileri Kadasetli Patrik Sahak II\u2019ye Ziyaret - Bati Ermenistan Ve Bati Ermenileri Sorunlari Ara\u015ftirmalar Merkezi","og_description":"SAT-7 T\u00dcRK Genel M\u00fcd\u00fcr\u00fc Melih Ekener, Program M\u00fcd\u00fcr\u00fc C\u00fcneyt Ar\u0131kan\u2019\u0131, Sosyal Medya M\u00fcd\u00fcr\u00fc \u00dcmit Teymur\u2019u ve Y\u00f6netim Kurulu \u00dcyesi Krikor Din\u00e7kay\u0131k\u00e7\u0131, 26 \u015eubat Cuma g\u00fcn\u00fc T\u00fcrkiye Ermenileri Kadasetli Patrik Sahak II\u2019ye ziyarette bulundu. G\u00f6r\u00fc\u015fmede,\u00a0Patrikli\u011fin SAT-7 T\u00dcRK Televizyon Kanal\u0131 \u0130le \u0130li\u015fkiler Komisyonu \u00fcyeleri de haz\u0131r bulundular.\u00a0 \u0130lk olarak, Melih Ekener, SAT-7 T\u00dcRK\u2019\u00fc kabul etti\u011fi ve kendilerine [&hellip;]","og_url":"https:\/\/akunq.net\/tr\/?p=61707","og_site_name":"Bati Ermenistan Ve Bati Ermenileri Sorunlari Ara\u015ftirmalar Merkezi","article_published_time":"2021-03-01T09:40:41+00:00","og_image":[{"width":1698,"height":1018,"url":"https:\/\/akunq.net\/tr\/wp-content\/uploads\/sites\/6\/2021\/03\/T\u00fcrkiye-Ermenileri-Kadasetli-Patrik-Sahak-II.png","type":"image\/png"}],"author":"admin","twitter_card":"summary_large_image","twitter_misc":{"Written by":"admin","Est. reading time":"2 minutes"},"schema":{"@context":"https:\/\/schema.org","@graph":[{"@type":"Article","@id":"https:\/\/akunq.net\/tr\/?p=61707#article","isPartOf":{"@id":"https:\/\/akunq.net\/tr\/?p=61707"},"author":{"name":"admin","@id":"https:\/\/akunq.net\/tr\/#\/schema\/person\/096f1d38a12cce57fb855b485ed24c9e"},"headline":"SAT-7 T\u00dcRK\u2019ten T\u00fcrkiye Ermenileri Kadasetli Patrik Sahak II\u2019ye Ziyaret","datePublished":"2021-03-01T09:40:41+00:00","mainEntityOfPage":{"@id":"https:\/\/akunq.net\/tr\/?p=61707"},"wordCount":336,"commentCount":0,"image":{"@id":"https:\/\/akunq.net\/tr\/?p=61707#primaryimage"},"thumbnailUrl":"https:\/\/akunq.net\/tr\/wp-content\/uploads\/sites\/6\/2021\/03\/T\u00fcrkiye-Ermenileri-Kadasetli-Patrik-Sahak-II.png","articleSection":["Haberler"],"inLanguage":"en-US","potentialAction":[{"@type":"CommentAction","name":"Comment","target":["https:\/\/akunq.net\/tr\/?p=61707#respond"]}]},{"@type":"WebPage","@id":"https:\/\/akunq.net\/tr\/?p=61707","url":"https:\/\/akunq.net\/tr\/?p=61707","name":"SAT-7 T\u00dcRK\u2019ten T\u00fcrkiye Ermenileri Kadasetli Patrik Sahak II\u2019ye Ziyaret - Bati Ermenistan Ve Bati Ermenileri Sorunlari Ara\u015ftirmalar Merkezi","isPartOf":{"@id":"https:\/\/akunq.net\/tr\/#website"},"primaryImageOfPage":{"@id":"https:\/\/akunq.net\/tr\/?p=61707#primaryimage"},"image":{"@id":"https:\/\/akunq.net\/tr\/?p=61707#primaryimage"},"thumbnailUrl":"https:\/\/akunq.net\/tr\/wp-content\/uploads\/sites\/6\/2021\/03\/T\u00fcrkiye-Ermenileri-Kadasetli-Patrik-Sahak-II.png","datePublished":"2021-03-01T09:40:41+00:00","author":{"@id":"https:\/\/akunq.net\/tr\/#\/schema\/person\/096f1d38a12cce57fb855b485ed24c9e"},"breadcrumb":{"@id":"https:\/\/akunq.net\/tr\/?p=61707#breadcrumb"},"inLanguage":"en-US","potentialAction":[{"@type":"ReadAction","target":["https:\/\/akunq.net\/tr\/?p=61707"]}]},{"@type":"ImageObject","inLanguage":"en-US","@id":"https:\/\/akunq.net\/tr\/?p=61707#primaryimage","url":"https:\/\/akunq.net\/tr\/wp-content\/uploads\/sites\/6\/2021\/03\/T\u00fcrkiye-Ermenileri-Kadasetli-Patrik-Sahak-II.png","contentUrl":"https:\/\/akunq.net\/tr\/wp-content\/uploads\/sites\/6\/2021\/03\/T\u00fcrkiye-Ermenileri-Kadasetli-Patrik-Sahak-II.png","width":1698,"height":1018},{"@type":"BreadcrumbList","@id":"https:\/\/akunq.net\/tr\/?p=61707#breadcrumb","itemListElement":[{"@type":"ListItem","position":1,"name":"Home","item":"https:\/\/akunq.net\/tr"},{"@type":"ListItem","position":2,"name":"SAT-7 T\u00dcRK\u2019ten T\u00fcrkiye Ermenileri Kadasetli Patrik Sahak II\u2019ye Ziyaret"}]},{"@type":"WebSite","@id":"https:\/\/akunq.net\/tr\/#website","url":"https:\/\/akunq.net\/tr\/","name":"Bati Ermenistan Ve Bati Ermenileri Sorunlari Ara\u015ftirmalar Merkezi","description":"","potentialAction":[{"@type":"SearchAction","target":{"@type":"EntryPoint","urlTemplate":"https:\/\/akunq.net\/tr\/?s={search_term_string}"},"query-input":{"@type":"PropertyValueSpecification","valueRequired":true,"valueName":"search_term_string"}}],"inLanguage":"en-US"},{"@type":"Person","@id":"https:\/\/akunq.net\/tr\/#\/schema\/person\/096f1d38a12cce57fb855b485ed24c9e","name":"admin","url":"https:\/\/akunq.net\/tr\/?author=7"}]}},"_links":{"self":[{"href":"https:\/\/akunq.net\/tr\/index.php?rest_route=\/wp\/v2\/posts\/61707","targetHints":{"allow":["GET"]}}],"collection":[{"href":"https:\/\/akunq.net\/tr\/index.php?rest_route=\/wp\/v2\/posts"}],"about":[{"href":"https:\/\/akunq.net\/tr\/index.php?rest_route=\/wp\/v2\/types\/post"}],"author":[{"embeddable":true,"href":"https:\/\/akunq.net\/tr\/index.php?rest_route=\/wp\/v2\/users\/7"}],"replies":[{"embeddable":true,"href":"https:\/\/akunq.net\/tr\/index.php?rest_route=%2Fwp%2Fv2%2Fcomments&post=61707"}],"version-history":[{"count":1,"href":"https:\/\/akunq.net\/tr\/index.php?rest_route=\/wp\/v2\/posts\/61707\/revisions"}],"predecessor-version":[{"id":61709,"href":"https:\/\/akunq.net\/tr\/index.php?rest_route=\/wp\/v2\/posts\/61707\/revisions\/61709"}],"wp:featuredmedia":[{"embeddable":true,"href":"https:\/\/akunq.net\/tr\/index.php?rest_route=\/wp\/v2\/media\/61708"}],"wp:attachment":[{"href":"https:\/\/akunq.net\/tr\/index.php?rest_route=%2Fwp%2Fv2%2Fmedia&parent=61707"}],"wp:term":[{"taxonomy":"category","embeddable":true,"href":"https:\/\/akunq.net\/tr\/index.php?rest_route=%2Fwp%2Fv2%2Fcategories&post=61707"},{"taxonomy":"post_tag","embeddable":true,"href":"https:\/\/akunq.net\/tr\/index.php?rest_route=%2Fwp%2Fv2%2Ftags&post=61707"}],"curies":[{"name":"wp","href":"https:\/\/api.w.org\/{rel}","templated":true}]}}