{"id":61697,"date":"2021-03-01T03:35:28","date_gmt":"2021-03-01T08:35:28","guid":{"rendered":"https:\/\/akunq.net\/tr\/?p=61697"},"modified":"2021-03-01T03:35:28","modified_gmt":"2021-03-01T08:35:28","slug":"kayyim-sela-yasakladi-ermeni-mezarliginin-ustune-tuvalet-dikti-tahir-elcinin-adini-kaldirdi","status":"publish","type":"post","link":"https:\/\/akunq.net\/tr\/?p=61697","title":{"rendered":"Kayy\u0131m sela yasaklad\u0131, Ermeni mezarl\u0131\u011f\u0131n\u0131n \u00fcst\u00fcne tuvalet dikti, Tahir El\u00e7i\u2019nin ad\u0131n\u0131 kald\u0131rd\u0131"},"content":{"rendered":"<p><img loading=\"lazy\" decoding=\"async\" class=\"aligncenter size-medium wp-image-61698\" src=\"https:\/\/akunq.net\/tr\/wp-content\/uploads\/2021\/03\/Kayy\u0131m-sela-yasaklad\u0131-360x240.jpg\" alt=\"\" width=\"360\" height=\"240\" srcset=\"https:\/\/akunq.net\/tr\/wp-content\/uploads\/sites\/6\/2021\/03\/Kayy\u0131m-sela-yasaklad\u0131-360x240.jpg 360w, https:\/\/akunq.net\/tr\/wp-content\/uploads\/sites\/6\/2021\/03\/Kayy\u0131m-sela-yasaklad\u0131-768x512.jpg 768w, https:\/\/akunq.net\/tr\/wp-content\/uploads\/sites\/6\/2021\/03\/Kayy\u0131m-sela-yasaklad\u0131-560x373.jpg 560w, https:\/\/akunq.net\/tr\/wp-content\/uploads\/sites\/6\/2021\/03\/Kayy\u0131m-sela-yasaklad\u0131-260x173.jpg 260w, https:\/\/akunq.net\/tr\/wp-content\/uploads\/sites\/6\/2021\/03\/Kayy\u0131m-sela-yasaklad\u0131-160x107.jpg 160w, https:\/\/akunq.net\/tr\/wp-content\/uploads\/sites\/6\/2021\/03\/Kayy\u0131m-sela-yasaklad\u0131.jpg 800w\" sizes=\"auto, (max-width: 360px) 100vw, 360px\" \/><\/p>\n<p><em><strong>ARTI GER\u00c7EK- CHP \u0130stanbul Milletvekili Sezgin Tanr\u0131kulu\u2019n\u0131n haz\u0131rlad\u0131\u011f\u0131 kayy\u0131m raporuna g\u00f6re Van\u2019\u0131n \u00d6zalp il\u00e7esinde sela sesinden rahats\u0131z olan kayy\u0131m Ferhat Vardar, gece sela okunmas\u0131n\u0131 yasaklatt\u0131.<\/strong><\/em><\/p>\n<p>Rapora g\u00f6re Van\u2019\u0131n \u00d6zalp Belediyesi\u2019ne kayy\u0131m olarak atanan Ferhat Vardar, 3 Eyl\u00fcl 2017 tarihinde evinin yak\u0131nlar\u0131ndaki camilerden gece saatlerinde sela okunmas\u0131n\u0131 yasaklad\u0131. Raporda Silvan Belediyesi kayy\u0131m\u0131n\u0131n taziye evlerinin anahtarlar\u0131n\u0131 toplatt\u0131\u011f\u0131na dikkat \u00e7ekilerek, \u201c\u0130l\u00e7edeki t\u00fcm taziye evlerinin anahtarlar\u0131n\u0131 belediyede toplad\u0131\u011f\u0131 ve taziye kurmak isteyen ailelere muhtarlar\u0131n kefil olmas\u0131 halinde taziye yeri verildi\u011fi \u00f6\u011frenildi\u201d denildi.<\/p>\n<p>Raporda 3 b\u00fcy\u00fck\u015fehir, 6 il, 36 il\u00e7e, 7 belde belediyesi olmak \u00fczere toplam 52 belediyeye kayy\u0131m atand\u0131\u011f\u0131na dikkat \u00e7ekilerek, atanan kayy\u0131mlara da kayy\u0131m atand\u0131\u011f\u0131 \u015f\u00f6yle a\u00e7\u0131kland\u0131:<\/p>\n<p><strong>\u2018ATANAN KAYYIMLARA \u2018FET\u00d6\u2019 SORU\u015eTURMASI\u2019<\/strong><\/p>\n<p>\u201c7 Eyl\u00fcl 2020 tarihinde Diyadin Kayy\u0131m\u0131 Hasan Do\u011fan \u0130\u00e7i\u015fleri Bakanl\u0131\u011f\u0131 talimat\u0131 ile a\u00e7\u0131\u011fa al\u0131nd\u0131. Do\u011fan hakk\u0131nda \u2018FET\u00d6 \u00fcyeli\u011fi\u2019 soru\u015fturmas\u0131 y\u00fcr\u00fct\u00fcld\u00fc\u011f\u00fc \u00f6\u011frenildi. Silvan Kayy\u0131m\u0131 Mehmet Uslu da \u0130\u00e7i\u015fleri Bakanl\u0131\u011f\u0131 taraf\u0131ndan hakk\u0131nda y\u00fcr\u00fct\u00fclen soru\u015fturma kapsam\u0131nda g\u00f6revinden al\u0131nd\u0131. Yerine \u00c7erke\u015f Kaymakam\u0131 \u00d6mer Faruk \u00c7elik atand\u0131 ve g\u00f6reve ba\u015flad\u0131ktan sonra 5 ay bile ge\u00e7meden g\u00f6revden al\u0131nd\u0131. Erzurum Karayaz\u0131 Kayy\u0131m\u0131 Abdulgani Ma\u011f, \u0130\u00e7i\u015fleri Bakanl\u0131\u011f\u0131 taraf\u0131nda hakk\u0131nda a\u00e7\u0131lan \u2018FET\u00d6 soru\u015fturmas\u0131\u2019 kapsam\u0131nda g\u00f6revinden al\u0131nd\u0131.\u201d<\/p>\n<p>Raporda kayy\u0131mlar\u0131n icraatlar\u0131 \u015f\u00f6yle \u00f6zetlendi:<\/p>\n<p><strong>VAN\u2019DA TA\u015eINMAZLAR SATI\u015eA \u00c7IKARILDI<\/strong><\/p>\n<p>Belediyeye ait 100 bin d\u00f6n\u00fcm arazinin b\u00fcy\u00fck bir b\u00f6l\u00fcm\u00fc sat\u0131l\u0131rken, y\u00fczlerce i\u015fyeri de ilana \u00e7\u0131kar\u0131ld\u0131. Gayrimenkul sat\u0131\u015f\u0131yla yetinmeyen kayy\u0131m, 30 milyon TL kredi kulland\u0131, 30 milyon TL kredi i\u00e7in de ba\u015fvuru yapt\u0131.<\/p>\n<p>D\u00f6rt y\u0131l \u00f6nce DBP\u2019li y\u00f6netim taraf\u0131ndan temeli at\u0131lan ve \u00f6nceki y\u0131l tamamlanan 6.662 metrekare alana sahip 500 ara\u00e7l\u0131k \u201c\u00c7ok Katl\u0131 Otopark\u201d\u0131n i\u00e7erisinde bulunan 31 i\u015fyeri ve otopark\u0131n tamam\u0131 sat\u0131l\u0131yor. \u015eu ana kadar 15 i\u015fyeri sat\u0131ld\u0131, di\u011fer i\u015f yeri ve otopark\u0131n sat\u0131\u015f\u0131 i\u00e7in ise iki kez ihale ger\u00e7ekle\u015ftirdi. Ayr\u0131ca Galericiler Sitesine 10 y\u0131l \u00f6nce kiralanan 66.392 metrekarelik alan\u0131 sat\u0131\u015fa \u00e7\u0131kar\u0131ld\u0131.<\/p>\n<p>27 Eyl\u00fcl 2017 tarihinde yap\u0131lan ihalede Van Otomobil ve Galeri \u0130\u015fletmecileri Derne\u011fi\u2019ne 20 y\u0131l boyunca galericiler sitesi kalmas\u0131 \u015fart\u0131yla 17 milyon 500 bin TL\u2019ye sat\u0131ld\u0131.<\/p>\n<p><strong>12 YA\u015eINDA \u00d6LD\u00dcR\u00dcLEN U\u011eUR KAYMAZ\u2019IN HEYKEL\u0130 KALDIRILDI<\/strong><\/p>\n<p>Mardin\u2019in K\u0131z\u0131ltepe il\u00e7esinde 12 Kas\u0131m 2004 tarihinde evinin \u00f6n\u00fcnde babas\u0131 Ahmet Kaymaz ile birlikte 13 kur\u015fun ile \u00f6ld\u00fcr\u00fclen 12 ya\u015f\u0131ndaki U\u011fur Kaymaz ad\u0131na yapt\u0131r\u0131lan heykel, kayy\u0131m taraf\u0131ndan kald\u0131r\u0131ld\u0131.<\/p>\n<p><strong>KAYYIM GIDA KARTLARINI \u0130PTAL ETT\u0130<\/strong><\/p>\n<p>Mardin B\u00fcy\u00fck\u015fehir Belediyesi Sosyal Hizmetler Daire Ba\u015fkanl\u0131\u011f\u0131, yard\u0131m amac\u0131yla da\u011f\u0131tt\u0131\u011f\u0131 \u201cg\u0131da kart\u0131\u201d belediyeye atanan kayy\u0131m taraf\u0131ndan iptal edildi. Midyat, K\u0131z\u0131ltepe ve Artuklu il\u00e7elerine s\u0131\u011f\u0131nan yakla\u015f\u0131k bin 500\u2019\u00fc Nusaybinlinin faydaland\u0131\u011f\u0131 kart ile zorunlu g\u0131da ihtiya\u00e7lar\u0131 kar\u015f\u0131lan\u0131yordu.<\/p>\n<p><strong>KAYYIMLARIN K\u00dcLT\u00dcR SANAT \u0130CRAATLARI<\/strong><\/p>\n<p>Diyarbak\u0131r B\u00fcy\u00fck\u015fehir Belediyesi \u015eehir Tiyatrosu (DB\u015eT) kadrosunda yer alan 31 oyuncunun s\u00f6zle\u015fmesi yenilenmeyerek i\u015flerine son verildi. Oyuncusuz kalan DB\u015eT, b\u00f6ylece fiili olarak kapat\u0131lm\u0131\u015f oldu. Diyarbak\u0131r Devlet Tiyatrosu\u2019nu saymazsak, \u015fehir tiyatrosuz kald\u0131.<\/p>\n<p><strong>YILMA G\u00dcNEY S\u0130NEMASI YIKILDI<\/strong><\/p>\n<p>Batman Belediyesi taraf\u0131ndan 2006 y\u0131l\u0131nda in\u015fa edilen, kayy\u0131m atand\u0131ktan sonra kilitlenen ve ku\u015fkulu bir yang\u0131nla k\u00fcl olan Y\u0131lmaz G\u00fcney Sinemas\u0131, tamamen y\u0131k\u0131ld\u0131. \u00d6nceki g\u00fcnlerde y\u0131k\u0131m\u0131na ba\u015flanan sinema salonunun \u00e7at\u0131s\u0131ndaki i\u015flemlerin bitmesi ile i\u00e7erisindeki malzemeler ta\u015f\u0131nd\u0131.<\/p>\n<p>Binadan kalan molozlar kamyonlara y\u00fcklenip ta\u015f\u0131n\u0131rken, hurdac\u0131lar geride kalan demir par\u00e7alar\u0131n\u0131 toplad\u0131.<\/p>\n<p>Batman Belediyesine atanan kayy\u0131m, Kad\u0131n Politikalar M\u00fcd\u00fcrl\u00fc\u011f\u00fc\u2019n\u00fc, Sosyal \u0130\u015fler M\u00fcd\u00fcrl\u00fc\u011f\u00fc\u2019ne ba\u011flayarak, Hevi Kad\u0131n At\u00f6lyesi ve Selis Kad\u0131n Merkezi\u2019ni kapatt\u0131. \u00c7al\u0131\u015fanlar\u0131n i\u015fine son verdi. Baz\u0131 \u00e7al\u0131\u015fanlar\u0131n da g\u00f6rev yerlerini de\u011fi\u015ftirerek kad\u0131n merkezlerinin i\u00e7eri\u011fini de\u011fi\u015ftirdi. Batman Belediyesi\u2019nin sadece kad\u0131nlara a\u00e7t\u0131\u011f\u0131 spor kompleksi, kayy\u0131m taraf\u0131ndan spor merkezine \u00e7evrilerek kad\u0131nlar\u0131n ellinden al\u0131nd\u0131.<\/p>\n<p><strong>KAYYIM, ENGELL\u0130 \u00c7OCUKLAR \u0130\u00c7\u0130N A\u00c7ILAN \u2018SESL\u0130 K\u00dcT\u00dcPHANE\u2019Y\u0130 KAPATTI<\/strong><\/p>\n<p>Diyarbak\u0131r B\u00fcy\u00fck\u015fehir Belediyesi taraf\u0131ndan 2014 y\u0131l\u0131nda Sosyal Hizmetler Dairesi Engelliler Destek Birimi b\u00fcnyesinde kurulan Sesli K\u00fct\u00fcphane, kayy\u0131m taraf\u0131ndan kapat\u0131ld\u0131. Engelli \u00e7ocuklar\u0131n anadillerinde yaz\u0131lm\u0131\u015f kaynaklara ula\u015fabilmelerini sa\u011flamak amac\u0131yla belediye web sitesine y\u00fcklenen sesli kitaplara ise eri\u015fim engellendi.<\/p>\n<p><strong>\u015eIRNAK C\u0130ZRE\u2019DE KAYYIM \u0130L\u00c7EN\u0130N TEK TAZ\u0130YE EV\u0130N\u0130 YIKTI<\/strong><\/p>\n<p>\u015e\u0131rnak\u2019\u0131n Cizre il\u00e7esinde belediye taraf\u0131ndan yapt\u0131r\u0131lan ve halka kre\u015f ile taziye evi olarak hizmet veren Cudi Taziye Evi belediyeye atanan kayy\u0131m taraf\u0131ndan y\u0131kt\u0131r\u0131ld\u0131. \u0130l\u00e7enin tek taziye evi olan bina soka\u011fa \u00e7\u0131kma yasaklar\u0131 s\u0131ras\u0131nda hasar g\u00f6rmesine ra\u011fmen yurtta\u015flar taziyelerini burada kurmaya devam ediyordu. Taziye evinin etraf\u0131 z\u0131rhl\u0131 ara\u00e7larla ku\u015fat\u0131l\u0131rken, kep\u00e7e ile y\u0131k\u0131lan binan\u0131n molozlar\u0131 kamyonlarla \u015fehir d\u0131\u015f\u0131na ta\u015f\u0131nd\u0131.<\/p>\n<p><strong>KAYYIM K\u00dcT\u00dcPHANEY\u0130 DE KAPATTI<\/strong><\/p>\n<p>DBP\u2019li Van G\u00fcrp\u0131nar Belediyesi\u2019nin hurdaya \u00e7\u0131kar\u0131lan halk otob\u00fcs\u00fcn\u00fc d\u00f6n\u00fc\u015ft\u00fcrerek a\u00e7t\u0131\u011f\u0131 \u015eair Niyazi S\u00f6nmez K\u00fct\u00fcphanesi kayy\u0131m taraf\u0131ndan kapat\u0131ld\u0131.<\/p>\n<p><strong>KADINA \u00dcCRETS\u0130Z OTOB\u00dcS \u0130PTAL\u0130<\/strong><\/p>\n<p>Vali \u0130brahim Ta\u015fyapan\u2019\u0131n kayy\u0131m olarak atand\u0131\u011f\u0131 Van B\u00fcy\u00fck\u015fehir Belediyesi, kad\u0131nlar\u0131n her Per\u015fembe g\u00fcn\u00fc belediyeye ait toplu ula\u015f\u0131m ara\u00e7lar\u0131n\u0131 \u00fccretsiz kullanmas\u0131 karar\u0131n\u0131 iptal etti.<\/p>\n<p><strong>TAH\u0130R EL\u00c7\u0130\u2019N\u0130N ADI PARKTAN KALDIRILDI<\/strong><\/p>\n<p>Van\u2019\u0131n \u00c7atak Belediyesi\u2019ne kayy\u0131m olarak atanan \u0130l\u00e7e Kaymakam\u0131 Hac\u0131 As\u0131m Akg\u00fcl, 28 Kas\u0131m 2015\u2019te Diyarbak\u0131r\u2019\u0131n Sur il\u00e7esinde u\u011frad\u0131\u011f\u0131 silahl\u0131 sald\u0131r\u0131 sonucu ya\u015fam\u0131n\u0131 yitiren Diyarbak\u0131r Baro Ba\u015fkan\u0131 Tahir El\u00e7i\u2019nin isminin verildi\u011fi park\u0131n ad\u0131n\u0131 de\u011fi\u015ftirdi.<\/p>\n<p><strong>ERMEN\u0130 MEZARLI\u011eI \u00dcZER\u0130NE TUVALET D\u0130K\u0130LD\u0130<\/strong><\/p>\n<p>Van Edremit Belediyesi kayy\u0131m\u0131 At\u0131f \u00c7i\u00e7ekli taraf\u0131ndan a\u00e7\u0131lan halk plaj\u0131n\u0131n tuvalet, soyunma kabini ve otopark\u0131 Dilkaya H\u00f6y\u00fc\u011f\u00fc ve Ermeni mezarl\u0131\u011f\u0131 \u00fczerine yap\u0131ld\u0131. Dilkaya Mahallesi\u2019nde bulunan ve 1\u2019inci dereceden sit alan\u0131 ilan edilen h\u00f6y\u00fck tahrip edildi, mezarl\u0131ktan \u00e7\u0131kan onlarca kemik etrafa sa\u00e7\u0131ld\u0131.<\/p>\n<hr \/>\n<p><em><strong><a href=\"https:\/\/artigercek.com\/haberler\/kayyim-sela-yasakladi-ermeni-mezarliginin-ustune-tuvalet-dikti-tahir-elci-nin-adini-kaldirdi\" target=\"_blank\" rel=\"noopener noreferrer\">Art\u0131 Ger\u00e7ek<\/a><\/strong><\/em><\/p>\n","protected":false},"excerpt":{"rendered":"<p>ARTI GER\u00c7EK- CHP \u0130stanbul Milletvekili Sezgin Tanr\u0131kulu\u2019n\u0131n haz\u0131rlad\u0131\u011f\u0131 kayy\u0131m raporuna g\u00f6re Van\u2019\u0131n \u00d6zalp il\u00e7esinde sela sesinden rahats\u0131z olan kayy\u0131m Ferhat Vardar, gece sela okunmas\u0131n\u0131 yasaklatt\u0131. Rapora g\u00f6re Van\u2019\u0131n \u00d6zalp Belediyesi\u2019ne kayy\u0131m olarak atanan Ferhat Vardar, 3 Eyl\u00fcl 2017 tarihinde evinin yak\u0131nlar\u0131ndaki camilerden gece saatlerinde sela okunmas\u0131n\u0131 yasaklad\u0131. Raporda Silvan Belediyesi kayy\u0131m\u0131n\u0131n taziye evlerinin anahtarlar\u0131n\u0131 toplatt\u0131\u011f\u0131na [&hellip;]<\/p>\n","protected":false},"author":7,"featured_media":61698,"comment_status":"open","ping_status":"open","sticky":false,"template":"","format":"standard","meta":{"footnotes":""},"categories":[1],"tags":[],"class_list":["post-61697","post","type-post","status-publish","format-standard","has-post-thumbnail","hentry","category-haberler"],"yoast_head":"<!-- This site is optimized with the Yoast SEO plugin v27.4 - https:\/\/yoast.com\/product\/yoast-seo-wordpress\/ -->\n<title>Kayy\u0131m sela yasaklad\u0131, Ermeni mezarl\u0131\u011f\u0131n\u0131n \u00fcst\u00fcne tuvalet dikti, Tahir El\u00e7i\u2019nin ad\u0131n\u0131 kald\u0131rd\u0131 - Bati Ermenistan Ve Bati Ermenileri Sorunlari Ara\u015ftirmalar Merkezi<\/title>\n<meta name=\"robots\" content=\"index, follow, max-snippet:-1, max-image-preview:large, max-video-preview:-1\" \/>\n<link rel=\"canonical\" href=\"https:\/\/akunq.net\/tr\/?p=61697\" \/>\n<meta property=\"og:locale\" content=\"en_US\" \/>\n<meta property=\"og:type\" content=\"article\" \/>\n<meta property=\"og:title\" content=\"Kayy\u0131m sela yasaklad\u0131, Ermeni mezarl\u0131\u011f\u0131n\u0131n \u00fcst\u00fcne tuvalet dikti, Tahir El\u00e7i\u2019nin ad\u0131n\u0131 kald\u0131rd\u0131 - Bati Ermenistan Ve Bati Ermenileri Sorunlari Ara\u015ftirmalar Merkezi\" \/>\n<meta property=\"og:description\" content=\"ARTI GER\u00c7EK- CHP \u0130stanbul Milletvekili Sezgin Tanr\u0131kulu\u2019n\u0131n haz\u0131rlad\u0131\u011f\u0131 kayy\u0131m raporuna g\u00f6re Van\u2019\u0131n \u00d6zalp il\u00e7esinde sela sesinden rahats\u0131z olan kayy\u0131m Ferhat Vardar, gece sela okunmas\u0131n\u0131 yasaklatt\u0131. Rapora g\u00f6re Van\u2019\u0131n \u00d6zalp Belediyesi\u2019ne kayy\u0131m olarak atanan Ferhat Vardar, 3 Eyl\u00fcl 2017 tarihinde evinin yak\u0131nlar\u0131ndaki camilerden gece saatlerinde sela okunmas\u0131n\u0131 yasaklad\u0131. Raporda Silvan Belediyesi kayy\u0131m\u0131n\u0131n taziye evlerinin anahtarlar\u0131n\u0131 toplatt\u0131\u011f\u0131na [&hellip;]\" \/>\n<meta property=\"og:url\" content=\"https:\/\/akunq.net\/tr\/?p=61697\" \/>\n<meta property=\"og:site_name\" content=\"Bati Ermenistan Ve Bati Ermenileri Sorunlari Ara\u015ftirmalar Merkezi\" \/>\n<meta property=\"article:published_time\" content=\"2021-03-01T08:35:28+00:00\" \/>\n<meta property=\"og:image\" content=\"https:\/\/akunq.net\/tr\/wp-content\/uploads\/sites\/6\/2021\/03\/Kayy\u0131m-sela-yasaklad\u0131.jpg\" \/>\n\t<meta property=\"og:image:width\" content=\"800\" \/>\n\t<meta property=\"og:image:height\" content=\"533\" \/>\n\t<meta property=\"og:image:type\" content=\"image\/jpeg\" \/>\n<meta name=\"author\" content=\"admin\" \/>\n<meta name=\"twitter:card\" content=\"summary_large_image\" \/>\n<meta name=\"twitter:label1\" content=\"Written by\" \/>\n\t<meta name=\"twitter:data1\" content=\"admin\" \/>\n\t<meta name=\"twitter:label2\" content=\"Est. reading time\" \/>\n\t<meta name=\"twitter:data2\" content=\"6 minutes\" \/>\n<script type=\"application\/ld+json\" class=\"yoast-schema-graph\">{\"@context\":\"https:\\\/\\\/schema.org\",\"@graph\":[{\"@type\":\"Article\",\"@id\":\"https:\\\/\\\/akunq.net\\\/tr\\\/?p=61697#article\",\"isPartOf\":{\"@id\":\"https:\\\/\\\/akunq.net\\\/tr\\\/?p=61697\"},\"author\":{\"name\":\"admin\",\"@id\":\"https:\\\/\\\/akunq.net\\\/tr\\\/#\\\/schema\\\/person\\\/096f1d38a12cce57fb855b485ed24c9e\"},\"headline\":\"Kayy\u0131m sela yasaklad\u0131, Ermeni mezarl\u0131\u011f\u0131n\u0131n \u00fcst\u00fcne tuvalet dikti, Tahir El\u00e7i\u2019nin ad\u0131n\u0131 kald\u0131rd\u0131\",\"datePublished\":\"2021-03-01T08:35:28+00:00\",\"mainEntityOfPage\":{\"@id\":\"https:\\\/\\\/akunq.net\\\/tr\\\/?p=61697\"},\"wordCount\":1131,\"commentCount\":0,\"image\":{\"@id\":\"https:\\\/\\\/akunq.net\\\/tr\\\/?p=61697#primaryimage\"},\"thumbnailUrl\":\"https:\\\/\\\/akunq.net\\\/tr\\\/wp-content\\\/uploads\\\/sites\\\/6\\\/2021\\\/03\\\/Kayy\u0131m-sela-yasaklad\u0131.jpg\",\"articleSection\":[\"Haberler\"],\"inLanguage\":\"en-US\",\"potentialAction\":[{\"@type\":\"CommentAction\",\"name\":\"Comment\",\"target\":[\"https:\\\/\\\/akunq.net\\\/tr\\\/?p=61697#respond\"]}]},{\"@type\":\"WebPage\",\"@id\":\"https:\\\/\\\/akunq.net\\\/tr\\\/?p=61697\",\"url\":\"https:\\\/\\\/akunq.net\\\/tr\\\/?p=61697\",\"name\":\"Kayy\u0131m sela yasaklad\u0131, Ermeni mezarl\u0131\u011f\u0131n\u0131n \u00fcst\u00fcne tuvalet dikti, Tahir El\u00e7i\u2019nin ad\u0131n\u0131 kald\u0131rd\u0131 - Bati Ermenistan Ve Bati Ermenileri Sorunlari Ara\u015ftirmalar Merkezi\",\"isPartOf\":{\"@id\":\"https:\\\/\\\/akunq.net\\\/tr\\\/#website\"},\"primaryImageOfPage\":{\"@id\":\"https:\\\/\\\/akunq.net\\\/tr\\\/?p=61697#primaryimage\"},\"image\":{\"@id\":\"https:\\\/\\\/akunq.net\\\/tr\\\/?p=61697#primaryimage\"},\"thumbnailUrl\":\"https:\\\/\\\/akunq.net\\\/tr\\\/wp-content\\\/uploads\\\/sites\\\/6\\\/2021\\\/03\\\/Kayy\u0131m-sela-yasaklad\u0131.jpg\",\"datePublished\":\"2021-03-01T08:35:28+00:00\",\"author\":{\"@id\":\"https:\\\/\\\/akunq.net\\\/tr\\\/#\\\/schema\\\/person\\\/096f1d38a12cce57fb855b485ed24c9e\"},\"breadcrumb\":{\"@id\":\"https:\\\/\\\/akunq.net\\\/tr\\\/?p=61697#breadcrumb\"},\"inLanguage\":\"en-US\",\"potentialAction\":[{\"@type\":\"ReadAction\",\"target\":[\"https:\\\/\\\/akunq.net\\\/tr\\\/?p=61697\"]}]},{\"@type\":\"ImageObject\",\"inLanguage\":\"en-US\",\"@id\":\"https:\\\/\\\/akunq.net\\\/tr\\\/?p=61697#primaryimage\",\"url\":\"https:\\\/\\\/akunq.net\\\/tr\\\/wp-content\\\/uploads\\\/sites\\\/6\\\/2021\\\/03\\\/Kayy\u0131m-sela-yasaklad\u0131.jpg\",\"contentUrl\":\"https:\\\/\\\/akunq.net\\\/tr\\\/wp-content\\\/uploads\\\/sites\\\/6\\\/2021\\\/03\\\/Kayy\u0131m-sela-yasaklad\u0131.jpg\",\"width\":800,\"height\":533},{\"@type\":\"BreadcrumbList\",\"@id\":\"https:\\\/\\\/akunq.net\\\/tr\\\/?p=61697#breadcrumb\",\"itemListElement\":[{\"@type\":\"ListItem\",\"position\":1,\"name\":\"Home\",\"item\":\"https:\\\/\\\/akunq.net\\\/tr\"},{\"@type\":\"ListItem\",\"position\":2,\"name\":\"Kayy\u0131m sela yasaklad\u0131, Ermeni mezarl\u0131\u011f\u0131n\u0131n \u00fcst\u00fcne tuvalet dikti, Tahir El\u00e7i\u2019nin ad\u0131n\u0131 kald\u0131rd\u0131\"}]},{\"@type\":\"WebSite\",\"@id\":\"https:\\\/\\\/akunq.net\\\/tr\\\/#website\",\"url\":\"https:\\\/\\\/akunq.net\\\/tr\\\/\",\"name\":\"Bati Ermenistan Ve Bati Ermenileri Sorunlari Ara\u015ftirmalar Merkezi\",\"description\":\"\",\"potentialAction\":[{\"@type\":\"SearchAction\",\"target\":{\"@type\":\"EntryPoint\",\"urlTemplate\":\"https:\\\/\\\/akunq.net\\\/tr\\\/?s={search_term_string}\"},\"query-input\":{\"@type\":\"PropertyValueSpecification\",\"valueRequired\":true,\"valueName\":\"search_term_string\"}}],\"inLanguage\":\"en-US\"},{\"@type\":\"Person\",\"@id\":\"https:\\\/\\\/akunq.net\\\/tr\\\/#\\\/schema\\\/person\\\/096f1d38a12cce57fb855b485ed24c9e\",\"name\":\"admin\",\"url\":\"https:\\\/\\\/akunq.net\\\/tr\\\/?author=7\"}]}<\/script>\n<!-- \/ Yoast SEO plugin. -->","yoast_head_json":{"title":"Kayy\u0131m sela yasaklad\u0131, Ermeni mezarl\u0131\u011f\u0131n\u0131n \u00fcst\u00fcne tuvalet dikti, Tahir El\u00e7i\u2019nin ad\u0131n\u0131 kald\u0131rd\u0131 - Bati Ermenistan Ve Bati Ermenileri Sorunlari Ara\u015ftirmalar Merkezi","robots":{"index":"index","follow":"follow","max-snippet":"max-snippet:-1","max-image-preview":"max-image-preview:large","max-video-preview":"max-video-preview:-1"},"canonical":"https:\/\/akunq.net\/tr\/?p=61697","og_locale":"en_US","og_type":"article","og_title":"Kayy\u0131m sela yasaklad\u0131, Ermeni mezarl\u0131\u011f\u0131n\u0131n \u00fcst\u00fcne tuvalet dikti, Tahir El\u00e7i\u2019nin ad\u0131n\u0131 kald\u0131rd\u0131 - Bati Ermenistan Ve Bati Ermenileri Sorunlari Ara\u015ftirmalar Merkezi","og_description":"ARTI GER\u00c7EK- CHP \u0130stanbul Milletvekili Sezgin Tanr\u0131kulu\u2019n\u0131n haz\u0131rlad\u0131\u011f\u0131 kayy\u0131m raporuna g\u00f6re Van\u2019\u0131n \u00d6zalp il\u00e7esinde sela sesinden rahats\u0131z olan kayy\u0131m Ferhat Vardar, gece sela okunmas\u0131n\u0131 yasaklatt\u0131. Rapora g\u00f6re Van\u2019\u0131n \u00d6zalp Belediyesi\u2019ne kayy\u0131m olarak atanan Ferhat Vardar, 3 Eyl\u00fcl 2017 tarihinde evinin yak\u0131nlar\u0131ndaki camilerden gece saatlerinde sela okunmas\u0131n\u0131 yasaklad\u0131. Raporda Silvan Belediyesi kayy\u0131m\u0131n\u0131n taziye evlerinin anahtarlar\u0131n\u0131 toplatt\u0131\u011f\u0131na [&hellip;]","og_url":"https:\/\/akunq.net\/tr\/?p=61697","og_site_name":"Bati Ermenistan Ve Bati Ermenileri Sorunlari Ara\u015ftirmalar Merkezi","article_published_time":"2021-03-01T08:35:28+00:00","og_image":[{"width":800,"height":533,"url":"https:\/\/akunq.net\/tr\/wp-content\/uploads\/sites\/6\/2021\/03\/Kayy\u0131m-sela-yasaklad\u0131.jpg","type":"image\/jpeg"}],"author":"admin","twitter_card":"summary_large_image","twitter_misc":{"Written by":"admin","Est. reading time":"6 minutes"},"schema":{"@context":"https:\/\/schema.org","@graph":[{"@type":"Article","@id":"https:\/\/akunq.net\/tr\/?p=61697#article","isPartOf":{"@id":"https:\/\/akunq.net\/tr\/?p=61697"},"author":{"name":"admin","@id":"https:\/\/akunq.net\/tr\/#\/schema\/person\/096f1d38a12cce57fb855b485ed24c9e"},"headline":"Kayy\u0131m sela yasaklad\u0131, Ermeni mezarl\u0131\u011f\u0131n\u0131n \u00fcst\u00fcne tuvalet dikti, Tahir El\u00e7i\u2019nin ad\u0131n\u0131 kald\u0131rd\u0131","datePublished":"2021-03-01T08:35:28+00:00","mainEntityOfPage":{"@id":"https:\/\/akunq.net\/tr\/?p=61697"},"wordCount":1131,"commentCount":0,"image":{"@id":"https:\/\/akunq.net\/tr\/?p=61697#primaryimage"},"thumbnailUrl":"https:\/\/akunq.net\/tr\/wp-content\/uploads\/sites\/6\/2021\/03\/Kayy\u0131m-sela-yasaklad\u0131.jpg","articleSection":["Haberler"],"inLanguage":"en-US","potentialAction":[{"@type":"CommentAction","name":"Comment","target":["https:\/\/akunq.net\/tr\/?p=61697#respond"]}]},{"@type":"WebPage","@id":"https:\/\/akunq.net\/tr\/?p=61697","url":"https:\/\/akunq.net\/tr\/?p=61697","name":"Kayy\u0131m sela yasaklad\u0131, Ermeni mezarl\u0131\u011f\u0131n\u0131n \u00fcst\u00fcne tuvalet dikti, Tahir El\u00e7i\u2019nin ad\u0131n\u0131 kald\u0131rd\u0131 - Bati Ermenistan Ve Bati Ermenileri Sorunlari Ara\u015ftirmalar Merkezi","isPartOf":{"@id":"https:\/\/akunq.net\/tr\/#website"},"primaryImageOfPage":{"@id":"https:\/\/akunq.net\/tr\/?p=61697#primaryimage"},"image":{"@id":"https:\/\/akunq.net\/tr\/?p=61697#primaryimage"},"thumbnailUrl":"https:\/\/akunq.net\/tr\/wp-content\/uploads\/sites\/6\/2021\/03\/Kayy\u0131m-sela-yasaklad\u0131.jpg","datePublished":"2021-03-01T08:35:28+00:00","author":{"@id":"https:\/\/akunq.net\/tr\/#\/schema\/person\/096f1d38a12cce57fb855b485ed24c9e"},"breadcrumb":{"@id":"https:\/\/akunq.net\/tr\/?p=61697#breadcrumb"},"inLanguage":"en-US","potentialAction":[{"@type":"ReadAction","target":["https:\/\/akunq.net\/tr\/?p=61697"]}]},{"@type":"ImageObject","inLanguage":"en-US","@id":"https:\/\/akunq.net\/tr\/?p=61697#primaryimage","url":"https:\/\/akunq.net\/tr\/wp-content\/uploads\/sites\/6\/2021\/03\/Kayy\u0131m-sela-yasaklad\u0131.jpg","contentUrl":"https:\/\/akunq.net\/tr\/wp-content\/uploads\/sites\/6\/2021\/03\/Kayy\u0131m-sela-yasaklad\u0131.jpg","width":800,"height":533},{"@type":"BreadcrumbList","@id":"https:\/\/akunq.net\/tr\/?p=61697#breadcrumb","itemListElement":[{"@type":"ListItem","position":1,"name":"Home","item":"https:\/\/akunq.net\/tr"},{"@type":"ListItem","position":2,"name":"Kayy\u0131m sela yasaklad\u0131, Ermeni mezarl\u0131\u011f\u0131n\u0131n \u00fcst\u00fcne tuvalet dikti, Tahir El\u00e7i\u2019nin ad\u0131n\u0131 kald\u0131rd\u0131"}]},{"@type":"WebSite","@id":"https:\/\/akunq.net\/tr\/#website","url":"https:\/\/akunq.net\/tr\/","name":"Bati Ermenistan Ve Bati Ermenileri Sorunlari Ara\u015ftirmalar Merkezi","description":"","potentialAction":[{"@type":"SearchAction","target":{"@type":"EntryPoint","urlTemplate":"https:\/\/akunq.net\/tr\/?s={search_term_string}"},"query-input":{"@type":"PropertyValueSpecification","valueRequired":true,"valueName":"search_term_string"}}],"inLanguage":"en-US"},{"@type":"Person","@id":"https:\/\/akunq.net\/tr\/#\/schema\/person\/096f1d38a12cce57fb855b485ed24c9e","name":"admin","url":"https:\/\/akunq.net\/tr\/?author=7"}]}},"_links":{"self":[{"href":"https:\/\/akunq.net\/tr\/index.php?rest_route=\/wp\/v2\/posts\/61697","targetHints":{"allow":["GET"]}}],"collection":[{"href":"https:\/\/akunq.net\/tr\/index.php?rest_route=\/wp\/v2\/posts"}],"about":[{"href":"https:\/\/akunq.net\/tr\/index.php?rest_route=\/wp\/v2\/types\/post"}],"author":[{"embeddable":true,"href":"https:\/\/akunq.net\/tr\/index.php?rest_route=\/wp\/v2\/users\/7"}],"replies":[{"embeddable":true,"href":"https:\/\/akunq.net\/tr\/index.php?rest_route=%2Fwp%2Fv2%2Fcomments&post=61697"}],"version-history":[{"count":1,"href":"https:\/\/akunq.net\/tr\/index.php?rest_route=\/wp\/v2\/posts\/61697\/revisions"}],"predecessor-version":[{"id":61699,"href":"https:\/\/akunq.net\/tr\/index.php?rest_route=\/wp\/v2\/posts\/61697\/revisions\/61699"}],"wp:featuredmedia":[{"embeddable":true,"href":"https:\/\/akunq.net\/tr\/index.php?rest_route=\/wp\/v2\/media\/61698"}],"wp:attachment":[{"href":"https:\/\/akunq.net\/tr\/index.php?rest_route=%2Fwp%2Fv2%2Fmedia&parent=61697"}],"wp:term":[{"taxonomy":"category","embeddable":true,"href":"https:\/\/akunq.net\/tr\/index.php?rest_route=%2Fwp%2Fv2%2Fcategories&post=61697"},{"taxonomy":"post_tag","embeddable":true,"href":"https:\/\/akunq.net\/tr\/index.php?rest_route=%2Fwp%2Fv2%2Ftags&post=61697"}],"curies":[{"name":"wp","href":"https:\/\/api.w.org\/{rel}","templated":true}]}}