{"id":61669,"date":"2021-02-26T01:48:13","date_gmt":"2021-02-26T06:48:13","guid":{"rendered":"https:\/\/akunq.net\/tr\/?p=61669"},"modified":"2021-02-26T01:48:13","modified_gmt":"2021-02-26T06:48:13","slug":"hanefis-kaya-kilisesi-definecilerin-hedefinde","status":"publish","type":"post","link":"https:\/\/akunq.net\/tr\/?p=61669","title":{"rendered":"Hanefi\u015f Kaya Kilisesi definecilerin hedefinde"},"content":{"rendered":"<p><img loading=\"lazy\" decoding=\"async\" class=\"aligncenter size-medium wp-image-61670\" src=\"https:\/\/akunq.net\/tr\/wp-content\/uploads\/2021\/02\/Hanefi\u015f-Kaya-Kilisesi-360x218.png\" alt=\"\" width=\"360\" height=\"218\" srcset=\"https:\/\/akunq.net\/tr\/wp-content\/uploads\/sites\/6\/2021\/02\/Hanefi\u015f-Kaya-Kilisesi-360x218.png 360w, https:\/\/akunq.net\/tr\/wp-content\/uploads\/sites\/6\/2021\/02\/Hanefi\u015f-Kaya-Kilisesi-768x465.png 768w, https:\/\/akunq.net\/tr\/wp-content\/uploads\/sites\/6\/2021\/02\/Hanefi\u015f-Kaya-Kilisesi-560x339.png 560w, https:\/\/akunq.net\/tr\/wp-content\/uploads\/sites\/6\/2021\/02\/Hanefi\u015f-Kaya-Kilisesi-260x157.png 260w, https:\/\/akunq.net\/tr\/wp-content\/uploads\/sites\/6\/2021\/02\/Hanefi\u015f-Kaya-Kilisesi-160x97.png 160w, https:\/\/akunq.net\/tr\/wp-content\/uploads\/sites\/6\/2021\/02\/Hanefi\u015f-Kaya-Kilisesi.png 1302w\" sizes=\"auto, (max-width: 360px) 100vw, 360px\" \/><\/p>\n<p><em><strong>URFA\u00a0\u2013 Hanefi\u015f Kaya Kilisesi, Urfa K\u00fclt\u00fcr ve Tabiat Varl\u0131klar\u0131n\u0131 Koruma B\u00f6lge Kurulu taraf\u0131ndan 1\u2019inci b\u00f6lge sit alan\u0131 ilan edilmesine ra\u011fmen koruma alt\u0131na al\u0131nmad\u0131\u011f\u0131 i\u00e7in defineciler taraf\u0131ndan tahrip ediliyor.\u00a0<\/strong><\/em><\/p>\n<p>Urfa\u2019n\u0131n Viran\u015fehir il\u00e7esinde Zerd\u00fc\u015ft, H\u0131ristiyan ve M\u00fcsl\u00fcman ve \u00cazid\u00eelere ibadethane olarak hizmet veren Hanefi\u015f (Akkese) Kaya Kilisesi, hem koruma alt\u0131na al\u0131nmamas\u0131 hem de definecilerin sald\u0131r\u0131lar\u0131 nedeniyle yok oluyor. \u0130l\u00e7enin Akkese Mahallesi\u2019nin g\u00fcneyinde dere yata\u011f\u0131ndaki kayal\u0131klar oyularak in\u015fa edilen kilise, \u00a02 farkl\u0131 giri\u015finin yan\u0131 s\u0131ra i\u00e7inde t\u00fcnel ve merdivenler bulunuyor.<\/p>\n<p>Kilisenin daha \u00f6nce b\u00f6lgede yerle\u015fim yeri olarak kullan\u0131lan ma\u011faralarla da ba\u011flant\u0131s\u0131 oldu\u011fu g\u00f6r\u00fcl\u00fcyor. Ancak s\u00f6z konusu ba\u011flant\u0131lar zaman i\u00e7inde toprakla doldu\u011fu i\u00e7in kapanm\u0131\u015f durumda. Yine kaya mezarlar\u0131n da bulundu\u011fu belirtilen b\u00f6lgede \u015fimdiye kadar her hangi bir arkeolojik \u00e7al\u0131\u015fma yap\u0131lmad\u0131.<\/p>\n<p><strong>D\u0130N\u0130 MOT\u0130FLER YOK ED\u0130LM\u0130\u015e<\/strong><\/p>\n<p>Kimi ara\u015ft\u0131rmalara g\u00f6re ilk \u00f6nceleri s\u00f6z konusu yap\u0131n\u0131n Zerd\u00fc\u015ftl\u00fck\u00a0taraf\u0131ndan ibadet yeri olarak kullan\u0131ld\u0131\u011f\u0131 belirtiliyor. Tarihi yap\u0131n\u0131n Milattan Sonra 1\u2019inci y\u00fczy\u0131lda Roma d\u00f6neminde H\u0131ristiyanlar\u0131n ibadet yeri olarak geni\u015fletilip kiliseye d\u00f6n\u00fc\u015ft\u00fcr\u00fcld\u00fc\u011f\u00fc aktar\u0131l\u0131yor. Yap\u0131n\u0131n Abbasiler d\u00f6neminde ise M\u00fcsl\u00fcmanlar taraf\u0131ndan ibadet yeri olarak kullan\u0131l\u0131yor. Yap\u0131n\u0131n duvarlar\u0131nda \u00cazid\u00eelere ait bir dini motif olan tavus ku\u015fu kabartmalar\u0131 oldu\u011fu ancak defineciler taraf\u0131ndan yap\u0131lan kaz\u0131larla tahrip edildi\u011fi belirtiliyor. Kilise duvarlar\u0131nda sadece ha\u00e7 kabartmalar\u0131 bug\u00fcne kadar ta\u015f\u0131nabilmi\u015f.<\/p>\n<p><strong>KARAR VAR KORUMA YOK<\/strong><\/p>\n<p>Urfa K\u00fclt\u00fcr ve Tabiat Varl\u0131klar\u0131n\u0131 Koruma B\u00f6lge Kurulu\u2019nun 28 May\u0131s 2008 tarihinde ald\u0131\u011f\u0131 karar ile kilisenin bulundu\u011fu b\u00f6lge 1\u2019inci derece sit alan\u0131 olarak tescillense de ge\u00e7en s\u00fcre zarf\u0131nda yap\u0131n\u0131n korunmas\u0131 i\u00e7in her hangi bir ad\u0131m at\u0131lmad\u0131. B\u00f6lge koruma alt\u0131na al\u0131nmad\u0131\u011f\u0131 i\u00e7in definecilerin kaz\u0131lar\u0131 nedeniyle a\u011f\u0131r tahribat ald\u0131. Yine i\u00e7inde yak\u0131lan ate\u015f nedeniyle duvarlar isle kapland\u0131.<\/p>\n<p>\u0130s nedeniyle dini motiflerin g\u00f6r\u00fclmedi\u011fi kilisenin kimi zaman hayvan bar\u0131na\u011f\u0131 olarak da kullan\u0131ld\u0131\u011f\u0131 belirtiliyor.<\/p>\n<p>Haber\/Foto\u011fraf:\u00a0<strong>Mezopotamya Ajans\u0131<\/strong><\/p>\n<p><em><strong><a href=\"https:\/\/ozgurmanset.net\/hanefis-kaya-kilisesi-definecilerin-hedefinde\/\">https:\/\/ozgurmanset.net\/hanefis-kaya-kilisesi-definecilerin-hedefinde\/<\/a><\/strong><\/em><\/p>\n","protected":false},"excerpt":{"rendered":"<p>URFA\u00a0\u2013 Hanefi\u015f Kaya Kilisesi, Urfa K\u00fclt\u00fcr ve Tabiat Varl\u0131klar\u0131n\u0131 Koruma B\u00f6lge Kurulu taraf\u0131ndan 1\u2019inci b\u00f6lge sit alan\u0131 ilan edilmesine ra\u011fmen koruma alt\u0131na al\u0131nmad\u0131\u011f\u0131 i\u00e7in defineciler taraf\u0131ndan tahrip ediliyor.\u00a0 Urfa\u2019n\u0131n Viran\u015fehir il\u00e7esinde Zerd\u00fc\u015ft, H\u0131ristiyan ve M\u00fcsl\u00fcman ve \u00cazid\u00eelere ibadethane olarak hizmet veren Hanefi\u015f (Akkese) Kaya Kilisesi, hem koruma alt\u0131na al\u0131nmamas\u0131 hem de definecilerin sald\u0131r\u0131lar\u0131 nedeniyle yok [&hellip;]<\/p>\n","protected":false},"author":7,"featured_media":61670,"comment_status":"open","ping_status":"open","sticky":false,"template":"","format":"standard","meta":{"footnotes":""},"categories":[1],"tags":[],"class_list":["post-61669","post","type-post","status-publish","format-standard","has-post-thumbnail","hentry","category-haberler"],"yoast_head":"<!-- This site is optimized with the Yoast SEO plugin v27.4 - https:\/\/yoast.com\/product\/yoast-seo-wordpress\/ -->\n<title>Hanefi\u015f Kaya Kilisesi definecilerin hedefinde - Bati Ermenistan Ve Bati Ermenileri Sorunlari Ara\u015ftirmalar Merkezi<\/title>\n<meta name=\"robots\" content=\"index, follow, max-snippet:-1, max-image-preview:large, max-video-preview:-1\" \/>\n<link rel=\"canonical\" href=\"https:\/\/akunq.net\/tr\/?p=61669\" \/>\n<meta property=\"og:locale\" content=\"en_US\" \/>\n<meta property=\"og:type\" content=\"article\" \/>\n<meta property=\"og:title\" content=\"Hanefi\u015f Kaya Kilisesi definecilerin hedefinde - Bati Ermenistan Ve Bati Ermenileri Sorunlari Ara\u015ftirmalar Merkezi\" \/>\n<meta property=\"og:description\" content=\"URFA\u00a0\u2013 Hanefi\u015f Kaya Kilisesi, Urfa K\u00fclt\u00fcr ve Tabiat Varl\u0131klar\u0131n\u0131 Koruma B\u00f6lge Kurulu taraf\u0131ndan 1\u2019inci b\u00f6lge sit alan\u0131 ilan edilmesine ra\u011fmen koruma alt\u0131na al\u0131nmad\u0131\u011f\u0131 i\u00e7in defineciler taraf\u0131ndan tahrip ediliyor.\u00a0 Urfa\u2019n\u0131n Viran\u015fehir il\u00e7esinde Zerd\u00fc\u015ft, H\u0131ristiyan ve M\u00fcsl\u00fcman ve \u00cazid\u00eelere ibadethane olarak hizmet veren Hanefi\u015f (Akkese) Kaya Kilisesi, hem koruma alt\u0131na al\u0131nmamas\u0131 hem de definecilerin sald\u0131r\u0131lar\u0131 nedeniyle yok [&hellip;]\" \/>\n<meta property=\"og:url\" content=\"https:\/\/akunq.net\/tr\/?p=61669\" \/>\n<meta property=\"og:site_name\" content=\"Bati Ermenistan Ve Bati Ermenileri Sorunlari Ara\u015ftirmalar Merkezi\" \/>\n<meta property=\"article:published_time\" content=\"2021-02-26T06:48:13+00:00\" \/>\n<meta property=\"og:image\" content=\"https:\/\/akunq.net\/tr\/wp-content\/uploads\/sites\/6\/2021\/02\/Hanefi\u015f-Kaya-Kilisesi.png\" \/>\n\t<meta property=\"og:image:width\" content=\"1302\" \/>\n\t<meta property=\"og:image:height\" content=\"788\" \/>\n\t<meta property=\"og:image:type\" content=\"image\/png\" \/>\n<meta name=\"author\" content=\"admin\" \/>\n<meta name=\"twitter:card\" content=\"summary_large_image\" \/>\n<meta name=\"twitter:label1\" content=\"Written by\" \/>\n\t<meta name=\"twitter:data1\" content=\"admin\" \/>\n\t<meta name=\"twitter:label2\" content=\"Est. reading time\" \/>\n\t<meta name=\"twitter:data2\" content=\"2 minutes\" \/>\n<script type=\"application\/ld+json\" class=\"yoast-schema-graph\">{\"@context\":\"https:\\\/\\\/schema.org\",\"@graph\":[{\"@type\":\"Article\",\"@id\":\"https:\\\/\\\/akunq.net\\\/tr\\\/?p=61669#article\",\"isPartOf\":{\"@id\":\"https:\\\/\\\/akunq.net\\\/tr\\\/?p=61669\"},\"author\":{\"name\":\"admin\",\"@id\":\"https:\\\/\\\/akunq.net\\\/tr\\\/#\\\/schema\\\/person\\\/096f1d38a12cce57fb855b485ed24c9e\"},\"headline\":\"Hanefi\u015f Kaya Kilisesi definecilerin hedefinde\",\"datePublished\":\"2021-02-26T06:48:13+00:00\",\"mainEntityOfPage\":{\"@id\":\"https:\\\/\\\/akunq.net\\\/tr\\\/?p=61669\"},\"wordCount\":407,\"commentCount\":0,\"image\":{\"@id\":\"https:\\\/\\\/akunq.net\\\/tr\\\/?p=61669#primaryimage\"},\"thumbnailUrl\":\"https:\\\/\\\/akunq.net\\\/tr\\\/wp-content\\\/uploads\\\/sites\\\/6\\\/2021\\\/02\\\/Hanefi\u015f-Kaya-Kilisesi.png\",\"articleSection\":[\"Haberler\"],\"inLanguage\":\"en-US\",\"potentialAction\":[{\"@type\":\"CommentAction\",\"name\":\"Comment\",\"target\":[\"https:\\\/\\\/akunq.net\\\/tr\\\/?p=61669#respond\"]}]},{\"@type\":\"WebPage\",\"@id\":\"https:\\\/\\\/akunq.net\\\/tr\\\/?p=61669\",\"url\":\"https:\\\/\\\/akunq.net\\\/tr\\\/?p=61669\",\"name\":\"Hanefi\u015f Kaya Kilisesi definecilerin hedefinde - Bati Ermenistan Ve Bati Ermenileri Sorunlari Ara\u015ftirmalar Merkezi\",\"isPartOf\":{\"@id\":\"https:\\\/\\\/akunq.net\\\/tr\\\/#website\"},\"primaryImageOfPage\":{\"@id\":\"https:\\\/\\\/akunq.net\\\/tr\\\/?p=61669#primaryimage\"},\"image\":{\"@id\":\"https:\\\/\\\/akunq.net\\\/tr\\\/?p=61669#primaryimage\"},\"thumbnailUrl\":\"https:\\\/\\\/akunq.net\\\/tr\\\/wp-content\\\/uploads\\\/sites\\\/6\\\/2021\\\/02\\\/Hanefi\u015f-Kaya-Kilisesi.png\",\"datePublished\":\"2021-02-26T06:48:13+00:00\",\"author\":{\"@id\":\"https:\\\/\\\/akunq.net\\\/tr\\\/#\\\/schema\\\/person\\\/096f1d38a12cce57fb855b485ed24c9e\"},\"breadcrumb\":{\"@id\":\"https:\\\/\\\/akunq.net\\\/tr\\\/?p=61669#breadcrumb\"},\"inLanguage\":\"en-US\",\"potentialAction\":[{\"@type\":\"ReadAction\",\"target\":[\"https:\\\/\\\/akunq.net\\\/tr\\\/?p=61669\"]}]},{\"@type\":\"ImageObject\",\"inLanguage\":\"en-US\",\"@id\":\"https:\\\/\\\/akunq.net\\\/tr\\\/?p=61669#primaryimage\",\"url\":\"https:\\\/\\\/akunq.net\\\/tr\\\/wp-content\\\/uploads\\\/sites\\\/6\\\/2021\\\/02\\\/Hanefi\u015f-Kaya-Kilisesi.png\",\"contentUrl\":\"https:\\\/\\\/akunq.net\\\/tr\\\/wp-content\\\/uploads\\\/sites\\\/6\\\/2021\\\/02\\\/Hanefi\u015f-Kaya-Kilisesi.png\",\"width\":1302,\"height\":788},{\"@type\":\"BreadcrumbList\",\"@id\":\"https:\\\/\\\/akunq.net\\\/tr\\\/?p=61669#breadcrumb\",\"itemListElement\":[{\"@type\":\"ListItem\",\"position\":1,\"name\":\"Home\",\"item\":\"https:\\\/\\\/akunq.net\\\/tr\"},{\"@type\":\"ListItem\",\"position\":2,\"name\":\"Hanefi\u015f Kaya Kilisesi definecilerin hedefinde\"}]},{\"@type\":\"WebSite\",\"@id\":\"https:\\\/\\\/akunq.net\\\/tr\\\/#website\",\"url\":\"https:\\\/\\\/akunq.net\\\/tr\\\/\",\"name\":\"Bati Ermenistan Ve Bati Ermenileri Sorunlari Ara\u015ftirmalar Merkezi\",\"description\":\"\",\"potentialAction\":[{\"@type\":\"SearchAction\",\"target\":{\"@type\":\"EntryPoint\",\"urlTemplate\":\"https:\\\/\\\/akunq.net\\\/tr\\\/?s={search_term_string}\"},\"query-input\":{\"@type\":\"PropertyValueSpecification\",\"valueRequired\":true,\"valueName\":\"search_term_string\"}}],\"inLanguage\":\"en-US\"},{\"@type\":\"Person\",\"@id\":\"https:\\\/\\\/akunq.net\\\/tr\\\/#\\\/schema\\\/person\\\/096f1d38a12cce57fb855b485ed24c9e\",\"name\":\"admin\",\"url\":\"https:\\\/\\\/akunq.net\\\/tr\\\/?author=7\"}]}<\/script>\n<!-- \/ Yoast SEO plugin. -->","yoast_head_json":{"title":"Hanefi\u015f Kaya Kilisesi definecilerin hedefinde - Bati Ermenistan Ve Bati Ermenileri Sorunlari Ara\u015ftirmalar Merkezi","robots":{"index":"index","follow":"follow","max-snippet":"max-snippet:-1","max-image-preview":"max-image-preview:large","max-video-preview":"max-video-preview:-1"},"canonical":"https:\/\/akunq.net\/tr\/?p=61669","og_locale":"en_US","og_type":"article","og_title":"Hanefi\u015f Kaya Kilisesi definecilerin hedefinde - Bati Ermenistan Ve Bati Ermenileri Sorunlari Ara\u015ftirmalar Merkezi","og_description":"URFA\u00a0\u2013 Hanefi\u015f Kaya Kilisesi, Urfa K\u00fclt\u00fcr ve Tabiat Varl\u0131klar\u0131n\u0131 Koruma B\u00f6lge Kurulu taraf\u0131ndan 1\u2019inci b\u00f6lge sit alan\u0131 ilan edilmesine ra\u011fmen koruma alt\u0131na al\u0131nmad\u0131\u011f\u0131 i\u00e7in defineciler taraf\u0131ndan tahrip ediliyor.\u00a0 Urfa\u2019n\u0131n Viran\u015fehir il\u00e7esinde Zerd\u00fc\u015ft, H\u0131ristiyan ve M\u00fcsl\u00fcman ve \u00cazid\u00eelere ibadethane olarak hizmet veren Hanefi\u015f (Akkese) Kaya Kilisesi, hem koruma alt\u0131na al\u0131nmamas\u0131 hem de definecilerin sald\u0131r\u0131lar\u0131 nedeniyle yok [&hellip;]","og_url":"https:\/\/akunq.net\/tr\/?p=61669","og_site_name":"Bati Ermenistan Ve Bati Ermenileri Sorunlari Ara\u015ftirmalar Merkezi","article_published_time":"2021-02-26T06:48:13+00:00","og_image":[{"width":1302,"height":788,"url":"https:\/\/akunq.net\/tr\/wp-content\/uploads\/sites\/6\/2021\/02\/Hanefi\u015f-Kaya-Kilisesi.png","type":"image\/png"}],"author":"admin","twitter_card":"summary_large_image","twitter_misc":{"Written by":"admin","Est. reading time":"2 minutes"},"schema":{"@context":"https:\/\/schema.org","@graph":[{"@type":"Article","@id":"https:\/\/akunq.net\/tr\/?p=61669#article","isPartOf":{"@id":"https:\/\/akunq.net\/tr\/?p=61669"},"author":{"name":"admin","@id":"https:\/\/akunq.net\/tr\/#\/schema\/person\/096f1d38a12cce57fb855b485ed24c9e"},"headline":"Hanefi\u015f Kaya Kilisesi definecilerin hedefinde","datePublished":"2021-02-26T06:48:13+00:00","mainEntityOfPage":{"@id":"https:\/\/akunq.net\/tr\/?p=61669"},"wordCount":407,"commentCount":0,"image":{"@id":"https:\/\/akunq.net\/tr\/?p=61669#primaryimage"},"thumbnailUrl":"https:\/\/akunq.net\/tr\/wp-content\/uploads\/sites\/6\/2021\/02\/Hanefi\u015f-Kaya-Kilisesi.png","articleSection":["Haberler"],"inLanguage":"en-US","potentialAction":[{"@type":"CommentAction","name":"Comment","target":["https:\/\/akunq.net\/tr\/?p=61669#respond"]}]},{"@type":"WebPage","@id":"https:\/\/akunq.net\/tr\/?p=61669","url":"https:\/\/akunq.net\/tr\/?p=61669","name":"Hanefi\u015f Kaya Kilisesi definecilerin hedefinde - Bati Ermenistan Ve Bati Ermenileri Sorunlari Ara\u015ftirmalar Merkezi","isPartOf":{"@id":"https:\/\/akunq.net\/tr\/#website"},"primaryImageOfPage":{"@id":"https:\/\/akunq.net\/tr\/?p=61669#primaryimage"},"image":{"@id":"https:\/\/akunq.net\/tr\/?p=61669#primaryimage"},"thumbnailUrl":"https:\/\/akunq.net\/tr\/wp-content\/uploads\/sites\/6\/2021\/02\/Hanefi\u015f-Kaya-Kilisesi.png","datePublished":"2021-02-26T06:48:13+00:00","author":{"@id":"https:\/\/akunq.net\/tr\/#\/schema\/person\/096f1d38a12cce57fb855b485ed24c9e"},"breadcrumb":{"@id":"https:\/\/akunq.net\/tr\/?p=61669#breadcrumb"},"inLanguage":"en-US","potentialAction":[{"@type":"ReadAction","target":["https:\/\/akunq.net\/tr\/?p=61669"]}]},{"@type":"ImageObject","inLanguage":"en-US","@id":"https:\/\/akunq.net\/tr\/?p=61669#primaryimage","url":"https:\/\/akunq.net\/tr\/wp-content\/uploads\/sites\/6\/2021\/02\/Hanefi\u015f-Kaya-Kilisesi.png","contentUrl":"https:\/\/akunq.net\/tr\/wp-content\/uploads\/sites\/6\/2021\/02\/Hanefi\u015f-Kaya-Kilisesi.png","width":1302,"height":788},{"@type":"BreadcrumbList","@id":"https:\/\/akunq.net\/tr\/?p=61669#breadcrumb","itemListElement":[{"@type":"ListItem","position":1,"name":"Home","item":"https:\/\/akunq.net\/tr"},{"@type":"ListItem","position":2,"name":"Hanefi\u015f Kaya Kilisesi definecilerin hedefinde"}]},{"@type":"WebSite","@id":"https:\/\/akunq.net\/tr\/#website","url":"https:\/\/akunq.net\/tr\/","name":"Bati Ermenistan Ve Bati Ermenileri Sorunlari Ara\u015ftirmalar Merkezi","description":"","potentialAction":[{"@type":"SearchAction","target":{"@type":"EntryPoint","urlTemplate":"https:\/\/akunq.net\/tr\/?s={search_term_string}"},"query-input":{"@type":"PropertyValueSpecification","valueRequired":true,"valueName":"search_term_string"}}],"inLanguage":"en-US"},{"@type":"Person","@id":"https:\/\/akunq.net\/tr\/#\/schema\/person\/096f1d38a12cce57fb855b485ed24c9e","name":"admin","url":"https:\/\/akunq.net\/tr\/?author=7"}]}},"_links":{"self":[{"href":"https:\/\/akunq.net\/tr\/index.php?rest_route=\/wp\/v2\/posts\/61669","targetHints":{"allow":["GET"]}}],"collection":[{"href":"https:\/\/akunq.net\/tr\/index.php?rest_route=\/wp\/v2\/posts"}],"about":[{"href":"https:\/\/akunq.net\/tr\/index.php?rest_route=\/wp\/v2\/types\/post"}],"author":[{"embeddable":true,"href":"https:\/\/akunq.net\/tr\/index.php?rest_route=\/wp\/v2\/users\/7"}],"replies":[{"embeddable":true,"href":"https:\/\/akunq.net\/tr\/index.php?rest_route=%2Fwp%2Fv2%2Fcomments&post=61669"}],"version-history":[{"count":1,"href":"https:\/\/akunq.net\/tr\/index.php?rest_route=\/wp\/v2\/posts\/61669\/revisions"}],"predecessor-version":[{"id":61671,"href":"https:\/\/akunq.net\/tr\/index.php?rest_route=\/wp\/v2\/posts\/61669\/revisions\/61671"}],"wp:featuredmedia":[{"embeddable":true,"href":"https:\/\/akunq.net\/tr\/index.php?rest_route=\/wp\/v2\/media\/61670"}],"wp:attachment":[{"href":"https:\/\/akunq.net\/tr\/index.php?rest_route=%2Fwp%2Fv2%2Fmedia&parent=61669"}],"wp:term":[{"taxonomy":"category","embeddable":true,"href":"https:\/\/akunq.net\/tr\/index.php?rest_route=%2Fwp%2Fv2%2Fcategories&post=61669"},{"taxonomy":"post_tag","embeddable":true,"href":"https:\/\/akunq.net\/tr\/index.php?rest_route=%2Fwp%2Fv2%2Ftags&post=61669"}],"curies":[{"name":"wp","href":"https:\/\/api.w.org\/{rel}","templated":true}]}}