{"id":61654,"date":"2021-02-25T03:33:11","date_gmt":"2021-02-25T08:33:11","guid":{"rendered":"https:\/\/akunq.net\/tr\/?p=61654"},"modified":"2021-02-25T03:33:11","modified_gmt":"2021-02-25T08:33:11","slug":"eski-bakandan-heybeliada-ruhban-okulu-cikisi-acilmasini-istedim","status":"publish","type":"post","link":"https:\/\/akunq.net\/tr\/?p=61654","title":{"rendered":"Eski Bakan\u2019dan Heybeliada Ruhban Okulu \u00e7\u0131k\u0131\u015f\u0131: A\u00e7\u0131lmas\u0131n\u0131 istedim!"},"content":{"rendered":"<p><img loading=\"lazy\" decoding=\"async\" class=\"aligncenter size-medium wp-image-61655\" src=\"https:\/\/akunq.net\/tr\/wp-content\/uploads\/2021\/02\/Heybeliada-360x203.jpeg\" alt=\"\" width=\"360\" height=\"203\" srcset=\"https:\/\/akunq.net\/tr\/wp-content\/uploads\/sites\/6\/2021\/02\/Heybeliada-360x203.jpeg 360w, https:\/\/akunq.net\/tr\/wp-content\/uploads\/sites\/6\/2021\/02\/Heybeliada-768x433.jpeg 768w, https:\/\/akunq.net\/tr\/wp-content\/uploads\/sites\/6\/2021\/02\/Heybeliada-560x315.jpeg 560w, https:\/\/akunq.net\/tr\/wp-content\/uploads\/sites\/6\/2021\/02\/Heybeliada-260x146.jpeg 260w, https:\/\/akunq.net\/tr\/wp-content\/uploads\/sites\/6\/2021\/02\/Heybeliada-160x90.jpeg 160w, https:\/\/akunq.net\/tr\/wp-content\/uploads\/sites\/6\/2021\/02\/Heybeliada.jpeg 1330w\" sizes=\"auto, (max-width: 360px) 100vw, 360px\" \/><\/p>\n<p><em><strong>AK Partili Milli E\u011fitim eski Bakan\u0131 H\u00fcseyin \u00c7elik, Bakanl\u0131k yapt\u0131\u011f\u0131 d\u00f6neme ili\u015fkin payla\u015ft\u0131\u011f\u0131 an\u0131lar\u0131yla dikkat \u00e7ekiyor.<\/strong><\/em><\/p>\n<p><strong>Haber: Cafer ZENG\u0130N-\u00a0<\/strong>\u00a0Eski Bakan H\u00fcseyin \u00c7elik, Bakanl\u0131\u011f\u0131 d\u00f6neminde \u0130stanbul\u2019daki Heybeliada Ruhban Okulunun a\u00e7\u0131lmas\u0131n\u0131 \u00e7ok istedi\u011fini a\u00e7\u0131klad\u0131. Rum Ortodoks Ruhban Okulu olarak bilinen, T\u00fcrkiye\u2019de k\u0131saca Ruhban Okulu \u015feklinde de adland\u0131r\u0131lan okulla ilgili konu\u015fan \u00c7elik, \u201c\u201cRuhban Okulu haks\u0131z bir \u015fekilde kapanm\u0131\u015ft\u0131r. Bakanl\u0131\u011f\u0131m d\u00f6neminde Rumlar\u0131n Heybeliada\u2019daki Ruhban Okulunun a\u00e7\u0131lmas\u0131n\u0131 da istedim\u201d dedi.<br \/>\nMilli E\u011fitim eski Bakan\u0131 H\u00fcseyin \u00c7elik, bir s\u00fcre \u00f6nce Uluslararas\u0131 Kafkas Derne\u011fi\u2019 nin sosyal medya \u00fczerinden d\u00fczenledi\u011fi yay\u0131na kat\u0131ld\u0131. \u00c7elik, \u2018Milli M\u00fccadele ve \u00c7erkes Ethem\u2019 konulu s\u00f6yle\u015fide hem dikkat \u00e7eken a\u00e7\u0131klamalar yapt\u0131 hem de kendisine y\u00f6neltilen sorular\u0131 yan\u0131tlad\u0131. \u00c7elik\u2019in o yay\u0131nda yapt\u0131\u011f\u0131 a\u00e7\u0131klamalar\u0131n yank\u0131s\u0131 ise s\u00fcr\u00fcyor.<br \/>\n<strong>\u201cO G\u00dcN BEN\u0130M BUNA G\u00dcC\u00dcM YETM\u0130YORDU\u201d<\/strong><br \/>\n\u015eu an At\u0131l\u0131m \u00dcniversitesi \u00d6\u011fretim \u00dcyesi ve ayn\u0131 zamanda Hece Vakf\u0131 Y\u00f6netim Kurulu Ba\u015fkan\u0131 olarak da g\u00f6rev yapan H\u00fcseyin \u00c7elik, programda \u00c7erkes Ethem ile ilgili m\u00fcfredatta yer alan \u201c\u00c7erkes Ethem ihaneti, isyan\u0131\u201d gibi i\u00e7erikleri kald\u0131rmak istedi\u011fini, ancak buna g\u00fcc\u00fcn\u00fcn yetmedi\u011fini a\u00e7\u0131klad\u0131. \u00c7elik, \u00a0bir kat\u0131l\u0131mc\u0131n\u0131n \u201cSiz 19 y\u0131ll\u0131k AK Parti iktidar\u0131 d\u00f6neminde iki kez Bakanl\u0131\u011f\u0131 yapt\u0131n\u0131z. Siz neden m\u00fcfredattan kald\u0131rmad\u0131n\u0131z?\u201d sorusu \u00fczerine de \u015fu yan\u0131t\u0131 verdi: \u00a0Allah biliyor ki, \u00a0hayat\u0131mda en \u00e7ok istedi\u011fim \u00a0\u015feylerden biri buydu. Fakat o g\u00fcn benim buna g\u00fcc\u00fcm yetmiyordu\u201d<br \/>\n<strong>\u201cRUHBAN OKULU HAKSIZ B\u0130R \u015eEK\u0130LDE KAPANMI\u015eTIR\u201d<\/strong><br \/>\nBu konuda a\u00e7\u0131klamalar\u0131 s\u0131ras\u0131nda \u201cDaha ileri gideyim\u201d diyen eski Bakan \u00c7elik, Rumlar\u0131n Heybeliada\u2019daki Ruhban Okulu\u2019nun a\u00e7\u0131lmas\u0131 da o d\u00f6nem istedi\u011fini s\u00f6yledi. \u00a0\u00c7elik, \u201cRuhban Okulu\u2019nun a\u00e7\u0131lmas\u0131n\u0131 da istedim. Benim Ruhban Okulunun a\u00e7\u0131lmas\u0131n\u0131 istemem Rum dostu oldu\u011fum ya da Rumlar\u0131n menfaatleri u\u011fruna \u00e7al\u0131\u015fan bir insan oldu\u011fum anlam\u0131na gelmez. Ruhban Okulu haks\u0131z bir \u015fekilde kapanm\u0131\u015ft\u0131r. B\u0131rak\u0131n M\u00fcsl\u00fcman olmay\u0131, Rum ve Ermeni bir kom\u015fum olsa, ona haks\u0131z dayatmalarda bulunulsa, hukuk d\u0131\u015f\u0131 bir muamele yap\u0131lsa benim onun hakk\u0131n\u0131 savunmam i\u00e7in Rum, Ermeni olmam gerekiyor mu? Gerekmiyor. Demokratl\u0131k, sizin gibi d\u00fc\u015f\u00fcnmeyen farkl\u0131 \u0131rklar, mezheplere mensup insanlar\u0131 \u00a0savunmakt\u0131r. \u0130nsan hayat\u0131na sayg\u0131 duymak gerekiyor.<\/p>\n<p><img decoding=\"async\" src=\"https:\/\/i2.wp.com\/kayseriolay.com\/dosya\/14556547_1161579580574547_3396883909541929486_o.jpg?ssl=1\" alt=\"\" data-recalc-dims=\"1\" \/><br \/>\n<strong>HEYBEL\u0130ADA RUHBAN OKULU NASIL KAPANDI?<\/strong><br \/>\n1971 y\u0131l\u0131nda, Anayasa Mahkemesi\u2019nin karar\u0131yla kapat\u0131lan t\u00fcm \u00f6zel okullar\u0131n yeniden faaliyete ge\u00e7mesi i\u00e7in 1472 say\u0131l\u0131 intibak yasas\u0131 \u00e7\u0131kar\u0131ld\u0131. Bu yasaya g\u00f6re gerekli ko\u015fullar\u0131 yerine getiren \u00d6zel Y\u00fcksek Okullar k\u0131sa zamanda \u00fcniversite b\u00fcnyesi i\u00e7inde yeniden a\u00e7\u0131ld\u0131. Heybeliada Ruhban Okulu\u2019nun \u00fcniversiteye ba\u011flanma karar\u0131na kar\u015f\u0131 \u00e7\u0131kan Fener Rum Patrikhanesi, okulu 1971 y\u0131l\u0131nda kapatt\u0131.<\/p>\n<p>T\u00fcrkiye Uluslararas\u0131 \u0130li\u015fkiler ve Stratejik Analizler Merkezi\u2019ne (<a href=\"http:\/\/turksam.org\/heybeliada-ruhban-okulu-egitime-acilmis\">T\u00dcRKSAM<\/a>) \u00a0ait internet sitesinde yer alan \u201cHeybeliada Ruhban Okulu E\u011fitime A\u00e7\u0131lm\u0131\u015f!\u201d ba\u015fl\u0131kl\u0131 yaz\u0131da \u201cHeybeliada Ruhban Okulu, 2012 y\u0131l\u0131nda e\u011fitim ve \u00f6\u011fretime a\u00e7\u0131lm\u0131\u015f. Ruhban Okulu\u2019nda 7 y\u0131ld\u0131r Erasmus \u00f6\u011frencilerine uygulamal\u0131 e\u011fitim veriliyor\u201d ifadeleri kullan\u0131l\u0131yor.<\/p>\n<p><em><strong><a href=\"https:\/\/kayseriolay.com\/eski-bakan-dan-heybeliada-ruhban-okulu-cikisi-acilmasini-istedim\/72121\">https:\/\/kayseriolay.com\/eski-bakan-dan-heybeliada-ruhban-okulu-cikisi-acilmasini-istedim\/72121<\/a><\/strong><\/em><\/p>\n","protected":false},"excerpt":{"rendered":"<p>AK Partili Milli E\u011fitim eski Bakan\u0131 H\u00fcseyin \u00c7elik, Bakanl\u0131k yapt\u0131\u011f\u0131 d\u00f6neme ili\u015fkin payla\u015ft\u0131\u011f\u0131 an\u0131lar\u0131yla dikkat \u00e7ekiyor. Haber: Cafer ZENG\u0130N-\u00a0\u00a0Eski Bakan H\u00fcseyin \u00c7elik, Bakanl\u0131\u011f\u0131 d\u00f6neminde \u0130stanbul\u2019daki Heybeliada Ruhban Okulunun a\u00e7\u0131lmas\u0131n\u0131 \u00e7ok istedi\u011fini a\u00e7\u0131klad\u0131. Rum Ortodoks Ruhban Okulu olarak bilinen, T\u00fcrkiye\u2019de k\u0131saca Ruhban Okulu \u015feklinde de adland\u0131r\u0131lan okulla ilgili konu\u015fan \u00c7elik, \u201c\u201cRuhban Okulu haks\u0131z bir \u015fekilde kapanm\u0131\u015ft\u0131r. [&hellip;]<\/p>\n","protected":false},"author":7,"featured_media":61655,"comment_status":"open","ping_status":"open","sticky":false,"template":"","format":"standard","meta":{"footnotes":""},"categories":[1,53],"tags":[],"class_list":["post-61654","post","type-post","status-publish","format-standard","has-post-thumbnail","hentry","category-haberler","category-turkiyede-azinliklar"],"yoast_head":"<!-- This site is optimized with the Yoast SEO plugin v27.4 - https:\/\/yoast.com\/product\/yoast-seo-wordpress\/ -->\n<title>Eski Bakan\u2019dan Heybeliada Ruhban Okulu \u00e7\u0131k\u0131\u015f\u0131: A\u00e7\u0131lmas\u0131n\u0131 istedim! - Bati Ermenistan Ve Bati Ermenileri Sorunlari Ara\u015ftirmalar Merkezi<\/title>\n<meta name=\"robots\" content=\"index, follow, max-snippet:-1, max-image-preview:large, max-video-preview:-1\" \/>\n<link rel=\"canonical\" href=\"https:\/\/akunq.net\/tr\/?p=61654\" \/>\n<meta property=\"og:locale\" content=\"en_US\" \/>\n<meta property=\"og:type\" content=\"article\" \/>\n<meta property=\"og:title\" content=\"Eski Bakan\u2019dan Heybeliada Ruhban Okulu \u00e7\u0131k\u0131\u015f\u0131: A\u00e7\u0131lmas\u0131n\u0131 istedim! - Bati Ermenistan Ve Bati Ermenileri Sorunlari Ara\u015ftirmalar Merkezi\" \/>\n<meta property=\"og:description\" content=\"AK Partili Milli E\u011fitim eski Bakan\u0131 H\u00fcseyin \u00c7elik, Bakanl\u0131k yapt\u0131\u011f\u0131 d\u00f6neme ili\u015fkin payla\u015ft\u0131\u011f\u0131 an\u0131lar\u0131yla dikkat \u00e7ekiyor. Haber: Cafer ZENG\u0130N-\u00a0\u00a0Eski Bakan H\u00fcseyin \u00c7elik, Bakanl\u0131\u011f\u0131 d\u00f6neminde \u0130stanbul\u2019daki Heybeliada Ruhban Okulunun a\u00e7\u0131lmas\u0131n\u0131 \u00e7ok istedi\u011fini a\u00e7\u0131klad\u0131. Rum Ortodoks Ruhban Okulu olarak bilinen, T\u00fcrkiye\u2019de k\u0131saca Ruhban Okulu \u015feklinde de adland\u0131r\u0131lan okulla ilgili konu\u015fan \u00c7elik, \u201c\u201cRuhban Okulu haks\u0131z bir \u015fekilde kapanm\u0131\u015ft\u0131r. [&hellip;]\" \/>\n<meta property=\"og:url\" content=\"https:\/\/akunq.net\/tr\/?p=61654\" \/>\n<meta property=\"og:site_name\" content=\"Bati Ermenistan Ve Bati Ermenileri Sorunlari Ara\u015ftirmalar Merkezi\" \/>\n<meta property=\"article:published_time\" content=\"2021-02-25T08:33:11+00:00\" \/>\n<meta property=\"og:image\" content=\"https:\/\/akunq.net\/tr\/wp-content\/uploads\/sites\/6\/2021\/02\/Heybeliada.jpeg\" \/>\n\t<meta property=\"og:image:width\" content=\"1330\" \/>\n\t<meta property=\"og:image:height\" content=\"749\" \/>\n\t<meta property=\"og:image:type\" content=\"image\/jpeg\" \/>\n<meta name=\"author\" content=\"admin\" \/>\n<meta name=\"twitter:card\" content=\"summary_large_image\" \/>\n<meta name=\"twitter:label1\" content=\"Written by\" \/>\n\t<meta name=\"twitter:data1\" content=\"admin\" \/>\n\t<meta name=\"twitter:label2\" content=\"Est. reading time\" \/>\n\t<meta name=\"twitter:data2\" content=\"3 minutes\" \/>\n<script type=\"application\/ld+json\" class=\"yoast-schema-graph\">{\"@context\":\"https:\\\/\\\/schema.org\",\"@graph\":[{\"@type\":\"Article\",\"@id\":\"https:\\\/\\\/akunq.net\\\/tr\\\/?p=61654#article\",\"isPartOf\":{\"@id\":\"https:\\\/\\\/akunq.net\\\/tr\\\/?p=61654\"},\"author\":{\"name\":\"admin\",\"@id\":\"https:\\\/\\\/akunq.net\\\/tr\\\/#\\\/schema\\\/person\\\/096f1d38a12cce57fb855b485ed24c9e\"},\"headline\":\"Eski Bakan\u2019dan Heybeliada Ruhban Okulu \u00e7\u0131k\u0131\u015f\u0131: A\u00e7\u0131lmas\u0131n\u0131 istedim!\",\"datePublished\":\"2021-02-25T08:33:11+00:00\",\"mainEntityOfPage\":{\"@id\":\"https:\\\/\\\/akunq.net\\\/tr\\\/?p=61654\"},\"wordCount\":580,\"commentCount\":0,\"image\":{\"@id\":\"https:\\\/\\\/akunq.net\\\/tr\\\/?p=61654#primaryimage\"},\"thumbnailUrl\":\"https:\\\/\\\/akunq.net\\\/tr\\\/wp-content\\\/uploads\\\/sites\\\/6\\\/2021\\\/02\\\/Heybeliada.jpeg\",\"articleSection\":[\"Haberler\",\"T\u00fcrkiye\u2019de Az\u0131nl\u0131klar\"],\"inLanguage\":\"en-US\",\"potentialAction\":[{\"@type\":\"CommentAction\",\"name\":\"Comment\",\"target\":[\"https:\\\/\\\/akunq.net\\\/tr\\\/?p=61654#respond\"]}]},{\"@type\":\"WebPage\",\"@id\":\"https:\\\/\\\/akunq.net\\\/tr\\\/?p=61654\",\"url\":\"https:\\\/\\\/akunq.net\\\/tr\\\/?p=61654\",\"name\":\"Eski Bakan\u2019dan Heybeliada Ruhban Okulu \u00e7\u0131k\u0131\u015f\u0131: A\u00e7\u0131lmas\u0131n\u0131 istedim! - Bati Ermenistan Ve Bati Ermenileri Sorunlari Ara\u015ftirmalar Merkezi\",\"isPartOf\":{\"@id\":\"https:\\\/\\\/akunq.net\\\/tr\\\/#website\"},\"primaryImageOfPage\":{\"@id\":\"https:\\\/\\\/akunq.net\\\/tr\\\/?p=61654#primaryimage\"},\"image\":{\"@id\":\"https:\\\/\\\/akunq.net\\\/tr\\\/?p=61654#primaryimage\"},\"thumbnailUrl\":\"https:\\\/\\\/akunq.net\\\/tr\\\/wp-content\\\/uploads\\\/sites\\\/6\\\/2021\\\/02\\\/Heybeliada.jpeg\",\"datePublished\":\"2021-02-25T08:33:11+00:00\",\"author\":{\"@id\":\"https:\\\/\\\/akunq.net\\\/tr\\\/#\\\/schema\\\/person\\\/096f1d38a12cce57fb855b485ed24c9e\"},\"breadcrumb\":{\"@id\":\"https:\\\/\\\/akunq.net\\\/tr\\\/?p=61654#breadcrumb\"},\"inLanguage\":\"en-US\",\"potentialAction\":[{\"@type\":\"ReadAction\",\"target\":[\"https:\\\/\\\/akunq.net\\\/tr\\\/?p=61654\"]}]},{\"@type\":\"ImageObject\",\"inLanguage\":\"en-US\",\"@id\":\"https:\\\/\\\/akunq.net\\\/tr\\\/?p=61654#primaryimage\",\"url\":\"https:\\\/\\\/akunq.net\\\/tr\\\/wp-content\\\/uploads\\\/sites\\\/6\\\/2021\\\/02\\\/Heybeliada.jpeg\",\"contentUrl\":\"https:\\\/\\\/akunq.net\\\/tr\\\/wp-content\\\/uploads\\\/sites\\\/6\\\/2021\\\/02\\\/Heybeliada.jpeg\",\"width\":1330,\"height\":749},{\"@type\":\"BreadcrumbList\",\"@id\":\"https:\\\/\\\/akunq.net\\\/tr\\\/?p=61654#breadcrumb\",\"itemListElement\":[{\"@type\":\"ListItem\",\"position\":1,\"name\":\"Home\",\"item\":\"https:\\\/\\\/akunq.net\\\/tr\"},{\"@type\":\"ListItem\",\"position\":2,\"name\":\"Eski Bakan\u2019dan Heybeliada Ruhban Okulu \u00e7\u0131k\u0131\u015f\u0131: A\u00e7\u0131lmas\u0131n\u0131 istedim!\"}]},{\"@type\":\"WebSite\",\"@id\":\"https:\\\/\\\/akunq.net\\\/tr\\\/#website\",\"url\":\"https:\\\/\\\/akunq.net\\\/tr\\\/\",\"name\":\"Bati Ermenistan Ve Bati Ermenileri Sorunlari Ara\u015ftirmalar Merkezi\",\"description\":\"\",\"potentialAction\":[{\"@type\":\"SearchAction\",\"target\":{\"@type\":\"EntryPoint\",\"urlTemplate\":\"https:\\\/\\\/akunq.net\\\/tr\\\/?s={search_term_string}\"},\"query-input\":{\"@type\":\"PropertyValueSpecification\",\"valueRequired\":true,\"valueName\":\"search_term_string\"}}],\"inLanguage\":\"en-US\"},{\"@type\":\"Person\",\"@id\":\"https:\\\/\\\/akunq.net\\\/tr\\\/#\\\/schema\\\/person\\\/096f1d38a12cce57fb855b485ed24c9e\",\"name\":\"admin\",\"url\":\"https:\\\/\\\/akunq.net\\\/tr\\\/?author=7\"}]}<\/script>\n<!-- \/ Yoast SEO plugin. -->","yoast_head_json":{"title":"Eski Bakan\u2019dan Heybeliada Ruhban Okulu \u00e7\u0131k\u0131\u015f\u0131: A\u00e7\u0131lmas\u0131n\u0131 istedim! - Bati Ermenistan Ve Bati Ermenileri Sorunlari Ara\u015ftirmalar Merkezi","robots":{"index":"index","follow":"follow","max-snippet":"max-snippet:-1","max-image-preview":"max-image-preview:large","max-video-preview":"max-video-preview:-1"},"canonical":"https:\/\/akunq.net\/tr\/?p=61654","og_locale":"en_US","og_type":"article","og_title":"Eski Bakan\u2019dan Heybeliada Ruhban Okulu \u00e7\u0131k\u0131\u015f\u0131: A\u00e7\u0131lmas\u0131n\u0131 istedim! - Bati Ermenistan Ve Bati Ermenileri Sorunlari Ara\u015ftirmalar Merkezi","og_description":"AK Partili Milli E\u011fitim eski Bakan\u0131 H\u00fcseyin \u00c7elik, Bakanl\u0131k yapt\u0131\u011f\u0131 d\u00f6neme ili\u015fkin payla\u015ft\u0131\u011f\u0131 an\u0131lar\u0131yla dikkat \u00e7ekiyor. Haber: Cafer ZENG\u0130N-\u00a0\u00a0Eski Bakan H\u00fcseyin \u00c7elik, Bakanl\u0131\u011f\u0131 d\u00f6neminde \u0130stanbul\u2019daki Heybeliada Ruhban Okulunun a\u00e7\u0131lmas\u0131n\u0131 \u00e7ok istedi\u011fini a\u00e7\u0131klad\u0131. Rum Ortodoks Ruhban Okulu olarak bilinen, T\u00fcrkiye\u2019de k\u0131saca Ruhban Okulu \u015feklinde de adland\u0131r\u0131lan okulla ilgili konu\u015fan \u00c7elik, \u201c\u201cRuhban Okulu haks\u0131z bir \u015fekilde kapanm\u0131\u015ft\u0131r. [&hellip;]","og_url":"https:\/\/akunq.net\/tr\/?p=61654","og_site_name":"Bati Ermenistan Ve Bati Ermenileri Sorunlari Ara\u015ftirmalar Merkezi","article_published_time":"2021-02-25T08:33:11+00:00","og_image":[{"width":1330,"height":749,"url":"https:\/\/akunq.net\/tr\/wp-content\/uploads\/sites\/6\/2021\/02\/Heybeliada.jpeg","type":"image\/jpeg"}],"author":"admin","twitter_card":"summary_large_image","twitter_misc":{"Written by":"admin","Est. reading time":"3 minutes"},"schema":{"@context":"https:\/\/schema.org","@graph":[{"@type":"Article","@id":"https:\/\/akunq.net\/tr\/?p=61654#article","isPartOf":{"@id":"https:\/\/akunq.net\/tr\/?p=61654"},"author":{"name":"admin","@id":"https:\/\/akunq.net\/tr\/#\/schema\/person\/096f1d38a12cce57fb855b485ed24c9e"},"headline":"Eski Bakan\u2019dan Heybeliada Ruhban Okulu \u00e7\u0131k\u0131\u015f\u0131: A\u00e7\u0131lmas\u0131n\u0131 istedim!","datePublished":"2021-02-25T08:33:11+00:00","mainEntityOfPage":{"@id":"https:\/\/akunq.net\/tr\/?p=61654"},"wordCount":580,"commentCount":0,"image":{"@id":"https:\/\/akunq.net\/tr\/?p=61654#primaryimage"},"thumbnailUrl":"https:\/\/akunq.net\/tr\/wp-content\/uploads\/sites\/6\/2021\/02\/Heybeliada.jpeg","articleSection":["Haberler","T\u00fcrkiye\u2019de Az\u0131nl\u0131klar"],"inLanguage":"en-US","potentialAction":[{"@type":"CommentAction","name":"Comment","target":["https:\/\/akunq.net\/tr\/?p=61654#respond"]}]},{"@type":"WebPage","@id":"https:\/\/akunq.net\/tr\/?p=61654","url":"https:\/\/akunq.net\/tr\/?p=61654","name":"Eski Bakan\u2019dan Heybeliada Ruhban Okulu \u00e7\u0131k\u0131\u015f\u0131: A\u00e7\u0131lmas\u0131n\u0131 istedim! - Bati Ermenistan Ve Bati Ermenileri Sorunlari Ara\u015ftirmalar Merkezi","isPartOf":{"@id":"https:\/\/akunq.net\/tr\/#website"},"primaryImageOfPage":{"@id":"https:\/\/akunq.net\/tr\/?p=61654#primaryimage"},"image":{"@id":"https:\/\/akunq.net\/tr\/?p=61654#primaryimage"},"thumbnailUrl":"https:\/\/akunq.net\/tr\/wp-content\/uploads\/sites\/6\/2021\/02\/Heybeliada.jpeg","datePublished":"2021-02-25T08:33:11+00:00","author":{"@id":"https:\/\/akunq.net\/tr\/#\/schema\/person\/096f1d38a12cce57fb855b485ed24c9e"},"breadcrumb":{"@id":"https:\/\/akunq.net\/tr\/?p=61654#breadcrumb"},"inLanguage":"en-US","potentialAction":[{"@type":"ReadAction","target":["https:\/\/akunq.net\/tr\/?p=61654"]}]},{"@type":"ImageObject","inLanguage":"en-US","@id":"https:\/\/akunq.net\/tr\/?p=61654#primaryimage","url":"https:\/\/akunq.net\/tr\/wp-content\/uploads\/sites\/6\/2021\/02\/Heybeliada.jpeg","contentUrl":"https:\/\/akunq.net\/tr\/wp-content\/uploads\/sites\/6\/2021\/02\/Heybeliada.jpeg","width":1330,"height":749},{"@type":"BreadcrumbList","@id":"https:\/\/akunq.net\/tr\/?p=61654#breadcrumb","itemListElement":[{"@type":"ListItem","position":1,"name":"Home","item":"https:\/\/akunq.net\/tr"},{"@type":"ListItem","position":2,"name":"Eski Bakan\u2019dan Heybeliada Ruhban Okulu \u00e7\u0131k\u0131\u015f\u0131: A\u00e7\u0131lmas\u0131n\u0131 istedim!"}]},{"@type":"WebSite","@id":"https:\/\/akunq.net\/tr\/#website","url":"https:\/\/akunq.net\/tr\/","name":"Bati Ermenistan Ve Bati Ermenileri Sorunlari Ara\u015ftirmalar Merkezi","description":"","potentialAction":[{"@type":"SearchAction","target":{"@type":"EntryPoint","urlTemplate":"https:\/\/akunq.net\/tr\/?s={search_term_string}"},"query-input":{"@type":"PropertyValueSpecification","valueRequired":true,"valueName":"search_term_string"}}],"inLanguage":"en-US"},{"@type":"Person","@id":"https:\/\/akunq.net\/tr\/#\/schema\/person\/096f1d38a12cce57fb855b485ed24c9e","name":"admin","url":"https:\/\/akunq.net\/tr\/?author=7"}]}},"_links":{"self":[{"href":"https:\/\/akunq.net\/tr\/index.php?rest_route=\/wp\/v2\/posts\/61654","targetHints":{"allow":["GET"]}}],"collection":[{"href":"https:\/\/akunq.net\/tr\/index.php?rest_route=\/wp\/v2\/posts"}],"about":[{"href":"https:\/\/akunq.net\/tr\/index.php?rest_route=\/wp\/v2\/types\/post"}],"author":[{"embeddable":true,"href":"https:\/\/akunq.net\/tr\/index.php?rest_route=\/wp\/v2\/users\/7"}],"replies":[{"embeddable":true,"href":"https:\/\/akunq.net\/tr\/index.php?rest_route=%2Fwp%2Fv2%2Fcomments&post=61654"}],"version-history":[{"count":1,"href":"https:\/\/akunq.net\/tr\/index.php?rest_route=\/wp\/v2\/posts\/61654\/revisions"}],"predecessor-version":[{"id":61656,"href":"https:\/\/akunq.net\/tr\/index.php?rest_route=\/wp\/v2\/posts\/61654\/revisions\/61656"}],"wp:featuredmedia":[{"embeddable":true,"href":"https:\/\/akunq.net\/tr\/index.php?rest_route=\/wp\/v2\/media\/61655"}],"wp:attachment":[{"href":"https:\/\/akunq.net\/tr\/index.php?rest_route=%2Fwp%2Fv2%2Fmedia&parent=61654"}],"wp:term":[{"taxonomy":"category","embeddable":true,"href":"https:\/\/akunq.net\/tr\/index.php?rest_route=%2Fwp%2Fv2%2Fcategories&post=61654"},{"taxonomy":"post_tag","embeddable":true,"href":"https:\/\/akunq.net\/tr\/index.php?rest_route=%2Fwp%2Fv2%2Ftags&post=61654"}],"curies":[{"name":"wp","href":"https:\/\/api.w.org\/{rel}","templated":true}]}}