{"id":61651,"date":"2021-02-25T02:57:11","date_gmt":"2021-02-25T07:57:11","guid":{"rendered":"https:\/\/akunq.net\/tr\/?p=61651"},"modified":"2021-02-25T02:57:11","modified_gmt":"2021-02-25T07:57:11","slug":"hrant-dink-vakfina-tehdit-davasinda-bir-sanigin-cezai-ehliyeti-tam-cikti","status":"publish","type":"post","link":"https:\/\/akunq.net\/tr\/?p=61651","title":{"rendered":"Hrant Dink Vakf\u0131\u2019na tehdit davas\u0131nda bir san\u0131\u011f\u0131n cezai ehliyeti tam \u00e7\u0131kt\u0131"},"content":{"rendered":"<p><img loading=\"lazy\" decoding=\"async\" class=\"aligncenter size-medium wp-image-61652\" src=\"https:\/\/akunq.net\/tr\/wp-content\/uploads\/2021\/02\/Hrant-Dink-360x203.jpg\" alt=\"\" width=\"360\" height=\"203\" srcset=\"https:\/\/akunq.net\/tr\/wp-content\/uploads\/sites\/6\/2021\/02\/Hrant-Dink-360x203.jpg 360w, https:\/\/akunq.net\/tr\/wp-content\/uploads\/sites\/6\/2021\/02\/Hrant-Dink-768x432.jpg 768w, https:\/\/akunq.net\/tr\/wp-content\/uploads\/sites\/6\/2021\/02\/Hrant-Dink-560x315.jpg 560w, https:\/\/akunq.net\/tr\/wp-content\/uploads\/sites\/6\/2021\/02\/Hrant-Dink-260x146.jpg 260w, https:\/\/akunq.net\/tr\/wp-content\/uploads\/sites\/6\/2021\/02\/Hrant-Dink-160x90.jpg 160w, https:\/\/akunq.net\/tr\/wp-content\/uploads\/sites\/6\/2021\/02\/Hrant-Dink.jpg 800w\" sizes=\"auto, (max-width: 360px) 100vw, 360px\" \/><\/p>\n<p><em><strong>Hrant Dink Vakf\u0131\u2019n\u0131 elektronik posta yoluyla tehdit ettikleri iddias\u0131yla \u201cZincirleme \u015fekilde imzas\u0131z mektupla veya \u00f6zel i\u015faretlerle tehdit\u201d su\u00e7undan iki san\u0131\u011f\u0131n yarg\u0131land\u0131\u011f\u0131 davada san\u0131k H\u00fcseyin Ate\u015f\u2019in cezai ehliyetinin tam oldu\u011funa ili\u015fkin adli t\u0131p raporu mahkemeye ula\u015ft\u0131. Duru\u015fma ertelendi.<\/strong><\/em><\/p>\n<p>Hrant Dink Vakf\u0131\u2019n\u0131 elektronik posta yolu ile tehdit ettikleri iddia edilen 2 san\u0131\u011f\u0131n yarg\u0131lanmas\u0131na devam edildi. Bir \u00f6nceki celse tahliyelerine karar verilen san\u0131klardan H\u00fcseyin Ate\u015f\u2019in cezai ehliyetinin tam oldu\u011funa ili\u015fkin adli t\u0131p raporu mahkemeye ula\u015ft\u0131. Di\u011fer san\u0131k Ersin Ba\u015fkan\u2019\u0131n ise cezai ehliyetine ili\u015fkin rapor al\u0131nmas\u0131 i\u00e7in polise yaz\u0131 yaz\u0131lmas\u0131na, bulunamazsa rapor al\u0131nmas\u0131 i\u00e7in yakalama emri d\u00fczenlenmesine karar verildi. \u0130stanbul 56. Asliye Ceza Mahkemesi\u2019ndeki duru\u015fmaya, tutuksuz san\u0131k H\u00fcseyin Ate\u015f gelirken, di\u011fer tutuksuz san\u0131k Ersin Ba\u015fkan kat\u0131lmad\u0131. \u015eikayet\u00e7iler Hrant Dink Vakf\u0131 ve Fethiye \u00c7etin\u2019in avukatlar\u0131 da duru\u015fmada haz\u0131r bulundu.<\/p>\n<p><strong>Bir san\u0131\u011f\u0131n cezai ehliyeti tam \u00e7\u0131kt\u0131<\/strong><\/p>\n<p>Hakim, taraflar aras\u0131nda uzla\u015fma sa\u011flanamad\u0131\u011f\u0131n\u0131 tutana\u011fa ge\u00e7irdi. San\u0131k H\u00fcseyin Ate\u015f y\u00f6n\u00fcnden Adli T\u0131p Kurumu\u2019nca verilen raporda cezai ehliyetinin tam oldu\u011fu, ancak san\u0131k Ersin Ba\u015fkan y\u00f6n\u00fcnden adli t\u0131p raporunun d\u00fczenlenemedi\u011fi belirtildi.<\/p>\n<p>San\u0131k H\u00fcseyin Ba\u015fkan: 4 ay tutuklu kald\u0131m, cezam\u0131 \u00e7ektim<\/p>\n<p>San\u0131k H\u00fcseyin Ba\u015fkan savunmas\u0131nda, \u201cBen 4 ay tutuklu kald\u0131m, cezam\u0131 \u00e7ektim\u201d dedi. San\u0131k avukat\u0131 da m\u00fcvekkilinin su\u00e7 kast\u0131 olmad\u0131\u011f\u0131n\u0131 ileri s\u00fcrerek beraatini talep etti. \u015eikayet\u00e7i avukatlar\u0131 ise gelen yaz\u0131ya kar\u015f\u0131 beyanda bulunmak i\u00e7in s\u00fcre talebinde bulundu.<br \/>\nDuru\u015fma ertelendi<br \/>\nMahkeme, san\u0131k Ersin Ba\u015fkan\u2019\u0131n cezai ehliyetinin olup olmad\u0131\u011f\u0131 konusunda adli t\u0131p raporu al\u0131nmas\u0131 i\u00e7in ilgili kolluk birimine m\u00fczekkere yaz\u0131lmas\u0131na, san\u0131k bulunamazsa rapor al\u0131nmas\u0131 i\u00e7in yakalama emri d\u00fczenlenmesine karar verdi. \u015eikayet\u00e7i avukatlara s\u00fcre verilmesine karar veren mahkeme, duru\u015fmay\u0131 erteledi.<\/p>\n<p><strong>Ne olmu\u015ftu?<\/strong><\/p>\n<p>Hrant Dink Vakf\u0131\u2019na y\u00f6nelik ilki 27-28 May\u0131s 2020 tarihlerinde e-posta yoluyla yap\u0131lan tehdit olay\u0131 \u00fczerine \u0130stanbul Cumhuriyet Ba\u015fsavc\u0131l\u0131\u011f\u0131\u2019nca re\u2019sen soru\u015fturma ba\u015flat\u0131lm\u0131\u015ft\u0131. Savc\u0131l\u0131k\u00e7a tamamlanan soru\u015fturma sonucunda 18 sayfal\u0131k iddianame haz\u0131rland\u0131. \u0130ddianamede Hrant Dink Vakf\u0131 y\u00f6neticileri, avukat Fethiye \u00c7etin aras\u0131nda bulundu\u011fu 9 m\u00fc\u015fteki yer ald\u0131. \u0130ddianamede, ilk tehdit olay\u0131yla ilgili Konya\u2019da yakalanarak \u0130stanbul\u2019da tutuklanan H\u00fcseyin Ate\u015f hakk\u0131nda 27-28 May\u0131s\u2019ta e-posta g\u00f6ndererek ve 23 May\u0131s\u2019ta Hrant Dink Foundation\u2019\u0131n Instagram hesab\u0131na yorum yaparak \u00fc\u00e7 ayr\u0131 tehdit eylemini ger\u00e7ekle\u015ftirdi\u011fini belirtildi. San\u0131k Ate\u015f\u2019in \u201cZincirleme \u015fekilde imzas\u0131z mektupla veya \u00f6zel i\u015faretlerle tehdit\u201d su\u00e7undan 7,5 y\u0131ldan 26 y\u0131l 3 aya kadar hapis talep edildi. \u0130kinci tehdit olay\u0131n\u0131 ger\u00e7ekle\u015ftiren san\u0131k Ersin Ba\u015fkan ise Hrant Dink Vakf\u0131\u2019n\u0131n e-posta adresine 30 May\u0131s tarihinde ersinbaskan282@gmail.com isimli e-posta adresinden tehdit mesaj\u0131 yollayarak \u201c\u0130mzas\u0131z mektupla veya \u00f6zel i\u015faretlerle tehdit\u201d su\u00e7undan tutuklanm\u0131\u015ft\u0131. \u0130ddianamede, san\u0131k Ba\u015fkan\u2019\u0131n 2,5 y\u0131ldan 8 y\u0131l 9 aya kadar hapsi istendi. 21 Eyl\u00fcl 2020 tarihli ikinci duru\u015fmada, iki san\u0131\u011f\u0131n da tahliyesine karar verilmi\u015fti.<\/p>\n<hr \/>\n<p><em><strong><a href=\"https:\/\/t24.com.tr\/haber\/hrant-dink-vakfi-na-tehdit-davasinda-bir-sanigin-cezai-ehliyeti-tam-cikti,935165\" target=\"_blank\" rel=\"noopener noreferrer\">T24<\/a><\/strong><\/em><\/p>\n","protected":false},"excerpt":{"rendered":"<p>Hrant Dink Vakf\u0131\u2019n\u0131 elektronik posta yoluyla tehdit ettikleri iddias\u0131yla \u201cZincirleme \u015fekilde imzas\u0131z mektupla veya \u00f6zel i\u015faretlerle tehdit\u201d su\u00e7undan iki san\u0131\u011f\u0131n yarg\u0131land\u0131\u011f\u0131 davada san\u0131k H\u00fcseyin Ate\u015f\u2019in cezai ehliyetinin tam oldu\u011funa ili\u015fkin adli t\u0131p raporu mahkemeye ula\u015ft\u0131. Duru\u015fma ertelendi. Hrant Dink Vakf\u0131\u2019n\u0131 elektronik posta yolu ile tehdit ettikleri iddia edilen 2 san\u0131\u011f\u0131n yarg\u0131lanmas\u0131na devam edildi. Bir \u00f6nceki [&hellip;]<\/p>\n","protected":false},"author":7,"featured_media":61652,"comment_status":"open","ping_status":"open","sticky":false,"template":"","format":"standard","meta":{"footnotes":""},"categories":[1],"tags":[],"class_list":["post-61651","post","type-post","status-publish","format-standard","has-post-thumbnail","hentry","category-haberler"],"yoast_head":"<!-- This site is optimized with the Yoast SEO plugin v27.4 - https:\/\/yoast.com\/product\/yoast-seo-wordpress\/ -->\n<title>Hrant Dink Vakf\u0131\u2019na tehdit davas\u0131nda bir san\u0131\u011f\u0131n cezai ehliyeti tam \u00e7\u0131kt\u0131 - Bati Ermenistan Ve Bati Ermenileri Sorunlari Ara\u015ftirmalar Merkezi<\/title>\n<meta name=\"robots\" content=\"index, follow, max-snippet:-1, max-image-preview:large, max-video-preview:-1\" \/>\n<link rel=\"canonical\" href=\"https:\/\/akunq.net\/tr\/?p=61651\" \/>\n<meta property=\"og:locale\" content=\"en_US\" \/>\n<meta property=\"og:type\" content=\"article\" \/>\n<meta property=\"og:title\" content=\"Hrant Dink Vakf\u0131\u2019na tehdit davas\u0131nda bir san\u0131\u011f\u0131n cezai ehliyeti tam \u00e7\u0131kt\u0131 - Bati Ermenistan Ve Bati Ermenileri Sorunlari Ara\u015ftirmalar Merkezi\" \/>\n<meta property=\"og:description\" content=\"Hrant Dink Vakf\u0131\u2019n\u0131 elektronik posta yoluyla tehdit ettikleri iddias\u0131yla \u201cZincirleme \u015fekilde imzas\u0131z mektupla veya \u00f6zel i\u015faretlerle tehdit\u201d su\u00e7undan iki san\u0131\u011f\u0131n yarg\u0131land\u0131\u011f\u0131 davada san\u0131k H\u00fcseyin Ate\u015f\u2019in cezai ehliyetinin tam oldu\u011funa ili\u015fkin adli t\u0131p raporu mahkemeye ula\u015ft\u0131. Duru\u015fma ertelendi. Hrant Dink Vakf\u0131\u2019n\u0131 elektronik posta yolu ile tehdit ettikleri iddia edilen 2 san\u0131\u011f\u0131n yarg\u0131lanmas\u0131na devam edildi. Bir \u00f6nceki [&hellip;]\" \/>\n<meta property=\"og:url\" content=\"https:\/\/akunq.net\/tr\/?p=61651\" \/>\n<meta property=\"og:site_name\" content=\"Bati Ermenistan Ve Bati Ermenileri Sorunlari Ara\u015ftirmalar Merkezi\" \/>\n<meta property=\"article:published_time\" content=\"2021-02-25T07:57:11+00:00\" \/>\n<meta property=\"og:image\" content=\"https:\/\/akunq.net\/tr\/wp-content\/uploads\/sites\/6\/2021\/02\/Hrant-Dink.jpg\" \/>\n\t<meta property=\"og:image:width\" content=\"800\" \/>\n\t<meta property=\"og:image:height\" content=\"450\" \/>\n\t<meta property=\"og:image:type\" content=\"image\/jpeg\" \/>\n<meta name=\"author\" content=\"admin\" \/>\n<meta name=\"twitter:card\" content=\"summary_large_image\" \/>\n<meta name=\"twitter:label1\" content=\"Written by\" \/>\n\t<meta name=\"twitter:data1\" content=\"admin\" \/>\n\t<meta name=\"twitter:label2\" content=\"Est. reading time\" \/>\n\t<meta name=\"twitter:data2\" content=\"3 minutes\" \/>\n<script type=\"application\/ld+json\" class=\"yoast-schema-graph\">{\"@context\":\"https:\\\/\\\/schema.org\",\"@graph\":[{\"@type\":\"Article\",\"@id\":\"https:\\\/\\\/akunq.net\\\/tr\\\/?p=61651#article\",\"isPartOf\":{\"@id\":\"https:\\\/\\\/akunq.net\\\/tr\\\/?p=61651\"},\"author\":{\"name\":\"admin\",\"@id\":\"https:\\\/\\\/akunq.net\\\/tr\\\/#\\\/schema\\\/person\\\/096f1d38a12cce57fb855b485ed24c9e\"},\"headline\":\"Hrant Dink Vakf\u0131\u2019na tehdit davas\u0131nda bir san\u0131\u011f\u0131n cezai ehliyeti tam \u00e7\u0131kt\u0131\",\"datePublished\":\"2021-02-25T07:57:11+00:00\",\"mainEntityOfPage\":{\"@id\":\"https:\\\/\\\/akunq.net\\\/tr\\\/?p=61651\"},\"wordCount\":568,\"commentCount\":0,\"image\":{\"@id\":\"https:\\\/\\\/akunq.net\\\/tr\\\/?p=61651#primaryimage\"},\"thumbnailUrl\":\"https:\\\/\\\/akunq.net\\\/tr\\\/wp-content\\\/uploads\\\/sites\\\/6\\\/2021\\\/02\\\/Hrant-Dink.jpg\",\"articleSection\":[\"Haberler\"],\"inLanguage\":\"en-US\",\"potentialAction\":[{\"@type\":\"CommentAction\",\"name\":\"Comment\",\"target\":[\"https:\\\/\\\/akunq.net\\\/tr\\\/?p=61651#respond\"]}]},{\"@type\":\"WebPage\",\"@id\":\"https:\\\/\\\/akunq.net\\\/tr\\\/?p=61651\",\"url\":\"https:\\\/\\\/akunq.net\\\/tr\\\/?p=61651\",\"name\":\"Hrant Dink Vakf\u0131\u2019na tehdit davas\u0131nda bir san\u0131\u011f\u0131n cezai ehliyeti tam \u00e7\u0131kt\u0131 - Bati Ermenistan Ve Bati Ermenileri Sorunlari Ara\u015ftirmalar Merkezi\",\"isPartOf\":{\"@id\":\"https:\\\/\\\/akunq.net\\\/tr\\\/#website\"},\"primaryImageOfPage\":{\"@id\":\"https:\\\/\\\/akunq.net\\\/tr\\\/?p=61651#primaryimage\"},\"image\":{\"@id\":\"https:\\\/\\\/akunq.net\\\/tr\\\/?p=61651#primaryimage\"},\"thumbnailUrl\":\"https:\\\/\\\/akunq.net\\\/tr\\\/wp-content\\\/uploads\\\/sites\\\/6\\\/2021\\\/02\\\/Hrant-Dink.jpg\",\"datePublished\":\"2021-02-25T07:57:11+00:00\",\"author\":{\"@id\":\"https:\\\/\\\/akunq.net\\\/tr\\\/#\\\/schema\\\/person\\\/096f1d38a12cce57fb855b485ed24c9e\"},\"breadcrumb\":{\"@id\":\"https:\\\/\\\/akunq.net\\\/tr\\\/?p=61651#breadcrumb\"},\"inLanguage\":\"en-US\",\"potentialAction\":[{\"@type\":\"ReadAction\",\"target\":[\"https:\\\/\\\/akunq.net\\\/tr\\\/?p=61651\"]}]},{\"@type\":\"ImageObject\",\"inLanguage\":\"en-US\",\"@id\":\"https:\\\/\\\/akunq.net\\\/tr\\\/?p=61651#primaryimage\",\"url\":\"https:\\\/\\\/akunq.net\\\/tr\\\/wp-content\\\/uploads\\\/sites\\\/6\\\/2021\\\/02\\\/Hrant-Dink.jpg\",\"contentUrl\":\"https:\\\/\\\/akunq.net\\\/tr\\\/wp-content\\\/uploads\\\/sites\\\/6\\\/2021\\\/02\\\/Hrant-Dink.jpg\",\"width\":800,\"height\":450},{\"@type\":\"BreadcrumbList\",\"@id\":\"https:\\\/\\\/akunq.net\\\/tr\\\/?p=61651#breadcrumb\",\"itemListElement\":[{\"@type\":\"ListItem\",\"position\":1,\"name\":\"Home\",\"item\":\"https:\\\/\\\/akunq.net\\\/tr\"},{\"@type\":\"ListItem\",\"position\":2,\"name\":\"Hrant Dink Vakf\u0131\u2019na tehdit davas\u0131nda bir san\u0131\u011f\u0131n cezai ehliyeti tam \u00e7\u0131kt\u0131\"}]},{\"@type\":\"WebSite\",\"@id\":\"https:\\\/\\\/akunq.net\\\/tr\\\/#website\",\"url\":\"https:\\\/\\\/akunq.net\\\/tr\\\/\",\"name\":\"Bati Ermenistan Ve Bati Ermenileri Sorunlari Ara\u015ftirmalar Merkezi\",\"description\":\"\",\"potentialAction\":[{\"@type\":\"SearchAction\",\"target\":{\"@type\":\"EntryPoint\",\"urlTemplate\":\"https:\\\/\\\/akunq.net\\\/tr\\\/?s={search_term_string}\"},\"query-input\":{\"@type\":\"PropertyValueSpecification\",\"valueRequired\":true,\"valueName\":\"search_term_string\"}}],\"inLanguage\":\"en-US\"},{\"@type\":\"Person\",\"@id\":\"https:\\\/\\\/akunq.net\\\/tr\\\/#\\\/schema\\\/person\\\/096f1d38a12cce57fb855b485ed24c9e\",\"name\":\"admin\",\"url\":\"https:\\\/\\\/akunq.net\\\/tr\\\/?author=7\"}]}<\/script>\n<!-- \/ Yoast SEO plugin. -->","yoast_head_json":{"title":"Hrant Dink Vakf\u0131\u2019na tehdit davas\u0131nda bir san\u0131\u011f\u0131n cezai ehliyeti tam \u00e7\u0131kt\u0131 - Bati Ermenistan Ve Bati Ermenileri Sorunlari Ara\u015ftirmalar Merkezi","robots":{"index":"index","follow":"follow","max-snippet":"max-snippet:-1","max-image-preview":"max-image-preview:large","max-video-preview":"max-video-preview:-1"},"canonical":"https:\/\/akunq.net\/tr\/?p=61651","og_locale":"en_US","og_type":"article","og_title":"Hrant Dink Vakf\u0131\u2019na tehdit davas\u0131nda bir san\u0131\u011f\u0131n cezai ehliyeti tam \u00e7\u0131kt\u0131 - Bati Ermenistan Ve Bati Ermenileri Sorunlari Ara\u015ftirmalar Merkezi","og_description":"Hrant Dink Vakf\u0131\u2019n\u0131 elektronik posta yoluyla tehdit ettikleri iddias\u0131yla \u201cZincirleme \u015fekilde imzas\u0131z mektupla veya \u00f6zel i\u015faretlerle tehdit\u201d su\u00e7undan iki san\u0131\u011f\u0131n yarg\u0131land\u0131\u011f\u0131 davada san\u0131k H\u00fcseyin Ate\u015f\u2019in cezai ehliyetinin tam oldu\u011funa ili\u015fkin adli t\u0131p raporu mahkemeye ula\u015ft\u0131. Duru\u015fma ertelendi. Hrant Dink Vakf\u0131\u2019n\u0131 elektronik posta yolu ile tehdit ettikleri iddia edilen 2 san\u0131\u011f\u0131n yarg\u0131lanmas\u0131na devam edildi. Bir \u00f6nceki [&hellip;]","og_url":"https:\/\/akunq.net\/tr\/?p=61651","og_site_name":"Bati Ermenistan Ve Bati Ermenileri Sorunlari Ara\u015ftirmalar Merkezi","article_published_time":"2021-02-25T07:57:11+00:00","og_image":[{"width":800,"height":450,"url":"https:\/\/akunq.net\/tr\/wp-content\/uploads\/sites\/6\/2021\/02\/Hrant-Dink.jpg","type":"image\/jpeg"}],"author":"admin","twitter_card":"summary_large_image","twitter_misc":{"Written by":"admin","Est. reading time":"3 minutes"},"schema":{"@context":"https:\/\/schema.org","@graph":[{"@type":"Article","@id":"https:\/\/akunq.net\/tr\/?p=61651#article","isPartOf":{"@id":"https:\/\/akunq.net\/tr\/?p=61651"},"author":{"name":"admin","@id":"https:\/\/akunq.net\/tr\/#\/schema\/person\/096f1d38a12cce57fb855b485ed24c9e"},"headline":"Hrant Dink Vakf\u0131\u2019na tehdit davas\u0131nda bir san\u0131\u011f\u0131n cezai ehliyeti tam \u00e7\u0131kt\u0131","datePublished":"2021-02-25T07:57:11+00:00","mainEntityOfPage":{"@id":"https:\/\/akunq.net\/tr\/?p=61651"},"wordCount":568,"commentCount":0,"image":{"@id":"https:\/\/akunq.net\/tr\/?p=61651#primaryimage"},"thumbnailUrl":"https:\/\/akunq.net\/tr\/wp-content\/uploads\/sites\/6\/2021\/02\/Hrant-Dink.jpg","articleSection":["Haberler"],"inLanguage":"en-US","potentialAction":[{"@type":"CommentAction","name":"Comment","target":["https:\/\/akunq.net\/tr\/?p=61651#respond"]}]},{"@type":"WebPage","@id":"https:\/\/akunq.net\/tr\/?p=61651","url":"https:\/\/akunq.net\/tr\/?p=61651","name":"Hrant Dink Vakf\u0131\u2019na tehdit davas\u0131nda bir san\u0131\u011f\u0131n cezai ehliyeti tam \u00e7\u0131kt\u0131 - Bati Ermenistan Ve Bati Ermenileri Sorunlari Ara\u015ftirmalar Merkezi","isPartOf":{"@id":"https:\/\/akunq.net\/tr\/#website"},"primaryImageOfPage":{"@id":"https:\/\/akunq.net\/tr\/?p=61651#primaryimage"},"image":{"@id":"https:\/\/akunq.net\/tr\/?p=61651#primaryimage"},"thumbnailUrl":"https:\/\/akunq.net\/tr\/wp-content\/uploads\/sites\/6\/2021\/02\/Hrant-Dink.jpg","datePublished":"2021-02-25T07:57:11+00:00","author":{"@id":"https:\/\/akunq.net\/tr\/#\/schema\/person\/096f1d38a12cce57fb855b485ed24c9e"},"breadcrumb":{"@id":"https:\/\/akunq.net\/tr\/?p=61651#breadcrumb"},"inLanguage":"en-US","potentialAction":[{"@type":"ReadAction","target":["https:\/\/akunq.net\/tr\/?p=61651"]}]},{"@type":"ImageObject","inLanguage":"en-US","@id":"https:\/\/akunq.net\/tr\/?p=61651#primaryimage","url":"https:\/\/akunq.net\/tr\/wp-content\/uploads\/sites\/6\/2021\/02\/Hrant-Dink.jpg","contentUrl":"https:\/\/akunq.net\/tr\/wp-content\/uploads\/sites\/6\/2021\/02\/Hrant-Dink.jpg","width":800,"height":450},{"@type":"BreadcrumbList","@id":"https:\/\/akunq.net\/tr\/?p=61651#breadcrumb","itemListElement":[{"@type":"ListItem","position":1,"name":"Home","item":"https:\/\/akunq.net\/tr"},{"@type":"ListItem","position":2,"name":"Hrant Dink Vakf\u0131\u2019na tehdit davas\u0131nda bir san\u0131\u011f\u0131n cezai ehliyeti tam \u00e7\u0131kt\u0131"}]},{"@type":"WebSite","@id":"https:\/\/akunq.net\/tr\/#website","url":"https:\/\/akunq.net\/tr\/","name":"Bati Ermenistan Ve Bati Ermenileri Sorunlari Ara\u015ftirmalar Merkezi","description":"","potentialAction":[{"@type":"SearchAction","target":{"@type":"EntryPoint","urlTemplate":"https:\/\/akunq.net\/tr\/?s={search_term_string}"},"query-input":{"@type":"PropertyValueSpecification","valueRequired":true,"valueName":"search_term_string"}}],"inLanguage":"en-US"},{"@type":"Person","@id":"https:\/\/akunq.net\/tr\/#\/schema\/person\/096f1d38a12cce57fb855b485ed24c9e","name":"admin","url":"https:\/\/akunq.net\/tr\/?author=7"}]}},"_links":{"self":[{"href":"https:\/\/akunq.net\/tr\/index.php?rest_route=\/wp\/v2\/posts\/61651","targetHints":{"allow":["GET"]}}],"collection":[{"href":"https:\/\/akunq.net\/tr\/index.php?rest_route=\/wp\/v2\/posts"}],"about":[{"href":"https:\/\/akunq.net\/tr\/index.php?rest_route=\/wp\/v2\/types\/post"}],"author":[{"embeddable":true,"href":"https:\/\/akunq.net\/tr\/index.php?rest_route=\/wp\/v2\/users\/7"}],"replies":[{"embeddable":true,"href":"https:\/\/akunq.net\/tr\/index.php?rest_route=%2Fwp%2Fv2%2Fcomments&post=61651"}],"version-history":[{"count":1,"href":"https:\/\/akunq.net\/tr\/index.php?rest_route=\/wp\/v2\/posts\/61651\/revisions"}],"predecessor-version":[{"id":61653,"href":"https:\/\/akunq.net\/tr\/index.php?rest_route=\/wp\/v2\/posts\/61651\/revisions\/61653"}],"wp:featuredmedia":[{"embeddable":true,"href":"https:\/\/akunq.net\/tr\/index.php?rest_route=\/wp\/v2\/media\/61652"}],"wp:attachment":[{"href":"https:\/\/akunq.net\/tr\/index.php?rest_route=%2Fwp%2Fv2%2Fmedia&parent=61651"}],"wp:term":[{"taxonomy":"category","embeddable":true,"href":"https:\/\/akunq.net\/tr\/index.php?rest_route=%2Fwp%2Fv2%2Fcategories&post=61651"},{"taxonomy":"post_tag","embeddable":true,"href":"https:\/\/akunq.net\/tr\/index.php?rest_route=%2Fwp%2Fv2%2Ftags&post=61651"}],"curies":[{"name":"wp","href":"https:\/\/api.w.org\/{rel}","templated":true}]}}