{"id":61645,"date":"2021-02-25T02:32:36","date_gmt":"2021-02-25T07:32:36","guid":{"rendered":"https:\/\/akunq.net\/tr\/?p=61645"},"modified":"2021-02-25T02:32:36","modified_gmt":"2021-02-25T07:32:36","slug":"dokunulmazligin-kaldirilmasina-iliskin-33-farkli-fezleke-mecliste","status":"publish","type":"post","link":"https:\/\/akunq.net\/tr\/?p=61645","title":{"rendered":"Dokunulmazl\u0131\u011f\u0131n kald\u0131r\u0131lmas\u0131na ili\u015fkin 33 farkl\u0131 fezleke Meclis\u2019te"},"content":{"rendered":"<p><img loading=\"lazy\" decoding=\"async\" class=\"aligncenter size-medium wp-image-61646\" src=\"https:\/\/akunq.net\/tr\/wp-content\/uploads\/2021\/02\/TBMM-360x238.jpg\" alt=\"\" width=\"360\" height=\"238\" srcset=\"https:\/\/akunq.net\/tr\/wp-content\/uploads\/sites\/6\/2021\/02\/TBMM-360x238.jpg 360w, https:\/\/akunq.net\/tr\/wp-content\/uploads\/sites\/6\/2021\/02\/TBMM-768x508.jpg 768w, https:\/\/akunq.net\/tr\/wp-content\/uploads\/sites\/6\/2021\/02\/TBMM-560x370.jpg 560w, https:\/\/akunq.net\/tr\/wp-content\/uploads\/sites\/6\/2021\/02\/TBMM-260x172.jpg 260w, https:\/\/akunq.net\/tr\/wp-content\/uploads\/sites\/6\/2021\/02\/TBMM-160x106.jpg 160w, https:\/\/akunq.net\/tr\/wp-content\/uploads\/sites\/6\/2021\/02\/TBMM.jpg 770w\" sizes=\"auto, (max-width: 360px) 100vw, 360px\" \/><\/p>\n<p><em><strong>TBMM Ba\u015fkan\u0131 Mustafa \u015eentop, milletvekilli\u011fi dokunulmazl\u0131\u011f\u0131n\u0131n kald\u0131r\u0131lmas\u0131na ili\u015fkin 33 farkl\u0131 fezlekenin d\u00fcn ak\u015fam itibariyle Meclis\u2019e geldi\u011fini bildirdi.<\/strong><\/em><\/p>\n<p>\u015eentop, Meclis\u2019te gazetecilerin sorular\u0131n\u0131 yan\u0131tlad\u0131.<\/p>\n<p>\u015eentop, bir soru \u00fczerine, milletvekilli\u011fi dokunulmazl\u0131\u011f\u0131n\u0131n kald\u0131r\u0131lmas\u0131yla ilgili fezleke haz\u0131rlananlar i\u00e7inde HDP milletvekillerinin de bulundu\u011funu s\u00f6yledi.<\/p>\n<p>HDP Kocaeli Milletvekili \u00d6mer Faruk Gergerlio\u011flu hakk\u0131nda bir fezlekenin gelip gelmedi\u011fi sorusuna kar\u015f\u0131l\u0131k \u015eentop, bu konuda hen\u00fcz bir karar\u0131n Meclis\u2019e ula\u015fmad\u0131\u011f\u0131 yan\u0131t\u0131n\u0131 verdi.<\/p>\n<p>HDP\u2019li dokuz milletvekili hakk\u0131nda, 6-8 Ekim olaylar\u0131n\u0131n azmettiricisi olmak su\u00e7undan fezleke haz\u0131rlanm\u0131\u015ft\u0131.<\/p>\n<p>Ankara ba\u015fsavc\u0131l\u0131\u011f\u0131, eski HDP e\u015f genel ba\u015fkanlar\u0131 Selahattin Demirta\u015f ve Figen Y\u00fcksekda\u011f\u2019\u0131n da aralar\u0131nda yer ald\u0131\u011f\u0131 108 san\u0131k hakk\u0131ndaki iddianamenin kabul\u00fcn\u00fcn ard\u0131ndan, Kobani olaylar\u0131n\u0131n meydana geldi\u011fi 6-7-8 Ekim 2014\u2019te HDP Merkez Y\u00fcr\u00fctme Kurulu \u00fcyesi olan milletvekilleri hakk\u0131nda fezleke haz\u0131rlamak \u00fczere \u00e7al\u0131\u015fma ba\u015flatm\u0131\u015ft\u0131.<\/p>\n<p>Bu kapsamda, HDP E\u015f Genel Ba\u015fkan\u0131 Pervin Buldan, grup ba\u015fkanvekilleri Meral Dan\u0131\u015f Be\u015fta\u015f ve Hakk\u0131 Saruhan Olu\u00e7, Diyarbak\u0131r Milletvekili Garo Paylan, \u0130stanbul Milletvekili H\u00fcda Kaya, Van Milletvekili Sezai Temelli, Mardin Milletvekili Pero Dundar, Mersin Milletvekili Fatma Kurtulan ve \u0130zmir Milletvekili Serpil Kemalbay Pekg\u00f6zeg\u00fc hakk\u0131nda, Anayasa\u2019n\u0131n 83. Maddesi gere\u011fince milletvekili dokunulmazl\u0131klar\u0131n\u0131n kald\u0131r\u0131lmas\u0131 talebiyle fezleke d\u00fczenlenmi\u015fti.<\/p>\n<p><em><strong>http:\/\/www.diken.com.tr\/dokunulmazligin-kaldirilmasina-iliskin-33-farkli-fezleke-mecliste\/\u00a0<\/strong><\/em><\/p>\n<p>&nbsp;<\/p>\n","protected":false},"excerpt":{"rendered":"<p>TBMM Ba\u015fkan\u0131 Mustafa \u015eentop, milletvekilli\u011fi dokunulmazl\u0131\u011f\u0131n\u0131n kald\u0131r\u0131lmas\u0131na ili\u015fkin 33 farkl\u0131 fezlekenin d\u00fcn ak\u015fam itibariyle Meclis\u2019e geldi\u011fini bildirdi. \u015eentop, Meclis\u2019te gazetecilerin sorular\u0131n\u0131 yan\u0131tlad\u0131. \u015eentop, bir soru \u00fczerine, milletvekilli\u011fi dokunulmazl\u0131\u011f\u0131n\u0131n kald\u0131r\u0131lmas\u0131yla ilgili fezleke haz\u0131rlananlar i\u00e7inde HDP milletvekillerinin de bulundu\u011funu s\u00f6yledi. HDP Kocaeli Milletvekili \u00d6mer Faruk Gergerlio\u011flu hakk\u0131nda bir fezlekenin gelip gelmedi\u011fi sorusuna kar\u015f\u0131l\u0131k \u015eentop, bu konuda hen\u00fcz [&hellip;]<\/p>\n","protected":false},"author":7,"featured_media":61646,"comment_status":"open","ping_status":"open","sticky":false,"template":"","format":"standard","meta":{"footnotes":""},"categories":[1],"tags":[],"class_list":["post-61645","post","type-post","status-publish","format-standard","has-post-thumbnail","hentry","category-haberler"],"yoast_head":"<!-- This site is optimized with the Yoast SEO plugin v27.4 - https:\/\/yoast.com\/product\/yoast-seo-wordpress\/ -->\n<title>Dokunulmazl\u0131\u011f\u0131n kald\u0131r\u0131lmas\u0131na ili\u015fkin 33 farkl\u0131 fezleke Meclis\u2019te - Bati Ermenistan Ve Bati Ermenileri Sorunlari Ara\u015ftirmalar Merkezi<\/title>\n<meta name=\"robots\" content=\"index, follow, max-snippet:-1, max-image-preview:large, max-video-preview:-1\" \/>\n<link rel=\"canonical\" href=\"https:\/\/akunq.net\/tr\/?p=61645\" \/>\n<meta property=\"og:locale\" content=\"en_US\" \/>\n<meta property=\"og:type\" content=\"article\" \/>\n<meta property=\"og:title\" content=\"Dokunulmazl\u0131\u011f\u0131n kald\u0131r\u0131lmas\u0131na ili\u015fkin 33 farkl\u0131 fezleke Meclis\u2019te - Bati Ermenistan Ve Bati Ermenileri Sorunlari Ara\u015ftirmalar Merkezi\" \/>\n<meta property=\"og:description\" content=\"TBMM Ba\u015fkan\u0131 Mustafa \u015eentop, milletvekilli\u011fi dokunulmazl\u0131\u011f\u0131n\u0131n kald\u0131r\u0131lmas\u0131na ili\u015fkin 33 farkl\u0131 fezlekenin d\u00fcn ak\u015fam itibariyle Meclis\u2019e geldi\u011fini bildirdi. \u015eentop, Meclis\u2019te gazetecilerin sorular\u0131n\u0131 yan\u0131tlad\u0131. \u015eentop, bir soru \u00fczerine, milletvekilli\u011fi dokunulmazl\u0131\u011f\u0131n\u0131n kald\u0131r\u0131lmas\u0131yla ilgili fezleke haz\u0131rlananlar i\u00e7inde HDP milletvekillerinin de bulundu\u011funu s\u00f6yledi. HDP Kocaeli Milletvekili \u00d6mer Faruk Gergerlio\u011flu hakk\u0131nda bir fezlekenin gelip gelmedi\u011fi sorusuna kar\u015f\u0131l\u0131k \u015eentop, bu konuda hen\u00fcz [&hellip;]\" \/>\n<meta property=\"og:url\" content=\"https:\/\/akunq.net\/tr\/?p=61645\" \/>\n<meta property=\"og:site_name\" content=\"Bati Ermenistan Ve Bati Ermenileri Sorunlari Ara\u015ftirmalar Merkezi\" \/>\n<meta property=\"article:published_time\" content=\"2021-02-25T07:32:36+00:00\" \/>\n<meta property=\"og:image\" content=\"https:\/\/akunq.net\/tr\/wp-content\/uploads\/sites\/6\/2021\/02\/TBMM.jpg\" \/>\n\t<meta property=\"og:image:width\" content=\"770\" \/>\n\t<meta property=\"og:image:height\" content=\"509\" \/>\n\t<meta property=\"og:image:type\" content=\"image\/jpeg\" \/>\n<meta name=\"author\" content=\"admin\" \/>\n<meta name=\"twitter:card\" content=\"summary_large_image\" \/>\n<meta name=\"twitter:label1\" content=\"Written by\" \/>\n\t<meta name=\"twitter:data1\" content=\"admin\" \/>\n\t<meta name=\"twitter:label2\" content=\"Est. reading time\" \/>\n\t<meta name=\"twitter:data2\" content=\"1 minute\" \/>\n<script type=\"application\/ld+json\" class=\"yoast-schema-graph\">{\"@context\":\"https:\\\/\\\/schema.org\",\"@graph\":[{\"@type\":\"Article\",\"@id\":\"https:\\\/\\\/akunq.net\\\/tr\\\/?p=61645#article\",\"isPartOf\":{\"@id\":\"https:\\\/\\\/akunq.net\\\/tr\\\/?p=61645\"},\"author\":{\"name\":\"admin\",\"@id\":\"https:\\\/\\\/akunq.net\\\/tr\\\/#\\\/schema\\\/person\\\/096f1d38a12cce57fb855b485ed24c9e\"},\"headline\":\"Dokunulmazl\u0131\u011f\u0131n kald\u0131r\u0131lmas\u0131na ili\u015fkin 33 farkl\u0131 fezleke Meclis\u2019te\",\"datePublished\":\"2021-02-25T07:32:36+00:00\",\"mainEntityOfPage\":{\"@id\":\"https:\\\/\\\/akunq.net\\\/tr\\\/?p=61645\"},\"wordCount\":268,\"commentCount\":0,\"image\":{\"@id\":\"https:\\\/\\\/akunq.net\\\/tr\\\/?p=61645#primaryimage\"},\"thumbnailUrl\":\"https:\\\/\\\/akunq.net\\\/tr\\\/wp-content\\\/uploads\\\/sites\\\/6\\\/2021\\\/02\\\/TBMM.jpg\",\"articleSection\":[\"Haberler\"],\"inLanguage\":\"en-US\",\"potentialAction\":[{\"@type\":\"CommentAction\",\"name\":\"Comment\",\"target\":[\"https:\\\/\\\/akunq.net\\\/tr\\\/?p=61645#respond\"]}]},{\"@type\":\"WebPage\",\"@id\":\"https:\\\/\\\/akunq.net\\\/tr\\\/?p=61645\",\"url\":\"https:\\\/\\\/akunq.net\\\/tr\\\/?p=61645\",\"name\":\"Dokunulmazl\u0131\u011f\u0131n kald\u0131r\u0131lmas\u0131na ili\u015fkin 33 farkl\u0131 fezleke Meclis\u2019te - Bati Ermenistan Ve Bati Ermenileri Sorunlari Ara\u015ftirmalar Merkezi\",\"isPartOf\":{\"@id\":\"https:\\\/\\\/akunq.net\\\/tr\\\/#website\"},\"primaryImageOfPage\":{\"@id\":\"https:\\\/\\\/akunq.net\\\/tr\\\/?p=61645#primaryimage\"},\"image\":{\"@id\":\"https:\\\/\\\/akunq.net\\\/tr\\\/?p=61645#primaryimage\"},\"thumbnailUrl\":\"https:\\\/\\\/akunq.net\\\/tr\\\/wp-content\\\/uploads\\\/sites\\\/6\\\/2021\\\/02\\\/TBMM.jpg\",\"datePublished\":\"2021-02-25T07:32:36+00:00\",\"author\":{\"@id\":\"https:\\\/\\\/akunq.net\\\/tr\\\/#\\\/schema\\\/person\\\/096f1d38a12cce57fb855b485ed24c9e\"},\"breadcrumb\":{\"@id\":\"https:\\\/\\\/akunq.net\\\/tr\\\/?p=61645#breadcrumb\"},\"inLanguage\":\"en-US\",\"potentialAction\":[{\"@type\":\"ReadAction\",\"target\":[\"https:\\\/\\\/akunq.net\\\/tr\\\/?p=61645\"]}]},{\"@type\":\"ImageObject\",\"inLanguage\":\"en-US\",\"@id\":\"https:\\\/\\\/akunq.net\\\/tr\\\/?p=61645#primaryimage\",\"url\":\"https:\\\/\\\/akunq.net\\\/tr\\\/wp-content\\\/uploads\\\/sites\\\/6\\\/2021\\\/02\\\/TBMM.jpg\",\"contentUrl\":\"https:\\\/\\\/akunq.net\\\/tr\\\/wp-content\\\/uploads\\\/sites\\\/6\\\/2021\\\/02\\\/TBMM.jpg\",\"width\":770,\"height\":509},{\"@type\":\"BreadcrumbList\",\"@id\":\"https:\\\/\\\/akunq.net\\\/tr\\\/?p=61645#breadcrumb\",\"itemListElement\":[{\"@type\":\"ListItem\",\"position\":1,\"name\":\"Home\",\"item\":\"https:\\\/\\\/akunq.net\\\/tr\"},{\"@type\":\"ListItem\",\"position\":2,\"name\":\"Dokunulmazl\u0131\u011f\u0131n kald\u0131r\u0131lmas\u0131na ili\u015fkin 33 farkl\u0131 fezleke Meclis\u2019te\"}]},{\"@type\":\"WebSite\",\"@id\":\"https:\\\/\\\/akunq.net\\\/tr\\\/#website\",\"url\":\"https:\\\/\\\/akunq.net\\\/tr\\\/\",\"name\":\"Bati Ermenistan Ve Bati Ermenileri Sorunlari Ara\u015ftirmalar Merkezi\",\"description\":\"\",\"potentialAction\":[{\"@type\":\"SearchAction\",\"target\":{\"@type\":\"EntryPoint\",\"urlTemplate\":\"https:\\\/\\\/akunq.net\\\/tr\\\/?s={search_term_string}\"},\"query-input\":{\"@type\":\"PropertyValueSpecification\",\"valueRequired\":true,\"valueName\":\"search_term_string\"}}],\"inLanguage\":\"en-US\"},{\"@type\":\"Person\",\"@id\":\"https:\\\/\\\/akunq.net\\\/tr\\\/#\\\/schema\\\/person\\\/096f1d38a12cce57fb855b485ed24c9e\",\"name\":\"admin\",\"url\":\"https:\\\/\\\/akunq.net\\\/tr\\\/?author=7\"}]}<\/script>\n<!-- \/ Yoast SEO plugin. -->","yoast_head_json":{"title":"Dokunulmazl\u0131\u011f\u0131n kald\u0131r\u0131lmas\u0131na ili\u015fkin 33 farkl\u0131 fezleke Meclis\u2019te - Bati Ermenistan Ve Bati Ermenileri Sorunlari Ara\u015ftirmalar Merkezi","robots":{"index":"index","follow":"follow","max-snippet":"max-snippet:-1","max-image-preview":"max-image-preview:large","max-video-preview":"max-video-preview:-1"},"canonical":"https:\/\/akunq.net\/tr\/?p=61645","og_locale":"en_US","og_type":"article","og_title":"Dokunulmazl\u0131\u011f\u0131n kald\u0131r\u0131lmas\u0131na ili\u015fkin 33 farkl\u0131 fezleke Meclis\u2019te - Bati Ermenistan Ve Bati Ermenileri Sorunlari Ara\u015ftirmalar Merkezi","og_description":"TBMM Ba\u015fkan\u0131 Mustafa \u015eentop, milletvekilli\u011fi dokunulmazl\u0131\u011f\u0131n\u0131n kald\u0131r\u0131lmas\u0131na ili\u015fkin 33 farkl\u0131 fezlekenin d\u00fcn ak\u015fam itibariyle Meclis\u2019e geldi\u011fini bildirdi. \u015eentop, Meclis\u2019te gazetecilerin sorular\u0131n\u0131 yan\u0131tlad\u0131. \u015eentop, bir soru \u00fczerine, milletvekilli\u011fi dokunulmazl\u0131\u011f\u0131n\u0131n kald\u0131r\u0131lmas\u0131yla ilgili fezleke haz\u0131rlananlar i\u00e7inde HDP milletvekillerinin de bulundu\u011funu s\u00f6yledi. HDP Kocaeli Milletvekili \u00d6mer Faruk Gergerlio\u011flu hakk\u0131nda bir fezlekenin gelip gelmedi\u011fi sorusuna kar\u015f\u0131l\u0131k \u015eentop, bu konuda hen\u00fcz [&hellip;]","og_url":"https:\/\/akunq.net\/tr\/?p=61645","og_site_name":"Bati Ermenistan Ve Bati Ermenileri Sorunlari Ara\u015ftirmalar Merkezi","article_published_time":"2021-02-25T07:32:36+00:00","og_image":[{"width":770,"height":509,"url":"https:\/\/akunq.net\/tr\/wp-content\/uploads\/sites\/6\/2021\/02\/TBMM.jpg","type":"image\/jpeg"}],"author":"admin","twitter_card":"summary_large_image","twitter_misc":{"Written by":"admin","Est. reading time":"1 minute"},"schema":{"@context":"https:\/\/schema.org","@graph":[{"@type":"Article","@id":"https:\/\/akunq.net\/tr\/?p=61645#article","isPartOf":{"@id":"https:\/\/akunq.net\/tr\/?p=61645"},"author":{"name":"admin","@id":"https:\/\/akunq.net\/tr\/#\/schema\/person\/096f1d38a12cce57fb855b485ed24c9e"},"headline":"Dokunulmazl\u0131\u011f\u0131n kald\u0131r\u0131lmas\u0131na ili\u015fkin 33 farkl\u0131 fezleke Meclis\u2019te","datePublished":"2021-02-25T07:32:36+00:00","mainEntityOfPage":{"@id":"https:\/\/akunq.net\/tr\/?p=61645"},"wordCount":268,"commentCount":0,"image":{"@id":"https:\/\/akunq.net\/tr\/?p=61645#primaryimage"},"thumbnailUrl":"https:\/\/akunq.net\/tr\/wp-content\/uploads\/sites\/6\/2021\/02\/TBMM.jpg","articleSection":["Haberler"],"inLanguage":"en-US","potentialAction":[{"@type":"CommentAction","name":"Comment","target":["https:\/\/akunq.net\/tr\/?p=61645#respond"]}]},{"@type":"WebPage","@id":"https:\/\/akunq.net\/tr\/?p=61645","url":"https:\/\/akunq.net\/tr\/?p=61645","name":"Dokunulmazl\u0131\u011f\u0131n kald\u0131r\u0131lmas\u0131na ili\u015fkin 33 farkl\u0131 fezleke Meclis\u2019te - Bati Ermenistan Ve Bati Ermenileri Sorunlari Ara\u015ftirmalar Merkezi","isPartOf":{"@id":"https:\/\/akunq.net\/tr\/#website"},"primaryImageOfPage":{"@id":"https:\/\/akunq.net\/tr\/?p=61645#primaryimage"},"image":{"@id":"https:\/\/akunq.net\/tr\/?p=61645#primaryimage"},"thumbnailUrl":"https:\/\/akunq.net\/tr\/wp-content\/uploads\/sites\/6\/2021\/02\/TBMM.jpg","datePublished":"2021-02-25T07:32:36+00:00","author":{"@id":"https:\/\/akunq.net\/tr\/#\/schema\/person\/096f1d38a12cce57fb855b485ed24c9e"},"breadcrumb":{"@id":"https:\/\/akunq.net\/tr\/?p=61645#breadcrumb"},"inLanguage":"en-US","potentialAction":[{"@type":"ReadAction","target":["https:\/\/akunq.net\/tr\/?p=61645"]}]},{"@type":"ImageObject","inLanguage":"en-US","@id":"https:\/\/akunq.net\/tr\/?p=61645#primaryimage","url":"https:\/\/akunq.net\/tr\/wp-content\/uploads\/sites\/6\/2021\/02\/TBMM.jpg","contentUrl":"https:\/\/akunq.net\/tr\/wp-content\/uploads\/sites\/6\/2021\/02\/TBMM.jpg","width":770,"height":509},{"@type":"BreadcrumbList","@id":"https:\/\/akunq.net\/tr\/?p=61645#breadcrumb","itemListElement":[{"@type":"ListItem","position":1,"name":"Home","item":"https:\/\/akunq.net\/tr"},{"@type":"ListItem","position":2,"name":"Dokunulmazl\u0131\u011f\u0131n kald\u0131r\u0131lmas\u0131na ili\u015fkin 33 farkl\u0131 fezleke Meclis\u2019te"}]},{"@type":"WebSite","@id":"https:\/\/akunq.net\/tr\/#website","url":"https:\/\/akunq.net\/tr\/","name":"Bati Ermenistan Ve Bati Ermenileri Sorunlari Ara\u015ftirmalar Merkezi","description":"","potentialAction":[{"@type":"SearchAction","target":{"@type":"EntryPoint","urlTemplate":"https:\/\/akunq.net\/tr\/?s={search_term_string}"},"query-input":{"@type":"PropertyValueSpecification","valueRequired":true,"valueName":"search_term_string"}}],"inLanguage":"en-US"},{"@type":"Person","@id":"https:\/\/akunq.net\/tr\/#\/schema\/person\/096f1d38a12cce57fb855b485ed24c9e","name":"admin","url":"https:\/\/akunq.net\/tr\/?author=7"}]}},"_links":{"self":[{"href":"https:\/\/akunq.net\/tr\/index.php?rest_route=\/wp\/v2\/posts\/61645","targetHints":{"allow":["GET"]}}],"collection":[{"href":"https:\/\/akunq.net\/tr\/index.php?rest_route=\/wp\/v2\/posts"}],"about":[{"href":"https:\/\/akunq.net\/tr\/index.php?rest_route=\/wp\/v2\/types\/post"}],"author":[{"embeddable":true,"href":"https:\/\/akunq.net\/tr\/index.php?rest_route=\/wp\/v2\/users\/7"}],"replies":[{"embeddable":true,"href":"https:\/\/akunq.net\/tr\/index.php?rest_route=%2Fwp%2Fv2%2Fcomments&post=61645"}],"version-history":[{"count":1,"href":"https:\/\/akunq.net\/tr\/index.php?rest_route=\/wp\/v2\/posts\/61645\/revisions"}],"predecessor-version":[{"id":61647,"href":"https:\/\/akunq.net\/tr\/index.php?rest_route=\/wp\/v2\/posts\/61645\/revisions\/61647"}],"wp:featuredmedia":[{"embeddable":true,"href":"https:\/\/akunq.net\/tr\/index.php?rest_route=\/wp\/v2\/media\/61646"}],"wp:attachment":[{"href":"https:\/\/akunq.net\/tr\/index.php?rest_route=%2Fwp%2Fv2%2Fmedia&parent=61645"}],"wp:term":[{"taxonomy":"category","embeddable":true,"href":"https:\/\/akunq.net\/tr\/index.php?rest_route=%2Fwp%2Fv2%2Fcategories&post=61645"},{"taxonomy":"post_tag","embeddable":true,"href":"https:\/\/akunq.net\/tr\/index.php?rest_route=%2Fwp%2Fv2%2Ftags&post=61645"}],"curies":[{"name":"wp","href":"https:\/\/api.w.org\/{rel}","templated":true}]}}