{"id":61635,"date":"2021-02-24T04:13:20","date_gmt":"2021-02-24T09:13:20","guid":{"rendered":"https:\/\/akunq.net\/tr\/?p=61635"},"modified":"2021-02-24T04:13:20","modified_gmt":"2021-02-24T09:13:20","slug":"varligimizin-izleri","status":"publish","type":"post","link":"https:\/\/akunq.net\/tr\/?p=61635","title":{"rendered":"Varl\u0131\u011f\u0131m\u0131z\u0131n \u0130zleri"},"content":{"rendered":"<p><img loading=\"lazy\" decoding=\"async\" class=\"aligncenter size-medium wp-image-61636\" src=\"https:\/\/akunq.net\/tr\/wp-content\/uploads\/2021\/02\/Dersim-Ermenileri-360x208.jpeg\" alt=\"\" width=\"360\" height=\"208\" srcset=\"https:\/\/akunq.net\/tr\/wp-content\/uploads\/sites\/6\/2021\/02\/Dersim-Ermenileri-360x208.jpeg 360w, https:\/\/akunq.net\/tr\/wp-content\/uploads\/sites\/6\/2021\/02\/Dersim-Ermenileri-768x444.jpeg 768w, https:\/\/akunq.net\/tr\/wp-content\/uploads\/sites\/6\/2021\/02\/Dersim-Ermenileri-560x324.jpeg 560w, https:\/\/akunq.net\/tr\/wp-content\/uploads\/sites\/6\/2021\/02\/Dersim-Ermenileri-260x150.jpeg 260w, https:\/\/akunq.net\/tr\/wp-content\/uploads\/sites\/6\/2021\/02\/Dersim-Ermenileri-160x93.jpeg 160w, https:\/\/akunq.net\/tr\/wp-content\/uploads\/sites\/6\/2021\/02\/Dersim-Ermenileri.jpeg 800w\" sizes=\"auto, (max-width: 360px) 100vw, 360px\" \/><\/p>\n<p class=\"post-title\"><strong>Rag\u0131p Zarakolu<\/strong><\/p>\n<p><em><strong>Dersimli Miran\u2019\u0131n yapt\u0131\u011f\u0131 i\u015f de tam bir challenge. Kitab\u0131n\u0131n alt ba\u015fl\u0131\u011f\u0131 \u2018Dersim Ermenilerinin \u00d6ze D\u00f6n\u00fc\u015f Hik\u00e2yesi.\u2019 Miran da i\u015fte tam bunun \u00f6yk\u00fcs\u00fcn\u00fc anlat\u0131yor.<\/strong><\/em><\/p>\n<p>Stockholm. Ay\u015fe Nur\u2019un 1993 y\u0131l\u0131nda, tam ilan edilmemi\u015f \u015fiddetli bir \u00e7at\u0131\u015fman\u0131n ya\u015fand\u0131\u011f\u0131 bir ortamda Yves Ternon\u2019un \u201cErmeni Tabusu\u201dnu yay\u0131mlamas\u0131 bir challenge idi. Meydan okuma diye terc\u00fcme edebiliriz.(*) 1990 y\u0131l\u0131nda OHAL alt\u0131nda \u0130smail Be\u015fik\u00e7i\u2019nin kitaplar\u0131n\u0131n yay\u0131mlanmas\u0131 da bir challenge idi.<\/p>\n<p>Ermeni Tabusu\u2019nun yay\u0131mlanmas\u0131ndan sonra Ermeni toplumundan sadece 4 ki\u015fi Belge\u2019ye u\u011frayacakt\u0131. Kirkor Koluk\u0131sa, Sarkis \u00c7erkeso\u011flu, Sarkis Seropyan ve Hrant Dink. \u0130stanbul Ermeni toplumu, diasporadakiler dahil, hep beladan uzak durmaya \u00e7al\u0131\u015fm\u0131\u015ft\u0131r. Bu da anla\u015f\u0131labilir bir tav\u0131r. Sa\u011f kalman\u0131n bedeli de denilebilir buna.<\/p>\n<p>Tekirda\u011fl\u0131 Kirkor Koluk\u0131sa\u2019n\u0131n ayakkab\u0131 malzemesi satan bir d\u00fckk\u00e2n\u0131 vard\u0131, Kapal\u0131\u00e7ar\u015f\u0131\u2019n\u0131n alt kap\u0131lar\u0131ndan birinin hemen a\u015fa\u011f\u0131s\u0131nda. Sarkis \u00c7erkeso\u011flu\u2019nun Kumkap\u0131\/Gedikpa\u015fa aras\u0131nda bir marangozhanesi vard\u0131. 1968 y\u0131l\u0131nda T\u0130P Emin\u00f6n\u00fc \u0130l\u00e7esinde tan\u0131m\u0131\u015ft\u0131m onu. 1971 darbesinden sonra ba\u011f\u0131m\u0131z kopmu\u015ftu. Yves Ternon sayesinde yeniden bulu\u015fmu\u015ftuk onunla. Sarkis Seropyan\u2019\u0131n Kumkap\u0131\u2019da buzdolab\u0131 tamirhanesi vard\u0131. F\u0131rat (Hrant) Dink ise karde\u015fleri ile kitap\u00e7\u0131l\u0131k yap\u0131yordu. Ay\u015fe Nur 80\u2019li y\u0131llar\u0131n ilk yar\u0131s\u0131nda bu kitapevlerinin a\u00e7\u0131l\u0131\u015f\u0131na destek vermi\u015fti Kitap\u00e7\u0131l\u0131k Ltd. \u015eirketinin y\u00f6neticisi oldu\u011fu s\u0131rada.<\/p>\n<p>Ermeni Tabusu \u00e7\u0131kt\u0131\u011f\u0131nda, T\u00fcrk\u00e7e \u00e7\u0131kan ama K\u00fcrt sorununu cesaretle g\u00fcndeme ta\u015f\u0131yan \u00d6zg\u00fcr G\u00fcndem gazetesi 2. y\u0131l\u0131n\u0131 doldurmaktayd\u0131. Sorumlu yaz\u0131 i\u015fleri m\u00fcd\u00fcr\u00fc I\u015f\u0131k Yurt\u00e7u\u2019nun \u00f6nerisi \u00fczerine k\u00f6\u015fe yazmaya ba\u015flam\u0131\u015ft\u0131m. I\u015f\u0131k Yurt\u00e7u ile Demokrat gazetesinde beraberdik 1980 y\u0131l\u0131nda.<\/p>\n<p>Gazetenin kap\u0131s\u0131nda Dersimli Selahattin ile tan\u0131\u015fm\u0131\u015ft\u0131m. Dersim\u2019de Ermeniler konusuna de\u011findi\u011fimizi hat\u0131rl\u0131yorum. \u0130ki Sarkis ile de ba\u011f\u0131 vard\u0131. Seropyan\u2019\u0131n yan\u0131nda \u00e7\u0131rakl\u0131k yapm\u0131\u015ft\u0131. \u00c7erkeso\u011flu\u2019nun Kumkap\u0131\u2019daki evine de tak\u0131l\u0131rd\u0131.<\/p>\n<p>\u00d6zg\u00fcr G\u00fcndem\u2019i kapatan maalesef devlet olmad\u0131. \u201cSerok sinirlenmi\u015f!\u201d de ondan kapand\u0131. Ama daha sonra \u00d6zg\u00fcr \u00dclke \u00e7\u0131kmaya ba\u015flad\u0131 Kad\u0131rga\u2019da ayn\u0131 binada. Selahattin ile yine laflard\u0131k, \u00e7ay\u0131n\u0131 i\u00e7erken.<\/p>\n<p><strong>2015, Hozat\u2019ta 24 Nisan anmas\u0131<\/strong><\/p>\n<p>Ternon\u2019u yay\u0131mlad\u0131ktan sonra birka\u00e7 kez bomba tehdidi ald\u0131 Ay\u015fe Nur. Ve 3 Aral\u0131k 1994 gecesi yay\u0131nevi, \u00d6zg\u00fcr \u00dclke ve Welat ofisleri ile birlikte bombaland\u0131. Anla\u015f\u0131lan ayr\u0131 ayr\u0131 u\u011fra\u015facaklar\u0131na, bir anda i\u015fi bitirmeye karar vermi\u015fler! Daha sonra resmi Susurluk Raporu\u2019nda bu i\u015fte \u00c7iller H\u00fck\u00fcmetinin sorumlulu\u011fu oldu\u011fu kabul edilecekti. Cesur Avukat\u0131m\u0131z Kemal Kele\u015fo\u011flu, bu rapora dayanarak, aradan 9 y\u0131l ge\u00e7se de, \u0130dare Mahkemesinden y\u00fckl\u00fc olmasa da makul bir tazminat alacakt\u0131.<\/p>\n<p>Bunlar\u0131 bana Miran P\u0131rgi\u00e7\u2019in yani Selahattin\u2019in \u201cVarl\u0131\u011f\u0131m\u0131z\u0131n \u0130zleri\u201d adl\u0131, Ermenice\/T\u00fcrk\u00e7e iki dilli yeni \u00e7\u0131kan kitab\u0131 hat\u0131rlatt\u0131. Dersimli Miran\u2019\u0131n yapt\u0131\u011f\u0131 i\u015f de tam bir challenge. Kitab\u0131n\u0131n alt ba\u015fl\u0131\u011f\u0131 \u201cDersim Ermenilerinin \u00d6ze D\u00f6n\u00fc\u015f Hik\u00e2yesi.\u201d(**) Miran da i\u015fte tam bunun \u00f6yk\u00fcs\u00fcn\u00fc anlat\u0131yor.<\/p>\n<p>Kitapta bir\u00e7ok eksiklik, tekrar, karma\u015f\u0131k d\u00fczenleme bulabilirsiniz, ama b\u00fct\u00fcn bunlar\u0131n hi\u00e7bir \u00f6nemi yok. Art\u0131k bunu derinlemesine ara\u015ft\u0131racak \u00e7ok say\u0131da gen\u00e7 akademisyenimiz var \u00fclke i\u00e7inde ve d\u0131\u015f\u0131nda.<\/p>\n<p>\u0130\u015fte M\u0131ran P\u0131rgi\u00e7 de K\u00fcrt ve Ermeni alemini \u00e7alkalayan kendi \u00f6ze d\u00f6n\u00fc\u015f hik\u00e2yesi ile meydan okuyucu bir i\u015f yapt\u0131.<\/p>\n<p>Ermeni Tabusu\u2019nun bir T\u00fcrk yay\u0131nevi taraf\u0131ndan yay\u0131mlan\u0131\u015f\u0131, d\u00fcnya Ermeni toplumunda b\u00fcy\u00fck yank\u0131 yaratm\u0131\u015ft\u0131. Bunu en iyi bilenlerden biri doktor Hermon\u2019un o\u011flu Raffi\u2019dir.<\/p>\n<p>Dersimli Miran P\u0131g\u0131\u00e7\u2019in Ermeni kimli\u011fine d\u00f6n\u00fc\u015f\u00fc de d\u00fcnya Ermeni toplumunda b\u00fcy\u00fck yank\u0131 buldu. Dersim\u2019e adeta bir Hay ak\u0131n\u0131 oldu. Festivallerde birlikte dans edildi. \u00c7evirmen dostum Diran Lokmag\u00f6zyan\u2019\u0131n ayn\u0131 kitap i\u00e7inde yer alan Dersim izlenimlerini b\u00fcy\u00fck keyifle okudum. Dersim festivallerinin tad\u0131n\u0131 ald\u0131m. Kitapta Ermeni k\u00f6ylerinin, kilise, manast\u0131r ve mezarl\u0131klar\u0131n\u0131n listesinin yer almas\u0131 da \u00e7ok ayd\u0131nlat\u0131c\u0131.<\/p>\n<p><strong>2015, Dersimlilerin Tsitsernakaberd ziyareti<\/strong><\/p>\n<p>Karma evlilikler nedeniyle de Ermenili\u011fin, S\u00fcryanili\u011fin, K\u00fcrtl\u00fc\u011f\u00fcn, Zazal\u0131\u011f\u0131n, Alevili\u011fin, M\u00fcsl\u00fcmanl\u0131\u011f\u0131n, Kemalistli\u011fin, Kom\u00fcnistli\u011fin ayn\u0131 aile yap\u0131s\u0131 i\u00e7inde izlerini bulabilece\u011finiz Dersim d\u0131\u015f\u0131nda \u00e7ok fazla \u00f6rnek yok herhalde.<\/p>\n<p>Hey gidi Dersim! Dersim bir halklar ve inan\u00e7lar c\u00fcmb\u00fc\u015f\u00fcd\u00fcr. Bir siyasetler c\u00fcmb\u00fc\u015f\u00fcd\u00fcr ayn\u0131 zamanda. Sol siyasetin her rengi yans\u0131m\u0131\u015ft\u0131r oraya. HDP\u2019li, EMEP\u2019li, emaneten TKP\u2019li\/\u0130bocu belediye ba\u015fkan\u0131 bulabilece\u011finiz tek y\u00f6redir.<\/p>\n<p>Miran\u2019\u0131n ya\u015fam \u00f6yk\u00fcs\u00fcnde bu \u00e7ok renkli siyasili\u011fin izlerini de bulabiliyorsunuz.<\/p>\n<p>Dersim hep zor ula\u015f\u0131lan bir yer olmu\u015ftur. 1971 \u00f6ncesi Hakkarilere, Vanlara, Diyarbak\u0131r, Siverek, Erganilere gitmi\u015ftim ama Dersim\u2019e gidememek i\u00e7ime dert olmu\u015ftu. Mutluyum, Ay\u015fe Nur gidebilmi\u015fti oraya, benden \u00f6nce.<\/p>\n<p>Onun i\u00e7in orada OHAL kalkar kalkmaz, At\u0131l\u0131m Gazetesi\u2019nin orada ilk halka a\u00e7\u0131k bir k\u00fclt\u00fcr gecesi d\u00fczenlemesine izin verdi\u011finde, kendimi orada bulmu\u015ftum. Yol kontrolleri bitmez orada. Elbette Elaz\u0131\u011f\u2019dan kendimi minib\u00fcse at\u0131p Dersim yoluna d\u00fc\u015ft\u00fc\u011f\u00fcmde, \u201cs\u0131n\u0131r\u201d yol kontrol\u00fcnde tak\u0131lan tek ki\u015fi ben olmu\u015ftum. Neyse engellememi\u015flerdi. Hakkari gibi oran\u0131n da do\u011fas\u0131na a\u015f\u0131k olup, Ovac\u0131k G\u00f6zelerine, Munzur ve P\u00fcl\u00fcm\u00fcr\u2019e hayran kalacak, y\u00fczecektim Zap gibi. La\u015f Deresinde, Halbori u\u00e7urumunda i\u00e7im \u00fcrperecekti, \u00e7\u0131\u011fl\u0131klar\u0131n b\u0131rakt\u0131\u011f\u0131 monok\u00fclleri hissedecektim benli\u011fimde. Ahdim vard\u0131 bir k\u0131\u015f\u0131 Dersim k\u0131rsal\u0131nda ge\u00e7irmeye. Kim bilir bir g\u00fcn?<\/p>\n<p><strong>2014 Dersim Festivali i\u00e7in yap\u0131lan afi\u015f<\/strong><\/p>\n<p>(*) Bana Orta 2\u2019de \u0130ngilizcenin kap\u0131s\u0131n\u0131 a\u00e7an Limosollu Naci\u2019nin s\u00f6zl\u00fc\u011f\u00fc bir \u00e7ok anlam\u0131 i\u00e7inde bar\u0131nd\u0131ran challenge\u2019\u0131 \u015f\u00f6yle tan\u0131ml\u0131yor: meydan okuma; m\u00fccadeleye davet; bir konuda a\u00e7\u0131klama yapmaya \u00e7a\u011f\u0131rma; n\u00f6bet\u00e7inin dur emri veya kimlik sormas\u0131; hodri meydan demek; itiraz etmek; kokuyu bulunca havlamak (av k\u00f6pe\u011fi i\u00e7in), hakim ve j\u00fcriyi reddetme; d\u00fcelloya davet etmek. T\u00fcrkiye\u2019de tabular\u0131 tart\u0131\u015fmaya a\u00e7mak, ger\u00e7ekten challange kelimesinin b\u00fct\u00fcn bu anlamlar\u0131n\u0131 i\u00e7inde bar\u0131nd\u0131r\u0131yor.<\/p>\n<p><em>(**) Miran P\u0131rgi\u00e7, Varl\u0131\u011f\u0131m\u0131z\u0131n \u0130zleri \/Dersim Ermenilerinin \u00d6ze D\u00f6n\u00fc\u015f Hikayesi, P\u0131rgi\u00e7 Yay., \u0130stanbul 2020.<\/em><\/p>\n<p><em><strong>https:\/\/artigercek.com\/yazarlar\/ragipzarakolu\/varligimizin-izleri\u00a0<\/strong><\/em><\/p>\n","protected":false},"excerpt":{"rendered":"<p>Rag\u0131p Zarakolu Dersimli Miran\u2019\u0131n yapt\u0131\u011f\u0131 i\u015f de tam bir challenge. Kitab\u0131n\u0131n alt ba\u015fl\u0131\u011f\u0131 \u2018Dersim Ermenilerinin \u00d6ze D\u00f6n\u00fc\u015f Hik\u00e2yesi.\u2019 Miran da i\u015fte tam bunun \u00f6yk\u00fcs\u00fcn\u00fc anlat\u0131yor. Stockholm. Ay\u015fe Nur\u2019un 1993 y\u0131l\u0131nda, tam ilan edilmemi\u015f \u015fiddetli bir \u00e7at\u0131\u015fman\u0131n ya\u015fand\u0131\u011f\u0131 bir ortamda Yves Ternon\u2019un \u201cErmeni Tabusu\u201dnu yay\u0131mlamas\u0131 bir challenge idi. Meydan okuma diye terc\u00fcme edebiliriz.(*) 1990 y\u0131l\u0131nda OHAL [&hellip;]<\/p>\n","protected":false},"author":7,"featured_media":61636,"comment_status":"open","ping_status":"open","sticky":false,"template":"","format":"standard","meta":{"footnotes":""},"categories":[21,1,54,70],"tags":[],"class_list":["post-61635","post","type-post","status-publish","format-standard","has-post-thumbnail","hentry","category-gunumuzde-bati-ermenileri","category-haberler","category-kitaplar-elestiriler","category-makaleler"],"yoast_head":"<!-- This site is optimized with the Yoast SEO plugin v27.4 - https:\/\/yoast.com\/product\/yoast-seo-wordpress\/ -->\n<title>Varl\u0131\u011f\u0131m\u0131z\u0131n \u0130zleri - Bati Ermenistan Ve Bati Ermenileri Sorunlari Ara\u015ftirmalar Merkezi<\/title>\n<meta name=\"robots\" content=\"index, follow, max-snippet:-1, max-image-preview:large, max-video-preview:-1\" \/>\n<link rel=\"canonical\" href=\"https:\/\/akunq.net\/tr\/?p=61635\" \/>\n<meta property=\"og:locale\" content=\"en_US\" \/>\n<meta property=\"og:type\" content=\"article\" \/>\n<meta property=\"og:title\" content=\"Varl\u0131\u011f\u0131m\u0131z\u0131n \u0130zleri - Bati Ermenistan Ve Bati Ermenileri Sorunlari Ara\u015ftirmalar Merkezi\" \/>\n<meta property=\"og:description\" content=\"Rag\u0131p Zarakolu Dersimli Miran\u2019\u0131n yapt\u0131\u011f\u0131 i\u015f de tam bir challenge. Kitab\u0131n\u0131n alt ba\u015fl\u0131\u011f\u0131 \u2018Dersim Ermenilerinin \u00d6ze D\u00f6n\u00fc\u015f Hik\u00e2yesi.\u2019 Miran da i\u015fte tam bunun \u00f6yk\u00fcs\u00fcn\u00fc anlat\u0131yor. Stockholm. Ay\u015fe Nur\u2019un 1993 y\u0131l\u0131nda, tam ilan edilmemi\u015f \u015fiddetli bir \u00e7at\u0131\u015fman\u0131n ya\u015fand\u0131\u011f\u0131 bir ortamda Yves Ternon\u2019un \u201cErmeni Tabusu\u201dnu yay\u0131mlamas\u0131 bir challenge idi. Meydan okuma diye terc\u00fcme edebiliriz.(*) 1990 y\u0131l\u0131nda OHAL [&hellip;]\" \/>\n<meta property=\"og:url\" content=\"https:\/\/akunq.net\/tr\/?p=61635\" \/>\n<meta property=\"og:site_name\" content=\"Bati Ermenistan Ve Bati Ermenileri Sorunlari Ara\u015ftirmalar Merkezi\" \/>\n<meta property=\"article:published_time\" content=\"2021-02-24T09:13:20+00:00\" \/>\n<meta property=\"og:image\" content=\"https:\/\/akunq.net\/tr\/wp-content\/uploads\/sites\/6\/2021\/02\/Dersim-Ermenileri.jpeg\" \/>\n\t<meta property=\"og:image:width\" content=\"800\" \/>\n\t<meta property=\"og:image:height\" content=\"463\" \/>\n\t<meta property=\"og:image:type\" content=\"image\/jpeg\" \/>\n<meta name=\"author\" content=\"admin\" \/>\n<meta name=\"twitter:card\" content=\"summary_large_image\" \/>\n<meta name=\"twitter:label1\" content=\"Written by\" \/>\n\t<meta name=\"twitter:data1\" content=\"admin\" \/>\n\t<meta name=\"twitter:label2\" content=\"Est. reading time\" \/>\n\t<meta name=\"twitter:data2\" content=\"6 minutes\" \/>\n<script type=\"application\/ld+json\" class=\"yoast-schema-graph\">{\"@context\":\"https:\\\/\\\/schema.org\",\"@graph\":[{\"@type\":\"Article\",\"@id\":\"https:\\\/\\\/akunq.net\\\/tr\\\/?p=61635#article\",\"isPartOf\":{\"@id\":\"https:\\\/\\\/akunq.net\\\/tr\\\/?p=61635\"},\"author\":{\"name\":\"admin\",\"@id\":\"https:\\\/\\\/akunq.net\\\/tr\\\/#\\\/schema\\\/person\\\/096f1d38a12cce57fb855b485ed24c9e\"},\"headline\":\"Varl\u0131\u011f\u0131m\u0131z\u0131n \u0130zleri\",\"datePublished\":\"2021-02-24T09:13:20+00:00\",\"mainEntityOfPage\":{\"@id\":\"https:\\\/\\\/akunq.net\\\/tr\\\/?p=61635\"},\"wordCount\":1134,\"commentCount\":0,\"image\":{\"@id\":\"https:\\\/\\\/akunq.net\\\/tr\\\/?p=61635#primaryimage\"},\"thumbnailUrl\":\"https:\\\/\\\/akunq.net\\\/tr\\\/wp-content\\\/uploads\\\/sites\\\/6\\\/2021\\\/02\\\/Dersim-Ermenileri.jpeg\",\"articleSection\":[\"G\u00fcn\u00fcm\u00fczde Bat\u0131 Ermenileri\",\"Haberler\",\"Kitaplar-Ele\u015ftiriler\",\"Makaleler\"],\"inLanguage\":\"en-US\",\"potentialAction\":[{\"@type\":\"CommentAction\",\"name\":\"Comment\",\"target\":[\"https:\\\/\\\/akunq.net\\\/tr\\\/?p=61635#respond\"]}]},{\"@type\":\"WebPage\",\"@id\":\"https:\\\/\\\/akunq.net\\\/tr\\\/?p=61635\",\"url\":\"https:\\\/\\\/akunq.net\\\/tr\\\/?p=61635\",\"name\":\"Varl\u0131\u011f\u0131m\u0131z\u0131n \u0130zleri - Bati Ermenistan Ve Bati Ermenileri Sorunlari Ara\u015ftirmalar Merkezi\",\"isPartOf\":{\"@id\":\"https:\\\/\\\/akunq.net\\\/tr\\\/#website\"},\"primaryImageOfPage\":{\"@id\":\"https:\\\/\\\/akunq.net\\\/tr\\\/?p=61635#primaryimage\"},\"image\":{\"@id\":\"https:\\\/\\\/akunq.net\\\/tr\\\/?p=61635#primaryimage\"},\"thumbnailUrl\":\"https:\\\/\\\/akunq.net\\\/tr\\\/wp-content\\\/uploads\\\/sites\\\/6\\\/2021\\\/02\\\/Dersim-Ermenileri.jpeg\",\"datePublished\":\"2021-02-24T09:13:20+00:00\",\"author\":{\"@id\":\"https:\\\/\\\/akunq.net\\\/tr\\\/#\\\/schema\\\/person\\\/096f1d38a12cce57fb855b485ed24c9e\"},\"breadcrumb\":{\"@id\":\"https:\\\/\\\/akunq.net\\\/tr\\\/?p=61635#breadcrumb\"},\"inLanguage\":\"en-US\",\"potentialAction\":[{\"@type\":\"ReadAction\",\"target\":[\"https:\\\/\\\/akunq.net\\\/tr\\\/?p=61635\"]}]},{\"@type\":\"ImageObject\",\"inLanguage\":\"en-US\",\"@id\":\"https:\\\/\\\/akunq.net\\\/tr\\\/?p=61635#primaryimage\",\"url\":\"https:\\\/\\\/akunq.net\\\/tr\\\/wp-content\\\/uploads\\\/sites\\\/6\\\/2021\\\/02\\\/Dersim-Ermenileri.jpeg\",\"contentUrl\":\"https:\\\/\\\/akunq.net\\\/tr\\\/wp-content\\\/uploads\\\/sites\\\/6\\\/2021\\\/02\\\/Dersim-Ermenileri.jpeg\",\"width\":800,\"height\":463},{\"@type\":\"BreadcrumbList\",\"@id\":\"https:\\\/\\\/akunq.net\\\/tr\\\/?p=61635#breadcrumb\",\"itemListElement\":[{\"@type\":\"ListItem\",\"position\":1,\"name\":\"Home\",\"item\":\"https:\\\/\\\/akunq.net\\\/tr\"},{\"@type\":\"ListItem\",\"position\":2,\"name\":\"Varl\u0131\u011f\u0131m\u0131z\u0131n \u0130zleri\"}]},{\"@type\":\"WebSite\",\"@id\":\"https:\\\/\\\/akunq.net\\\/tr\\\/#website\",\"url\":\"https:\\\/\\\/akunq.net\\\/tr\\\/\",\"name\":\"Bati Ermenistan Ve Bati Ermenileri Sorunlari Ara\u015ftirmalar Merkezi\",\"description\":\"\",\"potentialAction\":[{\"@type\":\"SearchAction\",\"target\":{\"@type\":\"EntryPoint\",\"urlTemplate\":\"https:\\\/\\\/akunq.net\\\/tr\\\/?s={search_term_string}\"},\"query-input\":{\"@type\":\"PropertyValueSpecification\",\"valueRequired\":true,\"valueName\":\"search_term_string\"}}],\"inLanguage\":\"en-US\"},{\"@type\":\"Person\",\"@id\":\"https:\\\/\\\/akunq.net\\\/tr\\\/#\\\/schema\\\/person\\\/096f1d38a12cce57fb855b485ed24c9e\",\"name\":\"admin\",\"url\":\"https:\\\/\\\/akunq.net\\\/tr\\\/?author=7\"}]}<\/script>\n<!-- \/ Yoast SEO plugin. -->","yoast_head_json":{"title":"Varl\u0131\u011f\u0131m\u0131z\u0131n \u0130zleri - Bati Ermenistan Ve Bati Ermenileri Sorunlari Ara\u015ftirmalar Merkezi","robots":{"index":"index","follow":"follow","max-snippet":"max-snippet:-1","max-image-preview":"max-image-preview:large","max-video-preview":"max-video-preview:-1"},"canonical":"https:\/\/akunq.net\/tr\/?p=61635","og_locale":"en_US","og_type":"article","og_title":"Varl\u0131\u011f\u0131m\u0131z\u0131n \u0130zleri - Bati Ermenistan Ve Bati Ermenileri Sorunlari Ara\u015ftirmalar Merkezi","og_description":"Rag\u0131p Zarakolu Dersimli Miran\u2019\u0131n yapt\u0131\u011f\u0131 i\u015f de tam bir challenge. Kitab\u0131n\u0131n alt ba\u015fl\u0131\u011f\u0131 \u2018Dersim Ermenilerinin \u00d6ze D\u00f6n\u00fc\u015f Hik\u00e2yesi.\u2019 Miran da i\u015fte tam bunun \u00f6yk\u00fcs\u00fcn\u00fc anlat\u0131yor. Stockholm. Ay\u015fe Nur\u2019un 1993 y\u0131l\u0131nda, tam ilan edilmemi\u015f \u015fiddetli bir \u00e7at\u0131\u015fman\u0131n ya\u015fand\u0131\u011f\u0131 bir ortamda Yves Ternon\u2019un \u201cErmeni Tabusu\u201dnu yay\u0131mlamas\u0131 bir challenge idi. Meydan okuma diye terc\u00fcme edebiliriz.(*) 1990 y\u0131l\u0131nda OHAL [&hellip;]","og_url":"https:\/\/akunq.net\/tr\/?p=61635","og_site_name":"Bati Ermenistan Ve Bati Ermenileri Sorunlari Ara\u015ftirmalar Merkezi","article_published_time":"2021-02-24T09:13:20+00:00","og_image":[{"width":800,"height":463,"url":"https:\/\/akunq.net\/tr\/wp-content\/uploads\/sites\/6\/2021\/02\/Dersim-Ermenileri.jpeg","type":"image\/jpeg"}],"author":"admin","twitter_card":"summary_large_image","twitter_misc":{"Written by":"admin","Est. reading time":"6 minutes"},"schema":{"@context":"https:\/\/schema.org","@graph":[{"@type":"Article","@id":"https:\/\/akunq.net\/tr\/?p=61635#article","isPartOf":{"@id":"https:\/\/akunq.net\/tr\/?p=61635"},"author":{"name":"admin","@id":"https:\/\/akunq.net\/tr\/#\/schema\/person\/096f1d38a12cce57fb855b485ed24c9e"},"headline":"Varl\u0131\u011f\u0131m\u0131z\u0131n \u0130zleri","datePublished":"2021-02-24T09:13:20+00:00","mainEntityOfPage":{"@id":"https:\/\/akunq.net\/tr\/?p=61635"},"wordCount":1134,"commentCount":0,"image":{"@id":"https:\/\/akunq.net\/tr\/?p=61635#primaryimage"},"thumbnailUrl":"https:\/\/akunq.net\/tr\/wp-content\/uploads\/sites\/6\/2021\/02\/Dersim-Ermenileri.jpeg","articleSection":["G\u00fcn\u00fcm\u00fczde Bat\u0131 Ermenileri","Haberler","Kitaplar-Ele\u015ftiriler","Makaleler"],"inLanguage":"en-US","potentialAction":[{"@type":"CommentAction","name":"Comment","target":["https:\/\/akunq.net\/tr\/?p=61635#respond"]}]},{"@type":"WebPage","@id":"https:\/\/akunq.net\/tr\/?p=61635","url":"https:\/\/akunq.net\/tr\/?p=61635","name":"Varl\u0131\u011f\u0131m\u0131z\u0131n \u0130zleri - Bati Ermenistan Ve Bati Ermenileri Sorunlari Ara\u015ftirmalar Merkezi","isPartOf":{"@id":"https:\/\/akunq.net\/tr\/#website"},"primaryImageOfPage":{"@id":"https:\/\/akunq.net\/tr\/?p=61635#primaryimage"},"image":{"@id":"https:\/\/akunq.net\/tr\/?p=61635#primaryimage"},"thumbnailUrl":"https:\/\/akunq.net\/tr\/wp-content\/uploads\/sites\/6\/2021\/02\/Dersim-Ermenileri.jpeg","datePublished":"2021-02-24T09:13:20+00:00","author":{"@id":"https:\/\/akunq.net\/tr\/#\/schema\/person\/096f1d38a12cce57fb855b485ed24c9e"},"breadcrumb":{"@id":"https:\/\/akunq.net\/tr\/?p=61635#breadcrumb"},"inLanguage":"en-US","potentialAction":[{"@type":"ReadAction","target":["https:\/\/akunq.net\/tr\/?p=61635"]}]},{"@type":"ImageObject","inLanguage":"en-US","@id":"https:\/\/akunq.net\/tr\/?p=61635#primaryimage","url":"https:\/\/akunq.net\/tr\/wp-content\/uploads\/sites\/6\/2021\/02\/Dersim-Ermenileri.jpeg","contentUrl":"https:\/\/akunq.net\/tr\/wp-content\/uploads\/sites\/6\/2021\/02\/Dersim-Ermenileri.jpeg","width":800,"height":463},{"@type":"BreadcrumbList","@id":"https:\/\/akunq.net\/tr\/?p=61635#breadcrumb","itemListElement":[{"@type":"ListItem","position":1,"name":"Home","item":"https:\/\/akunq.net\/tr"},{"@type":"ListItem","position":2,"name":"Varl\u0131\u011f\u0131m\u0131z\u0131n \u0130zleri"}]},{"@type":"WebSite","@id":"https:\/\/akunq.net\/tr\/#website","url":"https:\/\/akunq.net\/tr\/","name":"Bati Ermenistan Ve Bati Ermenileri Sorunlari Ara\u015ftirmalar Merkezi","description":"","potentialAction":[{"@type":"SearchAction","target":{"@type":"EntryPoint","urlTemplate":"https:\/\/akunq.net\/tr\/?s={search_term_string}"},"query-input":{"@type":"PropertyValueSpecification","valueRequired":true,"valueName":"search_term_string"}}],"inLanguage":"en-US"},{"@type":"Person","@id":"https:\/\/akunq.net\/tr\/#\/schema\/person\/096f1d38a12cce57fb855b485ed24c9e","name":"admin","url":"https:\/\/akunq.net\/tr\/?author=7"}]}},"_links":{"self":[{"href":"https:\/\/akunq.net\/tr\/index.php?rest_route=\/wp\/v2\/posts\/61635","targetHints":{"allow":["GET"]}}],"collection":[{"href":"https:\/\/akunq.net\/tr\/index.php?rest_route=\/wp\/v2\/posts"}],"about":[{"href":"https:\/\/akunq.net\/tr\/index.php?rest_route=\/wp\/v2\/types\/post"}],"author":[{"embeddable":true,"href":"https:\/\/akunq.net\/tr\/index.php?rest_route=\/wp\/v2\/users\/7"}],"replies":[{"embeddable":true,"href":"https:\/\/akunq.net\/tr\/index.php?rest_route=%2Fwp%2Fv2%2Fcomments&post=61635"}],"version-history":[{"count":1,"href":"https:\/\/akunq.net\/tr\/index.php?rest_route=\/wp\/v2\/posts\/61635\/revisions"}],"predecessor-version":[{"id":61637,"href":"https:\/\/akunq.net\/tr\/index.php?rest_route=\/wp\/v2\/posts\/61635\/revisions\/61637"}],"wp:featuredmedia":[{"embeddable":true,"href":"https:\/\/akunq.net\/tr\/index.php?rest_route=\/wp\/v2\/media\/61636"}],"wp:attachment":[{"href":"https:\/\/akunq.net\/tr\/index.php?rest_route=%2Fwp%2Fv2%2Fmedia&parent=61635"}],"wp:term":[{"taxonomy":"category","embeddable":true,"href":"https:\/\/akunq.net\/tr\/index.php?rest_route=%2Fwp%2Fv2%2Fcategories&post=61635"},{"taxonomy":"post_tag","embeddable":true,"href":"https:\/\/akunq.net\/tr\/index.php?rest_route=%2Fwp%2Fv2%2Ftags&post=61635"}],"curies":[{"name":"wp","href":"https:\/\/api.w.org\/{rel}","templated":true}]}}