{"id":61626,"date":"2021-02-24T03:35:01","date_gmt":"2021-02-24T08:35:01","guid":{"rendered":"https:\/\/akunq.net\/tr\/?p=61626"},"modified":"2021-02-24T03:35:01","modified_gmt":"2021-02-24T08:35:01","slug":"huda-parli-yapicioglu-kurtce-ikinci-resmi-dil-olmali","status":"publish","type":"post","link":"https:\/\/akunq.net\/tr\/?p=61626","title":{"rendered":"H\u00dcDA PAR\u2019l\u0131 Yap\u0131c\u0131o\u011flu: K\u00fcrt\u00e7e ikinci resmi dil olmal\u0131"},"content":{"rendered":"<p><img loading=\"lazy\" decoding=\"async\" class=\"aligncenter size-medium wp-image-61627\" src=\"https:\/\/akunq.net\/tr\/wp-content\/uploads\/2021\/02\/Ataturk-360x217.jpeg\" alt=\"\" width=\"360\" height=\"217\" srcset=\"https:\/\/akunq.net\/tr\/wp-content\/uploads\/sites\/6\/2021\/02\/Ataturk-360x217.jpeg 360w, https:\/\/akunq.net\/tr\/wp-content\/uploads\/sites\/6\/2021\/02\/Ataturk-560x338.jpeg 560w, https:\/\/akunq.net\/tr\/wp-content\/uploads\/sites\/6\/2021\/02\/Ataturk-260x157.jpeg 260w, https:\/\/akunq.net\/tr\/wp-content\/uploads\/sites\/6\/2021\/02\/Ataturk-160x96.jpeg 160w, https:\/\/akunq.net\/tr\/wp-content\/uploads\/sites\/6\/2021\/02\/Ataturk.jpeg 637w\" sizes=\"auto, (max-width: 360px) 100vw, 360px\" \/><\/p>\n<p><em><strong>H\u00dcDA PAR Genel Ba\u015fkan Vekili Zekeriya Yap\u0131c\u0131o\u011flu, \u201cK\u00fcrt\u00e7enin ikinci resmi dil olarak kabul edilmesi gerekir\u201d dedi.<\/strong><\/em><\/p>\n<p>K24 yay\u0131n\u0131na kat\u0131lan\u00a0<strong>H\u00fcr Dava Partisi<\/strong>\u00a0(H\u00dcDA PAR) Genel Ba\u015fkan Vekili\u00a0<strong>Zekeriya Yap\u0131c\u0131o\u011flu<\/strong>, T\u00fcrkiye Cumhurba\u015fkan\u0131 ve AK Parti Genel Ba\u015fkan\u0131 Recep Tayyip Erdo\u011fan\u2019\u0131n<strong>\u00a0yeni anayasa<\/strong>\u00a0konusundaki a\u00e7\u0131klamalar\u0131 hakk\u0131nda yapt\u0131\u011f\u0131 de\u011ferlendirmede \u015funlar\u0131 kaydetti:<\/p>\n<p>2012 y\u0131l\u0131nda H\u00fcr Dava Partisi\u2019ni kurdu\u011fumuzda, program\u0131m\u0131z\u0131n \u00f6nemli konular\u0131ndan birisi yeni anayasayd\u0131. T\u00fcrkiye\u2019de ya\u015fayan\u00a0<strong>K\u00fcrtler<\/strong>, T\u00fcrkler ve bu topraklarda ya\u015fayan ne kadar millet varsa onlar\u0131n iradesini i\u00e7erecek yeni bir anayasan\u0131n gereklili\u011finden s\u00f6z ediyorduk. Mevcut anayasa, 12 Eyl\u00fcl 1980\u2019de y\u00f6netimi ele ge\u00e7iren askeri cunta taraf\u0131ndan yaz\u0131ld\u0131. Biz yeni anayasa konusunda a\u00e7\u0131klama yapt\u0131\u011f\u0131m\u0131zda baz\u0131 taraflar, Cumhurba\u015fkan\u0131 Erdo\u011fan\u2019a destek verdi\u011fimizi iddia etti. Yapt\u0131\u011f\u0131m\u0131z \u00e7a\u011fr\u0131dan dokuz y\u0131l sonra Erdo\u011fan ad\u0131m att\u0131.\u201d<\/p>\n<p>AK Parti ile MHP\u2019nin ortakl\u0131\u011f\u0131nda yap\u0131lacak yeni anayasa konusuna da de\u011finen Yap\u0131c\u0131o\u011flu, \u201cE\u011fer yeni bir anayasa yap\u0131lacaksa, bu \u00fclkede ne kadar parti ve taraf varsa hepsinin ortak bir masada oturmas\u0131 gerekir. Elbette bu yuvarlak masada herkes fikrini s\u00f6yleyecektir. Her partinin ayn\u0131 noktada anla\u015fmas\u0131 gerekmiyor, ama herkes bulundu\u011fu yerden bir ad\u0131m atarsa di\u011ferlerinin de kabul edece\u011fi bir uzla\u015f\u0131 sa\u011flanabilir\u201d dedi.<\/p>\n<p>\u201cAncak MHP daha ba\u015f\u0131ndan itibaren anayasan\u0131n ilk d\u00f6rt maddesinin kendileri i\u00e7in k\u0131rm\u0131z\u0131 \u00e7izgi oldu\u011funu beyan etti\u201d diyen Yaz\u0131c\u0131o\u011flu, \u201cAK Parti de bu beyana destek verdi. Bu \u00e7ok tehlikeli bir durumdur. \u00d6yle g\u00f6steriyor ki bu \u00e7al\u0131\u015fma olumsuz neticelenebilir\u201d \u015feklinde konu\u015ftu.<\/p>\n<p><strong>\u201cMEVCUT ANAYASA ANAD\u0130LDE E\u011e\u0130T\u0130ME YER VERM\u0130YOR\u201d<\/strong><\/p>\n<p>K\u00fcrt sorunu ve anadil konusunda H\u00dcDA PAR\u2019\u0131n siyasi anlay\u0131\u015f\u0131yla ilgili soruya da yan\u0131t veren Zekeriya Yap\u0131c\u0131o\u011flu, \u015funlar\u0131 ifade etti:<\/p>\n<p>\u201cYeni anayasa \u00e7al\u0131\u015fmalar\u0131nda \u2018\u015funu de\u011fi\u015ftiremeyiz\u2019 gibi bir ifade yer almamal\u0131d\u0131r. D\u00f6rt madde \u00fczerinde yap\u0131lan anla\u015fmalar da milliyet\u00e7ilik \u00fczerinedir. Dolay\u0131s\u0131yla yap\u0131lacak yeni anayasada K\u00fcrt sorunun \u00e7\u00f6z\u00fcm\u00fcne de de\u011finilmelidir. Baz\u0131 \u00f6nerilerimiz var:\u00a0<strong>K\u00fcrt kimli\u011fi<\/strong>nin tan\u0131nmas\u0131 anayasada yer almal\u0131d\u0131r. \u00c7\u00fcnk\u00fc K\u00fcrtler de T\u00fcrkler gibi bu cumhuriyetin kurucu unsurlar\u0131ndand\u0131r.\u00a0<strong>K\u00fcrt dili<\/strong>\u00a0\u00f6n\u00fcndeki engellerin kald\u0131r\u0131lmas\u0131 gerekir, bunun da yeni anayasada yer almas\u0131, yani engellerin ortadan kald\u0131r\u0131lmas\u0131 laz\u0131m. Mevcut anayasa, T\u00fcrk\u00e7e d\u0131\u015f\u0131nda hi\u00e7bir dilde e\u011fitime yer vermiyor. Anayasan\u0131n ilk d\u00f6rt maddesi de\u011fi\u015fmeden \u00e7\u00f6z\u00fcm bulmak \u00e7ok zordur.\u201d<\/p>\n<p>K\u00fcrt kimli\u011finin tan\u0131nmas\u0131 ve anadilde e\u011fitimin T\u00fcrkiye\u2019ye refah getirece\u011finden s\u00f6z eden H\u00dcDA PAR Genel Ba\u015fkan Vekili Zekeriya Yap\u0131c\u0131o\u011flu, son g\u00fcnlerde yap\u0131lan \u00e7a\u011fr\u0131lara da de\u011findi.<\/p>\n<p>\u201cParti program\u0131m\u0131z\u0131n \u00f6nemli konular\u0131ndan biri de anadilde e\u011fitimdir\u201d diyen Yaz\u0131c\u0131o\u011flu, \u201cK\u00fcrt sorununun \u00e7\u00f6z\u00fclmesi gerekti\u011fini, sorunun \u00e7\u00f6z\u00fclmesi i\u00e7in de K\u00fcrt kimli\u011finin ve\u00a0<strong>K\u00fcrt\u00e7enin anayasal olarak tan\u0131nmas\u0131<\/strong>\u00a0gerekti\u011fini belirtiyoruz. Ayr\u0131ca K\u00fcrt\u00e7enin ikinci resmi dil olarak kabul edilmesi gerekir. Ge\u00e7mi\u015f d\u00f6nemlerde K\u00fcrtlere yap\u0131lan haks\u0131zl\u0131klar nedeniyle devlet resmi olarak \u00f6z\u00fcr dilemelidir. Bunlar\u0131 10 y\u0131ld\u0131r diyoruz ve bu konuda \u00e7al\u0131\u015fmalar\u0131m\u0131z da var\u201d \u015feklinde konu\u015ftu.<\/p>\n<p><strong><em>https:\/\/www.kurdistan24.net\/tr\/story\/64718-H%C3%9CDA-PAR%E2%80%99l%C4%B1-Yap%C4%B1c%C4%B1o%C4%9Flu:-K%C3%BCrt%C3%A7e-ikinci-resmi-dil-olmal%C4%B1\u00a0<\/em><\/strong><\/p>\n","protected":false},"excerpt":{"rendered":"<p>H\u00dcDA PAR Genel Ba\u015fkan Vekili Zekeriya Yap\u0131c\u0131o\u011flu, \u201cK\u00fcrt\u00e7enin ikinci resmi dil olarak kabul edilmesi gerekir\u201d dedi. K24 yay\u0131n\u0131na kat\u0131lan\u00a0H\u00fcr Dava Partisi\u00a0(H\u00dcDA PAR) Genel Ba\u015fkan Vekili\u00a0Zekeriya Yap\u0131c\u0131o\u011flu, T\u00fcrkiye Cumhurba\u015fkan\u0131 ve AK Parti Genel Ba\u015fkan\u0131 Recep Tayyip Erdo\u011fan\u2019\u0131n\u00a0yeni anayasa\u00a0konusundaki a\u00e7\u0131klamalar\u0131 hakk\u0131nda yapt\u0131\u011f\u0131 de\u011ferlendirmede \u015funlar\u0131 kaydetti: 2012 y\u0131l\u0131nda H\u00fcr Dava Partisi\u2019ni kurdu\u011fumuzda, program\u0131m\u0131z\u0131n \u00f6nemli konular\u0131ndan birisi yeni anayasayd\u0131. [&hellip;]<\/p>\n","protected":false},"author":7,"featured_media":61627,"comment_status":"open","ping_status":"open","sticky":false,"template":"","format":"standard","meta":{"footnotes":""},"categories":[1,53],"tags":[],"class_list":["post-61626","post","type-post","status-publish","format-standard","has-post-thumbnail","hentry","category-haberler","category-turkiyede-azinliklar"],"yoast_head":"<!-- This site is optimized with the Yoast SEO plugin v27.4 - https:\/\/yoast.com\/product\/yoast-seo-wordpress\/ -->\n<title>H\u00dcDA PAR\u2019l\u0131 Yap\u0131c\u0131o\u011flu: K\u00fcrt\u00e7e ikinci resmi dil olmal\u0131 - Bati Ermenistan Ve Bati Ermenileri Sorunlari Ara\u015ftirmalar Merkezi<\/title>\n<meta name=\"robots\" content=\"index, follow, max-snippet:-1, max-image-preview:large, max-video-preview:-1\" \/>\n<link rel=\"canonical\" href=\"https:\/\/akunq.net\/tr\/?p=61626\" \/>\n<meta property=\"og:locale\" content=\"en_US\" \/>\n<meta property=\"og:type\" content=\"article\" \/>\n<meta property=\"og:title\" content=\"H\u00dcDA PAR\u2019l\u0131 Yap\u0131c\u0131o\u011flu: K\u00fcrt\u00e7e ikinci resmi dil olmal\u0131 - Bati Ermenistan Ve Bati Ermenileri Sorunlari Ara\u015ftirmalar Merkezi\" \/>\n<meta property=\"og:description\" content=\"H\u00dcDA PAR Genel Ba\u015fkan Vekili Zekeriya Yap\u0131c\u0131o\u011flu, \u201cK\u00fcrt\u00e7enin ikinci resmi dil olarak kabul edilmesi gerekir\u201d dedi. K24 yay\u0131n\u0131na kat\u0131lan\u00a0H\u00fcr Dava Partisi\u00a0(H\u00dcDA PAR) Genel Ba\u015fkan Vekili\u00a0Zekeriya Yap\u0131c\u0131o\u011flu, T\u00fcrkiye Cumhurba\u015fkan\u0131 ve AK Parti Genel Ba\u015fkan\u0131 Recep Tayyip Erdo\u011fan\u2019\u0131n\u00a0yeni anayasa\u00a0konusundaki a\u00e7\u0131klamalar\u0131 hakk\u0131nda yapt\u0131\u011f\u0131 de\u011ferlendirmede \u015funlar\u0131 kaydetti: 2012 y\u0131l\u0131nda H\u00fcr Dava Partisi\u2019ni kurdu\u011fumuzda, program\u0131m\u0131z\u0131n \u00f6nemli konular\u0131ndan birisi yeni anayasayd\u0131. [&hellip;]\" \/>\n<meta property=\"og:url\" content=\"https:\/\/akunq.net\/tr\/?p=61626\" \/>\n<meta property=\"og:site_name\" content=\"Bati Ermenistan Ve Bati Ermenileri Sorunlari Ara\u015ftirmalar Merkezi\" \/>\n<meta property=\"article:published_time\" content=\"2021-02-24T08:35:01+00:00\" \/>\n<meta property=\"og:image\" content=\"https:\/\/akunq.net\/tr\/wp-content\/uploads\/sites\/6\/2021\/02\/Ataturk.jpeg\" \/>\n\t<meta property=\"og:image:width\" content=\"637\" \/>\n\t<meta property=\"og:image:height\" content=\"384\" \/>\n\t<meta property=\"og:image:type\" content=\"image\/jpeg\" \/>\n<meta name=\"author\" content=\"admin\" \/>\n<meta name=\"twitter:card\" content=\"summary_large_image\" \/>\n<meta name=\"twitter:label1\" content=\"Written by\" \/>\n\t<meta name=\"twitter:data1\" content=\"admin\" \/>\n\t<meta name=\"twitter:label2\" content=\"Est. reading time\" \/>\n\t<meta name=\"twitter:data2\" content=\"3 minutes\" \/>\n<script type=\"application\/ld+json\" class=\"yoast-schema-graph\">{\"@context\":\"https:\\\/\\\/schema.org\",\"@graph\":[{\"@type\":\"Article\",\"@id\":\"https:\\\/\\\/akunq.net\\\/tr\\\/?p=61626#article\",\"isPartOf\":{\"@id\":\"https:\\\/\\\/akunq.net\\\/tr\\\/?p=61626\"},\"author\":{\"name\":\"admin\",\"@id\":\"https:\\\/\\\/akunq.net\\\/tr\\\/#\\\/schema\\\/person\\\/096f1d38a12cce57fb855b485ed24c9e\"},\"headline\":\"H\u00dcDA PAR\u2019l\u0131 Yap\u0131c\u0131o\u011flu: K\u00fcrt\u00e7e ikinci resmi dil olmal\u0131\",\"datePublished\":\"2021-02-24T08:35:01+00:00\",\"mainEntityOfPage\":{\"@id\":\"https:\\\/\\\/akunq.net\\\/tr\\\/?p=61626\"},\"wordCount\":643,\"commentCount\":0,\"image\":{\"@id\":\"https:\\\/\\\/akunq.net\\\/tr\\\/?p=61626#primaryimage\"},\"thumbnailUrl\":\"https:\\\/\\\/akunq.net\\\/tr\\\/wp-content\\\/uploads\\\/sites\\\/6\\\/2021\\\/02\\\/Ataturk.jpeg\",\"articleSection\":[\"Haberler\",\"T\u00fcrkiye\u2019de Az\u0131nl\u0131klar\"],\"inLanguage\":\"en-US\",\"potentialAction\":[{\"@type\":\"CommentAction\",\"name\":\"Comment\",\"target\":[\"https:\\\/\\\/akunq.net\\\/tr\\\/?p=61626#respond\"]}]},{\"@type\":\"WebPage\",\"@id\":\"https:\\\/\\\/akunq.net\\\/tr\\\/?p=61626\",\"url\":\"https:\\\/\\\/akunq.net\\\/tr\\\/?p=61626\",\"name\":\"H\u00dcDA PAR\u2019l\u0131 Yap\u0131c\u0131o\u011flu: K\u00fcrt\u00e7e ikinci resmi dil olmal\u0131 - Bati Ermenistan Ve Bati Ermenileri Sorunlari Ara\u015ftirmalar Merkezi\",\"isPartOf\":{\"@id\":\"https:\\\/\\\/akunq.net\\\/tr\\\/#website\"},\"primaryImageOfPage\":{\"@id\":\"https:\\\/\\\/akunq.net\\\/tr\\\/?p=61626#primaryimage\"},\"image\":{\"@id\":\"https:\\\/\\\/akunq.net\\\/tr\\\/?p=61626#primaryimage\"},\"thumbnailUrl\":\"https:\\\/\\\/akunq.net\\\/tr\\\/wp-content\\\/uploads\\\/sites\\\/6\\\/2021\\\/02\\\/Ataturk.jpeg\",\"datePublished\":\"2021-02-24T08:35:01+00:00\",\"author\":{\"@id\":\"https:\\\/\\\/akunq.net\\\/tr\\\/#\\\/schema\\\/person\\\/096f1d38a12cce57fb855b485ed24c9e\"},\"breadcrumb\":{\"@id\":\"https:\\\/\\\/akunq.net\\\/tr\\\/?p=61626#breadcrumb\"},\"inLanguage\":\"en-US\",\"potentialAction\":[{\"@type\":\"ReadAction\",\"target\":[\"https:\\\/\\\/akunq.net\\\/tr\\\/?p=61626\"]}]},{\"@type\":\"ImageObject\",\"inLanguage\":\"en-US\",\"@id\":\"https:\\\/\\\/akunq.net\\\/tr\\\/?p=61626#primaryimage\",\"url\":\"https:\\\/\\\/akunq.net\\\/tr\\\/wp-content\\\/uploads\\\/sites\\\/6\\\/2021\\\/02\\\/Ataturk.jpeg\",\"contentUrl\":\"https:\\\/\\\/akunq.net\\\/tr\\\/wp-content\\\/uploads\\\/sites\\\/6\\\/2021\\\/02\\\/Ataturk.jpeg\",\"width\":637,\"height\":384},{\"@type\":\"BreadcrumbList\",\"@id\":\"https:\\\/\\\/akunq.net\\\/tr\\\/?p=61626#breadcrumb\",\"itemListElement\":[{\"@type\":\"ListItem\",\"position\":1,\"name\":\"Home\",\"item\":\"https:\\\/\\\/akunq.net\\\/tr\"},{\"@type\":\"ListItem\",\"position\":2,\"name\":\"H\u00dcDA PAR\u2019l\u0131 Yap\u0131c\u0131o\u011flu: K\u00fcrt\u00e7e ikinci resmi dil olmal\u0131\"}]},{\"@type\":\"WebSite\",\"@id\":\"https:\\\/\\\/akunq.net\\\/tr\\\/#website\",\"url\":\"https:\\\/\\\/akunq.net\\\/tr\\\/\",\"name\":\"Bati Ermenistan Ve Bati Ermenileri Sorunlari Ara\u015ftirmalar Merkezi\",\"description\":\"\",\"potentialAction\":[{\"@type\":\"SearchAction\",\"target\":{\"@type\":\"EntryPoint\",\"urlTemplate\":\"https:\\\/\\\/akunq.net\\\/tr\\\/?s={search_term_string}\"},\"query-input\":{\"@type\":\"PropertyValueSpecification\",\"valueRequired\":true,\"valueName\":\"search_term_string\"}}],\"inLanguage\":\"en-US\"},{\"@type\":\"Person\",\"@id\":\"https:\\\/\\\/akunq.net\\\/tr\\\/#\\\/schema\\\/person\\\/096f1d38a12cce57fb855b485ed24c9e\",\"name\":\"admin\",\"url\":\"https:\\\/\\\/akunq.net\\\/tr\\\/?author=7\"}]}<\/script>\n<!-- \/ Yoast SEO plugin. -->","yoast_head_json":{"title":"H\u00dcDA PAR\u2019l\u0131 Yap\u0131c\u0131o\u011flu: K\u00fcrt\u00e7e ikinci resmi dil olmal\u0131 - Bati Ermenistan Ve Bati Ermenileri Sorunlari Ara\u015ftirmalar Merkezi","robots":{"index":"index","follow":"follow","max-snippet":"max-snippet:-1","max-image-preview":"max-image-preview:large","max-video-preview":"max-video-preview:-1"},"canonical":"https:\/\/akunq.net\/tr\/?p=61626","og_locale":"en_US","og_type":"article","og_title":"H\u00dcDA PAR\u2019l\u0131 Yap\u0131c\u0131o\u011flu: K\u00fcrt\u00e7e ikinci resmi dil olmal\u0131 - Bati Ermenistan Ve Bati Ermenileri Sorunlari Ara\u015ftirmalar Merkezi","og_description":"H\u00dcDA PAR Genel Ba\u015fkan Vekili Zekeriya Yap\u0131c\u0131o\u011flu, \u201cK\u00fcrt\u00e7enin ikinci resmi dil olarak kabul edilmesi gerekir\u201d dedi. K24 yay\u0131n\u0131na kat\u0131lan\u00a0H\u00fcr Dava Partisi\u00a0(H\u00dcDA PAR) Genel Ba\u015fkan Vekili\u00a0Zekeriya Yap\u0131c\u0131o\u011flu, T\u00fcrkiye Cumhurba\u015fkan\u0131 ve AK Parti Genel Ba\u015fkan\u0131 Recep Tayyip Erdo\u011fan\u2019\u0131n\u00a0yeni anayasa\u00a0konusundaki a\u00e7\u0131klamalar\u0131 hakk\u0131nda yapt\u0131\u011f\u0131 de\u011ferlendirmede \u015funlar\u0131 kaydetti: 2012 y\u0131l\u0131nda H\u00fcr Dava Partisi\u2019ni kurdu\u011fumuzda, program\u0131m\u0131z\u0131n \u00f6nemli konular\u0131ndan birisi yeni anayasayd\u0131. [&hellip;]","og_url":"https:\/\/akunq.net\/tr\/?p=61626","og_site_name":"Bati Ermenistan Ve Bati Ermenileri Sorunlari Ara\u015ftirmalar Merkezi","article_published_time":"2021-02-24T08:35:01+00:00","og_image":[{"width":637,"height":384,"url":"https:\/\/akunq.net\/tr\/wp-content\/uploads\/sites\/6\/2021\/02\/Ataturk.jpeg","type":"image\/jpeg"}],"author":"admin","twitter_card":"summary_large_image","twitter_misc":{"Written by":"admin","Est. reading time":"3 minutes"},"schema":{"@context":"https:\/\/schema.org","@graph":[{"@type":"Article","@id":"https:\/\/akunq.net\/tr\/?p=61626#article","isPartOf":{"@id":"https:\/\/akunq.net\/tr\/?p=61626"},"author":{"name":"admin","@id":"https:\/\/akunq.net\/tr\/#\/schema\/person\/096f1d38a12cce57fb855b485ed24c9e"},"headline":"H\u00dcDA PAR\u2019l\u0131 Yap\u0131c\u0131o\u011flu: K\u00fcrt\u00e7e ikinci resmi dil olmal\u0131","datePublished":"2021-02-24T08:35:01+00:00","mainEntityOfPage":{"@id":"https:\/\/akunq.net\/tr\/?p=61626"},"wordCount":643,"commentCount":0,"image":{"@id":"https:\/\/akunq.net\/tr\/?p=61626#primaryimage"},"thumbnailUrl":"https:\/\/akunq.net\/tr\/wp-content\/uploads\/sites\/6\/2021\/02\/Ataturk.jpeg","articleSection":["Haberler","T\u00fcrkiye\u2019de Az\u0131nl\u0131klar"],"inLanguage":"en-US","potentialAction":[{"@type":"CommentAction","name":"Comment","target":["https:\/\/akunq.net\/tr\/?p=61626#respond"]}]},{"@type":"WebPage","@id":"https:\/\/akunq.net\/tr\/?p=61626","url":"https:\/\/akunq.net\/tr\/?p=61626","name":"H\u00dcDA PAR\u2019l\u0131 Yap\u0131c\u0131o\u011flu: K\u00fcrt\u00e7e ikinci resmi dil olmal\u0131 - Bati Ermenistan Ve Bati Ermenileri Sorunlari Ara\u015ftirmalar Merkezi","isPartOf":{"@id":"https:\/\/akunq.net\/tr\/#website"},"primaryImageOfPage":{"@id":"https:\/\/akunq.net\/tr\/?p=61626#primaryimage"},"image":{"@id":"https:\/\/akunq.net\/tr\/?p=61626#primaryimage"},"thumbnailUrl":"https:\/\/akunq.net\/tr\/wp-content\/uploads\/sites\/6\/2021\/02\/Ataturk.jpeg","datePublished":"2021-02-24T08:35:01+00:00","author":{"@id":"https:\/\/akunq.net\/tr\/#\/schema\/person\/096f1d38a12cce57fb855b485ed24c9e"},"breadcrumb":{"@id":"https:\/\/akunq.net\/tr\/?p=61626#breadcrumb"},"inLanguage":"en-US","potentialAction":[{"@type":"ReadAction","target":["https:\/\/akunq.net\/tr\/?p=61626"]}]},{"@type":"ImageObject","inLanguage":"en-US","@id":"https:\/\/akunq.net\/tr\/?p=61626#primaryimage","url":"https:\/\/akunq.net\/tr\/wp-content\/uploads\/sites\/6\/2021\/02\/Ataturk.jpeg","contentUrl":"https:\/\/akunq.net\/tr\/wp-content\/uploads\/sites\/6\/2021\/02\/Ataturk.jpeg","width":637,"height":384},{"@type":"BreadcrumbList","@id":"https:\/\/akunq.net\/tr\/?p=61626#breadcrumb","itemListElement":[{"@type":"ListItem","position":1,"name":"Home","item":"https:\/\/akunq.net\/tr"},{"@type":"ListItem","position":2,"name":"H\u00dcDA PAR\u2019l\u0131 Yap\u0131c\u0131o\u011flu: K\u00fcrt\u00e7e ikinci resmi dil olmal\u0131"}]},{"@type":"WebSite","@id":"https:\/\/akunq.net\/tr\/#website","url":"https:\/\/akunq.net\/tr\/","name":"Bati Ermenistan Ve Bati Ermenileri Sorunlari Ara\u015ftirmalar Merkezi","description":"","potentialAction":[{"@type":"SearchAction","target":{"@type":"EntryPoint","urlTemplate":"https:\/\/akunq.net\/tr\/?s={search_term_string}"},"query-input":{"@type":"PropertyValueSpecification","valueRequired":true,"valueName":"search_term_string"}}],"inLanguage":"en-US"},{"@type":"Person","@id":"https:\/\/akunq.net\/tr\/#\/schema\/person\/096f1d38a12cce57fb855b485ed24c9e","name":"admin","url":"https:\/\/akunq.net\/tr\/?author=7"}]}},"_links":{"self":[{"href":"https:\/\/akunq.net\/tr\/index.php?rest_route=\/wp\/v2\/posts\/61626","targetHints":{"allow":["GET"]}}],"collection":[{"href":"https:\/\/akunq.net\/tr\/index.php?rest_route=\/wp\/v2\/posts"}],"about":[{"href":"https:\/\/akunq.net\/tr\/index.php?rest_route=\/wp\/v2\/types\/post"}],"author":[{"embeddable":true,"href":"https:\/\/akunq.net\/tr\/index.php?rest_route=\/wp\/v2\/users\/7"}],"replies":[{"embeddable":true,"href":"https:\/\/akunq.net\/tr\/index.php?rest_route=%2Fwp%2Fv2%2Fcomments&post=61626"}],"version-history":[{"count":1,"href":"https:\/\/akunq.net\/tr\/index.php?rest_route=\/wp\/v2\/posts\/61626\/revisions"}],"predecessor-version":[{"id":61628,"href":"https:\/\/akunq.net\/tr\/index.php?rest_route=\/wp\/v2\/posts\/61626\/revisions\/61628"}],"wp:featuredmedia":[{"embeddable":true,"href":"https:\/\/akunq.net\/tr\/index.php?rest_route=\/wp\/v2\/media\/61627"}],"wp:attachment":[{"href":"https:\/\/akunq.net\/tr\/index.php?rest_route=%2Fwp%2Fv2%2Fmedia&parent=61626"}],"wp:term":[{"taxonomy":"category","embeddable":true,"href":"https:\/\/akunq.net\/tr\/index.php?rest_route=%2Fwp%2Fv2%2Fcategories&post=61626"},{"taxonomy":"post_tag","embeddable":true,"href":"https:\/\/akunq.net\/tr\/index.php?rest_route=%2Fwp%2Fv2%2Ftags&post=61626"}],"curies":[{"name":"wp","href":"https:\/\/api.w.org\/{rel}","templated":true}]}}