{"id":61620,"date":"2021-02-24T02:49:13","date_gmt":"2021-02-24T07:49:13","guid":{"rendered":"https:\/\/akunq.net\/tr\/?p=61620"},"modified":"2021-02-24T02:49:13","modified_gmt":"2021-02-24T07:49:13","slug":"abden-turkiyeye-hdp-elestirisi","status":"publish","type":"post","link":"https:\/\/akunq.net\/tr\/?p=61620","title":{"rendered":"AB&#8217;den T\u00fcrkiye&#8217;ye HDP ele\u015ftirisi"},"content":{"rendered":"<p><img loading=\"lazy\" decoding=\"async\" class=\"aligncenter size-medium wp-image-61621\" src=\"https:\/\/akunq.net\/tr\/wp-content\/uploads\/2021\/02\/\u0535\u0544-360x205.jpg\" alt=\"\" width=\"360\" height=\"205\" srcset=\"https:\/\/akunq.net\/tr\/wp-content\/uploads\/sites\/6\/2021\/02\/\u0535\u0544-360x205.jpg 360w, https:\/\/akunq.net\/tr\/wp-content\/uploads\/sites\/6\/2021\/02\/\u0535\u0544-560x318.jpg 560w, https:\/\/akunq.net\/tr\/wp-content\/uploads\/sites\/6\/2021\/02\/\u0535\u0544-260x148.jpg 260w, https:\/\/akunq.net\/tr\/wp-content\/uploads\/sites\/6\/2021\/02\/\u0535\u0544-160x91.jpg 160w, https:\/\/akunq.net\/tr\/wp-content\/uploads\/sites\/6\/2021\/02\/\u0535\u0544.jpg 720w\" sizes=\"auto, (max-width: 360px) 100vw, 360px\" \/><\/p>\n<p><em><strong>AB Y\u00fcksek Temsilcisi Josep Borrell, &#8220;HDP&#8217;ye y\u00f6nelik s\u00fcregelen bask\u0131lar nedeniyle&#8221; derin endi\u015fe duyduklar\u0131n\u0131 belirterek T\u00fcrkiye&#8217;ye hukukun \u00fcst\u00fcnl\u00fc\u011f\u00fc ve masumiyet karinesi ilkelerini hat\u0131rlatt\u0131.<\/strong><\/em><\/p>\n<p>AB D\u0131\u015f \u0130li\u015fkiler ve G\u00fcvenlik Politikalar\u0131 Y\u00fcksek Temsilcisi Josep Borrell, T\u00fcrkiye&#8217;de Halklar\u0131n Demokratik Partisi (HDP) ve parti \u00fcyelerine y\u00f6nelik uygulamalar\u0131 ele\u015ftiren bir a\u00e7\u0131klama yapt\u0131.<\/p>\n<p>Borrell&#8217;in s\u00f6zc\u00fcs\u00fc Peter Stano, &#8220;AB&#8217;nin HDP ve \u00fcyelerine y\u00f6nelik s\u00fcregelen bask\u0131lardan derin endi\u015fe duydu\u011funu&#8221; belirterek &#8220;son d\u00f6nemde tutuklamalar ve se\u00e7ilmi\u015f belediye ba\u015fkanlar\u0131n\u0131n g\u00f6revden al\u0131nmas\u0131 uygulamalar\u0131yla siyasi yarg\u0131lama g\u00f6r\u00fcn\u00fcm\u00fc veren hukuki s\u00fcre\u00e7ler ve TBMM \u00fcyelerinin parlamenter dokunulmazl\u0131klar\u0131n\u0131n kald\u0131r\u0131lmas\u0131 giri\u015fimleri&#8221;ne dikkat \u00e7ekti.<\/p>\n<div class=\"picBox full\">\n<div id=\"twtr-1364239338293366788\" class=\"group embeddedTweet\">\n<div class=\"twitter-tweet twitter-tweet-rendered\"><iframe id=\"twitter-widget-0\" class=\"\" title=\"Twitter Tweet\" src=\"https:\/\/platform.twitter.com\/embed\/Tweet.html?dnt=false&amp;embedId=twitter-widget-0&amp;frame=false&amp;hideCard=false&amp;hideThread=false&amp;id=1364239338293366788&amp;lang=en&amp;origin=https%3A%2F%2Fwww.dw.com%2Ftr%2Fabden-t%25C3%25BCrkiyeye-hdp-ele%25C5%259Ftirisi%2Fa-56665657&amp;siteScreenName=dw_turkce&amp;theme=light&amp;widgetsVersion=889aa01%3A1612811843556&amp;width=550px\" frameborder=\"0\" scrolling=\"no\" allowfullscreen=\"allowfullscreen\" data-tweet-id=\"1364239338293366788\" data-mce-fragment=\"1\"><\/iframe><\/div>\n<\/div>\n<\/div>\n<p>A\u00e7\u0131klamada bu geli\u015fmelerin, HDP&#8217;nin eski e\u015f genel ba\u015fkan\u0131 Selahattin Demirta\u015f&#8217;\u0131n serbest b\u0131rak\u0131lmas\u0131na y\u00f6nelik Avrupa \u0130nsan Haklar\u0131 Mahkemesi (A\u0130HM) karar\u0131n\u0131n uygulanmamas\u0131 ve y\u00fczlerce yerel politikac\u0131, se\u00e7ilmi\u015f yetkili ve HDP \u00fcyelerinin ter\u00f6rle ba\u011flant\u0131l\u0131 su\u00e7lar nedeniyle g\u00f6zalt\u0131na al\u0131nmas\u0131 sonras\u0131nda ya\u015fand\u0131\u011f\u0131na i\u015faret edildi.<\/p>\n<p>Borrell&#8217;in s\u00f6zc\u00fcs\u00fc, herhangi bir su\u00e7 ve kusurlu davran\u0131\u015f iddias\u0131n\u0131n hukuki s\u00fcre\u00e7lerle kan\u0131tlanmas\u0131 ve masumiyet karinesinin teminat alt\u0131na al\u0131nmas\u0131 gerekti\u011fini kaydetti.<\/p>\n<p>A\u00e7\u0131klamada, &#8220;Avrupa Konseyi&#8217;nin uzun y\u0131llard\u0131r \u00fcyesi ve AB \u00fcye aday\u0131 olan T\u00fcrkiye, insan haklar\u0131, hukukun \u00fcst\u00fcnl\u00fc\u011f\u00fc ve siyasi \u00f6rg\u00fctlenme \u00f6zg\u00fcrl\u00fc\u011f\u00fc dahil olmak \u00fczere demokratik sistemini teminat alt\u0131na almak zorundad\u0131r&#8221; ifadesine yer verildi.<\/p>\n<p><em><strong>https:\/\/www.dw.com\/tr\/abden-t%C3%BCrkiyeye-hdp-ele%C5%9Ftirisi\/a-56665657\u00a0<\/strong><\/em><\/p>\n","protected":false},"excerpt":{"rendered":"<p>AB Y\u00fcksek Temsilcisi Josep Borrell, &#8220;HDP&#8217;ye y\u00f6nelik s\u00fcregelen bask\u0131lar nedeniyle&#8221; derin endi\u015fe duyduklar\u0131n\u0131 belirterek T\u00fcrkiye&#8217;ye hukukun \u00fcst\u00fcnl\u00fc\u011f\u00fc ve masumiyet karinesi ilkelerini hat\u0131rlatt\u0131. AB D\u0131\u015f \u0130li\u015fkiler ve G\u00fcvenlik Politikalar\u0131 Y\u00fcksek Temsilcisi Josep Borrell, T\u00fcrkiye&#8217;de Halklar\u0131n Demokratik Partisi (HDP) ve parti \u00fcyelerine y\u00f6nelik uygulamalar\u0131 ele\u015ftiren bir a\u00e7\u0131klama yapt\u0131. Borrell&#8217;in s\u00f6zc\u00fcs\u00fc Peter Stano, &#8220;AB&#8217;nin HDP ve \u00fcyelerine y\u00f6nelik [&hellip;]<\/p>\n","protected":false},"author":7,"featured_media":61621,"comment_status":"open","ping_status":"open","sticky":false,"template":"","format":"standard","meta":{"footnotes":""},"categories":[1],"tags":[],"class_list":["post-61620","post","type-post","status-publish","format-standard","has-post-thumbnail","hentry","category-haberler"],"yoast_head":"<!-- This site is optimized with the Yoast SEO plugin v27.4 - https:\/\/yoast.com\/product\/yoast-seo-wordpress\/ -->\n<title>AB&#039;den T\u00fcrkiye&#039;ye HDP ele\u015ftirisi - Bati Ermenistan Ve Bati Ermenileri Sorunlari Ara\u015ftirmalar Merkezi<\/title>\n<meta name=\"robots\" content=\"index, follow, max-snippet:-1, max-image-preview:large, max-video-preview:-1\" \/>\n<link rel=\"canonical\" href=\"https:\/\/akunq.net\/tr\/?p=61620\" \/>\n<meta property=\"og:locale\" content=\"en_US\" \/>\n<meta property=\"og:type\" content=\"article\" \/>\n<meta property=\"og:title\" content=\"AB&#039;den T\u00fcrkiye&#039;ye HDP ele\u015ftirisi - Bati Ermenistan Ve Bati Ermenileri Sorunlari Ara\u015ftirmalar Merkezi\" \/>\n<meta property=\"og:description\" content=\"AB Y\u00fcksek Temsilcisi Josep Borrell, &#8220;HDP&#8217;ye y\u00f6nelik s\u00fcregelen bask\u0131lar nedeniyle&#8221; derin endi\u015fe duyduklar\u0131n\u0131 belirterek T\u00fcrkiye&#8217;ye hukukun \u00fcst\u00fcnl\u00fc\u011f\u00fc ve masumiyet karinesi ilkelerini hat\u0131rlatt\u0131. AB D\u0131\u015f \u0130li\u015fkiler ve G\u00fcvenlik Politikalar\u0131 Y\u00fcksek Temsilcisi Josep Borrell, T\u00fcrkiye&#8217;de Halklar\u0131n Demokratik Partisi (HDP) ve parti \u00fcyelerine y\u00f6nelik uygulamalar\u0131 ele\u015ftiren bir a\u00e7\u0131klama yapt\u0131. Borrell&#8217;in s\u00f6zc\u00fcs\u00fc Peter Stano, &#8220;AB&#8217;nin HDP ve \u00fcyelerine y\u00f6nelik [&hellip;]\" \/>\n<meta property=\"og:url\" content=\"https:\/\/akunq.net\/tr\/?p=61620\" \/>\n<meta property=\"og:site_name\" content=\"Bati Ermenistan Ve Bati Ermenileri Sorunlari Ara\u015ftirmalar Merkezi\" \/>\n<meta property=\"article:published_time\" content=\"2021-02-24T07:49:13+00:00\" \/>\n<meta property=\"og:image\" content=\"https:\/\/akunq.net\/tr\/wp-content\/uploads\/sites\/6\/2021\/02\/\u0535\u0544.jpg\" \/>\n\t<meta property=\"og:image:width\" content=\"720\" \/>\n\t<meta property=\"og:image:height\" content=\"409\" \/>\n\t<meta property=\"og:image:type\" content=\"image\/jpeg\" \/>\n<meta name=\"author\" content=\"admin\" \/>\n<meta name=\"twitter:card\" content=\"summary_large_image\" \/>\n<meta name=\"twitter:label1\" content=\"Written by\" \/>\n\t<meta name=\"twitter:data1\" content=\"admin\" \/>\n\t<meta name=\"twitter:label2\" content=\"Est. reading time\" \/>\n\t<meta name=\"twitter:data2\" content=\"1 minute\" \/>\n<script type=\"application\/ld+json\" class=\"yoast-schema-graph\">{\"@context\":\"https:\\\/\\\/schema.org\",\"@graph\":[{\"@type\":\"Article\",\"@id\":\"https:\\\/\\\/akunq.net\\\/tr\\\/?p=61620#article\",\"isPartOf\":{\"@id\":\"https:\\\/\\\/akunq.net\\\/tr\\\/?p=61620\"},\"author\":{\"name\":\"admin\",\"@id\":\"https:\\\/\\\/akunq.net\\\/tr\\\/#\\\/schema\\\/person\\\/096f1d38a12cce57fb855b485ed24c9e\"},\"headline\":\"AB&#8217;den T\u00fcrkiye&#8217;ye HDP ele\u015ftirisi\",\"datePublished\":\"2021-02-24T07:49:13+00:00\",\"mainEntityOfPage\":{\"@id\":\"https:\\\/\\\/akunq.net\\\/tr\\\/?p=61620\"},\"wordCount\":283,\"commentCount\":0,\"image\":{\"@id\":\"https:\\\/\\\/akunq.net\\\/tr\\\/?p=61620#primaryimage\"},\"thumbnailUrl\":\"https:\\\/\\\/akunq.net\\\/tr\\\/wp-content\\\/uploads\\\/sites\\\/6\\\/2021\\\/02\\\/\u0535\u0544.jpg\",\"articleSection\":[\"Haberler\"],\"inLanguage\":\"en-US\",\"potentialAction\":[{\"@type\":\"CommentAction\",\"name\":\"Comment\",\"target\":[\"https:\\\/\\\/akunq.net\\\/tr\\\/?p=61620#respond\"]}]},{\"@type\":\"WebPage\",\"@id\":\"https:\\\/\\\/akunq.net\\\/tr\\\/?p=61620\",\"url\":\"https:\\\/\\\/akunq.net\\\/tr\\\/?p=61620\",\"name\":\"AB'den T\u00fcrkiye'ye HDP ele\u015ftirisi - Bati Ermenistan Ve Bati Ermenileri Sorunlari Ara\u015ftirmalar Merkezi\",\"isPartOf\":{\"@id\":\"https:\\\/\\\/akunq.net\\\/tr\\\/#website\"},\"primaryImageOfPage\":{\"@id\":\"https:\\\/\\\/akunq.net\\\/tr\\\/?p=61620#primaryimage\"},\"image\":{\"@id\":\"https:\\\/\\\/akunq.net\\\/tr\\\/?p=61620#primaryimage\"},\"thumbnailUrl\":\"https:\\\/\\\/akunq.net\\\/tr\\\/wp-content\\\/uploads\\\/sites\\\/6\\\/2021\\\/02\\\/\u0535\u0544.jpg\",\"datePublished\":\"2021-02-24T07:49:13+00:00\",\"author\":{\"@id\":\"https:\\\/\\\/akunq.net\\\/tr\\\/#\\\/schema\\\/person\\\/096f1d38a12cce57fb855b485ed24c9e\"},\"breadcrumb\":{\"@id\":\"https:\\\/\\\/akunq.net\\\/tr\\\/?p=61620#breadcrumb\"},\"inLanguage\":\"en-US\",\"potentialAction\":[{\"@type\":\"ReadAction\",\"target\":[\"https:\\\/\\\/akunq.net\\\/tr\\\/?p=61620\"]}]},{\"@type\":\"ImageObject\",\"inLanguage\":\"en-US\",\"@id\":\"https:\\\/\\\/akunq.net\\\/tr\\\/?p=61620#primaryimage\",\"url\":\"https:\\\/\\\/akunq.net\\\/tr\\\/wp-content\\\/uploads\\\/sites\\\/6\\\/2021\\\/02\\\/\u0535\u0544.jpg\",\"contentUrl\":\"https:\\\/\\\/akunq.net\\\/tr\\\/wp-content\\\/uploads\\\/sites\\\/6\\\/2021\\\/02\\\/\u0535\u0544.jpg\",\"width\":720,\"height\":409},{\"@type\":\"BreadcrumbList\",\"@id\":\"https:\\\/\\\/akunq.net\\\/tr\\\/?p=61620#breadcrumb\",\"itemListElement\":[{\"@type\":\"ListItem\",\"position\":1,\"name\":\"Home\",\"item\":\"https:\\\/\\\/akunq.net\\\/tr\"},{\"@type\":\"ListItem\",\"position\":2,\"name\":\"AB&#8217;den T\u00fcrkiye&#8217;ye HDP ele\u015ftirisi\"}]},{\"@type\":\"WebSite\",\"@id\":\"https:\\\/\\\/akunq.net\\\/tr\\\/#website\",\"url\":\"https:\\\/\\\/akunq.net\\\/tr\\\/\",\"name\":\"Bati Ermenistan Ve Bati Ermenileri Sorunlari Ara\u015ftirmalar Merkezi\",\"description\":\"\",\"potentialAction\":[{\"@type\":\"SearchAction\",\"target\":{\"@type\":\"EntryPoint\",\"urlTemplate\":\"https:\\\/\\\/akunq.net\\\/tr\\\/?s={search_term_string}\"},\"query-input\":{\"@type\":\"PropertyValueSpecification\",\"valueRequired\":true,\"valueName\":\"search_term_string\"}}],\"inLanguage\":\"en-US\"},{\"@type\":\"Person\",\"@id\":\"https:\\\/\\\/akunq.net\\\/tr\\\/#\\\/schema\\\/person\\\/096f1d38a12cce57fb855b485ed24c9e\",\"name\":\"admin\",\"url\":\"https:\\\/\\\/akunq.net\\\/tr\\\/?author=7\"}]}<\/script>\n<!-- \/ Yoast SEO plugin. -->","yoast_head_json":{"title":"AB'den T\u00fcrkiye'ye HDP ele\u015ftirisi - Bati Ermenistan Ve Bati Ermenileri Sorunlari Ara\u015ftirmalar Merkezi","robots":{"index":"index","follow":"follow","max-snippet":"max-snippet:-1","max-image-preview":"max-image-preview:large","max-video-preview":"max-video-preview:-1"},"canonical":"https:\/\/akunq.net\/tr\/?p=61620","og_locale":"en_US","og_type":"article","og_title":"AB'den T\u00fcrkiye'ye HDP ele\u015ftirisi - Bati Ermenistan Ve Bati Ermenileri Sorunlari Ara\u015ftirmalar Merkezi","og_description":"AB Y\u00fcksek Temsilcisi Josep Borrell, &#8220;HDP&#8217;ye y\u00f6nelik s\u00fcregelen bask\u0131lar nedeniyle&#8221; derin endi\u015fe duyduklar\u0131n\u0131 belirterek T\u00fcrkiye&#8217;ye hukukun \u00fcst\u00fcnl\u00fc\u011f\u00fc ve masumiyet karinesi ilkelerini hat\u0131rlatt\u0131. AB D\u0131\u015f \u0130li\u015fkiler ve G\u00fcvenlik Politikalar\u0131 Y\u00fcksek Temsilcisi Josep Borrell, T\u00fcrkiye&#8217;de Halklar\u0131n Demokratik Partisi (HDP) ve parti \u00fcyelerine y\u00f6nelik uygulamalar\u0131 ele\u015ftiren bir a\u00e7\u0131klama yapt\u0131. Borrell&#8217;in s\u00f6zc\u00fcs\u00fc Peter Stano, &#8220;AB&#8217;nin HDP ve \u00fcyelerine y\u00f6nelik [&hellip;]","og_url":"https:\/\/akunq.net\/tr\/?p=61620","og_site_name":"Bati Ermenistan Ve Bati Ermenileri Sorunlari Ara\u015ftirmalar Merkezi","article_published_time":"2021-02-24T07:49:13+00:00","og_image":[{"width":720,"height":409,"url":"https:\/\/akunq.net\/tr\/wp-content\/uploads\/sites\/6\/2021\/02\/\u0535\u0544.jpg","type":"image\/jpeg"}],"author":"admin","twitter_card":"summary_large_image","twitter_misc":{"Written by":"admin","Est. reading time":"1 minute"},"schema":{"@context":"https:\/\/schema.org","@graph":[{"@type":"Article","@id":"https:\/\/akunq.net\/tr\/?p=61620#article","isPartOf":{"@id":"https:\/\/akunq.net\/tr\/?p=61620"},"author":{"name":"admin","@id":"https:\/\/akunq.net\/tr\/#\/schema\/person\/096f1d38a12cce57fb855b485ed24c9e"},"headline":"AB&#8217;den T\u00fcrkiye&#8217;ye HDP ele\u015ftirisi","datePublished":"2021-02-24T07:49:13+00:00","mainEntityOfPage":{"@id":"https:\/\/akunq.net\/tr\/?p=61620"},"wordCount":283,"commentCount":0,"image":{"@id":"https:\/\/akunq.net\/tr\/?p=61620#primaryimage"},"thumbnailUrl":"https:\/\/akunq.net\/tr\/wp-content\/uploads\/sites\/6\/2021\/02\/\u0535\u0544.jpg","articleSection":["Haberler"],"inLanguage":"en-US","potentialAction":[{"@type":"CommentAction","name":"Comment","target":["https:\/\/akunq.net\/tr\/?p=61620#respond"]}]},{"@type":"WebPage","@id":"https:\/\/akunq.net\/tr\/?p=61620","url":"https:\/\/akunq.net\/tr\/?p=61620","name":"AB'den T\u00fcrkiye'ye HDP ele\u015ftirisi - Bati Ermenistan Ve Bati Ermenileri Sorunlari Ara\u015ftirmalar Merkezi","isPartOf":{"@id":"https:\/\/akunq.net\/tr\/#website"},"primaryImageOfPage":{"@id":"https:\/\/akunq.net\/tr\/?p=61620#primaryimage"},"image":{"@id":"https:\/\/akunq.net\/tr\/?p=61620#primaryimage"},"thumbnailUrl":"https:\/\/akunq.net\/tr\/wp-content\/uploads\/sites\/6\/2021\/02\/\u0535\u0544.jpg","datePublished":"2021-02-24T07:49:13+00:00","author":{"@id":"https:\/\/akunq.net\/tr\/#\/schema\/person\/096f1d38a12cce57fb855b485ed24c9e"},"breadcrumb":{"@id":"https:\/\/akunq.net\/tr\/?p=61620#breadcrumb"},"inLanguage":"en-US","potentialAction":[{"@type":"ReadAction","target":["https:\/\/akunq.net\/tr\/?p=61620"]}]},{"@type":"ImageObject","inLanguage":"en-US","@id":"https:\/\/akunq.net\/tr\/?p=61620#primaryimage","url":"https:\/\/akunq.net\/tr\/wp-content\/uploads\/sites\/6\/2021\/02\/\u0535\u0544.jpg","contentUrl":"https:\/\/akunq.net\/tr\/wp-content\/uploads\/sites\/6\/2021\/02\/\u0535\u0544.jpg","width":720,"height":409},{"@type":"BreadcrumbList","@id":"https:\/\/akunq.net\/tr\/?p=61620#breadcrumb","itemListElement":[{"@type":"ListItem","position":1,"name":"Home","item":"https:\/\/akunq.net\/tr"},{"@type":"ListItem","position":2,"name":"AB&#8217;den T\u00fcrkiye&#8217;ye HDP ele\u015ftirisi"}]},{"@type":"WebSite","@id":"https:\/\/akunq.net\/tr\/#website","url":"https:\/\/akunq.net\/tr\/","name":"Bati Ermenistan Ve Bati Ermenileri Sorunlari Ara\u015ftirmalar Merkezi","description":"","potentialAction":[{"@type":"SearchAction","target":{"@type":"EntryPoint","urlTemplate":"https:\/\/akunq.net\/tr\/?s={search_term_string}"},"query-input":{"@type":"PropertyValueSpecification","valueRequired":true,"valueName":"search_term_string"}}],"inLanguage":"en-US"},{"@type":"Person","@id":"https:\/\/akunq.net\/tr\/#\/schema\/person\/096f1d38a12cce57fb855b485ed24c9e","name":"admin","url":"https:\/\/akunq.net\/tr\/?author=7"}]}},"_links":{"self":[{"href":"https:\/\/akunq.net\/tr\/index.php?rest_route=\/wp\/v2\/posts\/61620","targetHints":{"allow":["GET"]}}],"collection":[{"href":"https:\/\/akunq.net\/tr\/index.php?rest_route=\/wp\/v2\/posts"}],"about":[{"href":"https:\/\/akunq.net\/tr\/index.php?rest_route=\/wp\/v2\/types\/post"}],"author":[{"embeddable":true,"href":"https:\/\/akunq.net\/tr\/index.php?rest_route=\/wp\/v2\/users\/7"}],"replies":[{"embeddable":true,"href":"https:\/\/akunq.net\/tr\/index.php?rest_route=%2Fwp%2Fv2%2Fcomments&post=61620"}],"version-history":[{"count":1,"href":"https:\/\/akunq.net\/tr\/index.php?rest_route=\/wp\/v2\/posts\/61620\/revisions"}],"predecessor-version":[{"id":61622,"href":"https:\/\/akunq.net\/tr\/index.php?rest_route=\/wp\/v2\/posts\/61620\/revisions\/61622"}],"wp:featuredmedia":[{"embeddable":true,"href":"https:\/\/akunq.net\/tr\/index.php?rest_route=\/wp\/v2\/media\/61621"}],"wp:attachment":[{"href":"https:\/\/akunq.net\/tr\/index.php?rest_route=%2Fwp%2Fv2%2Fmedia&parent=61620"}],"wp:term":[{"taxonomy":"category","embeddable":true,"href":"https:\/\/akunq.net\/tr\/index.php?rest_route=%2Fwp%2Fv2%2Fcategories&post=61620"},{"taxonomy":"post_tag","embeddable":true,"href":"https:\/\/akunq.net\/tr\/index.php?rest_route=%2Fwp%2Fv2%2Ftags&post=61620"}],"curies":[{"name":"wp","href":"https:\/\/api.w.org\/{rel}","templated":true}]}}