{"id":61610,"date":"2021-02-23T03:36:40","date_gmt":"2021-02-23T08:36:40","guid":{"rendered":"https:\/\/akunq.net\/tr\/?p=61610"},"modified":"2021-02-23T03:36:40","modified_gmt":"2021-02-23T08:36:40","slug":"amerika-ermeni-davasi-konseyinden-garo-paylana-destek","status":"publish","type":"post","link":"https:\/\/akunq.net\/tr\/?p=61610","title":{"rendered":"Amerika Ermeni Davas\u0131 Konseyi\u2019nden Garo Paylan\u2019a destek"},"content":{"rendered":"<p><img loading=\"lazy\" decoding=\"async\" class=\"aligncenter size-medium wp-image-61611\" src=\"https:\/\/akunq.net\/tr\/wp-content\/uploads\/2021\/02\/Paylan-270x270.jpg\" alt=\"\" width=\"270\" height=\"270\" srcset=\"https:\/\/akunq.net\/tr\/wp-content\/uploads\/sites\/6\/2021\/02\/Paylan-270x270.jpg 270w, https:\/\/akunq.net\/tr\/wp-content\/uploads\/sites\/6\/2021\/02\/Paylan-150x150.jpg 150w, https:\/\/akunq.net\/tr\/wp-content\/uploads\/sites\/6\/2021\/02\/Paylan-768x768.jpg 768w, https:\/\/akunq.net\/tr\/wp-content\/uploads\/sites\/6\/2021\/02\/Paylan-1536x1536.jpg 1536w, https:\/\/akunq.net\/tr\/wp-content\/uploads\/sites\/6\/2021\/02\/Paylan-560x560.jpg 560w, https:\/\/akunq.net\/tr\/wp-content\/uploads\/sites\/6\/2021\/02\/Paylan-260x260.jpg 260w, https:\/\/akunq.net\/tr\/wp-content\/uploads\/sites\/6\/2021\/02\/Paylan-160x160.jpg 160w, https:\/\/akunq.net\/tr\/wp-content\/uploads\/sites\/6\/2021\/02\/Paylan.jpg 1658w\" sizes=\"auto, (max-width: 270px) 100vw, 270px\" \/><\/p>\n<p><strong><em>Amerika Ermeni Davas\u0131 Konseyi (ANCA), Facebook \u00fczerinden yapt\u0131\u011f\u0131 bir payla\u015f\u0131mda, uluslararas\u0131 hukuk kurulu\u015flar\u0131n\u0131 TBMM Ermeni milletvekili Garo Paylan\u2019\u0131 korumaya \u00e7a\u011f\u0131rd\u0131.<\/em><\/strong><\/p>\n<p>Paylan\u2019\u0131n k\u00fcrs\u00fc dokunulmazl\u0131\u011f\u0131n\u0131 kald\u0131rmaya \u00e7al\u0131\u015f\u0131ld\u0131\u011f\u0131ndan endi\u015fe duyan ANCA, \u201cAmnesty \u0130nternational, Human Rights Watch ve D\u0131\u015fi\u015fleri Bakanl\u0131\u011f\u0131\u2019n\u0131, T\u00fcrk h\u00fck\u00fcmetinin, Ermeni k\u00f6kenli Garo Paylan dahil TBMM milletvekillerinin dokunulmazl\u0131\u011f\u0131n\u0131 (bir kez daha) kald\u0131rma niyetinde oldu\u011funu bildirin\u201d ifadelerine yer verdi.<\/p>\n<div class=\"fb-post fb_iframe_widget\" data-href=\"https:\/\/www.facebook.com\/ancagrassroots\/photos\/a.172324551858\/10158210269171859\/?type=3\" data-width=\"552\"><iframe loading=\"lazy\" class=\"\" title=\"fb:post Facebook Social Plugin\" src=\"https:\/\/www.facebook.com\/v2.3\/plugins\/post.php?app_id=249643311490&amp;channel=https%3A%2F%2Fstaticxx.facebook.com%2Fx%2Fconnect%2Fxd_arbiter%2F%3Fversion%3D46%23cb%3Df17e686597e74e4%26domain%3Dhyetert.org%26origin%3Dhttps%253A%252F%252Fhyetert.org%252Ff135b302b35b328%26relation%3Dparent.parent&amp;container_width=0&amp;href=https%3A%2F%2Fwww.facebook.com%2Fancagrassroots%2Fphotos%2Fa.172324551858%2F10158210269171859%2F%3Ftype%3D3&amp;locale=tr_TR&amp;sdk=joey&amp;width=552\" name=\"f23229a5d94b848\" width=\"552px\" height=\"1000px\" frameborder=\"0\" scrolling=\"no\" allowfullscreen=\"allowfullscreen\" data-testid=\"fb:post Facebook Social Plugin\" data-mce-fragment=\"1\"><\/iframe><\/div>\n<hr \/>\n<p><em><strong><a href=\"https:\/\/www.ermenihaber.am\/tr\/news\/2021\/02\/22\/ANCA-ABD-Garo-Paylan\/202851\" target=\"_blank\" rel=\"noopener noreferrer\">ERMEN\u0130 HABER AJANSI<\/a><\/strong><\/em><\/p>\n","protected":false},"excerpt":{"rendered":"<p>Amerika Ermeni Davas\u0131 Konseyi (ANCA), Facebook \u00fczerinden yapt\u0131\u011f\u0131 bir payla\u015f\u0131mda, uluslararas\u0131 hukuk kurulu\u015flar\u0131n\u0131 TBMM Ermeni milletvekili Garo Paylan\u2019\u0131 korumaya \u00e7a\u011f\u0131rd\u0131. Paylan\u2019\u0131n k\u00fcrs\u00fc dokunulmazl\u0131\u011f\u0131n\u0131 kald\u0131rmaya \u00e7al\u0131\u015f\u0131ld\u0131\u011f\u0131ndan endi\u015fe duyan ANCA, \u201cAmnesty \u0130nternational, Human Rights Watch ve D\u0131\u015fi\u015fleri Bakanl\u0131\u011f\u0131\u2019n\u0131, T\u00fcrk h\u00fck\u00fcmetinin, Ermeni k\u00f6kenli Garo Paylan dahil TBMM milletvekillerinin dokunulmazl\u0131\u011f\u0131n\u0131 (bir kez daha) kald\u0131rma niyetinde oldu\u011funu bildirin\u201d ifadelerine yer [&hellip;]<\/p>\n","protected":false},"author":7,"featured_media":61611,"comment_status":"open","ping_status":"open","sticky":false,"template":"","format":"standard","meta":{"footnotes":""},"categories":[1],"tags":[],"class_list":["post-61610","post","type-post","status-publish","format-standard","has-post-thumbnail","hentry","category-haberler"],"yoast_head":"<!-- This site is optimized with the Yoast SEO plugin v27.4 - https:\/\/yoast.com\/product\/yoast-seo-wordpress\/ -->\n<title>Amerika Ermeni Davas\u0131 Konseyi\u2019nden Garo Paylan\u2019a destek - Bati Ermenistan Ve Bati Ermenileri Sorunlari Ara\u015ftirmalar Merkezi<\/title>\n<meta name=\"robots\" content=\"index, follow, max-snippet:-1, max-image-preview:large, max-video-preview:-1\" \/>\n<link rel=\"canonical\" href=\"https:\/\/akunq.net\/tr\/?p=61610\" \/>\n<meta property=\"og:locale\" content=\"en_US\" \/>\n<meta property=\"og:type\" content=\"article\" \/>\n<meta property=\"og:title\" content=\"Amerika Ermeni Davas\u0131 Konseyi\u2019nden Garo Paylan\u2019a destek - Bati Ermenistan Ve Bati Ermenileri Sorunlari Ara\u015ftirmalar Merkezi\" \/>\n<meta property=\"og:description\" content=\"Amerika Ermeni Davas\u0131 Konseyi (ANCA), Facebook \u00fczerinden yapt\u0131\u011f\u0131 bir payla\u015f\u0131mda, uluslararas\u0131 hukuk kurulu\u015flar\u0131n\u0131 TBMM Ermeni milletvekili Garo Paylan\u2019\u0131 korumaya \u00e7a\u011f\u0131rd\u0131. Paylan\u2019\u0131n k\u00fcrs\u00fc dokunulmazl\u0131\u011f\u0131n\u0131 kald\u0131rmaya \u00e7al\u0131\u015f\u0131ld\u0131\u011f\u0131ndan endi\u015fe duyan ANCA, \u201cAmnesty \u0130nternational, Human Rights Watch ve D\u0131\u015fi\u015fleri Bakanl\u0131\u011f\u0131\u2019n\u0131, T\u00fcrk h\u00fck\u00fcmetinin, Ermeni k\u00f6kenli Garo Paylan dahil TBMM milletvekillerinin dokunulmazl\u0131\u011f\u0131n\u0131 (bir kez daha) kald\u0131rma niyetinde oldu\u011funu bildirin\u201d ifadelerine yer [&hellip;]\" \/>\n<meta property=\"og:url\" content=\"https:\/\/akunq.net\/tr\/?p=61610\" \/>\n<meta property=\"og:site_name\" content=\"Bati Ermenistan Ve Bati Ermenileri Sorunlari Ara\u015ftirmalar Merkezi\" \/>\n<meta property=\"article:published_time\" content=\"2021-02-23T08:36:40+00:00\" \/>\n<meta property=\"og:image\" content=\"https:\/\/akunq.net\/tr\/wp-content\/uploads\/sites\/6\/2021\/02\/Paylan.jpg\" \/>\n\t<meta property=\"og:image:width\" content=\"1658\" \/>\n\t<meta property=\"og:image:height\" content=\"1658\" \/>\n\t<meta property=\"og:image:type\" content=\"image\/jpeg\" \/>\n<meta name=\"author\" content=\"admin\" \/>\n<meta name=\"twitter:card\" content=\"summary_large_image\" \/>\n<meta name=\"twitter:label1\" content=\"Written by\" \/>\n\t<meta name=\"twitter:data1\" content=\"admin\" \/>\n<script type=\"application\/ld+json\" class=\"yoast-schema-graph\">{\"@context\":\"https:\\\/\\\/schema.org\",\"@graph\":[{\"@type\":\"Article\",\"@id\":\"https:\\\/\\\/akunq.net\\\/tr\\\/?p=61610#article\",\"isPartOf\":{\"@id\":\"https:\\\/\\\/akunq.net\\\/tr\\\/?p=61610\"},\"author\":{\"name\":\"admin\",\"@id\":\"https:\\\/\\\/akunq.net\\\/tr\\\/#\\\/schema\\\/person\\\/096f1d38a12cce57fb855b485ed24c9e\"},\"headline\":\"Amerika Ermeni Davas\u0131 Konseyi\u2019nden Garo Paylan\u2019a destek\",\"datePublished\":\"2021-02-23T08:36:40+00:00\",\"mainEntityOfPage\":{\"@id\":\"https:\\\/\\\/akunq.net\\\/tr\\\/?p=61610\"},\"wordCount\":89,\"commentCount\":0,\"image\":{\"@id\":\"https:\\\/\\\/akunq.net\\\/tr\\\/?p=61610#primaryimage\"},\"thumbnailUrl\":\"https:\\\/\\\/akunq.net\\\/tr\\\/wp-content\\\/uploads\\\/sites\\\/6\\\/2021\\\/02\\\/Paylan.jpg\",\"articleSection\":[\"Haberler\"],\"inLanguage\":\"en-US\",\"potentialAction\":[{\"@type\":\"CommentAction\",\"name\":\"Comment\",\"target\":[\"https:\\\/\\\/akunq.net\\\/tr\\\/?p=61610#respond\"]}]},{\"@type\":\"WebPage\",\"@id\":\"https:\\\/\\\/akunq.net\\\/tr\\\/?p=61610\",\"url\":\"https:\\\/\\\/akunq.net\\\/tr\\\/?p=61610\",\"name\":\"Amerika Ermeni Davas\u0131 Konseyi\u2019nden Garo Paylan\u2019a destek - Bati Ermenistan Ve Bati Ermenileri Sorunlari Ara\u015ftirmalar Merkezi\",\"isPartOf\":{\"@id\":\"https:\\\/\\\/akunq.net\\\/tr\\\/#website\"},\"primaryImageOfPage\":{\"@id\":\"https:\\\/\\\/akunq.net\\\/tr\\\/?p=61610#primaryimage\"},\"image\":{\"@id\":\"https:\\\/\\\/akunq.net\\\/tr\\\/?p=61610#primaryimage\"},\"thumbnailUrl\":\"https:\\\/\\\/akunq.net\\\/tr\\\/wp-content\\\/uploads\\\/sites\\\/6\\\/2021\\\/02\\\/Paylan.jpg\",\"datePublished\":\"2021-02-23T08:36:40+00:00\",\"author\":{\"@id\":\"https:\\\/\\\/akunq.net\\\/tr\\\/#\\\/schema\\\/person\\\/096f1d38a12cce57fb855b485ed24c9e\"},\"breadcrumb\":{\"@id\":\"https:\\\/\\\/akunq.net\\\/tr\\\/?p=61610#breadcrumb\"},\"inLanguage\":\"en-US\",\"potentialAction\":[{\"@type\":\"ReadAction\",\"target\":[\"https:\\\/\\\/akunq.net\\\/tr\\\/?p=61610\"]}]},{\"@type\":\"ImageObject\",\"inLanguage\":\"en-US\",\"@id\":\"https:\\\/\\\/akunq.net\\\/tr\\\/?p=61610#primaryimage\",\"url\":\"https:\\\/\\\/akunq.net\\\/tr\\\/wp-content\\\/uploads\\\/sites\\\/6\\\/2021\\\/02\\\/Paylan.jpg\",\"contentUrl\":\"https:\\\/\\\/akunq.net\\\/tr\\\/wp-content\\\/uploads\\\/sites\\\/6\\\/2021\\\/02\\\/Paylan.jpg\",\"width\":1658,\"height\":1658},{\"@type\":\"BreadcrumbList\",\"@id\":\"https:\\\/\\\/akunq.net\\\/tr\\\/?p=61610#breadcrumb\",\"itemListElement\":[{\"@type\":\"ListItem\",\"position\":1,\"name\":\"Home\",\"item\":\"https:\\\/\\\/akunq.net\\\/tr\"},{\"@type\":\"ListItem\",\"position\":2,\"name\":\"Amerika Ermeni Davas\u0131 Konseyi\u2019nden Garo Paylan\u2019a destek\"}]},{\"@type\":\"WebSite\",\"@id\":\"https:\\\/\\\/akunq.net\\\/tr\\\/#website\",\"url\":\"https:\\\/\\\/akunq.net\\\/tr\\\/\",\"name\":\"Bati Ermenistan Ve Bati Ermenileri Sorunlari Ara\u015ftirmalar Merkezi\",\"description\":\"\",\"potentialAction\":[{\"@type\":\"SearchAction\",\"target\":{\"@type\":\"EntryPoint\",\"urlTemplate\":\"https:\\\/\\\/akunq.net\\\/tr\\\/?s={search_term_string}\"},\"query-input\":{\"@type\":\"PropertyValueSpecification\",\"valueRequired\":true,\"valueName\":\"search_term_string\"}}],\"inLanguage\":\"en-US\"},{\"@type\":\"Person\",\"@id\":\"https:\\\/\\\/akunq.net\\\/tr\\\/#\\\/schema\\\/person\\\/096f1d38a12cce57fb855b485ed24c9e\",\"name\":\"admin\",\"url\":\"https:\\\/\\\/akunq.net\\\/tr\\\/?author=7\"}]}<\/script>\n<!-- \/ Yoast SEO plugin. -->","yoast_head_json":{"title":"Amerika Ermeni Davas\u0131 Konseyi\u2019nden Garo Paylan\u2019a destek - Bati Ermenistan Ve Bati Ermenileri Sorunlari Ara\u015ftirmalar Merkezi","robots":{"index":"index","follow":"follow","max-snippet":"max-snippet:-1","max-image-preview":"max-image-preview:large","max-video-preview":"max-video-preview:-1"},"canonical":"https:\/\/akunq.net\/tr\/?p=61610","og_locale":"en_US","og_type":"article","og_title":"Amerika Ermeni Davas\u0131 Konseyi\u2019nden Garo Paylan\u2019a destek - Bati Ermenistan Ve Bati Ermenileri Sorunlari Ara\u015ftirmalar Merkezi","og_description":"Amerika Ermeni Davas\u0131 Konseyi (ANCA), Facebook \u00fczerinden yapt\u0131\u011f\u0131 bir payla\u015f\u0131mda, uluslararas\u0131 hukuk kurulu\u015flar\u0131n\u0131 TBMM Ermeni milletvekili Garo Paylan\u2019\u0131 korumaya \u00e7a\u011f\u0131rd\u0131. Paylan\u2019\u0131n k\u00fcrs\u00fc dokunulmazl\u0131\u011f\u0131n\u0131 kald\u0131rmaya \u00e7al\u0131\u015f\u0131ld\u0131\u011f\u0131ndan endi\u015fe duyan ANCA, \u201cAmnesty \u0130nternational, Human Rights Watch ve D\u0131\u015fi\u015fleri Bakanl\u0131\u011f\u0131\u2019n\u0131, T\u00fcrk h\u00fck\u00fcmetinin, Ermeni k\u00f6kenli Garo Paylan dahil TBMM milletvekillerinin dokunulmazl\u0131\u011f\u0131n\u0131 (bir kez daha) kald\u0131rma niyetinde oldu\u011funu bildirin\u201d ifadelerine yer [&hellip;]","og_url":"https:\/\/akunq.net\/tr\/?p=61610","og_site_name":"Bati Ermenistan Ve Bati Ermenileri Sorunlari Ara\u015ftirmalar Merkezi","article_published_time":"2021-02-23T08:36:40+00:00","og_image":[{"width":1658,"height":1658,"url":"https:\/\/akunq.net\/tr\/wp-content\/uploads\/sites\/6\/2021\/02\/Paylan.jpg","type":"image\/jpeg"}],"author":"admin","twitter_card":"summary_large_image","twitter_misc":{"Written by":"admin"},"schema":{"@context":"https:\/\/schema.org","@graph":[{"@type":"Article","@id":"https:\/\/akunq.net\/tr\/?p=61610#article","isPartOf":{"@id":"https:\/\/akunq.net\/tr\/?p=61610"},"author":{"name":"admin","@id":"https:\/\/akunq.net\/tr\/#\/schema\/person\/096f1d38a12cce57fb855b485ed24c9e"},"headline":"Amerika Ermeni Davas\u0131 Konseyi\u2019nden Garo Paylan\u2019a destek","datePublished":"2021-02-23T08:36:40+00:00","mainEntityOfPage":{"@id":"https:\/\/akunq.net\/tr\/?p=61610"},"wordCount":89,"commentCount":0,"image":{"@id":"https:\/\/akunq.net\/tr\/?p=61610#primaryimage"},"thumbnailUrl":"https:\/\/akunq.net\/tr\/wp-content\/uploads\/sites\/6\/2021\/02\/Paylan.jpg","articleSection":["Haberler"],"inLanguage":"en-US","potentialAction":[{"@type":"CommentAction","name":"Comment","target":["https:\/\/akunq.net\/tr\/?p=61610#respond"]}]},{"@type":"WebPage","@id":"https:\/\/akunq.net\/tr\/?p=61610","url":"https:\/\/akunq.net\/tr\/?p=61610","name":"Amerika Ermeni Davas\u0131 Konseyi\u2019nden Garo Paylan\u2019a destek - Bati Ermenistan Ve Bati Ermenileri Sorunlari Ara\u015ftirmalar Merkezi","isPartOf":{"@id":"https:\/\/akunq.net\/tr\/#website"},"primaryImageOfPage":{"@id":"https:\/\/akunq.net\/tr\/?p=61610#primaryimage"},"image":{"@id":"https:\/\/akunq.net\/tr\/?p=61610#primaryimage"},"thumbnailUrl":"https:\/\/akunq.net\/tr\/wp-content\/uploads\/sites\/6\/2021\/02\/Paylan.jpg","datePublished":"2021-02-23T08:36:40+00:00","author":{"@id":"https:\/\/akunq.net\/tr\/#\/schema\/person\/096f1d38a12cce57fb855b485ed24c9e"},"breadcrumb":{"@id":"https:\/\/akunq.net\/tr\/?p=61610#breadcrumb"},"inLanguage":"en-US","potentialAction":[{"@type":"ReadAction","target":["https:\/\/akunq.net\/tr\/?p=61610"]}]},{"@type":"ImageObject","inLanguage":"en-US","@id":"https:\/\/akunq.net\/tr\/?p=61610#primaryimage","url":"https:\/\/akunq.net\/tr\/wp-content\/uploads\/sites\/6\/2021\/02\/Paylan.jpg","contentUrl":"https:\/\/akunq.net\/tr\/wp-content\/uploads\/sites\/6\/2021\/02\/Paylan.jpg","width":1658,"height":1658},{"@type":"BreadcrumbList","@id":"https:\/\/akunq.net\/tr\/?p=61610#breadcrumb","itemListElement":[{"@type":"ListItem","position":1,"name":"Home","item":"https:\/\/akunq.net\/tr"},{"@type":"ListItem","position":2,"name":"Amerika Ermeni Davas\u0131 Konseyi\u2019nden Garo Paylan\u2019a destek"}]},{"@type":"WebSite","@id":"https:\/\/akunq.net\/tr\/#website","url":"https:\/\/akunq.net\/tr\/","name":"Bati Ermenistan Ve Bati Ermenileri Sorunlari Ara\u015ftirmalar Merkezi","description":"","potentialAction":[{"@type":"SearchAction","target":{"@type":"EntryPoint","urlTemplate":"https:\/\/akunq.net\/tr\/?s={search_term_string}"},"query-input":{"@type":"PropertyValueSpecification","valueRequired":true,"valueName":"search_term_string"}}],"inLanguage":"en-US"},{"@type":"Person","@id":"https:\/\/akunq.net\/tr\/#\/schema\/person\/096f1d38a12cce57fb855b485ed24c9e","name":"admin","url":"https:\/\/akunq.net\/tr\/?author=7"}]}},"_links":{"self":[{"href":"https:\/\/akunq.net\/tr\/index.php?rest_route=\/wp\/v2\/posts\/61610","targetHints":{"allow":["GET"]}}],"collection":[{"href":"https:\/\/akunq.net\/tr\/index.php?rest_route=\/wp\/v2\/posts"}],"about":[{"href":"https:\/\/akunq.net\/tr\/index.php?rest_route=\/wp\/v2\/types\/post"}],"author":[{"embeddable":true,"href":"https:\/\/akunq.net\/tr\/index.php?rest_route=\/wp\/v2\/users\/7"}],"replies":[{"embeddable":true,"href":"https:\/\/akunq.net\/tr\/index.php?rest_route=%2Fwp%2Fv2%2Fcomments&post=61610"}],"version-history":[{"count":1,"href":"https:\/\/akunq.net\/tr\/index.php?rest_route=\/wp\/v2\/posts\/61610\/revisions"}],"predecessor-version":[{"id":61612,"href":"https:\/\/akunq.net\/tr\/index.php?rest_route=\/wp\/v2\/posts\/61610\/revisions\/61612"}],"wp:featuredmedia":[{"embeddable":true,"href":"https:\/\/akunq.net\/tr\/index.php?rest_route=\/wp\/v2\/media\/61611"}],"wp:attachment":[{"href":"https:\/\/akunq.net\/tr\/index.php?rest_route=%2Fwp%2Fv2%2Fmedia&parent=61610"}],"wp:term":[{"taxonomy":"category","embeddable":true,"href":"https:\/\/akunq.net\/tr\/index.php?rest_route=%2Fwp%2Fv2%2Fcategories&post=61610"},{"taxonomy":"post_tag","embeddable":true,"href":"https:\/\/akunq.net\/tr\/index.php?rest_route=%2Fwp%2Fv2%2Ftags&post=61610"}],"curies":[{"name":"wp","href":"https:\/\/api.w.org\/{rel}","templated":true}]}}