{"id":61600,"date":"2021-02-23T02:30:00","date_gmt":"2021-02-23T07:30:00","guid":{"rendered":"https:\/\/akunq.net\/tr\/?p=61600"},"modified":"2021-02-23T02:30:00","modified_gmt":"2021-02-23T07:30:00","slug":"toscanada-ermeni-soykiriminin-anisina-ithaf-olunan-ermeni-anne-anitinin-acilisi-yapildi","status":"publish","type":"post","link":"https:\/\/akunq.net\/tr\/?p=61600","title":{"rendered":"Toscana&#8217;da Ermeni Soyk\u0131r\u0131m\u0131&#8217;n\u0131n an\u0131s\u0131na ithaf olunan &#8220;Ermeni Anne&#8221; an\u0131t\u0131n\u0131n a\u00e7\u0131l\u0131\u015f\u0131 yap\u0131ld\u0131"},"content":{"rendered":"<p><img loading=\"lazy\" decoding=\"async\" class=\"aligncenter size-medium wp-image-61601\" src=\"https:\/\/akunq.net\/tr\/wp-content\/uploads\/2021\/02\/Ermeni-Soyk\u0131r\u0131m\u0131-360x270.jpg\" alt=\"\" width=\"360\" height=\"270\" srcset=\"https:\/\/akunq.net\/tr\/wp-content\/uploads\/sites\/6\/2021\/02\/Ermeni-Soyk\u0131r\u0131m\u0131-360x270.jpg 360w, https:\/\/akunq.net\/tr\/wp-content\/uploads\/sites\/6\/2021\/02\/Ermeni-Soyk\u0131r\u0131m\u0131-768x574.jpg 768w, https:\/\/akunq.net\/tr\/wp-content\/uploads\/sites\/6\/2021\/02\/Ermeni-Soyk\u0131r\u0131m\u0131-560x418.jpg 560w, https:\/\/akunq.net\/tr\/wp-content\/uploads\/sites\/6\/2021\/02\/Ermeni-Soyk\u0131r\u0131m\u0131-260x194.jpg 260w, https:\/\/akunq.net\/tr\/wp-content\/uploads\/sites\/6\/2021\/02\/Ermeni-Soyk\u0131r\u0131m\u0131-160x120.jpg 160w, https:\/\/akunq.net\/tr\/wp-content\/uploads\/sites\/6\/2021\/02\/Ermeni-Soyk\u0131r\u0131m\u0131.jpg 1000w\" sizes=\"auto, (max-width: 360px) 100vw, 360px\" \/><\/p>\n<p><em><strong>\u0130talya\u2019n\u0131n Toskana \u015fehrinde Ermeni Soyk\u0131r\u0131m\u0131\u2019n\u0131n an\u0131s\u0131na ithaf olunan \u201cErmeni Anne\u201d adl\u0131 an\u0131t\u0131n a\u00e7\u0131l\u0131\u015f\u0131 yap\u0131ld\u0131.<\/strong><\/em><\/p>\n<p>\u0130talya\u2019da Ermenistan B\u00fcy\u00fckel\u00e7ili\u011fi\u2019nden yap\u0131lan a\u00e7\u0131klamada, \u201cVigen Avitis\u2019in, Ermeni Soyk\u0131r\u0131m\u0131\u2019n\u0131n 100. y\u0131ld\u00f6n\u00fcm\u00fcne ithaf etti\u011fi \u201cErmeni Anne\u201d an\u0131t\u0131, \u015fuanda Toskana\u2019daki Cavriglia Belediyesi\u2019nin \u00f6n\u00fcnde sergileniyor.<\/p>\n<p>Heykeltra\u015f, d\u00fcnyan\u0131n d\u00f6rt bir ucunda bulunan evlatlar\u0131n\u0131 koruyan bir anneyi tasvir etti\u201d ifadelerine yer verildi.<\/p>\n<div class=\"fb-post fb_iframe_widget\" data-href=\"https:\/\/www.facebook.com\/HayastaniDespanutyun\/posts\/3634111510018638\" data-show-text=\"true\" data-width=\"500\"><iframe loading=\"lazy\" class=\"\" title=\"fb:post Facebook Social Plugin\" src=\"https:\/\/www.facebook.com\/plugins\/post.php?app_id=1913765768903226&amp;channel=https%3A%2F%2Fstaticxx.facebook.com%2Fx%2Fconnect%2Fxd_arbiter%2F%3Fversion%3D46%23cb%3Df3ae9479c281ffc%26domain%3Dwww.ermenihaber.am%26origin%3Dhttps%253A%252F%252Fwww.ermenihaber.am%252Ff25aa0f9e8a58ec%26relation%3Dparent.parent&amp;container_width=688&amp;href=https%3A%2F%2Fwww.facebook.com%2FHayastaniDespanutyun%2Fposts%2F3634111510018638&amp;locale=en_US&amp;sdk=joey&amp;show_text=true&amp;width=500\" name=\"f346c7b80b0028\" width=\"500px\" height=\"1000px\" frameborder=\"0\" scrolling=\"no\" allowfullscreen=\"allowfullscreen\" data-testid=\"fb:post Facebook Social Plugin\" data-mce-fragment=\"1\"><\/iframe><\/div>\n<p><em><strong>https:\/\/www.ermenihaber.am\/tr\/news\/2021\/02\/22\/%C4%B0talya-Toscana-Ermeni-Soyk%C4%B1r%C4%B1m%C4%B1\/202884\u00a0<\/strong><\/em><\/p>\n","protected":false},"excerpt":{"rendered":"<p>\u0130talya\u2019n\u0131n Toskana \u015fehrinde Ermeni Soyk\u0131r\u0131m\u0131\u2019n\u0131n an\u0131s\u0131na ithaf olunan \u201cErmeni Anne\u201d adl\u0131 an\u0131t\u0131n a\u00e7\u0131l\u0131\u015f\u0131 yap\u0131ld\u0131. \u0130talya\u2019da Ermenistan B\u00fcy\u00fckel\u00e7ili\u011fi\u2019nden yap\u0131lan a\u00e7\u0131klamada, \u201cVigen Avitis\u2019in, Ermeni Soyk\u0131r\u0131m\u0131\u2019n\u0131n 100. y\u0131ld\u00f6n\u00fcm\u00fcne ithaf etti\u011fi \u201cErmeni Anne\u201d an\u0131t\u0131, \u015fuanda Toskana\u2019daki Cavriglia Belediyesi\u2019nin \u00f6n\u00fcnde sergileniyor. Heykeltra\u015f, d\u00fcnyan\u0131n d\u00f6rt bir ucunda bulunan evlatlar\u0131n\u0131 koruyan bir anneyi tasvir etti\u201d ifadelerine yer verildi. https:\/\/www.ermenihaber.am\/tr\/news\/2021\/02\/22\/%C4%B0talya-Toscana-Ermeni-Soyk%C4%B1r%C4%B1m%C4%B1\/202884\u00a0<\/p>\n","protected":false},"author":7,"featured_media":61601,"comment_status":"open","ping_status":"open","sticky":false,"template":"","format":"standard","meta":{"footnotes":""},"categories":[44,1],"tags":[],"class_list":["post-61600","post","type-post","status-publish","format-standard","has-post-thumbnail","hentry","category-ermeni-soykirimi","category-haberler"],"yoast_head":"<!-- This site is optimized with the Yoast SEO plugin v27.4 - https:\/\/yoast.com\/product\/yoast-seo-wordpress\/ -->\n<title>Toscana&#039;da Ermeni Soyk\u0131r\u0131m\u0131&#039;n\u0131n an\u0131s\u0131na ithaf olunan &quot;Ermeni Anne&quot; an\u0131t\u0131n\u0131n a\u00e7\u0131l\u0131\u015f\u0131 yap\u0131ld\u0131 - Bati Ermenistan Ve Bati Ermenileri Sorunlari Ara\u015ftirmalar Merkezi<\/title>\n<meta name=\"robots\" content=\"index, follow, max-snippet:-1, max-image-preview:large, max-video-preview:-1\" \/>\n<link rel=\"canonical\" href=\"https:\/\/akunq.net\/tr\/?p=61600\" \/>\n<meta property=\"og:locale\" content=\"en_US\" \/>\n<meta property=\"og:type\" content=\"article\" \/>\n<meta property=\"og:title\" content=\"Toscana&#039;da Ermeni Soyk\u0131r\u0131m\u0131&#039;n\u0131n an\u0131s\u0131na ithaf olunan &quot;Ermeni Anne&quot; an\u0131t\u0131n\u0131n a\u00e7\u0131l\u0131\u015f\u0131 yap\u0131ld\u0131 - Bati Ermenistan Ve Bati Ermenileri Sorunlari Ara\u015ftirmalar Merkezi\" \/>\n<meta property=\"og:description\" content=\"\u0130talya\u2019n\u0131n Toskana \u015fehrinde Ermeni Soyk\u0131r\u0131m\u0131\u2019n\u0131n an\u0131s\u0131na ithaf olunan \u201cErmeni Anne\u201d adl\u0131 an\u0131t\u0131n a\u00e7\u0131l\u0131\u015f\u0131 yap\u0131ld\u0131. \u0130talya\u2019da Ermenistan B\u00fcy\u00fckel\u00e7ili\u011fi\u2019nden yap\u0131lan a\u00e7\u0131klamada, \u201cVigen Avitis\u2019in, Ermeni Soyk\u0131r\u0131m\u0131\u2019n\u0131n 100. y\u0131ld\u00f6n\u00fcm\u00fcne ithaf etti\u011fi \u201cErmeni Anne\u201d an\u0131t\u0131, \u015fuanda Toskana\u2019daki Cavriglia Belediyesi\u2019nin \u00f6n\u00fcnde sergileniyor. Heykeltra\u015f, d\u00fcnyan\u0131n d\u00f6rt bir ucunda bulunan evlatlar\u0131n\u0131 koruyan bir anneyi tasvir etti\u201d ifadelerine yer verildi. https:\/\/www.ermenihaber.am\/tr\/news\/2021\/02\/22\/%C4%B0talya-Toscana-Ermeni-Soyk%C4%B1r%C4%B1m%C4%B1\/202884\u00a0\" \/>\n<meta property=\"og:url\" content=\"https:\/\/akunq.net\/tr\/?p=61600\" \/>\n<meta property=\"og:site_name\" content=\"Bati Ermenistan Ve Bati Ermenileri Sorunlari Ara\u015ftirmalar Merkezi\" \/>\n<meta property=\"article:published_time\" content=\"2021-02-23T07:30:00+00:00\" \/>\n<meta property=\"og:image\" content=\"https:\/\/akunq.net\/tr\/wp-content\/uploads\/sites\/6\/2021\/02\/Ermeni-Soyk\u0131r\u0131m\u0131.jpg\" \/>\n\t<meta property=\"og:image:width\" content=\"1000\" \/>\n\t<meta property=\"og:image:height\" content=\"747\" \/>\n\t<meta property=\"og:image:type\" content=\"image\/jpeg\" \/>\n<meta name=\"author\" content=\"admin\" \/>\n<meta name=\"twitter:card\" content=\"summary_large_image\" \/>\n<meta name=\"twitter:label1\" content=\"Written by\" \/>\n\t<meta name=\"twitter:data1\" content=\"admin\" \/>\n\t<meta name=\"twitter:label2\" content=\"Est. reading time\" \/>\n\t<meta name=\"twitter:data2\" content=\"1 minute\" \/>\n<script type=\"application\/ld+json\" class=\"yoast-schema-graph\">{\"@context\":\"https:\\\/\\\/schema.org\",\"@graph\":[{\"@type\":\"Article\",\"@id\":\"https:\\\/\\\/akunq.net\\\/tr\\\/?p=61600#article\",\"isPartOf\":{\"@id\":\"https:\\\/\\\/akunq.net\\\/tr\\\/?p=61600\"},\"author\":{\"name\":\"admin\",\"@id\":\"https:\\\/\\\/akunq.net\\\/tr\\\/#\\\/schema\\\/person\\\/096f1d38a12cce57fb855b485ed24c9e\"},\"headline\":\"Toscana&#8217;da Ermeni Soyk\u0131r\u0131m\u0131&#8217;n\u0131n an\u0131s\u0131na ithaf olunan &#8220;Ermeni Anne&#8221; an\u0131t\u0131n\u0131n a\u00e7\u0131l\u0131\u015f\u0131 yap\u0131ld\u0131\",\"datePublished\":\"2021-02-23T07:30:00+00:00\",\"mainEntityOfPage\":{\"@id\":\"https:\\\/\\\/akunq.net\\\/tr\\\/?p=61600\"},\"wordCount\":127,\"commentCount\":0,\"image\":{\"@id\":\"https:\\\/\\\/akunq.net\\\/tr\\\/?p=61600#primaryimage\"},\"thumbnailUrl\":\"https:\\\/\\\/akunq.net\\\/tr\\\/wp-content\\\/uploads\\\/sites\\\/6\\\/2021\\\/02\\\/Ermeni-Soyk\u0131r\u0131m\u0131.jpg\",\"articleSection\":[\"Ermeni Soyk\u0131r\u0131m\u0131\",\"Haberler\"],\"inLanguage\":\"en-US\",\"potentialAction\":[{\"@type\":\"CommentAction\",\"name\":\"Comment\",\"target\":[\"https:\\\/\\\/akunq.net\\\/tr\\\/?p=61600#respond\"]}]},{\"@type\":\"WebPage\",\"@id\":\"https:\\\/\\\/akunq.net\\\/tr\\\/?p=61600\",\"url\":\"https:\\\/\\\/akunq.net\\\/tr\\\/?p=61600\",\"name\":\"Toscana'da Ermeni Soyk\u0131r\u0131m\u0131'n\u0131n an\u0131s\u0131na ithaf olunan \\\"Ermeni Anne\\\" an\u0131t\u0131n\u0131n a\u00e7\u0131l\u0131\u015f\u0131 yap\u0131ld\u0131 - Bati Ermenistan Ve Bati Ermenileri Sorunlari Ara\u015ftirmalar Merkezi\",\"isPartOf\":{\"@id\":\"https:\\\/\\\/akunq.net\\\/tr\\\/#website\"},\"primaryImageOfPage\":{\"@id\":\"https:\\\/\\\/akunq.net\\\/tr\\\/?p=61600#primaryimage\"},\"image\":{\"@id\":\"https:\\\/\\\/akunq.net\\\/tr\\\/?p=61600#primaryimage\"},\"thumbnailUrl\":\"https:\\\/\\\/akunq.net\\\/tr\\\/wp-content\\\/uploads\\\/sites\\\/6\\\/2021\\\/02\\\/Ermeni-Soyk\u0131r\u0131m\u0131.jpg\",\"datePublished\":\"2021-02-23T07:30:00+00:00\",\"author\":{\"@id\":\"https:\\\/\\\/akunq.net\\\/tr\\\/#\\\/schema\\\/person\\\/096f1d38a12cce57fb855b485ed24c9e\"},\"breadcrumb\":{\"@id\":\"https:\\\/\\\/akunq.net\\\/tr\\\/?p=61600#breadcrumb\"},\"inLanguage\":\"en-US\",\"potentialAction\":[{\"@type\":\"ReadAction\",\"target\":[\"https:\\\/\\\/akunq.net\\\/tr\\\/?p=61600\"]}]},{\"@type\":\"ImageObject\",\"inLanguage\":\"en-US\",\"@id\":\"https:\\\/\\\/akunq.net\\\/tr\\\/?p=61600#primaryimage\",\"url\":\"https:\\\/\\\/akunq.net\\\/tr\\\/wp-content\\\/uploads\\\/sites\\\/6\\\/2021\\\/02\\\/Ermeni-Soyk\u0131r\u0131m\u0131.jpg\",\"contentUrl\":\"https:\\\/\\\/akunq.net\\\/tr\\\/wp-content\\\/uploads\\\/sites\\\/6\\\/2021\\\/02\\\/Ermeni-Soyk\u0131r\u0131m\u0131.jpg\",\"width\":1000,\"height\":747},{\"@type\":\"BreadcrumbList\",\"@id\":\"https:\\\/\\\/akunq.net\\\/tr\\\/?p=61600#breadcrumb\",\"itemListElement\":[{\"@type\":\"ListItem\",\"position\":1,\"name\":\"Home\",\"item\":\"https:\\\/\\\/akunq.net\\\/tr\"},{\"@type\":\"ListItem\",\"position\":2,\"name\":\"Toscana&#8217;da Ermeni Soyk\u0131r\u0131m\u0131&#8217;n\u0131n an\u0131s\u0131na ithaf olunan &#8220;Ermeni Anne&#8221; an\u0131t\u0131n\u0131n a\u00e7\u0131l\u0131\u015f\u0131 yap\u0131ld\u0131\"}]},{\"@type\":\"WebSite\",\"@id\":\"https:\\\/\\\/akunq.net\\\/tr\\\/#website\",\"url\":\"https:\\\/\\\/akunq.net\\\/tr\\\/\",\"name\":\"Bati Ermenistan Ve Bati Ermenileri Sorunlari Ara\u015ftirmalar Merkezi\",\"description\":\"\",\"potentialAction\":[{\"@type\":\"SearchAction\",\"target\":{\"@type\":\"EntryPoint\",\"urlTemplate\":\"https:\\\/\\\/akunq.net\\\/tr\\\/?s={search_term_string}\"},\"query-input\":{\"@type\":\"PropertyValueSpecification\",\"valueRequired\":true,\"valueName\":\"search_term_string\"}}],\"inLanguage\":\"en-US\"},{\"@type\":\"Person\",\"@id\":\"https:\\\/\\\/akunq.net\\\/tr\\\/#\\\/schema\\\/person\\\/096f1d38a12cce57fb855b485ed24c9e\",\"name\":\"admin\",\"url\":\"https:\\\/\\\/akunq.net\\\/tr\\\/?author=7\"}]}<\/script>\n<!-- \/ Yoast SEO plugin. -->","yoast_head_json":{"title":"Toscana'da Ermeni Soyk\u0131r\u0131m\u0131'n\u0131n an\u0131s\u0131na ithaf olunan \"Ermeni Anne\" an\u0131t\u0131n\u0131n a\u00e7\u0131l\u0131\u015f\u0131 yap\u0131ld\u0131 - Bati Ermenistan Ve Bati Ermenileri Sorunlari Ara\u015ftirmalar Merkezi","robots":{"index":"index","follow":"follow","max-snippet":"max-snippet:-1","max-image-preview":"max-image-preview:large","max-video-preview":"max-video-preview:-1"},"canonical":"https:\/\/akunq.net\/tr\/?p=61600","og_locale":"en_US","og_type":"article","og_title":"Toscana'da Ermeni Soyk\u0131r\u0131m\u0131'n\u0131n an\u0131s\u0131na ithaf olunan \"Ermeni Anne\" an\u0131t\u0131n\u0131n a\u00e7\u0131l\u0131\u015f\u0131 yap\u0131ld\u0131 - Bati Ermenistan Ve Bati Ermenileri Sorunlari Ara\u015ftirmalar Merkezi","og_description":"\u0130talya\u2019n\u0131n Toskana \u015fehrinde Ermeni Soyk\u0131r\u0131m\u0131\u2019n\u0131n an\u0131s\u0131na ithaf olunan \u201cErmeni Anne\u201d adl\u0131 an\u0131t\u0131n a\u00e7\u0131l\u0131\u015f\u0131 yap\u0131ld\u0131. \u0130talya\u2019da Ermenistan B\u00fcy\u00fckel\u00e7ili\u011fi\u2019nden yap\u0131lan a\u00e7\u0131klamada, \u201cVigen Avitis\u2019in, Ermeni Soyk\u0131r\u0131m\u0131\u2019n\u0131n 100. y\u0131ld\u00f6n\u00fcm\u00fcne ithaf etti\u011fi \u201cErmeni Anne\u201d an\u0131t\u0131, \u015fuanda Toskana\u2019daki Cavriglia Belediyesi\u2019nin \u00f6n\u00fcnde sergileniyor. Heykeltra\u015f, d\u00fcnyan\u0131n d\u00f6rt bir ucunda bulunan evlatlar\u0131n\u0131 koruyan bir anneyi tasvir etti\u201d ifadelerine yer verildi. https:\/\/www.ermenihaber.am\/tr\/news\/2021\/02\/22\/%C4%B0talya-Toscana-Ermeni-Soyk%C4%B1r%C4%B1m%C4%B1\/202884\u00a0","og_url":"https:\/\/akunq.net\/tr\/?p=61600","og_site_name":"Bati Ermenistan Ve Bati Ermenileri Sorunlari Ara\u015ftirmalar Merkezi","article_published_time":"2021-02-23T07:30:00+00:00","og_image":[{"width":1000,"height":747,"url":"https:\/\/akunq.net\/tr\/wp-content\/uploads\/sites\/6\/2021\/02\/Ermeni-Soyk\u0131r\u0131m\u0131.jpg","type":"image\/jpeg"}],"author":"admin","twitter_card":"summary_large_image","twitter_misc":{"Written by":"admin","Est. reading time":"1 minute"},"schema":{"@context":"https:\/\/schema.org","@graph":[{"@type":"Article","@id":"https:\/\/akunq.net\/tr\/?p=61600#article","isPartOf":{"@id":"https:\/\/akunq.net\/tr\/?p=61600"},"author":{"name":"admin","@id":"https:\/\/akunq.net\/tr\/#\/schema\/person\/096f1d38a12cce57fb855b485ed24c9e"},"headline":"Toscana&#8217;da Ermeni Soyk\u0131r\u0131m\u0131&#8217;n\u0131n an\u0131s\u0131na ithaf olunan &#8220;Ermeni Anne&#8221; an\u0131t\u0131n\u0131n a\u00e7\u0131l\u0131\u015f\u0131 yap\u0131ld\u0131","datePublished":"2021-02-23T07:30:00+00:00","mainEntityOfPage":{"@id":"https:\/\/akunq.net\/tr\/?p=61600"},"wordCount":127,"commentCount":0,"image":{"@id":"https:\/\/akunq.net\/tr\/?p=61600#primaryimage"},"thumbnailUrl":"https:\/\/akunq.net\/tr\/wp-content\/uploads\/sites\/6\/2021\/02\/Ermeni-Soyk\u0131r\u0131m\u0131.jpg","articleSection":["Ermeni Soyk\u0131r\u0131m\u0131","Haberler"],"inLanguage":"en-US","potentialAction":[{"@type":"CommentAction","name":"Comment","target":["https:\/\/akunq.net\/tr\/?p=61600#respond"]}]},{"@type":"WebPage","@id":"https:\/\/akunq.net\/tr\/?p=61600","url":"https:\/\/akunq.net\/tr\/?p=61600","name":"Toscana'da Ermeni Soyk\u0131r\u0131m\u0131'n\u0131n an\u0131s\u0131na ithaf olunan \"Ermeni Anne\" an\u0131t\u0131n\u0131n a\u00e7\u0131l\u0131\u015f\u0131 yap\u0131ld\u0131 - Bati Ermenistan Ve Bati Ermenileri Sorunlari Ara\u015ftirmalar Merkezi","isPartOf":{"@id":"https:\/\/akunq.net\/tr\/#website"},"primaryImageOfPage":{"@id":"https:\/\/akunq.net\/tr\/?p=61600#primaryimage"},"image":{"@id":"https:\/\/akunq.net\/tr\/?p=61600#primaryimage"},"thumbnailUrl":"https:\/\/akunq.net\/tr\/wp-content\/uploads\/sites\/6\/2021\/02\/Ermeni-Soyk\u0131r\u0131m\u0131.jpg","datePublished":"2021-02-23T07:30:00+00:00","author":{"@id":"https:\/\/akunq.net\/tr\/#\/schema\/person\/096f1d38a12cce57fb855b485ed24c9e"},"breadcrumb":{"@id":"https:\/\/akunq.net\/tr\/?p=61600#breadcrumb"},"inLanguage":"en-US","potentialAction":[{"@type":"ReadAction","target":["https:\/\/akunq.net\/tr\/?p=61600"]}]},{"@type":"ImageObject","inLanguage":"en-US","@id":"https:\/\/akunq.net\/tr\/?p=61600#primaryimage","url":"https:\/\/akunq.net\/tr\/wp-content\/uploads\/sites\/6\/2021\/02\/Ermeni-Soyk\u0131r\u0131m\u0131.jpg","contentUrl":"https:\/\/akunq.net\/tr\/wp-content\/uploads\/sites\/6\/2021\/02\/Ermeni-Soyk\u0131r\u0131m\u0131.jpg","width":1000,"height":747},{"@type":"BreadcrumbList","@id":"https:\/\/akunq.net\/tr\/?p=61600#breadcrumb","itemListElement":[{"@type":"ListItem","position":1,"name":"Home","item":"https:\/\/akunq.net\/tr"},{"@type":"ListItem","position":2,"name":"Toscana&#8217;da Ermeni Soyk\u0131r\u0131m\u0131&#8217;n\u0131n an\u0131s\u0131na ithaf olunan &#8220;Ermeni Anne&#8221; an\u0131t\u0131n\u0131n a\u00e7\u0131l\u0131\u015f\u0131 yap\u0131ld\u0131"}]},{"@type":"WebSite","@id":"https:\/\/akunq.net\/tr\/#website","url":"https:\/\/akunq.net\/tr\/","name":"Bati Ermenistan Ve Bati Ermenileri Sorunlari Ara\u015ftirmalar Merkezi","description":"","potentialAction":[{"@type":"SearchAction","target":{"@type":"EntryPoint","urlTemplate":"https:\/\/akunq.net\/tr\/?s={search_term_string}"},"query-input":{"@type":"PropertyValueSpecification","valueRequired":true,"valueName":"search_term_string"}}],"inLanguage":"en-US"},{"@type":"Person","@id":"https:\/\/akunq.net\/tr\/#\/schema\/person\/096f1d38a12cce57fb855b485ed24c9e","name":"admin","url":"https:\/\/akunq.net\/tr\/?author=7"}]}},"_links":{"self":[{"href":"https:\/\/akunq.net\/tr\/index.php?rest_route=\/wp\/v2\/posts\/61600","targetHints":{"allow":["GET"]}}],"collection":[{"href":"https:\/\/akunq.net\/tr\/index.php?rest_route=\/wp\/v2\/posts"}],"about":[{"href":"https:\/\/akunq.net\/tr\/index.php?rest_route=\/wp\/v2\/types\/post"}],"author":[{"embeddable":true,"href":"https:\/\/akunq.net\/tr\/index.php?rest_route=\/wp\/v2\/users\/7"}],"replies":[{"embeddable":true,"href":"https:\/\/akunq.net\/tr\/index.php?rest_route=%2Fwp%2Fv2%2Fcomments&post=61600"}],"version-history":[{"count":1,"href":"https:\/\/akunq.net\/tr\/index.php?rest_route=\/wp\/v2\/posts\/61600\/revisions"}],"predecessor-version":[{"id":61602,"href":"https:\/\/akunq.net\/tr\/index.php?rest_route=\/wp\/v2\/posts\/61600\/revisions\/61602"}],"wp:featuredmedia":[{"embeddable":true,"href":"https:\/\/akunq.net\/tr\/index.php?rest_route=\/wp\/v2\/media\/61601"}],"wp:attachment":[{"href":"https:\/\/akunq.net\/tr\/index.php?rest_route=%2Fwp%2Fv2%2Fmedia&parent=61600"}],"wp:term":[{"taxonomy":"category","embeddable":true,"href":"https:\/\/akunq.net\/tr\/index.php?rest_route=%2Fwp%2Fv2%2Fcategories&post=61600"},{"taxonomy":"post_tag","embeddable":true,"href":"https:\/\/akunq.net\/tr\/index.php?rest_route=%2Fwp%2Fv2%2Ftags&post=61600"}],"curies":[{"name":"wp","href":"https:\/\/api.w.org\/{rel}","templated":true}]}}