{"id":61596,"date":"2021-02-22T03:56:14","date_gmt":"2021-02-22T08:56:14","guid":{"rendered":"https:\/\/akunq.net\/tr\/?p=61596"},"modified":"2021-02-22T03:57:18","modified_gmt":"2021-02-22T08:57:18","slug":"hdp-butun-anadillere-adalet","status":"publish","type":"post","link":"https:\/\/akunq.net\/tr\/?p=61596","title":{"rendered":"HDP: B\u00fct\u00fcn anadillere adalet"},"content":{"rendered":"<p><img loading=\"lazy\" decoding=\"async\" class=\"aligncenter size-medium wp-image-61597\" src=\"https:\/\/akunq.net\/tr\/wp-content\/uploads\/2021\/02\/HDP-360x165.jpg\" alt=\"\" width=\"360\" height=\"165\" srcset=\"https:\/\/akunq.net\/tr\/wp-content\/uploads\/sites\/6\/2021\/02\/HDP-360x165.jpg 360w, https:\/\/akunq.net\/tr\/wp-content\/uploads\/sites\/6\/2021\/02\/HDP-768x352.jpg 768w, https:\/\/akunq.net\/tr\/wp-content\/uploads\/sites\/6\/2021\/02\/HDP-560x257.jpg 560w, https:\/\/akunq.net\/tr\/wp-content\/uploads\/sites\/6\/2021\/02\/HDP-260x119.jpg 260w, https:\/\/akunq.net\/tr\/wp-content\/uploads\/sites\/6\/2021\/02\/HDP-160x73.jpg 160w, https:\/\/akunq.net\/tr\/wp-content\/uploads\/sites\/6\/2021\/02\/HDP.jpg 1200w\" sizes=\"auto, (max-width: 360px) 100vw, 360px\" \/><\/p>\n<p><em><strong>D\u00fcnya Anadil G\u00fcn\u00fc\u2019n\u00fc kutlayan HDP, anadil \u00fczerindeki yasak\u00e7\u0131 ve asimilasyon politikalar\u0131na son verilmesi \u00e7a\u011fr\u0131s\u0131 yaparak, b\u00fct\u00fcn anadillerine adalet talebinde bulundu.<\/strong><\/em><\/p>\n<p>DUVAR \u2013 Halklar\u0131n Demokratik Partisi (HDP) Merkez Y\u00fcr\u00fctme Kurulu (MYK), 21 \u015eubat D\u00fcnya Anadil G\u00fcn\u00fc\u2019ne ili\u015fkin yaz\u0131l\u0131 a\u00e7\u0131klama yapt\u0131. A\u00e7\u0131klamada, Birle\u015fmi\u015f Milletlerin (BM) anadili 22 y\u0131l \u00f6nce g\u00fcvence alt\u0131na ald\u0131\u011f\u0131 belirtilerek, \u201cBug\u00fcn d\u00fcnya \u00fczerine halen 6 bin 900 civar\u0131nda dil konu\u015fulmaktad\u0131r. Ama bu dillerin y\u00fczde doksan\u0131n\u0131n e\u011fitim ve \u00f6\u011fretim olanaklar\u0131ndan yoksun olmas\u0131 ve kapitalist ve tek\u00e7i ulus devlet sistemlerinin yaratt\u0131\u011f\u0131 dil hegemonyas\u0131 y\u00fcz\u00fcnden yok olmakla y\u00fcz y\u00fcze kald\u0131\u011f\u0131 belirtilmektedir. Maalesef \u2018medeniyetimiz\u2019 h\u0131zla k\u00fclt\u00fcrel \u00e7e\u015fitlili\u011fini kaybetmektedir\u201d ifadelerine yer verildi.<\/p>\n<p><strong>\u2018K\u00dcLT\u00dcREL EROZYON\u2019<\/strong><\/p>\n<p>G\u00fcn\u00fcm\u00fczde bir\u00e7ok dilin e\u011fitim ve \u00f6\u011fretim olanaklar\u0131n\u0131n yarat\u0131lmad\u0131\u011f\u0131, yasakland\u0131\u011f\u0131 i\u00e7in yok olma tehlikesi alt\u0131nda oldu\u011funa dikkat \u00e7ekilen a\u00e7\u0131klamada, bu dillerden birinin de K\u00fcrt\u00e7e oldu\u011fu belirtildi. A\u00e7\u0131klamada, \u015funlar belirtildi:<\/p>\n<p>\u201c\u0130nsan\u0131n tarihi ile dilin tarihi i\u00e7 i\u00e7edir. \u0130lk yaz\u0131l\u0131 dillerin \u00e7\u0131kt\u0131\u011f\u0131 Mezopotamya ve kavimler kap\u0131s\u0131 Anadolu tek\u00e7i ulus devletlerin kurulmas\u0131yla b\u00fcy\u00fck bir k\u00fclt\u00fcrel \u00e7orakl\u0131k ya\u015famaktad\u0131r. Yakla\u015f\u0131k y\u00fcz y\u0131ld\u0131r uygulanan tek\u00e7i k\u00fclt\u00fcr politikalar\u0131 co\u011frafyam\u0131zda anadillerin kaybolmas\u0131na, medeniyetler diyar\u0131 Anadolu\u2019nun \u00f6l\u00fc diller diyar\u0131na d\u00f6n\u00fc\u015fmesine sebep olmaktad\u0131r. Tek millet, tek din, tek dil paradigmas\u0131n\u0131n k\u00fclt\u00fcrel alan \u00fczerindeki tahkimi k\u00fclt\u00fcrel erozyona neden olmu\u015ftur. Bu topraklarda Kapadokya Yunancas\u0131, Ub\u0131h\u00e7a ve Do\u011fu S\u00fcryanicesi de denilen Mlhaso konu\u015fulmuyor art\u0131k. Dil uzmanlar\u0131n\u0131n verilerine g\u00f6re bu liste \u00e7o\u011falma e\u011filiminde. UNESCO D\u00fcnya Tehlike Alt\u0131ndaki Diller Atlas\u0131\u2019na g\u00f6re T\u00fcrkiye\u2019de 18 dil yok olma s\u00fcrecine girmi\u015f durumdad\u0131r.\u201d<\/p>\n<p><strong>KAYBOLMA TEHL\u0130KES\u0130 BULUNAN D\u0130LLER<\/strong><\/p>\n<p>Anadil e\u011fitiminin g\u00fcvence alt\u0131na al\u0131nmamas\u0131 halinde K\u00fcrt\u00e7enin Kirman\u00e7k\u00ee leh\u00e7esi ile Lazca ve Hem\u015fince olmak \u00fczere bir\u00e7ok dilin kaybolaca\u011f\u0131 uyar\u0131s\u0131n\u0131n yap\u0131ld\u0131\u011f\u0131 a\u00e7\u0131klaman\u0131n devam\u0131nda \u015fu ifadeler yer ald\u0131: \u201cYine Ladino, Gagavuzca, Romanca, Bat\u0131 Ermenicesi, Turoyo (S\u00fcryanice leh\u00e7esi), Pontus Yunancas\u0131, Abazaca, Adigece, Abhazca, Kabardey-\u00c7erkes dilleri k\u0131r\u0131lgan diller kategorisinde g\u00f6r\u00fcnmektedir. Mezopotamya\u2019n\u0131n kadim dillerinden biri olan K\u00fcrt dili; kamusal alandan, sokaklardan ve g\u00fcndelik ya\u015fam\u0131n t\u00fcm alanlar\u0131ndan uzak tutulmu\u015f, halklar\u0131m\u0131z\u0131n en \u00f6nemli temsil merkezi olan Meclis\u2019te bilinmeyen dil olarak kay\u0131tlara ge\u00e7irilmektedir. Bug\u00fcn hala sokakta K\u00fcrt\u00e7e konu\u015ftu diye insanlar\u0131n can\u0131na k\u0131y\u0131lmaktad\u0131r. Hi\u00e7 ku\u015fkusuz bu iklim devlet ve onun y\u00fcr\u00fctme organ\u0131 olan h\u00fck\u00fcmet taraf\u0131ndan yarat\u0131lmaktad\u0131r.<\/p>\n<p><strong>\u2018AS\u0130M\u0130LASYON POL\u0130T\u0130KALARI\u2019<\/strong><\/p>\n<p>Birle\u015fmi\u015f Milletler Genel Kurulunun 18 Aral\u0131k 1992 tarihli ve 47\/135 say\u0131l\u0131 karar\u0131nca anadil konusunda taraf devletlere anadilde e\u011fitimin bir hak oldu\u011fu sorumlulu\u011fu y\u00fcklenmekte ve e\u011fitimde f\u0131rsat e\u015fitli\u011finin yarat\u0131lmas\u0131 y\u00fck\u00fcml\u00fcl\u00fc\u011f\u00fc verilmektedir. T\u00fcrkiye\u2019nin Anadili Haklar\u0131na dair BM bildirisini kabul etmesine ra\u011fmen anadili ile ilgili \u00e7ekinceleri kald\u0131rmam\u0131\u015ft\u0131r hala. Bu durum anadilinde e\u011fitim hakk\u0131 ba\u015fta olmak \u00fczere, k\u00fclt\u00fcrel \u00e7e\u015fitlili\u011fi koruma ile ilgili taraf olunan uluslararas\u0131 anla\u015fmalar\u0131n da ihlal edilmesidir. 21 \u015eubat D\u00fcnya Anadili G\u00fcn\u00fc\u2019n\u00fc kutlar, anadilleri \u00fczerindeki yasak\u00e7\u0131 ve bask\u0131c\u0131 politikalar\u0131n, halklar\u0131m\u0131z\u0131n inan\u00e7lar\u0131 ve orjin k\u00fclt\u00fcrleri \u00fczerinde uygulanan asimilasyon politikalar\u0131n\u0131n derhal son bulmas\u0131 \u00e7a\u011fr\u0131m\u0131z\u0131 yineliyoruz. Ge\u00e7 olmadan bu tek\u00e7i, \u00f6tekile\u015ftirici ve yasak\u00e7\u0131 uygulamalardan vaz ge\u00e7ilmelidir.\u201d<\/p>\n<p><em><strong>https:\/\/www.gazeteduvar.com.tr\/hdp-butun-anadillere-adalet-haber-1513983\u00a0<\/strong><\/em><\/p>\n","protected":false},"excerpt":{"rendered":"<p>D\u00fcnya Anadil G\u00fcn\u00fc\u2019n\u00fc kutlayan HDP, anadil \u00fczerindeki yasak\u00e7\u0131 ve asimilasyon politikalar\u0131na son verilmesi \u00e7a\u011fr\u0131s\u0131 yaparak, b\u00fct\u00fcn anadillerine adalet talebinde bulundu. DUVAR \u2013 Halklar\u0131n Demokratik Partisi (HDP) Merkez Y\u00fcr\u00fctme Kurulu (MYK), 21 \u015eubat D\u00fcnya Anadil G\u00fcn\u00fc\u2019ne ili\u015fkin yaz\u0131l\u0131 a\u00e7\u0131klama yapt\u0131. A\u00e7\u0131klamada, Birle\u015fmi\u015f Milletlerin (BM) anadili 22 y\u0131l \u00f6nce g\u00fcvence alt\u0131na ald\u0131\u011f\u0131 belirtilerek, \u201cBug\u00fcn d\u00fcnya \u00fczerine halen [&hellip;]<\/p>\n","protected":false},"author":7,"featured_media":61597,"comment_status":"open","ping_status":"open","sticky":false,"template":"","format":"standard","meta":{"footnotes":""},"categories":[1,53],"tags":[],"class_list":["post-61596","post","type-post","status-publish","format-standard","has-post-thumbnail","hentry","category-haberler","category-turkiyede-azinliklar"],"yoast_head":"<!-- This site is optimized with the Yoast SEO plugin v27.4 - https:\/\/yoast.com\/product\/yoast-seo-wordpress\/ -->\n<title>HDP: B\u00fct\u00fcn anadillere adalet - Bati Ermenistan Ve Bati Ermenileri Sorunlari Ara\u015ftirmalar Merkezi<\/title>\n<meta name=\"robots\" content=\"index, follow, max-snippet:-1, max-image-preview:large, max-video-preview:-1\" \/>\n<link rel=\"canonical\" href=\"https:\/\/akunq.net\/tr\/?p=61596\" \/>\n<meta property=\"og:locale\" content=\"en_US\" \/>\n<meta property=\"og:type\" content=\"article\" \/>\n<meta property=\"og:title\" content=\"HDP: B\u00fct\u00fcn anadillere adalet - Bati Ermenistan Ve Bati Ermenileri Sorunlari Ara\u015ftirmalar Merkezi\" \/>\n<meta property=\"og:description\" content=\"D\u00fcnya Anadil G\u00fcn\u00fc\u2019n\u00fc kutlayan HDP, anadil \u00fczerindeki yasak\u00e7\u0131 ve asimilasyon politikalar\u0131na son verilmesi \u00e7a\u011fr\u0131s\u0131 yaparak, b\u00fct\u00fcn anadillerine adalet talebinde bulundu. DUVAR \u2013 Halklar\u0131n Demokratik Partisi (HDP) Merkez Y\u00fcr\u00fctme Kurulu (MYK), 21 \u015eubat D\u00fcnya Anadil G\u00fcn\u00fc\u2019ne ili\u015fkin yaz\u0131l\u0131 a\u00e7\u0131klama yapt\u0131. A\u00e7\u0131klamada, Birle\u015fmi\u015f Milletlerin (BM) anadili 22 y\u0131l \u00f6nce g\u00fcvence alt\u0131na ald\u0131\u011f\u0131 belirtilerek, \u201cBug\u00fcn d\u00fcnya \u00fczerine halen [&hellip;]\" \/>\n<meta property=\"og:url\" content=\"https:\/\/akunq.net\/tr\/?p=61596\" \/>\n<meta property=\"og:site_name\" content=\"Bati Ermenistan Ve Bati Ermenileri Sorunlari Ara\u015ftirmalar Merkezi\" \/>\n<meta property=\"article:published_time\" content=\"2021-02-22T08:56:14+00:00\" \/>\n<meta property=\"article:modified_time\" content=\"2021-02-22T08:57:18+00:00\" \/>\n<meta property=\"og:image\" content=\"https:\/\/akunq.net\/tr\/wp-content\/uploads\/sites\/6\/2021\/02\/HDP.jpg\" \/>\n\t<meta property=\"og:image:width\" content=\"1200\" \/>\n\t<meta property=\"og:image:height\" content=\"550\" \/>\n\t<meta property=\"og:image:type\" content=\"image\/jpeg\" \/>\n<meta name=\"author\" content=\"admin\" \/>\n<meta name=\"twitter:card\" content=\"summary_large_image\" \/>\n<meta name=\"twitter:label1\" content=\"Written by\" \/>\n\t<meta name=\"twitter:data1\" content=\"admin\" \/>\n\t<meta name=\"twitter:label2\" content=\"Est. reading time\" \/>\n\t<meta name=\"twitter:data2\" content=\"3 minutes\" \/>\n<script type=\"application\/ld+json\" class=\"yoast-schema-graph\">{\"@context\":\"https:\\\/\\\/schema.org\",\"@graph\":[{\"@type\":\"Article\",\"@id\":\"https:\\\/\\\/akunq.net\\\/tr\\\/?p=61596#article\",\"isPartOf\":{\"@id\":\"https:\\\/\\\/akunq.net\\\/tr\\\/?p=61596\"},\"author\":{\"name\":\"admin\",\"@id\":\"https:\\\/\\\/akunq.net\\\/tr\\\/#\\\/schema\\\/person\\\/096f1d38a12cce57fb855b485ed24c9e\"},\"headline\":\"HDP: B\u00fct\u00fcn anadillere adalet\",\"datePublished\":\"2021-02-22T08:56:14+00:00\",\"dateModified\":\"2021-02-22T08:57:18+00:00\",\"mainEntityOfPage\":{\"@id\":\"https:\\\/\\\/akunq.net\\\/tr\\\/?p=61596\"},\"wordCount\":654,\"commentCount\":0,\"image\":{\"@id\":\"https:\\\/\\\/akunq.net\\\/tr\\\/?p=61596#primaryimage\"},\"thumbnailUrl\":\"https:\\\/\\\/akunq.net\\\/tr\\\/wp-content\\\/uploads\\\/sites\\\/6\\\/2021\\\/02\\\/HDP.jpg\",\"articleSection\":[\"Haberler\",\"T\u00fcrkiye\u2019de Az\u0131nl\u0131klar\"],\"inLanguage\":\"en-US\",\"potentialAction\":[{\"@type\":\"CommentAction\",\"name\":\"Comment\",\"target\":[\"https:\\\/\\\/akunq.net\\\/tr\\\/?p=61596#respond\"]}]},{\"@type\":\"WebPage\",\"@id\":\"https:\\\/\\\/akunq.net\\\/tr\\\/?p=61596\",\"url\":\"https:\\\/\\\/akunq.net\\\/tr\\\/?p=61596\",\"name\":\"HDP: B\u00fct\u00fcn anadillere adalet - Bati Ermenistan Ve Bati Ermenileri Sorunlari Ara\u015ftirmalar Merkezi\",\"isPartOf\":{\"@id\":\"https:\\\/\\\/akunq.net\\\/tr\\\/#website\"},\"primaryImageOfPage\":{\"@id\":\"https:\\\/\\\/akunq.net\\\/tr\\\/?p=61596#primaryimage\"},\"image\":{\"@id\":\"https:\\\/\\\/akunq.net\\\/tr\\\/?p=61596#primaryimage\"},\"thumbnailUrl\":\"https:\\\/\\\/akunq.net\\\/tr\\\/wp-content\\\/uploads\\\/sites\\\/6\\\/2021\\\/02\\\/HDP.jpg\",\"datePublished\":\"2021-02-22T08:56:14+00:00\",\"dateModified\":\"2021-02-22T08:57:18+00:00\",\"author\":{\"@id\":\"https:\\\/\\\/akunq.net\\\/tr\\\/#\\\/schema\\\/person\\\/096f1d38a12cce57fb855b485ed24c9e\"},\"breadcrumb\":{\"@id\":\"https:\\\/\\\/akunq.net\\\/tr\\\/?p=61596#breadcrumb\"},\"inLanguage\":\"en-US\",\"potentialAction\":[{\"@type\":\"ReadAction\",\"target\":[\"https:\\\/\\\/akunq.net\\\/tr\\\/?p=61596\"]}]},{\"@type\":\"ImageObject\",\"inLanguage\":\"en-US\",\"@id\":\"https:\\\/\\\/akunq.net\\\/tr\\\/?p=61596#primaryimage\",\"url\":\"https:\\\/\\\/akunq.net\\\/tr\\\/wp-content\\\/uploads\\\/sites\\\/6\\\/2021\\\/02\\\/HDP.jpg\",\"contentUrl\":\"https:\\\/\\\/akunq.net\\\/tr\\\/wp-content\\\/uploads\\\/sites\\\/6\\\/2021\\\/02\\\/HDP.jpg\",\"width\":1200,\"height\":550},{\"@type\":\"BreadcrumbList\",\"@id\":\"https:\\\/\\\/akunq.net\\\/tr\\\/?p=61596#breadcrumb\",\"itemListElement\":[{\"@type\":\"ListItem\",\"position\":1,\"name\":\"Home\",\"item\":\"https:\\\/\\\/akunq.net\\\/tr\"},{\"@type\":\"ListItem\",\"position\":2,\"name\":\"HDP: B\u00fct\u00fcn anadillere adalet\"}]},{\"@type\":\"WebSite\",\"@id\":\"https:\\\/\\\/akunq.net\\\/tr\\\/#website\",\"url\":\"https:\\\/\\\/akunq.net\\\/tr\\\/\",\"name\":\"Bati Ermenistan Ve Bati Ermenileri Sorunlari Ara\u015ftirmalar Merkezi\",\"description\":\"\",\"potentialAction\":[{\"@type\":\"SearchAction\",\"target\":{\"@type\":\"EntryPoint\",\"urlTemplate\":\"https:\\\/\\\/akunq.net\\\/tr\\\/?s={search_term_string}\"},\"query-input\":{\"@type\":\"PropertyValueSpecification\",\"valueRequired\":true,\"valueName\":\"search_term_string\"}}],\"inLanguage\":\"en-US\"},{\"@type\":\"Person\",\"@id\":\"https:\\\/\\\/akunq.net\\\/tr\\\/#\\\/schema\\\/person\\\/096f1d38a12cce57fb855b485ed24c9e\",\"name\":\"admin\",\"url\":\"https:\\\/\\\/akunq.net\\\/tr\\\/?author=7\"}]}<\/script>\n<!-- \/ Yoast SEO plugin. -->","yoast_head_json":{"title":"HDP: B\u00fct\u00fcn anadillere adalet - Bati Ermenistan Ve Bati Ermenileri Sorunlari Ara\u015ftirmalar Merkezi","robots":{"index":"index","follow":"follow","max-snippet":"max-snippet:-1","max-image-preview":"max-image-preview:large","max-video-preview":"max-video-preview:-1"},"canonical":"https:\/\/akunq.net\/tr\/?p=61596","og_locale":"en_US","og_type":"article","og_title":"HDP: B\u00fct\u00fcn anadillere adalet - Bati Ermenistan Ve Bati Ermenileri Sorunlari Ara\u015ftirmalar Merkezi","og_description":"D\u00fcnya Anadil G\u00fcn\u00fc\u2019n\u00fc kutlayan HDP, anadil \u00fczerindeki yasak\u00e7\u0131 ve asimilasyon politikalar\u0131na son verilmesi \u00e7a\u011fr\u0131s\u0131 yaparak, b\u00fct\u00fcn anadillerine adalet talebinde bulundu. DUVAR \u2013 Halklar\u0131n Demokratik Partisi (HDP) Merkez Y\u00fcr\u00fctme Kurulu (MYK), 21 \u015eubat D\u00fcnya Anadil G\u00fcn\u00fc\u2019ne ili\u015fkin yaz\u0131l\u0131 a\u00e7\u0131klama yapt\u0131. A\u00e7\u0131klamada, Birle\u015fmi\u015f Milletlerin (BM) anadili 22 y\u0131l \u00f6nce g\u00fcvence alt\u0131na ald\u0131\u011f\u0131 belirtilerek, \u201cBug\u00fcn d\u00fcnya \u00fczerine halen [&hellip;]","og_url":"https:\/\/akunq.net\/tr\/?p=61596","og_site_name":"Bati Ermenistan Ve Bati Ermenileri Sorunlari Ara\u015ftirmalar Merkezi","article_published_time":"2021-02-22T08:56:14+00:00","article_modified_time":"2021-02-22T08:57:18+00:00","og_image":[{"width":1200,"height":550,"url":"https:\/\/akunq.net\/tr\/wp-content\/uploads\/sites\/6\/2021\/02\/HDP.jpg","type":"image\/jpeg"}],"author":"admin","twitter_card":"summary_large_image","twitter_misc":{"Written by":"admin","Est. reading time":"3 minutes"},"schema":{"@context":"https:\/\/schema.org","@graph":[{"@type":"Article","@id":"https:\/\/akunq.net\/tr\/?p=61596#article","isPartOf":{"@id":"https:\/\/akunq.net\/tr\/?p=61596"},"author":{"name":"admin","@id":"https:\/\/akunq.net\/tr\/#\/schema\/person\/096f1d38a12cce57fb855b485ed24c9e"},"headline":"HDP: B\u00fct\u00fcn anadillere adalet","datePublished":"2021-02-22T08:56:14+00:00","dateModified":"2021-02-22T08:57:18+00:00","mainEntityOfPage":{"@id":"https:\/\/akunq.net\/tr\/?p=61596"},"wordCount":654,"commentCount":0,"image":{"@id":"https:\/\/akunq.net\/tr\/?p=61596#primaryimage"},"thumbnailUrl":"https:\/\/akunq.net\/tr\/wp-content\/uploads\/sites\/6\/2021\/02\/HDP.jpg","articleSection":["Haberler","T\u00fcrkiye\u2019de Az\u0131nl\u0131klar"],"inLanguage":"en-US","potentialAction":[{"@type":"CommentAction","name":"Comment","target":["https:\/\/akunq.net\/tr\/?p=61596#respond"]}]},{"@type":"WebPage","@id":"https:\/\/akunq.net\/tr\/?p=61596","url":"https:\/\/akunq.net\/tr\/?p=61596","name":"HDP: B\u00fct\u00fcn anadillere adalet - Bati Ermenistan Ve Bati Ermenileri Sorunlari Ara\u015ftirmalar Merkezi","isPartOf":{"@id":"https:\/\/akunq.net\/tr\/#website"},"primaryImageOfPage":{"@id":"https:\/\/akunq.net\/tr\/?p=61596#primaryimage"},"image":{"@id":"https:\/\/akunq.net\/tr\/?p=61596#primaryimage"},"thumbnailUrl":"https:\/\/akunq.net\/tr\/wp-content\/uploads\/sites\/6\/2021\/02\/HDP.jpg","datePublished":"2021-02-22T08:56:14+00:00","dateModified":"2021-02-22T08:57:18+00:00","author":{"@id":"https:\/\/akunq.net\/tr\/#\/schema\/person\/096f1d38a12cce57fb855b485ed24c9e"},"breadcrumb":{"@id":"https:\/\/akunq.net\/tr\/?p=61596#breadcrumb"},"inLanguage":"en-US","potentialAction":[{"@type":"ReadAction","target":["https:\/\/akunq.net\/tr\/?p=61596"]}]},{"@type":"ImageObject","inLanguage":"en-US","@id":"https:\/\/akunq.net\/tr\/?p=61596#primaryimage","url":"https:\/\/akunq.net\/tr\/wp-content\/uploads\/sites\/6\/2021\/02\/HDP.jpg","contentUrl":"https:\/\/akunq.net\/tr\/wp-content\/uploads\/sites\/6\/2021\/02\/HDP.jpg","width":1200,"height":550},{"@type":"BreadcrumbList","@id":"https:\/\/akunq.net\/tr\/?p=61596#breadcrumb","itemListElement":[{"@type":"ListItem","position":1,"name":"Home","item":"https:\/\/akunq.net\/tr"},{"@type":"ListItem","position":2,"name":"HDP: B\u00fct\u00fcn anadillere adalet"}]},{"@type":"WebSite","@id":"https:\/\/akunq.net\/tr\/#website","url":"https:\/\/akunq.net\/tr\/","name":"Bati Ermenistan Ve Bati Ermenileri Sorunlari Ara\u015ftirmalar Merkezi","description":"","potentialAction":[{"@type":"SearchAction","target":{"@type":"EntryPoint","urlTemplate":"https:\/\/akunq.net\/tr\/?s={search_term_string}"},"query-input":{"@type":"PropertyValueSpecification","valueRequired":true,"valueName":"search_term_string"}}],"inLanguage":"en-US"},{"@type":"Person","@id":"https:\/\/akunq.net\/tr\/#\/schema\/person\/096f1d38a12cce57fb855b485ed24c9e","name":"admin","url":"https:\/\/akunq.net\/tr\/?author=7"}]}},"_links":{"self":[{"href":"https:\/\/akunq.net\/tr\/index.php?rest_route=\/wp\/v2\/posts\/61596","targetHints":{"allow":["GET"]}}],"collection":[{"href":"https:\/\/akunq.net\/tr\/index.php?rest_route=\/wp\/v2\/posts"}],"about":[{"href":"https:\/\/akunq.net\/tr\/index.php?rest_route=\/wp\/v2\/types\/post"}],"author":[{"embeddable":true,"href":"https:\/\/akunq.net\/tr\/index.php?rest_route=\/wp\/v2\/users\/7"}],"replies":[{"embeddable":true,"href":"https:\/\/akunq.net\/tr\/index.php?rest_route=%2Fwp%2Fv2%2Fcomments&post=61596"}],"version-history":[{"count":1,"href":"https:\/\/akunq.net\/tr\/index.php?rest_route=\/wp\/v2\/posts\/61596\/revisions"}],"predecessor-version":[{"id":61598,"href":"https:\/\/akunq.net\/tr\/index.php?rest_route=\/wp\/v2\/posts\/61596\/revisions\/61598"}],"wp:featuredmedia":[{"embeddable":true,"href":"https:\/\/akunq.net\/tr\/index.php?rest_route=\/wp\/v2\/media\/61597"}],"wp:attachment":[{"href":"https:\/\/akunq.net\/tr\/index.php?rest_route=%2Fwp%2Fv2%2Fmedia&parent=61596"}],"wp:term":[{"taxonomy":"category","embeddable":true,"href":"https:\/\/akunq.net\/tr\/index.php?rest_route=%2Fwp%2Fv2%2Fcategories&post=61596"},{"taxonomy":"post_tag","embeddable":true,"href":"https:\/\/akunq.net\/tr\/index.php?rest_route=%2Fwp%2Fv2%2Ftags&post=61596"}],"curies":[{"name":"wp","href":"https:\/\/api.w.org\/{rel}","templated":true}]}}