{"id":61590,"date":"2021-02-22T03:07:48","date_gmt":"2021-02-22T08:07:48","guid":{"rendered":"https:\/\/akunq.net\/tr\/?p=61590"},"modified":"2021-02-22T03:07:48","modified_gmt":"2021-02-22T08:07:48","slug":"gaziantep-ve-kilisteki-kilise-ve-sinagoglara-restorasyon","status":"publish","type":"post","link":"https:\/\/akunq.net\/tr\/?p=61590","title":{"rendered":"Gaziantep ve Kilis\u2019teki kilise ve sinagoglara restorasyon"},"content":{"rendered":"<p><img loading=\"lazy\" decoding=\"async\" class=\"aligncenter size-medium wp-image-61591\" src=\"https:\/\/akunq.net\/tr\/wp-content\/uploads\/2021\/02\/Gaziantep-ve-Kilis\u2019teki-kilise-360x202.jpg\" alt=\"\" width=\"360\" height=\"202\" srcset=\"https:\/\/akunq.net\/tr\/wp-content\/uploads\/sites\/6\/2021\/02\/Gaziantep-ve-Kilis\u2019teki-kilise-360x202.jpg 360w, https:\/\/akunq.net\/tr\/wp-content\/uploads\/sites\/6\/2021\/02\/Gaziantep-ve-Kilis\u2019teki-kilise-768x432.jpg 768w, https:\/\/akunq.net\/tr\/wp-content\/uploads\/sites\/6\/2021\/02\/Gaziantep-ve-Kilis\u2019teki-kilise-560x315.jpg 560w, https:\/\/akunq.net\/tr\/wp-content\/uploads\/sites\/6\/2021\/02\/Gaziantep-ve-Kilis\u2019teki-kilise-260x146.jpg 260w, https:\/\/akunq.net\/tr\/wp-content\/uploads\/sites\/6\/2021\/02\/Gaziantep-ve-Kilis\u2019teki-kilise-160x90.jpg 160w, https:\/\/akunq.net\/tr\/wp-content\/uploads\/sites\/6\/2021\/02\/Gaziantep-ve-Kilis\u2019teki-kilise.jpg 1000w\" sizes=\"auto, (max-width: 360px) 100vw, 360px\" \/><\/p>\n<p><em><strong>Gaziantep\u2019te, 1776 y\u0131l\u0131nda Yahudi Cemaati taraf\u0131ndan kullan\u0131lan havra ile Nizip \u0130l\u00e7esinde bulunan Kilise orijinaline uygun olarak restore edilerek hizmete a\u00e7\u0131ld\u0131.<\/strong><\/em><\/p>\n<p>Nizip il\u00e7esi Fevkani Mahallesi\u2019nde bulunan ve mahalle ile ayn\u0131 ad\u0131 ta\u015f\u0131yan kilisenin kitabesi bulunmazken, mimari tipolojisinden ve i\u00e7 k\u0131s\u0131mlarda izleri bulunan fresklerden yap\u0131n\u0131n VI. y\u00fczy\u0131lda in\u015fa edildi\u011fi tahmin ediliyor.<\/p>\n<figure class=\"wp-block-image size-large\"><img loading=\"lazy\" decoding=\"async\" class=\"wp-image-389804\" src=\"https:\/\/i1.wp.com\/hyetert.org\/wp-content\/uploads\/2021\/02\/IdC2FuudRk6uOSjekPCWpw.jpg?resize=1000%2C588&amp;ssl=1\" sizes=\"auto, (max-width: 1000px) 100vw, 1000px\" srcset=\"https:\/\/i1.wp.com\/hyetert.org\/wp-content\/uploads\/2021\/02\/IdC2FuudRk6uOSjekPCWpw.jpg?w=1000&amp;ssl=1 1000w, https:\/\/i1.wp.com\/hyetert.org\/wp-content\/uploads\/2021\/02\/IdC2FuudRk6uOSjekPCWpw.jpg?resize=300%2C176&amp;ssl=1 300w, https:\/\/i1.wp.com\/hyetert.org\/wp-content\/uploads\/2021\/02\/IdC2FuudRk6uOSjekPCWpw.jpg?resize=768%2C452&amp;ssl=1 768w\" alt=\"\" width=\"1000\" height=\"588\" data-recalc-dims=\"1\" \/><\/figure>\n<p>Y\u00f6renin tipik in\u015fa malzemesi olan kesme beyaz ta\u015ftan in\u015fa edilen ve Bizans d\u00f6neminin en yayg\u0131n plan tipi olan kapal\u0131 Yunan ha\u00e7\u0131 bi\u00e7imindeki kilise uzun y\u0131llar boyunca at\u0131l halde kalan Kilise, Gaziantep Vak\u0131flar B\u00f6lge M\u00fcd\u00fcrl\u00fc\u011f\u00fc taraf\u0131ndan ba\u015flanan ve 2011 y\u0131l\u0131nda tamamlanan restorasyon ile yeniden ibadete a\u00e7\u0131ld\u0131.<\/p>\n<p>Yakla\u015f\u0131k 388 bin TL\u2019lik harcamama ile tarihi g\u00f6r\u00fcn\u00fcm\u00fc korunarak, hizmete a\u00e7\u0131ld\u0131.<br \/>\nGaziantep\u2019in \u015eahinbey il\u00e7esinde bulunan havra ise mazbut vak\u0131f ta\u015f\u0131nmaz mallar k\u00fct\u00fc\u011f\u00fcnde Yahudi Cemaati Vakf\u0131 ad\u0131na kay\u0131tl\u0131 bulunuyor.<\/p>\n<p>3 ayr\u0131 yap\u0131dan olu\u015fan havra, \u201cSinagog, Midra\u015f ve Ye\u015fiva\u201d yap\u0131s\u0131n\u0131n yeniden restore edilerek ibadet ve k\u00fclt\u00fcrel hizmetlere a\u00e7\u0131ld\u0131. Havran\u0131n r\u00f6l\u00f6ve, restit\u00fcsyon ve restorasyon projeleri Adana K\u00fclt\u00fcr ve Tabiat Varl\u0131klar\u0131n\u0131 Koruma B\u00f6lge Kurulunun 13.11.2000 Tarih ve 3953 nolu karar\u0131 ile onaylan\u0131rken, tescilli ta\u015f\u0131nmaz vak\u0131f k\u00fclt\u00fcr varl\u0131\u011f\u0131 Sinagog\u2019un restorasyonuna 20.05.2011 tarihinde ba\u015fland\u0131. Yap\u0131lan ar\u015fiv ara\u015ft\u0131rmalar\u0131, restorasyon s\u0131ras\u0131nda temizlik ve raspa sonucu baz\u0131 verilere ula\u015f\u0131lmas\u0131 ve bunlar\u0131n da revize restorasyon projelerinde i\u015flenerek, Gaziantep K\u00fclt\u00fcr Varl\u0131klar\u0131n\u0131 Koruma B\u00f6lge Kurulu\u2019nun 26.01.2012 tarih 116 say\u0131 ve 30.03.2012 tarih 209 say\u0131l\u0131 kararlar\u0131 ile onaylanmas\u0131 \u00fczerine revize restorasyon projelerine g\u00f6re restorasyon tamamland\u0131.<\/p>\n<p>Yap\u0131lan restorasyon \u00e7al\u0131\u015fmalar\u0131yla ilgili bilgi veren Gaziantep Vak\u0131flar B\u00f6lge M\u00fcd\u00fcr\u00fc Adem Bozkurt, restorasyondan \u00f6nce havran\u0131n sadece d\u0131\u015f duvarlardan olu\u015ftu\u011funu belirterek, \u201cGaziantep Havram\u0131z \u015eahinbey \u0130l\u00e7esi Karag\u00f6z Mahallesi, \u00c7amurcu Mevkiinde bulunmakta. Havra Yahudi Cemaati Vakf\u0131 ad\u0131na kay\u0131tl\u0131 olup Mazbut vak\u0131f ta\u015f\u0131nmaz mallar k\u00fct\u00fc\u011f\u00fcne kay\u0131tl\u0131d\u0131r. Toplam Bin 500 metrekare alana oturan Sinagog yap\u0131m\u0131z \u00fc\u00e7 ayr\u0131 b\u00f6l\u00fcmden olu\u015fmaktad\u0131r. Bu eserimiz 2011 y\u0131l\u0131nda projelendirilerek 2012 y\u0131l\u0131nda 931 bin 863 TL bedelle onar\u0131lm\u0131\u015ft\u0131r. Yap\u0131m\u0131z\u0131n restorasyon \u00f6ncesi halinde sadece d\u0131\u015f duvarlar\u0131 olup d\u0131\u015f duvarlar\u0131n haricinde hi\u00e7 bir \u015fey bulunmamaktad\u0131r. Restorasyon k\u0131sm\u0131nda t\u00fcm yap\u0131 orijinali korunarak restore edilmi\u015ftir. Restorasyondan \u00f6nceki yap\u0131m ve onar\u0131m tarihi 1878 olarak tespit edilmi\u015ftir. Yap\u0131m\u0131z halihaz\u0131rda Vak\u0131flar Meclisinden izin almak kayd\u0131yla gerekli g\u00f6r\u00fclen tarihlerde ibadete a\u00e7\u0131k halde tutulmaktad\u0131r. Ayr\u0131ca bu yap\u0131m\u0131z k\u00fclt\u00fcr varl\u0131\u011f\u0131 olarak kullan\u0131lmas\u0131 amac\u0131yla Gaziantep ilinde bulunan K\u00fclt\u00fcr ve Sanat etkinliklerinde kullan\u0131lmaktad\u0131r\u201d dedi.<\/p>\n<figure class=\"wp-block-image size-large\"><img loading=\"lazy\" decoding=\"async\" class=\"wp-image-389805\" src=\"https:\/\/i2.wp.com\/hyetert.org\/wp-content\/uploads\/2021\/02\/fXnnhK9eQEaTpueiJ1jn-A.jpg?resize=1000%2C770&amp;ssl=1\" sizes=\"auto, (max-width: 1000px) 100vw, 1000px\" srcset=\"https:\/\/i2.wp.com\/hyetert.org\/wp-content\/uploads\/2021\/02\/fXnnhK9eQEaTpueiJ1jn-A.jpg?w=1000&amp;ssl=1 1000w, https:\/\/i2.wp.com\/hyetert.org\/wp-content\/uploads\/2021\/02\/fXnnhK9eQEaTpueiJ1jn-A.jpg?resize=300%2C231&amp;ssl=1 300w, https:\/\/i2.wp.com\/hyetert.org\/wp-content\/uploads\/2021\/02\/fXnnhK9eQEaTpueiJ1jn-A.jpg?resize=768%2C591&amp;ssl=1 768w\" alt=\"\" width=\"1000\" height=\"770\" data-recalc-dims=\"1\" \/><\/figure>\n<p>Gaziantep ve Kilis\u2019te bulunan 3 tarihi ibadethanenin Cumhurba\u015fkanl\u0131\u011f\u0131 himayesinde restore edilerek, ibadete a\u00e7\u0131k hale getirildi\u011fini anlatan Bozkurt, \u201cBizim inan\u0131\u015f\u0131m\u0131z t\u00fcm dinlerin ibadetini \u00f6zg\u00fcrce ya\u015famas\u0131. Bu konuda da Cumhurba\u015fkanl\u0131\u011f\u0131m\u0131z b\u00fct\u00fcn bu t\u00fcr eserler restore edilerek halk\u0131n hizmetine sunulmu\u015ftur. T\u00fcrkiye co\u011frafyas\u0131nda hem dinler hem de milletler olarak de\u011fi\u015fik insanlar ya\u015famakta, bu insanlar\u0131n ibadetinde \u00f6zg\u00fcr olmas\u0131 gerektirdi\u011fini ve sayg\u0131 duyulmas\u0131 gerekti\u011fi bildi\u011fimiz i\u00e7in bu konuda kesinlikle ho\u015fg\u00f6r\u00fc ve sayg\u0131 \u00e7er\u00e7evesinde davranmaktay\u0131z\u201d diye konu\u015ftu.<\/p>\n<p><em><strong><a href=\"https:\/\/www.ntv.com.tr\/galeri\/sanat\/gaziantep-ve-kilisteki-kilise-ve-sinagoglara-restorasyon,VC-omUrS80aLVZPRnTbrIg\/fXnnhK9eQEaTpueiJ1jn-A\">https:\/\/www.ntv.com.tr\/galeri\/sanat\/gaziantep-ve-kilisteki-kilise-ve-sinagoglara-restorasyon,VC-omUrS80aLVZPRnTbrIg\/fXnnhK9eQEaTpueiJ1jn-A<\/a><\/strong><\/em><\/p>\n","protected":false},"excerpt":{"rendered":"<p>Gaziantep\u2019te, 1776 y\u0131l\u0131nda Yahudi Cemaati taraf\u0131ndan kullan\u0131lan havra ile Nizip \u0130l\u00e7esinde bulunan Kilise orijinaline uygun olarak restore edilerek hizmete a\u00e7\u0131ld\u0131. Nizip il\u00e7esi Fevkani Mahallesi\u2019nde bulunan ve mahalle ile ayn\u0131 ad\u0131 ta\u015f\u0131yan kilisenin kitabesi bulunmazken, mimari tipolojisinden ve i\u00e7 k\u0131s\u0131mlarda izleri bulunan fresklerden yap\u0131n\u0131n VI. y\u00fczy\u0131lda in\u015fa edildi\u011fi tahmin ediliyor. Y\u00f6renin tipik in\u015fa malzemesi olan kesme [&hellip;]<\/p>\n","protected":false},"author":7,"featured_media":61591,"comment_status":"open","ping_status":"open","sticky":false,"template":"","format":"standard","meta":{"footnotes":""},"categories":[1],"tags":[],"class_list":["post-61590","post","type-post","status-publish","format-standard","has-post-thumbnail","hentry","category-haberler"],"yoast_head":"<!-- This site is optimized with the Yoast SEO plugin v27.4 - https:\/\/yoast.com\/product\/yoast-seo-wordpress\/ -->\n<title>Gaziantep ve Kilis\u2019teki kilise ve sinagoglara restorasyon - Bati Ermenistan Ve Bati Ermenileri Sorunlari Ara\u015ftirmalar Merkezi<\/title>\n<meta name=\"robots\" content=\"index, follow, max-snippet:-1, max-image-preview:large, max-video-preview:-1\" \/>\n<link rel=\"canonical\" href=\"https:\/\/akunq.net\/tr\/?p=61590\" \/>\n<meta property=\"og:locale\" content=\"en_US\" \/>\n<meta property=\"og:type\" content=\"article\" \/>\n<meta property=\"og:title\" content=\"Gaziantep ve Kilis\u2019teki kilise ve sinagoglara restorasyon - Bati Ermenistan Ve Bati Ermenileri Sorunlari Ara\u015ftirmalar Merkezi\" \/>\n<meta property=\"og:description\" content=\"Gaziantep\u2019te, 1776 y\u0131l\u0131nda Yahudi Cemaati taraf\u0131ndan kullan\u0131lan havra ile Nizip \u0130l\u00e7esinde bulunan Kilise orijinaline uygun olarak restore edilerek hizmete a\u00e7\u0131ld\u0131. Nizip il\u00e7esi Fevkani Mahallesi\u2019nde bulunan ve mahalle ile ayn\u0131 ad\u0131 ta\u015f\u0131yan kilisenin kitabesi bulunmazken, mimari tipolojisinden ve i\u00e7 k\u0131s\u0131mlarda izleri bulunan fresklerden yap\u0131n\u0131n VI. y\u00fczy\u0131lda in\u015fa edildi\u011fi tahmin ediliyor. Y\u00f6renin tipik in\u015fa malzemesi olan kesme [&hellip;]\" \/>\n<meta property=\"og:url\" content=\"https:\/\/akunq.net\/tr\/?p=61590\" \/>\n<meta property=\"og:site_name\" content=\"Bati Ermenistan Ve Bati Ermenileri Sorunlari Ara\u015ftirmalar Merkezi\" \/>\n<meta property=\"article:published_time\" content=\"2021-02-22T08:07:48+00:00\" \/>\n<meta property=\"og:image\" content=\"https:\/\/akunq.net\/tr\/wp-content\/uploads\/sites\/6\/2021\/02\/Gaziantep-ve-Kilis\u2019teki-kilise.jpg\" \/>\n\t<meta property=\"og:image:width\" content=\"1000\" \/>\n\t<meta property=\"og:image:height\" content=\"562\" \/>\n\t<meta property=\"og:image:type\" content=\"image\/jpeg\" \/>\n<meta name=\"author\" content=\"admin\" \/>\n<meta name=\"twitter:card\" content=\"summary_large_image\" \/>\n<meta name=\"twitter:label1\" content=\"Written by\" \/>\n\t<meta name=\"twitter:data1\" content=\"admin\" \/>\n\t<meta name=\"twitter:label2\" content=\"Est. reading time\" \/>\n\t<meta name=\"twitter:data2\" content=\"3 minutes\" \/>\n<script type=\"application\/ld+json\" class=\"yoast-schema-graph\">{\"@context\":\"https:\\\/\\\/schema.org\",\"@graph\":[{\"@type\":\"Article\",\"@id\":\"https:\\\/\\\/akunq.net\\\/tr\\\/?p=61590#article\",\"isPartOf\":{\"@id\":\"https:\\\/\\\/akunq.net\\\/tr\\\/?p=61590\"},\"author\":{\"name\":\"admin\",\"@id\":\"https:\\\/\\\/akunq.net\\\/tr\\\/#\\\/schema\\\/person\\\/096f1d38a12cce57fb855b485ed24c9e\"},\"headline\":\"Gaziantep ve Kilis\u2019teki kilise ve sinagoglara restorasyon\",\"datePublished\":\"2021-02-22T08:07:48+00:00\",\"mainEntityOfPage\":{\"@id\":\"https:\\\/\\\/akunq.net\\\/tr\\\/?p=61590\"},\"wordCount\":612,\"commentCount\":0,\"image\":{\"@id\":\"https:\\\/\\\/akunq.net\\\/tr\\\/?p=61590#primaryimage\"},\"thumbnailUrl\":\"https:\\\/\\\/akunq.net\\\/tr\\\/wp-content\\\/uploads\\\/sites\\\/6\\\/2021\\\/02\\\/Gaziantep-ve-Kilis\u2019teki-kilise.jpg\",\"articleSection\":[\"Haberler\"],\"inLanguage\":\"en-US\",\"potentialAction\":[{\"@type\":\"CommentAction\",\"name\":\"Comment\",\"target\":[\"https:\\\/\\\/akunq.net\\\/tr\\\/?p=61590#respond\"]}]},{\"@type\":\"WebPage\",\"@id\":\"https:\\\/\\\/akunq.net\\\/tr\\\/?p=61590\",\"url\":\"https:\\\/\\\/akunq.net\\\/tr\\\/?p=61590\",\"name\":\"Gaziantep ve Kilis\u2019teki kilise ve sinagoglara restorasyon - Bati Ermenistan Ve Bati Ermenileri Sorunlari Ara\u015ftirmalar Merkezi\",\"isPartOf\":{\"@id\":\"https:\\\/\\\/akunq.net\\\/tr\\\/#website\"},\"primaryImageOfPage\":{\"@id\":\"https:\\\/\\\/akunq.net\\\/tr\\\/?p=61590#primaryimage\"},\"image\":{\"@id\":\"https:\\\/\\\/akunq.net\\\/tr\\\/?p=61590#primaryimage\"},\"thumbnailUrl\":\"https:\\\/\\\/akunq.net\\\/tr\\\/wp-content\\\/uploads\\\/sites\\\/6\\\/2021\\\/02\\\/Gaziantep-ve-Kilis\u2019teki-kilise.jpg\",\"datePublished\":\"2021-02-22T08:07:48+00:00\",\"author\":{\"@id\":\"https:\\\/\\\/akunq.net\\\/tr\\\/#\\\/schema\\\/person\\\/096f1d38a12cce57fb855b485ed24c9e\"},\"breadcrumb\":{\"@id\":\"https:\\\/\\\/akunq.net\\\/tr\\\/?p=61590#breadcrumb\"},\"inLanguage\":\"en-US\",\"potentialAction\":[{\"@type\":\"ReadAction\",\"target\":[\"https:\\\/\\\/akunq.net\\\/tr\\\/?p=61590\"]}]},{\"@type\":\"ImageObject\",\"inLanguage\":\"en-US\",\"@id\":\"https:\\\/\\\/akunq.net\\\/tr\\\/?p=61590#primaryimage\",\"url\":\"https:\\\/\\\/akunq.net\\\/tr\\\/wp-content\\\/uploads\\\/sites\\\/6\\\/2021\\\/02\\\/Gaziantep-ve-Kilis\u2019teki-kilise.jpg\",\"contentUrl\":\"https:\\\/\\\/akunq.net\\\/tr\\\/wp-content\\\/uploads\\\/sites\\\/6\\\/2021\\\/02\\\/Gaziantep-ve-Kilis\u2019teki-kilise.jpg\",\"width\":1000,\"height\":562},{\"@type\":\"BreadcrumbList\",\"@id\":\"https:\\\/\\\/akunq.net\\\/tr\\\/?p=61590#breadcrumb\",\"itemListElement\":[{\"@type\":\"ListItem\",\"position\":1,\"name\":\"Home\",\"item\":\"https:\\\/\\\/akunq.net\\\/tr\"},{\"@type\":\"ListItem\",\"position\":2,\"name\":\"Gaziantep ve Kilis\u2019teki kilise ve sinagoglara restorasyon\"}]},{\"@type\":\"WebSite\",\"@id\":\"https:\\\/\\\/akunq.net\\\/tr\\\/#website\",\"url\":\"https:\\\/\\\/akunq.net\\\/tr\\\/\",\"name\":\"Bati Ermenistan Ve Bati Ermenileri Sorunlari Ara\u015ftirmalar Merkezi\",\"description\":\"\",\"potentialAction\":[{\"@type\":\"SearchAction\",\"target\":{\"@type\":\"EntryPoint\",\"urlTemplate\":\"https:\\\/\\\/akunq.net\\\/tr\\\/?s={search_term_string}\"},\"query-input\":{\"@type\":\"PropertyValueSpecification\",\"valueRequired\":true,\"valueName\":\"search_term_string\"}}],\"inLanguage\":\"en-US\"},{\"@type\":\"Person\",\"@id\":\"https:\\\/\\\/akunq.net\\\/tr\\\/#\\\/schema\\\/person\\\/096f1d38a12cce57fb855b485ed24c9e\",\"name\":\"admin\",\"url\":\"https:\\\/\\\/akunq.net\\\/tr\\\/?author=7\"}]}<\/script>\n<!-- \/ Yoast SEO plugin. -->","yoast_head_json":{"title":"Gaziantep ve Kilis\u2019teki kilise ve sinagoglara restorasyon - Bati Ermenistan Ve Bati Ermenileri Sorunlari Ara\u015ftirmalar Merkezi","robots":{"index":"index","follow":"follow","max-snippet":"max-snippet:-1","max-image-preview":"max-image-preview:large","max-video-preview":"max-video-preview:-1"},"canonical":"https:\/\/akunq.net\/tr\/?p=61590","og_locale":"en_US","og_type":"article","og_title":"Gaziantep ve Kilis\u2019teki kilise ve sinagoglara restorasyon - Bati Ermenistan Ve Bati Ermenileri Sorunlari Ara\u015ftirmalar Merkezi","og_description":"Gaziantep\u2019te, 1776 y\u0131l\u0131nda Yahudi Cemaati taraf\u0131ndan kullan\u0131lan havra ile Nizip \u0130l\u00e7esinde bulunan Kilise orijinaline uygun olarak restore edilerek hizmete a\u00e7\u0131ld\u0131. Nizip il\u00e7esi Fevkani Mahallesi\u2019nde bulunan ve mahalle ile ayn\u0131 ad\u0131 ta\u015f\u0131yan kilisenin kitabesi bulunmazken, mimari tipolojisinden ve i\u00e7 k\u0131s\u0131mlarda izleri bulunan fresklerden yap\u0131n\u0131n VI. y\u00fczy\u0131lda in\u015fa edildi\u011fi tahmin ediliyor. Y\u00f6renin tipik in\u015fa malzemesi olan kesme [&hellip;]","og_url":"https:\/\/akunq.net\/tr\/?p=61590","og_site_name":"Bati Ermenistan Ve Bati Ermenileri Sorunlari Ara\u015ftirmalar Merkezi","article_published_time":"2021-02-22T08:07:48+00:00","og_image":[{"width":1000,"height":562,"url":"https:\/\/akunq.net\/tr\/wp-content\/uploads\/sites\/6\/2021\/02\/Gaziantep-ve-Kilis\u2019teki-kilise.jpg","type":"image\/jpeg"}],"author":"admin","twitter_card":"summary_large_image","twitter_misc":{"Written by":"admin","Est. reading time":"3 minutes"},"schema":{"@context":"https:\/\/schema.org","@graph":[{"@type":"Article","@id":"https:\/\/akunq.net\/tr\/?p=61590#article","isPartOf":{"@id":"https:\/\/akunq.net\/tr\/?p=61590"},"author":{"name":"admin","@id":"https:\/\/akunq.net\/tr\/#\/schema\/person\/096f1d38a12cce57fb855b485ed24c9e"},"headline":"Gaziantep ve Kilis\u2019teki kilise ve sinagoglara restorasyon","datePublished":"2021-02-22T08:07:48+00:00","mainEntityOfPage":{"@id":"https:\/\/akunq.net\/tr\/?p=61590"},"wordCount":612,"commentCount":0,"image":{"@id":"https:\/\/akunq.net\/tr\/?p=61590#primaryimage"},"thumbnailUrl":"https:\/\/akunq.net\/tr\/wp-content\/uploads\/sites\/6\/2021\/02\/Gaziantep-ve-Kilis\u2019teki-kilise.jpg","articleSection":["Haberler"],"inLanguage":"en-US","potentialAction":[{"@type":"CommentAction","name":"Comment","target":["https:\/\/akunq.net\/tr\/?p=61590#respond"]}]},{"@type":"WebPage","@id":"https:\/\/akunq.net\/tr\/?p=61590","url":"https:\/\/akunq.net\/tr\/?p=61590","name":"Gaziantep ve Kilis\u2019teki kilise ve sinagoglara restorasyon - Bati Ermenistan Ve Bati Ermenileri Sorunlari Ara\u015ftirmalar Merkezi","isPartOf":{"@id":"https:\/\/akunq.net\/tr\/#website"},"primaryImageOfPage":{"@id":"https:\/\/akunq.net\/tr\/?p=61590#primaryimage"},"image":{"@id":"https:\/\/akunq.net\/tr\/?p=61590#primaryimage"},"thumbnailUrl":"https:\/\/akunq.net\/tr\/wp-content\/uploads\/sites\/6\/2021\/02\/Gaziantep-ve-Kilis\u2019teki-kilise.jpg","datePublished":"2021-02-22T08:07:48+00:00","author":{"@id":"https:\/\/akunq.net\/tr\/#\/schema\/person\/096f1d38a12cce57fb855b485ed24c9e"},"breadcrumb":{"@id":"https:\/\/akunq.net\/tr\/?p=61590#breadcrumb"},"inLanguage":"en-US","potentialAction":[{"@type":"ReadAction","target":["https:\/\/akunq.net\/tr\/?p=61590"]}]},{"@type":"ImageObject","inLanguage":"en-US","@id":"https:\/\/akunq.net\/tr\/?p=61590#primaryimage","url":"https:\/\/akunq.net\/tr\/wp-content\/uploads\/sites\/6\/2021\/02\/Gaziantep-ve-Kilis\u2019teki-kilise.jpg","contentUrl":"https:\/\/akunq.net\/tr\/wp-content\/uploads\/sites\/6\/2021\/02\/Gaziantep-ve-Kilis\u2019teki-kilise.jpg","width":1000,"height":562},{"@type":"BreadcrumbList","@id":"https:\/\/akunq.net\/tr\/?p=61590#breadcrumb","itemListElement":[{"@type":"ListItem","position":1,"name":"Home","item":"https:\/\/akunq.net\/tr"},{"@type":"ListItem","position":2,"name":"Gaziantep ve Kilis\u2019teki kilise ve sinagoglara restorasyon"}]},{"@type":"WebSite","@id":"https:\/\/akunq.net\/tr\/#website","url":"https:\/\/akunq.net\/tr\/","name":"Bati Ermenistan Ve Bati Ermenileri Sorunlari Ara\u015ftirmalar Merkezi","description":"","potentialAction":[{"@type":"SearchAction","target":{"@type":"EntryPoint","urlTemplate":"https:\/\/akunq.net\/tr\/?s={search_term_string}"},"query-input":{"@type":"PropertyValueSpecification","valueRequired":true,"valueName":"search_term_string"}}],"inLanguage":"en-US"},{"@type":"Person","@id":"https:\/\/akunq.net\/tr\/#\/schema\/person\/096f1d38a12cce57fb855b485ed24c9e","name":"admin","url":"https:\/\/akunq.net\/tr\/?author=7"}]}},"_links":{"self":[{"href":"https:\/\/akunq.net\/tr\/index.php?rest_route=\/wp\/v2\/posts\/61590","targetHints":{"allow":["GET"]}}],"collection":[{"href":"https:\/\/akunq.net\/tr\/index.php?rest_route=\/wp\/v2\/posts"}],"about":[{"href":"https:\/\/akunq.net\/tr\/index.php?rest_route=\/wp\/v2\/types\/post"}],"author":[{"embeddable":true,"href":"https:\/\/akunq.net\/tr\/index.php?rest_route=\/wp\/v2\/users\/7"}],"replies":[{"embeddable":true,"href":"https:\/\/akunq.net\/tr\/index.php?rest_route=%2Fwp%2Fv2%2Fcomments&post=61590"}],"version-history":[{"count":1,"href":"https:\/\/akunq.net\/tr\/index.php?rest_route=\/wp\/v2\/posts\/61590\/revisions"}],"predecessor-version":[{"id":61592,"href":"https:\/\/akunq.net\/tr\/index.php?rest_route=\/wp\/v2\/posts\/61590\/revisions\/61592"}],"wp:featuredmedia":[{"embeddable":true,"href":"https:\/\/akunq.net\/tr\/index.php?rest_route=\/wp\/v2\/media\/61591"}],"wp:attachment":[{"href":"https:\/\/akunq.net\/tr\/index.php?rest_route=%2Fwp%2Fv2%2Fmedia&parent=61590"}],"wp:term":[{"taxonomy":"category","embeddable":true,"href":"https:\/\/akunq.net\/tr\/index.php?rest_route=%2Fwp%2Fv2%2Fcategories&post=61590"},{"taxonomy":"post_tag","embeddable":true,"href":"https:\/\/akunq.net\/tr\/index.php?rest_route=%2Fwp%2Fv2%2Ftags&post=61590"}],"curies":[{"name":"wp","href":"https:\/\/api.w.org\/{rel}","templated":true}]}}