{"id":61584,"date":"2021-02-22T02:52:05","date_gmt":"2021-02-22T07:52:05","guid":{"rendered":"https:\/\/akunq.net\/tr\/?p=61584"},"modified":"2021-02-22T02:52:05","modified_gmt":"2021-02-22T07:52:05","slug":"turkiyede-din-egitimi-turkluk-ve-sunni-islam-odakli-bir-anlayis-var","status":"publish","type":"post","link":"https:\/\/akunq.net\/tr\/?p=61584","title":{"rendered":"T\u00fcrkiye\u2019de din e\u011fitimi: \u201cT\u00fcrkl\u00fck ve S\u00fcnni \u0130slam odakl\u0131 bir anlay\u0131\u015f var\u201d"},"content":{"rendered":"<p><img loading=\"lazy\" decoding=\"async\" class=\"aligncenter size-medium wp-image-61585\" src=\"https:\/\/akunq.net\/tr\/wp-content\/uploads\/2021\/02\/T\u00fcrkiye\u2019de-din-e\u011fitimi-360x203.jpg\" alt=\"\" width=\"360\" height=\"203\" srcset=\"https:\/\/akunq.net\/tr\/wp-content\/uploads\/sites\/6\/2021\/02\/T\u00fcrkiye\u2019de-din-e\u011fitimi-360x203.jpg 360w, https:\/\/akunq.net\/tr\/wp-content\/uploads\/sites\/6\/2021\/02\/T\u00fcrkiye\u2019de-din-e\u011fitimi-768x432.jpg 768w, https:\/\/akunq.net\/tr\/wp-content\/uploads\/sites\/6\/2021\/02\/T\u00fcrkiye\u2019de-din-e\u011fitimi-560x315.jpg 560w, https:\/\/akunq.net\/tr\/wp-content\/uploads\/sites\/6\/2021\/02\/T\u00fcrkiye\u2019de-din-e\u011fitimi-260x146.jpg 260w, https:\/\/akunq.net\/tr\/wp-content\/uploads\/sites\/6\/2021\/02\/T\u00fcrkiye\u2019de-din-e\u011fitimi-160x90.jpg 160w, https:\/\/akunq.net\/tr\/wp-content\/uploads\/sites\/6\/2021\/02\/T\u00fcrkiye\u2019de-din-e\u011fitimi.jpg 940w\" sizes=\"auto, (max-width: 360px) 100vw, 360px\" \/><\/p>\n<p><em><strong>\u201c\u00c7ocuk, din veya inan\u00e7 \u00f6zg\u00fcrl\u00fc\u011f\u00fc hakk\u0131na sahip. \u00c7ocuk Haklar\u0131 S\u00f6zle\u015fmesi\u2019nin 14. maddesinde, bu hak korunuyor.\u201d<\/strong><\/em><\/p>\n<p>\u0130nan\u00e7 \u00f6zg\u00fcrl\u00fc\u011f\u00fc alan\u0131nda \u00e7al\u0131\u015fmalar\u0131yla bilinen Dr. Mine Y\u0131ld\u0131r\u0131m\u2019\u0131n dikkat \u00e7ekti\u011fi hak, \u00e7ok\u00e7a ihl\u00e2l edilen haklardan biri. Yeni ara\u015ft\u0131rmalara g\u00f6re, din veya inan\u00e7 \u00f6zg\u00fcrl\u00fc\u011f\u00fc konular\u0131nda \u00e7ocu\u011fun kat\u0131l\u0131m hakk\u0131n\u0131n T\u00fcrkiye\u2019de dikkate al\u0131nd\u0131\u011f\u0131n\u0131 s\u00f6ylemek \u00e7ok zor. T\u0131pk\u0131 din e\u011fitiminin \u00e7ocuk haklar\u0131 ve insan haklar\u0131na uyumlu oldu\u011funu s\u00f6ylemek gibi\u2026<\/p>\n<p>E\u015fit Haklar \u0130\u00e7in \u0130zleme Derne\u011fi ve Norve\u00e7 Helsinki Komitesi i\u015fbirli\u011fiyle y\u00fcr\u00fct\u00fclen \u201cT\u00fcrkiye E\u011fitim Sisteminde \u00c7o\u011fulculu\u011fu ve Din ve \u0130nan\u00e7 \u00d6zg\u00fcrl\u00fc\u011f\u00fcn\u00fc Destekleme Projesi\u201d kapsam\u0131nda haz\u0131rlanan \u00fc\u00e7 rapor, din e\u011fitimi alan\u0131ndaki \u00e7arp\u0131kl\u0131klar\u0131 g\u00f6zler \u00f6n\u00fcne seriyor. Ara\u015ft\u0131rmalara g\u00f6re, ders i\u00e7eriklerinde kapsay\u0131c\u0131l\u0131k, doktrinsel olmama ve yans\u0131zl\u0131k ilkelerine ters d\u00fc\u015fen unsurlar var. I\u015f\u0131k T\u00fcz\u00fcn ve Ezgi Tunca taraf\u0131ndan haz\u0131rlanan \u201c\u00c7ocu\u011fun Din veya \u0130nan\u00e7 \u00d6zg\u00fcrl\u00fc\u011f\u00fc A\u00e7\u0131s\u0131ndan Bir \u0130nceleme\u201dde, Milli E\u011fitim Bakanl\u0131\u011f\u0131\u2019n\u0131n (MEB) dini e\u011fitim unsurlar\u0131 bar\u0131nd\u0131ran i\u00e7eriklerin de yer ald\u0131\u011f\u0131 \u201cDe\u011ferler E\u011fitimi\u201d kapsam\u0131nda vak\u0131f ve derneklerle imzalad\u0131\u011f\u0131 is\u0327birlig\u0306i protokolleri mercek alt\u0131na al\u0131n\u0131yor. Hayr\u00e2t Vakf\u0131, Ensar Vakf\u0131, \u0130lim Yayma Cemiyeti, T\u00dcGVA, T\u00dcRGEV, Hizmet Vakf\u0131 ve Siverek \u00d6\u011frenci Derne\u011fi ile \u00e7o\u011fu \u201cDe\u011ferler E\u011fitimi\u201d kapsam\u0131nda imzalanan 11 protokol inceleniyor.<\/p>\n<div class=\"twitter-tweet twitter-tweet-rendered\"><iframe id=\"twitter-widget-0\" class=\"\" title=\"Twitter Tweet\" src=\"https:\/\/platform.twitter.com\/embed\/Tweet.html?creatorScreenName=HyeTert&amp;dnt=true&amp;embedId=twitter-widget-0&amp;frame=false&amp;hideCard=false&amp;hideThread=false&amp;id=1362800731548450817&amp;lang=tr&amp;origin=https%3A%2F%2Fhyetert.org%2F2021%2F02%2F20%2Fturkiyede-din-egitimi-turkluk-ve-sunni-islam-odakli-bir-anlayis-var%2F&amp;siteScreenName=HyeTert&amp;theme=light&amp;widgetsVersion=889aa01%3A1612811843556&amp;width=500px\" frameborder=\"0\" scrolling=\"no\" allowfullscreen=\"allowfullscreen\" data-tweet-id=\"1362800731548450817\" data-mce-fragment=\"1\"><\/iframe><\/div>\n<p><strong>\u201cS\u0131nava \u00e7al\u0131s\u0327ma teknikleri\u201d konferans\u0131nda ahiret referans\u0131<\/strong><\/p>\n<p>Protokoller kapsam\u0131nda d\u00fczenlenen etkinliklerde \u201cmilli ve manevi de\u011ferler\u201d vurgusu yap\u0131ld\u0131\u011f\u0131n\u0131 belirten T\u00fcz\u00fcn, \u201cBu de\u011ferlerde T\u00fcrkl\u00fck ve S\u00fcnni \u0130slam odakl\u0131 bir anlay\u0131\u015fa yer verildi\u011fini g\u00f6r\u00fcyoruz\u201d diyor. Hayr\u00e2t Vakf\u0131 ile 2014\u2019te imzalanan protokol \u201cKur\u2019an-\u0131 Kerim okuma, anlama ve yorumlama kurslar\u0131 bas\u0327ta olmak \u00fczere dig\u0306er kurs ve seminerlerin de\u201d d\u00fczenlenmesini \u00f6ng\u00f6r\u00fcyor. MEB, protokol sona erdikten sonra 2019\u2019da bes\u0327 y\u0131l s\u00fcreli bir protokol daha imzalam\u0131\u015ft\u0131.<\/p>\n<p><strong>I\u015f\u0131k T\u00fcz\u00fcn<\/strong><\/p>\n<p>Protokol metinlerinde etkinliklerin i\u00e7erik ve kapsam\u0131na ili\u015fkin mug\u0306lak ifadelerin yer almas\u0131 da g\u00f6ze \u00e7arp\u0131yor. Baz\u0131 protokollerde kat\u0131l\u0131m\u0131n g\u00f6n\u00fcll\u00fcl\u00fck esas\u0131yla ger\u00e7ekles\u0327tirileceg\u0306i belirtilse de baz\u0131lar\u0131nda bu ibare yok. Baz\u0131lar\u0131nda ise etkinliklerin hangi okul t\u00fcrleri ve kademeleri i\u00e7in ger\u00e7ekles\u0327tirileceg\u0306i belirtilmiyor. G\u00f6rev alacak eg\u0306itimcilerin hangi yeterliliklere sahip olacag\u0306\u0131na dair bilgiler de t\u00fcm protokollerde yer alm\u0131yor. Bir \u00f6g\u0306retmenin okulda ger\u00e7ekles\u0327tirilen \u201cokuma grubu\u201d \u00e7al\u0131s\u0327mas\u0131n\u0131n belli bir b\u00f6l\u00fcm\u00fcn\u00fcn dini i\u00e7erikli sohbetlere ayr\u0131ld\u0131g\u0306\u0131n\u0131 s\u00f6ylemesi, bir ba\u015fka \u00f6g\u0306retmenin \u201cs\u0131nava \u00e7al\u0131s\u0327ma teknikleri\u201d konulu bir konferans\u0131n ahiret gibi dini kavramlara referanslar i\u00e7erdig\u0306ini ifade etmesi, kapsam\u0131n d\u0131\u015f\u0131na \u00e7\u0131k\u0131ld\u0131\u011f\u0131n\u0131 g\u00f6steriyor.<\/p>\n<p><strong>Protokol metinlerinde mu\u011flak ifadeler<\/strong><\/p>\n<p>T\u00dcRGEV de protokol imzalanan kurulu\u015flardan biri. 2015\u2019te imzalanan protokol\u00fcn amac\u0131, \u201c\u00f6g\u0306rencilere sosyal, k\u00fclt\u00fcrel, sportif; mesleki ve teknik kurslar d\u00fczenleyerek belge almalar\u0131n\u0131 sag\u0306lamak\u201d olarak belirtiliyor. Protokol metninde kurslar\u0131n i\u00e7erig\u0306ine, s\u00fcresine veya hedeflenen yas\u0327 grubuna dair bilgi yok. Benzer \u015fekilde T\u00dcGVA ile 2017 tarihinde imzalanan protokol ile \u201cyayg\u0131n eg\u0306itim kurumlar\u0131nda \u00f6g\u0306rencilere sosyal, sanatsal, k\u00fclt\u00fcrel, sportif, bilimsel, teknolojik etkinlikler, proje \u00e7al\u0131s\u0327malar\u0131, yar\u0131s\u0327malar ile mesleki ve teknik kurslar d\u00fczenlemek\u201d ama\u00e7lan\u0131yor. Ancak yine metinde etkinliklere dair ayr\u0131nt\u0131 yok.<\/p>\n<p>Bu protokoller soru \u00f6nergelerine konu olabiliyor. MEB, T\u00dcGVA ile imzalanan \u201c\u00c7izimler ile 40 Hadis\u201d yar\u0131s\u0327mas\u0131yla ilgili soru \u00f6nergesine verdi\u011fi yan\u0131tta, yar\u0131s\u0327man\u0131n \u00f6g\u0306rencilerin \u201cmilli, manevi, ahlaki, insani ve k\u00fclt\u00fcrel deg\u0306erler edinmesine katk\u0131 sunacag\u0306\u0131\u201dn\u0131 ifade ediyor. Bir de a\u00e7\u0131lan davalar var. Vak\u0131f ve derneklerin lehine sonu\u00e7lanan davalar oldu\u011fu gibi aleyhine sonu\u00e7lananlar da var. Antalya I\u0307l Mill\u00ee Eg\u0306itim M\u00fcd\u00fcrl\u00fcg\u0306\u00fc ile Ensar Vakf\u0131 Antalya S\u0327ubesi aras\u0131nda imzalanan protokol i\u00e7in a\u00e7\u0131lan dava, onlardan biri. Antalya 4. I\u0307dare Mahkemesi, Haziran 2020\u2019de protokol\u00fcn mug\u0306lak ve s\u0131n\u0131rlar\u0131n\u0131n belirsiz olmas\u0131 ve \u00f6rg\u00fcn eg\u0306itim kapsam\u0131ndaki pek \u00e7ok etkinlig\u0306in Ensar Vakf\u0131 yetkilileri eliyle y\u00fcr\u00fct\u00fclmesinin hukuka ayk\u0131r\u0131 olmas\u0131 nedeniyle iptali y\u00f6n\u00fcnde karar verdi.<\/p>\n<p><strong>\u201cKendisini \u2018laik\u2019 diye tan\u0131mlayan \u00fclkede dini s\u0327art gerekli mi?\u201d<\/strong><\/p>\n<p>Dr. \u00d6zg\u00fcr Heval \u00c7\u0131nar taraf\u0131ndan haz\u0131rlanan raporun ba\u015fl\u0131\u011f\u0131 ise \u201cSe\u00e7meli Din Dersleri ve Kitaplar\u0131 Hakk\u0131nda \u0130nsan Haklar\u0131 Temelli Bir De\u011ferlendirme\u201d. \u00c7\u0131nar, \u201cOrta\u00f6g\u0306retim Temel Din\u00ee Bilgiler-I\u0307slam I\u201d kitab\u0131nda, ailenin \u201cdin ve hukuk a\u00e7\u0131s\u0131ndan herhangi bir engeli olmayan erkek ile kad\u0131n\u0131n kendi h\u00fcr iradeleriyle evlenmesi\u201d ile olu\u015fan bir yap\u0131 olarak tarif edildi\u011fini belirterek soruyor: \u201cKendisini \u2018laik\u2019 diye tan\u0131mlayan bir \u00fclkede evlilik i\u00e7in dini s\u0327artlar gerekli midir?\u201d \u00c7\u0131nar ayr\u0131ca, evlilik kurumunun sadece kad\u0131n ve erkek aras\u0131nda hayata ge\u00e7irilebileceg\u0306inin belirtilmesinin uluslararas\u0131 insan haklar\u0131 hukukunun ilkelerinden birisi olan ayr\u0131mc\u0131l\u0131g\u0306\u0131n yasaklanmas\u0131yla uyumlu olmad\u0131\u011f\u0131n\u0131 s\u00f6yl\u00fcyor.<\/p>\n<p>Ayn\u0131 kitapta, \u201cDinimiz sag\u0306l\u0131kl\u0131 ve hay\u0131rl\u0131 nesiller yetis\u0327tirmek i\u00e7in evlenmeyi tes\u0327vik etmis\u0327tir\u201d c\u00fcmlesi de var. Dr. \u00c7\u0131nar\u2019a g\u00f6re, bu ifadeyle evlilik d\u0131s\u0327\u0131 birliktelikler, tamamen saf d\u0131s\u0327\u0131 b\u0131rak\u0131l\u0131yor. Aile kurumuna kars\u0327\u0131 \u00e7\u0131kanlar\u0131n \u201cmutsuz ve huzursuz, dini ve ahlaki duygulara sahip olmayan, sorumluluk bilinci tas\u0327\u0131mayan ve toplumun varl\u0131g\u0306\u0131 i\u00e7in tehlike arz eden\u201d kis\u0327iler oldug\u0306unun da belirtildi\u011fi kitapta, s\u00f6z konusu ifadelerle ayr\u0131mc\u0131l\u0131k ve es\u0327itlik ilkelerinin ihlal edildi\u011finin de alt\u0131n\u0131 \u00e7iziyor. Ara\u015ft\u0131rmac\u0131ya g\u00f6re, kitaptaki \u201chan\u0131m\u201d kelimesi de uluslararas\u0131 s\u00f6zles\u0327melerle uyumlu deg\u0306il. \u201c\u2018Kad\u0131n\u2019 denmesi daha uygun olacakt\u0131r\u201d diyor. \u201cAhlaki Yozlas\u0327ma\u201d bas\u0327l\u0131g\u0306\u0131 alt\u0131nda, iyi insan olmak i\u00e7in I\u0307slam dinini ve ahlaki deg\u0306erleri yas\u0327amak gerektig\u0306inin belirtildi\u011fini, bunun da ayr\u0131mc\u0131 bir anlay\u0131\u015f oldu\u011funu ekliyor.<\/p>\n<p><strong>MEB: \u201cDin dersinden muaf olanlar\u0131n verisi yok\u201d<\/strong><\/p>\n<p>Proje kapsam\u0131nda incelenen alanlardan bir di\u011feri, Din K\u00fclt\u00fcr\u00fc ve Ahlak Bilgisi (DKAB) dersi kapsam\u0131nda okutulan kitaplar. T\u00fcrkiye\u2019de 4.-12. s\u0131n\u0131flar aras\u0131nda haftada iki saat zorunlu olan DKAB dersinden muafiyet, sadece Hristiyan ve Musevi \u00f6g\u0306rencilere tan\u0131n\u0131yor. Dr. Mine Y\u0131ld\u0131r\u0131m, MEB\u2019e bilgi edinme bas\u0327vurusu yaparak, \u201c2017-2018, 2018-2019, 2019-2020 y\u0131llar\u0131 aras\u0131nda ka\u00e7 \u00f6g\u0306renci i\u00e7in DKAB dersinden muafiyet bas\u0327vurusu yap\u0131lm\u0131s\u0327t\u0131r? Ka\u00e7\u0131 kabul edilmis\u0327, ka\u00e7\u0131 reddedilmis\u0327tir?\u201d sorusunu sormu\u015f. MEB\u2019in cevab\u0131nda, muafiyet bas\u0327vurusu istatistikleriyle ilgili olarak, \u201cElimizde herhangi bir bilgi ve belge bulunmamaktad\u0131r\u201d ifadesi kullan\u0131lm\u0131s\u0327.<\/p>\n<p><strong>Dr. Mine Y\u0131ld\u0131r\u0131m<\/strong><\/p>\n<p>Y\u0131ld\u0131r\u0131m taraf\u0131ndan yap\u0131lan ara\u015ft\u0131rmada, DKAB ders kitaplar\u0131n\u0131n dinler hakk\u0131nda tarafs\u0131z ve nesnel olmayan, S\u00fcnni I\u0307slam ilahiyat bak\u0131s\u0327 a\u00e7\u0131s\u0131yla sunulan bilgiler i\u00e7erdi\u011fi dile getiriliyor. Y\u0131ld\u0131r\u0131m, \u201cAlevi toplumu i\u00e7in ibadet yeri say\u0131lan cemevlerinin ibadet yeri oldug\u0306u, Alevi ibadeti olan semah\u0131n bir ibadet bi\u00e7imi oldug\u0306u ifade edilmiyor\u201d diyor. DKAB dersinin ama\u00e7lar\u0131ndan biri, \u00f6g\u0306rencilerin \u201cmilli deg\u0306erleri\u201d benimsemeleri. Fakat Y\u0131ld\u0131r\u0131m\u2019a g\u00f6re, bu deg\u0306erler \u00e7es\u0327itlilig\u0306i dikkate alacak s\u0327ekilde sunulmuyor. 9. s\u0131n\u0131f DKAB kitab\u0131ndan bir \u00f6rnek, bu arg\u00fcman\u0131 destekliyor:<\/p>\n<p>\u201cDeg\u0306er, bir milletin sahip oldug\u0306u sosyal, k\u00fclt\u00fcrel, ekonomik, bilimsel alanlardaki maddi ve manevi \u00f6gelerin b\u00fct\u00fcn\u00fcn\u00fc ifade eder. \u00d6rneg\u0306in tarihi camiler mimari eser olarak maddi, dini bir yap\u0131 olarak manevi deg\u0306er tas\u0327\u0131maktad\u0131r.\u201d<\/p>\n<p><strong>Dindar olan da olmayan da ele\u015ftiriyor<\/strong><\/p>\n<p>Raporda \u00e7arp\u0131c\u0131 tespitlerden biri de, zorunlu din derslerinin S\u00fcnni dindar kesimden \u00e7ocuklar i\u00e7in yetersiz ve tekrar niteli\u011finde olmas\u0131, dindar olmayan veya en az dini pratiklere sahip kesimden gelen \u00e7ocuklarda da TEOG\u2019daki bas\u0327ar\u0131y\u0131 etkilemesi ve ezbere dayal\u0131 olmas\u0131 nedeniyle eles\u0327tirilmesi\u2026 Peki, din e\u011fitimi alan\u0131ndaki sorunlar\u0131n \u00e7\u00f6z\u00fcm\u00fc var m\u0131? Ara\u015ft\u0131rmac\u0131lara g\u00f6re, ders kitaplar\u0131n\u0131n her t\u00fcrl\u00fc din ve inanca yer verecek s\u0327ekilde d\u00fczeltilmesi, kapsay\u0131c\u0131 olmas\u0131 i\u00e7in \u201cM\u00fcsl\u00fcman ve T\u00fcrk olma\u201dn\u0131n ana \u00f6zne olarak belirtilmemesi, se\u00e7meli din derslerinin S\u00fcnni anlay\u0131s\u0327tan farkl\u0131 inan\u00e7lara da derinlemesine yer vermesi, \u00e7\u00f6z\u00fcme gidecek yolu a\u00e7abilir.<\/p>\n<p><em><strong>Burcu Karaka\u015f<\/strong><\/em><\/p>\n<p><em><strong>https:\/\/www.dw.com\/tr\/t%C3%BCrkiyede-din-e%C4%9Fitimi-t%C3%BCrkl%C3%BCk-ve-s%C3%BCnni-islam-odakl%C4%B1-bir-anlay%C4%B1%C5%9F-var\/a-56633770?maca=tur-rss-tur-all-1495-rdf\u00a0<\/strong><\/em><\/p>\n","protected":false},"excerpt":{"rendered":"<p>\u201c\u00c7ocuk, din veya inan\u00e7 \u00f6zg\u00fcrl\u00fc\u011f\u00fc hakk\u0131na sahip. \u00c7ocuk Haklar\u0131 S\u00f6zle\u015fmesi\u2019nin 14. maddesinde, bu hak korunuyor.\u201d \u0130nan\u00e7 \u00f6zg\u00fcrl\u00fc\u011f\u00fc alan\u0131nda \u00e7al\u0131\u015fmalar\u0131yla bilinen Dr. Mine Y\u0131ld\u0131r\u0131m\u2019\u0131n dikkat \u00e7ekti\u011fi hak, \u00e7ok\u00e7a ihl\u00e2l edilen haklardan biri. Yeni ara\u015ft\u0131rmalara g\u00f6re, din veya inan\u00e7 \u00f6zg\u00fcrl\u00fc\u011f\u00fc konular\u0131nda \u00e7ocu\u011fun kat\u0131l\u0131m hakk\u0131n\u0131n T\u00fcrkiye\u2019de dikkate al\u0131nd\u0131\u011f\u0131n\u0131 s\u00f6ylemek \u00e7ok zor. T\u0131pk\u0131 din e\u011fitiminin \u00e7ocuk haklar\u0131 ve insan [&hellip;]<\/p>\n","protected":false},"author":7,"featured_media":61585,"comment_status":"open","ping_status":"open","sticky":false,"template":"","format":"standard","meta":{"footnotes":""},"categories":[1],"tags":[],"class_list":["post-61584","post","type-post","status-publish","format-standard","has-post-thumbnail","hentry","category-haberler"],"yoast_head":"<!-- This site is optimized with the Yoast SEO plugin v27.4 - https:\/\/yoast.com\/product\/yoast-seo-wordpress\/ -->\n<title>T\u00fcrkiye\u2019de din e\u011fitimi: \u201cT\u00fcrkl\u00fck ve S\u00fcnni \u0130slam odakl\u0131 bir anlay\u0131\u015f var\u201d - Bati Ermenistan Ve Bati Ermenileri Sorunlari Ara\u015ftirmalar Merkezi<\/title>\n<meta name=\"robots\" content=\"index, follow, max-snippet:-1, max-image-preview:large, max-video-preview:-1\" \/>\n<link rel=\"canonical\" href=\"https:\/\/akunq.net\/tr\/?p=61584\" \/>\n<meta property=\"og:locale\" content=\"en_US\" \/>\n<meta property=\"og:type\" content=\"article\" \/>\n<meta property=\"og:title\" content=\"T\u00fcrkiye\u2019de din e\u011fitimi: \u201cT\u00fcrkl\u00fck ve S\u00fcnni \u0130slam odakl\u0131 bir anlay\u0131\u015f var\u201d - Bati Ermenistan Ve Bati Ermenileri Sorunlari Ara\u015ftirmalar Merkezi\" \/>\n<meta property=\"og:description\" content=\"\u201c\u00c7ocuk, din veya inan\u00e7 \u00f6zg\u00fcrl\u00fc\u011f\u00fc hakk\u0131na sahip. \u00c7ocuk Haklar\u0131 S\u00f6zle\u015fmesi\u2019nin 14. maddesinde, bu hak korunuyor.\u201d \u0130nan\u00e7 \u00f6zg\u00fcrl\u00fc\u011f\u00fc alan\u0131nda \u00e7al\u0131\u015fmalar\u0131yla bilinen Dr. Mine Y\u0131ld\u0131r\u0131m\u2019\u0131n dikkat \u00e7ekti\u011fi hak, \u00e7ok\u00e7a ihl\u00e2l edilen haklardan biri. Yeni ara\u015ft\u0131rmalara g\u00f6re, din veya inan\u00e7 \u00f6zg\u00fcrl\u00fc\u011f\u00fc konular\u0131nda \u00e7ocu\u011fun kat\u0131l\u0131m hakk\u0131n\u0131n T\u00fcrkiye\u2019de dikkate al\u0131nd\u0131\u011f\u0131n\u0131 s\u00f6ylemek \u00e7ok zor. T\u0131pk\u0131 din e\u011fitiminin \u00e7ocuk haklar\u0131 ve insan [&hellip;]\" \/>\n<meta property=\"og:url\" content=\"https:\/\/akunq.net\/tr\/?p=61584\" \/>\n<meta property=\"og:site_name\" content=\"Bati Ermenistan Ve Bati Ermenileri Sorunlari Ara\u015ftirmalar Merkezi\" \/>\n<meta property=\"article:published_time\" content=\"2021-02-22T07:52:05+00:00\" \/>\n<meta property=\"og:image\" content=\"https:\/\/akunq.net\/tr\/wp-content\/uploads\/sites\/6\/2021\/02\/T\u00fcrkiye\u2019de-din-e\u011fitimi.jpg\" \/>\n\t<meta property=\"og:image:width\" content=\"940\" \/>\n\t<meta property=\"og:image:height\" content=\"529\" \/>\n\t<meta property=\"og:image:type\" content=\"image\/jpeg\" \/>\n<meta name=\"author\" content=\"admin\" \/>\n<meta name=\"twitter:card\" content=\"summary_large_image\" \/>\n<meta name=\"twitter:label1\" content=\"Written by\" \/>\n\t<meta name=\"twitter:data1\" content=\"admin\" \/>\n\t<meta name=\"twitter:label2\" content=\"Est. reading time\" \/>\n\t<meta name=\"twitter:data2\" content=\"7 minutes\" \/>\n<script type=\"application\/ld+json\" class=\"yoast-schema-graph\">{\"@context\":\"https:\\\/\\\/schema.org\",\"@graph\":[{\"@type\":\"Article\",\"@id\":\"https:\\\/\\\/akunq.net\\\/tr\\\/?p=61584#article\",\"isPartOf\":{\"@id\":\"https:\\\/\\\/akunq.net\\\/tr\\\/?p=61584\"},\"author\":{\"name\":\"admin\",\"@id\":\"https:\\\/\\\/akunq.net\\\/tr\\\/#\\\/schema\\\/person\\\/096f1d38a12cce57fb855b485ed24c9e\"},\"headline\":\"T\u00fcrkiye\u2019de din e\u011fitimi: \u201cT\u00fcrkl\u00fck ve S\u00fcnni \u0130slam odakl\u0131 bir anlay\u0131\u015f var\u201d\",\"datePublished\":\"2021-02-22T07:52:05+00:00\",\"mainEntityOfPage\":{\"@id\":\"https:\\\/\\\/akunq.net\\\/tr\\\/?p=61584\"},\"wordCount\":1512,\"commentCount\":0,\"image\":{\"@id\":\"https:\\\/\\\/akunq.net\\\/tr\\\/?p=61584#primaryimage\"},\"thumbnailUrl\":\"https:\\\/\\\/akunq.net\\\/tr\\\/wp-content\\\/uploads\\\/sites\\\/6\\\/2021\\\/02\\\/T\u00fcrkiye\u2019de-din-e\u011fitimi.jpg\",\"articleSection\":[\"Haberler\"],\"inLanguage\":\"en-US\",\"potentialAction\":[{\"@type\":\"CommentAction\",\"name\":\"Comment\",\"target\":[\"https:\\\/\\\/akunq.net\\\/tr\\\/?p=61584#respond\"]}]},{\"@type\":\"WebPage\",\"@id\":\"https:\\\/\\\/akunq.net\\\/tr\\\/?p=61584\",\"url\":\"https:\\\/\\\/akunq.net\\\/tr\\\/?p=61584\",\"name\":\"T\u00fcrkiye\u2019de din e\u011fitimi: \u201cT\u00fcrkl\u00fck ve S\u00fcnni \u0130slam odakl\u0131 bir anlay\u0131\u015f var\u201d - Bati Ermenistan Ve Bati Ermenileri Sorunlari Ara\u015ftirmalar Merkezi\",\"isPartOf\":{\"@id\":\"https:\\\/\\\/akunq.net\\\/tr\\\/#website\"},\"primaryImageOfPage\":{\"@id\":\"https:\\\/\\\/akunq.net\\\/tr\\\/?p=61584#primaryimage\"},\"image\":{\"@id\":\"https:\\\/\\\/akunq.net\\\/tr\\\/?p=61584#primaryimage\"},\"thumbnailUrl\":\"https:\\\/\\\/akunq.net\\\/tr\\\/wp-content\\\/uploads\\\/sites\\\/6\\\/2021\\\/02\\\/T\u00fcrkiye\u2019de-din-e\u011fitimi.jpg\",\"datePublished\":\"2021-02-22T07:52:05+00:00\",\"author\":{\"@id\":\"https:\\\/\\\/akunq.net\\\/tr\\\/#\\\/schema\\\/person\\\/096f1d38a12cce57fb855b485ed24c9e\"},\"breadcrumb\":{\"@id\":\"https:\\\/\\\/akunq.net\\\/tr\\\/?p=61584#breadcrumb\"},\"inLanguage\":\"en-US\",\"potentialAction\":[{\"@type\":\"ReadAction\",\"target\":[\"https:\\\/\\\/akunq.net\\\/tr\\\/?p=61584\"]}]},{\"@type\":\"ImageObject\",\"inLanguage\":\"en-US\",\"@id\":\"https:\\\/\\\/akunq.net\\\/tr\\\/?p=61584#primaryimage\",\"url\":\"https:\\\/\\\/akunq.net\\\/tr\\\/wp-content\\\/uploads\\\/sites\\\/6\\\/2021\\\/02\\\/T\u00fcrkiye\u2019de-din-e\u011fitimi.jpg\",\"contentUrl\":\"https:\\\/\\\/akunq.net\\\/tr\\\/wp-content\\\/uploads\\\/sites\\\/6\\\/2021\\\/02\\\/T\u00fcrkiye\u2019de-din-e\u011fitimi.jpg\",\"width\":940,\"height\":529},{\"@type\":\"BreadcrumbList\",\"@id\":\"https:\\\/\\\/akunq.net\\\/tr\\\/?p=61584#breadcrumb\",\"itemListElement\":[{\"@type\":\"ListItem\",\"position\":1,\"name\":\"Home\",\"item\":\"https:\\\/\\\/akunq.net\\\/tr\"},{\"@type\":\"ListItem\",\"position\":2,\"name\":\"T\u00fcrkiye\u2019de din e\u011fitimi: \u201cT\u00fcrkl\u00fck ve S\u00fcnni \u0130slam odakl\u0131 bir anlay\u0131\u015f var\u201d\"}]},{\"@type\":\"WebSite\",\"@id\":\"https:\\\/\\\/akunq.net\\\/tr\\\/#website\",\"url\":\"https:\\\/\\\/akunq.net\\\/tr\\\/\",\"name\":\"Bati Ermenistan Ve Bati Ermenileri Sorunlari Ara\u015ftirmalar Merkezi\",\"description\":\"\",\"potentialAction\":[{\"@type\":\"SearchAction\",\"target\":{\"@type\":\"EntryPoint\",\"urlTemplate\":\"https:\\\/\\\/akunq.net\\\/tr\\\/?s={search_term_string}\"},\"query-input\":{\"@type\":\"PropertyValueSpecification\",\"valueRequired\":true,\"valueName\":\"search_term_string\"}}],\"inLanguage\":\"en-US\"},{\"@type\":\"Person\",\"@id\":\"https:\\\/\\\/akunq.net\\\/tr\\\/#\\\/schema\\\/person\\\/096f1d38a12cce57fb855b485ed24c9e\",\"name\":\"admin\",\"url\":\"https:\\\/\\\/akunq.net\\\/tr\\\/?author=7\"}]}<\/script>\n<!-- \/ Yoast SEO plugin. -->","yoast_head_json":{"title":"T\u00fcrkiye\u2019de din e\u011fitimi: \u201cT\u00fcrkl\u00fck ve S\u00fcnni \u0130slam odakl\u0131 bir anlay\u0131\u015f var\u201d - Bati Ermenistan Ve Bati Ermenileri Sorunlari Ara\u015ftirmalar Merkezi","robots":{"index":"index","follow":"follow","max-snippet":"max-snippet:-1","max-image-preview":"max-image-preview:large","max-video-preview":"max-video-preview:-1"},"canonical":"https:\/\/akunq.net\/tr\/?p=61584","og_locale":"en_US","og_type":"article","og_title":"T\u00fcrkiye\u2019de din e\u011fitimi: \u201cT\u00fcrkl\u00fck ve S\u00fcnni \u0130slam odakl\u0131 bir anlay\u0131\u015f var\u201d - Bati Ermenistan Ve Bati Ermenileri Sorunlari Ara\u015ftirmalar Merkezi","og_description":"\u201c\u00c7ocuk, din veya inan\u00e7 \u00f6zg\u00fcrl\u00fc\u011f\u00fc hakk\u0131na sahip. \u00c7ocuk Haklar\u0131 S\u00f6zle\u015fmesi\u2019nin 14. maddesinde, bu hak korunuyor.\u201d \u0130nan\u00e7 \u00f6zg\u00fcrl\u00fc\u011f\u00fc alan\u0131nda \u00e7al\u0131\u015fmalar\u0131yla bilinen Dr. Mine Y\u0131ld\u0131r\u0131m\u2019\u0131n dikkat \u00e7ekti\u011fi hak, \u00e7ok\u00e7a ihl\u00e2l edilen haklardan biri. Yeni ara\u015ft\u0131rmalara g\u00f6re, din veya inan\u00e7 \u00f6zg\u00fcrl\u00fc\u011f\u00fc konular\u0131nda \u00e7ocu\u011fun kat\u0131l\u0131m hakk\u0131n\u0131n T\u00fcrkiye\u2019de dikkate al\u0131nd\u0131\u011f\u0131n\u0131 s\u00f6ylemek \u00e7ok zor. T\u0131pk\u0131 din e\u011fitiminin \u00e7ocuk haklar\u0131 ve insan [&hellip;]","og_url":"https:\/\/akunq.net\/tr\/?p=61584","og_site_name":"Bati Ermenistan Ve Bati Ermenileri Sorunlari Ara\u015ftirmalar Merkezi","article_published_time":"2021-02-22T07:52:05+00:00","og_image":[{"width":940,"height":529,"url":"https:\/\/akunq.net\/tr\/wp-content\/uploads\/sites\/6\/2021\/02\/T\u00fcrkiye\u2019de-din-e\u011fitimi.jpg","type":"image\/jpeg"}],"author":"admin","twitter_card":"summary_large_image","twitter_misc":{"Written by":"admin","Est. reading time":"7 minutes"},"schema":{"@context":"https:\/\/schema.org","@graph":[{"@type":"Article","@id":"https:\/\/akunq.net\/tr\/?p=61584#article","isPartOf":{"@id":"https:\/\/akunq.net\/tr\/?p=61584"},"author":{"name":"admin","@id":"https:\/\/akunq.net\/tr\/#\/schema\/person\/096f1d38a12cce57fb855b485ed24c9e"},"headline":"T\u00fcrkiye\u2019de din e\u011fitimi: \u201cT\u00fcrkl\u00fck ve S\u00fcnni \u0130slam odakl\u0131 bir anlay\u0131\u015f var\u201d","datePublished":"2021-02-22T07:52:05+00:00","mainEntityOfPage":{"@id":"https:\/\/akunq.net\/tr\/?p=61584"},"wordCount":1512,"commentCount":0,"image":{"@id":"https:\/\/akunq.net\/tr\/?p=61584#primaryimage"},"thumbnailUrl":"https:\/\/akunq.net\/tr\/wp-content\/uploads\/sites\/6\/2021\/02\/T\u00fcrkiye\u2019de-din-e\u011fitimi.jpg","articleSection":["Haberler"],"inLanguage":"en-US","potentialAction":[{"@type":"CommentAction","name":"Comment","target":["https:\/\/akunq.net\/tr\/?p=61584#respond"]}]},{"@type":"WebPage","@id":"https:\/\/akunq.net\/tr\/?p=61584","url":"https:\/\/akunq.net\/tr\/?p=61584","name":"T\u00fcrkiye\u2019de din e\u011fitimi: \u201cT\u00fcrkl\u00fck ve S\u00fcnni \u0130slam odakl\u0131 bir anlay\u0131\u015f var\u201d - Bati Ermenistan Ve Bati Ermenileri Sorunlari Ara\u015ftirmalar Merkezi","isPartOf":{"@id":"https:\/\/akunq.net\/tr\/#website"},"primaryImageOfPage":{"@id":"https:\/\/akunq.net\/tr\/?p=61584#primaryimage"},"image":{"@id":"https:\/\/akunq.net\/tr\/?p=61584#primaryimage"},"thumbnailUrl":"https:\/\/akunq.net\/tr\/wp-content\/uploads\/sites\/6\/2021\/02\/T\u00fcrkiye\u2019de-din-e\u011fitimi.jpg","datePublished":"2021-02-22T07:52:05+00:00","author":{"@id":"https:\/\/akunq.net\/tr\/#\/schema\/person\/096f1d38a12cce57fb855b485ed24c9e"},"breadcrumb":{"@id":"https:\/\/akunq.net\/tr\/?p=61584#breadcrumb"},"inLanguage":"en-US","potentialAction":[{"@type":"ReadAction","target":["https:\/\/akunq.net\/tr\/?p=61584"]}]},{"@type":"ImageObject","inLanguage":"en-US","@id":"https:\/\/akunq.net\/tr\/?p=61584#primaryimage","url":"https:\/\/akunq.net\/tr\/wp-content\/uploads\/sites\/6\/2021\/02\/T\u00fcrkiye\u2019de-din-e\u011fitimi.jpg","contentUrl":"https:\/\/akunq.net\/tr\/wp-content\/uploads\/sites\/6\/2021\/02\/T\u00fcrkiye\u2019de-din-e\u011fitimi.jpg","width":940,"height":529},{"@type":"BreadcrumbList","@id":"https:\/\/akunq.net\/tr\/?p=61584#breadcrumb","itemListElement":[{"@type":"ListItem","position":1,"name":"Home","item":"https:\/\/akunq.net\/tr"},{"@type":"ListItem","position":2,"name":"T\u00fcrkiye\u2019de din e\u011fitimi: \u201cT\u00fcrkl\u00fck ve S\u00fcnni \u0130slam odakl\u0131 bir anlay\u0131\u015f var\u201d"}]},{"@type":"WebSite","@id":"https:\/\/akunq.net\/tr\/#website","url":"https:\/\/akunq.net\/tr\/","name":"Bati Ermenistan Ve Bati Ermenileri Sorunlari Ara\u015ftirmalar Merkezi","description":"","potentialAction":[{"@type":"SearchAction","target":{"@type":"EntryPoint","urlTemplate":"https:\/\/akunq.net\/tr\/?s={search_term_string}"},"query-input":{"@type":"PropertyValueSpecification","valueRequired":true,"valueName":"search_term_string"}}],"inLanguage":"en-US"},{"@type":"Person","@id":"https:\/\/akunq.net\/tr\/#\/schema\/person\/096f1d38a12cce57fb855b485ed24c9e","name":"admin","url":"https:\/\/akunq.net\/tr\/?author=7"}]}},"_links":{"self":[{"href":"https:\/\/akunq.net\/tr\/index.php?rest_route=\/wp\/v2\/posts\/61584","targetHints":{"allow":["GET"]}}],"collection":[{"href":"https:\/\/akunq.net\/tr\/index.php?rest_route=\/wp\/v2\/posts"}],"about":[{"href":"https:\/\/akunq.net\/tr\/index.php?rest_route=\/wp\/v2\/types\/post"}],"author":[{"embeddable":true,"href":"https:\/\/akunq.net\/tr\/index.php?rest_route=\/wp\/v2\/users\/7"}],"replies":[{"embeddable":true,"href":"https:\/\/akunq.net\/tr\/index.php?rest_route=%2Fwp%2Fv2%2Fcomments&post=61584"}],"version-history":[{"count":1,"href":"https:\/\/akunq.net\/tr\/index.php?rest_route=\/wp\/v2\/posts\/61584\/revisions"}],"predecessor-version":[{"id":61586,"href":"https:\/\/akunq.net\/tr\/index.php?rest_route=\/wp\/v2\/posts\/61584\/revisions\/61586"}],"wp:featuredmedia":[{"embeddable":true,"href":"https:\/\/akunq.net\/tr\/index.php?rest_route=\/wp\/v2\/media\/61585"}],"wp:attachment":[{"href":"https:\/\/akunq.net\/tr\/index.php?rest_route=%2Fwp%2Fv2%2Fmedia&parent=61584"}],"wp:term":[{"taxonomy":"category","embeddable":true,"href":"https:\/\/akunq.net\/tr\/index.php?rest_route=%2Fwp%2Fv2%2Fcategories&post=61584"},{"taxonomy":"post_tag","embeddable":true,"href":"https:\/\/akunq.net\/tr\/index.php?rest_route=%2Fwp%2Fv2%2Ftags&post=61584"}],"curies":[{"name":"wp","href":"https:\/\/api.w.org\/{rel}","templated":true}]}}