{"id":61581,"date":"2021-02-22T02:45:24","date_gmt":"2021-02-22T07:45:24","guid":{"rendered":"https:\/\/akunq.net\/tr\/?p=61581"},"modified":"2021-02-22T02:45:24","modified_gmt":"2021-02-22T07:45:24","slug":"azerbaycan-karabagda-ermeni-kulturune-karsi-savasmaya-devam-ediyor","status":"publish","type":"post","link":"https:\/\/akunq.net\/tr\/?p=61581","title":{"rendered":"Azerbaycan, Karaba\u011f&#8217;da Ermeni k\u00fclt\u00fcr\u00fcne kar\u015f\u0131 sava\u015fmaya devam ediyor"},"content":{"rendered":"<div class=\"html-content\">\n<p><img loading=\"lazy\" decoding=\"async\" class=\"aligncenter size-medium wp-image-61582\" src=\"https:\/\/akunq.net\/tr\/wp-content\/uploads\/2021\/02\/Karaba\u011fda-Ermeni-k\u00fclt\u00fcr\u00fc-360x202.jpg\" alt=\"\" width=\"360\" height=\"202\" srcset=\"https:\/\/akunq.net\/tr\/wp-content\/uploads\/sites\/6\/2021\/02\/Karaba\u011fda-Ermeni-k\u00fclt\u00fcr\u00fc-360x202.jpg 360w, https:\/\/akunq.net\/tr\/wp-content\/uploads\/sites\/6\/2021\/02\/Karaba\u011fda-Ermeni-k\u00fclt\u00fcr\u00fc-768x431.jpg 768w, https:\/\/akunq.net\/tr\/wp-content\/uploads\/sites\/6\/2021\/02\/Karaba\u011fda-Ermeni-k\u00fclt\u00fcr\u00fc-560x314.jpg 560w, https:\/\/akunq.net\/tr\/wp-content\/uploads\/sites\/6\/2021\/02\/Karaba\u011fda-Ermeni-k\u00fclt\u00fcr\u00fc-260x146.jpg 260w, https:\/\/akunq.net\/tr\/wp-content\/uploads\/sites\/6\/2021\/02\/Karaba\u011fda-Ermeni-k\u00fclt\u00fcr\u00fc-160x90.jpg 160w, https:\/\/akunq.net\/tr\/wp-content\/uploads\/sites\/6\/2021\/02\/Karaba\u011fda-Ermeni-k\u00fclt\u00fcr\u00fc.jpg 790w\" sizes=\"auto, (max-width: 360px) 100vw, 360px\" \/><\/p>\n<p><em><strong>Artsakh (Da\u011fl\u0131k Karaba\u011f) \u201cTarihi Ortam Koruma Devlet Servisi\u201dnin yapt\u0131\u011f\u0131 ara\u015ft\u0131rmalar, Artsakh\u2019\u0131n tarihi ve k\u00fclt\u00fcrel eserlerin Azerbaycan taraf\u0131ndan gaddarca yok edildi\u011fini g\u00f6sterdi.\u00a0\u201cArtsakh Monuments\u201d Facebook sitesi \u00fczerinden yap\u0131lan a\u00e7\u0131klamada, \u015fu ifadelere yer verildi:<\/strong><\/em><\/p>\n<p>&#8220;Yapt\u0131\u011f\u0131m\u0131z izleme sonu\u00e7lar\u0131n\u0131 ve g\u00f6rg\u00fc tan\u0131klar\u0131n\u0131n anlatt\u0131klar\u0131n\u0131 dikkate ald\u0131\u011f\u0131m\u0131zda, Azerbaycan taraf\u0131ndan i\u015fgal edilen b\u00f6lgelerde Azerbaycanl\u0131lar\u0131n, Artsakh Kurtulu\u015f Sava\u015f\u0131\u2019na ithaf olunan Ermeni an\u0131tlara (kha\u00e7karlar, heykeller) kar\u015f\u0131 vah\u015fi sald\u0131r\u0131larda bulundu\u011funu s\u00f6yleyebiliriz\u201d.<\/p>\n<p>Sava\u015fta d\u00fc\u015fen Ermeni askerlerin mezarlar\u0131na kar\u015f\u0131 da barbar sald\u0131r\u0131lar\u0131n yap\u0131ld\u0131\u011f\u0131 vurgulanan a\u00e7\u0131klamada, To\u011f\u2019da bulunan ve ikinci d\u00fcnya sava\u015f\u0131n\u0131n an\u0131s\u0131na ithaf olunan heykelin yak\u0131n\u0131ndaki iki mezar ta\u015f\u0131n\u0131n k\u0131r\u0131ld\u0131\u011f\u0131 bildirildi. Bunun d\u0131\u015f\u0131nda, Mets Ta\u011fer koy mezarl\u0131\u011f\u0131 da yerle bir edildi. Tali\u015f, Qarin Tak, Mokhrenes, Zardana\u015fen, Avetaranots k\u00f6ylerinde bulunan ve Artsakh Kurtulu\u015f Sava\u015f\u0131\u2019na ithaf olunan an\u0131tlar ve farkl\u0131 kha\u00e7karlar da Azerbaycanl\u0131lar\u0131n eliyle k\u0131r\u0131ld\u0131 veya b\u00fcy\u00fck zarar g\u00f6rd\u00fc.<\/p>\n<p>A\u00e7\u0131klamada, \u201cD\u00fc\u015fman, \u015fimdi de k\u00fclt\u00fcr\u00fcm\u00fcze kar\u015f\u0131 sava\u015fmaya devam ediyor\u201d s\u00f6zlerine yer verildi.<\/p>\n<p><img decoding=\"async\" src=\"https:\/\/www.ermenihaber.am\/files\/images\/151694673_1573892286140175_8639627011855021266_n%20(1).jpg\" alt=\"\" \/><\/p>\n<p><img decoding=\"async\" src=\"https:\/\/www.ermenihaber.am\/files\/images\/151527277_1573893632806707_8469356647448915402_o.jpg\" alt=\"\" \/><\/p>\n<p><img decoding=\"async\" src=\"https:\/\/www.ermenihaber.am\/files\/images\/151951077_1573892766140127_6668929285078572360_n.jpg\" alt=\"\" \/><\/p>\n<\/div>\n<div class=\"current-author fl cb\"><em><strong>Kaynak:<\/strong>\u00a0\u00a0\u00a0<a class=\"a-none\" href=\"https:\/\/www.ermenihaber.am\/tr\/news\/2021\/02\/18\/Artsakh-Ermeni-Azerbaycan-Karaba%C4%9F\/202644\">Ermenihaber.am<\/a><\/em><\/div>\n<div class=\"cb\"><\/div>\n<div class=\"current-socials\">\n<div id=\"st-1\" class=\"sharethis-inline-share-buttons st-left  st-inline-share-buttons st-animated\">\n<div class=\"st-btn st-first\" data-network=\"facebook\"><\/div>\n<\/div>\n<\/div>\n","protected":false},"excerpt":{"rendered":"<p>Artsakh (Da\u011fl\u0131k Karaba\u011f) \u201cTarihi Ortam Koruma Devlet Servisi\u201dnin yapt\u0131\u011f\u0131 ara\u015ft\u0131rmalar, Artsakh\u2019\u0131n tarihi ve k\u00fclt\u00fcrel eserlerin Azerbaycan taraf\u0131ndan gaddarca yok edildi\u011fini g\u00f6sterdi.\u00a0\u201cArtsakh Monuments\u201d Facebook sitesi \u00fczerinden yap\u0131lan a\u00e7\u0131klamada, \u015fu ifadelere yer verildi: &#8220;Yapt\u0131\u011f\u0131m\u0131z izleme sonu\u00e7lar\u0131n\u0131 ve g\u00f6rg\u00fc tan\u0131klar\u0131n\u0131n anlatt\u0131klar\u0131n\u0131 dikkate ald\u0131\u011f\u0131m\u0131zda, Azerbaycan taraf\u0131ndan i\u015fgal edilen b\u00f6lgelerde Azerbaycanl\u0131lar\u0131n, Artsakh Kurtulu\u015f Sava\u015f\u0131\u2019na ithaf olunan Ermeni an\u0131tlara (kha\u00e7karlar, heykeller) [&hellip;]<\/p>\n","protected":false},"author":7,"featured_media":61582,"comment_status":"open","ping_status":"open","sticky":false,"template":"","format":"standard","meta":{"footnotes":""},"categories":[1],"tags":[],"class_list":["post-61581","post","type-post","status-publish","format-standard","has-post-thumbnail","hentry","category-haberler"],"yoast_head":"<!-- This site is optimized with the Yoast SEO plugin v27.4 - https:\/\/yoast.com\/product\/yoast-seo-wordpress\/ -->\n<title>Azerbaycan, Karaba\u011f&#039;da Ermeni k\u00fclt\u00fcr\u00fcne kar\u015f\u0131 sava\u015fmaya devam ediyor - Bati Ermenistan Ve Bati Ermenileri Sorunlari Ara\u015ftirmalar Merkezi<\/title>\n<meta name=\"robots\" content=\"index, follow, max-snippet:-1, max-image-preview:large, max-video-preview:-1\" \/>\n<link rel=\"canonical\" href=\"https:\/\/akunq.net\/tr\/?p=61581\" \/>\n<meta property=\"og:locale\" content=\"en_US\" \/>\n<meta property=\"og:type\" content=\"article\" \/>\n<meta property=\"og:title\" content=\"Azerbaycan, Karaba\u011f&#039;da Ermeni k\u00fclt\u00fcr\u00fcne kar\u015f\u0131 sava\u015fmaya devam ediyor - Bati Ermenistan Ve Bati Ermenileri Sorunlari Ara\u015ftirmalar Merkezi\" \/>\n<meta property=\"og:description\" content=\"Artsakh (Da\u011fl\u0131k Karaba\u011f) \u201cTarihi Ortam Koruma Devlet Servisi\u201dnin yapt\u0131\u011f\u0131 ara\u015ft\u0131rmalar, Artsakh\u2019\u0131n tarihi ve k\u00fclt\u00fcrel eserlerin Azerbaycan taraf\u0131ndan gaddarca yok edildi\u011fini g\u00f6sterdi.\u00a0\u201cArtsakh Monuments\u201d Facebook sitesi \u00fczerinden yap\u0131lan a\u00e7\u0131klamada, \u015fu ifadelere yer verildi: &#8220;Yapt\u0131\u011f\u0131m\u0131z izleme sonu\u00e7lar\u0131n\u0131 ve g\u00f6rg\u00fc tan\u0131klar\u0131n\u0131n anlatt\u0131klar\u0131n\u0131 dikkate ald\u0131\u011f\u0131m\u0131zda, Azerbaycan taraf\u0131ndan i\u015fgal edilen b\u00f6lgelerde Azerbaycanl\u0131lar\u0131n, Artsakh Kurtulu\u015f Sava\u015f\u0131\u2019na ithaf olunan Ermeni an\u0131tlara (kha\u00e7karlar, heykeller) [&hellip;]\" \/>\n<meta property=\"og:url\" content=\"https:\/\/akunq.net\/tr\/?p=61581\" \/>\n<meta property=\"og:site_name\" content=\"Bati Ermenistan Ve Bati Ermenileri Sorunlari Ara\u015ftirmalar Merkezi\" \/>\n<meta property=\"article:published_time\" content=\"2021-02-22T07:45:24+00:00\" \/>\n<meta property=\"og:image\" content=\"https:\/\/akunq.net\/tr\/wp-content\/uploads\/sites\/6\/2021\/02\/Karaba\u011fda-Ermeni-k\u00fclt\u00fcr\u00fc.jpg\" \/>\n\t<meta property=\"og:image:width\" content=\"790\" \/>\n\t<meta property=\"og:image:height\" content=\"443\" \/>\n\t<meta property=\"og:image:type\" content=\"image\/jpeg\" \/>\n<meta name=\"author\" content=\"admin\" \/>\n<meta name=\"twitter:card\" content=\"summary_large_image\" \/>\n<meta name=\"twitter:label1\" content=\"Written by\" \/>\n\t<meta name=\"twitter:data1\" content=\"admin\" \/>\n\t<meta name=\"twitter:label2\" content=\"Est. reading time\" \/>\n\t<meta name=\"twitter:data2\" content=\"1 minute\" \/>\n<script type=\"application\/ld+json\" class=\"yoast-schema-graph\">{\"@context\":\"https:\\\/\\\/schema.org\",\"@graph\":[{\"@type\":\"Article\",\"@id\":\"https:\\\/\\\/akunq.net\\\/tr\\\/?p=61581#article\",\"isPartOf\":{\"@id\":\"https:\\\/\\\/akunq.net\\\/tr\\\/?p=61581\"},\"author\":{\"name\":\"admin\",\"@id\":\"https:\\\/\\\/akunq.net\\\/tr\\\/#\\\/schema\\\/person\\\/096f1d38a12cce57fb855b485ed24c9e\"},\"headline\":\"Azerbaycan, Karaba\u011f&#8217;da Ermeni k\u00fclt\u00fcr\u00fcne kar\u015f\u0131 sava\u015fmaya devam ediyor\",\"datePublished\":\"2021-02-22T07:45:24+00:00\",\"mainEntityOfPage\":{\"@id\":\"https:\\\/\\\/akunq.net\\\/tr\\\/?p=61581\"},\"wordCount\":233,\"commentCount\":0,\"image\":{\"@id\":\"https:\\\/\\\/akunq.net\\\/tr\\\/?p=61581#primaryimage\"},\"thumbnailUrl\":\"https:\\\/\\\/akunq.net\\\/tr\\\/wp-content\\\/uploads\\\/sites\\\/6\\\/2021\\\/02\\\/Karaba\u011fda-Ermeni-k\u00fclt\u00fcr\u00fc.jpg\",\"articleSection\":[\"Haberler\"],\"inLanguage\":\"en-US\",\"potentialAction\":[{\"@type\":\"CommentAction\",\"name\":\"Comment\",\"target\":[\"https:\\\/\\\/akunq.net\\\/tr\\\/?p=61581#respond\"]}]},{\"@type\":\"WebPage\",\"@id\":\"https:\\\/\\\/akunq.net\\\/tr\\\/?p=61581\",\"url\":\"https:\\\/\\\/akunq.net\\\/tr\\\/?p=61581\",\"name\":\"Azerbaycan, Karaba\u011f'da Ermeni k\u00fclt\u00fcr\u00fcne kar\u015f\u0131 sava\u015fmaya devam ediyor - Bati Ermenistan Ve Bati Ermenileri Sorunlari Ara\u015ftirmalar Merkezi\",\"isPartOf\":{\"@id\":\"https:\\\/\\\/akunq.net\\\/tr\\\/#website\"},\"primaryImageOfPage\":{\"@id\":\"https:\\\/\\\/akunq.net\\\/tr\\\/?p=61581#primaryimage\"},\"image\":{\"@id\":\"https:\\\/\\\/akunq.net\\\/tr\\\/?p=61581#primaryimage\"},\"thumbnailUrl\":\"https:\\\/\\\/akunq.net\\\/tr\\\/wp-content\\\/uploads\\\/sites\\\/6\\\/2021\\\/02\\\/Karaba\u011fda-Ermeni-k\u00fclt\u00fcr\u00fc.jpg\",\"datePublished\":\"2021-02-22T07:45:24+00:00\",\"author\":{\"@id\":\"https:\\\/\\\/akunq.net\\\/tr\\\/#\\\/schema\\\/person\\\/096f1d38a12cce57fb855b485ed24c9e\"},\"breadcrumb\":{\"@id\":\"https:\\\/\\\/akunq.net\\\/tr\\\/?p=61581#breadcrumb\"},\"inLanguage\":\"en-US\",\"potentialAction\":[{\"@type\":\"ReadAction\",\"target\":[\"https:\\\/\\\/akunq.net\\\/tr\\\/?p=61581\"]}]},{\"@type\":\"ImageObject\",\"inLanguage\":\"en-US\",\"@id\":\"https:\\\/\\\/akunq.net\\\/tr\\\/?p=61581#primaryimage\",\"url\":\"https:\\\/\\\/akunq.net\\\/tr\\\/wp-content\\\/uploads\\\/sites\\\/6\\\/2021\\\/02\\\/Karaba\u011fda-Ermeni-k\u00fclt\u00fcr\u00fc.jpg\",\"contentUrl\":\"https:\\\/\\\/akunq.net\\\/tr\\\/wp-content\\\/uploads\\\/sites\\\/6\\\/2021\\\/02\\\/Karaba\u011fda-Ermeni-k\u00fclt\u00fcr\u00fc.jpg\",\"width\":790,\"height\":443},{\"@type\":\"BreadcrumbList\",\"@id\":\"https:\\\/\\\/akunq.net\\\/tr\\\/?p=61581#breadcrumb\",\"itemListElement\":[{\"@type\":\"ListItem\",\"position\":1,\"name\":\"Home\",\"item\":\"https:\\\/\\\/akunq.net\\\/tr\"},{\"@type\":\"ListItem\",\"position\":2,\"name\":\"Azerbaycan, Karaba\u011f&#8217;da Ermeni k\u00fclt\u00fcr\u00fcne kar\u015f\u0131 sava\u015fmaya devam ediyor\"}]},{\"@type\":\"WebSite\",\"@id\":\"https:\\\/\\\/akunq.net\\\/tr\\\/#website\",\"url\":\"https:\\\/\\\/akunq.net\\\/tr\\\/\",\"name\":\"Bati Ermenistan Ve Bati Ermenileri Sorunlari Ara\u015ftirmalar Merkezi\",\"description\":\"\",\"potentialAction\":[{\"@type\":\"SearchAction\",\"target\":{\"@type\":\"EntryPoint\",\"urlTemplate\":\"https:\\\/\\\/akunq.net\\\/tr\\\/?s={search_term_string}\"},\"query-input\":{\"@type\":\"PropertyValueSpecification\",\"valueRequired\":true,\"valueName\":\"search_term_string\"}}],\"inLanguage\":\"en-US\"},{\"@type\":\"Person\",\"@id\":\"https:\\\/\\\/akunq.net\\\/tr\\\/#\\\/schema\\\/person\\\/096f1d38a12cce57fb855b485ed24c9e\",\"name\":\"admin\",\"url\":\"https:\\\/\\\/akunq.net\\\/tr\\\/?author=7\"}]}<\/script>\n<!-- \/ Yoast SEO plugin. -->","yoast_head_json":{"title":"Azerbaycan, Karaba\u011f'da Ermeni k\u00fclt\u00fcr\u00fcne kar\u015f\u0131 sava\u015fmaya devam ediyor - Bati Ermenistan Ve Bati Ermenileri Sorunlari Ara\u015ftirmalar Merkezi","robots":{"index":"index","follow":"follow","max-snippet":"max-snippet:-1","max-image-preview":"max-image-preview:large","max-video-preview":"max-video-preview:-1"},"canonical":"https:\/\/akunq.net\/tr\/?p=61581","og_locale":"en_US","og_type":"article","og_title":"Azerbaycan, Karaba\u011f'da Ermeni k\u00fclt\u00fcr\u00fcne kar\u015f\u0131 sava\u015fmaya devam ediyor - Bati Ermenistan Ve Bati Ermenileri Sorunlari Ara\u015ftirmalar Merkezi","og_description":"Artsakh (Da\u011fl\u0131k Karaba\u011f) \u201cTarihi Ortam Koruma Devlet Servisi\u201dnin yapt\u0131\u011f\u0131 ara\u015ft\u0131rmalar, Artsakh\u2019\u0131n tarihi ve k\u00fclt\u00fcrel eserlerin Azerbaycan taraf\u0131ndan gaddarca yok edildi\u011fini g\u00f6sterdi.\u00a0\u201cArtsakh Monuments\u201d Facebook sitesi \u00fczerinden yap\u0131lan a\u00e7\u0131klamada, \u015fu ifadelere yer verildi: &#8220;Yapt\u0131\u011f\u0131m\u0131z izleme sonu\u00e7lar\u0131n\u0131 ve g\u00f6rg\u00fc tan\u0131klar\u0131n\u0131n anlatt\u0131klar\u0131n\u0131 dikkate ald\u0131\u011f\u0131m\u0131zda, Azerbaycan taraf\u0131ndan i\u015fgal edilen b\u00f6lgelerde Azerbaycanl\u0131lar\u0131n, Artsakh Kurtulu\u015f Sava\u015f\u0131\u2019na ithaf olunan Ermeni an\u0131tlara (kha\u00e7karlar, heykeller) [&hellip;]","og_url":"https:\/\/akunq.net\/tr\/?p=61581","og_site_name":"Bati Ermenistan Ve Bati Ermenileri Sorunlari Ara\u015ftirmalar Merkezi","article_published_time":"2021-02-22T07:45:24+00:00","og_image":[{"width":790,"height":443,"url":"https:\/\/akunq.net\/tr\/wp-content\/uploads\/sites\/6\/2021\/02\/Karaba\u011fda-Ermeni-k\u00fclt\u00fcr\u00fc.jpg","type":"image\/jpeg"}],"author":"admin","twitter_card":"summary_large_image","twitter_misc":{"Written by":"admin","Est. reading time":"1 minute"},"schema":{"@context":"https:\/\/schema.org","@graph":[{"@type":"Article","@id":"https:\/\/akunq.net\/tr\/?p=61581#article","isPartOf":{"@id":"https:\/\/akunq.net\/tr\/?p=61581"},"author":{"name":"admin","@id":"https:\/\/akunq.net\/tr\/#\/schema\/person\/096f1d38a12cce57fb855b485ed24c9e"},"headline":"Azerbaycan, Karaba\u011f&#8217;da Ermeni k\u00fclt\u00fcr\u00fcne kar\u015f\u0131 sava\u015fmaya devam ediyor","datePublished":"2021-02-22T07:45:24+00:00","mainEntityOfPage":{"@id":"https:\/\/akunq.net\/tr\/?p=61581"},"wordCount":233,"commentCount":0,"image":{"@id":"https:\/\/akunq.net\/tr\/?p=61581#primaryimage"},"thumbnailUrl":"https:\/\/akunq.net\/tr\/wp-content\/uploads\/sites\/6\/2021\/02\/Karaba\u011fda-Ermeni-k\u00fclt\u00fcr\u00fc.jpg","articleSection":["Haberler"],"inLanguage":"en-US","potentialAction":[{"@type":"CommentAction","name":"Comment","target":["https:\/\/akunq.net\/tr\/?p=61581#respond"]}]},{"@type":"WebPage","@id":"https:\/\/akunq.net\/tr\/?p=61581","url":"https:\/\/akunq.net\/tr\/?p=61581","name":"Azerbaycan, Karaba\u011f'da Ermeni k\u00fclt\u00fcr\u00fcne kar\u015f\u0131 sava\u015fmaya devam ediyor - Bati Ermenistan Ve Bati Ermenileri Sorunlari Ara\u015ftirmalar Merkezi","isPartOf":{"@id":"https:\/\/akunq.net\/tr\/#website"},"primaryImageOfPage":{"@id":"https:\/\/akunq.net\/tr\/?p=61581#primaryimage"},"image":{"@id":"https:\/\/akunq.net\/tr\/?p=61581#primaryimage"},"thumbnailUrl":"https:\/\/akunq.net\/tr\/wp-content\/uploads\/sites\/6\/2021\/02\/Karaba\u011fda-Ermeni-k\u00fclt\u00fcr\u00fc.jpg","datePublished":"2021-02-22T07:45:24+00:00","author":{"@id":"https:\/\/akunq.net\/tr\/#\/schema\/person\/096f1d38a12cce57fb855b485ed24c9e"},"breadcrumb":{"@id":"https:\/\/akunq.net\/tr\/?p=61581#breadcrumb"},"inLanguage":"en-US","potentialAction":[{"@type":"ReadAction","target":["https:\/\/akunq.net\/tr\/?p=61581"]}]},{"@type":"ImageObject","inLanguage":"en-US","@id":"https:\/\/akunq.net\/tr\/?p=61581#primaryimage","url":"https:\/\/akunq.net\/tr\/wp-content\/uploads\/sites\/6\/2021\/02\/Karaba\u011fda-Ermeni-k\u00fclt\u00fcr\u00fc.jpg","contentUrl":"https:\/\/akunq.net\/tr\/wp-content\/uploads\/sites\/6\/2021\/02\/Karaba\u011fda-Ermeni-k\u00fclt\u00fcr\u00fc.jpg","width":790,"height":443},{"@type":"BreadcrumbList","@id":"https:\/\/akunq.net\/tr\/?p=61581#breadcrumb","itemListElement":[{"@type":"ListItem","position":1,"name":"Home","item":"https:\/\/akunq.net\/tr"},{"@type":"ListItem","position":2,"name":"Azerbaycan, Karaba\u011f&#8217;da Ermeni k\u00fclt\u00fcr\u00fcne kar\u015f\u0131 sava\u015fmaya devam ediyor"}]},{"@type":"WebSite","@id":"https:\/\/akunq.net\/tr\/#website","url":"https:\/\/akunq.net\/tr\/","name":"Bati Ermenistan Ve Bati Ermenileri Sorunlari Ara\u015ftirmalar Merkezi","description":"","potentialAction":[{"@type":"SearchAction","target":{"@type":"EntryPoint","urlTemplate":"https:\/\/akunq.net\/tr\/?s={search_term_string}"},"query-input":{"@type":"PropertyValueSpecification","valueRequired":true,"valueName":"search_term_string"}}],"inLanguage":"en-US"},{"@type":"Person","@id":"https:\/\/akunq.net\/tr\/#\/schema\/person\/096f1d38a12cce57fb855b485ed24c9e","name":"admin","url":"https:\/\/akunq.net\/tr\/?author=7"}]}},"_links":{"self":[{"href":"https:\/\/akunq.net\/tr\/index.php?rest_route=\/wp\/v2\/posts\/61581","targetHints":{"allow":["GET"]}}],"collection":[{"href":"https:\/\/akunq.net\/tr\/index.php?rest_route=\/wp\/v2\/posts"}],"about":[{"href":"https:\/\/akunq.net\/tr\/index.php?rest_route=\/wp\/v2\/types\/post"}],"author":[{"embeddable":true,"href":"https:\/\/akunq.net\/tr\/index.php?rest_route=\/wp\/v2\/users\/7"}],"replies":[{"embeddable":true,"href":"https:\/\/akunq.net\/tr\/index.php?rest_route=%2Fwp%2Fv2%2Fcomments&post=61581"}],"version-history":[{"count":1,"href":"https:\/\/akunq.net\/tr\/index.php?rest_route=\/wp\/v2\/posts\/61581\/revisions"}],"predecessor-version":[{"id":61583,"href":"https:\/\/akunq.net\/tr\/index.php?rest_route=\/wp\/v2\/posts\/61581\/revisions\/61583"}],"wp:featuredmedia":[{"embeddable":true,"href":"https:\/\/akunq.net\/tr\/index.php?rest_route=\/wp\/v2\/media\/61582"}],"wp:attachment":[{"href":"https:\/\/akunq.net\/tr\/index.php?rest_route=%2Fwp%2Fv2%2Fmedia&parent=61581"}],"wp:term":[{"taxonomy":"category","embeddable":true,"href":"https:\/\/akunq.net\/tr\/index.php?rest_route=%2Fwp%2Fv2%2Fcategories&post=61581"},{"taxonomy":"post_tag","embeddable":true,"href":"https:\/\/akunq.net\/tr\/index.php?rest_route=%2Fwp%2Fv2%2Ftags&post=61581"}],"curies":[{"name":"wp","href":"https:\/\/api.w.org\/{rel}","templated":true}]}}