{"id":61568,"date":"2021-02-19T02:21:55","date_gmt":"2021-02-19T07:21:55","guid":{"rendered":"https:\/\/akunq.net\/tr\/?p=61568"},"modified":"2021-02-19T02:21:55","modified_gmt":"2021-02-19T07:21:55","slug":"kulak-carpmasi","status":"publish","type":"post","link":"https:\/\/akunq.net\/tr\/?p=61568","title":{"rendered":"Kulak \u00e7arpmas\u0131"},"content":{"rendered":"<p><img loading=\"lazy\" decoding=\"async\" class=\"aligncenter size-medium wp-image-61569\" src=\"https:\/\/akunq.net\/tr\/wp-content\/uploads\/2021\/02\/Aris-Nalci-360x208.jpeg\" alt=\"\" width=\"360\" height=\"208\" srcset=\"https:\/\/akunq.net\/tr\/wp-content\/uploads\/sites\/6\/2021\/02\/Aris-Nalci-360x208.jpeg 360w, https:\/\/akunq.net\/tr\/wp-content\/uploads\/sites\/6\/2021\/02\/Aris-Nalci-768x444.jpeg 768w, https:\/\/akunq.net\/tr\/wp-content\/uploads\/sites\/6\/2021\/02\/Aris-Nalci-560x324.jpeg 560w, https:\/\/akunq.net\/tr\/wp-content\/uploads\/sites\/6\/2021\/02\/Aris-Nalci-260x150.jpeg 260w, https:\/\/akunq.net\/tr\/wp-content\/uploads\/sites\/6\/2021\/02\/Aris-Nalci-160x93.jpeg 160w, https:\/\/akunq.net\/tr\/wp-content\/uploads\/sites\/6\/2021\/02\/Aris-Nalci.jpeg 800w\" sizes=\"auto, (max-width: 360px) 100vw, 360px\" \/><\/p>\n<p class=\"post-title\"><strong>Aris Nalc\u0131<\/strong><\/p>\n<p><em><strong>Bir s\u00fcredir Bo\u011fazi\u00e7i\u2019ne atanan kayyum rekt\u00f6r ve onun tezinde intihal yapt\u0131\u011f\u0131 ger\u00e7e\u011fi \u00fczerine d\u00fc\u015f\u00fcn\u00fcp duruyorum.<\/strong><\/em><\/p>\n<p>T\u00fcrkiye\u2019de tez veya fikir h\u0131rs\u0131zl\u0131\u011f\u0131 \u00e7ok yayg\u0131n bir \u015fey asl\u0131nda. \u0130ntihal kelimesi \u00e7ok da masum kal\u0131yor.<\/p>\n<p>Sosyolojik alanda lisans \u00fcst\u00fc yapan, halen iyi e\u011fitim verdi\u011fini bili\u011fimiz\/d\u00fc\u015f\u00fcnd\u00fc\u011f\u00fcm\u00fcz kurumlar bu konulara dikkat ediyorlar. Daha do\u011frusu hocalar\u0131 ve dan\u0131\u015fmanlar\u0131 dikkat ediyor. Her \u00f6\u011frencinin harc\u0131d\u0131r kopya \u00e7ekmek ama \u00fcniversiteye gelmi\u015f ve h\u00e2l\u00e2 kopyadan medet umuyorsa o zaman o asl\u0131nda yapt\u0131\u011f\u0131 \u015feyi sevmedi\u011fini g\u00f6sterir.<\/p>\n<p>Teknik \u00fcniversitelerde, Fen Edebiyat Fak\u00fcltelerinde, T\u0131p Fak\u00fcltelerinde bu h\u0131rs\u0131zl\u0131k meselesi asl\u0131nda \u00e7ok uzamaz. \u00c7\u00fcnk\u00fc i\u015fi bilmiyorsan\u0131z zaten bir yerden \u00e7\u0131kar ortaya. Hesap kitap meslesi.<\/p>\n<p>Ama orada da daha vahim bir durum vard\u0131r. Kademe atlamak isteyen \u00f6\u011fretmenleriniz \u00e7alar makalelerinizi ya da fikirlerinizi.<\/p>\n<p>Ya kar\u015f\u0131l\u0131\u011f\u0131nda s\u0131n\u0131f ge\u00e7menizi garanti eder ya da tezinizde AA falan verece\u011fini s\u00f6ylerler. Sonras\u0131nda bir bakt\u0131n\u0131z teziniz ya da bitirme \u00f6deviniz hocan\u0131z\u0131n eseri olarak kitap olmu\u015f okutuluyor. Sizden ne kaynak\u00e7ada ne \u00f6ns\u00f6zde bahseden yok.<\/p>\n<p>Ben bunu kendi d\u00f6nemimde \u0130stanbul\u2019un iyi seviyedeki iki teknik \u00fcniversitesinde bizzat g\u00f6rd\u00fcm. Kendi bitirme \u00f6devim dahil olmak \u00fczere\u2026<\/p>\n<p>Ev arkada\u015f\u0131m\u0131n profes\u00f6r\u00fcnden g\u00f6rd\u00fc\u011f\u00fc bask\u0131y\u0131 ve kad\u0131n\u0131n, adam\u0131n arabas\u0131ndan ka\u00e7arcas\u0131na \u00e7\u0131k\u0131p nas\u0131l a\u011flad\u0131\u011f\u0131n\u0131 d\u00fcn gibi hat\u0131rl\u0131yorum.<\/p>\n<p>Bunlar asl\u0131nda akademik \u00f6zg\u00fcrl\u00fcklerin eskiden beri ne denli k\u0131s\u0131tl\u0131 oldu\u011funun bir g\u00f6stergesi. \u015eimdi b\u00f6yle, benim zaman\u0131mda da ve benden \u00f6nce de \u00f6yleydi.<\/p>\n<p>O y\u00fczden Corona\u2019ya a\u015f\u0131y\u0131 bulan T\u00fcrkiyeli de olsa \u2018memleketin yeti\u015ftirdi\u011fi\u2026\u2019 diyemiyorlar.<\/p>\n<p>O y\u00fczden bir\u00e7ok akademisyen ne yaz\u0131k ki \u00fcretimlerini T\u00fcrkiye\u2019den \u00e7ok yurt d\u0131\u015f\u0131nda yap\u0131yor. En \u00fcnl\u00fc T\u00fcrkiyeli m\u00fchendisler T\u00fcrkiye\u2019den \u00e7\u0131km\u0131yor ne yaz\u0131k ki.<\/p>\n<p>T\u00fcrkiyeli gen\u00e7lerin Unicorn teknoloji \u015firketleri hep ABD\u2019de.<\/p>\n<p>\u015eimdi Bo\u011fazi\u00e7i direni\u015findeki \u00f6\u011frencilerin ne kadar hakl\u0131 bir sebepleri oldu\u011funun da g\u00f6stergesi.<\/p>\n<p>Kendini savunmayan \u00f6\u011frenci ne hocas\u0131na ne devlete kar\u015f\u0131 duramayacak, o y\u00fczden Bulu\u2019ya kar\u015f\u0131 direni\u015f en b\u00fcy\u00fck kazan\u0131m belki.<\/p>\n<p>Ayn\u0131 zamanda Bo\u011fazi\u00e7i \u00f6rne\u011finden T\u00fcrkiye\u2019yi de okuyabiliriz.<\/p>\n<p>Kendi yaratamad\u0131\u011f\u0131 i\u00e7in bu iktidar Bo\u011fazi\u00e7i, ODT\u00dc vb. kurumlar\u0131 ele ge\u00e7irmeye \u00e7al\u0131\u015f\u0131yor. \u00c7\u00fcnk\u00fc kendisinin yaratabilecek kabiliyeti yok.<\/p>\n<p>Ad\u0131nda \u2018K\u00fclt\u00fcr\u2019 olan kendi bakanl\u0131klar\u0131ndan daha fazla de\u011ferli i\u015f \u00fcretti\u011fi i\u00e7in Anadolu K\u00fclt\u00fcr\u2019\u00fc hedefine al\u0131yor. Kendi uzla\u015ft\u0131ramad\u0131\u011f\u0131 kadar toplumu benli\u011finde, ki\u015fili\u011finde uzla\u015ft\u0131rd\u0131\u011f\u0131 i\u00e7in insanlar\u0131 hedef al\u0131yor.<\/p>\n<p>Ama bu yeni de\u011fil\u2026<\/p>\n<p>Gelin bir hayat intihali \u00f6rn\u011fei anlatay\u0131m\u2026<\/p>\n<p>1970\u2019ler.<\/p>\n<p>Ohannes gen\u00e7 bir \u00f6\u011frenci. Kayserili bir aileden gelme.<\/p>\n<p>Bilgiye a\u00e7.<\/p>\n<p>Getronagan Ermeni Lisesi\u2019nden \u00e7\u0131kt\u0131ktan sonra \u00fcniversitede okumaya gidiyor.<\/p>\n<p>T\u0131p istiyor. Doktor olacak. Olmuyor. Zooloji tutturuyor.<\/p>\n<p>O kadar ilgili ki her \u015feye, yok olan b\u00f6l\u00fcmleri a\u00e7t\u0131rmak pe\u015finde.<\/p>\n<p>Kendi alan\u0131nda olmayan dersler al\u0131yor ki istedi\u011fi b\u00f6l\u00fcm a\u00e7\u0131ls\u0131n: Biyokimya.<\/p>\n<p>Arkada\u015flar\u0131n\u0131 e\u011fitmek, e\u011fitimle donatmak en b\u00fcy\u00fck hevesi.<\/p>\n<p>\u00c7\u00fcnk\u00fc Kayserili Ohannes biliyor.<\/p>\n<p>\u2018Ermeniysek her \u015feyi daha iyi yapaca\u011f\u0131z. Ba\u015fka \u015fans yok bu \u00fclkede.\u2019<\/p>\n<p>Ohannes ayn\u0131 zamanda Ermeni toplumunun k\u00fclt\u00fcrel ve sosyal her alan\u0131nda inan\u0131lmaz aktif. Oradan oraya gen\u00e7leri \u00e7eki\u015ftiriyor, milli kimliklerini korumalar\u0131 i\u00e7in elinden geleni yap\u0131yor.<\/p>\n<p>Okudu\u011fu her kitab\u0131 arkada\u015flar\u0131yla ve etraf\u0131ndaki gen\u00e7lere anlat\u0131yor payla\u015f\u0131yor. Misyoner gibi ama militan edas\u0131yla Ermenileri e\u011fitiyor.<\/p>\n<p>Bug\u00fcnk\u00fc Ermeni toplumunda aktif, hafif sosyalist kim varsa onun elinden \u00e7\u0131kma.<\/p>\n<p>Sorun \u2018Ohannes\u2019 diye tan\u0131mazlar ama \u2018Kulak\u2019 deyin.<\/p>\n<p>Bilirler. (Soyad\u0131 Kulak \u00e7\u00fcnk\u00fc)<\/p>\n<p>Hatta Ermeni toplumunda bir kesimde bir atas\u00f6z\u00fc bile var \u2018Kulak \u00c7arpmas\u0131\u2019.<\/p>\n<p>Nedir Kulak \u00e7arpmas\u0131.<\/p>\n<p>Ohannes sizi yakalad\u0131 m\u0131 b\u0131rakmaz. Akl\u0131nda varsa seni bir koroya yazd\u0131rmak, kula\u011f\u0131ndan tutar yazd\u0131r\u0131r. S\u00f6z\u00fc bitene kadar konu\u015fur ve kendini dinletir.<\/p>\n<p>Akl\u0131nda varsa seni evlendirmek onu bile yapabilir hani.<\/p>\n<p>Az de\u011fildir Ermeni toplumunda Kulak \u00e7arpmas\u0131yla evlenenlerin say\u0131s\u0131.<\/p>\n<p>Anlad\u0131n\u0131z ne kadar de\u011ferli bir abimiz oldu\u011funu\u2026<\/p>\n<p>Konumuza d\u00f6nelim.<\/p>\n<p>Ohannes, Zooloji\u2019ye girebiliyor ancak.<\/p>\n<p>\u2018Kapa\u011f\u0131 atal\u0131m da bakar\u0131z bir \u00e7aresine\u2019 diye d\u00fc\u015f\u00fcn\u00fcyor.<\/p>\n<p>\u00d6yle \u00e7al\u0131\u015fkan ki t\u00fcm \u00f6\u011fretmenlerin g\u00f6zdesi. T\u00fcm \u00f6\u011frenciler ona dan\u0131\u015f\u0131yor.<\/p>\n<p>Ermeni gen\u00e7lerini de ikna ediyor, bir s\u00fcr\u00fc gen\u00e7 \u0130stanbul \u00dcniversitesi\u2019ne giriyor. Sonra herkes Kulak\u2019a \u2018ne ders alal\u0131m?, hangi hoca iyi\u2019ye geliyor. Hrant Dink de bunlardan biri mesela.<\/p>\n<p>Kulak, \u00fcniversitede Biyokimya b\u00f6l\u00fcm\u00fcn\u00fcn a\u00e7\u0131lmas\u0131n\u0131 istiyor. Onun i\u00e7in \u00e7abal\u0131yor. Farkl\u0131 b\u00f6l\u00fcmlerden dersler al\u0131yor ki biyokimyaya uygun kadro da a\u00e7\u0131ls\u0131n.<\/p>\n<p>B\u00f6l\u00fcm \u015fefi Prof. Dr. Fehamet Arat. Yan\u0131na gidiyor yine okuldan Ermeni bir arakda\u015f\u0131yla.<\/p>\n<p>\u201cBiz iki \u00f6\u011frenci \u00fccresiz bu b\u00f6l\u00fcmde \u00e7al\u0131\u015fmak istiyoruz. Hem yararl\u0131 olaca\u011f\u0131m\u0131z\u0131 d\u00fc\u015f\u00fcn\u00fcyoruz hem de \u00f6\u011frenmek istiyoruz\u201d diyor.<\/p>\n<p>Arat, bir ka\u011f\u0131da isimlerini yazd\u0131r\u0131yor.<\/p>\n<p>Yaz\u0131yorlar.<\/p>\n<p>Ama o s\u0131rada dudak alt\u0131ndan Ermeni olduklar\u0131n\u0131 vurgulayarak:<\/p>\n<p>\u201cSiz en iyisi yurt d\u0131\u015f\u0131na gidin. Buralarda size bi\u015fi \u00e7\u0131kmaz \u00e7ocu\u011fum\u201d diyor.<\/p>\n<p>Ama yine de isimler yaz\u0131ld\u0131 ya ka\u011f\u0131da, bir heves ikisi de \u00e7\u0131k\u0131yorlar kap\u0131dan d\u0131\u015far\u0131ya.<\/p>\n<p>Biraz sonra b\u00f6l\u00fcmden bir arkada\u015flar\u0131 geliyor \u2018Ohannes m\u00fcjdemi isterim\u2019 diye sar\u0131l\u0131yor boynuna. Ohannes san\u0131yor ki r\u00fcyalar\u0131 oldu, lotoyu tutturdu\u2026<\/p>\n<p>Nafile\u2026<\/p>\n<p>\u2018Ne oldu?\u2019diye sorunca, anla\u015f\u0131l\u0131yor.<\/p>\n<p>Arat, b\u00f6l\u00fcme isminizi yaz\u0131n dedi\u011fi iki \u00fccretsiz Ermeni \u00f6\u011frenci yerine, sonradan bu alanda ba\u015fvuru bile yapmayan bir T\u00fcrk \u00f6\u011frenciyi al\u0131yor yan\u0131na.<\/p>\n<p>Ohannes ne desin?<\/p>\n<p>Kalakal\u0131yor.<\/p>\n<p>O g\u00fcn karar vermi\u015f Ohannes ABD\u2019ye gitmeye.<\/p>\n<p>Gidiyor da.<\/p>\n<p>Bir yandan manavda \u00e7al\u0131\u015f\u0131p bir yandan e\u011fitim al\u0131yor. Omneopati \u00f6\u011freniyor.<\/p>\n<p>Eczane a\u00e7\u0131yor.<\/p>\n<p>Ermeni kurumlar\u0131nda da hat\u0131r\u0131 say\u0131l\u0131r bir yer ediniyor.<\/p>\n<p>Ve\u2026 ABD\u2019de bir\u00e7oklar\u0131n\u0131n Kulak\u2019lar\u0131n\u0131 \u00e7apmaya devam ediyor.<\/p>\n<p>Kula\u011f\u0131n tinsel, etnik ve sosyolojik \u00e7ok \u00f6zelli\u011fi var ama bu seferlik bu kadar\u0131 yeter.<\/p>\n<p>Niye mi yazd\u0131m bunca \u015feyi\u2026<\/p>\n<p>\u00c7\u00fcnk\u00fc T\u00fcrkiye\u2019deki koku giderek y\u00fckseliyor. Art\u0131k i\u00e7eride ya\u015fayanlar ve \u00f6zellikle gen\u00e7ler bu kokuya dayanam\u0131yorlar. Ama gitmek de istemiyorlar. O y\u00fczden direniyorlar. \u0130ktidar\u0131n istedi\u011fi ise a\u00e7\u0131k.<\/p>\n<p>D\u00f6nemin biyokimya b\u00f6l\u00fcm \u015fefinin istedi\u011fi:<\/p>\n<p>\u201cSiz en iyisi mi yurt d\u0131\u015f\u0131na gidin evlad\u0131m\u201d<\/p>\n<p>Bunun iki sebebi var.<\/p>\n<p>Birincisi bunu diyenler, sizlerin kal\u0131nca kendilerine rakip hatta kendilerinden \u00fcst\u00fcn olaca\u011f\u0131n\u0131z\u0131 biliyor.<\/p>\n<p>\u0130kincisi, memleketi y\u00f6netebilmek i\u00e7in sizler gibi d\u00fc\u015f\u00fcnen ve sorgulayan insanlar\u0131n o \u00fclkede vatanda\u015f olmamas\u0131, oy kullanmamas\u0131 ve hatta etkile\u015fimde bulunmamas\u0131 gerekiyor.<\/p>\n<p>Ancak bu \u015fekilde istedikleri \u00e7\u00f6l\u00fc yaratabilirler\u2026<\/p>\n<p>O y\u00fczden Kulaklar\u0131 \u00c7arparak \u00e7o\u011falmaya devam.<\/p>\n<p><em><strong>https:\/\/artigercek.com\/yazarlar\/aris-nalci\/kulak-carpmasi\u00a0<\/strong><\/em><\/p>\n","protected":false},"excerpt":{"rendered":"<p>Aris Nalc\u0131 Bir s\u00fcredir Bo\u011fazi\u00e7i\u2019ne atanan kayyum rekt\u00f6r ve onun tezinde intihal yapt\u0131\u011f\u0131 ger\u00e7e\u011fi \u00fczerine d\u00fc\u015f\u00fcn\u00fcp duruyorum. T\u00fcrkiye\u2019de tez veya fikir h\u0131rs\u0131zl\u0131\u011f\u0131 \u00e7ok yayg\u0131n bir \u015fey asl\u0131nda. \u0130ntihal kelimesi \u00e7ok da masum kal\u0131yor. Sosyolojik alanda lisans \u00fcst\u00fc yapan, halen iyi e\u011fitim verdi\u011fini bili\u011fimiz\/d\u00fc\u015f\u00fcnd\u00fc\u011f\u00fcm\u00fcz kurumlar bu konulara dikkat ediyorlar. Daha do\u011frusu hocalar\u0131 ve dan\u0131\u015fmanlar\u0131 dikkat ediyor. [&hellip;]<\/p>\n","protected":false},"author":7,"featured_media":61569,"comment_status":"open","ping_status":"open","sticky":false,"template":"","format":"standard","meta":{"footnotes":""},"categories":[1,70],"tags":[],"class_list":["post-61568","post","type-post","status-publish","format-standard","has-post-thumbnail","hentry","category-haberler","category-makaleler"],"yoast_head":"<!-- This site is optimized with the Yoast SEO plugin v27.4 - https:\/\/yoast.com\/product\/yoast-seo-wordpress\/ -->\n<title>Kulak \u00e7arpmas\u0131 - Bati Ermenistan Ve Bati Ermenileri Sorunlari Ara\u015ftirmalar Merkezi<\/title>\n<meta name=\"robots\" content=\"index, follow, max-snippet:-1, max-image-preview:large, max-video-preview:-1\" \/>\n<link rel=\"canonical\" href=\"https:\/\/akunq.net\/tr\/?p=61568\" \/>\n<meta property=\"og:locale\" content=\"en_US\" \/>\n<meta property=\"og:type\" content=\"article\" \/>\n<meta property=\"og:title\" content=\"Kulak \u00e7arpmas\u0131 - Bati Ermenistan Ve Bati Ermenileri Sorunlari Ara\u015ftirmalar Merkezi\" \/>\n<meta property=\"og:description\" content=\"Aris Nalc\u0131 Bir s\u00fcredir Bo\u011fazi\u00e7i\u2019ne atanan kayyum rekt\u00f6r ve onun tezinde intihal yapt\u0131\u011f\u0131 ger\u00e7e\u011fi \u00fczerine d\u00fc\u015f\u00fcn\u00fcp duruyorum. T\u00fcrkiye\u2019de tez veya fikir h\u0131rs\u0131zl\u0131\u011f\u0131 \u00e7ok yayg\u0131n bir \u015fey asl\u0131nda. \u0130ntihal kelimesi \u00e7ok da masum kal\u0131yor. Sosyolojik alanda lisans \u00fcst\u00fc yapan, halen iyi e\u011fitim verdi\u011fini bili\u011fimiz\/d\u00fc\u015f\u00fcnd\u00fc\u011f\u00fcm\u00fcz kurumlar bu konulara dikkat ediyorlar. Daha do\u011frusu hocalar\u0131 ve dan\u0131\u015fmanlar\u0131 dikkat ediyor. [&hellip;]\" \/>\n<meta property=\"og:url\" content=\"https:\/\/akunq.net\/tr\/?p=61568\" \/>\n<meta property=\"og:site_name\" content=\"Bati Ermenistan Ve Bati Ermenileri Sorunlari Ara\u015ftirmalar Merkezi\" \/>\n<meta property=\"article:published_time\" content=\"2021-02-19T07:21:55+00:00\" \/>\n<meta property=\"og:image\" content=\"https:\/\/akunq.net\/tr\/wp-content\/uploads\/sites\/6\/2021\/02\/Aris-Nalci.jpeg\" \/>\n\t<meta property=\"og:image:width\" content=\"800\" \/>\n\t<meta property=\"og:image:height\" content=\"463\" \/>\n\t<meta property=\"og:image:type\" content=\"image\/jpeg\" \/>\n<meta name=\"author\" content=\"admin\" \/>\n<meta name=\"twitter:card\" content=\"summary_large_image\" \/>\n<meta name=\"twitter:label1\" content=\"Written by\" \/>\n\t<meta name=\"twitter:data1\" content=\"admin\" \/>\n\t<meta name=\"twitter:label2\" content=\"Est. reading time\" \/>\n\t<meta name=\"twitter:data2\" content=\"6 minutes\" \/>\n<script type=\"application\/ld+json\" class=\"yoast-schema-graph\">{\"@context\":\"https:\\\/\\\/schema.org\",\"@graph\":[{\"@type\":\"Article\",\"@id\":\"https:\\\/\\\/akunq.net\\\/tr\\\/?p=61568#article\",\"isPartOf\":{\"@id\":\"https:\\\/\\\/akunq.net\\\/tr\\\/?p=61568\"},\"author\":{\"name\":\"admin\",\"@id\":\"https:\\\/\\\/akunq.net\\\/tr\\\/#\\\/schema\\\/person\\\/096f1d38a12cce57fb855b485ed24c9e\"},\"headline\":\"Kulak \u00e7arpmas\u0131\",\"datePublished\":\"2021-02-19T07:21:55+00:00\",\"mainEntityOfPage\":{\"@id\":\"https:\\\/\\\/akunq.net\\\/tr\\\/?p=61568\"},\"wordCount\":1201,\"commentCount\":0,\"image\":{\"@id\":\"https:\\\/\\\/akunq.net\\\/tr\\\/?p=61568#primaryimage\"},\"thumbnailUrl\":\"https:\\\/\\\/akunq.net\\\/tr\\\/wp-content\\\/uploads\\\/sites\\\/6\\\/2021\\\/02\\\/Aris-Nalci.jpeg\",\"articleSection\":[\"Haberler\",\"Makaleler\"],\"inLanguage\":\"en-US\",\"potentialAction\":[{\"@type\":\"CommentAction\",\"name\":\"Comment\",\"target\":[\"https:\\\/\\\/akunq.net\\\/tr\\\/?p=61568#respond\"]}]},{\"@type\":\"WebPage\",\"@id\":\"https:\\\/\\\/akunq.net\\\/tr\\\/?p=61568\",\"url\":\"https:\\\/\\\/akunq.net\\\/tr\\\/?p=61568\",\"name\":\"Kulak \u00e7arpmas\u0131 - Bati Ermenistan Ve Bati Ermenileri Sorunlari Ara\u015ftirmalar Merkezi\",\"isPartOf\":{\"@id\":\"https:\\\/\\\/akunq.net\\\/tr\\\/#website\"},\"primaryImageOfPage\":{\"@id\":\"https:\\\/\\\/akunq.net\\\/tr\\\/?p=61568#primaryimage\"},\"image\":{\"@id\":\"https:\\\/\\\/akunq.net\\\/tr\\\/?p=61568#primaryimage\"},\"thumbnailUrl\":\"https:\\\/\\\/akunq.net\\\/tr\\\/wp-content\\\/uploads\\\/sites\\\/6\\\/2021\\\/02\\\/Aris-Nalci.jpeg\",\"datePublished\":\"2021-02-19T07:21:55+00:00\",\"author\":{\"@id\":\"https:\\\/\\\/akunq.net\\\/tr\\\/#\\\/schema\\\/person\\\/096f1d38a12cce57fb855b485ed24c9e\"},\"breadcrumb\":{\"@id\":\"https:\\\/\\\/akunq.net\\\/tr\\\/?p=61568#breadcrumb\"},\"inLanguage\":\"en-US\",\"potentialAction\":[{\"@type\":\"ReadAction\",\"target\":[\"https:\\\/\\\/akunq.net\\\/tr\\\/?p=61568\"]}]},{\"@type\":\"ImageObject\",\"inLanguage\":\"en-US\",\"@id\":\"https:\\\/\\\/akunq.net\\\/tr\\\/?p=61568#primaryimage\",\"url\":\"https:\\\/\\\/akunq.net\\\/tr\\\/wp-content\\\/uploads\\\/sites\\\/6\\\/2021\\\/02\\\/Aris-Nalci.jpeg\",\"contentUrl\":\"https:\\\/\\\/akunq.net\\\/tr\\\/wp-content\\\/uploads\\\/sites\\\/6\\\/2021\\\/02\\\/Aris-Nalci.jpeg\",\"width\":800,\"height\":463},{\"@type\":\"BreadcrumbList\",\"@id\":\"https:\\\/\\\/akunq.net\\\/tr\\\/?p=61568#breadcrumb\",\"itemListElement\":[{\"@type\":\"ListItem\",\"position\":1,\"name\":\"Home\",\"item\":\"https:\\\/\\\/akunq.net\\\/tr\"},{\"@type\":\"ListItem\",\"position\":2,\"name\":\"Kulak \u00e7arpmas\u0131\"}]},{\"@type\":\"WebSite\",\"@id\":\"https:\\\/\\\/akunq.net\\\/tr\\\/#website\",\"url\":\"https:\\\/\\\/akunq.net\\\/tr\\\/\",\"name\":\"Bati Ermenistan Ve Bati Ermenileri Sorunlari Ara\u015ftirmalar Merkezi\",\"description\":\"\",\"potentialAction\":[{\"@type\":\"SearchAction\",\"target\":{\"@type\":\"EntryPoint\",\"urlTemplate\":\"https:\\\/\\\/akunq.net\\\/tr\\\/?s={search_term_string}\"},\"query-input\":{\"@type\":\"PropertyValueSpecification\",\"valueRequired\":true,\"valueName\":\"search_term_string\"}}],\"inLanguage\":\"en-US\"},{\"@type\":\"Person\",\"@id\":\"https:\\\/\\\/akunq.net\\\/tr\\\/#\\\/schema\\\/person\\\/096f1d38a12cce57fb855b485ed24c9e\",\"name\":\"admin\",\"url\":\"https:\\\/\\\/akunq.net\\\/tr\\\/?author=7\"}]}<\/script>\n<!-- \/ Yoast SEO plugin. -->","yoast_head_json":{"title":"Kulak \u00e7arpmas\u0131 - Bati Ermenistan Ve Bati Ermenileri Sorunlari Ara\u015ftirmalar Merkezi","robots":{"index":"index","follow":"follow","max-snippet":"max-snippet:-1","max-image-preview":"max-image-preview:large","max-video-preview":"max-video-preview:-1"},"canonical":"https:\/\/akunq.net\/tr\/?p=61568","og_locale":"en_US","og_type":"article","og_title":"Kulak \u00e7arpmas\u0131 - Bati Ermenistan Ve Bati Ermenileri Sorunlari Ara\u015ftirmalar Merkezi","og_description":"Aris Nalc\u0131 Bir s\u00fcredir Bo\u011fazi\u00e7i\u2019ne atanan kayyum rekt\u00f6r ve onun tezinde intihal yapt\u0131\u011f\u0131 ger\u00e7e\u011fi \u00fczerine d\u00fc\u015f\u00fcn\u00fcp duruyorum. T\u00fcrkiye\u2019de tez veya fikir h\u0131rs\u0131zl\u0131\u011f\u0131 \u00e7ok yayg\u0131n bir \u015fey asl\u0131nda. \u0130ntihal kelimesi \u00e7ok da masum kal\u0131yor. Sosyolojik alanda lisans \u00fcst\u00fc yapan, halen iyi e\u011fitim verdi\u011fini bili\u011fimiz\/d\u00fc\u015f\u00fcnd\u00fc\u011f\u00fcm\u00fcz kurumlar bu konulara dikkat ediyorlar. Daha do\u011frusu hocalar\u0131 ve dan\u0131\u015fmanlar\u0131 dikkat ediyor. [&hellip;]","og_url":"https:\/\/akunq.net\/tr\/?p=61568","og_site_name":"Bati Ermenistan Ve Bati Ermenileri Sorunlari Ara\u015ftirmalar Merkezi","article_published_time":"2021-02-19T07:21:55+00:00","og_image":[{"width":800,"height":463,"url":"https:\/\/akunq.net\/tr\/wp-content\/uploads\/sites\/6\/2021\/02\/Aris-Nalci.jpeg","type":"image\/jpeg"}],"author":"admin","twitter_card":"summary_large_image","twitter_misc":{"Written by":"admin","Est. reading time":"6 minutes"},"schema":{"@context":"https:\/\/schema.org","@graph":[{"@type":"Article","@id":"https:\/\/akunq.net\/tr\/?p=61568#article","isPartOf":{"@id":"https:\/\/akunq.net\/tr\/?p=61568"},"author":{"name":"admin","@id":"https:\/\/akunq.net\/tr\/#\/schema\/person\/096f1d38a12cce57fb855b485ed24c9e"},"headline":"Kulak \u00e7arpmas\u0131","datePublished":"2021-02-19T07:21:55+00:00","mainEntityOfPage":{"@id":"https:\/\/akunq.net\/tr\/?p=61568"},"wordCount":1201,"commentCount":0,"image":{"@id":"https:\/\/akunq.net\/tr\/?p=61568#primaryimage"},"thumbnailUrl":"https:\/\/akunq.net\/tr\/wp-content\/uploads\/sites\/6\/2021\/02\/Aris-Nalci.jpeg","articleSection":["Haberler","Makaleler"],"inLanguage":"en-US","potentialAction":[{"@type":"CommentAction","name":"Comment","target":["https:\/\/akunq.net\/tr\/?p=61568#respond"]}]},{"@type":"WebPage","@id":"https:\/\/akunq.net\/tr\/?p=61568","url":"https:\/\/akunq.net\/tr\/?p=61568","name":"Kulak \u00e7arpmas\u0131 - Bati Ermenistan Ve Bati Ermenileri Sorunlari Ara\u015ftirmalar Merkezi","isPartOf":{"@id":"https:\/\/akunq.net\/tr\/#website"},"primaryImageOfPage":{"@id":"https:\/\/akunq.net\/tr\/?p=61568#primaryimage"},"image":{"@id":"https:\/\/akunq.net\/tr\/?p=61568#primaryimage"},"thumbnailUrl":"https:\/\/akunq.net\/tr\/wp-content\/uploads\/sites\/6\/2021\/02\/Aris-Nalci.jpeg","datePublished":"2021-02-19T07:21:55+00:00","author":{"@id":"https:\/\/akunq.net\/tr\/#\/schema\/person\/096f1d38a12cce57fb855b485ed24c9e"},"breadcrumb":{"@id":"https:\/\/akunq.net\/tr\/?p=61568#breadcrumb"},"inLanguage":"en-US","potentialAction":[{"@type":"ReadAction","target":["https:\/\/akunq.net\/tr\/?p=61568"]}]},{"@type":"ImageObject","inLanguage":"en-US","@id":"https:\/\/akunq.net\/tr\/?p=61568#primaryimage","url":"https:\/\/akunq.net\/tr\/wp-content\/uploads\/sites\/6\/2021\/02\/Aris-Nalci.jpeg","contentUrl":"https:\/\/akunq.net\/tr\/wp-content\/uploads\/sites\/6\/2021\/02\/Aris-Nalci.jpeg","width":800,"height":463},{"@type":"BreadcrumbList","@id":"https:\/\/akunq.net\/tr\/?p=61568#breadcrumb","itemListElement":[{"@type":"ListItem","position":1,"name":"Home","item":"https:\/\/akunq.net\/tr"},{"@type":"ListItem","position":2,"name":"Kulak \u00e7arpmas\u0131"}]},{"@type":"WebSite","@id":"https:\/\/akunq.net\/tr\/#website","url":"https:\/\/akunq.net\/tr\/","name":"Bati Ermenistan Ve Bati Ermenileri Sorunlari Ara\u015ftirmalar Merkezi","description":"","potentialAction":[{"@type":"SearchAction","target":{"@type":"EntryPoint","urlTemplate":"https:\/\/akunq.net\/tr\/?s={search_term_string}"},"query-input":{"@type":"PropertyValueSpecification","valueRequired":true,"valueName":"search_term_string"}}],"inLanguage":"en-US"},{"@type":"Person","@id":"https:\/\/akunq.net\/tr\/#\/schema\/person\/096f1d38a12cce57fb855b485ed24c9e","name":"admin","url":"https:\/\/akunq.net\/tr\/?author=7"}]}},"_links":{"self":[{"href":"https:\/\/akunq.net\/tr\/index.php?rest_route=\/wp\/v2\/posts\/61568","targetHints":{"allow":["GET"]}}],"collection":[{"href":"https:\/\/akunq.net\/tr\/index.php?rest_route=\/wp\/v2\/posts"}],"about":[{"href":"https:\/\/akunq.net\/tr\/index.php?rest_route=\/wp\/v2\/types\/post"}],"author":[{"embeddable":true,"href":"https:\/\/akunq.net\/tr\/index.php?rest_route=\/wp\/v2\/users\/7"}],"replies":[{"embeddable":true,"href":"https:\/\/akunq.net\/tr\/index.php?rest_route=%2Fwp%2Fv2%2Fcomments&post=61568"}],"version-history":[{"count":1,"href":"https:\/\/akunq.net\/tr\/index.php?rest_route=\/wp\/v2\/posts\/61568\/revisions"}],"predecessor-version":[{"id":61570,"href":"https:\/\/akunq.net\/tr\/index.php?rest_route=\/wp\/v2\/posts\/61568\/revisions\/61570"}],"wp:featuredmedia":[{"embeddable":true,"href":"https:\/\/akunq.net\/tr\/index.php?rest_route=\/wp\/v2\/media\/61569"}],"wp:attachment":[{"href":"https:\/\/akunq.net\/tr\/index.php?rest_route=%2Fwp%2Fv2%2Fmedia&parent=61568"}],"wp:term":[{"taxonomy":"category","embeddable":true,"href":"https:\/\/akunq.net\/tr\/index.php?rest_route=%2Fwp%2Fv2%2Fcategories&post=61568"},{"taxonomy":"post_tag","embeddable":true,"href":"https:\/\/akunq.net\/tr\/index.php?rest_route=%2Fwp%2Fv2%2Ftags&post=61568"}],"curies":[{"name":"wp","href":"https:\/\/api.w.org\/{rel}","templated":true}]}}