{"id":61565,"date":"2021-02-19T01:56:09","date_gmt":"2021-02-19T06:56:09","guid":{"rendered":"https:\/\/akunq.net\/tr\/?p=61565"},"modified":"2021-02-19T01:56:09","modified_gmt":"2021-02-19T06:56:09","slug":"firatin-incisi-rumkalede-cam-teras-yapimina-baslandi","status":"publish","type":"post","link":"https:\/\/akunq.net\/tr\/?p=61565","title":{"rendered":"\u2018F\u0131rat\u2019\u0131n incisi\u2019 Rumkale\u2019de cam teras yap\u0131m\u0131na ba\u015fland\u0131"},"content":{"rendered":"<p><img loading=\"lazy\" decoding=\"async\" class=\"aligncenter size-medium wp-image-61566\" src=\"https:\/\/akunq.net\/tr\/wp-content\/uploads\/2021\/02\/Firat-360x203.jpg\" alt=\"\" width=\"360\" height=\"203\" srcset=\"https:\/\/akunq.net\/tr\/wp-content\/uploads\/sites\/6\/2021\/02\/Firat-360x203.jpg 360w, https:\/\/akunq.net\/tr\/wp-content\/uploads\/sites\/6\/2021\/02\/Firat-768x432.jpg 768w, https:\/\/akunq.net\/tr\/wp-content\/uploads\/sites\/6\/2021\/02\/Firat-560x315.jpg 560w, https:\/\/akunq.net\/tr\/wp-content\/uploads\/sites\/6\/2021\/02\/Firat-260x146.jpg 260w, https:\/\/akunq.net\/tr\/wp-content\/uploads\/sites\/6\/2021\/02\/Firat-160x90.jpg 160w, https:\/\/akunq.net\/tr\/wp-content\/uploads\/sites\/6\/2021\/02\/Firat.jpg 1120w\" sizes=\"auto, (max-width: 360px) 100vw, 360px\" \/><\/p>\n<p><em><strong>\u201cF\u0131rat\u2019\u0131n incisi\u201d Rumkale\u2019nin en g\u00fczel g\u00f6r\u00fcnd\u00fc\u011f\u00fc alana yap\u0131lacak cam teras\u0131n in\u015fas\u0131na ba\u015fland\u0131.<\/strong><\/em><\/p>\n<p><strong>Mehmet Akif Parlak<\/strong><\/p>\n<p>Cam teras, Gaziantep Valili\u011fi ve B\u00fcy\u00fck\u015fehir Belediyesi i\u015f birli\u011fiyle F\u0131rat Nehri ve Rumkale\u2019yi kar\u015f\u0131dan g\u00f6ren sarp kayal\u0131klar \u00fczerinde in\u015fa ediliyor.<\/p>\n<p>Vali Davut G\u00fcl, AA muhabirine, cam teras\u0131n b\u00f6lgenin turizme kazand\u0131r\u0131lmas\u0131 a\u00e7\u0131s\u0131ndan \u00f6nemli bir proje oldu\u011funu s\u00f6yledi.<\/p>\n<p>Projeden heyecan duydu\u011funu dile getiren G\u00fcl, \u015f\u00f6yle konu\u015ftu:<\/p>\n<p>\u201cRumkale\u2019nin g\u00fczelli\u011fini seyretmek i\u00e7in kaleyi tam kar\u015f\u0131dan g\u00f6ren yere \u00e7ok g\u00fczel bir cam teras yap\u0131yoruz. \u0130n\u015faat\u0131m\u0131z ba\u015flad\u0131 ve haziran ay\u0131nda tamamlanm\u0131\u015f olacak. Bu cam teras\u0131n \u00f6zelli\u011fi 270 metrekare olmas\u0131d\u0131r. T\u00fcrkiye\u2019de bulunan cam teraslar\u0131n en b\u00fcy\u00fc\u011f\u00fc olacak. Do\u011faya zarar vermeden \u00e7ok g\u00fczel bir mimariyle yap\u0131yoruz. Ayn\u0131 zamanda burayla gelen ki\u015filerin F\u0131rat ile bulu\u015fmas\u0131, su sporlar\u0131 yapabilmesi i\u00e7in su sporlar\u0131 merkezi yap\u0131yoruz. \u0130n\u015fallah o da bu sene i\u00e7inde tamamlanacak. Projenin i\u00e7inde otopark alanlar\u0131, sat\u0131\u015f yerleri gibi yerler de olacak. Bu sene ziyaret\u00e7i a\u011f\u0131rlayabilecek.\u201d<\/p>\n<p><strong>\u201cCam teras\u0131n \u00f6n\u00fcnde tarih, medeniyet ve co\u011frafya var\u201d<\/strong><br \/>\nB\u00fcy\u00fck\u015fehir Belediye Ba\u015fkan\u0131 Fatma \u015eahin de F\u0131rat havzas\u0131n\u0131n kendileri i\u00e7in b\u00fcy\u00fck bir hazine oldu\u011funu ifade etti.<\/p>\n<p>Cam teras\u0131n bitmesiyle b\u00f6lgenin cazibe merkezi haline gelece\u011fini belirten \u015eahin, \u201cCam teras\u0131n \u00f6n\u00fcnde tarih, medeniyet ve co\u011frafya var. Asl\u0131nda \u00e7ok ge\u00e7 kal\u0131nm\u0131\u015f. Bizlerin daha \u00f6nce bu g\u00fczelli\u011fi d\u00fcnyaya tan\u0131tmam\u0131z gerekiyordu.\u201d dedi.<\/p>\n<p>Yeni tip koronavir\u00fcs (Kovid-19) tedbirleri kapsam\u0131nda uygulanan k\u0131s\u0131tlamalar\u0131 adeta f\u0131rsata \u00e7evirdiklerini vurgulayan \u015eahin, \u201cPandemi d\u00f6neminde yaprak k\u0131m\u0131ldamad\u0131 ama \u015fehir adeta \u015fantiyeye d\u00f6nd\u00fc. \u0130\u00e7eride ve d\u0131\u015far\u0131da k\u00fclt\u00fcrel turizmde ciddi \u00e7al\u0131\u015fmalar\u0131m\u0131z var. A\u015f\u0131lamalar yap\u0131l\u0131p, in\u015fallah normale d\u00f6nd\u00fc\u011f\u00fcm\u00fczde burada yap\u0131lan T\u00fcrkiye\u2019nin en b\u00fcy\u00fck cam teras\u0131nda insanlar\u0131 a\u011f\u0131rlayaca\u011f\u0131z.\u201d ifadesini kulland\u0131.<\/p>\n<p>T\u00fcrkiye\u2019de ilk gastronomi \u015fehri olduklar\u0131n\u0131 vurgulayan \u015eahin, \u015f\u00f6yle devam etti:<\/p>\n<p>\u201cBuraya gelen ziyaret\u00e7iler F\u0131rat ve Rumkale\u2019ye kar\u015f\u0131 k\u00fc\u015fleme kebab\u0131n\u0131 ve baklavas\u0131n\u0131 yiyecek, ard\u0131ndan menengi\u00e7 kahvesini i\u00e7ecek. Bu g\u00fczelli\u011fi lezzetle birle\u015ftiren bir \u00e7al\u0131\u015fman\u0131n son noktas\u0131nday\u0131z. Bunu ba\u015fard\u0131\u011f\u0131m\u0131z zaman hedefimize ula\u015faca\u011f\u0131z. Milyonlarca insan\u0131n buraya gelmesini hedefliyoruz. Bu i\u015f tan\u0131t\u0131m ve tesis i\u015fi. \u0130n\u015fallah k\u0131sa s\u00fcrede buray\u0131 cazibe merkezi yapaca\u011f\u0131z.\u201d<\/p>\n<p><strong>Rumkale<\/strong><br \/>\nK\u00fclt\u00fcr ve Turizm Bakanl\u0131\u011f\u0131 taraf\u0131ndan en g\u00f6rkemli 13 kale listesinde yer alan tarihi Rumkale, Gaziantep\u2019in Yavuzeli il\u00e7esinde Merzimen \u00c7ay\u0131\u2019n\u0131n F\u0131rat Nehri ile birle\u015fti\u011fi b\u00f6lgede yer al\u0131yor.<\/p>\n<p>Hristiyanlar taraf\u0131ndan da kutsal say\u0131lan Rumkale\u2019yi Hazreti \u0130sa\u2019n\u0131n havarilerinden Yuhanna\u2019n\u0131n Roma d\u00f6neminde mesken tuttu\u011fu ve kayadan oyma bir odada \u0130ncil n\u00fcshalar\u0131n\u0131 \u00e7o\u011faltt\u0131\u011f\u0131 rivayet ediliyor.<\/p>\n<p><em><strong>https:\/\/www.aa.com.tr\/tr\/yasam\/firatin-incisi-rumkalede-cam-teras-yapimina-baslandi\/2148981\u00a0<\/strong><\/em><\/p>\n","protected":false},"excerpt":{"rendered":"<p>\u201cF\u0131rat\u2019\u0131n incisi\u201d Rumkale\u2019nin en g\u00fczel g\u00f6r\u00fcnd\u00fc\u011f\u00fc alana yap\u0131lacak cam teras\u0131n in\u015fas\u0131na ba\u015fland\u0131. Mehmet Akif Parlak Cam teras, Gaziantep Valili\u011fi ve B\u00fcy\u00fck\u015fehir Belediyesi i\u015f birli\u011fiyle F\u0131rat Nehri ve Rumkale\u2019yi kar\u015f\u0131dan g\u00f6ren sarp kayal\u0131klar \u00fczerinde in\u015fa ediliyor. Vali Davut G\u00fcl, AA muhabirine, cam teras\u0131n b\u00f6lgenin turizme kazand\u0131r\u0131lmas\u0131 a\u00e7\u0131s\u0131ndan \u00f6nemli bir proje oldu\u011funu s\u00f6yledi. Projeden heyecan duydu\u011funu dile [&hellip;]<\/p>\n","protected":false},"author":7,"featured_media":61566,"comment_status":"open","ping_status":"open","sticky":false,"template":"","format":"standard","meta":{"footnotes":""},"categories":[1],"tags":[],"class_list":["post-61565","post","type-post","status-publish","format-standard","has-post-thumbnail","hentry","category-haberler"],"yoast_head":"<!-- This site is optimized with the Yoast SEO plugin v27.4 - https:\/\/yoast.com\/product\/yoast-seo-wordpress\/ -->\n<title>\u2018F\u0131rat\u2019\u0131n incisi\u2019 Rumkale\u2019de cam teras yap\u0131m\u0131na ba\u015fland\u0131 - Bati Ermenistan Ve Bati Ermenileri Sorunlari Ara\u015ftirmalar Merkezi<\/title>\n<meta name=\"robots\" content=\"index, follow, max-snippet:-1, max-image-preview:large, max-video-preview:-1\" \/>\n<link rel=\"canonical\" href=\"https:\/\/akunq.net\/tr\/?p=61565\" \/>\n<meta property=\"og:locale\" content=\"en_US\" \/>\n<meta property=\"og:type\" content=\"article\" \/>\n<meta property=\"og:title\" content=\"\u2018F\u0131rat\u2019\u0131n incisi\u2019 Rumkale\u2019de cam teras yap\u0131m\u0131na ba\u015fland\u0131 - Bati Ermenistan Ve Bati Ermenileri Sorunlari Ara\u015ftirmalar Merkezi\" \/>\n<meta property=\"og:description\" content=\"\u201cF\u0131rat\u2019\u0131n incisi\u201d Rumkale\u2019nin en g\u00fczel g\u00f6r\u00fcnd\u00fc\u011f\u00fc alana yap\u0131lacak cam teras\u0131n in\u015fas\u0131na ba\u015fland\u0131. Mehmet Akif Parlak Cam teras, Gaziantep Valili\u011fi ve B\u00fcy\u00fck\u015fehir Belediyesi i\u015f birli\u011fiyle F\u0131rat Nehri ve Rumkale\u2019yi kar\u015f\u0131dan g\u00f6ren sarp kayal\u0131klar \u00fczerinde in\u015fa ediliyor. Vali Davut G\u00fcl, AA muhabirine, cam teras\u0131n b\u00f6lgenin turizme kazand\u0131r\u0131lmas\u0131 a\u00e7\u0131s\u0131ndan \u00f6nemli bir proje oldu\u011funu s\u00f6yledi. Projeden heyecan duydu\u011funu dile [&hellip;]\" \/>\n<meta property=\"og:url\" content=\"https:\/\/akunq.net\/tr\/?p=61565\" \/>\n<meta property=\"og:site_name\" content=\"Bati Ermenistan Ve Bati Ermenileri Sorunlari Ara\u015ftirmalar Merkezi\" \/>\n<meta property=\"article:published_time\" content=\"2021-02-19T06:56:09+00:00\" \/>\n<meta property=\"og:image\" content=\"https:\/\/akunq.net\/tr\/wp-content\/uploads\/sites\/6\/2021\/02\/Firat.jpg\" \/>\n\t<meta property=\"og:image:width\" content=\"1120\" \/>\n\t<meta property=\"og:image:height\" content=\"630\" \/>\n\t<meta property=\"og:image:type\" content=\"image\/jpeg\" \/>\n<meta name=\"author\" content=\"admin\" \/>\n<meta name=\"twitter:card\" content=\"summary_large_image\" \/>\n<meta name=\"twitter:label1\" content=\"Written by\" \/>\n\t<meta name=\"twitter:data1\" content=\"admin\" \/>\n\t<meta name=\"twitter:label2\" content=\"Est. reading time\" \/>\n\t<meta name=\"twitter:data2\" content=\"3 minutes\" \/>\n<script type=\"application\/ld+json\" class=\"yoast-schema-graph\">{\"@context\":\"https:\\\/\\\/schema.org\",\"@graph\":[{\"@type\":\"Article\",\"@id\":\"https:\\\/\\\/akunq.net\\\/tr\\\/?p=61565#article\",\"isPartOf\":{\"@id\":\"https:\\\/\\\/akunq.net\\\/tr\\\/?p=61565\"},\"author\":{\"name\":\"admin\",\"@id\":\"https:\\\/\\\/akunq.net\\\/tr\\\/#\\\/schema\\\/person\\\/096f1d38a12cce57fb855b485ed24c9e\"},\"headline\":\"\u2018F\u0131rat\u2019\u0131n incisi\u2019 Rumkale\u2019de cam teras yap\u0131m\u0131na ba\u015fland\u0131\",\"datePublished\":\"2021-02-19T06:56:09+00:00\",\"mainEntityOfPage\":{\"@id\":\"https:\\\/\\\/akunq.net\\\/tr\\\/?p=61565\"},\"wordCount\":550,\"commentCount\":0,\"image\":{\"@id\":\"https:\\\/\\\/akunq.net\\\/tr\\\/?p=61565#primaryimage\"},\"thumbnailUrl\":\"https:\\\/\\\/akunq.net\\\/tr\\\/wp-content\\\/uploads\\\/sites\\\/6\\\/2021\\\/02\\\/Firat.jpg\",\"articleSection\":[\"Haberler\"],\"inLanguage\":\"en-US\",\"potentialAction\":[{\"@type\":\"CommentAction\",\"name\":\"Comment\",\"target\":[\"https:\\\/\\\/akunq.net\\\/tr\\\/?p=61565#respond\"]}]},{\"@type\":\"WebPage\",\"@id\":\"https:\\\/\\\/akunq.net\\\/tr\\\/?p=61565\",\"url\":\"https:\\\/\\\/akunq.net\\\/tr\\\/?p=61565\",\"name\":\"\u2018F\u0131rat\u2019\u0131n incisi\u2019 Rumkale\u2019de cam teras yap\u0131m\u0131na ba\u015fland\u0131 - Bati Ermenistan Ve Bati Ermenileri Sorunlari Ara\u015ftirmalar Merkezi\",\"isPartOf\":{\"@id\":\"https:\\\/\\\/akunq.net\\\/tr\\\/#website\"},\"primaryImageOfPage\":{\"@id\":\"https:\\\/\\\/akunq.net\\\/tr\\\/?p=61565#primaryimage\"},\"image\":{\"@id\":\"https:\\\/\\\/akunq.net\\\/tr\\\/?p=61565#primaryimage\"},\"thumbnailUrl\":\"https:\\\/\\\/akunq.net\\\/tr\\\/wp-content\\\/uploads\\\/sites\\\/6\\\/2021\\\/02\\\/Firat.jpg\",\"datePublished\":\"2021-02-19T06:56:09+00:00\",\"author\":{\"@id\":\"https:\\\/\\\/akunq.net\\\/tr\\\/#\\\/schema\\\/person\\\/096f1d38a12cce57fb855b485ed24c9e\"},\"breadcrumb\":{\"@id\":\"https:\\\/\\\/akunq.net\\\/tr\\\/?p=61565#breadcrumb\"},\"inLanguage\":\"en-US\",\"potentialAction\":[{\"@type\":\"ReadAction\",\"target\":[\"https:\\\/\\\/akunq.net\\\/tr\\\/?p=61565\"]}]},{\"@type\":\"ImageObject\",\"inLanguage\":\"en-US\",\"@id\":\"https:\\\/\\\/akunq.net\\\/tr\\\/?p=61565#primaryimage\",\"url\":\"https:\\\/\\\/akunq.net\\\/tr\\\/wp-content\\\/uploads\\\/sites\\\/6\\\/2021\\\/02\\\/Firat.jpg\",\"contentUrl\":\"https:\\\/\\\/akunq.net\\\/tr\\\/wp-content\\\/uploads\\\/sites\\\/6\\\/2021\\\/02\\\/Firat.jpg\",\"width\":1120,\"height\":630},{\"@type\":\"BreadcrumbList\",\"@id\":\"https:\\\/\\\/akunq.net\\\/tr\\\/?p=61565#breadcrumb\",\"itemListElement\":[{\"@type\":\"ListItem\",\"position\":1,\"name\":\"Home\",\"item\":\"https:\\\/\\\/akunq.net\\\/tr\"},{\"@type\":\"ListItem\",\"position\":2,\"name\":\"\u2018F\u0131rat\u2019\u0131n incisi\u2019 Rumkale\u2019de cam teras yap\u0131m\u0131na ba\u015fland\u0131\"}]},{\"@type\":\"WebSite\",\"@id\":\"https:\\\/\\\/akunq.net\\\/tr\\\/#website\",\"url\":\"https:\\\/\\\/akunq.net\\\/tr\\\/\",\"name\":\"Bati Ermenistan Ve Bati Ermenileri Sorunlari Ara\u015ftirmalar Merkezi\",\"description\":\"\",\"potentialAction\":[{\"@type\":\"SearchAction\",\"target\":{\"@type\":\"EntryPoint\",\"urlTemplate\":\"https:\\\/\\\/akunq.net\\\/tr\\\/?s={search_term_string}\"},\"query-input\":{\"@type\":\"PropertyValueSpecification\",\"valueRequired\":true,\"valueName\":\"search_term_string\"}}],\"inLanguage\":\"en-US\"},{\"@type\":\"Person\",\"@id\":\"https:\\\/\\\/akunq.net\\\/tr\\\/#\\\/schema\\\/person\\\/096f1d38a12cce57fb855b485ed24c9e\",\"name\":\"admin\",\"url\":\"https:\\\/\\\/akunq.net\\\/tr\\\/?author=7\"}]}<\/script>\n<!-- \/ Yoast SEO plugin. -->","yoast_head_json":{"title":"\u2018F\u0131rat\u2019\u0131n incisi\u2019 Rumkale\u2019de cam teras yap\u0131m\u0131na ba\u015fland\u0131 - Bati Ermenistan Ve Bati Ermenileri Sorunlari Ara\u015ftirmalar Merkezi","robots":{"index":"index","follow":"follow","max-snippet":"max-snippet:-1","max-image-preview":"max-image-preview:large","max-video-preview":"max-video-preview:-1"},"canonical":"https:\/\/akunq.net\/tr\/?p=61565","og_locale":"en_US","og_type":"article","og_title":"\u2018F\u0131rat\u2019\u0131n incisi\u2019 Rumkale\u2019de cam teras yap\u0131m\u0131na ba\u015fland\u0131 - Bati Ermenistan Ve Bati Ermenileri Sorunlari Ara\u015ftirmalar Merkezi","og_description":"\u201cF\u0131rat\u2019\u0131n incisi\u201d Rumkale\u2019nin en g\u00fczel g\u00f6r\u00fcnd\u00fc\u011f\u00fc alana yap\u0131lacak cam teras\u0131n in\u015fas\u0131na ba\u015fland\u0131. Mehmet Akif Parlak Cam teras, Gaziantep Valili\u011fi ve B\u00fcy\u00fck\u015fehir Belediyesi i\u015f birli\u011fiyle F\u0131rat Nehri ve Rumkale\u2019yi kar\u015f\u0131dan g\u00f6ren sarp kayal\u0131klar \u00fczerinde in\u015fa ediliyor. Vali Davut G\u00fcl, AA muhabirine, cam teras\u0131n b\u00f6lgenin turizme kazand\u0131r\u0131lmas\u0131 a\u00e7\u0131s\u0131ndan \u00f6nemli bir proje oldu\u011funu s\u00f6yledi. Projeden heyecan duydu\u011funu dile [&hellip;]","og_url":"https:\/\/akunq.net\/tr\/?p=61565","og_site_name":"Bati Ermenistan Ve Bati Ermenileri Sorunlari Ara\u015ftirmalar Merkezi","article_published_time":"2021-02-19T06:56:09+00:00","og_image":[{"width":1120,"height":630,"url":"https:\/\/akunq.net\/tr\/wp-content\/uploads\/sites\/6\/2021\/02\/Firat.jpg","type":"image\/jpeg"}],"author":"admin","twitter_card":"summary_large_image","twitter_misc":{"Written by":"admin","Est. reading time":"3 minutes"},"schema":{"@context":"https:\/\/schema.org","@graph":[{"@type":"Article","@id":"https:\/\/akunq.net\/tr\/?p=61565#article","isPartOf":{"@id":"https:\/\/akunq.net\/tr\/?p=61565"},"author":{"name":"admin","@id":"https:\/\/akunq.net\/tr\/#\/schema\/person\/096f1d38a12cce57fb855b485ed24c9e"},"headline":"\u2018F\u0131rat\u2019\u0131n incisi\u2019 Rumkale\u2019de cam teras yap\u0131m\u0131na ba\u015fland\u0131","datePublished":"2021-02-19T06:56:09+00:00","mainEntityOfPage":{"@id":"https:\/\/akunq.net\/tr\/?p=61565"},"wordCount":550,"commentCount":0,"image":{"@id":"https:\/\/akunq.net\/tr\/?p=61565#primaryimage"},"thumbnailUrl":"https:\/\/akunq.net\/tr\/wp-content\/uploads\/sites\/6\/2021\/02\/Firat.jpg","articleSection":["Haberler"],"inLanguage":"en-US","potentialAction":[{"@type":"CommentAction","name":"Comment","target":["https:\/\/akunq.net\/tr\/?p=61565#respond"]}]},{"@type":"WebPage","@id":"https:\/\/akunq.net\/tr\/?p=61565","url":"https:\/\/akunq.net\/tr\/?p=61565","name":"\u2018F\u0131rat\u2019\u0131n incisi\u2019 Rumkale\u2019de cam teras yap\u0131m\u0131na ba\u015fland\u0131 - Bati Ermenistan Ve Bati Ermenileri Sorunlari Ara\u015ftirmalar Merkezi","isPartOf":{"@id":"https:\/\/akunq.net\/tr\/#website"},"primaryImageOfPage":{"@id":"https:\/\/akunq.net\/tr\/?p=61565#primaryimage"},"image":{"@id":"https:\/\/akunq.net\/tr\/?p=61565#primaryimage"},"thumbnailUrl":"https:\/\/akunq.net\/tr\/wp-content\/uploads\/sites\/6\/2021\/02\/Firat.jpg","datePublished":"2021-02-19T06:56:09+00:00","author":{"@id":"https:\/\/akunq.net\/tr\/#\/schema\/person\/096f1d38a12cce57fb855b485ed24c9e"},"breadcrumb":{"@id":"https:\/\/akunq.net\/tr\/?p=61565#breadcrumb"},"inLanguage":"en-US","potentialAction":[{"@type":"ReadAction","target":["https:\/\/akunq.net\/tr\/?p=61565"]}]},{"@type":"ImageObject","inLanguage":"en-US","@id":"https:\/\/akunq.net\/tr\/?p=61565#primaryimage","url":"https:\/\/akunq.net\/tr\/wp-content\/uploads\/sites\/6\/2021\/02\/Firat.jpg","contentUrl":"https:\/\/akunq.net\/tr\/wp-content\/uploads\/sites\/6\/2021\/02\/Firat.jpg","width":1120,"height":630},{"@type":"BreadcrumbList","@id":"https:\/\/akunq.net\/tr\/?p=61565#breadcrumb","itemListElement":[{"@type":"ListItem","position":1,"name":"Home","item":"https:\/\/akunq.net\/tr"},{"@type":"ListItem","position":2,"name":"\u2018F\u0131rat\u2019\u0131n incisi\u2019 Rumkale\u2019de cam teras yap\u0131m\u0131na ba\u015fland\u0131"}]},{"@type":"WebSite","@id":"https:\/\/akunq.net\/tr\/#website","url":"https:\/\/akunq.net\/tr\/","name":"Bati Ermenistan Ve Bati Ermenileri Sorunlari Ara\u015ftirmalar Merkezi","description":"","potentialAction":[{"@type":"SearchAction","target":{"@type":"EntryPoint","urlTemplate":"https:\/\/akunq.net\/tr\/?s={search_term_string}"},"query-input":{"@type":"PropertyValueSpecification","valueRequired":true,"valueName":"search_term_string"}}],"inLanguage":"en-US"},{"@type":"Person","@id":"https:\/\/akunq.net\/tr\/#\/schema\/person\/096f1d38a12cce57fb855b485ed24c9e","name":"admin","url":"https:\/\/akunq.net\/tr\/?author=7"}]}},"_links":{"self":[{"href":"https:\/\/akunq.net\/tr\/index.php?rest_route=\/wp\/v2\/posts\/61565","targetHints":{"allow":["GET"]}}],"collection":[{"href":"https:\/\/akunq.net\/tr\/index.php?rest_route=\/wp\/v2\/posts"}],"about":[{"href":"https:\/\/akunq.net\/tr\/index.php?rest_route=\/wp\/v2\/types\/post"}],"author":[{"embeddable":true,"href":"https:\/\/akunq.net\/tr\/index.php?rest_route=\/wp\/v2\/users\/7"}],"replies":[{"embeddable":true,"href":"https:\/\/akunq.net\/tr\/index.php?rest_route=%2Fwp%2Fv2%2Fcomments&post=61565"}],"version-history":[{"count":1,"href":"https:\/\/akunq.net\/tr\/index.php?rest_route=\/wp\/v2\/posts\/61565\/revisions"}],"predecessor-version":[{"id":61567,"href":"https:\/\/akunq.net\/tr\/index.php?rest_route=\/wp\/v2\/posts\/61565\/revisions\/61567"}],"wp:featuredmedia":[{"embeddable":true,"href":"https:\/\/akunq.net\/tr\/index.php?rest_route=\/wp\/v2\/media\/61566"}],"wp:attachment":[{"href":"https:\/\/akunq.net\/tr\/index.php?rest_route=%2Fwp%2Fv2%2Fmedia&parent=61565"}],"wp:term":[{"taxonomy":"category","embeddable":true,"href":"https:\/\/akunq.net\/tr\/index.php?rest_route=%2Fwp%2Fv2%2Fcategories&post=61565"},{"taxonomy":"post_tag","embeddable":true,"href":"https:\/\/akunq.net\/tr\/index.php?rest_route=%2Fwp%2Fv2%2Ftags&post=61565"}],"curies":[{"name":"wp","href":"https:\/\/api.w.org\/{rel}","templated":true}]}}