{"id":61562,"date":"2021-02-19T01:41:52","date_gmt":"2021-02-19T06:41:52","guid":{"rendered":"https:\/\/akunq.net\/tr\/?p=61562"},"modified":"2021-02-19T01:41:52","modified_gmt":"2021-02-19T06:41:52","slug":"demirtastan-aciklama-13-insanimizin-katledilmesini-kiniyorum","status":"publish","type":"post","link":"https:\/\/akunq.net\/tr\/?p=61562","title":{"rendered":"Demirta\u015f&#8217;tan a\u00e7\u0131klama: 13 insan\u0131m\u0131z\u0131n katledilmesini k\u0131n\u0131yorum"},"content":{"rendered":"<p><img loading=\"lazy\" decoding=\"async\" class=\"aligncenter size-medium wp-image-61563\" src=\"https:\/\/akunq.net\/tr\/wp-content\/uploads\/2021\/02\/Demirta\u015f-360x195.jpg\" alt=\"\" width=\"360\" height=\"195\" srcset=\"https:\/\/akunq.net\/tr\/wp-content\/uploads\/sites\/6\/2021\/02\/Demirta\u015f-360x195.jpg 360w, https:\/\/akunq.net\/tr\/wp-content\/uploads\/sites\/6\/2021\/02\/Demirta\u015f-768x415.jpg 768w, https:\/\/akunq.net\/tr\/wp-content\/uploads\/sites\/6\/2021\/02\/Demirta\u015f-560x303.jpg 560w, https:\/\/akunq.net\/tr\/wp-content\/uploads\/sites\/6\/2021\/02\/Demirta\u015f-260x141.jpg 260w, https:\/\/akunq.net\/tr\/wp-content\/uploads\/sites\/6\/2021\/02\/Demirta\u015f-160x87.jpg 160w, https:\/\/akunq.net\/tr\/wp-content\/uploads\/sites\/6\/2021\/02\/Demirta\u015f.jpg 1000w\" sizes=\"auto, (max-width: 360px) 100vw, 360px\" \/><\/p>\n<p><em><strong>Halklar\u0131n Demokratik Partisi (HDP) eski E\u015f Genel Ba\u015fkan\u0131 Selahattin Demirta\u015f, PKK&#8217;n\u0131n al\u0131koydu\u011fu ve T\u00fcrk Silahl\u0131 Kuvvetleri&#8217;nin Kuzey Irak&#8217;taki operasyonu s\u0131ras\u0131nda ya\u015fam\u0131n\u0131 yitiren 13 asker ve polise ili\u015fkin a\u00e7\u0131klama yapt\u0131.<\/strong><\/em><\/p>\n<p>Tutuklu bulundu\u011fu Edirne Cezaevi&#8217;nden a\u00e7\u0131klama yapan Demira\u015f&#8217;\u0131n s\u00f6zleri twitter hesab\u0131ndan yay\u0131nland\u0131.<\/p>\n<p>Ya\u015fananlardan dolay\u0131 \u00e7ok \u00fczg\u00fcn oldu\u011funu belirten Demirta\u015f&#8217;\u0131n mesaj\u0131 \u015f\u00f6yle:<\/p>\n<p>1-\u00a0 \u00a0 PKK&#8217;nin elindeki 13 insan\u0131m\u0131z\u0131n katledilmi\u015f olmas\u0131n\u0131 a\u00e7\u0131k\u00e7a k\u0131n\u0131yorum. Ailelerin ac\u0131s\u0131n\u0131 y\u00fcrekten payla\u015f\u0131yor, kendilerine ba\u015f sa\u011fl\u0131\u011f\u0131 diliyorum. Ya\u015fananlardan dolay\u0131 \u00e7ok \u00fczg\u00fcn\u00fcm.<\/p>\n<p>2-\u00a0 \u00a0 Diplomatik yollar yerine, siyasi \u015fov ama\u00e7l\u0131 operasyon sonucunda ortaya \u00e7\u0131kan trajedinin sorumlulu\u011funu HDP&#8217;ye ve muhalefete y\u00fcklemek de aymazl\u0131kt\u0131r. Halka hesap vermesi gereken, iktidard\u0131r.<\/p>\n<p>3-\u00a0 \u00a0 Aslolan; silaha, \u015fiddete, sava\u015fa her ko\u015fulda kar\u015f\u0131 \u00e7\u0131karak bar\u0131\u015f\u0131 sa\u011flamakt\u0131r.&#8221;<\/p>\n<p><em>(Ayr\u0131ca Bkz:\u00a0\u00a0<a href=\"http:\/\/www.agos.com.tr\/tr\/yazi\/25327\/tbmm-de-gundem-kuzey-irak-operasyonu-ve-13-kayip\">TBMM&#8217;de g\u00fcndem Kuzey Irak operasyonu ve 13 kay\u0131p<\/a>;\u00a0<a href=\"http:\/\/www.agos.com.tr\/tr\/yazi\/25322\/ihd-tarafsiz-ve-bagimsiz-bir-komisyon-sorusturma-yurutmeli\">\u0130HD: Tarafs\u0131z ve ba\u011f\u0131ms\u0131z bir komisyon soru\u015fturma y\u00fcr\u00fctmeli<\/a>\u00a0;\u00a0<a href=\"http:\/\/www.agos.com.tr\/tr\/yazi\/25319\/kuzey-irak-ta-oldurulen-10-turkiye-vatandasinin-kimligi-belirlendi\">Kuzey Irak&#8217;ta \u00f6ld\u00fcr\u00fclen 10 T\u00fcrkiye vatanda\u015f\u0131n\u0131n kimli\u011fi belirlendi<\/a>\u00a0)<\/em><\/p>\n<p><em><strong>http:\/\/www.agos.com.tr\/tr\/yazi\/25343\/demirtas-tan-aciklama-13-insanimizin-katledilmesini-kiniyorum\u00a0<\/strong><\/em><\/p>\n","protected":false},"excerpt":{"rendered":"<p>Halklar\u0131n Demokratik Partisi (HDP) eski E\u015f Genel Ba\u015fkan\u0131 Selahattin Demirta\u015f, PKK&#8217;n\u0131n al\u0131koydu\u011fu ve T\u00fcrk Silahl\u0131 Kuvvetleri&#8217;nin Kuzey Irak&#8217;taki operasyonu s\u0131ras\u0131nda ya\u015fam\u0131n\u0131 yitiren 13 asker ve polise ili\u015fkin a\u00e7\u0131klama yapt\u0131. Tutuklu bulundu\u011fu Edirne Cezaevi&#8217;nden a\u00e7\u0131klama yapan Demira\u015f&#8217;\u0131n s\u00f6zleri twitter hesab\u0131ndan yay\u0131nland\u0131. Ya\u015fananlardan dolay\u0131 \u00e7ok \u00fczg\u00fcn oldu\u011funu belirten Demirta\u015f&#8217;\u0131n mesaj\u0131 \u015f\u00f6yle: 1-\u00a0 \u00a0 PKK&#8217;nin elindeki 13 insan\u0131m\u0131z\u0131n [&hellip;]<\/p>\n","protected":false},"author":7,"featured_media":61563,"comment_status":"open","ping_status":"open","sticky":false,"template":"","format":"standard","meta":{"footnotes":""},"categories":[1],"tags":[],"class_list":["post-61562","post","type-post","status-publish","format-standard","has-post-thumbnail","hentry","category-haberler"],"yoast_head":"<!-- This site is optimized with the Yoast SEO plugin v27.4 - https:\/\/yoast.com\/product\/yoast-seo-wordpress\/ -->\n<title>Demirta\u015f&#039;tan a\u00e7\u0131klama: 13 insan\u0131m\u0131z\u0131n katledilmesini k\u0131n\u0131yorum - Bati Ermenistan Ve Bati Ermenileri Sorunlari Ara\u015ftirmalar Merkezi<\/title>\n<meta name=\"robots\" content=\"index, follow, max-snippet:-1, max-image-preview:large, max-video-preview:-1\" \/>\n<link rel=\"canonical\" href=\"https:\/\/akunq.net\/tr\/?p=61562\" \/>\n<meta property=\"og:locale\" content=\"en_US\" \/>\n<meta property=\"og:type\" content=\"article\" \/>\n<meta property=\"og:title\" content=\"Demirta\u015f&#039;tan a\u00e7\u0131klama: 13 insan\u0131m\u0131z\u0131n katledilmesini k\u0131n\u0131yorum - Bati Ermenistan Ve Bati Ermenileri Sorunlari Ara\u015ftirmalar Merkezi\" \/>\n<meta property=\"og:description\" content=\"Halklar\u0131n Demokratik Partisi (HDP) eski E\u015f Genel Ba\u015fkan\u0131 Selahattin Demirta\u015f, PKK&#8217;n\u0131n al\u0131koydu\u011fu ve T\u00fcrk Silahl\u0131 Kuvvetleri&#8217;nin Kuzey Irak&#8217;taki operasyonu s\u0131ras\u0131nda ya\u015fam\u0131n\u0131 yitiren 13 asker ve polise ili\u015fkin a\u00e7\u0131klama yapt\u0131. Tutuklu bulundu\u011fu Edirne Cezaevi&#8217;nden a\u00e7\u0131klama yapan Demira\u015f&#8217;\u0131n s\u00f6zleri twitter hesab\u0131ndan yay\u0131nland\u0131. Ya\u015fananlardan dolay\u0131 \u00e7ok \u00fczg\u00fcn oldu\u011funu belirten Demirta\u015f&#8217;\u0131n mesaj\u0131 \u015f\u00f6yle: 1-\u00a0 \u00a0 PKK&#8217;nin elindeki 13 insan\u0131m\u0131z\u0131n [&hellip;]\" \/>\n<meta property=\"og:url\" content=\"https:\/\/akunq.net\/tr\/?p=61562\" \/>\n<meta property=\"og:site_name\" content=\"Bati Ermenistan Ve Bati Ermenileri Sorunlari Ara\u015ftirmalar Merkezi\" \/>\n<meta property=\"article:published_time\" content=\"2021-02-19T06:41:52+00:00\" \/>\n<meta property=\"og:image\" content=\"https:\/\/akunq.net\/tr\/wp-content\/uploads\/sites\/6\/2021\/02\/Demirta\u015f.jpg\" \/>\n\t<meta property=\"og:image:width\" content=\"1000\" \/>\n\t<meta property=\"og:image:height\" content=\"541\" \/>\n\t<meta property=\"og:image:type\" content=\"image\/jpeg\" \/>\n<meta name=\"author\" content=\"admin\" \/>\n<meta name=\"twitter:card\" content=\"summary_large_image\" \/>\n<meta name=\"twitter:label1\" content=\"Written by\" \/>\n\t<meta name=\"twitter:data1\" content=\"admin\" \/>\n\t<meta name=\"twitter:label2\" content=\"Est. reading time\" \/>\n\t<meta name=\"twitter:data2\" content=\"1 minute\" \/>\n<script type=\"application\/ld+json\" class=\"yoast-schema-graph\">{\"@context\":\"https:\\\/\\\/schema.org\",\"@graph\":[{\"@type\":\"Article\",\"@id\":\"https:\\\/\\\/akunq.net\\\/tr\\\/?p=61562#article\",\"isPartOf\":{\"@id\":\"https:\\\/\\\/akunq.net\\\/tr\\\/?p=61562\"},\"author\":{\"name\":\"admin\",\"@id\":\"https:\\\/\\\/akunq.net\\\/tr\\\/#\\\/schema\\\/person\\\/096f1d38a12cce57fb855b485ed24c9e\"},\"headline\":\"Demirta\u015f&#8217;tan a\u00e7\u0131klama: 13 insan\u0131m\u0131z\u0131n katledilmesini k\u0131n\u0131yorum\",\"datePublished\":\"2021-02-19T06:41:52+00:00\",\"mainEntityOfPage\":{\"@id\":\"https:\\\/\\\/akunq.net\\\/tr\\\/?p=61562\"},\"wordCount\":213,\"commentCount\":0,\"image\":{\"@id\":\"https:\\\/\\\/akunq.net\\\/tr\\\/?p=61562#primaryimage\"},\"thumbnailUrl\":\"https:\\\/\\\/akunq.net\\\/tr\\\/wp-content\\\/uploads\\\/sites\\\/6\\\/2021\\\/02\\\/Demirta\u015f.jpg\",\"articleSection\":[\"Haberler\"],\"inLanguage\":\"en-US\",\"potentialAction\":[{\"@type\":\"CommentAction\",\"name\":\"Comment\",\"target\":[\"https:\\\/\\\/akunq.net\\\/tr\\\/?p=61562#respond\"]}]},{\"@type\":\"WebPage\",\"@id\":\"https:\\\/\\\/akunq.net\\\/tr\\\/?p=61562\",\"url\":\"https:\\\/\\\/akunq.net\\\/tr\\\/?p=61562\",\"name\":\"Demirta\u015f'tan a\u00e7\u0131klama: 13 insan\u0131m\u0131z\u0131n katledilmesini k\u0131n\u0131yorum - Bati Ermenistan Ve Bati Ermenileri Sorunlari Ara\u015ftirmalar Merkezi\",\"isPartOf\":{\"@id\":\"https:\\\/\\\/akunq.net\\\/tr\\\/#website\"},\"primaryImageOfPage\":{\"@id\":\"https:\\\/\\\/akunq.net\\\/tr\\\/?p=61562#primaryimage\"},\"image\":{\"@id\":\"https:\\\/\\\/akunq.net\\\/tr\\\/?p=61562#primaryimage\"},\"thumbnailUrl\":\"https:\\\/\\\/akunq.net\\\/tr\\\/wp-content\\\/uploads\\\/sites\\\/6\\\/2021\\\/02\\\/Demirta\u015f.jpg\",\"datePublished\":\"2021-02-19T06:41:52+00:00\",\"author\":{\"@id\":\"https:\\\/\\\/akunq.net\\\/tr\\\/#\\\/schema\\\/person\\\/096f1d38a12cce57fb855b485ed24c9e\"},\"breadcrumb\":{\"@id\":\"https:\\\/\\\/akunq.net\\\/tr\\\/?p=61562#breadcrumb\"},\"inLanguage\":\"en-US\",\"potentialAction\":[{\"@type\":\"ReadAction\",\"target\":[\"https:\\\/\\\/akunq.net\\\/tr\\\/?p=61562\"]}]},{\"@type\":\"ImageObject\",\"inLanguage\":\"en-US\",\"@id\":\"https:\\\/\\\/akunq.net\\\/tr\\\/?p=61562#primaryimage\",\"url\":\"https:\\\/\\\/akunq.net\\\/tr\\\/wp-content\\\/uploads\\\/sites\\\/6\\\/2021\\\/02\\\/Demirta\u015f.jpg\",\"contentUrl\":\"https:\\\/\\\/akunq.net\\\/tr\\\/wp-content\\\/uploads\\\/sites\\\/6\\\/2021\\\/02\\\/Demirta\u015f.jpg\",\"width\":1000,\"height\":541},{\"@type\":\"BreadcrumbList\",\"@id\":\"https:\\\/\\\/akunq.net\\\/tr\\\/?p=61562#breadcrumb\",\"itemListElement\":[{\"@type\":\"ListItem\",\"position\":1,\"name\":\"Home\",\"item\":\"https:\\\/\\\/akunq.net\\\/tr\"},{\"@type\":\"ListItem\",\"position\":2,\"name\":\"Demirta\u015f&#8217;tan a\u00e7\u0131klama: 13 insan\u0131m\u0131z\u0131n katledilmesini k\u0131n\u0131yorum\"}]},{\"@type\":\"WebSite\",\"@id\":\"https:\\\/\\\/akunq.net\\\/tr\\\/#website\",\"url\":\"https:\\\/\\\/akunq.net\\\/tr\\\/\",\"name\":\"Bati Ermenistan Ve Bati Ermenileri Sorunlari Ara\u015ftirmalar Merkezi\",\"description\":\"\",\"potentialAction\":[{\"@type\":\"SearchAction\",\"target\":{\"@type\":\"EntryPoint\",\"urlTemplate\":\"https:\\\/\\\/akunq.net\\\/tr\\\/?s={search_term_string}\"},\"query-input\":{\"@type\":\"PropertyValueSpecification\",\"valueRequired\":true,\"valueName\":\"search_term_string\"}}],\"inLanguage\":\"en-US\"},{\"@type\":\"Person\",\"@id\":\"https:\\\/\\\/akunq.net\\\/tr\\\/#\\\/schema\\\/person\\\/096f1d38a12cce57fb855b485ed24c9e\",\"name\":\"admin\",\"url\":\"https:\\\/\\\/akunq.net\\\/tr\\\/?author=7\"}]}<\/script>\n<!-- \/ Yoast SEO plugin. -->","yoast_head_json":{"title":"Demirta\u015f'tan a\u00e7\u0131klama: 13 insan\u0131m\u0131z\u0131n katledilmesini k\u0131n\u0131yorum - Bati Ermenistan Ve Bati Ermenileri Sorunlari Ara\u015ftirmalar Merkezi","robots":{"index":"index","follow":"follow","max-snippet":"max-snippet:-1","max-image-preview":"max-image-preview:large","max-video-preview":"max-video-preview:-1"},"canonical":"https:\/\/akunq.net\/tr\/?p=61562","og_locale":"en_US","og_type":"article","og_title":"Demirta\u015f'tan a\u00e7\u0131klama: 13 insan\u0131m\u0131z\u0131n katledilmesini k\u0131n\u0131yorum - Bati Ermenistan Ve Bati Ermenileri Sorunlari Ara\u015ftirmalar Merkezi","og_description":"Halklar\u0131n Demokratik Partisi (HDP) eski E\u015f Genel Ba\u015fkan\u0131 Selahattin Demirta\u015f, PKK&#8217;n\u0131n al\u0131koydu\u011fu ve T\u00fcrk Silahl\u0131 Kuvvetleri&#8217;nin Kuzey Irak&#8217;taki operasyonu s\u0131ras\u0131nda ya\u015fam\u0131n\u0131 yitiren 13 asker ve polise ili\u015fkin a\u00e7\u0131klama yapt\u0131. Tutuklu bulundu\u011fu Edirne Cezaevi&#8217;nden a\u00e7\u0131klama yapan Demira\u015f&#8217;\u0131n s\u00f6zleri twitter hesab\u0131ndan yay\u0131nland\u0131. Ya\u015fananlardan dolay\u0131 \u00e7ok \u00fczg\u00fcn oldu\u011funu belirten Demirta\u015f&#8217;\u0131n mesaj\u0131 \u015f\u00f6yle: 1-\u00a0 \u00a0 PKK&#8217;nin elindeki 13 insan\u0131m\u0131z\u0131n [&hellip;]","og_url":"https:\/\/akunq.net\/tr\/?p=61562","og_site_name":"Bati Ermenistan Ve Bati Ermenileri Sorunlari Ara\u015ftirmalar Merkezi","article_published_time":"2021-02-19T06:41:52+00:00","og_image":[{"width":1000,"height":541,"url":"https:\/\/akunq.net\/tr\/wp-content\/uploads\/sites\/6\/2021\/02\/Demirta\u015f.jpg","type":"image\/jpeg"}],"author":"admin","twitter_card":"summary_large_image","twitter_misc":{"Written by":"admin","Est. reading time":"1 minute"},"schema":{"@context":"https:\/\/schema.org","@graph":[{"@type":"Article","@id":"https:\/\/akunq.net\/tr\/?p=61562#article","isPartOf":{"@id":"https:\/\/akunq.net\/tr\/?p=61562"},"author":{"name":"admin","@id":"https:\/\/akunq.net\/tr\/#\/schema\/person\/096f1d38a12cce57fb855b485ed24c9e"},"headline":"Demirta\u015f&#8217;tan a\u00e7\u0131klama: 13 insan\u0131m\u0131z\u0131n katledilmesini k\u0131n\u0131yorum","datePublished":"2021-02-19T06:41:52+00:00","mainEntityOfPage":{"@id":"https:\/\/akunq.net\/tr\/?p=61562"},"wordCount":213,"commentCount":0,"image":{"@id":"https:\/\/akunq.net\/tr\/?p=61562#primaryimage"},"thumbnailUrl":"https:\/\/akunq.net\/tr\/wp-content\/uploads\/sites\/6\/2021\/02\/Demirta\u015f.jpg","articleSection":["Haberler"],"inLanguage":"en-US","potentialAction":[{"@type":"CommentAction","name":"Comment","target":["https:\/\/akunq.net\/tr\/?p=61562#respond"]}]},{"@type":"WebPage","@id":"https:\/\/akunq.net\/tr\/?p=61562","url":"https:\/\/akunq.net\/tr\/?p=61562","name":"Demirta\u015f'tan a\u00e7\u0131klama: 13 insan\u0131m\u0131z\u0131n katledilmesini k\u0131n\u0131yorum - Bati Ermenistan Ve Bati Ermenileri Sorunlari Ara\u015ftirmalar Merkezi","isPartOf":{"@id":"https:\/\/akunq.net\/tr\/#website"},"primaryImageOfPage":{"@id":"https:\/\/akunq.net\/tr\/?p=61562#primaryimage"},"image":{"@id":"https:\/\/akunq.net\/tr\/?p=61562#primaryimage"},"thumbnailUrl":"https:\/\/akunq.net\/tr\/wp-content\/uploads\/sites\/6\/2021\/02\/Demirta\u015f.jpg","datePublished":"2021-02-19T06:41:52+00:00","author":{"@id":"https:\/\/akunq.net\/tr\/#\/schema\/person\/096f1d38a12cce57fb855b485ed24c9e"},"breadcrumb":{"@id":"https:\/\/akunq.net\/tr\/?p=61562#breadcrumb"},"inLanguage":"en-US","potentialAction":[{"@type":"ReadAction","target":["https:\/\/akunq.net\/tr\/?p=61562"]}]},{"@type":"ImageObject","inLanguage":"en-US","@id":"https:\/\/akunq.net\/tr\/?p=61562#primaryimage","url":"https:\/\/akunq.net\/tr\/wp-content\/uploads\/sites\/6\/2021\/02\/Demirta\u015f.jpg","contentUrl":"https:\/\/akunq.net\/tr\/wp-content\/uploads\/sites\/6\/2021\/02\/Demirta\u015f.jpg","width":1000,"height":541},{"@type":"BreadcrumbList","@id":"https:\/\/akunq.net\/tr\/?p=61562#breadcrumb","itemListElement":[{"@type":"ListItem","position":1,"name":"Home","item":"https:\/\/akunq.net\/tr"},{"@type":"ListItem","position":2,"name":"Demirta\u015f&#8217;tan a\u00e7\u0131klama: 13 insan\u0131m\u0131z\u0131n katledilmesini k\u0131n\u0131yorum"}]},{"@type":"WebSite","@id":"https:\/\/akunq.net\/tr\/#website","url":"https:\/\/akunq.net\/tr\/","name":"Bati Ermenistan Ve Bati Ermenileri Sorunlari Ara\u015ftirmalar Merkezi","description":"","potentialAction":[{"@type":"SearchAction","target":{"@type":"EntryPoint","urlTemplate":"https:\/\/akunq.net\/tr\/?s={search_term_string}"},"query-input":{"@type":"PropertyValueSpecification","valueRequired":true,"valueName":"search_term_string"}}],"inLanguage":"en-US"},{"@type":"Person","@id":"https:\/\/akunq.net\/tr\/#\/schema\/person\/096f1d38a12cce57fb855b485ed24c9e","name":"admin","url":"https:\/\/akunq.net\/tr\/?author=7"}]}},"_links":{"self":[{"href":"https:\/\/akunq.net\/tr\/index.php?rest_route=\/wp\/v2\/posts\/61562","targetHints":{"allow":["GET"]}}],"collection":[{"href":"https:\/\/akunq.net\/tr\/index.php?rest_route=\/wp\/v2\/posts"}],"about":[{"href":"https:\/\/akunq.net\/tr\/index.php?rest_route=\/wp\/v2\/types\/post"}],"author":[{"embeddable":true,"href":"https:\/\/akunq.net\/tr\/index.php?rest_route=\/wp\/v2\/users\/7"}],"replies":[{"embeddable":true,"href":"https:\/\/akunq.net\/tr\/index.php?rest_route=%2Fwp%2Fv2%2Fcomments&post=61562"}],"version-history":[{"count":1,"href":"https:\/\/akunq.net\/tr\/index.php?rest_route=\/wp\/v2\/posts\/61562\/revisions"}],"predecessor-version":[{"id":61564,"href":"https:\/\/akunq.net\/tr\/index.php?rest_route=\/wp\/v2\/posts\/61562\/revisions\/61564"}],"wp:featuredmedia":[{"embeddable":true,"href":"https:\/\/akunq.net\/tr\/index.php?rest_route=\/wp\/v2\/media\/61563"}],"wp:attachment":[{"href":"https:\/\/akunq.net\/tr\/index.php?rest_route=%2Fwp%2Fv2%2Fmedia&parent=61562"}],"wp:term":[{"taxonomy":"category","embeddable":true,"href":"https:\/\/akunq.net\/tr\/index.php?rest_route=%2Fwp%2Fv2%2Fcategories&post=61562"},{"taxonomy":"post_tag","embeddable":true,"href":"https:\/\/akunq.net\/tr\/index.php?rest_route=%2Fwp%2Fv2%2Ftags&post=61562"}],"curies":[{"name":"wp","href":"https:\/\/api.w.org\/{rel}","templated":true}]}}