{"id":61547,"date":"2021-02-18T03:19:19","date_gmt":"2021-02-18T08:19:19","guid":{"rendered":"https:\/\/akunq.net\/tr\/?p=61547"},"modified":"2021-02-18T03:19:19","modified_gmt":"2021-02-18T08:19:19","slug":"van-golunun-cekilmesiyle-batik-gemi-kalintilari-ortaya-cikti","status":"publish","type":"post","link":"https:\/\/akunq.net\/tr\/?p=61547","title":{"rendered":"Van G\u00f6l\u00fc\u2019n\u00fcn \u00e7ekilmesiyle bat\u0131k gemi kal\u0131nt\u0131lar\u0131 ortaya \u00e7\u0131kt\u0131"},"content":{"rendered":"<p><img loading=\"lazy\" decoding=\"async\" class=\"aligncenter size-medium wp-image-61548\" src=\"https:\/\/akunq.net\/tr\/wp-content\/uploads\/2021\/02\/Van-G\u00f6l\u00fc-360x203.jpg\" alt=\"\" width=\"360\" height=\"203\" srcset=\"https:\/\/akunq.net\/tr\/wp-content\/uploads\/sites\/6\/2021\/02\/Van-G\u00f6l\u00fc-360x203.jpg 360w, https:\/\/akunq.net\/tr\/wp-content\/uploads\/sites\/6\/2021\/02\/Van-G\u00f6l\u00fc-768x432.jpg 768w, https:\/\/akunq.net\/tr\/wp-content\/uploads\/sites\/6\/2021\/02\/Van-G\u00f6l\u00fc-560x315.jpg 560w, https:\/\/akunq.net\/tr\/wp-content\/uploads\/sites\/6\/2021\/02\/Van-G\u00f6l\u00fc-260x146.jpg 260w, https:\/\/akunq.net\/tr\/wp-content\/uploads\/sites\/6\/2021\/02\/Van-G\u00f6l\u00fc-160x90.jpg 160w, https:\/\/akunq.net\/tr\/wp-content\/uploads\/sites\/6\/2021\/02\/Van-G\u00f6l\u00fc.jpg 864w\" sizes=\"auto, (max-width: 360px) 100vw, 360px\" \/><\/p>\n<p><em><strong>Van G\u00f6l\u00fc\u2019nde y\u0131llar \u00f6nce batt\u0131\u011f\u0131 de\u011ferlendirilen gemiye ait kal\u0131nt\u0131lar, son zamanlarda ya\u015fanan \u00e7ekilme nedeniyle ortaya \u00e7\u0131kt\u0131.<\/strong><\/em><\/p>\n<p><strong>Necmettin Karaca<\/strong><\/p>\n<p>Hava \u015fartlar\u0131na ba\u011fl\u0131 olarak su seviyesinde belirli periyotlarda de\u011fi\u015fimin ya\u015fand\u0131\u011f\u0131 Van G\u00f6l\u00fc\u2019n\u00fcn k\u0131y\u0131 kesimlerinde k\u00fcresel \u0131s\u0131nma nedeniyle \u00e7ekilme g\u00f6r\u00fcl\u00fcyor.<\/p>\n<p>\u00c7ekilme nedeniyle daha \u00f6nce vatanda\u015flar\u0131n tapulu arazileri, bal\u0131k\u00e7\u0131 tekneleri, Sel\u00e7uklu ve Osmanl\u0131 d\u00f6nemlerine ait oldu\u011fu de\u011ferlendirilen mezarlar, kale s\u00fctunlar\u0131, \u00e7e\u015fitli motiflerin i\u015flendi\u011fi ta\u015flar ile binlerce y\u0131lda olu\u015fan mikrobiyalitlerin g\u00f6r\u00fcl\u00fcr hale gelmesinin ard\u0131ndan bir bat\u0131k gemi de g\u00fcn y\u00fcz\u00fcne \u00e7\u0131kt\u0131.<\/p>\n<p>Muradiye il\u00e7esine ba\u011fl\u0131 \u00dcnseli Mahallesi sahilinde suyun \u00e7ekilmesiyle ortaya \u00e7\u0131kan bat\u0131k gemiyi g\u00f6rmek isteyen foto\u011fraf tutkunlar\u0131 ile vatanda\u015flar, b\u00f6lgeye gelmeye ba\u015flad\u0131.<\/p>\n<p><strong>\u201cDi\u011fer bat\u0131k gemilerle benzer \u00f6zelliklere sahip\u201d<\/strong><\/p>\n<p>Van Y\u00fcz\u00fcnc\u00fc Y\u0131l \u00dcniversitesi Su \u00dcr\u00fcnleri Fak\u00fcltesi Doktor \u00d6\u011fretim \u00dcyesi Mustafa Akku\u015f, AA muhabirine yapt\u0131\u011f\u0131 a\u00e7\u0131klamada, g\u00f6ldeki su seviyesinin \u00e7e\u015fitli nedenle zaman zaman de\u011fi\u015fiklik g\u00f6sterebildi\u011fini s\u00f6yledi.<\/p>\n<p>Bu de\u011fi\u015fikli\u011fe ba\u011fl\u0131 olarak su alt\u0131ndaki baz\u0131 yap\u0131lar\u0131n g\u00fcn y\u00fcz\u00fcne \u00e7\u0131kt\u0131\u011f\u0131n\u0131 belirten Akku\u015f, bat\u0131k geminin de bunlardan biri oldu\u011funu aktard\u0131.<\/p>\n<p>T\u00fcrkiye\u2019nin en b\u00fcy\u00fck g\u00f6l\u00fc olan Van G\u00f6l\u00fc\u2019n\u00fcn tarih boyunca uygarl\u0131klar\u0131n hep u\u011frak noktas\u0131 oldu\u011funu ifade eden Akku\u015f, g\u00f6l\u00fcn do\u011fu ile bat\u0131 aras\u0131nda bir ge\u00e7i\u015f noktas\u0131 oldu\u011funa dikkati \u00e7ekti.<\/p>\n<p>B\u00f6lgeyi hakimiyeti alt\u0131na alanlar\u0131n b\u00fcy\u00fck avantaj elde etti\u011fini anlatan Akku\u015f, \u015funlar\u0131 belirtti:<\/p>\n<p>\u201cMuradiye il\u00e7esinin \u00dcnseli Mahallesi\u2019nde Ruslar taraf\u0131ndan 3 devasa gemi in\u015fa ediliyor. Bunlardan biri olan Akdamar gemisi bulunmu\u015ftu. Akdamar bat\u0131\u011f\u0131yla bu geminin benzer \u00f6zelikleri var. \u015eekil, yap\u0131m ve per\u00e7inleme tekni\u011finin ayn\u0131 \u015fekilde oldu\u011funu g\u00f6r\u00fcyoruz. \u00d6nceden dal\u0131\u015f yapan arkada\u015flar\u0131m\u0131z su alt\u0131nda g\u00f6r\u00fcnt\u00fcleme \u015fans\u0131 bulmu\u015flard\u0131 ama g\u00f6l suyunun \u00e7ekilmesiyle bat\u0131k gemi g\u00fcn y\u00fcz\u00fcne \u00e7\u0131kt\u0131.\u201d<\/p>\n<p><strong>\u201cGemiyi foto\u011fraflayarak kay\u0131t alt\u0131na ald\u0131k\u201d<\/strong><br \/>\nMuradiye Milli E\u011fitim M\u00fcd\u00fcr\u00fc Y\u00fcksel Zorlu ise suyun \u00e7ekilmesiyle bat\u0131k gemiyi g\u00f6rme f\u0131rsat\u0131 bulduklar\u0131n\u0131 dile getirdi.<\/p>\n<p>Gemiyi foto\u011fraflayarak kay\u0131t alt\u0131na ald\u0131klar\u0131n\u0131 aktaran Zorlu, \u201cG\u00f6l sular\u0131 tekrardan y\u00fckselirse g\u00f6rme \u015fans\u0131m\u0131z olmazd\u0131. Geminin \u00fcst\u00fcne \u00e7\u0131kt\u0131\u011f\u0131m\u0131zda motor par\u00e7alar\u0131n\u0131n ve bir\u00e7ok \u015feyin halen i\u00e7inde oldu\u011funu g\u00f6rd\u00fck. Bu il\u00e7emiz i\u00e7in \u00e7ok \u00f6nemli. Bunu \u00f6nceden dal\u0131\u015f yapanlar g\u00f6rebiliyordu art\u0131k vatanda\u015flar da g\u00f6rebiliyor. T\u00fcm merakl\u0131lar\u0131n\u0131 il\u00e7emize bekliyoruz.\u201d diye konu\u015ftu.<\/p>\n<p><em><strong>https:\/\/www.aa.com.tr\/tr\/turkiye\/van-golunun-cekilmesiyle-batik-gemi-kalintilari-ortaya-cikti\/2147674\u00a0<\/strong><\/em><\/p>\n","protected":false},"excerpt":{"rendered":"<p>Van G\u00f6l\u00fc\u2019nde y\u0131llar \u00f6nce batt\u0131\u011f\u0131 de\u011ferlendirilen gemiye ait kal\u0131nt\u0131lar, son zamanlarda ya\u015fanan \u00e7ekilme nedeniyle ortaya \u00e7\u0131kt\u0131. Necmettin Karaca Hava \u015fartlar\u0131na ba\u011fl\u0131 olarak su seviyesinde belirli periyotlarda de\u011fi\u015fimin ya\u015fand\u0131\u011f\u0131 Van G\u00f6l\u00fc\u2019n\u00fcn k\u0131y\u0131 kesimlerinde k\u00fcresel \u0131s\u0131nma nedeniyle \u00e7ekilme g\u00f6r\u00fcl\u00fcyor. \u00c7ekilme nedeniyle daha \u00f6nce vatanda\u015flar\u0131n tapulu arazileri, bal\u0131k\u00e7\u0131 tekneleri, Sel\u00e7uklu ve Osmanl\u0131 d\u00f6nemlerine ait oldu\u011fu de\u011ferlendirilen mezarlar, kale [&hellip;]<\/p>\n","protected":false},"author":7,"featured_media":61548,"comment_status":"open","ping_status":"open","sticky":false,"template":"","format":"standard","meta":{"footnotes":""},"categories":[22,1],"tags":[],"class_list":["post-61547","post","type-post","status-publish","format-standard","has-post-thumbnail","hentry","category-gunumuzde-bati-ermenistan","category-haberler"],"yoast_head":"<!-- This site is optimized with the Yoast SEO plugin v27.4 - https:\/\/yoast.com\/product\/yoast-seo-wordpress\/ -->\n<title>Van G\u00f6l\u00fc\u2019n\u00fcn \u00e7ekilmesiyle bat\u0131k gemi kal\u0131nt\u0131lar\u0131 ortaya \u00e7\u0131kt\u0131 - Bati Ermenistan Ve Bati Ermenileri Sorunlari Ara\u015ftirmalar Merkezi<\/title>\n<meta name=\"robots\" content=\"index, follow, max-snippet:-1, max-image-preview:large, max-video-preview:-1\" \/>\n<link rel=\"canonical\" href=\"https:\/\/akunq.net\/tr\/?p=61547\" \/>\n<meta property=\"og:locale\" content=\"en_US\" \/>\n<meta property=\"og:type\" content=\"article\" \/>\n<meta property=\"og:title\" content=\"Van G\u00f6l\u00fc\u2019n\u00fcn \u00e7ekilmesiyle bat\u0131k gemi kal\u0131nt\u0131lar\u0131 ortaya \u00e7\u0131kt\u0131 - Bati Ermenistan Ve Bati Ermenileri Sorunlari Ara\u015ftirmalar Merkezi\" \/>\n<meta property=\"og:description\" content=\"Van G\u00f6l\u00fc\u2019nde y\u0131llar \u00f6nce batt\u0131\u011f\u0131 de\u011ferlendirilen gemiye ait kal\u0131nt\u0131lar, son zamanlarda ya\u015fanan \u00e7ekilme nedeniyle ortaya \u00e7\u0131kt\u0131. Necmettin Karaca Hava \u015fartlar\u0131na ba\u011fl\u0131 olarak su seviyesinde belirli periyotlarda de\u011fi\u015fimin ya\u015fand\u0131\u011f\u0131 Van G\u00f6l\u00fc\u2019n\u00fcn k\u0131y\u0131 kesimlerinde k\u00fcresel \u0131s\u0131nma nedeniyle \u00e7ekilme g\u00f6r\u00fcl\u00fcyor. \u00c7ekilme nedeniyle daha \u00f6nce vatanda\u015flar\u0131n tapulu arazileri, bal\u0131k\u00e7\u0131 tekneleri, Sel\u00e7uklu ve Osmanl\u0131 d\u00f6nemlerine ait oldu\u011fu de\u011ferlendirilen mezarlar, kale [&hellip;]\" \/>\n<meta property=\"og:url\" content=\"https:\/\/akunq.net\/tr\/?p=61547\" \/>\n<meta property=\"og:site_name\" content=\"Bati Ermenistan Ve Bati Ermenileri Sorunlari Ara\u015ftirmalar Merkezi\" \/>\n<meta property=\"article:published_time\" content=\"2021-02-18T08:19:19+00:00\" \/>\n<meta property=\"og:image\" content=\"https:\/\/akunq.net\/tr\/wp-content\/uploads\/sites\/6\/2021\/02\/Van-G\u00f6l\u00fc.jpg\" \/>\n\t<meta property=\"og:image:width\" content=\"864\" \/>\n\t<meta property=\"og:image:height\" content=\"486\" \/>\n\t<meta property=\"og:image:type\" content=\"image\/jpeg\" \/>\n<meta name=\"author\" content=\"admin\" \/>\n<meta name=\"twitter:card\" content=\"summary_large_image\" \/>\n<meta name=\"twitter:label1\" content=\"Written by\" \/>\n\t<meta name=\"twitter:data1\" content=\"admin\" \/>\n\t<meta name=\"twitter:label2\" content=\"Est. reading time\" \/>\n\t<meta name=\"twitter:data2\" content=\"2 minutes\" \/>\n<script type=\"application\/ld+json\" class=\"yoast-schema-graph\">{\"@context\":\"https:\\\/\\\/schema.org\",\"@graph\":[{\"@type\":\"Article\",\"@id\":\"https:\\\/\\\/akunq.net\\\/tr\\\/?p=61547#article\",\"isPartOf\":{\"@id\":\"https:\\\/\\\/akunq.net\\\/tr\\\/?p=61547\"},\"author\":{\"name\":\"admin\",\"@id\":\"https:\\\/\\\/akunq.net\\\/tr\\\/#\\\/schema\\\/person\\\/096f1d38a12cce57fb855b485ed24c9e\"},\"headline\":\"Van G\u00f6l\u00fc\u2019n\u00fcn \u00e7ekilmesiyle bat\u0131k gemi kal\u0131nt\u0131lar\u0131 ortaya \u00e7\u0131kt\u0131\",\"datePublished\":\"2021-02-18T08:19:19+00:00\",\"mainEntityOfPage\":{\"@id\":\"https:\\\/\\\/akunq.net\\\/tr\\\/?p=61547\"},\"wordCount\":500,\"commentCount\":0,\"image\":{\"@id\":\"https:\\\/\\\/akunq.net\\\/tr\\\/?p=61547#primaryimage\"},\"thumbnailUrl\":\"https:\\\/\\\/akunq.net\\\/tr\\\/wp-content\\\/uploads\\\/sites\\\/6\\\/2021\\\/02\\\/Van-G\u00f6l\u00fc.jpg\",\"articleSection\":[\"G\u00fcn\u00fcm\u00fczde Bat\u0131 Ermenistan\",\"Haberler\"],\"inLanguage\":\"en-US\",\"potentialAction\":[{\"@type\":\"CommentAction\",\"name\":\"Comment\",\"target\":[\"https:\\\/\\\/akunq.net\\\/tr\\\/?p=61547#respond\"]}]},{\"@type\":\"WebPage\",\"@id\":\"https:\\\/\\\/akunq.net\\\/tr\\\/?p=61547\",\"url\":\"https:\\\/\\\/akunq.net\\\/tr\\\/?p=61547\",\"name\":\"Van G\u00f6l\u00fc\u2019n\u00fcn \u00e7ekilmesiyle bat\u0131k gemi kal\u0131nt\u0131lar\u0131 ortaya \u00e7\u0131kt\u0131 - Bati Ermenistan Ve Bati Ermenileri Sorunlari Ara\u015ftirmalar Merkezi\",\"isPartOf\":{\"@id\":\"https:\\\/\\\/akunq.net\\\/tr\\\/#website\"},\"primaryImageOfPage\":{\"@id\":\"https:\\\/\\\/akunq.net\\\/tr\\\/?p=61547#primaryimage\"},\"image\":{\"@id\":\"https:\\\/\\\/akunq.net\\\/tr\\\/?p=61547#primaryimage\"},\"thumbnailUrl\":\"https:\\\/\\\/akunq.net\\\/tr\\\/wp-content\\\/uploads\\\/sites\\\/6\\\/2021\\\/02\\\/Van-G\u00f6l\u00fc.jpg\",\"datePublished\":\"2021-02-18T08:19:19+00:00\",\"author\":{\"@id\":\"https:\\\/\\\/akunq.net\\\/tr\\\/#\\\/schema\\\/person\\\/096f1d38a12cce57fb855b485ed24c9e\"},\"breadcrumb\":{\"@id\":\"https:\\\/\\\/akunq.net\\\/tr\\\/?p=61547#breadcrumb\"},\"inLanguage\":\"en-US\",\"potentialAction\":[{\"@type\":\"ReadAction\",\"target\":[\"https:\\\/\\\/akunq.net\\\/tr\\\/?p=61547\"]}]},{\"@type\":\"ImageObject\",\"inLanguage\":\"en-US\",\"@id\":\"https:\\\/\\\/akunq.net\\\/tr\\\/?p=61547#primaryimage\",\"url\":\"https:\\\/\\\/akunq.net\\\/tr\\\/wp-content\\\/uploads\\\/sites\\\/6\\\/2021\\\/02\\\/Van-G\u00f6l\u00fc.jpg\",\"contentUrl\":\"https:\\\/\\\/akunq.net\\\/tr\\\/wp-content\\\/uploads\\\/sites\\\/6\\\/2021\\\/02\\\/Van-G\u00f6l\u00fc.jpg\",\"width\":864,\"height\":486},{\"@type\":\"BreadcrumbList\",\"@id\":\"https:\\\/\\\/akunq.net\\\/tr\\\/?p=61547#breadcrumb\",\"itemListElement\":[{\"@type\":\"ListItem\",\"position\":1,\"name\":\"Home\",\"item\":\"https:\\\/\\\/akunq.net\\\/tr\"},{\"@type\":\"ListItem\",\"position\":2,\"name\":\"Van G\u00f6l\u00fc\u2019n\u00fcn \u00e7ekilmesiyle bat\u0131k gemi kal\u0131nt\u0131lar\u0131 ortaya \u00e7\u0131kt\u0131\"}]},{\"@type\":\"WebSite\",\"@id\":\"https:\\\/\\\/akunq.net\\\/tr\\\/#website\",\"url\":\"https:\\\/\\\/akunq.net\\\/tr\\\/\",\"name\":\"Bati Ermenistan Ve Bati Ermenileri Sorunlari Ara\u015ftirmalar Merkezi\",\"description\":\"\",\"potentialAction\":[{\"@type\":\"SearchAction\",\"target\":{\"@type\":\"EntryPoint\",\"urlTemplate\":\"https:\\\/\\\/akunq.net\\\/tr\\\/?s={search_term_string}\"},\"query-input\":{\"@type\":\"PropertyValueSpecification\",\"valueRequired\":true,\"valueName\":\"search_term_string\"}}],\"inLanguage\":\"en-US\"},{\"@type\":\"Person\",\"@id\":\"https:\\\/\\\/akunq.net\\\/tr\\\/#\\\/schema\\\/person\\\/096f1d38a12cce57fb855b485ed24c9e\",\"name\":\"admin\",\"url\":\"https:\\\/\\\/akunq.net\\\/tr\\\/?author=7\"}]}<\/script>\n<!-- \/ Yoast SEO plugin. -->","yoast_head_json":{"title":"Van G\u00f6l\u00fc\u2019n\u00fcn \u00e7ekilmesiyle bat\u0131k gemi kal\u0131nt\u0131lar\u0131 ortaya \u00e7\u0131kt\u0131 - Bati Ermenistan Ve Bati Ermenileri Sorunlari Ara\u015ftirmalar Merkezi","robots":{"index":"index","follow":"follow","max-snippet":"max-snippet:-1","max-image-preview":"max-image-preview:large","max-video-preview":"max-video-preview:-1"},"canonical":"https:\/\/akunq.net\/tr\/?p=61547","og_locale":"en_US","og_type":"article","og_title":"Van G\u00f6l\u00fc\u2019n\u00fcn \u00e7ekilmesiyle bat\u0131k gemi kal\u0131nt\u0131lar\u0131 ortaya \u00e7\u0131kt\u0131 - Bati Ermenistan Ve Bati Ermenileri Sorunlari Ara\u015ftirmalar Merkezi","og_description":"Van G\u00f6l\u00fc\u2019nde y\u0131llar \u00f6nce batt\u0131\u011f\u0131 de\u011ferlendirilen gemiye ait kal\u0131nt\u0131lar, son zamanlarda ya\u015fanan \u00e7ekilme nedeniyle ortaya \u00e7\u0131kt\u0131. Necmettin Karaca Hava \u015fartlar\u0131na ba\u011fl\u0131 olarak su seviyesinde belirli periyotlarda de\u011fi\u015fimin ya\u015fand\u0131\u011f\u0131 Van G\u00f6l\u00fc\u2019n\u00fcn k\u0131y\u0131 kesimlerinde k\u00fcresel \u0131s\u0131nma nedeniyle \u00e7ekilme g\u00f6r\u00fcl\u00fcyor. \u00c7ekilme nedeniyle daha \u00f6nce vatanda\u015flar\u0131n tapulu arazileri, bal\u0131k\u00e7\u0131 tekneleri, Sel\u00e7uklu ve Osmanl\u0131 d\u00f6nemlerine ait oldu\u011fu de\u011ferlendirilen mezarlar, kale [&hellip;]","og_url":"https:\/\/akunq.net\/tr\/?p=61547","og_site_name":"Bati Ermenistan Ve Bati Ermenileri Sorunlari Ara\u015ftirmalar Merkezi","article_published_time":"2021-02-18T08:19:19+00:00","og_image":[{"width":864,"height":486,"url":"https:\/\/akunq.net\/tr\/wp-content\/uploads\/sites\/6\/2021\/02\/Van-G\u00f6l\u00fc.jpg","type":"image\/jpeg"}],"author":"admin","twitter_card":"summary_large_image","twitter_misc":{"Written by":"admin","Est. reading time":"2 minutes"},"schema":{"@context":"https:\/\/schema.org","@graph":[{"@type":"Article","@id":"https:\/\/akunq.net\/tr\/?p=61547#article","isPartOf":{"@id":"https:\/\/akunq.net\/tr\/?p=61547"},"author":{"name":"admin","@id":"https:\/\/akunq.net\/tr\/#\/schema\/person\/096f1d38a12cce57fb855b485ed24c9e"},"headline":"Van G\u00f6l\u00fc\u2019n\u00fcn \u00e7ekilmesiyle bat\u0131k gemi kal\u0131nt\u0131lar\u0131 ortaya \u00e7\u0131kt\u0131","datePublished":"2021-02-18T08:19:19+00:00","mainEntityOfPage":{"@id":"https:\/\/akunq.net\/tr\/?p=61547"},"wordCount":500,"commentCount":0,"image":{"@id":"https:\/\/akunq.net\/tr\/?p=61547#primaryimage"},"thumbnailUrl":"https:\/\/akunq.net\/tr\/wp-content\/uploads\/sites\/6\/2021\/02\/Van-G\u00f6l\u00fc.jpg","articleSection":["G\u00fcn\u00fcm\u00fczde Bat\u0131 Ermenistan","Haberler"],"inLanguage":"en-US","potentialAction":[{"@type":"CommentAction","name":"Comment","target":["https:\/\/akunq.net\/tr\/?p=61547#respond"]}]},{"@type":"WebPage","@id":"https:\/\/akunq.net\/tr\/?p=61547","url":"https:\/\/akunq.net\/tr\/?p=61547","name":"Van G\u00f6l\u00fc\u2019n\u00fcn \u00e7ekilmesiyle bat\u0131k gemi kal\u0131nt\u0131lar\u0131 ortaya \u00e7\u0131kt\u0131 - Bati Ermenistan Ve Bati Ermenileri Sorunlari Ara\u015ftirmalar Merkezi","isPartOf":{"@id":"https:\/\/akunq.net\/tr\/#website"},"primaryImageOfPage":{"@id":"https:\/\/akunq.net\/tr\/?p=61547#primaryimage"},"image":{"@id":"https:\/\/akunq.net\/tr\/?p=61547#primaryimage"},"thumbnailUrl":"https:\/\/akunq.net\/tr\/wp-content\/uploads\/sites\/6\/2021\/02\/Van-G\u00f6l\u00fc.jpg","datePublished":"2021-02-18T08:19:19+00:00","author":{"@id":"https:\/\/akunq.net\/tr\/#\/schema\/person\/096f1d38a12cce57fb855b485ed24c9e"},"breadcrumb":{"@id":"https:\/\/akunq.net\/tr\/?p=61547#breadcrumb"},"inLanguage":"en-US","potentialAction":[{"@type":"ReadAction","target":["https:\/\/akunq.net\/tr\/?p=61547"]}]},{"@type":"ImageObject","inLanguage":"en-US","@id":"https:\/\/akunq.net\/tr\/?p=61547#primaryimage","url":"https:\/\/akunq.net\/tr\/wp-content\/uploads\/sites\/6\/2021\/02\/Van-G\u00f6l\u00fc.jpg","contentUrl":"https:\/\/akunq.net\/tr\/wp-content\/uploads\/sites\/6\/2021\/02\/Van-G\u00f6l\u00fc.jpg","width":864,"height":486},{"@type":"BreadcrumbList","@id":"https:\/\/akunq.net\/tr\/?p=61547#breadcrumb","itemListElement":[{"@type":"ListItem","position":1,"name":"Home","item":"https:\/\/akunq.net\/tr"},{"@type":"ListItem","position":2,"name":"Van G\u00f6l\u00fc\u2019n\u00fcn \u00e7ekilmesiyle bat\u0131k gemi kal\u0131nt\u0131lar\u0131 ortaya \u00e7\u0131kt\u0131"}]},{"@type":"WebSite","@id":"https:\/\/akunq.net\/tr\/#website","url":"https:\/\/akunq.net\/tr\/","name":"Bati Ermenistan Ve Bati Ermenileri Sorunlari Ara\u015ftirmalar Merkezi","description":"","potentialAction":[{"@type":"SearchAction","target":{"@type":"EntryPoint","urlTemplate":"https:\/\/akunq.net\/tr\/?s={search_term_string}"},"query-input":{"@type":"PropertyValueSpecification","valueRequired":true,"valueName":"search_term_string"}}],"inLanguage":"en-US"},{"@type":"Person","@id":"https:\/\/akunq.net\/tr\/#\/schema\/person\/096f1d38a12cce57fb855b485ed24c9e","name":"admin","url":"https:\/\/akunq.net\/tr\/?author=7"}]}},"_links":{"self":[{"href":"https:\/\/akunq.net\/tr\/index.php?rest_route=\/wp\/v2\/posts\/61547","targetHints":{"allow":["GET"]}}],"collection":[{"href":"https:\/\/akunq.net\/tr\/index.php?rest_route=\/wp\/v2\/posts"}],"about":[{"href":"https:\/\/akunq.net\/tr\/index.php?rest_route=\/wp\/v2\/types\/post"}],"author":[{"embeddable":true,"href":"https:\/\/akunq.net\/tr\/index.php?rest_route=\/wp\/v2\/users\/7"}],"replies":[{"embeddable":true,"href":"https:\/\/akunq.net\/tr\/index.php?rest_route=%2Fwp%2Fv2%2Fcomments&post=61547"}],"version-history":[{"count":1,"href":"https:\/\/akunq.net\/tr\/index.php?rest_route=\/wp\/v2\/posts\/61547\/revisions"}],"predecessor-version":[{"id":61549,"href":"https:\/\/akunq.net\/tr\/index.php?rest_route=\/wp\/v2\/posts\/61547\/revisions\/61549"}],"wp:featuredmedia":[{"embeddable":true,"href":"https:\/\/akunq.net\/tr\/index.php?rest_route=\/wp\/v2\/media\/61548"}],"wp:attachment":[{"href":"https:\/\/akunq.net\/tr\/index.php?rest_route=%2Fwp%2Fv2%2Fmedia&parent=61547"}],"wp:term":[{"taxonomy":"category","embeddable":true,"href":"https:\/\/akunq.net\/tr\/index.php?rest_route=%2Fwp%2Fv2%2Fcategories&post=61547"},{"taxonomy":"post_tag","embeddable":true,"href":"https:\/\/akunq.net\/tr\/index.php?rest_route=%2Fwp%2Fv2%2Ftags&post=61547"}],"curies":[{"name":"wp","href":"https:\/\/api.w.org\/{rel}","templated":true}]}}