{"id":61541,"date":"2021-02-18T01:41:47","date_gmt":"2021-02-18T06:41:47","guid":{"rendered":"https:\/\/akunq.net\/tr\/?p=61541"},"modified":"2021-02-18T01:41:47","modified_gmt":"2021-02-18T06:41:47","slug":"anadolu-kultur-hakkimizda-acilan-fesih-davasi-hukuksuzdur","status":"publish","type":"post","link":"https:\/\/akunq.net\/tr\/?p=61541","title":{"rendered":"Anadolu K\u00fclt\u00fcr: Hakk\u0131m\u0131zda a\u00e7\u0131lan fesih davas\u0131 hukuksuzdur"},"content":{"rendered":"<p><img loading=\"lazy\" decoding=\"async\" class=\"aligncenter size-medium wp-image-61542\" src=\"https:\/\/akunq.net\/tr\/wp-content\/uploads\/2021\/02\/Anadolu-K\u00fclt\u00fcr-360x178.jpg\" alt=\"\" width=\"360\" height=\"178\" srcset=\"https:\/\/akunq.net\/tr\/wp-content\/uploads\/sites\/6\/2021\/02\/Anadolu-K\u00fclt\u00fcr-360x178.jpg 360w, https:\/\/akunq.net\/tr\/wp-content\/uploads\/sites\/6\/2021\/02\/Anadolu-K\u00fclt\u00fcr-560x277.jpg 560w, https:\/\/akunq.net\/tr\/wp-content\/uploads\/sites\/6\/2021\/02\/Anadolu-K\u00fclt\u00fcr-260x129.jpg 260w, https:\/\/akunq.net\/tr\/wp-content\/uploads\/sites\/6\/2021\/02\/Anadolu-K\u00fclt\u00fcr-160x79.jpg 160w, https:\/\/akunq.net\/tr\/wp-content\/uploads\/sites\/6\/2021\/02\/Anadolu-K\u00fclt\u00fcr.jpg 718w\" sizes=\"auto, (max-width: 360px) 100vw, 360px\" \/><\/p>\n<p><em><strong>\u00dc\u00e7 y\u0131l\u0131 a\u015fk\u0131n bir s\u00fcredir hapiste tutulan Osman Kavala&#8217;n\u0131n y\u00f6neticisi oldu\u011fu sivil toplum kurulu\u015fu Anadolu K\u00fclt\u00fcr hakk\u0131nda kapatma davas\u0131 a\u00e7\u0131lmas\u0131 \u00fczerine kurumdan bir a\u00e7\u0131klama yap\u0131ld\u0131. A\u00e7\u0131klamada &#8220;Bu dava, MASAK taraf\u0131ndan yap\u0131lan incelemede, \u015firketimiz hesaplar\u0131nda Ceza Kanunlar\u0131 kapsam\u0131nda su\u00e7 say\u0131lan herhangi bir hususa rastlanmam\u0131\u015f olmas\u0131 nedeniyle, adeta \u201cicat edilmi\u015f\u201d ve y\u00fcr\u00fcrl\u00fc\u011fe sokulmu\u015ftur&#8221; dendi.<\/strong><\/em><\/p>\n<p><em>Kurumdan yap\u0131lan a\u00e7\u0131klama \u015f\u00f6yle:<\/em><\/p>\n<p>&#8220;Ge\u00e7ti\u011fimiz g\u00fcnlerde baz\u0131 medya organlar\u0131nda Anadolu K\u00fclt\u00fcr\u2019\u00fc hedef alan yalan, tek tarafl\u0131 ve hukuka ayk\u0131r\u0131 haberler \u00fczerine, a\u015fa\u011f\u0131daki yaz\u0131l\u0131 a\u00e7\u0131klamay\u0131 yapma mecburiyeti do\u011fmu\u015ftur.<\/p>\n<p>\u00d6ncelikle belirtmek gerekir ki, s\u00f6z konusu haberlere konu olan dava, T\u00fcrkiye Cumhuriyeti tarihinde, bir \u015firkete &#8216;faaliyetini dernek ve vak\u0131flara benzer \u015fekilde, k\u00e2r amac\u0131 g\u00fctmeden y\u00fcr\u00fctt\u00fc\u011f\u00fc&#8217; gerek\u00e7esiyle a\u00e7\u0131lan ilk dava olma \u00f6zelli\u011fi ta\u015f\u0131maktad\u0131r. Kas\u0131tl\u0131 olarak s\u0131zd\u0131r\u0131lan haberler ise, i\u00e7i bo\u015f, delillerden yoksun dava dosyas\u0131na gazete kup\u00fcr\u00fc bi\u00e7iminde, s\u00f6zde &#8220;deliller&#8221; sunmak amac\u0131yla &#8220;d\u00fczenlenmi\u015ftir&#8221;. Anadolu K\u00fclt\u00fcr A.\u015e.\u2019ye kar\u015f\u0131 a\u00e7\u0131lan fesih davas\u0131 tamamen hukuksuzdur. Bu dava, Hazine ve Maliye Bakanl\u0131\u011f\u0131 Mali Su\u00e7lar\u0131 Ara\u015ft\u0131rma Kurulu Ba\u015fkanl\u0131\u011f\u0131 (MASAK) taraf\u0131ndan yap\u0131lan incelemede, \u015firketimiz hesaplar\u0131nda Ceza Kanunlar\u0131 kapsam\u0131nda su\u00e7 say\u0131lan herhangi bir hususa rastlanmam\u0131\u015f olmas\u0131 nedeniyle, adeta \u201cicat edilmi\u015f\u201d ve y\u00fcr\u00fcrl\u00fc\u011fe sokulmu\u015ftur.<\/p>\n<p>Anadolu K\u00fclt\u00fcr hakk\u0131ndaki ara\u015ft\u0131rmalar\u0131n ve denetlemelerin seyri \u015f\u00f6yle cereyan etmi\u015ftir:\u201cGezi Olaylar\u0131 Soru\u015fturmas\u0131\u201d kapsam\u0131nda yapt\u0131\u011f\u0131 incelemede Ceza Kanunlar\u0131 a\u00e7\u0131s\u0131ndan \u015firketimizin su\u00e7 i\u015flemi\u015f oldu\u011funa dair herhangi bir bulguya rastlamayan MASAK, bunun \u00fczerine, \u201c\u015firketin faaliyetlerinin bir \u015firket kapsam\u0131nda ele al\u0131n\u0131p al\u0131namayaca\u011f\u0131n\u0131n\u201d Ticaret Bakanl\u0131\u011f\u0131 taraf\u0131ndan ara\u015ft\u0131r\u0131lmas\u0131n\u0131 istemi\u015ftir. Bu ara\u015ft\u0131rma ba\u015flat\u0131ld\u0131\u011f\u0131nda, \u015firkete ait son on y\u0131l\u0131n b\u00fct\u00fcn muhasebe kay\u0131tlar\u0131, banka kay\u0131tlar\u0131, ayr\u0131ca istenen di\u011fer t\u00fcm ilgili belgeler, raporlar ve a\u00e7\u0131klamalar Ticaret Bakanl\u0131\u011f\u0131 m\u00fcfetti\u015flerine eksiksiz olarak sunulmu\u015ftur.<\/p>\n<p>Bu denetlemenin ard\u0131ndan, Ticaret Bakanl\u0131\u011f\u0131 taraf\u0131ndan, Anadolu K\u00fclt\u00fcr A.\u015e.\u2019nin \u201cekonomik ama\u00e7 ve konular i\u00e7in kuruldu\u011fu, ancak gelirinin b\u00fcy\u00fck k\u0131sm\u0131n\u0131n yurti\u00e7i ve yurtd\u0131\u015f\u0131 kurum\/kurulu\u015f ve ki\u015filer taraf\u0131ndan ba\u011f\u0131\u015f, hibe vb. fonlarla sa\u011flayarak faaliyetini dernek ve vak\u0131flara benzer \u015fekilde y\u00fcr\u00fctt\u00fc\u011f\u00fc\u201d iddias\u0131 ile TTK 210\/3 maddesi gere\u011fince fesih davas\u0131 a\u00e7\u0131lm\u0131\u015ft\u0131r.<\/p>\n<p>Bu dava dosyas\u0131ndan hareketle baz\u0131 yay\u0131n organlar\u0131, Anadolu K\u00fclt\u00fcr\u2019\u00fcn \u201cyurt d\u0131\u015f\u0131ndan fonland\u0131\u011f\u0131\u201d, \u201cbir sermaye \u015firketinin temel ama\u00e7 ve yap\u0131s\u0131na ayk\u0131r\u0131 hareket etti\u011fi\u201d, faaliyetleri ile ilgili \u201ch\u00fck\u00fcmete y\u00f6nelik uluslararas\u0131 tepkilerin yo\u011funla\u015fmas\u0131n\u0131\u201d ama\u00e7lad\u0131\u011f\u0131, \u201cdenetimden ka\u00e7mak i\u00e7in \u015firket yap\u0131s\u0131\u201dn\u0131 kulland\u0131\u011f\u0131 gibi temelsiz, \u015firketimiz hakk\u0131nda \u015faibe yaratmay\u0131 ama\u00e7layan, bir k\u0131sm\u0131 ilgili dosyada dahi bulunmayan kas\u0131tl\u0131 iddialar ileri s\u00fcrmektedir.<\/p>\n<p>Bu iddialar kar\u015f\u0131s\u0131nda, kamuoyunun a\u015fa\u011f\u0131daki hususlar\u0131 bilmesi elzemdir:<\/p>\n<p>\u00b7 Anadolu K\u00fclt\u00fcr A.\u015e. 2002 y\u0131l\u0131nda T\u00fcrk Ticaret Kanunu h\u00fck\u00fcmlerine uygun \u015fekilde kurulmu\u015f, ana s\u00f6zle\u015fmesi Ticaret Bakanl\u0131\u011f\u0131 taraf\u0131ndan onaylanm\u0131\u015f, tescil edilmi\u015f ve Ticaret Sicili Gazetesinde ilan edilmi\u015ftir.<\/p>\n<p>\u00b7 T\u00fcrk Ticaret mevzuat\u0131nda \u015firketlerin sponsorluk yoluyla fon sa\u011flamas\u0131n\u0131 engelleyen hi\u00e7bir yasal k\u0131s\u0131tlama yoktur.<\/p>\n<p>\u00b7 Anadolu K\u00fclt\u00fcr taraf\u0131ndan bug\u00fcne kadar sponsorluk yoluyla temin edilen fonlar, banka vas\u0131tas\u0131yla transfer edilmi\u015ftir ve MASAK, Anadolu K\u00fclt\u00fcr\u2019\u00fcn mali kay\u0131tlar\u0131n\u0131n banka kay\u0131tlar\u0131na uygunlu\u011funu tespit etmi\u015ftir.<\/p>\n<p>\u00b7 Anadolu K\u00fclt\u00fcr\u2019\u00fcn faaliyetlerini destekleyen sponsorlar\u0131n her biri k\u00f6kl\u00fc bir ge\u00e7mi\u015fe sahip, d\u00fcnya \u00f6l\u00e7e\u011finde faaliyet g\u00f6steren, \u00e7al\u0131\u015fmalar\u0131 uluslararas\u0131 kamuoyu taraf\u0131ndan yak\u0131ndan izlenen, son derece sayg\u0131n ve tamamen yasal kurum ve kurulu\u015flard\u0131r.<\/p>\n<p>\u00b7 Kald\u0131 ki, t\u00fcm bu kurum ve kurulu\u015flar hem MASAK hem de Ticaret Bakanl\u0131\u011f\u0131 taraf\u0131ndan ayr\u0131ca incelenmi\u015f, bunlarla ilgili de herhangi bir hukuka ayk\u0131r\u0131l\u0131k, ba\u011flant\u0131 ve faaliyet tespit edilmemi\u015ftir.<\/p>\n<p>\u00b7 Anadolu K\u00fclt\u00fcr taraf\u0131ndan kurulu\u015f s\u00f6zle\u015fmesine uygun \u015fekilde icra edilen t\u00fcm ticari faaliyetler, MASAK ve Bakanl\u0131k taraf\u0131ndan geriye d\u00f6n\u00fck on y\u0131ll\u0131k s\u00fcre\u00e7te ayr\u0131ca incelenmi\u015f ve bu hususta da herhangi bir hukuka ayk\u0131r\u0131l\u0131k ve yasa d\u0131\u015f\u0131 faaliyet tespit edilememi\u015ftir.<\/p>\n<p>\u00b7 \u201cDenetimden ka\u00e7maya \u00e7al\u0131\u015ft\u0131\u011f\u0131\u201d iddia edilen \u015firketimizin t\u00fcm i\u015flemleri a\u00e7\u0131k, yasal ve \u015feffaf bi\u00e7imde y\u00fcr\u00fct\u00fclm\u00fc\u015f, ger\u00e7ekle\u015ftirilen t\u00fcm faaliyetlerin sponsorlar\u0131, Anadolu K\u00fclt\u00fcr\u2019\u00fcn web sitesinde, etkinlik bro\u015f\u00fcrlerinde ve alanlar\u0131nda a\u00e7\u0131k\u00e7a ilan edilmi\u015ftir. Anadolu K\u00fclt\u00fcr, belki de T\u00fcrkiye\u2019de hi\u00e7bir \u015firkette benzeri g\u00f6r\u00fclmemi\u015f bir bi\u00e7imde, inceden inceye, birden fazla kez denetlenmi\u015f ve hi\u00e7bir i\u015flemiyle ilgili hukuka ayk\u0131r\u0131l\u0131k, yasa d\u0131\u015f\u0131 bir faaliyetle ba\u011flant\u0131 saptanmam\u0131\u015ft\u0131r.<\/p>\n<p>\u00b7Anadolu K\u00fclt\u00fcr\u2019\u00fcn T\u00fcrkiye\u2019nin \u00e7ok say\u0131da \u015fehrinde k\u00fclt\u00fcr ve sanat arac\u0131l\u0131\u011f\u0131yla toplumsal diyalo\u011fu besleyen, y\u00fczlerce sanat\u00e7\u0131n\u0131n, binlerce izleyicinin hayat\u0131na dokunan proje ve etkinlikleri ile ilgili ayr\u0131nt\u0131l\u0131 bilgiye web sitemizden ula\u015f\u0131labilir.<\/p>\n<p>\u015eirketimiz aleyhine a\u00e7\u0131lan fesih davas\u0131, yanl\u0131 ve ama\u00e7l\u0131 bir inceleme raporuna dayanmaktad\u0131r. Yakla\u015f\u0131k yirmi y\u0131ldan beri ayn\u0131 esas s\u00f6zle\u015fme ile faaliyette bulunan, t\u00fcm genel kurullar\u0131 Bakanl\u0131k g\u00f6zetiminde ger\u00e7ekle\u015fen, hukuki sonu\u00e7 do\u011furan t\u00fcm i\u015flemleri Bakanl\u0131k onay\u0131na t\u00e2bi olan bir ticaret \u015firketine, kurulu\u015fundan yirmi y\u0131l sonra \u201ck\u00e2r elde etme gayesi ta\u015f\u0131mad\u0131\u011f\u0131\u201d \u015feklindeki bir iddia ile fesih davas\u0131 a\u00e7\u0131lmas\u0131n\u0131n hi\u00e7bir izah\u0131 bulunmamaktad\u0131r. Bakanl\u0131\u011f\u0131n, a\u00e7t\u0131\u011f\u0131 bu dava, idari yetkinin kamu yarar\u0131 amac\u0131yla kullan\u0131lmad\u0131\u011f\u0131n\u0131n ve keyfili\u011fin kendi i\u00e7inde kabul\u00fcd\u00fcr.<\/p>\n<p>T\u00fcrkiye Cumhuriyeti tarihinde bu talep ile a\u00e7\u0131lan ilk dava olan bu dava, maalesef T\u00fcrkiye\u2019de hukukun ara\u00e7salla\u015ft\u0131r\u0131lmas\u0131n\u0131n \u00f6nemli \u00f6rneklerinden biri olmu\u015ftur ve bundan sonra da bu \u015fekilde an\u0131lacakt\u0131r. S\u00f6zkonusu dava, Anadolu K\u00fclt\u00fcr\u2019\u00fcn kurucusu ve y\u00f6netim kurulu ba\u015fkan\u0131 olan Osman Kavala\u2019n\u0131n maruz kald\u0131\u011f\u0131 hukuksuzlu\u011fun devam\u0131 niteli\u011findedir.<\/p>\n<p>Hukuki dayanaklar\u0131 olmad\u0131\u011f\u0131 halde ba\u015flat\u0131lan hukuki s\u00fcre\u00e7lerin ve bu s\u00fcre\u00e7lerde ileri s\u00fcr\u00fclen hukuka ayk\u0131r\u0131 talep ve istemlerin, belli bir ama\u00e7 do\u011frultusunda s\u0131zd\u0131r\u0131lan yanl\u0131 haberlerle desteklenmesi ve karalama faaliyetlerinde kullan\u0131lmas\u0131, son y\u0131llarda g\u00f6rmeye al\u0131\u015ft\u0131\u011f\u0131m\u0131z bir durumdur. Davaya ili\u015fkin t\u00fcm cevaplar, mahkemeye dilek\u00e7eler ile verilmi\u015ftir. As\u0131l olan da yarg\u0131laman\u0131n mahkeme \u00f6n\u00fcnde cereyan etmesidir. Kald\u0131 ki bu husus, anayasal yarg\u0131 faaliyetinin bir gere\u011fidir. Mahkeme dosyas\u0131ndan s\u0131zd\u0131r\u0131lan davac\u0131 iddialar\u0131n\u0131n, bu \u015fekilde bas\u0131n \u00f6n\u00fcnde, tek yanl\u0131 ve belli bir ama\u00e7 do\u011frultusunda ele al\u0131n\u0131p i\u015flenmesi, yarg\u0131lamaya konu iddian\u0131n zay\u0131fl\u0131\u011f\u0131n\u0131n da en a\u00e7\u0131k g\u00f6stergesidir. Bu tip haber verme kisvesi alt\u0131nda yap\u0131lan yanl\u0131 faaliyetlerin yarg\u0131 kararlar\u0131n\u0131n tarafs\u0131zl\u0131\u011f\u0131na g\u00f6lge d\u00fc\u015f\u00fcrmekten ba\u015fka bir i\u015fe yaramayaca\u011f\u0131 a\u00e7\u0131kt\u0131r. Yarg\u0131ya g\u00fcvenin yeniden tesisi i\u00e7in bu kadar \u00e7aba sarf edilen bir d\u00f6nemde bu faaliyetlerin bu \u00e7abalar\u0131 da sonu\u00e7suz b\u0131rakt\u0131\u011f\u0131 bir ger\u00e7ektir.<\/p>\n<p>Anadolu K\u00fclt\u00fcr, yalan, tek tarafl\u0131 ve hukuka ayk\u0131r\u0131 haberleri yapan ki\u015fi ve kurulu\u015flara kar\u015f\u0131, do\u011fmu\u015f ve do\u011facak her t\u00fcrl\u00fc dava ve talep hakk\u0131n\u0131 sonuna kadar kullanacakt\u0131r.&#8221;<\/p>\n<p><em><strong>http:\/\/www.agos.com.tr\/tr\/yazi\/25325\/anadolu-kultur-hakkimizda-acilan-fesih-davasi-hukuksuzdur\u00a0<\/strong><\/em><\/p>\n","protected":false},"excerpt":{"rendered":"<p>\u00dc\u00e7 y\u0131l\u0131 a\u015fk\u0131n bir s\u00fcredir hapiste tutulan Osman Kavala&#8217;n\u0131n y\u00f6neticisi oldu\u011fu sivil toplum kurulu\u015fu Anadolu K\u00fclt\u00fcr hakk\u0131nda kapatma davas\u0131 a\u00e7\u0131lmas\u0131 \u00fczerine kurumdan bir a\u00e7\u0131klama yap\u0131ld\u0131. A\u00e7\u0131klamada &#8220;Bu dava, MASAK taraf\u0131ndan yap\u0131lan incelemede, \u015firketimiz hesaplar\u0131nda Ceza Kanunlar\u0131 kapsam\u0131nda su\u00e7 say\u0131lan herhangi bir hususa rastlanmam\u0131\u015f olmas\u0131 nedeniyle, adeta \u201cicat edilmi\u015f\u201d ve y\u00fcr\u00fcrl\u00fc\u011fe sokulmu\u015ftur&#8221; dendi. Kurumdan yap\u0131lan a\u00e7\u0131klama [&hellip;]<\/p>\n","protected":false},"author":7,"featured_media":61542,"comment_status":"open","ping_status":"open","sticky":false,"template":"","format":"standard","meta":{"footnotes":""},"categories":[1],"tags":[],"class_list":["post-61541","post","type-post","status-publish","format-standard","has-post-thumbnail","hentry","category-haberler"],"yoast_head":"<!-- This site is optimized with the Yoast SEO plugin v27.4 - https:\/\/yoast.com\/product\/yoast-seo-wordpress\/ -->\n<title>Anadolu K\u00fclt\u00fcr: Hakk\u0131m\u0131zda a\u00e7\u0131lan fesih davas\u0131 hukuksuzdur - Bati Ermenistan Ve Bati Ermenileri Sorunlari Ara\u015ftirmalar Merkezi<\/title>\n<meta name=\"robots\" content=\"index, follow, max-snippet:-1, max-image-preview:large, max-video-preview:-1\" \/>\n<link rel=\"canonical\" href=\"https:\/\/akunq.net\/tr\/?p=61541\" \/>\n<meta property=\"og:locale\" content=\"en_US\" \/>\n<meta property=\"og:type\" content=\"article\" \/>\n<meta property=\"og:title\" content=\"Anadolu K\u00fclt\u00fcr: Hakk\u0131m\u0131zda a\u00e7\u0131lan fesih davas\u0131 hukuksuzdur - Bati Ermenistan Ve Bati Ermenileri Sorunlari Ara\u015ftirmalar Merkezi\" \/>\n<meta property=\"og:description\" content=\"\u00dc\u00e7 y\u0131l\u0131 a\u015fk\u0131n bir s\u00fcredir hapiste tutulan Osman Kavala&#8217;n\u0131n y\u00f6neticisi oldu\u011fu sivil toplum kurulu\u015fu Anadolu K\u00fclt\u00fcr hakk\u0131nda kapatma davas\u0131 a\u00e7\u0131lmas\u0131 \u00fczerine kurumdan bir a\u00e7\u0131klama yap\u0131ld\u0131. A\u00e7\u0131klamada &#8220;Bu dava, MASAK taraf\u0131ndan yap\u0131lan incelemede, \u015firketimiz hesaplar\u0131nda Ceza Kanunlar\u0131 kapsam\u0131nda su\u00e7 say\u0131lan herhangi bir hususa rastlanmam\u0131\u015f olmas\u0131 nedeniyle, adeta \u201cicat edilmi\u015f\u201d ve y\u00fcr\u00fcrl\u00fc\u011fe sokulmu\u015ftur&#8221; dendi. Kurumdan yap\u0131lan a\u00e7\u0131klama [&hellip;]\" \/>\n<meta property=\"og:url\" content=\"https:\/\/akunq.net\/tr\/?p=61541\" \/>\n<meta property=\"og:site_name\" content=\"Bati Ermenistan Ve Bati Ermenileri Sorunlari Ara\u015ftirmalar Merkezi\" \/>\n<meta property=\"article:published_time\" content=\"2021-02-18T06:41:47+00:00\" \/>\n<meta property=\"og:image\" content=\"https:\/\/akunq.net\/tr\/wp-content\/uploads\/sites\/6\/2021\/02\/Anadolu-K\u00fclt\u00fcr.jpg\" \/>\n\t<meta property=\"og:image:width\" content=\"718\" \/>\n\t<meta property=\"og:image:height\" content=\"355\" \/>\n\t<meta property=\"og:image:type\" content=\"image\/jpeg\" \/>\n<meta name=\"author\" content=\"admin\" \/>\n<meta name=\"twitter:card\" content=\"summary_large_image\" \/>\n<meta name=\"twitter:label1\" content=\"Written by\" \/>\n\t<meta name=\"twitter:data1\" content=\"admin\" \/>\n\t<meta name=\"twitter:label2\" content=\"Est. reading time\" \/>\n\t<meta name=\"twitter:data2\" content=\"7 minutes\" \/>\n<script type=\"application\/ld+json\" class=\"yoast-schema-graph\">{\"@context\":\"https:\\\/\\\/schema.org\",\"@graph\":[{\"@type\":\"Article\",\"@id\":\"https:\\\/\\\/akunq.net\\\/tr\\\/?p=61541#article\",\"isPartOf\":{\"@id\":\"https:\\\/\\\/akunq.net\\\/tr\\\/?p=61541\"},\"author\":{\"name\":\"admin\",\"@id\":\"https:\\\/\\\/akunq.net\\\/tr\\\/#\\\/schema\\\/person\\\/096f1d38a12cce57fb855b485ed24c9e\"},\"headline\":\"Anadolu K\u00fclt\u00fcr: Hakk\u0131m\u0131zda a\u00e7\u0131lan fesih davas\u0131 hukuksuzdur\",\"datePublished\":\"2021-02-18T06:41:47+00:00\",\"mainEntityOfPage\":{\"@id\":\"https:\\\/\\\/akunq.net\\\/tr\\\/?p=61541\"},\"wordCount\":1336,\"commentCount\":0,\"image\":{\"@id\":\"https:\\\/\\\/akunq.net\\\/tr\\\/?p=61541#primaryimage\"},\"thumbnailUrl\":\"https:\\\/\\\/akunq.net\\\/tr\\\/wp-content\\\/uploads\\\/sites\\\/6\\\/2021\\\/02\\\/Anadolu-K\u00fclt\u00fcr.jpg\",\"articleSection\":[\"Haberler\"],\"inLanguage\":\"en-US\",\"potentialAction\":[{\"@type\":\"CommentAction\",\"name\":\"Comment\",\"target\":[\"https:\\\/\\\/akunq.net\\\/tr\\\/?p=61541#respond\"]}]},{\"@type\":\"WebPage\",\"@id\":\"https:\\\/\\\/akunq.net\\\/tr\\\/?p=61541\",\"url\":\"https:\\\/\\\/akunq.net\\\/tr\\\/?p=61541\",\"name\":\"Anadolu K\u00fclt\u00fcr: Hakk\u0131m\u0131zda a\u00e7\u0131lan fesih davas\u0131 hukuksuzdur - Bati Ermenistan Ve Bati Ermenileri Sorunlari Ara\u015ftirmalar Merkezi\",\"isPartOf\":{\"@id\":\"https:\\\/\\\/akunq.net\\\/tr\\\/#website\"},\"primaryImageOfPage\":{\"@id\":\"https:\\\/\\\/akunq.net\\\/tr\\\/?p=61541#primaryimage\"},\"image\":{\"@id\":\"https:\\\/\\\/akunq.net\\\/tr\\\/?p=61541#primaryimage\"},\"thumbnailUrl\":\"https:\\\/\\\/akunq.net\\\/tr\\\/wp-content\\\/uploads\\\/sites\\\/6\\\/2021\\\/02\\\/Anadolu-K\u00fclt\u00fcr.jpg\",\"datePublished\":\"2021-02-18T06:41:47+00:00\",\"author\":{\"@id\":\"https:\\\/\\\/akunq.net\\\/tr\\\/#\\\/schema\\\/person\\\/096f1d38a12cce57fb855b485ed24c9e\"},\"breadcrumb\":{\"@id\":\"https:\\\/\\\/akunq.net\\\/tr\\\/?p=61541#breadcrumb\"},\"inLanguage\":\"en-US\",\"potentialAction\":[{\"@type\":\"ReadAction\",\"target\":[\"https:\\\/\\\/akunq.net\\\/tr\\\/?p=61541\"]}]},{\"@type\":\"ImageObject\",\"inLanguage\":\"en-US\",\"@id\":\"https:\\\/\\\/akunq.net\\\/tr\\\/?p=61541#primaryimage\",\"url\":\"https:\\\/\\\/akunq.net\\\/tr\\\/wp-content\\\/uploads\\\/sites\\\/6\\\/2021\\\/02\\\/Anadolu-K\u00fclt\u00fcr.jpg\",\"contentUrl\":\"https:\\\/\\\/akunq.net\\\/tr\\\/wp-content\\\/uploads\\\/sites\\\/6\\\/2021\\\/02\\\/Anadolu-K\u00fclt\u00fcr.jpg\",\"width\":718,\"height\":355},{\"@type\":\"BreadcrumbList\",\"@id\":\"https:\\\/\\\/akunq.net\\\/tr\\\/?p=61541#breadcrumb\",\"itemListElement\":[{\"@type\":\"ListItem\",\"position\":1,\"name\":\"Home\",\"item\":\"https:\\\/\\\/akunq.net\\\/tr\"},{\"@type\":\"ListItem\",\"position\":2,\"name\":\"Anadolu K\u00fclt\u00fcr: Hakk\u0131m\u0131zda a\u00e7\u0131lan fesih davas\u0131 hukuksuzdur\"}]},{\"@type\":\"WebSite\",\"@id\":\"https:\\\/\\\/akunq.net\\\/tr\\\/#website\",\"url\":\"https:\\\/\\\/akunq.net\\\/tr\\\/\",\"name\":\"Bati Ermenistan Ve Bati Ermenileri Sorunlari Ara\u015ftirmalar Merkezi\",\"description\":\"\",\"potentialAction\":[{\"@type\":\"SearchAction\",\"target\":{\"@type\":\"EntryPoint\",\"urlTemplate\":\"https:\\\/\\\/akunq.net\\\/tr\\\/?s={search_term_string}\"},\"query-input\":{\"@type\":\"PropertyValueSpecification\",\"valueRequired\":true,\"valueName\":\"search_term_string\"}}],\"inLanguage\":\"en-US\"},{\"@type\":\"Person\",\"@id\":\"https:\\\/\\\/akunq.net\\\/tr\\\/#\\\/schema\\\/person\\\/096f1d38a12cce57fb855b485ed24c9e\",\"name\":\"admin\",\"url\":\"https:\\\/\\\/akunq.net\\\/tr\\\/?author=7\"}]}<\/script>\n<!-- \/ Yoast SEO plugin. -->","yoast_head_json":{"title":"Anadolu K\u00fclt\u00fcr: Hakk\u0131m\u0131zda a\u00e7\u0131lan fesih davas\u0131 hukuksuzdur - Bati Ermenistan Ve Bati Ermenileri Sorunlari Ara\u015ftirmalar Merkezi","robots":{"index":"index","follow":"follow","max-snippet":"max-snippet:-1","max-image-preview":"max-image-preview:large","max-video-preview":"max-video-preview:-1"},"canonical":"https:\/\/akunq.net\/tr\/?p=61541","og_locale":"en_US","og_type":"article","og_title":"Anadolu K\u00fclt\u00fcr: Hakk\u0131m\u0131zda a\u00e7\u0131lan fesih davas\u0131 hukuksuzdur - Bati Ermenistan Ve Bati Ermenileri Sorunlari Ara\u015ftirmalar Merkezi","og_description":"\u00dc\u00e7 y\u0131l\u0131 a\u015fk\u0131n bir s\u00fcredir hapiste tutulan Osman Kavala&#8217;n\u0131n y\u00f6neticisi oldu\u011fu sivil toplum kurulu\u015fu Anadolu K\u00fclt\u00fcr hakk\u0131nda kapatma davas\u0131 a\u00e7\u0131lmas\u0131 \u00fczerine kurumdan bir a\u00e7\u0131klama yap\u0131ld\u0131. A\u00e7\u0131klamada &#8220;Bu dava, MASAK taraf\u0131ndan yap\u0131lan incelemede, \u015firketimiz hesaplar\u0131nda Ceza Kanunlar\u0131 kapsam\u0131nda su\u00e7 say\u0131lan herhangi bir hususa rastlanmam\u0131\u015f olmas\u0131 nedeniyle, adeta \u201cicat edilmi\u015f\u201d ve y\u00fcr\u00fcrl\u00fc\u011fe sokulmu\u015ftur&#8221; dendi. Kurumdan yap\u0131lan a\u00e7\u0131klama [&hellip;]","og_url":"https:\/\/akunq.net\/tr\/?p=61541","og_site_name":"Bati Ermenistan Ve Bati Ermenileri Sorunlari Ara\u015ftirmalar Merkezi","article_published_time":"2021-02-18T06:41:47+00:00","og_image":[{"width":718,"height":355,"url":"https:\/\/akunq.net\/tr\/wp-content\/uploads\/sites\/6\/2021\/02\/Anadolu-K\u00fclt\u00fcr.jpg","type":"image\/jpeg"}],"author":"admin","twitter_card":"summary_large_image","twitter_misc":{"Written by":"admin","Est. reading time":"7 minutes"},"schema":{"@context":"https:\/\/schema.org","@graph":[{"@type":"Article","@id":"https:\/\/akunq.net\/tr\/?p=61541#article","isPartOf":{"@id":"https:\/\/akunq.net\/tr\/?p=61541"},"author":{"name":"admin","@id":"https:\/\/akunq.net\/tr\/#\/schema\/person\/096f1d38a12cce57fb855b485ed24c9e"},"headline":"Anadolu K\u00fclt\u00fcr: Hakk\u0131m\u0131zda a\u00e7\u0131lan fesih davas\u0131 hukuksuzdur","datePublished":"2021-02-18T06:41:47+00:00","mainEntityOfPage":{"@id":"https:\/\/akunq.net\/tr\/?p=61541"},"wordCount":1336,"commentCount":0,"image":{"@id":"https:\/\/akunq.net\/tr\/?p=61541#primaryimage"},"thumbnailUrl":"https:\/\/akunq.net\/tr\/wp-content\/uploads\/sites\/6\/2021\/02\/Anadolu-K\u00fclt\u00fcr.jpg","articleSection":["Haberler"],"inLanguage":"en-US","potentialAction":[{"@type":"CommentAction","name":"Comment","target":["https:\/\/akunq.net\/tr\/?p=61541#respond"]}]},{"@type":"WebPage","@id":"https:\/\/akunq.net\/tr\/?p=61541","url":"https:\/\/akunq.net\/tr\/?p=61541","name":"Anadolu K\u00fclt\u00fcr: Hakk\u0131m\u0131zda a\u00e7\u0131lan fesih davas\u0131 hukuksuzdur - Bati Ermenistan Ve Bati Ermenileri Sorunlari Ara\u015ftirmalar Merkezi","isPartOf":{"@id":"https:\/\/akunq.net\/tr\/#website"},"primaryImageOfPage":{"@id":"https:\/\/akunq.net\/tr\/?p=61541#primaryimage"},"image":{"@id":"https:\/\/akunq.net\/tr\/?p=61541#primaryimage"},"thumbnailUrl":"https:\/\/akunq.net\/tr\/wp-content\/uploads\/sites\/6\/2021\/02\/Anadolu-K\u00fclt\u00fcr.jpg","datePublished":"2021-02-18T06:41:47+00:00","author":{"@id":"https:\/\/akunq.net\/tr\/#\/schema\/person\/096f1d38a12cce57fb855b485ed24c9e"},"breadcrumb":{"@id":"https:\/\/akunq.net\/tr\/?p=61541#breadcrumb"},"inLanguage":"en-US","potentialAction":[{"@type":"ReadAction","target":["https:\/\/akunq.net\/tr\/?p=61541"]}]},{"@type":"ImageObject","inLanguage":"en-US","@id":"https:\/\/akunq.net\/tr\/?p=61541#primaryimage","url":"https:\/\/akunq.net\/tr\/wp-content\/uploads\/sites\/6\/2021\/02\/Anadolu-K\u00fclt\u00fcr.jpg","contentUrl":"https:\/\/akunq.net\/tr\/wp-content\/uploads\/sites\/6\/2021\/02\/Anadolu-K\u00fclt\u00fcr.jpg","width":718,"height":355},{"@type":"BreadcrumbList","@id":"https:\/\/akunq.net\/tr\/?p=61541#breadcrumb","itemListElement":[{"@type":"ListItem","position":1,"name":"Home","item":"https:\/\/akunq.net\/tr"},{"@type":"ListItem","position":2,"name":"Anadolu K\u00fclt\u00fcr: Hakk\u0131m\u0131zda a\u00e7\u0131lan fesih davas\u0131 hukuksuzdur"}]},{"@type":"WebSite","@id":"https:\/\/akunq.net\/tr\/#website","url":"https:\/\/akunq.net\/tr\/","name":"Bati Ermenistan Ve Bati Ermenileri Sorunlari Ara\u015ftirmalar Merkezi","description":"","potentialAction":[{"@type":"SearchAction","target":{"@type":"EntryPoint","urlTemplate":"https:\/\/akunq.net\/tr\/?s={search_term_string}"},"query-input":{"@type":"PropertyValueSpecification","valueRequired":true,"valueName":"search_term_string"}}],"inLanguage":"en-US"},{"@type":"Person","@id":"https:\/\/akunq.net\/tr\/#\/schema\/person\/096f1d38a12cce57fb855b485ed24c9e","name":"admin","url":"https:\/\/akunq.net\/tr\/?author=7"}]}},"_links":{"self":[{"href":"https:\/\/akunq.net\/tr\/index.php?rest_route=\/wp\/v2\/posts\/61541","targetHints":{"allow":["GET"]}}],"collection":[{"href":"https:\/\/akunq.net\/tr\/index.php?rest_route=\/wp\/v2\/posts"}],"about":[{"href":"https:\/\/akunq.net\/tr\/index.php?rest_route=\/wp\/v2\/types\/post"}],"author":[{"embeddable":true,"href":"https:\/\/akunq.net\/tr\/index.php?rest_route=\/wp\/v2\/users\/7"}],"replies":[{"embeddable":true,"href":"https:\/\/akunq.net\/tr\/index.php?rest_route=%2Fwp%2Fv2%2Fcomments&post=61541"}],"version-history":[{"count":1,"href":"https:\/\/akunq.net\/tr\/index.php?rest_route=\/wp\/v2\/posts\/61541\/revisions"}],"predecessor-version":[{"id":61543,"href":"https:\/\/akunq.net\/tr\/index.php?rest_route=\/wp\/v2\/posts\/61541\/revisions\/61543"}],"wp:featuredmedia":[{"embeddable":true,"href":"https:\/\/akunq.net\/tr\/index.php?rest_route=\/wp\/v2\/media\/61542"}],"wp:attachment":[{"href":"https:\/\/akunq.net\/tr\/index.php?rest_route=%2Fwp%2Fv2%2Fmedia&parent=61541"}],"wp:term":[{"taxonomy":"category","embeddable":true,"href":"https:\/\/akunq.net\/tr\/index.php?rest_route=%2Fwp%2Fv2%2Fcategories&post=61541"},{"taxonomy":"post_tag","embeddable":true,"href":"https:\/\/akunq.net\/tr\/index.php?rest_route=%2Fwp%2Fv2%2Ftags&post=61541"}],"curies":[{"name":"wp","href":"https:\/\/api.w.org\/{rel}","templated":true}]}}