{"id":61538,"date":"2021-02-18T01:33:05","date_gmt":"2021-02-18T06:33:05","guid":{"rendered":"https:\/\/akunq.net\/tr\/?p=61538"},"modified":"2021-02-18T01:33:05","modified_gmt":"2021-02-18T06:33:05","slug":"avustralya-parlamentosuna-karabag-cumhuriyetini-tanima-dilekcesi-sunuldu","status":"publish","type":"post","link":"https:\/\/akunq.net\/tr\/?p=61538","title":{"rendered":"Avustralya Parlamentosu\u2019na Karaba\u011f Cumhuriyeti\u2019ni tan\u0131ma dilek\u00e7esi sunuldu"},"content":{"rendered":"<p><img loading=\"lazy\" decoding=\"async\" class=\"aligncenter size-medium wp-image-61539\" src=\"https:\/\/akunq.net\/tr\/wp-content\/uploads\/2021\/02\/Avustralya-Parlamentosu-360x219.jpg\" alt=\"\" width=\"360\" height=\"219\" srcset=\"https:\/\/akunq.net\/tr\/wp-content\/uploads\/sites\/6\/2021\/02\/Avustralya-Parlamentosu-360x219.jpg 360w, https:\/\/akunq.net\/tr\/wp-content\/uploads\/sites\/6\/2021\/02\/Avustralya-Parlamentosu-768x467.jpg 768w, https:\/\/akunq.net\/tr\/wp-content\/uploads\/sites\/6\/2021\/02\/Avustralya-Parlamentosu-560x340.jpg 560w, https:\/\/akunq.net\/tr\/wp-content\/uploads\/sites\/6\/2021\/02\/Avustralya-Parlamentosu-260x158.jpg 260w, https:\/\/akunq.net\/tr\/wp-content\/uploads\/sites\/6\/2021\/02\/Avustralya-Parlamentosu-160x97.jpg 160w, https:\/\/akunq.net\/tr\/wp-content\/uploads\/sites\/6\/2021\/02\/Avustralya-Parlamentosu.jpg 1000w\" sizes=\"auto, (max-width: 360px) 100vw, 360px\" \/><\/p>\n<p><em><strong>Avustralya Parlamentosu\u2019nun Web sitesinde Artsakh (Karaba\u011f) Cumhuriyeti\u2019ni tan\u0131ma \u00e7a\u011fr\u0131s\u0131 i\u00e7eren bir dilek\u00e7e yer ald\u0131.<\/strong><\/em><\/p>\n<p>Bu dilek\u00e7e Temsilciler Meclisi\u2019ne sunuldu ve Avustralya D\u0131\u015fi\u015fleri Bakanl\u0131\u011f\u0131\u2019na aktar\u0131ld\u0131.<\/p>\n<p>Avustralya Ermeni Davas\u0131 Konseyi giri\u015fimiyle haz\u0131rlanan dilek\u00e7e alt\u0131nda 3164 Avustralyal\u0131 imza att\u0131. Dilek\u00e7ede Fransa Parlamentosu\u2019nun, Yeni G\u00fcney Galler Yasama Organ\u0131n\u2019a takip edip Artsakh Cumhuriyeti\u2019nin kendi kaderini tayin etme hakk\u0131n\u0131 tan\u0131ma \u00e7a\u011fr\u0131s\u0131 yap\u0131l\u0131yor.<\/p>\n<p>Sitede yer alan ifadelere g\u00f6re Artsakh (Karaba\u011f) Cumhuriyeti\u2019nin topraklar\u0131 k\u0131smen Azerbaycan taraf\u0131ndan T\u00fcrkiye\u2019nin deste\u011fiyle i\u015fgal edildi. Bu dilek\u00e7e Temsilciler Meclisi\u2019ne sunulduktan sonra 90 g\u00fcn i\u00e7inde Bakanlar bununla ilgili g\u00f6r\u00fc\u015f belirlemeli.<\/p>\n<p><em><strong>https:\/\/www.ermenihaber.am\/tr\/news\/2021\/02\/17\/Avustralya-Parlamentosu-Karaba%C4%9F\/202604\u00a0<\/strong><\/em><\/p>\n","protected":false},"excerpt":{"rendered":"<p>Avustralya Parlamentosu\u2019nun Web sitesinde Artsakh (Karaba\u011f) Cumhuriyeti\u2019ni tan\u0131ma \u00e7a\u011fr\u0131s\u0131 i\u00e7eren bir dilek\u00e7e yer ald\u0131. Bu dilek\u00e7e Temsilciler Meclisi\u2019ne sunuldu ve Avustralya D\u0131\u015fi\u015fleri Bakanl\u0131\u011f\u0131\u2019na aktar\u0131ld\u0131. Avustralya Ermeni Davas\u0131 Konseyi giri\u015fimiyle haz\u0131rlanan dilek\u00e7e alt\u0131nda 3164 Avustralyal\u0131 imza att\u0131. Dilek\u00e7ede Fransa Parlamentosu\u2019nun, Yeni G\u00fcney Galler Yasama Organ\u0131n\u2019a takip edip Artsakh Cumhuriyeti\u2019nin kendi kaderini tayin etme hakk\u0131n\u0131 tan\u0131ma \u00e7a\u011fr\u0131s\u0131 [&hellip;]<\/p>\n","protected":false},"author":7,"featured_media":61539,"comment_status":"open","ping_status":"open","sticky":false,"template":"","format":"standard","meta":{"footnotes":""},"categories":[1],"tags":[],"class_list":["post-61538","post","type-post","status-publish","format-standard","has-post-thumbnail","hentry","category-haberler"],"yoast_head":"<!-- This site is optimized with the Yoast SEO plugin v27.4 - https:\/\/yoast.com\/product\/yoast-seo-wordpress\/ -->\n<title>Avustralya Parlamentosu\u2019na Karaba\u011f Cumhuriyeti\u2019ni tan\u0131ma dilek\u00e7esi sunuldu - Bati Ermenistan Ve Bati Ermenileri Sorunlari Ara\u015ftirmalar Merkezi<\/title>\n<meta name=\"robots\" content=\"index, follow, max-snippet:-1, max-image-preview:large, max-video-preview:-1\" \/>\n<link rel=\"canonical\" href=\"https:\/\/akunq.net\/tr\/?p=61538\" \/>\n<meta property=\"og:locale\" content=\"en_US\" \/>\n<meta property=\"og:type\" content=\"article\" \/>\n<meta property=\"og:title\" content=\"Avustralya Parlamentosu\u2019na Karaba\u011f Cumhuriyeti\u2019ni tan\u0131ma dilek\u00e7esi sunuldu - Bati Ermenistan Ve Bati Ermenileri Sorunlari Ara\u015ftirmalar Merkezi\" \/>\n<meta property=\"og:description\" content=\"Avustralya Parlamentosu\u2019nun Web sitesinde Artsakh (Karaba\u011f) Cumhuriyeti\u2019ni tan\u0131ma \u00e7a\u011fr\u0131s\u0131 i\u00e7eren bir dilek\u00e7e yer ald\u0131. Bu dilek\u00e7e Temsilciler Meclisi\u2019ne sunuldu ve Avustralya D\u0131\u015fi\u015fleri Bakanl\u0131\u011f\u0131\u2019na aktar\u0131ld\u0131. Avustralya Ermeni Davas\u0131 Konseyi giri\u015fimiyle haz\u0131rlanan dilek\u00e7e alt\u0131nda 3164 Avustralyal\u0131 imza att\u0131. Dilek\u00e7ede Fransa Parlamentosu\u2019nun, Yeni G\u00fcney Galler Yasama Organ\u0131n\u2019a takip edip Artsakh Cumhuriyeti\u2019nin kendi kaderini tayin etme hakk\u0131n\u0131 tan\u0131ma \u00e7a\u011fr\u0131s\u0131 [&hellip;]\" \/>\n<meta property=\"og:url\" content=\"https:\/\/akunq.net\/tr\/?p=61538\" \/>\n<meta property=\"og:site_name\" content=\"Bati Ermenistan Ve Bati Ermenileri Sorunlari Ara\u015ftirmalar Merkezi\" \/>\n<meta property=\"article:published_time\" content=\"2021-02-18T06:33:05+00:00\" \/>\n<meta property=\"og:image\" content=\"https:\/\/akunq.net\/tr\/wp-content\/uploads\/sites\/6\/2021\/02\/Avustralya-Parlamentosu.jpg\" \/>\n\t<meta property=\"og:image:width\" content=\"1000\" \/>\n\t<meta property=\"og:image:height\" content=\"608\" \/>\n\t<meta property=\"og:image:type\" content=\"image\/jpeg\" \/>\n<meta name=\"author\" content=\"admin\" \/>\n<meta name=\"twitter:card\" content=\"summary_large_image\" \/>\n<meta name=\"twitter:label1\" content=\"Written by\" \/>\n\t<meta name=\"twitter:data1\" content=\"admin\" \/>\n\t<meta name=\"twitter:label2\" content=\"Est. reading time\" \/>\n\t<meta name=\"twitter:data2\" content=\"1 minute\" \/>\n<script type=\"application\/ld+json\" class=\"yoast-schema-graph\">{\"@context\":\"https:\\\/\\\/schema.org\",\"@graph\":[{\"@type\":\"Article\",\"@id\":\"https:\\\/\\\/akunq.net\\\/tr\\\/?p=61538#article\",\"isPartOf\":{\"@id\":\"https:\\\/\\\/akunq.net\\\/tr\\\/?p=61538\"},\"author\":{\"name\":\"admin\",\"@id\":\"https:\\\/\\\/akunq.net\\\/tr\\\/#\\\/schema\\\/person\\\/096f1d38a12cce57fb855b485ed24c9e\"},\"headline\":\"Avustralya Parlamentosu\u2019na Karaba\u011f Cumhuriyeti\u2019ni tan\u0131ma dilek\u00e7esi sunuldu\",\"datePublished\":\"2021-02-18T06:33:05+00:00\",\"mainEntityOfPage\":{\"@id\":\"https:\\\/\\\/akunq.net\\\/tr\\\/?p=61538\"},\"wordCount\":146,\"commentCount\":0,\"image\":{\"@id\":\"https:\\\/\\\/akunq.net\\\/tr\\\/?p=61538#primaryimage\"},\"thumbnailUrl\":\"https:\\\/\\\/akunq.net\\\/tr\\\/wp-content\\\/uploads\\\/sites\\\/6\\\/2021\\\/02\\\/Avustralya-Parlamentosu.jpg\",\"articleSection\":[\"Haberler\"],\"inLanguage\":\"en-US\",\"potentialAction\":[{\"@type\":\"CommentAction\",\"name\":\"Comment\",\"target\":[\"https:\\\/\\\/akunq.net\\\/tr\\\/?p=61538#respond\"]}]},{\"@type\":\"WebPage\",\"@id\":\"https:\\\/\\\/akunq.net\\\/tr\\\/?p=61538\",\"url\":\"https:\\\/\\\/akunq.net\\\/tr\\\/?p=61538\",\"name\":\"Avustralya Parlamentosu\u2019na Karaba\u011f Cumhuriyeti\u2019ni tan\u0131ma dilek\u00e7esi sunuldu - Bati Ermenistan Ve Bati Ermenileri Sorunlari Ara\u015ftirmalar Merkezi\",\"isPartOf\":{\"@id\":\"https:\\\/\\\/akunq.net\\\/tr\\\/#website\"},\"primaryImageOfPage\":{\"@id\":\"https:\\\/\\\/akunq.net\\\/tr\\\/?p=61538#primaryimage\"},\"image\":{\"@id\":\"https:\\\/\\\/akunq.net\\\/tr\\\/?p=61538#primaryimage\"},\"thumbnailUrl\":\"https:\\\/\\\/akunq.net\\\/tr\\\/wp-content\\\/uploads\\\/sites\\\/6\\\/2021\\\/02\\\/Avustralya-Parlamentosu.jpg\",\"datePublished\":\"2021-02-18T06:33:05+00:00\",\"author\":{\"@id\":\"https:\\\/\\\/akunq.net\\\/tr\\\/#\\\/schema\\\/person\\\/096f1d38a12cce57fb855b485ed24c9e\"},\"breadcrumb\":{\"@id\":\"https:\\\/\\\/akunq.net\\\/tr\\\/?p=61538#breadcrumb\"},\"inLanguage\":\"en-US\",\"potentialAction\":[{\"@type\":\"ReadAction\",\"target\":[\"https:\\\/\\\/akunq.net\\\/tr\\\/?p=61538\"]}]},{\"@type\":\"ImageObject\",\"inLanguage\":\"en-US\",\"@id\":\"https:\\\/\\\/akunq.net\\\/tr\\\/?p=61538#primaryimage\",\"url\":\"https:\\\/\\\/akunq.net\\\/tr\\\/wp-content\\\/uploads\\\/sites\\\/6\\\/2021\\\/02\\\/Avustralya-Parlamentosu.jpg\",\"contentUrl\":\"https:\\\/\\\/akunq.net\\\/tr\\\/wp-content\\\/uploads\\\/sites\\\/6\\\/2021\\\/02\\\/Avustralya-Parlamentosu.jpg\",\"width\":1000,\"height\":608},{\"@type\":\"BreadcrumbList\",\"@id\":\"https:\\\/\\\/akunq.net\\\/tr\\\/?p=61538#breadcrumb\",\"itemListElement\":[{\"@type\":\"ListItem\",\"position\":1,\"name\":\"Home\",\"item\":\"https:\\\/\\\/akunq.net\\\/tr\"},{\"@type\":\"ListItem\",\"position\":2,\"name\":\"Avustralya Parlamentosu\u2019na Karaba\u011f Cumhuriyeti\u2019ni tan\u0131ma dilek\u00e7esi sunuldu\"}]},{\"@type\":\"WebSite\",\"@id\":\"https:\\\/\\\/akunq.net\\\/tr\\\/#website\",\"url\":\"https:\\\/\\\/akunq.net\\\/tr\\\/\",\"name\":\"Bati Ermenistan Ve Bati Ermenileri Sorunlari Ara\u015ftirmalar Merkezi\",\"description\":\"\",\"potentialAction\":[{\"@type\":\"SearchAction\",\"target\":{\"@type\":\"EntryPoint\",\"urlTemplate\":\"https:\\\/\\\/akunq.net\\\/tr\\\/?s={search_term_string}\"},\"query-input\":{\"@type\":\"PropertyValueSpecification\",\"valueRequired\":true,\"valueName\":\"search_term_string\"}}],\"inLanguage\":\"en-US\"},{\"@type\":\"Person\",\"@id\":\"https:\\\/\\\/akunq.net\\\/tr\\\/#\\\/schema\\\/person\\\/096f1d38a12cce57fb855b485ed24c9e\",\"name\":\"admin\",\"url\":\"https:\\\/\\\/akunq.net\\\/tr\\\/?author=7\"}]}<\/script>\n<!-- \/ Yoast SEO plugin. -->","yoast_head_json":{"title":"Avustralya Parlamentosu\u2019na Karaba\u011f Cumhuriyeti\u2019ni tan\u0131ma dilek\u00e7esi sunuldu - Bati Ermenistan Ve Bati Ermenileri Sorunlari Ara\u015ftirmalar Merkezi","robots":{"index":"index","follow":"follow","max-snippet":"max-snippet:-1","max-image-preview":"max-image-preview:large","max-video-preview":"max-video-preview:-1"},"canonical":"https:\/\/akunq.net\/tr\/?p=61538","og_locale":"en_US","og_type":"article","og_title":"Avustralya Parlamentosu\u2019na Karaba\u011f Cumhuriyeti\u2019ni tan\u0131ma dilek\u00e7esi sunuldu - Bati Ermenistan Ve Bati Ermenileri Sorunlari Ara\u015ftirmalar Merkezi","og_description":"Avustralya Parlamentosu\u2019nun Web sitesinde Artsakh (Karaba\u011f) Cumhuriyeti\u2019ni tan\u0131ma \u00e7a\u011fr\u0131s\u0131 i\u00e7eren bir dilek\u00e7e yer ald\u0131. Bu dilek\u00e7e Temsilciler Meclisi\u2019ne sunuldu ve Avustralya D\u0131\u015fi\u015fleri Bakanl\u0131\u011f\u0131\u2019na aktar\u0131ld\u0131. Avustralya Ermeni Davas\u0131 Konseyi giri\u015fimiyle haz\u0131rlanan dilek\u00e7e alt\u0131nda 3164 Avustralyal\u0131 imza att\u0131. Dilek\u00e7ede Fransa Parlamentosu\u2019nun, Yeni G\u00fcney Galler Yasama Organ\u0131n\u2019a takip edip Artsakh Cumhuriyeti\u2019nin kendi kaderini tayin etme hakk\u0131n\u0131 tan\u0131ma \u00e7a\u011fr\u0131s\u0131 [&hellip;]","og_url":"https:\/\/akunq.net\/tr\/?p=61538","og_site_name":"Bati Ermenistan Ve Bati Ermenileri Sorunlari Ara\u015ftirmalar Merkezi","article_published_time":"2021-02-18T06:33:05+00:00","og_image":[{"width":1000,"height":608,"url":"https:\/\/akunq.net\/tr\/wp-content\/uploads\/sites\/6\/2021\/02\/Avustralya-Parlamentosu.jpg","type":"image\/jpeg"}],"author":"admin","twitter_card":"summary_large_image","twitter_misc":{"Written by":"admin","Est. reading time":"1 minute"},"schema":{"@context":"https:\/\/schema.org","@graph":[{"@type":"Article","@id":"https:\/\/akunq.net\/tr\/?p=61538#article","isPartOf":{"@id":"https:\/\/akunq.net\/tr\/?p=61538"},"author":{"name":"admin","@id":"https:\/\/akunq.net\/tr\/#\/schema\/person\/096f1d38a12cce57fb855b485ed24c9e"},"headline":"Avustralya Parlamentosu\u2019na Karaba\u011f Cumhuriyeti\u2019ni tan\u0131ma dilek\u00e7esi sunuldu","datePublished":"2021-02-18T06:33:05+00:00","mainEntityOfPage":{"@id":"https:\/\/akunq.net\/tr\/?p=61538"},"wordCount":146,"commentCount":0,"image":{"@id":"https:\/\/akunq.net\/tr\/?p=61538#primaryimage"},"thumbnailUrl":"https:\/\/akunq.net\/tr\/wp-content\/uploads\/sites\/6\/2021\/02\/Avustralya-Parlamentosu.jpg","articleSection":["Haberler"],"inLanguage":"en-US","potentialAction":[{"@type":"CommentAction","name":"Comment","target":["https:\/\/akunq.net\/tr\/?p=61538#respond"]}]},{"@type":"WebPage","@id":"https:\/\/akunq.net\/tr\/?p=61538","url":"https:\/\/akunq.net\/tr\/?p=61538","name":"Avustralya Parlamentosu\u2019na Karaba\u011f Cumhuriyeti\u2019ni tan\u0131ma dilek\u00e7esi sunuldu - Bati Ermenistan Ve Bati Ermenileri Sorunlari Ara\u015ftirmalar Merkezi","isPartOf":{"@id":"https:\/\/akunq.net\/tr\/#website"},"primaryImageOfPage":{"@id":"https:\/\/akunq.net\/tr\/?p=61538#primaryimage"},"image":{"@id":"https:\/\/akunq.net\/tr\/?p=61538#primaryimage"},"thumbnailUrl":"https:\/\/akunq.net\/tr\/wp-content\/uploads\/sites\/6\/2021\/02\/Avustralya-Parlamentosu.jpg","datePublished":"2021-02-18T06:33:05+00:00","author":{"@id":"https:\/\/akunq.net\/tr\/#\/schema\/person\/096f1d38a12cce57fb855b485ed24c9e"},"breadcrumb":{"@id":"https:\/\/akunq.net\/tr\/?p=61538#breadcrumb"},"inLanguage":"en-US","potentialAction":[{"@type":"ReadAction","target":["https:\/\/akunq.net\/tr\/?p=61538"]}]},{"@type":"ImageObject","inLanguage":"en-US","@id":"https:\/\/akunq.net\/tr\/?p=61538#primaryimage","url":"https:\/\/akunq.net\/tr\/wp-content\/uploads\/sites\/6\/2021\/02\/Avustralya-Parlamentosu.jpg","contentUrl":"https:\/\/akunq.net\/tr\/wp-content\/uploads\/sites\/6\/2021\/02\/Avustralya-Parlamentosu.jpg","width":1000,"height":608},{"@type":"BreadcrumbList","@id":"https:\/\/akunq.net\/tr\/?p=61538#breadcrumb","itemListElement":[{"@type":"ListItem","position":1,"name":"Home","item":"https:\/\/akunq.net\/tr"},{"@type":"ListItem","position":2,"name":"Avustralya Parlamentosu\u2019na Karaba\u011f Cumhuriyeti\u2019ni tan\u0131ma dilek\u00e7esi sunuldu"}]},{"@type":"WebSite","@id":"https:\/\/akunq.net\/tr\/#website","url":"https:\/\/akunq.net\/tr\/","name":"Bati Ermenistan Ve Bati Ermenileri Sorunlari Ara\u015ftirmalar Merkezi","description":"","potentialAction":[{"@type":"SearchAction","target":{"@type":"EntryPoint","urlTemplate":"https:\/\/akunq.net\/tr\/?s={search_term_string}"},"query-input":{"@type":"PropertyValueSpecification","valueRequired":true,"valueName":"search_term_string"}}],"inLanguage":"en-US"},{"@type":"Person","@id":"https:\/\/akunq.net\/tr\/#\/schema\/person\/096f1d38a12cce57fb855b485ed24c9e","name":"admin","url":"https:\/\/akunq.net\/tr\/?author=7"}]}},"_links":{"self":[{"href":"https:\/\/akunq.net\/tr\/index.php?rest_route=\/wp\/v2\/posts\/61538","targetHints":{"allow":["GET"]}}],"collection":[{"href":"https:\/\/akunq.net\/tr\/index.php?rest_route=\/wp\/v2\/posts"}],"about":[{"href":"https:\/\/akunq.net\/tr\/index.php?rest_route=\/wp\/v2\/types\/post"}],"author":[{"embeddable":true,"href":"https:\/\/akunq.net\/tr\/index.php?rest_route=\/wp\/v2\/users\/7"}],"replies":[{"embeddable":true,"href":"https:\/\/akunq.net\/tr\/index.php?rest_route=%2Fwp%2Fv2%2Fcomments&post=61538"}],"version-history":[{"count":1,"href":"https:\/\/akunq.net\/tr\/index.php?rest_route=\/wp\/v2\/posts\/61538\/revisions"}],"predecessor-version":[{"id":61540,"href":"https:\/\/akunq.net\/tr\/index.php?rest_route=\/wp\/v2\/posts\/61538\/revisions\/61540"}],"wp:featuredmedia":[{"embeddable":true,"href":"https:\/\/akunq.net\/tr\/index.php?rest_route=\/wp\/v2\/media\/61539"}],"wp:attachment":[{"href":"https:\/\/akunq.net\/tr\/index.php?rest_route=%2Fwp%2Fv2%2Fmedia&parent=61538"}],"wp:term":[{"taxonomy":"category","embeddable":true,"href":"https:\/\/akunq.net\/tr\/index.php?rest_route=%2Fwp%2Fv2%2Fcategories&post=61538"},{"taxonomy":"post_tag","embeddable":true,"href":"https:\/\/akunq.net\/tr\/index.php?rest_route=%2Fwp%2Fv2%2Ftags&post=61538"}],"curies":[{"name":"wp","href":"https:\/\/api.w.org\/{rel}","templated":true}]}}