{"id":61535,"date":"2021-02-17T06:41:16","date_gmt":"2021-02-17T11:41:16","guid":{"rendered":"https:\/\/akunq.net\/tr\/?p=61535"},"modified":"2021-02-17T06:41:16","modified_gmt":"2021-02-17T11:41:16","slug":"mardinde-turizmcilerin-umudu-pandemi-sonrasi","status":"publish","type":"post","link":"https:\/\/akunq.net\/tr\/?p=61535","title":{"rendered":"Mardin\u2019de turizmcilerin umudu pandemi sonras\u0131"},"content":{"rendered":"<p><img loading=\"lazy\" decoding=\"async\" class=\"aligncenter size-medium wp-image-61536\" src=\"https:\/\/akunq.net\/tr\/wp-content\/uploads\/2021\/02\/Mardin-360x189.jpg\" alt=\"\" width=\"360\" height=\"189\" srcset=\"https:\/\/akunq.net\/tr\/wp-content\/uploads\/sites\/6\/2021\/02\/Mardin-360x189.jpg 360w, https:\/\/akunq.net\/tr\/wp-content\/uploads\/sites\/6\/2021\/02\/Mardin-560x294.jpg 560w, https:\/\/akunq.net\/tr\/wp-content\/uploads\/sites\/6\/2021\/02\/Mardin-260x137.jpg 260w, https:\/\/akunq.net\/tr\/wp-content\/uploads\/sites\/6\/2021\/02\/Mardin-160x84.jpg 160w, https:\/\/akunq.net\/tr\/wp-content\/uploads\/sites\/6\/2021\/02\/Mardin.jpg 752w\" sizes=\"auto, (max-width: 360px) 100vw, 360px\" \/><\/p>\n<p><em><strong>Farkl\u0131 medeniyetleri b\u00fcnyesinde bar\u0131nd\u0131rarak binlerce y\u0131ll\u0131k ge\u00e7mi\u015fi ile son y\u0131llar\u0131n g\u00f6zde \u015fehri olan Mardin\u2019de korona vir\u00fcs nedeniyle turizmciler zor g\u00fcnler ge\u00e7iriyor. Bir\u00e7ok sekt\u00f6r\u00fc \u00f6nemli \u00f6l\u00e7\u00fcde etkileyen Korona vir\u00fcs salg\u0131n\u0131 Mardin\u2019de turizmcileri de olumsuz y\u00f6nde etkiledi.<\/strong><\/em><\/p>\n<p><strong>NEZ\u0130R G\u00dcNE\u015e<\/strong><\/p>\n<p>Dinlerin, dillerin ve k\u00fclt\u00fcrlerin y\u00fczy\u0131llardan beridir i\u00e7 i\u00e7e ve karde\u015f\u00e7e ya\u015fand\u0131\u011f\u0131, ta\u015flar\u0131n oya gibi i\u015flendi\u011fi, tarihi camileri, medreseleri, manast\u0131rlar\u0131 ve antik kentleriyle tarihi ve mimari yap\u0131s\u0131yla k\u00fclt\u00fcr ve inan\u00e7 turizminin merkezi konumunda olan ve her y\u0131l y\u00fczbinlerce yerli, yabanc\u0131 turistin ziyaret etti\u011fi ve 36 seyahat acentas\u0131n\u0131n hizmet verdi\u011fi Mardin\u2019de turizm esnaf\u0131 ba\u015fta olmak \u00fczere herkes, umutlar\u0131n\u0131 pandemi sonras\u0131na ba\u011flad\u0131. UNESCO D\u00fcnya K\u00fclt\u00fcr Miras\u0131 Listesi\u2019ne aday g\u00f6sterilen 7 bin y\u0131ll\u0131k Mardin\u2019e gelen turist say\u0131s\u0131, 2019 y\u0131l\u0131nda 3 milyonu bulmu\u015f ve kentte turizm alan\u0131nda yat\u0131r\u0131mlar h\u0131z kazanm\u0131\u015ft\u0131. \u00dclkemizde ise k\u0131y\u0131 \u015feridinin yan\u0131nda k\u00fclt\u00fcr turizminin merkezi konumunda olan Mardin\u2019de \u00e7ok etkili oldu. 2019\u2019da 700 bin turistin, ge\u00e7en y\u0131k ise sadece 170 bin turistin yat\u0131l\u0131 kald\u0131\u011f\u0131 kentte turizmciler, a\u015f\u0131n\u0131n ard\u0131ndan bitmesini umut ettikleri pandemi sonras\u0131 bir milyon konaklamal\u0131 turist a\u011f\u0131rlamay\u0131 hedefliyor.<\/p>\n<p><strong>TUR\u0130ST SAYISINDA Y\u00dcZDE 90 ORANINDA D\u00dc\u015e\u00dc\u015e YA\u015eANDI<\/strong><\/p>\n<p>Mardin Turizm ve Otelciler Derne\u011fi Ba\u015fkan\u0131 \u00d6zg\u00fcr Azad G\u00fcng\u00f6r, a\u015f\u0131 s\u00fcrecinin ba\u015flamas\u0131yla, pandeminin sona erece\u011fini umduklar\u0131n\u0131 ifade ederek, \u201cTarih kent tarihinde ilkleri ya\u015f\u0131yor. Mardin\u2019in 7 bin y\u0131ll\u0131k tarihinde ilk defa \u00e7ar\u015f\u0131lar tamamen kapand\u0131. Bir ticaret merkezi olan \u015fehirde giri\u015f ve \u00e7\u0131k\u0131\u015flar kapat\u0131ld\u0131. Hanlar, kervansaraylar, oteller bir bir kapand\u0131. Bizim umudumuz bir an \u00f6nce bu pandeminin ge\u00e7mesi ama 2021 i\u00e7in de turizmcilerin desteklenmesi laz\u0131m. Mardin en iyi durumdayken bu pandemi \u00e7\u0131kt\u0131. G\u00fcn\u00fcbirlik yer bulamay\u0131p da konaklamak i\u00e7in Batman\u2019a, Diyarbak\u0131r\u2019a, \u015eanl\u0131urfa\u2019ya giden turist misafirlerimiz vard\u0131. 2020 y\u0131l\u0131nda ise bunlar yakla\u015f\u0131k 170 binde aras\u0131nda kald\u0131. Ne kadar ciddi bir d\u00fc\u015f\u00fc\u015fe ge\u00e7ti\u011fini siz d\u00fc\u015f\u00fcn\u00fcn\u201d dedi.<\/p>\n<p><strong>TAR\u0130H\u0130 KENT\u0130N TAR\u0130H\u0130NDE B\u0130R \u0130LK<\/strong><\/p>\n<p>Turizm sekt\u00f6r\u00fcn\u00fcn ciddi anlamda s\u0131k\u0131nt\u0131 \u00e7ekti\u011fini dikkat \u00e7eken G\u00fcng\u00f6r, \u015funlar\u0131 s\u00f6yledi:<\/p>\n<p>\u201cMardin, y\u0131ld\u0131z\u0131 parlayan, b\u00fct\u00fcn medeniyetleri ayn\u0131 \u00e7at\u0131da ya\u015fatan bir \u015fehir. Karde\u015fli\u011fin, bar\u0131\u015f\u0131n \u015fehri. Hedefimiz Mardin\u2019de turizmi genel olarak 12 aya yaymak. \u00c7\u00fcnk\u00fc Mardin\u2019in her mevsimi de g\u00fczel. Yat\u0131l\u0131 turist say\u0131m\u0131z\u0131 bir milyona \u00e7\u0131kartmay\u0131 planl\u0131yoruz. \u015eu an Mardin\u2019e 5 y\u0131ld\u0131zl\u0131 3\u2019\u00fcnc\u00fc otel de a\u00e7\u0131ld\u0131. Bununla ilgili konaklar\u0131m\u0131z restore edildi. \u00c7\u00fcnk\u00fc gelecek misafirlerimiz en \u00fcst seviyede a\u011f\u0131rlamak i\u00e7in her t\u00fcrl\u00fc yat\u0131r\u0131m\u0131 yat\u0131r\u0131mc\u0131lar\u0131m\u0131z yap\u0131yor. Kentin en b\u00fcy\u00fck ge\u00e7im lokomotifi de turizmdir. Mardin \u00e7ok pop\u00fcler bir \u015fehirdi. \u0130lk defa 2020 y\u0131l\u0131n\u0131n rezervinin tamam\u0131yla ful oldu\u011fu bir y\u0131ld\u0131 ve 2021 i\u00e7in bizden rezervasyon istendi ama maalesef bu pandemi s\u00fcreci bizi inan\u0131lmaz derecede s\u0131k\u0131nt\u0131ya soktu. Mardin\u2019deki b\u00fct\u00fcn turizmciler, turizmle ge\u00e7inen insanlar, \u00e7ar\u015f\u0131 esnaf\u0131 tamam\u0131yla turizmle ilgili, ciddi bir \u015fekilde etkilendi.\u201d<\/p>\n<p><strong>YABANCI TURLARIMIZ HAZIR<\/strong><\/p>\n<p>Mardin\u2019e be\u015f y\u0131ld\u0131zl\u0131 otel yat\u0131r\u0131m\u0131 yaparak kentin turizmine destek olan Raymar Oteller zincirinin Genel M\u00fcd\u00fcr\u00fc Tuncer G\u00fcven, \u201cAntalya, Mu\u011fla, Ankara ve \u0130stanbul\u2019dan sonra Mardin\u2019e yat\u0131r\u0131m yapt\u0131k. D\u00f6rt g\u00f6zle pandemiden kaynakl\u0131 sorunlar\u0131n biterek hayat\u0131n normalle\u015fmesini bekliyoruz. \u00d6nce sa\u011fl\u0131k diyerek yerli ve yabanc\u0131 turistlerimizi Mardin\u2019de a\u011f\u0131rlamak i\u00e7in de d\u00f6rt g\u00f6zle s\u00fcrecin bitmesini bekliyoruz. \u015eimdiden yurtd\u0131\u015f\u0131nda Mardin\u2019i ziyaret etmeyi bekleyen turlar\u0131m\u0131z var. Bir y\u0131ld\u0131r yapt\u0131klar\u0131 rezervasyonlar\u0131 iptal etmediler ama ertelediler. May\u0131s veya Haziran\u2019da s\u00fcre\u00e7 normalle\u015firse S\u0131rbistan ve Moldova\u2019dan k\u00fclt\u00fcr turumuzu konuk edece\u011fiz\u201d dedi. Ta\u015f ve ah\u015fap i\u015flemeleriyle g\u00f6z dolduran ve yakla\u015f\u0131k 70 milyon liraya mal olan otellerinde 100\u2019e yak\u0131n ki\u015finin istihdam edilece\u011fini anlatan G\u00fcven, \u201cMardin\u2019e yat\u0131r\u0131m yapmay\u0131, Mardinli hem\u015fehrilerimize istihdam olanaklar\u0131 sa\u011flamay\u0131 seviyoruz. Bu memlekette g\u00f6\u00e7\u00fc durdurmak ad\u0131na hissemize d\u00fc\u015fen k\u0131sm\u0131 doldurabiliyorsak bizim i\u00e7in en \u00f6nemlisi budur. \u015eimdilik 130 oda 270 yatak kapasiteli bir otel. 4 konferans salonu, 2 restoran, kafe gibi bir\u00e7ok sosyal donat\u0131lar\u0131 bulunuyor. Otelimizin di\u011fer b\u00f6l\u00fcmlerini de hayata ge\u00e7irdi\u011fimiz zaman daha \u00e7ok hem\u015fehrimizi kendi memleketinde istihdam etmi\u015f olaca\u011f\u0131z \u201cdedi.<\/p>\n<p><strong>G\u00dcZEL G\u00dcNLER G\u00d6RECE\u011e\u0130Z<\/strong><\/p>\n<p>Artuklu Kervansaray\u0131 Oteli sahibi Sabahattin Evrensel de \u201cTer\u00f6rden sonra huzur ve g\u00fcvenin sa\u011flanmas\u0131 ile y\u00fczlerimiz g\u00fclmeye ba\u015flam\u0131\u015ft\u0131. 2020\u2019de pandemiden dolay\u0131 herkesin s\u0131k\u0131nt\u0131s\u0131 oldu. 2021\u2019in daha iyi olaca\u011f\u0131n\u0131 umut ediyoruz. \u0130n\u015fallah i\u015f\u00e7i \u00e7al\u0131\u015ft\u0131rd\u0131\u011f\u0131m\u0131z g\u00fcnlere geri d\u00f6nece\u011fiz. A\u015f\u0131lar\u0131n gelmesiyle ve pandeminin sona ermesiyle birlikte hem g\u00fczel g\u00fcnler g\u00f6rece\u011fiz hem de potansiyeli y\u00fckseltece\u011fimize inan\u0131yorum\u201d dedi.<\/p>\n<p><strong>TAR\u0130H\u0130 \u00c7AR\u015eILARI \u0130LK G\u00d6R\u00dcN\u00dcM\u00dcNE KAVU\u015eUYOR<\/strong><\/p>\n<p>Mardin Valili\u011fi de pandemiden kaynakl\u0131 bu s\u00fcre\u00e7te \u015fehrin tarihi \u00e7ar\u015f\u0131lar\u0131nda yapt\u0131\u011f\u0131 yenileme ve yap\u0131m \u00e7al\u0131\u015fmalar\u0131yla tarihi \u00e7ar\u015f\u0131lar\u0131 ilk g\u00f6r\u00fcn\u00fcm\u00fcne kavu\u015fturuyor. Dicle Kalk\u0131nma Ajans\u0131 ile Sanayi ve Teknoloji Bakanl\u0131\u011f\u0131nca y\u00fcr\u00fct\u00fclen, \u2018Tarihi \u00c7ar\u015f\u0131lar\u0131n Canland\u0131r\u0131lmas\u0131 Projesi\u2019 kapsam\u0131nda Semerciler, Leblebiciler, Giyimciler, Sobac\u0131lar, \u00c7ar\u0131k\u00e7\u0131lar, Tellallar, Bak\u0131rc\u0131lar, Yemeniciler ve \u0130nekler \u00c7ar\u015f\u0131s\u0131 gibi geleneksel tarihi \u00e7ar\u015f\u0131lar\u0131nda bulunan yakla\u015f\u0131k 390 i\u015fyerinde rehabilite, iyile\u015ftirme ve fonksiyonlar\u0131n\u0131n kazand\u0131r\u0131lmas\u0131 \u00e7al\u0131\u015fmalar\u0131 devam ediyor.<\/p>\n<p>\u00c7al\u0131\u015fmalar kapsam\u0131nda tarihi \u00e7ar\u015f\u0131larda bulunan i\u015fyerlerinin tentene, kap\u0131lar\u0131, sokaklar\u0131, tavan\u0131, i\u00e7 dizayn\u0131, tabelalar\u0131, s\u00fcrg\u00fcleri, iyile\u015ftirmeler yap\u0131lmakta. Yap\u0131lan \u00e7al\u0131\u015fmalarla tarihi i\u015fyerleri ilk g\u00f6r\u00fcn\u00fcme kavu\u015fuyor.<\/p>\n<p><em><strong>https:\/\/www.sabah.com.tr\/yasam\/2021\/02\/17\/mardinde-turizmcilerin-umudu-pandemi-sonrasi\u00a0<\/strong><\/em><\/p>\n","protected":false},"excerpt":{"rendered":"<p>Farkl\u0131 medeniyetleri b\u00fcnyesinde bar\u0131nd\u0131rarak binlerce y\u0131ll\u0131k ge\u00e7mi\u015fi ile son y\u0131llar\u0131n g\u00f6zde \u015fehri olan Mardin\u2019de korona vir\u00fcs nedeniyle turizmciler zor g\u00fcnler ge\u00e7iriyor. Bir\u00e7ok sekt\u00f6r\u00fc \u00f6nemli \u00f6l\u00e7\u00fcde etkileyen Korona vir\u00fcs salg\u0131n\u0131 Mardin\u2019de turizmcileri de olumsuz y\u00f6nde etkiledi. NEZ\u0130R G\u00dcNE\u015e Dinlerin, dillerin ve k\u00fclt\u00fcrlerin y\u00fczy\u0131llardan beridir i\u00e7 i\u00e7e ve karde\u015f\u00e7e ya\u015fand\u0131\u011f\u0131, ta\u015flar\u0131n oya gibi i\u015flendi\u011fi, tarihi camileri, medreseleri, [&hellip;]<\/p>\n","protected":false},"author":7,"featured_media":61536,"comment_status":"open","ping_status":"open","sticky":false,"template":"","format":"standard","meta":{"footnotes":""},"categories":[1],"tags":[],"class_list":["post-61535","post","type-post","status-publish","format-standard","has-post-thumbnail","hentry","category-haberler"],"yoast_head":"<!-- This site is optimized with the Yoast SEO plugin v27.4 - https:\/\/yoast.com\/product\/yoast-seo-wordpress\/ -->\n<title>Mardin\u2019de turizmcilerin umudu pandemi sonras\u0131 - Bati Ermenistan Ve Bati Ermenileri Sorunlari Ara\u015ftirmalar Merkezi<\/title>\n<meta name=\"robots\" content=\"index, follow, max-snippet:-1, max-image-preview:large, max-video-preview:-1\" \/>\n<link rel=\"canonical\" href=\"https:\/\/akunq.net\/tr\/?p=61535\" \/>\n<meta property=\"og:locale\" content=\"en_US\" \/>\n<meta property=\"og:type\" content=\"article\" \/>\n<meta property=\"og:title\" content=\"Mardin\u2019de turizmcilerin umudu pandemi sonras\u0131 - Bati Ermenistan Ve Bati Ermenileri Sorunlari Ara\u015ftirmalar Merkezi\" \/>\n<meta property=\"og:description\" content=\"Farkl\u0131 medeniyetleri b\u00fcnyesinde bar\u0131nd\u0131rarak binlerce y\u0131ll\u0131k ge\u00e7mi\u015fi ile son y\u0131llar\u0131n g\u00f6zde \u015fehri olan Mardin\u2019de korona vir\u00fcs nedeniyle turizmciler zor g\u00fcnler ge\u00e7iriyor. Bir\u00e7ok sekt\u00f6r\u00fc \u00f6nemli \u00f6l\u00e7\u00fcde etkileyen Korona vir\u00fcs salg\u0131n\u0131 Mardin\u2019de turizmcileri de olumsuz y\u00f6nde etkiledi. NEZ\u0130R G\u00dcNE\u015e Dinlerin, dillerin ve k\u00fclt\u00fcrlerin y\u00fczy\u0131llardan beridir i\u00e7 i\u00e7e ve karde\u015f\u00e7e ya\u015fand\u0131\u011f\u0131, ta\u015flar\u0131n oya gibi i\u015flendi\u011fi, tarihi camileri, medreseleri, [&hellip;]\" \/>\n<meta property=\"og:url\" content=\"https:\/\/akunq.net\/tr\/?p=61535\" \/>\n<meta property=\"og:site_name\" content=\"Bati Ermenistan Ve Bati Ermenileri Sorunlari Ara\u015ftirmalar Merkezi\" \/>\n<meta property=\"article:published_time\" content=\"2021-02-17T11:41:16+00:00\" \/>\n<meta property=\"og:image\" content=\"https:\/\/akunq.net\/tr\/wp-content\/uploads\/sites\/6\/2021\/02\/Mardin.jpg\" \/>\n\t<meta property=\"og:image:width\" content=\"752\" \/>\n\t<meta property=\"og:image:height\" content=\"395\" \/>\n\t<meta property=\"og:image:type\" content=\"image\/jpeg\" \/>\n<meta name=\"author\" content=\"admin\" \/>\n<meta name=\"twitter:card\" content=\"summary_large_image\" \/>\n<meta name=\"twitter:label1\" content=\"Written by\" \/>\n\t<meta name=\"twitter:data1\" content=\"admin\" \/>\n\t<meta name=\"twitter:label2\" content=\"Est. reading time\" \/>\n\t<meta name=\"twitter:data2\" content=\"5 minutes\" \/>\n<script type=\"application\/ld+json\" class=\"yoast-schema-graph\">{\"@context\":\"https:\\\/\\\/schema.org\",\"@graph\":[{\"@type\":\"Article\",\"@id\":\"https:\\\/\\\/akunq.net\\\/tr\\\/?p=61535#article\",\"isPartOf\":{\"@id\":\"https:\\\/\\\/akunq.net\\\/tr\\\/?p=61535\"},\"author\":{\"name\":\"admin\",\"@id\":\"https:\\\/\\\/akunq.net\\\/tr\\\/#\\\/schema\\\/person\\\/096f1d38a12cce57fb855b485ed24c9e\"},\"headline\":\"Mardin\u2019de turizmcilerin umudu pandemi sonras\u0131\",\"datePublished\":\"2021-02-17T11:41:16+00:00\",\"mainEntityOfPage\":{\"@id\":\"https:\\\/\\\/akunq.net\\\/tr\\\/?p=61535\"},\"wordCount\":1052,\"commentCount\":0,\"image\":{\"@id\":\"https:\\\/\\\/akunq.net\\\/tr\\\/?p=61535#primaryimage\"},\"thumbnailUrl\":\"https:\\\/\\\/akunq.net\\\/tr\\\/wp-content\\\/uploads\\\/sites\\\/6\\\/2021\\\/02\\\/Mardin.jpg\",\"articleSection\":[\"Haberler\"],\"inLanguage\":\"en-US\",\"potentialAction\":[{\"@type\":\"CommentAction\",\"name\":\"Comment\",\"target\":[\"https:\\\/\\\/akunq.net\\\/tr\\\/?p=61535#respond\"]}]},{\"@type\":\"WebPage\",\"@id\":\"https:\\\/\\\/akunq.net\\\/tr\\\/?p=61535\",\"url\":\"https:\\\/\\\/akunq.net\\\/tr\\\/?p=61535\",\"name\":\"Mardin\u2019de turizmcilerin umudu pandemi sonras\u0131 - Bati Ermenistan Ve Bati Ermenileri Sorunlari Ara\u015ftirmalar Merkezi\",\"isPartOf\":{\"@id\":\"https:\\\/\\\/akunq.net\\\/tr\\\/#website\"},\"primaryImageOfPage\":{\"@id\":\"https:\\\/\\\/akunq.net\\\/tr\\\/?p=61535#primaryimage\"},\"image\":{\"@id\":\"https:\\\/\\\/akunq.net\\\/tr\\\/?p=61535#primaryimage\"},\"thumbnailUrl\":\"https:\\\/\\\/akunq.net\\\/tr\\\/wp-content\\\/uploads\\\/sites\\\/6\\\/2021\\\/02\\\/Mardin.jpg\",\"datePublished\":\"2021-02-17T11:41:16+00:00\",\"author\":{\"@id\":\"https:\\\/\\\/akunq.net\\\/tr\\\/#\\\/schema\\\/person\\\/096f1d38a12cce57fb855b485ed24c9e\"},\"breadcrumb\":{\"@id\":\"https:\\\/\\\/akunq.net\\\/tr\\\/?p=61535#breadcrumb\"},\"inLanguage\":\"en-US\",\"potentialAction\":[{\"@type\":\"ReadAction\",\"target\":[\"https:\\\/\\\/akunq.net\\\/tr\\\/?p=61535\"]}]},{\"@type\":\"ImageObject\",\"inLanguage\":\"en-US\",\"@id\":\"https:\\\/\\\/akunq.net\\\/tr\\\/?p=61535#primaryimage\",\"url\":\"https:\\\/\\\/akunq.net\\\/tr\\\/wp-content\\\/uploads\\\/sites\\\/6\\\/2021\\\/02\\\/Mardin.jpg\",\"contentUrl\":\"https:\\\/\\\/akunq.net\\\/tr\\\/wp-content\\\/uploads\\\/sites\\\/6\\\/2021\\\/02\\\/Mardin.jpg\",\"width\":752,\"height\":395},{\"@type\":\"BreadcrumbList\",\"@id\":\"https:\\\/\\\/akunq.net\\\/tr\\\/?p=61535#breadcrumb\",\"itemListElement\":[{\"@type\":\"ListItem\",\"position\":1,\"name\":\"Home\",\"item\":\"https:\\\/\\\/akunq.net\\\/tr\"},{\"@type\":\"ListItem\",\"position\":2,\"name\":\"Mardin\u2019de turizmcilerin umudu pandemi sonras\u0131\"}]},{\"@type\":\"WebSite\",\"@id\":\"https:\\\/\\\/akunq.net\\\/tr\\\/#website\",\"url\":\"https:\\\/\\\/akunq.net\\\/tr\\\/\",\"name\":\"Bati Ermenistan Ve Bati Ermenileri Sorunlari Ara\u015ftirmalar Merkezi\",\"description\":\"\",\"potentialAction\":[{\"@type\":\"SearchAction\",\"target\":{\"@type\":\"EntryPoint\",\"urlTemplate\":\"https:\\\/\\\/akunq.net\\\/tr\\\/?s={search_term_string}\"},\"query-input\":{\"@type\":\"PropertyValueSpecification\",\"valueRequired\":true,\"valueName\":\"search_term_string\"}}],\"inLanguage\":\"en-US\"},{\"@type\":\"Person\",\"@id\":\"https:\\\/\\\/akunq.net\\\/tr\\\/#\\\/schema\\\/person\\\/096f1d38a12cce57fb855b485ed24c9e\",\"name\":\"admin\",\"url\":\"https:\\\/\\\/akunq.net\\\/tr\\\/?author=7\"}]}<\/script>\n<!-- \/ Yoast SEO plugin. -->","yoast_head_json":{"title":"Mardin\u2019de turizmcilerin umudu pandemi sonras\u0131 - Bati Ermenistan Ve Bati Ermenileri Sorunlari Ara\u015ftirmalar Merkezi","robots":{"index":"index","follow":"follow","max-snippet":"max-snippet:-1","max-image-preview":"max-image-preview:large","max-video-preview":"max-video-preview:-1"},"canonical":"https:\/\/akunq.net\/tr\/?p=61535","og_locale":"en_US","og_type":"article","og_title":"Mardin\u2019de turizmcilerin umudu pandemi sonras\u0131 - Bati Ermenistan Ve Bati Ermenileri Sorunlari Ara\u015ftirmalar Merkezi","og_description":"Farkl\u0131 medeniyetleri b\u00fcnyesinde bar\u0131nd\u0131rarak binlerce y\u0131ll\u0131k ge\u00e7mi\u015fi ile son y\u0131llar\u0131n g\u00f6zde \u015fehri olan Mardin\u2019de korona vir\u00fcs nedeniyle turizmciler zor g\u00fcnler ge\u00e7iriyor. Bir\u00e7ok sekt\u00f6r\u00fc \u00f6nemli \u00f6l\u00e7\u00fcde etkileyen Korona vir\u00fcs salg\u0131n\u0131 Mardin\u2019de turizmcileri de olumsuz y\u00f6nde etkiledi. NEZ\u0130R G\u00dcNE\u015e Dinlerin, dillerin ve k\u00fclt\u00fcrlerin y\u00fczy\u0131llardan beridir i\u00e7 i\u00e7e ve karde\u015f\u00e7e ya\u015fand\u0131\u011f\u0131, ta\u015flar\u0131n oya gibi i\u015flendi\u011fi, tarihi camileri, medreseleri, [&hellip;]","og_url":"https:\/\/akunq.net\/tr\/?p=61535","og_site_name":"Bati Ermenistan Ve Bati Ermenileri Sorunlari Ara\u015ftirmalar Merkezi","article_published_time":"2021-02-17T11:41:16+00:00","og_image":[{"width":752,"height":395,"url":"https:\/\/akunq.net\/tr\/wp-content\/uploads\/sites\/6\/2021\/02\/Mardin.jpg","type":"image\/jpeg"}],"author":"admin","twitter_card":"summary_large_image","twitter_misc":{"Written by":"admin","Est. reading time":"5 minutes"},"schema":{"@context":"https:\/\/schema.org","@graph":[{"@type":"Article","@id":"https:\/\/akunq.net\/tr\/?p=61535#article","isPartOf":{"@id":"https:\/\/akunq.net\/tr\/?p=61535"},"author":{"name":"admin","@id":"https:\/\/akunq.net\/tr\/#\/schema\/person\/096f1d38a12cce57fb855b485ed24c9e"},"headline":"Mardin\u2019de turizmcilerin umudu pandemi sonras\u0131","datePublished":"2021-02-17T11:41:16+00:00","mainEntityOfPage":{"@id":"https:\/\/akunq.net\/tr\/?p=61535"},"wordCount":1052,"commentCount":0,"image":{"@id":"https:\/\/akunq.net\/tr\/?p=61535#primaryimage"},"thumbnailUrl":"https:\/\/akunq.net\/tr\/wp-content\/uploads\/sites\/6\/2021\/02\/Mardin.jpg","articleSection":["Haberler"],"inLanguage":"en-US","potentialAction":[{"@type":"CommentAction","name":"Comment","target":["https:\/\/akunq.net\/tr\/?p=61535#respond"]}]},{"@type":"WebPage","@id":"https:\/\/akunq.net\/tr\/?p=61535","url":"https:\/\/akunq.net\/tr\/?p=61535","name":"Mardin\u2019de turizmcilerin umudu pandemi sonras\u0131 - Bati Ermenistan Ve Bati Ermenileri Sorunlari Ara\u015ftirmalar Merkezi","isPartOf":{"@id":"https:\/\/akunq.net\/tr\/#website"},"primaryImageOfPage":{"@id":"https:\/\/akunq.net\/tr\/?p=61535#primaryimage"},"image":{"@id":"https:\/\/akunq.net\/tr\/?p=61535#primaryimage"},"thumbnailUrl":"https:\/\/akunq.net\/tr\/wp-content\/uploads\/sites\/6\/2021\/02\/Mardin.jpg","datePublished":"2021-02-17T11:41:16+00:00","author":{"@id":"https:\/\/akunq.net\/tr\/#\/schema\/person\/096f1d38a12cce57fb855b485ed24c9e"},"breadcrumb":{"@id":"https:\/\/akunq.net\/tr\/?p=61535#breadcrumb"},"inLanguage":"en-US","potentialAction":[{"@type":"ReadAction","target":["https:\/\/akunq.net\/tr\/?p=61535"]}]},{"@type":"ImageObject","inLanguage":"en-US","@id":"https:\/\/akunq.net\/tr\/?p=61535#primaryimage","url":"https:\/\/akunq.net\/tr\/wp-content\/uploads\/sites\/6\/2021\/02\/Mardin.jpg","contentUrl":"https:\/\/akunq.net\/tr\/wp-content\/uploads\/sites\/6\/2021\/02\/Mardin.jpg","width":752,"height":395},{"@type":"BreadcrumbList","@id":"https:\/\/akunq.net\/tr\/?p=61535#breadcrumb","itemListElement":[{"@type":"ListItem","position":1,"name":"Home","item":"https:\/\/akunq.net\/tr"},{"@type":"ListItem","position":2,"name":"Mardin\u2019de turizmcilerin umudu pandemi sonras\u0131"}]},{"@type":"WebSite","@id":"https:\/\/akunq.net\/tr\/#website","url":"https:\/\/akunq.net\/tr\/","name":"Bati Ermenistan Ve Bati Ermenileri Sorunlari Ara\u015ftirmalar Merkezi","description":"","potentialAction":[{"@type":"SearchAction","target":{"@type":"EntryPoint","urlTemplate":"https:\/\/akunq.net\/tr\/?s={search_term_string}"},"query-input":{"@type":"PropertyValueSpecification","valueRequired":true,"valueName":"search_term_string"}}],"inLanguage":"en-US"},{"@type":"Person","@id":"https:\/\/akunq.net\/tr\/#\/schema\/person\/096f1d38a12cce57fb855b485ed24c9e","name":"admin","url":"https:\/\/akunq.net\/tr\/?author=7"}]}},"_links":{"self":[{"href":"https:\/\/akunq.net\/tr\/index.php?rest_route=\/wp\/v2\/posts\/61535","targetHints":{"allow":["GET"]}}],"collection":[{"href":"https:\/\/akunq.net\/tr\/index.php?rest_route=\/wp\/v2\/posts"}],"about":[{"href":"https:\/\/akunq.net\/tr\/index.php?rest_route=\/wp\/v2\/types\/post"}],"author":[{"embeddable":true,"href":"https:\/\/akunq.net\/tr\/index.php?rest_route=\/wp\/v2\/users\/7"}],"replies":[{"embeddable":true,"href":"https:\/\/akunq.net\/tr\/index.php?rest_route=%2Fwp%2Fv2%2Fcomments&post=61535"}],"version-history":[{"count":1,"href":"https:\/\/akunq.net\/tr\/index.php?rest_route=\/wp\/v2\/posts\/61535\/revisions"}],"predecessor-version":[{"id":61537,"href":"https:\/\/akunq.net\/tr\/index.php?rest_route=\/wp\/v2\/posts\/61535\/revisions\/61537"}],"wp:featuredmedia":[{"embeddable":true,"href":"https:\/\/akunq.net\/tr\/index.php?rest_route=\/wp\/v2\/media\/61536"}],"wp:attachment":[{"href":"https:\/\/akunq.net\/tr\/index.php?rest_route=%2Fwp%2Fv2%2Fmedia&parent=61535"}],"wp:term":[{"taxonomy":"category","embeddable":true,"href":"https:\/\/akunq.net\/tr\/index.php?rest_route=%2Fwp%2Fv2%2Fcategories&post=61535"},{"taxonomy":"post_tag","embeddable":true,"href":"https:\/\/akunq.net\/tr\/index.php?rest_route=%2Fwp%2Fv2%2Ftags&post=61535"}],"curies":[{"name":"wp","href":"https:\/\/api.w.org\/{rel}","templated":true}]}}