{"id":61522,"date":"2021-02-17T01:30:49","date_gmt":"2021-02-17T06:30:49","guid":{"rendered":"https:\/\/akunq.net\/tr\/?p=61522"},"modified":"2021-02-17T01:30:49","modified_gmt":"2021-02-17T06:30:49","slug":"ermenistan-disislerinden-aciklama-9-kasim-tarihli-uclu-bildiride-herhangi-bir-koridordan-bahsedilmyor","status":"publish","type":"post","link":"https:\/\/akunq.net\/tr\/?p=61522","title":{"rendered":"Ermenistan D\u0131\u015fi\u015fleri&#8217;nden a\u00e7\u0131klama: &#8220;9 Kas\u0131m tarihli \u00fc\u00e7l\u00fc bildiride herhangi bir koridordan bahsedilmyor&#8221;"},"content":{"rendered":"<p><img loading=\"lazy\" decoding=\"async\" class=\"aligncenter size-medium wp-image-61523\" src=\"https:\/\/akunq.net\/tr\/wp-content\/uploads\/2021\/02\/Anna-Na\u011fdalyan-360x210.jpeg\" alt=\"\" width=\"360\" height=\"210\" srcset=\"https:\/\/akunq.net\/tr\/wp-content\/uploads\/sites\/6\/2021\/02\/Anna-Na\u011fdalyan-360x210.jpeg 360w, https:\/\/akunq.net\/tr\/wp-content\/uploads\/sites\/6\/2021\/02\/Anna-Na\u011fdalyan-768x449.jpeg 768w, https:\/\/akunq.net\/tr\/wp-content\/uploads\/sites\/6\/2021\/02\/Anna-Na\u011fdalyan-560x327.jpeg 560w, https:\/\/akunq.net\/tr\/wp-content\/uploads\/sites\/6\/2021\/02\/Anna-Na\u011fdalyan-260x152.jpeg 260w, https:\/\/akunq.net\/tr\/wp-content\/uploads\/sites\/6\/2021\/02\/Anna-Na\u011fdalyan-160x94.jpeg 160w, https:\/\/akunq.net\/tr\/wp-content\/uploads\/sites\/6\/2021\/02\/Anna-Na\u011fdalyan.jpeg 770w\" sizes=\"auto, (max-width: 360px) 100vw, 360px\" \/><\/p>\n<p><strong><em>Ermenistan D\u0131\u015fi\u015fleri Bakanl\u0131\u011f\u0131 Bas\u0131n S\u00f6zc\u00fcs\u00fc Anna Na\u011fdalyan, Azerbaycan Cumhurba\u015fkan\u0131 \u0130lham Aliyev\u2019in, 9 Kas\u0131m a\u00e7\u0131klamas\u0131nda Nah\u00e7\u0131van koridoru hakk\u0131nda \u00f6zel bir maddenin bulundu\u011funa dair s\u00f6zlerini bas\u0131n mensublar\u0131na a\u00e7\u0131klad\u0131.<\/em><\/strong><\/p>\n<p>Ermenistan Ba\u015fbakan\u0131, Rusya Devlet Ba\u015fkan\u0131 ve Azerbaycan Cumhurba\u015fkan\u0131\u2019n\u0131n 9 Kas\u0131m 2020 tarihli ortak a\u00e7\u0131klamada herhangi bir koridordan bahsedilmedi\u011fini vurgulayan s\u00f6zc\u00fc, metinde sadece Ermenistan\u2019\u0131n topraklar\u0131ndan ge\u00e7en yol veya ileti\u015fim hatt\u0131ndan s\u00f6z edildi\u011fini, ve bu yolun sadece ve sadece Ermenistan\u2019\u0131n egemenli\u011fi ve yetkisi alt\u0131nda olaca\u011f\u0131n\u0131 ifade etti.<\/p>\n<p>Na\u011fdalyan, \u201c9 Kas\u0131m tarihli \u00fc\u00e7l\u00fc a\u00e7\u0131klaman\u0131n 9. maddesinde, \u201cb\u00f6lgedeki t\u00fcm ekonomik ve ula\u015f\u0131m yollar\u0131n\u0131n yeniden a\u00e7\u0131lmas\u0131\u201d \u00f6ng\u00f6r\u00fcl\u00fcyor. Ermenistan, tam bu a\u00e7\u0131dan b\u00f6lgede istikrar sa\u011flama ve i\u015fbirli\u011fi perspektifleri konular\u0131na yakla\u015f\u0131yor. An\u0131lan maddede, herhangi bir koridorun kurulmas\u0131ndan bahsedilmiyor. Ermenistan\u2019\u0131n topraklar\u0131ndan ge\u00e7en her bir yol veya ileti\u015fim hatt\u0131, sadece ve sadece Ermenistan\u2019\u0131n egemenli\u011fi ve yetkisi alt\u0131nda olacakt\u0131r\u201d ifadelerine yer verdi.<\/p>\n<p><em><strong>https:\/\/www.ermenihaber.am\/tr\/news\/2021\/02\/16\/Ermenistan-Azerbaycan\/202478\u00a0<\/strong><\/em><\/p>\n","protected":false},"excerpt":{"rendered":"<p>Ermenistan D\u0131\u015fi\u015fleri Bakanl\u0131\u011f\u0131 Bas\u0131n S\u00f6zc\u00fcs\u00fc Anna Na\u011fdalyan, Azerbaycan Cumhurba\u015fkan\u0131 \u0130lham Aliyev\u2019in, 9 Kas\u0131m a\u00e7\u0131klamas\u0131nda Nah\u00e7\u0131van koridoru hakk\u0131nda \u00f6zel bir maddenin bulundu\u011funa dair s\u00f6zlerini bas\u0131n mensublar\u0131na a\u00e7\u0131klad\u0131. Ermenistan Ba\u015fbakan\u0131, Rusya Devlet Ba\u015fkan\u0131 ve Azerbaycan Cumhurba\u015fkan\u0131\u2019n\u0131n 9 Kas\u0131m 2020 tarihli ortak a\u00e7\u0131klamada herhangi bir koridordan bahsedilmedi\u011fini vurgulayan s\u00f6zc\u00fc, metinde sadece Ermenistan\u2019\u0131n topraklar\u0131ndan ge\u00e7en yol veya ileti\u015fim hatt\u0131ndan [&hellip;]<\/p>\n","protected":false},"author":7,"featured_media":61523,"comment_status":"open","ping_status":"open","sticky":false,"template":"","format":"standard","meta":{"footnotes":""},"categories":[1],"tags":[],"class_list":["post-61522","post","type-post","status-publish","format-standard","has-post-thumbnail","hentry","category-haberler"],"yoast_head":"<!-- This site is optimized with the Yoast SEO plugin v27.4 - https:\/\/yoast.com\/product\/yoast-seo-wordpress\/ -->\n<title>Ermenistan D\u0131\u015fi\u015fleri&#039;nden a\u00e7\u0131klama: &quot;9 Kas\u0131m tarihli \u00fc\u00e7l\u00fc bildiride herhangi bir koridordan bahsedilmyor&quot; - Bati Ermenistan Ve Bati Ermenileri Sorunlari Ara\u015ftirmalar Merkezi<\/title>\n<meta name=\"robots\" content=\"index, follow, max-snippet:-1, max-image-preview:large, max-video-preview:-1\" \/>\n<link rel=\"canonical\" href=\"https:\/\/akunq.net\/tr\/?p=61522\" \/>\n<meta property=\"og:locale\" content=\"en_US\" \/>\n<meta property=\"og:type\" content=\"article\" \/>\n<meta property=\"og:title\" content=\"Ermenistan D\u0131\u015fi\u015fleri&#039;nden a\u00e7\u0131klama: &quot;9 Kas\u0131m tarihli \u00fc\u00e7l\u00fc bildiride herhangi bir koridordan bahsedilmyor&quot; - Bati Ermenistan Ve Bati Ermenileri Sorunlari Ara\u015ftirmalar Merkezi\" \/>\n<meta property=\"og:description\" content=\"Ermenistan D\u0131\u015fi\u015fleri Bakanl\u0131\u011f\u0131 Bas\u0131n S\u00f6zc\u00fcs\u00fc Anna Na\u011fdalyan, Azerbaycan Cumhurba\u015fkan\u0131 \u0130lham Aliyev\u2019in, 9 Kas\u0131m a\u00e7\u0131klamas\u0131nda Nah\u00e7\u0131van koridoru hakk\u0131nda \u00f6zel bir maddenin bulundu\u011funa dair s\u00f6zlerini bas\u0131n mensublar\u0131na a\u00e7\u0131klad\u0131. Ermenistan Ba\u015fbakan\u0131, Rusya Devlet Ba\u015fkan\u0131 ve Azerbaycan Cumhurba\u015fkan\u0131\u2019n\u0131n 9 Kas\u0131m 2020 tarihli ortak a\u00e7\u0131klamada herhangi bir koridordan bahsedilmedi\u011fini vurgulayan s\u00f6zc\u00fc, metinde sadece Ermenistan\u2019\u0131n topraklar\u0131ndan ge\u00e7en yol veya ileti\u015fim hatt\u0131ndan [&hellip;]\" \/>\n<meta property=\"og:url\" content=\"https:\/\/akunq.net\/tr\/?p=61522\" \/>\n<meta property=\"og:site_name\" content=\"Bati Ermenistan Ve Bati Ermenileri Sorunlari Ara\u015ftirmalar Merkezi\" \/>\n<meta property=\"article:published_time\" content=\"2021-02-17T06:30:49+00:00\" \/>\n<meta property=\"og:image\" content=\"https:\/\/akunq.net\/tr\/wp-content\/uploads\/sites\/6\/2021\/02\/Anna-Na\u011fdalyan.jpeg\" \/>\n\t<meta property=\"og:image:width\" content=\"770\" \/>\n\t<meta property=\"og:image:height\" content=\"450\" \/>\n\t<meta property=\"og:image:type\" content=\"image\/jpeg\" \/>\n<meta name=\"author\" content=\"admin\" \/>\n<meta name=\"twitter:card\" content=\"summary_large_image\" \/>\n<meta name=\"twitter:label1\" content=\"Written by\" \/>\n\t<meta name=\"twitter:data1\" content=\"admin\" \/>\n\t<meta name=\"twitter:label2\" content=\"Est. reading time\" \/>\n\t<meta name=\"twitter:data2\" content=\"1 minute\" \/>\n<script type=\"application\/ld+json\" class=\"yoast-schema-graph\">{\"@context\":\"https:\\\/\\\/schema.org\",\"@graph\":[{\"@type\":\"Article\",\"@id\":\"https:\\\/\\\/akunq.net\\\/tr\\\/?p=61522#article\",\"isPartOf\":{\"@id\":\"https:\\\/\\\/akunq.net\\\/tr\\\/?p=61522\"},\"author\":{\"name\":\"admin\",\"@id\":\"https:\\\/\\\/akunq.net\\\/tr\\\/#\\\/schema\\\/person\\\/096f1d38a12cce57fb855b485ed24c9e\"},\"headline\":\"Ermenistan D\u0131\u015fi\u015fleri&#8217;nden a\u00e7\u0131klama: &#8220;9 Kas\u0131m tarihli \u00fc\u00e7l\u00fc bildiride herhangi bir koridordan bahsedilmyor&#8221;\",\"datePublished\":\"2021-02-17T06:30:49+00:00\",\"mainEntityOfPage\":{\"@id\":\"https:\\\/\\\/akunq.net\\\/tr\\\/?p=61522\"},\"wordCount\":213,\"commentCount\":0,\"image\":{\"@id\":\"https:\\\/\\\/akunq.net\\\/tr\\\/?p=61522#primaryimage\"},\"thumbnailUrl\":\"https:\\\/\\\/akunq.net\\\/tr\\\/wp-content\\\/uploads\\\/sites\\\/6\\\/2021\\\/02\\\/Anna-Na\u011fdalyan.jpeg\",\"articleSection\":[\"Haberler\"],\"inLanguage\":\"en-US\",\"potentialAction\":[{\"@type\":\"CommentAction\",\"name\":\"Comment\",\"target\":[\"https:\\\/\\\/akunq.net\\\/tr\\\/?p=61522#respond\"]}]},{\"@type\":\"WebPage\",\"@id\":\"https:\\\/\\\/akunq.net\\\/tr\\\/?p=61522\",\"url\":\"https:\\\/\\\/akunq.net\\\/tr\\\/?p=61522\",\"name\":\"Ermenistan D\u0131\u015fi\u015fleri'nden a\u00e7\u0131klama: \\\"9 Kas\u0131m tarihli \u00fc\u00e7l\u00fc bildiride herhangi bir koridordan bahsedilmyor\\\" - Bati Ermenistan Ve Bati Ermenileri Sorunlari Ara\u015ftirmalar Merkezi\",\"isPartOf\":{\"@id\":\"https:\\\/\\\/akunq.net\\\/tr\\\/#website\"},\"primaryImageOfPage\":{\"@id\":\"https:\\\/\\\/akunq.net\\\/tr\\\/?p=61522#primaryimage\"},\"image\":{\"@id\":\"https:\\\/\\\/akunq.net\\\/tr\\\/?p=61522#primaryimage\"},\"thumbnailUrl\":\"https:\\\/\\\/akunq.net\\\/tr\\\/wp-content\\\/uploads\\\/sites\\\/6\\\/2021\\\/02\\\/Anna-Na\u011fdalyan.jpeg\",\"datePublished\":\"2021-02-17T06:30:49+00:00\",\"author\":{\"@id\":\"https:\\\/\\\/akunq.net\\\/tr\\\/#\\\/schema\\\/person\\\/096f1d38a12cce57fb855b485ed24c9e\"},\"breadcrumb\":{\"@id\":\"https:\\\/\\\/akunq.net\\\/tr\\\/?p=61522#breadcrumb\"},\"inLanguage\":\"en-US\",\"potentialAction\":[{\"@type\":\"ReadAction\",\"target\":[\"https:\\\/\\\/akunq.net\\\/tr\\\/?p=61522\"]}]},{\"@type\":\"ImageObject\",\"inLanguage\":\"en-US\",\"@id\":\"https:\\\/\\\/akunq.net\\\/tr\\\/?p=61522#primaryimage\",\"url\":\"https:\\\/\\\/akunq.net\\\/tr\\\/wp-content\\\/uploads\\\/sites\\\/6\\\/2021\\\/02\\\/Anna-Na\u011fdalyan.jpeg\",\"contentUrl\":\"https:\\\/\\\/akunq.net\\\/tr\\\/wp-content\\\/uploads\\\/sites\\\/6\\\/2021\\\/02\\\/Anna-Na\u011fdalyan.jpeg\",\"width\":770,\"height\":450},{\"@type\":\"BreadcrumbList\",\"@id\":\"https:\\\/\\\/akunq.net\\\/tr\\\/?p=61522#breadcrumb\",\"itemListElement\":[{\"@type\":\"ListItem\",\"position\":1,\"name\":\"Home\",\"item\":\"https:\\\/\\\/akunq.net\\\/tr\"},{\"@type\":\"ListItem\",\"position\":2,\"name\":\"Ermenistan D\u0131\u015fi\u015fleri&#8217;nden a\u00e7\u0131klama: &#8220;9 Kas\u0131m tarihli \u00fc\u00e7l\u00fc bildiride herhangi bir koridordan bahsedilmyor&#8221;\"}]},{\"@type\":\"WebSite\",\"@id\":\"https:\\\/\\\/akunq.net\\\/tr\\\/#website\",\"url\":\"https:\\\/\\\/akunq.net\\\/tr\\\/\",\"name\":\"Bati Ermenistan Ve Bati Ermenileri Sorunlari Ara\u015ftirmalar Merkezi\",\"description\":\"\",\"potentialAction\":[{\"@type\":\"SearchAction\",\"target\":{\"@type\":\"EntryPoint\",\"urlTemplate\":\"https:\\\/\\\/akunq.net\\\/tr\\\/?s={search_term_string}\"},\"query-input\":{\"@type\":\"PropertyValueSpecification\",\"valueRequired\":true,\"valueName\":\"search_term_string\"}}],\"inLanguage\":\"en-US\"},{\"@type\":\"Person\",\"@id\":\"https:\\\/\\\/akunq.net\\\/tr\\\/#\\\/schema\\\/person\\\/096f1d38a12cce57fb855b485ed24c9e\",\"name\":\"admin\",\"url\":\"https:\\\/\\\/akunq.net\\\/tr\\\/?author=7\"}]}<\/script>\n<!-- \/ Yoast SEO plugin. -->","yoast_head_json":{"title":"Ermenistan D\u0131\u015fi\u015fleri'nden a\u00e7\u0131klama: \"9 Kas\u0131m tarihli \u00fc\u00e7l\u00fc bildiride herhangi bir koridordan bahsedilmyor\" - Bati Ermenistan Ve Bati Ermenileri Sorunlari Ara\u015ftirmalar Merkezi","robots":{"index":"index","follow":"follow","max-snippet":"max-snippet:-1","max-image-preview":"max-image-preview:large","max-video-preview":"max-video-preview:-1"},"canonical":"https:\/\/akunq.net\/tr\/?p=61522","og_locale":"en_US","og_type":"article","og_title":"Ermenistan D\u0131\u015fi\u015fleri'nden a\u00e7\u0131klama: \"9 Kas\u0131m tarihli \u00fc\u00e7l\u00fc bildiride herhangi bir koridordan bahsedilmyor\" - Bati Ermenistan Ve Bati Ermenileri Sorunlari Ara\u015ftirmalar Merkezi","og_description":"Ermenistan D\u0131\u015fi\u015fleri Bakanl\u0131\u011f\u0131 Bas\u0131n S\u00f6zc\u00fcs\u00fc Anna Na\u011fdalyan, Azerbaycan Cumhurba\u015fkan\u0131 \u0130lham Aliyev\u2019in, 9 Kas\u0131m a\u00e7\u0131klamas\u0131nda Nah\u00e7\u0131van koridoru hakk\u0131nda \u00f6zel bir maddenin bulundu\u011funa dair s\u00f6zlerini bas\u0131n mensublar\u0131na a\u00e7\u0131klad\u0131. Ermenistan Ba\u015fbakan\u0131, Rusya Devlet Ba\u015fkan\u0131 ve Azerbaycan Cumhurba\u015fkan\u0131\u2019n\u0131n 9 Kas\u0131m 2020 tarihli ortak a\u00e7\u0131klamada herhangi bir koridordan bahsedilmedi\u011fini vurgulayan s\u00f6zc\u00fc, metinde sadece Ermenistan\u2019\u0131n topraklar\u0131ndan ge\u00e7en yol veya ileti\u015fim hatt\u0131ndan [&hellip;]","og_url":"https:\/\/akunq.net\/tr\/?p=61522","og_site_name":"Bati Ermenistan Ve Bati Ermenileri Sorunlari Ara\u015ftirmalar Merkezi","article_published_time":"2021-02-17T06:30:49+00:00","og_image":[{"width":770,"height":450,"url":"https:\/\/akunq.net\/tr\/wp-content\/uploads\/sites\/6\/2021\/02\/Anna-Na\u011fdalyan.jpeg","type":"image\/jpeg"}],"author":"admin","twitter_card":"summary_large_image","twitter_misc":{"Written by":"admin","Est. reading time":"1 minute"},"schema":{"@context":"https:\/\/schema.org","@graph":[{"@type":"Article","@id":"https:\/\/akunq.net\/tr\/?p=61522#article","isPartOf":{"@id":"https:\/\/akunq.net\/tr\/?p=61522"},"author":{"name":"admin","@id":"https:\/\/akunq.net\/tr\/#\/schema\/person\/096f1d38a12cce57fb855b485ed24c9e"},"headline":"Ermenistan D\u0131\u015fi\u015fleri&#8217;nden a\u00e7\u0131klama: &#8220;9 Kas\u0131m tarihli \u00fc\u00e7l\u00fc bildiride herhangi bir koridordan bahsedilmyor&#8221;","datePublished":"2021-02-17T06:30:49+00:00","mainEntityOfPage":{"@id":"https:\/\/akunq.net\/tr\/?p=61522"},"wordCount":213,"commentCount":0,"image":{"@id":"https:\/\/akunq.net\/tr\/?p=61522#primaryimage"},"thumbnailUrl":"https:\/\/akunq.net\/tr\/wp-content\/uploads\/sites\/6\/2021\/02\/Anna-Na\u011fdalyan.jpeg","articleSection":["Haberler"],"inLanguage":"en-US","potentialAction":[{"@type":"CommentAction","name":"Comment","target":["https:\/\/akunq.net\/tr\/?p=61522#respond"]}]},{"@type":"WebPage","@id":"https:\/\/akunq.net\/tr\/?p=61522","url":"https:\/\/akunq.net\/tr\/?p=61522","name":"Ermenistan D\u0131\u015fi\u015fleri'nden a\u00e7\u0131klama: \"9 Kas\u0131m tarihli \u00fc\u00e7l\u00fc bildiride herhangi bir koridordan bahsedilmyor\" - Bati Ermenistan Ve Bati Ermenileri Sorunlari Ara\u015ftirmalar Merkezi","isPartOf":{"@id":"https:\/\/akunq.net\/tr\/#website"},"primaryImageOfPage":{"@id":"https:\/\/akunq.net\/tr\/?p=61522#primaryimage"},"image":{"@id":"https:\/\/akunq.net\/tr\/?p=61522#primaryimage"},"thumbnailUrl":"https:\/\/akunq.net\/tr\/wp-content\/uploads\/sites\/6\/2021\/02\/Anna-Na\u011fdalyan.jpeg","datePublished":"2021-02-17T06:30:49+00:00","author":{"@id":"https:\/\/akunq.net\/tr\/#\/schema\/person\/096f1d38a12cce57fb855b485ed24c9e"},"breadcrumb":{"@id":"https:\/\/akunq.net\/tr\/?p=61522#breadcrumb"},"inLanguage":"en-US","potentialAction":[{"@type":"ReadAction","target":["https:\/\/akunq.net\/tr\/?p=61522"]}]},{"@type":"ImageObject","inLanguage":"en-US","@id":"https:\/\/akunq.net\/tr\/?p=61522#primaryimage","url":"https:\/\/akunq.net\/tr\/wp-content\/uploads\/sites\/6\/2021\/02\/Anna-Na\u011fdalyan.jpeg","contentUrl":"https:\/\/akunq.net\/tr\/wp-content\/uploads\/sites\/6\/2021\/02\/Anna-Na\u011fdalyan.jpeg","width":770,"height":450},{"@type":"BreadcrumbList","@id":"https:\/\/akunq.net\/tr\/?p=61522#breadcrumb","itemListElement":[{"@type":"ListItem","position":1,"name":"Home","item":"https:\/\/akunq.net\/tr"},{"@type":"ListItem","position":2,"name":"Ermenistan D\u0131\u015fi\u015fleri&#8217;nden a\u00e7\u0131klama: &#8220;9 Kas\u0131m tarihli \u00fc\u00e7l\u00fc bildiride herhangi bir koridordan bahsedilmyor&#8221;"}]},{"@type":"WebSite","@id":"https:\/\/akunq.net\/tr\/#website","url":"https:\/\/akunq.net\/tr\/","name":"Bati Ermenistan Ve Bati Ermenileri Sorunlari Ara\u015ftirmalar Merkezi","description":"","potentialAction":[{"@type":"SearchAction","target":{"@type":"EntryPoint","urlTemplate":"https:\/\/akunq.net\/tr\/?s={search_term_string}"},"query-input":{"@type":"PropertyValueSpecification","valueRequired":true,"valueName":"search_term_string"}}],"inLanguage":"en-US"},{"@type":"Person","@id":"https:\/\/akunq.net\/tr\/#\/schema\/person\/096f1d38a12cce57fb855b485ed24c9e","name":"admin","url":"https:\/\/akunq.net\/tr\/?author=7"}]}},"_links":{"self":[{"href":"https:\/\/akunq.net\/tr\/index.php?rest_route=\/wp\/v2\/posts\/61522","targetHints":{"allow":["GET"]}}],"collection":[{"href":"https:\/\/akunq.net\/tr\/index.php?rest_route=\/wp\/v2\/posts"}],"about":[{"href":"https:\/\/akunq.net\/tr\/index.php?rest_route=\/wp\/v2\/types\/post"}],"author":[{"embeddable":true,"href":"https:\/\/akunq.net\/tr\/index.php?rest_route=\/wp\/v2\/users\/7"}],"replies":[{"embeddable":true,"href":"https:\/\/akunq.net\/tr\/index.php?rest_route=%2Fwp%2Fv2%2Fcomments&post=61522"}],"version-history":[{"count":1,"href":"https:\/\/akunq.net\/tr\/index.php?rest_route=\/wp\/v2\/posts\/61522\/revisions"}],"predecessor-version":[{"id":61524,"href":"https:\/\/akunq.net\/tr\/index.php?rest_route=\/wp\/v2\/posts\/61522\/revisions\/61524"}],"wp:featuredmedia":[{"embeddable":true,"href":"https:\/\/akunq.net\/tr\/index.php?rest_route=\/wp\/v2\/media\/61523"}],"wp:attachment":[{"href":"https:\/\/akunq.net\/tr\/index.php?rest_route=%2Fwp%2Fv2%2Fmedia&parent=61522"}],"wp:term":[{"taxonomy":"category","embeddable":true,"href":"https:\/\/akunq.net\/tr\/index.php?rest_route=%2Fwp%2Fv2%2Fcategories&post=61522"},{"taxonomy":"post_tag","embeddable":true,"href":"https:\/\/akunq.net\/tr\/index.php?rest_route=%2Fwp%2Fv2%2Ftags&post=61522"}],"curies":[{"name":"wp","href":"https:\/\/api.w.org\/{rel}","templated":true}]}}