{"id":61512,"date":"2021-02-16T01:50:36","date_gmt":"2021-02-16T06:50:36","guid":{"rendered":"https:\/\/akunq.net\/tr\/?p=61512"},"modified":"2021-02-16T01:50:36","modified_gmt":"2021-02-16T06:50:36","slug":"turkiyenin-vicdani-ve-baris-elcisi-kemal-yalcin","status":"publish","type":"post","link":"https:\/\/akunq.net\/tr\/?p=61512","title":{"rendered":"T\u00fcrkiye\u2019nin vicdan\u0131 ve bar\u0131\u015f el\u00e7isi Kemal Yal\u00e7\u0131n"},"content":{"rendered":"<p><img loading=\"lazy\" decoding=\"async\" class=\"aligncenter size-medium wp-image-61513\" src=\"https:\/\/akunq.net\/tr\/wp-content\/uploads\/2021\/02\/Kemal-Yal\u00e7\u0131n-360x208.jpg\" alt=\"\" width=\"360\" height=\"208\" srcset=\"https:\/\/akunq.net\/tr\/wp-content\/uploads\/sites\/6\/2021\/02\/Kemal-Yal\u00e7\u0131n-360x208.jpg 360w, https:\/\/akunq.net\/tr\/wp-content\/uploads\/sites\/6\/2021\/02\/Kemal-Yal\u00e7\u0131n-768x444.jpg 768w, https:\/\/akunq.net\/tr\/wp-content\/uploads\/sites\/6\/2021\/02\/Kemal-Yal\u00e7\u0131n-560x324.jpg 560w, https:\/\/akunq.net\/tr\/wp-content\/uploads\/sites\/6\/2021\/02\/Kemal-Yal\u00e7\u0131n-260x150.jpg 260w, https:\/\/akunq.net\/tr\/wp-content\/uploads\/sites\/6\/2021\/02\/Kemal-Yal\u00e7\u0131n-160x93.jpg 160w, https:\/\/akunq.net\/tr\/wp-content\/uploads\/sites\/6\/2021\/02\/Kemal-Yal\u00e7\u0131n.jpg 800w\" sizes=\"auto, (max-width: 360px) 100vw, 360px\" \/><\/p>\n<p><em><strong>Bir\u00e7ok Ermeni, Rum, S\u00fcryani Kemal Yal\u00e7\u0131n\u2019\u0131n kitaplar\u0131n\u0131 okuyarak T\u00fcrklerle, K\u00fcrtlerle yeniden bar\u0131\u015fm\u0131\u015ft\u0131r.<\/strong><\/em><\/p>\n<p><strong>Fikret G\u00dcNE\u015e<\/strong><\/p>\n<p>K\u00fcst\u00fcrd\u00fcm bar\u0131\u015famam<br \/>\nAyr\u0131ld\u0131m kavu\u015famam<br \/>\nG\u00f6z a\u00e7t\u0131m seni g\u00f6rd\u00fcm<br \/>\nYad\u0131nan konu\u015famam<\/p>\n<p>Zaral\u0131 Ermeni Kirkor Ceyhan\u2019\u0131n annesinin s\u00f6yledi\u011fi bu seferberlik t\u00fcrk\u00fcs\u00fcn\u00fc \u00e7o\u011fumuz biliriz, fakat bu t\u00fcrk\u00fcn\u00fcn nerde, ni\u00e7in, ne zaman ve kimin i\u00e7in s\u00f6ylendi\u011fini bilmeyiz veya baz\u0131lar\u0131 bilmek istemez. T\u0131pk\u0131 bu t\u00fcrk\u00fc gibi daha binlerce beste, \u015fiir, masal, \u00f6yk\u00fc; han, hamam, kilise, cami, k\u00f6pr\u00fc ya da yerle\u015fim yeri, da\u011f ve nehirlerin ger\u00e7ek sahiplerini, isimlerini merak edip sormad\u0131k. Birileri kendi kafa yap\u0131s\u0131na g\u00f6re tarihini, ad\u0131n\u0131 ve anlam\u0131n\u0131 de\u011fi\u015ftirdi.<\/p>\n<p>Yazar Kemal Yal\u00e7\u0131n 1992-1994 y\u0131llar\u0131nda Dortmund\u2019da Kuzey Ren Vestfalya Eyaleti E\u011fitim Bakanl\u0131\u011f\u0131n\u0131n Gesamtschule T\u00fcrk\u00e7e \u00d6\u011fretmenleri i\u00e7in a\u00e7t\u0131\u011f\u0131 Mesleki\u00e7i Geli\u015ftirme Kursu\u2019na kat\u0131l\u0131r. Kurs \u00f6\u011fretmeni \u0130stanbullu Meline Pohlman\u2019\u0131n Ermeni oldu\u011funu \u00f6\u011frenir. T\u00fcrk\u00e7e \u00f6\u011fretmenlerine T\u00fcrk\u00e7e dersi veren Meline d\u00fcnyan\u0131n \u00e7e\u015fitli y\u00f6relerinden edebi eserleri T\u00fcrk\u00e7e \u00f6\u011fretmenleriyle kurslarda i\u015fler.<\/p>\n<p>Kurs bittikten sonra Yal\u00e7\u0131n bir g\u00fcn Meline\u2019ye:<\/p>\n<p>\u201cNeden bize bir Ermeni masal\u0131n\u0131, bir Ermeni \u015fiirini, bir Ermeni \u00f6yk\u00fcs\u00fcn\u00fc anlatmad\u0131n\u0131z?\u201d diye sorar.<\/p>\n<p>Meline: \u201cAnam siz sordunuz mu ki? Alt\u0131 y\u0131l bekledim. 150 \u00f6\u011fretmene \u00f6\u011fretmenlik yapt\u0131m. Bir tanesi \u00e7\u0131k\u0131p da bize Ermenice bir \u015fiir oku, Ermeni masallar\u0131ndan bir \u00f6rnek ver demedi,\u201d der.<\/p>\n<p>Kemal Yal\u00e7\u0131n bu konu\u015fmadan sonra adeta sars\u0131l\u0131r. T\u00fcrkiye\u2019de \u0130stanbul \u00dcniversitesi Felsefe B\u00f6l\u00fcm\u00fc\u2019n\u00fc bitirmi\u015f, felsefe \u00f6\u011fretmeni olarak \u0130stanbul Kabata\u015f Erkek Lisesi\u2019nde \u00e7al\u0131\u015fm\u0131\u015f. Meslek hayat\u0131nda sol, sosyalist d\u00fc\u015f\u00fcnceleri savunmu\u015f, Halk\u0131n Yolu adl\u0131 sol, haftal\u0131k bir gazetenin 1978-1980 y\u0131llar\u0131nda sahibi olmu\u015f. 1975-1976 y\u0131llar\u0131nda T\u00fcm \u00d6\u011fretmenler Birle\u015fme ve Dayan\u0131\u015fma Derne\u011fi (T\u00d6B-DER) Genel Y\u00f6netim Kurulu \u00dcyeli\u011fi ve T\u00d6B-DER \u0130\u00e7 Anadolu Temsilci\u011fi yapm\u0131\u015f, \u00e7e\u015fitli sivil toplum kurumlar\u0131nda g\u00f6rev alm\u0131\u015f, fakat Ermeni meselesini, Ermeni soyk\u0131r\u0131m\u0131n\u0131 \u00f6\u011frenmemi\u015f. Kemal Yal\u00e7\u0131n bu duyars\u0131zl\u0131\u011f\u0131ndan kendi kendine utan\u0131r.<\/p>\n<p>Bu olaydan sonra Yazar Kemal Yal\u00e7\u0131n 1994 y\u0131l\u0131ndan itibaren T\u00fcrkiye\u2019de Ermeni ger\u00e7e\u011fini ara\u015ft\u0131rmak i\u00e7in kollar\u0131 s\u0131var.<\/p>\n<p>1998 y\u0131l\u0131nda Denizli-Honaz\u2019da ya\u015fayan aile meclisinde 1915 felaketinden kurtulmu\u015f ya\u015fl\u0131 Ermenileri aramaya gidece\u011fini, T\u00fcrkiye\u2019yi dola\u015faca\u011f\u0131n\u0131 s\u00f6yler.<\/p>\n<p>Annesinden ba\u015fka herkes, a\u011fabeyleri, ablalar\u0131, ye\u011fenleri kar\u015f\u0131 \u00e7\u0131karlar.<\/p>\n<p>\u201cErmeni i\u015fi Rum i\u015fine benzemez! Ba\u015f\u0131n\u0131 belaya sokma, b\u0131rak bu i\u015fi!\u201d derler. Yaln\u0131z annesi Yal\u00e7\u0131n\u2019\u0131 destekler ve cesaret verir:<\/p>\n<p>\u201cErmeniler Allah\u2019\u0131n kulu de\u011fil mi? Onlar insan de\u011fil mi? Git ara bul, onlarla konu\u015f!\u201d der. Kemal Yal\u00e7\u0131n yollara d\u00fc\u015fer. G\u00f6r\u00fc\u015ft\u00fc\u011f\u00fc insanlar konu\u015fmak istemezler; kimi \u201cBu civarda b\u00f6yle olaylar hi\u00e7 olmam\u0131\u015f, hepsi yalan d\u00fc\u015fmanlar\u0131m\u0131z\u0131n tuzaklar\u0131,\u201d der. Baz\u0131lar\u0131 da \u00f6\u011f\u00fct verir: \u201cFazla kurcalama bu i\u015fi!\u201d derler.<\/p>\n<p>Yal\u00e7\u0131n yoluna devam eder, hi\u00e7 y\u0131lmaz. Amasya\u2019dan ba\u015flayarak Ta\u015fova, Erbaa, Erzincan, Erzurum, A\u015fkale, Pasinler, Kars, Ani, Van, Malatya, Elaz\u0131\u011f, Ad\u0131yaman, Kahta, Diyarbak\u0131r, Mardin, Midyat, Nusaybin, Hasankeyf, \u0130dil, Gerc\u00fc\u015f, Ankara, \u0130stanbul\u2019da ya\u015fl\u0131 Ermenileri bulur ve konu\u015fur.<\/p>\n<p>Zorla M\u00fcsl\u00fcmanla\u015ft\u0131r\u0131lan Ermenilerle konu\u015fur. 1942 y\u0131l\u0131ndaki Varl\u0131k Vergisi uygulamas\u0131ndan da\u011f\u0131lan, ma\u011fdur olan ailelerle konu\u015fur. A\u015fkale\u2019ye giderek yerli halktan Gayrim\u00fcslimlerin \u00e7al\u0131\u015fma kaplar\u0131 hakk\u0131nda bilgi toplar. Ne yaz\u0131k ki yerli halktan \u00e7o\u011fu bilgi vermek istemez.<\/p>\n<p>Yasak, bin kiliseli Ani harabelerini gezer. Bin sene \u00f6nce in\u015fa edilen \u015fehrin geride kalm\u0131\u015f, y\u0131k\u0131k, harabe mimarisine hayran kal\u0131r.<\/p>\n<p>Bir\u00e7ok insan kar\u015f\u0131lar\u0131nda bir T\u00fcrk yazar\u0131n\u0131 g\u00f6rmelerine hem \u00fcz\u00fcl\u00fcr hem sevinirler. T\u0131pk\u0131 Meline Pohlman\u2019\u0131n dedi\u011fi gibi:<\/p>\n<p>\u201cBug\u00fcne kadar kimse bize \u2018Siz kimsiniz, neler ya\u015fad\u0131n\u0131z?\u2019 diye sormad\u0131.\u201d derler.<\/p>\n<p>Kemal Yal\u00e7\u0131n esas ad\u0131 \u201cZaruhi\u201d olan Amasya\u2019n\u0131n Filingirler adl\u0131 bir Alevi k\u00f6y\u00fcnde ya\u015fayan \u201cSafiye G\u00fcner\u201d adl\u0131 ya\u015fl\u0131 bir Ermeni kad\u0131n\u0131 bulur. Safiye G\u00fcner asl\u0131n\u0131n Ermeni oldu\u011funu, as\u0131l ad\u0131n\u0131n \u201cZaruhi\u201d oldu\u011funu torunlar\u0131ndan bile gizlemi\u015ftir. Zaruhi ilk kez Kemal Yal\u00e7\u0131n\u2019\u0131n yan\u0131nda torunlar\u0131na Ermeni oldu\u011funu, esas ad\u0131n\u0131n Zaruhi oldu\u011funu a\u011flayarak a\u00e7\u0131klar ve bir soruyla ba\u015flar hayat\u0131n\u0131 anlatmaya:<\/p>\n<p>\u201c\u2026Yang\u0131n yeri nedir bilir misin? Bir ev yanar, k\u00fcl olur, kavrulmu\u015ftur \u00e7i\u00e7ekler\u2026R\u00fczg\u00e2rlara savrulur g\u00f6z\u00fcnden bile saklad\u0131\u011f\u0131n insanlar, canl\u0131lar. Bir de yang\u0131ndan kurtulan \u00e7oluk \u00e7ocuk, \u00f6teden beri vard\u0131r. Yang\u0131n kokusu, korkusu ge\u00e7mez y\u0131llarca \u00fczerinden\u2026 Sen hi\u00e7 orman yang\u0131n\u0131n\u0131 g\u00f6rd\u00fcn m\u00fc? Nas\u0131l yanar yemye\u015fil \u00e7amlar, otlar? Toprak nas\u0131l \u00e7atlar? Kozalaklar nas\u0131l \u00e7\u0131ld\u0131r\u0131r? Karanl\u0131kta iz izlersin, yang\u0131ndan ka\u00e7mak i\u00e7in kendini yakan kozalaklar\u2026 Kozalaklar ka\u00e7ay\u0131m derken yayarlar yang\u0131n\u0131\u2026 Tek t\u00fck a\u011fa\u00e7lar, \u00e7al\u0131lar, \u00e7amlar kal\u0131r kapkara, k\u00f6m\u00fcrle\u015fmi\u015f yang\u0131n yerinde\u2026 Ye\u015fermez uzun zaman yanan da\u011flar. Ye\u015ferse bile eski hali kalmaz\u2026 P\u0131narlar kurur, sular kesilir\u2026 \u00c7ok emek ister yang\u0131n yerlerinin yeniden ye\u015fermesi\u2026 Sab\u0131r ister, sevgi ister\u2026\u201d<\/p>\n<p>Kemal Yal\u00e7\u0131n, Zaruhi gibi daha bir\u00e7ok \u201ck\u0131l\u0131\u00e7 art\u0131\u011f\u0131\u201d Ermenilerin ba\u015f\u0131ndan ge\u00e7en olaylar\u0131, ac\u0131lar\u0131, s\u00fcrg\u00fcnleri, Seninle G\u00fcler Y\u00fcre\u011fim adl\u0131 kitab\u0131nda romanla\u015ft\u0131r\u0131r.<\/p>\n<p>1914 y\u0131l\u0131nda yap\u0131lan son Osmanl\u0131 \u0130mparatorlu\u011fu n\u00fcfus say\u0131m\u0131na g\u00f6re, \u015fimdiki T\u00fcrkiye Cumhuriyeti s\u0131n\u0131rlar\u0131 i\u00e7inde toplam 16,5 Milyon insan ya\u015f\u0131yordu. Bunlar\u0131n yakla\u015f\u0131k d\u00f6rt milyon kadar\u0131 H\u0131ristiyan idi, M\u00fcsl\u00fcman olmayan insanlard\u0131. Ermeni, Rum, S\u00fcryani, Nasturi, Ezidi, Levanten, Musevi idi.<\/p>\n<p>Aradan 107 y\u0131l ge\u00e7ti. T\u00fcrkiye\u2019nin n\u00fcfusu 85 milyon oldu. E\u011fer k\u0131y\u0131mlar, soyk\u0131r\u0131mlar, s\u00fcrg\u00fcnler olmasayd\u0131, insanlar huzur i\u00e7inde ya\u015fam\u0131\u015f olsalard\u0131 g\u00fcn\u00fcm\u00fczde T\u00fcrkiye\u2019de 15-20 milyon kadar Hristiyan, M\u00fcsl\u00fcman olmayan insan olmas\u0131 gerekirdi. Halbuki g\u00fcn\u00fcm\u00fczde T\u00fcrkiye\u2019de t\u00fcm Hristiyanlar\u0131n, M\u00fcsl\u00fcman olmayanlar\u0131n toplam say\u0131s\u0131 100 binin alt\u0131na d\u00fc\u015fm\u00fc\u015ft\u00fcr.<\/p>\n<p>Bu tespit Yal\u00e7\u0131n\u2019da derin bir k\u0131r\u0131lma yarat\u0131r. \u00c7ok renkli, \u00e7ok k\u00fclt\u00fcrl\u00fc, \u00e7ok milliyetli, \u00e7ok inan\u00e7l\u0131 olan Anadolu\u2019nun bu kavim insanlar\u0131 ne oldu, nereye gittiler, neden ve ne zaman Anadolu\u2019yu terk ettiler?<\/p>\n<p>B\u00fct\u00fcn bu sorulara cevap aramaya \u00e7al\u0131\u015fan Yal\u00e7\u0131n bu insanlar\u0131n pe\u015fine d\u00fc\u015fer. \u00d6nce m\u00fcbadele sonucu Yunanistan\u2019a s\u00fcr\u00fclen Rumlar\u0131 bulur, onlarla konu\u015fur. Daha sonra Avrupa\u2019n\u0131n \u00e7e\u015fitli \u00fclkelerinde Anadolu\u2019dan g\u00f6\u00e7 etmi\u015f Ermeni, S\u00fcryani, Rum, Ezidi, K\u00fcrt, T\u00fcrk, Arap insanlarla konu\u015fur. Onlar\u0131n ac\u0131lar\u0131n\u0131, \u00e7ilelerini ve umutlar\u0131n\u0131 k\u00e2\u011f\u0131da d\u00f6ker.<\/p>\n<p>Onlarla beraber tarihin karanl\u0131k derinliklerine giderken \u00e7o\u011fu zaman a\u011flar, \u00e7o\u011fu zaman h\u00fcz\u00fcnlenirler. G\u00fcnlerce uykusu ka\u00e7ar. Nas\u0131l bir d\u00fcnya bu, nas\u0131l bir T\u00fcrkiye bu? Nas\u0131l bir insanl\u0131k? B\u00fct\u00fcn bunlar kimin ad\u0131na, neden yap\u0131lm\u0131\u015f? Sorular sorular\u2026<\/p>\n<p>Konu\u015ftu\u011fu Anadolu\u2019nun Evlatlar\u0131 kar\u015f\u0131lar\u0131nda bir T\u00fcrk yazar\u0131n\u0131 g\u00f6rd\u00fcklerinde duygulan\u0131rlar, a\u011flarlar, Kemal Yal\u00e7\u0131n\u2019a sar\u0131larak \u201cGel seni bir kucaklayay\u0131m. Sen \u0130stanbul kokuyorsun, sen Midyat kokuyorsun. Sen bizim oral\u0131s\u0131n!\u201d derler.<\/p>\n<p>Yal\u00e7\u0131n b\u00fct\u00fcn bu \u00e7al\u0131\u015fmalar\u0131n\u0131 Emanet \u00c7eyiz, Seninle G\u00fcler Y\u00fcre\u011fim, Sar\u0131 Gelin- Sari Gyalin, Karde\u015flerim Var Uzakta, Anadolu\u2019nun Evlatlar\u0131, Hayatta Kalanlar, S\u00fcryaniler ve SEYFO, S\u00fcryani Halk Kahraman\u0131 \u015eemun Hanne Haydo ve Tek Kanatl\u0131 Kartal adl\u0131 kitaplar\u0131nda yay\u0131nlar.<\/p>\n<p>Kemal Yal\u00e7\u0131n\u2019\u0131n kitaplar\u0131 \u0130ngilizce, Almanca, \u0130talyanca, Ermenice, Arap\u00e7a, Fars\u00e7a, \u0130spanyolca, Yunanca, K\u00fcrt\u00e7e, S\u00fcryanice, Hollandaca olmak \u00fczere bir\u00e7ok dile \u00e7evrilir.<\/p>\n<p>Kemal Yal\u00e7\u0131n T\u00fcrkiye\u2019de ve d\u00fcnyan\u0131n \u00e7e\u015fitli \u00fclkelerinde d\u00f6rt ayr\u0131 bar\u0131\u015f \u00f6d\u00fcl\u00fc al\u0131r.<\/p>\n<p>Yal\u00e7\u0131n Avrupa\u2019n\u0131n hemen hemen b\u00fct\u00fcn \u00fclkelerinde, Amerika Birle\u015fik Devletleri\u2019nde, Kanada\u2019da, Ermenistan, \u0130srail, \u00dcrd\u00fcn, \u0130sve\u00e7, \u0130svi\u00e7re, Fransa, Hollanda, Bel\u00e7ika gibi d\u00fcnyan\u0131n bir\u00e7ok \u00fclkesinde okumalar yapar, konferanslar verir.<\/p>\n<p>Kemal Yal\u00e7\u0131n\u2019\u0131n Seninle G\u00fcler Y\u00fcre\u011fim kitab\u0131 Amerika Birle\u015fik Devletleri\u2019nde ya\u015fayan Karina Kocayan taraf\u0131ndan tiyatroya uyarlan\u0131r.<\/p>\n<p>Oyun g\u00f6sterildi\u011fi her yerde b\u00fcy\u00fck bir ilgi g\u00f6r\u00fcr. Yal\u00e7\u0131n ba\u015fta New York, Las Vegas, Los Angeles olmak \u00fczere Amerika Birle\u015fik Devletleri\u2019nde ve Ermenistan\u2019da Vanadzor, Yerevan, G\u00fcmr\u00fc \u015fehirdeki g\u00f6sterilerde haz\u0131r bulunur.<\/p>\n<p>Yazar, orada oyunu g\u00f6zya\u015flar\u0131yla izleyen insanlar\u0131n o katliam\u0131 tekrar ya\u015fad\u0131\u011f\u0131na tan\u0131k olur. Onlar kendi ac\u0131lar\u0131n\u0131 b\u00fcy\u00fck bir cesaretle dile getirdi\u011fi i\u00e7in Yal\u00e7\u0131n\u2019a te\u015fekk\u00fcr ederler. \u201c\u015eimdiye kadar T\u00fcrklerden nefret ederdim. Sen bir T\u00fcrk olarak bizi yazd\u0131n sana te\u015fekk\u00fcr ederiz!\u2019 derler. Yal\u00e7\u0131n\u2019\u0131 evlerine davet ederler. Beraber yolculuk ederler, Yal\u00e7\u0131n\u2019a terc\u00fcmanl\u0131k, rehberlik ederler. Amerika\u2019dan Ermenistan\u2019a kadar uzanan bu yolculukta Yal\u00e7\u0131n tekrar elde etti\u011fi izlenimleri, g\u00f6zlemleri bir araya getirir ve Tek Kanatl\u0131 Kartal adl\u0131 yeni kitab\u0131nda yay\u0131nlar.<\/p>\n<p>Tek Kanatl\u0131 Kartal kendini okutuyor, adeta eski bir dostunu sohbete, kahve i\u00e7meye davet edercesine okumaya davet ediyor. Bu kitapta insan ili\u015fkileri, dostluklar\u0131 okuduk\u00e7a insan kendini Anadolu\u2019nun kadim k\u00fclt\u00fcrlerinin derinliklerinde buluyor. G\u00fczelliklerin, dayan\u0131\u015fmalar\u0131n yan\u0131nda ac\u0131lar\u0131, vefas\u0131zl\u0131klar\u0131 ve s\u00fcrg\u00fcnleri okuduk\u00e7a, Anadolu\u2019nun o katliam co\u011frafyas\u0131 bir filim gibi insan\u0131n g\u00f6zlerinin \u00f6n\u00fcne seriliyor.<\/p>\n<p>K\u0131talararas\u0131 bu uzun yolculuk an\u0131nda Yal\u00e7\u0131n bir daha fark\u0131na var\u0131r ki Anadolu\u2019dan ka\u00e7an, ka\u00e7\u0131rt\u0131lan Anadolu\u2019nun bu evlatlar\u0131 gittikleri \u00fclkelerde, yang\u0131ndan ka\u00e7an kozalaklar gibi h\u00e2l\u00e2 yand\u0131klar\u0131n\u0131n fark\u0131na var\u0131r. Bulunduklar\u0131 \u00fclkelerde mal, m\u00fclk, \u00e7ocuk, torun sahibi olmu\u015flar fakat h\u00e2l\u00e2 bir taraf\u0131 eksik dururlar, bir taraf\u0131n\u0131 Anadolu\u2019da b\u0131rakm\u0131\u015flar. \u015eimdi ya\u015fad\u0131klar\u0131 \u00fclkelerde tek kanatl\u0131 kartal gibi ya\u015famaktad\u0131rlar. Do\u011fup b\u00fcy\u00fcd\u00fckleri topraklar\u0131 hi\u00e7bir zaman unutmam\u0131\u015flar, o topraklar gece g\u00fcnd\u00fcz akl\u0131ndan hi\u00e7 \u00e7\u0131kmam\u0131\u015ft\u0131r. Anadolu\u2019da \u00e7ok b\u00fcy\u00fck i\u015flere imza atm\u0131\u015f gerek kom\u015fular\u0131na gerekse \u00fclkesine; ba\u015fta k\u00fclt\u00fcr, sanat, mimari, sanayi gibi bir\u00e7ok hizmette bulunmu\u015flard\u0131r.<\/p>\n<p>K\u0131nal\u0131adal\u0131 Setko Seter Tek Kanatl\u0131 Kartal\u2019da anlat\u0131yor: \u201cBenim babam \u00e7ok i\u015fler yapm\u0131\u015f, fakat bunlar\u0131n en \u00f6nemlisini s\u00f6yleyeyim: Babam \u0130stanbullulara temiz i\u00e7me suyu verebilmek i\u00e7in m\u00fchendis olarak \u00e7ok \u00e7al\u0131\u015fm\u0131\u015f. Taksim\u2019deki Sular \u0130daresi binalar\u0131n\u0131 babam yenilemi\u015f ve geli\u015ftirmi\u015f. Belgrad Ormanlar\u0131\u2019ndaki su bentlerinden \u0130stanbul\u2019a gelen su borular\u0131n\u0131 yerle\u015ftirme projesini ger\u00e7ekle\u015ftirmi\u015f. Bu nedenle \u0130stanbullular\u0131n i\u00e7ti\u011fi her bardak temiz suda babam Aram Seter\u2019in eme\u011fi ve hat\u0131ras\u0131 vard\u0131r\u2026\u201d<\/p>\n<p>D\u00fcnyan\u0131n d\u00f6rt bir yan\u0131na da\u011f\u0131lm\u0131\u015f kolu kanad\u0131 k\u0131r\u0131k Anadolu\u2019nun evlatlar\u0131n\u0131n \u00e7ocuklu\u011fu \u0130stanbul\u2019un bir mahallesinde ya da Mardin\u2019in bir da\u011f k\u00f6y\u00fcnde ge\u00e7mi\u015f. Ba\u011flar\u0131n\u0131 bah\u00e7elerini, dere sular\u0131n\u0131; okul arkada\u015flar\u0131n\u0131, \u00f6\u011fretmenlerini; kom\u015fular\u0131 Ali amcay\u0131, Ay\u015fe teyzeyi h\u00e2l\u00e2 unutmam\u0131\u015flar.<\/p>\n<p>Anadolu\u2019nun ba\u011fr\u0131ndan kopar\u0131lanlar kendilerine uzanan bu dost elinin k\u0131ymetini bilmi\u015f, Anadolu\u2019dan hi\u00e7 kopmad\u0131klar\u0131, h\u00e2l\u00e2 \u0130stanbullu, Zaral\u0131, Amasyal\u0131, Midyatl\u0131 oldu\u011funu s\u00f6ylemi\u015fler.<\/p>\n<p>Kimileri \u201cBen \u00f6l\u00fcrsem beni memleketimde topra\u011fa verin!\u201d diye Yal\u00e7\u0131n\u2019a vasiyette bulmu\u015ftur.<\/p>\n<p>Kemal Yal\u00e7\u0131n onlara verdi\u011fi s\u00f6z\u00fc tutarak baz\u0131lar\u0131n\u0131n cenazelerini T\u00fcrkiye\u2019de topra\u011fa verilmek \u00fczere onlar\u0131 yolcu etmi\u015f, baz\u0131lar\u0131n\u0131n vasiyeti \u00fczerine k\u00fcllerini getirip \u0130stanbul Bo\u011faz\u0131\u2019n\u0131n sular\u0131na bizzat kendisi serpi\u015ftirmi\u015f.<\/p>\n<p>Kemal Yal\u00e7\u0131n katliamlardan kurtulan, daha sonraki s\u00fcre\u00e7te do\u011fduklar\u0131 topraklar\u0131 terk etmek zorunda kalan insanlar\u0131 dinleyerek, onlar\u0131n hayat hik\u00e2yelerini yazarak bir dostluk k\u00f6pr\u00fcs\u00fcn\u00fc kurmu\u015f.<\/p>\n<p>Kemal Yal\u00e7\u0131n Anadolu\u2019nun Evlatlar\u0131\u2019n\u0131n ba\u015flar\u0131na gelenler hakk\u0131nda toplam 7000 sayfa kadar yazm\u0131\u015f ve yay\u0131nlam\u0131\u015ft\u0131r. Bu konuda en \u00e7ok yazan ve yay\u0131nlayan yazar Kemal Yal\u00e7\u0131n\u2019d\u0131r.<\/p>\n<p>Kemal Yal\u00e7\u0131n\u2019\u0131n dedi\u011fi gibi: \u201cGe\u00e7mi\u015fi bilimsel olarak ayd\u0131nlatmayan milletlerin bug\u00fcnleri de gelecekleri de karanl\u0131k kal\u0131r. Ge\u00e7mi\u015fin tarihe mal olmu\u015f b\u00fcy\u00fck y\u0131k\u0131mlar\u0131, kanl\u0131 olaylar\u0131 yok saymak, unutturmak bireylerin ve toplumun ruh sa\u011fl\u0131\u011f\u0131n\u0131 bozar. Do\u011fru olan \u00f6n yarg\u0131s\u0131z, niyetsiz \u00f6zg\u00fcr bir kafa, \u00f6zg\u00fcr bir bilim, \u00f6zg\u00fcr bir vicdanla kendi ge\u00e7mi\u015fiyle y\u00fczle\u015febilmek ve hesapla\u015fabilmektir.\u201d<\/p>\n<p>Bir\u00e7ok Ermeni hayat\u0131nda ilk defe bir T\u00fcrk ile tokala\u015ft\u0131\u011f\u0131n\u0131, konu\u015ftu\u011funu beyan etmi\u015ftir. Bir\u00e7ok Ermeni, Rum, S\u00fcryani Kemal Yal\u00e7\u0131n\u2019\u0131n kitaplar\u0131n\u0131 okuyarak T\u00fcrklerle, K\u00fcrtlerle yeniden bar\u0131\u015fm\u0131\u015ft\u0131r.<\/p>\n<p>Kemal Yal\u00e7\u0131n bir bar\u0131\u015f el\u00e7isi olarak T\u00fcrkiye toplumuna b\u00fcy\u00fck bir hizmette bulunmu\u015ftur ve bulunmaktad\u0131r.<\/p>\n<p>Sinop Boyabatl\u0131 Ermeni Halk \u00c2\u015f\u0131\u011f\u0131 Agop Y\u0131ld\u0131z\u2019\u0131n dedi\u011fi gibi \u201cKemal Yal\u00e7\u0131n yazd\u0131\u011f\u0131 kitaplarla Anadolu\u2019nun Evlatlar\u0131\u2019n\u0131n dertlerine derman olmu\u015ftur. Kemal Yal\u00e7\u0131n T\u00fcrkiye\u2019nin vicdan\u0131 haline gelmi\u015ftir.\u201d<\/p>\n<p>Ben de Kemal Yal\u00e7\u0131n\u2019\u0131n kitaplar\u0131n\u0131 okuyarak rahatlad\u0131m, umutland\u0131m. Ge\u00e7mi\u015f bug\u00fcn\u00fcn \u00f6ns\u00f6z\u00fcd\u00fcr. Kemal Yal\u00e7\u0131n bug\u00fcnlerin \u00f6ns\u00f6z\u00fcn\u00fc yazm\u0131\u015ft\u0131r. Dilerim bu kitaplar Anadolu\u2019nun Evlatlar\u0131\u2019n\u0131n ortak ac\u0131lar\u0131n\u0131n dinmesine yard\u0131mc\u0131 olur.<\/p>\n<p>Kalemine, y\u00fcre\u011fine, vicdan\u0131na sa\u011fl\u0131k Kemal Yal\u00e7\u0131n!<\/p>\n<p>T\u00fcrkiye ve d\u00fcnya seninle birlikte daha g\u00fczel!<\/p>\n<p>\u0130yi ki vars\u0131n!<\/p>\n<p>K\u0131sa bilgi:<\/p>\n<p>Fikret G\u00fcne\u015f Almanya\u2019da, Moers \u015fehrinde ya\u015famaktad\u0131r. Uzun y\u0131llar Moers Alevi K\u00fclt\u00fcr Merkezi\u2019nin ba\u015fkanl\u0131\u011f\u0131n\u0131 yapm\u0131\u015ft\u0131r. Dersim, Mara\u015f ve \u00c7orum katliamlar\u0131 hakk\u0131nda belgesel kitaplar yazm\u0131\u015ft\u0131r. Avrupa T\u00fcrkiyeli Yazarlar Gurubu ATYG \u00fcyesidir.<\/p>\n<hr \/>\n<p><em><strong><a href=\"https:\/\/artigercek.com\/haberler\/turkiye-nin-vicdani-ve-baris-elcisi-kemal-yalcin\" target=\"_blank\" rel=\"noopener noreferrer\">Art\u0131 Ger\u00e7ek<\/a><\/strong><\/em><\/p>\n","protected":false},"excerpt":{"rendered":"<p>Bir\u00e7ok Ermeni, Rum, S\u00fcryani Kemal Yal\u00e7\u0131n\u2019\u0131n kitaplar\u0131n\u0131 okuyarak T\u00fcrklerle, K\u00fcrtlerle yeniden bar\u0131\u015fm\u0131\u015ft\u0131r. Fikret G\u00dcNE\u015e K\u00fcst\u00fcrd\u00fcm bar\u0131\u015famam Ayr\u0131ld\u0131m kavu\u015famam G\u00f6z a\u00e7t\u0131m seni g\u00f6rd\u00fcm Yad\u0131nan konu\u015famam Zaral\u0131 Ermeni Kirkor Ceyhan\u2019\u0131n annesinin s\u00f6yledi\u011fi bu seferberlik t\u00fcrk\u00fcs\u00fcn\u00fc \u00e7o\u011fumuz biliriz, fakat bu t\u00fcrk\u00fcn\u00fcn nerde, ni\u00e7in, ne zaman ve kimin i\u00e7in s\u00f6ylendi\u011fini bilmeyiz veya baz\u0131lar\u0131 bilmek istemez. T\u0131pk\u0131 bu t\u00fcrk\u00fc gibi [&hellip;]<\/p>\n","protected":false},"author":7,"featured_media":61513,"comment_status":"open","ping_status":"open","sticky":false,"template":"","format":"standard","meta":{"footnotes":""},"categories":[1,70],"tags":[],"class_list":["post-61512","post","type-post","status-publish","format-standard","has-post-thumbnail","hentry","category-haberler","category-makaleler"],"yoast_head":"<!-- This site is optimized with the Yoast SEO plugin v27.4 - https:\/\/yoast.com\/product\/yoast-seo-wordpress\/ -->\n<title>T\u00fcrkiye\u2019nin vicdan\u0131 ve bar\u0131\u015f el\u00e7isi Kemal Yal\u00e7\u0131n - Bati Ermenistan Ve Bati Ermenileri Sorunlari Ara\u015ftirmalar Merkezi<\/title>\n<meta name=\"robots\" content=\"index, follow, max-snippet:-1, max-image-preview:large, max-video-preview:-1\" \/>\n<link rel=\"canonical\" href=\"https:\/\/akunq.net\/tr\/?p=61512\" \/>\n<meta property=\"og:locale\" content=\"en_US\" \/>\n<meta property=\"og:type\" content=\"article\" \/>\n<meta property=\"og:title\" content=\"T\u00fcrkiye\u2019nin vicdan\u0131 ve bar\u0131\u015f el\u00e7isi Kemal Yal\u00e7\u0131n - Bati Ermenistan Ve Bati Ermenileri Sorunlari Ara\u015ftirmalar Merkezi\" \/>\n<meta property=\"og:description\" content=\"Bir\u00e7ok Ermeni, Rum, S\u00fcryani Kemal Yal\u00e7\u0131n\u2019\u0131n kitaplar\u0131n\u0131 okuyarak T\u00fcrklerle, K\u00fcrtlerle yeniden bar\u0131\u015fm\u0131\u015ft\u0131r. Fikret G\u00dcNE\u015e K\u00fcst\u00fcrd\u00fcm bar\u0131\u015famam Ayr\u0131ld\u0131m kavu\u015famam G\u00f6z a\u00e7t\u0131m seni g\u00f6rd\u00fcm Yad\u0131nan konu\u015famam Zaral\u0131 Ermeni Kirkor Ceyhan\u2019\u0131n annesinin s\u00f6yledi\u011fi bu seferberlik t\u00fcrk\u00fcs\u00fcn\u00fc \u00e7o\u011fumuz biliriz, fakat bu t\u00fcrk\u00fcn\u00fcn nerde, ni\u00e7in, ne zaman ve kimin i\u00e7in s\u00f6ylendi\u011fini bilmeyiz veya baz\u0131lar\u0131 bilmek istemez. T\u0131pk\u0131 bu t\u00fcrk\u00fc gibi [&hellip;]\" \/>\n<meta property=\"og:url\" content=\"https:\/\/akunq.net\/tr\/?p=61512\" \/>\n<meta property=\"og:site_name\" content=\"Bati Ermenistan Ve Bati Ermenileri Sorunlari Ara\u015ftirmalar Merkezi\" \/>\n<meta property=\"article:published_time\" content=\"2021-02-16T06:50:36+00:00\" \/>\n<meta property=\"og:image\" content=\"https:\/\/akunq.net\/tr\/wp-content\/uploads\/sites\/6\/2021\/02\/Kemal-Yal\u00e7\u0131n.jpg\" \/>\n\t<meta property=\"og:image:width\" content=\"800\" \/>\n\t<meta property=\"og:image:height\" content=\"463\" \/>\n\t<meta property=\"og:image:type\" content=\"image\/jpeg\" \/>\n<meta name=\"author\" content=\"admin\" \/>\n<meta name=\"twitter:card\" content=\"summary_large_image\" \/>\n<meta name=\"twitter:label1\" content=\"Written by\" \/>\n\t<meta name=\"twitter:data1\" content=\"admin\" \/>\n\t<meta name=\"twitter:label2\" content=\"Est. reading time\" \/>\n\t<meta name=\"twitter:data2\" content=\"12 minutes\" \/>\n<script type=\"application\/ld+json\" class=\"yoast-schema-graph\">{\"@context\":\"https:\\\/\\\/schema.org\",\"@graph\":[{\"@type\":\"Article\",\"@id\":\"https:\\\/\\\/akunq.net\\\/tr\\\/?p=61512#article\",\"isPartOf\":{\"@id\":\"https:\\\/\\\/akunq.net\\\/tr\\\/?p=61512\"},\"author\":{\"name\":\"admin\",\"@id\":\"https:\\\/\\\/akunq.net\\\/tr\\\/#\\\/schema\\\/person\\\/096f1d38a12cce57fb855b485ed24c9e\"},\"headline\":\"T\u00fcrkiye\u2019nin vicdan\u0131 ve bar\u0131\u015f el\u00e7isi Kemal Yal\u00e7\u0131n\",\"datePublished\":\"2021-02-16T06:50:36+00:00\",\"mainEntityOfPage\":{\"@id\":\"https:\\\/\\\/akunq.net\\\/tr\\\/?p=61512\"},\"wordCount\":2452,\"commentCount\":0,\"image\":{\"@id\":\"https:\\\/\\\/akunq.net\\\/tr\\\/?p=61512#primaryimage\"},\"thumbnailUrl\":\"https:\\\/\\\/akunq.net\\\/tr\\\/wp-content\\\/uploads\\\/sites\\\/6\\\/2021\\\/02\\\/Kemal-Yal\u00e7\u0131n.jpg\",\"articleSection\":[\"Haberler\",\"Makaleler\"],\"inLanguage\":\"en-US\",\"potentialAction\":[{\"@type\":\"CommentAction\",\"name\":\"Comment\",\"target\":[\"https:\\\/\\\/akunq.net\\\/tr\\\/?p=61512#respond\"]}]},{\"@type\":\"WebPage\",\"@id\":\"https:\\\/\\\/akunq.net\\\/tr\\\/?p=61512\",\"url\":\"https:\\\/\\\/akunq.net\\\/tr\\\/?p=61512\",\"name\":\"T\u00fcrkiye\u2019nin vicdan\u0131 ve bar\u0131\u015f el\u00e7isi Kemal Yal\u00e7\u0131n - Bati Ermenistan Ve Bati Ermenileri Sorunlari Ara\u015ftirmalar Merkezi\",\"isPartOf\":{\"@id\":\"https:\\\/\\\/akunq.net\\\/tr\\\/#website\"},\"primaryImageOfPage\":{\"@id\":\"https:\\\/\\\/akunq.net\\\/tr\\\/?p=61512#primaryimage\"},\"image\":{\"@id\":\"https:\\\/\\\/akunq.net\\\/tr\\\/?p=61512#primaryimage\"},\"thumbnailUrl\":\"https:\\\/\\\/akunq.net\\\/tr\\\/wp-content\\\/uploads\\\/sites\\\/6\\\/2021\\\/02\\\/Kemal-Yal\u00e7\u0131n.jpg\",\"datePublished\":\"2021-02-16T06:50:36+00:00\",\"author\":{\"@id\":\"https:\\\/\\\/akunq.net\\\/tr\\\/#\\\/schema\\\/person\\\/096f1d38a12cce57fb855b485ed24c9e\"},\"breadcrumb\":{\"@id\":\"https:\\\/\\\/akunq.net\\\/tr\\\/?p=61512#breadcrumb\"},\"inLanguage\":\"en-US\",\"potentialAction\":[{\"@type\":\"ReadAction\",\"target\":[\"https:\\\/\\\/akunq.net\\\/tr\\\/?p=61512\"]}]},{\"@type\":\"ImageObject\",\"inLanguage\":\"en-US\",\"@id\":\"https:\\\/\\\/akunq.net\\\/tr\\\/?p=61512#primaryimage\",\"url\":\"https:\\\/\\\/akunq.net\\\/tr\\\/wp-content\\\/uploads\\\/sites\\\/6\\\/2021\\\/02\\\/Kemal-Yal\u00e7\u0131n.jpg\",\"contentUrl\":\"https:\\\/\\\/akunq.net\\\/tr\\\/wp-content\\\/uploads\\\/sites\\\/6\\\/2021\\\/02\\\/Kemal-Yal\u00e7\u0131n.jpg\",\"width\":800,\"height\":463},{\"@type\":\"BreadcrumbList\",\"@id\":\"https:\\\/\\\/akunq.net\\\/tr\\\/?p=61512#breadcrumb\",\"itemListElement\":[{\"@type\":\"ListItem\",\"position\":1,\"name\":\"Home\",\"item\":\"https:\\\/\\\/akunq.net\\\/tr\"},{\"@type\":\"ListItem\",\"position\":2,\"name\":\"T\u00fcrkiye\u2019nin vicdan\u0131 ve bar\u0131\u015f el\u00e7isi Kemal Yal\u00e7\u0131n\"}]},{\"@type\":\"WebSite\",\"@id\":\"https:\\\/\\\/akunq.net\\\/tr\\\/#website\",\"url\":\"https:\\\/\\\/akunq.net\\\/tr\\\/\",\"name\":\"Bati Ermenistan Ve Bati Ermenileri Sorunlari Ara\u015ftirmalar Merkezi\",\"description\":\"\",\"potentialAction\":[{\"@type\":\"SearchAction\",\"target\":{\"@type\":\"EntryPoint\",\"urlTemplate\":\"https:\\\/\\\/akunq.net\\\/tr\\\/?s={search_term_string}\"},\"query-input\":{\"@type\":\"PropertyValueSpecification\",\"valueRequired\":true,\"valueName\":\"search_term_string\"}}],\"inLanguage\":\"en-US\"},{\"@type\":\"Person\",\"@id\":\"https:\\\/\\\/akunq.net\\\/tr\\\/#\\\/schema\\\/person\\\/096f1d38a12cce57fb855b485ed24c9e\",\"name\":\"admin\",\"url\":\"https:\\\/\\\/akunq.net\\\/tr\\\/?author=7\"}]}<\/script>\n<!-- \/ Yoast SEO plugin. -->","yoast_head_json":{"title":"T\u00fcrkiye\u2019nin vicdan\u0131 ve bar\u0131\u015f el\u00e7isi Kemal Yal\u00e7\u0131n - Bati Ermenistan Ve Bati Ermenileri Sorunlari Ara\u015ftirmalar Merkezi","robots":{"index":"index","follow":"follow","max-snippet":"max-snippet:-1","max-image-preview":"max-image-preview:large","max-video-preview":"max-video-preview:-1"},"canonical":"https:\/\/akunq.net\/tr\/?p=61512","og_locale":"en_US","og_type":"article","og_title":"T\u00fcrkiye\u2019nin vicdan\u0131 ve bar\u0131\u015f el\u00e7isi Kemal Yal\u00e7\u0131n - Bati Ermenistan Ve Bati Ermenileri Sorunlari Ara\u015ftirmalar Merkezi","og_description":"Bir\u00e7ok Ermeni, Rum, S\u00fcryani Kemal Yal\u00e7\u0131n\u2019\u0131n kitaplar\u0131n\u0131 okuyarak T\u00fcrklerle, K\u00fcrtlerle yeniden bar\u0131\u015fm\u0131\u015ft\u0131r. Fikret G\u00dcNE\u015e K\u00fcst\u00fcrd\u00fcm bar\u0131\u015famam Ayr\u0131ld\u0131m kavu\u015famam G\u00f6z a\u00e7t\u0131m seni g\u00f6rd\u00fcm Yad\u0131nan konu\u015famam Zaral\u0131 Ermeni Kirkor Ceyhan\u2019\u0131n annesinin s\u00f6yledi\u011fi bu seferberlik t\u00fcrk\u00fcs\u00fcn\u00fc \u00e7o\u011fumuz biliriz, fakat bu t\u00fcrk\u00fcn\u00fcn nerde, ni\u00e7in, ne zaman ve kimin i\u00e7in s\u00f6ylendi\u011fini bilmeyiz veya baz\u0131lar\u0131 bilmek istemez. T\u0131pk\u0131 bu t\u00fcrk\u00fc gibi [&hellip;]","og_url":"https:\/\/akunq.net\/tr\/?p=61512","og_site_name":"Bati Ermenistan Ve Bati Ermenileri Sorunlari Ara\u015ftirmalar Merkezi","article_published_time":"2021-02-16T06:50:36+00:00","og_image":[{"width":800,"height":463,"url":"https:\/\/akunq.net\/tr\/wp-content\/uploads\/sites\/6\/2021\/02\/Kemal-Yal\u00e7\u0131n.jpg","type":"image\/jpeg"}],"author":"admin","twitter_card":"summary_large_image","twitter_misc":{"Written by":"admin","Est. reading time":"12 minutes"},"schema":{"@context":"https:\/\/schema.org","@graph":[{"@type":"Article","@id":"https:\/\/akunq.net\/tr\/?p=61512#article","isPartOf":{"@id":"https:\/\/akunq.net\/tr\/?p=61512"},"author":{"name":"admin","@id":"https:\/\/akunq.net\/tr\/#\/schema\/person\/096f1d38a12cce57fb855b485ed24c9e"},"headline":"T\u00fcrkiye\u2019nin vicdan\u0131 ve bar\u0131\u015f el\u00e7isi Kemal Yal\u00e7\u0131n","datePublished":"2021-02-16T06:50:36+00:00","mainEntityOfPage":{"@id":"https:\/\/akunq.net\/tr\/?p=61512"},"wordCount":2452,"commentCount":0,"image":{"@id":"https:\/\/akunq.net\/tr\/?p=61512#primaryimage"},"thumbnailUrl":"https:\/\/akunq.net\/tr\/wp-content\/uploads\/sites\/6\/2021\/02\/Kemal-Yal\u00e7\u0131n.jpg","articleSection":["Haberler","Makaleler"],"inLanguage":"en-US","potentialAction":[{"@type":"CommentAction","name":"Comment","target":["https:\/\/akunq.net\/tr\/?p=61512#respond"]}]},{"@type":"WebPage","@id":"https:\/\/akunq.net\/tr\/?p=61512","url":"https:\/\/akunq.net\/tr\/?p=61512","name":"T\u00fcrkiye\u2019nin vicdan\u0131 ve bar\u0131\u015f el\u00e7isi Kemal Yal\u00e7\u0131n - Bati Ermenistan Ve Bati Ermenileri Sorunlari Ara\u015ftirmalar Merkezi","isPartOf":{"@id":"https:\/\/akunq.net\/tr\/#website"},"primaryImageOfPage":{"@id":"https:\/\/akunq.net\/tr\/?p=61512#primaryimage"},"image":{"@id":"https:\/\/akunq.net\/tr\/?p=61512#primaryimage"},"thumbnailUrl":"https:\/\/akunq.net\/tr\/wp-content\/uploads\/sites\/6\/2021\/02\/Kemal-Yal\u00e7\u0131n.jpg","datePublished":"2021-02-16T06:50:36+00:00","author":{"@id":"https:\/\/akunq.net\/tr\/#\/schema\/person\/096f1d38a12cce57fb855b485ed24c9e"},"breadcrumb":{"@id":"https:\/\/akunq.net\/tr\/?p=61512#breadcrumb"},"inLanguage":"en-US","potentialAction":[{"@type":"ReadAction","target":["https:\/\/akunq.net\/tr\/?p=61512"]}]},{"@type":"ImageObject","inLanguage":"en-US","@id":"https:\/\/akunq.net\/tr\/?p=61512#primaryimage","url":"https:\/\/akunq.net\/tr\/wp-content\/uploads\/sites\/6\/2021\/02\/Kemal-Yal\u00e7\u0131n.jpg","contentUrl":"https:\/\/akunq.net\/tr\/wp-content\/uploads\/sites\/6\/2021\/02\/Kemal-Yal\u00e7\u0131n.jpg","width":800,"height":463},{"@type":"BreadcrumbList","@id":"https:\/\/akunq.net\/tr\/?p=61512#breadcrumb","itemListElement":[{"@type":"ListItem","position":1,"name":"Home","item":"https:\/\/akunq.net\/tr"},{"@type":"ListItem","position":2,"name":"T\u00fcrkiye\u2019nin vicdan\u0131 ve bar\u0131\u015f el\u00e7isi Kemal Yal\u00e7\u0131n"}]},{"@type":"WebSite","@id":"https:\/\/akunq.net\/tr\/#website","url":"https:\/\/akunq.net\/tr\/","name":"Bati Ermenistan Ve Bati Ermenileri Sorunlari Ara\u015ftirmalar Merkezi","description":"","potentialAction":[{"@type":"SearchAction","target":{"@type":"EntryPoint","urlTemplate":"https:\/\/akunq.net\/tr\/?s={search_term_string}"},"query-input":{"@type":"PropertyValueSpecification","valueRequired":true,"valueName":"search_term_string"}}],"inLanguage":"en-US"},{"@type":"Person","@id":"https:\/\/akunq.net\/tr\/#\/schema\/person\/096f1d38a12cce57fb855b485ed24c9e","name":"admin","url":"https:\/\/akunq.net\/tr\/?author=7"}]}},"_links":{"self":[{"href":"https:\/\/akunq.net\/tr\/index.php?rest_route=\/wp\/v2\/posts\/61512","targetHints":{"allow":["GET"]}}],"collection":[{"href":"https:\/\/akunq.net\/tr\/index.php?rest_route=\/wp\/v2\/posts"}],"about":[{"href":"https:\/\/akunq.net\/tr\/index.php?rest_route=\/wp\/v2\/types\/post"}],"author":[{"embeddable":true,"href":"https:\/\/akunq.net\/tr\/index.php?rest_route=\/wp\/v2\/users\/7"}],"replies":[{"embeddable":true,"href":"https:\/\/akunq.net\/tr\/index.php?rest_route=%2Fwp%2Fv2%2Fcomments&post=61512"}],"version-history":[{"count":1,"href":"https:\/\/akunq.net\/tr\/index.php?rest_route=\/wp\/v2\/posts\/61512\/revisions"}],"predecessor-version":[{"id":61514,"href":"https:\/\/akunq.net\/tr\/index.php?rest_route=\/wp\/v2\/posts\/61512\/revisions\/61514"}],"wp:featuredmedia":[{"embeddable":true,"href":"https:\/\/akunq.net\/tr\/index.php?rest_route=\/wp\/v2\/media\/61513"}],"wp:attachment":[{"href":"https:\/\/akunq.net\/tr\/index.php?rest_route=%2Fwp%2Fv2%2Fmedia&parent=61512"}],"wp:term":[{"taxonomy":"category","embeddable":true,"href":"https:\/\/akunq.net\/tr\/index.php?rest_route=%2Fwp%2Fv2%2Fcategories&post=61512"},{"taxonomy":"post_tag","embeddable":true,"href":"https:\/\/akunq.net\/tr\/index.php?rest_route=%2Fwp%2Fv2%2Ftags&post=61512"}],"curies":[{"name":"wp","href":"https:\/\/api.w.org\/{rel}","templated":true}]}}