{"id":61509,"date":"2021-02-16T01:36:54","date_gmt":"2021-02-16T06:36:54","guid":{"rendered":"https:\/\/akunq.net\/tr\/?p=61509"},"modified":"2021-02-16T01:36:54","modified_gmt":"2021-02-16T06:36:54","slug":"sumela-manastirinin-dunya-miras-listesine-alinmasi-hedefleniyor","status":"publish","type":"post","link":"https:\/\/akunq.net\/tr\/?p=61509","title":{"rendered":"S\u00fcmela Manast\u0131r\u0131\u2019n\u0131n D\u00fcnya Miras Listesi\u2019ne al\u0131nmas\u0131 hedefleniyor"},"content":{"rendered":"<p><img loading=\"lazy\" decoding=\"async\" class=\"aligncenter size-medium wp-image-61510\" src=\"https:\/\/akunq.net\/tr\/wp-content\/uploads\/2021\/02\/S\u00fcmela-Manast\u0131r\u0131-360x203.jpg\" alt=\"\" width=\"360\" height=\"203\" srcset=\"https:\/\/akunq.net\/tr\/wp-content\/uploads\/sites\/6\/2021\/02\/S\u00fcmela-Manast\u0131r\u0131-360x203.jpg 360w, https:\/\/akunq.net\/tr\/wp-content\/uploads\/sites\/6\/2021\/02\/S\u00fcmela-Manast\u0131r\u0131-768x432.jpg 768w, https:\/\/akunq.net\/tr\/wp-content\/uploads\/sites\/6\/2021\/02\/S\u00fcmela-Manast\u0131r\u0131-560x315.jpg 560w, https:\/\/akunq.net\/tr\/wp-content\/uploads\/sites\/6\/2021\/02\/S\u00fcmela-Manast\u0131r\u0131-260x146.jpg 260w, https:\/\/akunq.net\/tr\/wp-content\/uploads\/sites\/6\/2021\/02\/S\u00fcmela-Manast\u0131r\u0131-160x90.jpg 160w, https:\/\/akunq.net\/tr\/wp-content\/uploads\/sites\/6\/2021\/02\/S\u00fcmela-Manast\u0131r\u0131.jpg 864w\" sizes=\"auto, (max-width: 360px) 100vw, 360px\" \/><\/p>\n<p><em><strong>Trabzon B\u00fcy\u00fck\u015fehir Belediye Ba\u015fkan\u0131 Murat Zorluo\u011flu, ba\u015flatt\u0131klar\u0131 s\u00fcre\u00e7le \u00f6n\u00fcm\u00fczdeki y\u0131llarda S\u00fcmela Manast\u0131r\u0131\u2019n\u0131n D\u00fcnya Miras\u0131 Listesi\u2019ne al\u0131nmas\u0131yla ilgili \u00e7al\u0131\u015fmay\u0131 tamamlayacaklar\u0131n\u0131 belirtti.<\/strong><\/em><\/p>\n<p><strong>Duygu Avunduk<\/strong><\/p>\n<p>Zorluo\u011flu, yapt\u0131\u011f\u0131 yaz\u0131l\u0131 a\u00e7\u0131klamada, Trabzon\u2019da turizmin geli\u015ftirilmesi ve 12 aya yay\u0131lmas\u0131 noktas\u0131nda \u00e7al\u0131\u015fmalar\u0131 s\u00fcrd\u00fcrd\u00fcklerini kaydederek, ama\u00e7lar\u0131n\u0131n tarihi ve do\u011fal g\u00fczellikleri ile \u00fcnl\u00fc Trabzon\u2019u \u00e7ekim merkezi haline getirmek oldu\u011funu ifade etti.<\/p>\n<p>Uzung\u00f6l\u2019\u00fcn cazibesini daha da art\u0131rmak i\u00e7in \u00e7al\u0131\u015ft\u0131klar\u0131na dikkati \u00e7eken Zorluo\u011flu, Uzung\u00f6l\u2019\u00fcn \u00c7evre Rehabilitasyon Projesi\u2019nin 1\u2019inci etap \u00e7al\u0131\u015fmalar\u0131 kapsam\u0131nda, g\u00f6l\u00fcn \u00e7evresinde peyzaj \u00e7al\u0131\u015fmalar\u0131 ile tretuvar ve ayd\u0131nlatma d\u00fczenlemesi yap\u0131ld\u0131\u011f\u0131n\u0131 2\u2019nci etap proje \u00e7al\u0131\u015fmalar\u0131n\u0131n da sonuna gelindi\u011fini kaydetti.<\/p>\n<p>Zorluo\u011flu, Uzung\u00f6l\u2019de \u00e7ok daha ye\u015fil bir g\u00f6l \u00e7evresi olu\u015fturmaya \u00e7al\u0131\u015ft\u0131klar\u0131n\u0131 vurgulayarak, \u201cHedefimiz 2022 y\u0131l\u0131 sonuna gelindi\u011finde daha farkl\u0131 bir Uzung\u00f6l ortaya \u00e7\u0131karmak. Bu seneden itibaren hem i\u015fletmeci olarak hem de zab\u0131ta ve g\u00fcvenlik birimlerimizle 7\/24 b\u00f6lgede var olaca\u011f\u0131z.\u201d ifadelerini kulland\u0131.<\/p>\n<p><strong>S\u00fcmela Manast\u0131r\u0131, \u00f6nemli bir destinasyon olacak<\/strong><br \/>\nS\u00fcmela Manast\u0131r\u0131\u2019na yap\u0131lmas\u0131 planlanan teleferik projesinin tamamland\u0131\u011f\u0131n\u0131 aktaran Zorluo\u011flu, \u015fu de\u011ferlendirmelerde bulundu:<\/p>\n<p>\u201cBirinci aya\u011f\u0131 vadinin i\u00e7erisinden ba\u015fl\u0131yor ve S\u00fcmela\u2019ya uzak ancak y\u00fcksek\u00e7e bir noktaya ula\u015f\u0131yor. \u0130kinci aya\u011f\u0131 ise S\u00fcmela\u2019ya yak\u0131n bir noktaya sizi ta\u015f\u0131yor, dolay\u0131s\u0131yla iki durakl\u0131 bir teleferik sistemi. Ba\u015flatt\u0131\u011f\u0131m\u0131z s\u00fcre\u00e7le \u00f6n\u00fcm\u00fczdeki y\u0131llarda S\u00fcmela Manast\u0131r\u0131\u2019n\u0131n D\u00fcnya Miras\u0131 Listesi\u2019ne al\u0131nmas\u0131yla ilgili \u00e7al\u0131\u015fmay\u0131 tamamlayaca\u011f\u0131z ve S\u00fcmela Manast\u0131r\u0131 art\u0131k d\u00fcnyada \u00e7ok daha bilinen, ziyaret\u00e7ilerin gelmeyi daha \u00e7ok arzu edecekleri bir destinasyon haline gelmi\u015f olacak.\u201d<\/p>\n<p>Zorluo\u011flu, d\u00fcnyan\u0131n en uzun ikinci ma\u011faras\u0131 kabul edilen \u00c7al Ma\u011faras\u0131\u2019nda da acil durum plan\u0131na g\u00f6re kamera sistemi, ayd\u0131nlatma sistemleri, alarm sistemleri ve acil durum \u00e7\u0131k\u0131\u015f noktalar\u0131nda d\u00fczenlemeler yap\u0131ld\u0131\u011f\u0131na dikkati \u00e7ekerek, \u00e7al\u0131\u015fmalar sonras\u0131nda ma\u011faran\u0131n her a\u00e7\u0131dan \u00e7ok daha cazip hale gelece\u011fini bildirdi.<\/p>\n<p>Atat\u00fcrk K\u00f6\u015fk\u00fc\u2019nde 2014 ve 2016 y\u0131llar\u0131 aras\u0131nda k\u0131smi \u00e7al\u0131\u015fmalar yap\u0131ld\u0131\u011f\u0131na vurgu yapan Zorluo\u011flu, uzmanlardan olu\u015fturulan komisyonla birlikte restorasyon \u00e7al\u0131\u015fmalar\u0131 yap\u0131lan k\u00f6\u015fk\u00fc daha g\u00fczel bir noktaya ta\u015f\u0131yacaklar\u0131n\u0131 aktararak, \u201cSalg\u0131n s\u00fcrecine ra\u011fmen Atat\u00fcrk K\u00f6\u015fk\u00fc yerli ve yabanc\u0131 turistlerimiz taraf\u0131ndan bu y\u0131l da b\u00fcy\u00fck ilgi g\u00f6rd\u00fc. Yeni turizm sezonunda pandeminin etkisinin de azalmas\u0131yla Atat\u00fcrk K\u00f6\u015fk\u00fc\u2019n\u00fcn daha \u00e7ok misafire ev sahipli\u011fi yapaca\u011f\u0131na inan\u0131yoruz.\u201d de\u011ferlendirmesinde bulundu.<\/p>\n<p>Zorluo\u011flu, yerli ve yabanc\u0131 turistlerin \u015fehir merkezindeki u\u011frak yeri olan Boztepe\u2019yi bamba\u015fka bir kimli\u011fe kavu\u015fturmak istediklerini ifade ederek, b\u00f6lgeyi estetik a\u00e7\u0131dan g\u00fczelle\u015ftirip halk\u0131n daha \u00e7ok yararlanaca\u011f\u0131 bir mekan haline getireceklerini kaydetti.<\/p>\n<p>\u201cA\u00e7\u0131l\u0131\u015f\u0131n\u0131 yapt\u0131\u011f\u0131m\u0131zda K\u0131zlar Manast\u0131r\u0131\u2019m\u0131z da \u00f6nemli bir destinasyon merkezimiz olacak\u201d<br \/>\nRestorasyonu tamamlanan \u00f6nemli turizm destinasyonlar\u0131ndan K\u0131zlar Manast\u0131r\u0131\u2019n\u0131n m\u00fclkiyetinin 2019 y\u0131l\u0131n\u0131n aral\u0131k ay\u0131 itibar\u0131yla B\u00fcy\u00fck\u015fehir Belediyesine devredildi\u011fini an\u0131msatan Zorluo\u011flu, \u015f\u00f6yle devam etti:<\/p>\n<p>\u201cK\u0131zlar Manast\u0131r\u0131\u2019m\u0131z, yeni y\u00fcz\u00fcyle m\u00fczikten tiyatroya, resimden edebiyata, sanat\u0131n her alan\u0131nda, k\u00fclt\u00fcr sanat merkezi olarak turizme katk\u0131 sa\u011flayacak. Salg\u0131n s\u00fcreci olmasayd\u0131 \u00e7al\u0131\u015fmalar\u0131 tamamlanan ve gece \u0131\u015f\u0131kland\u0131rmas\u0131 da yap\u0131lan K\u0131zlar Manast\u0131r\u0131\u2019n\u0131 \u00e7oktan hizmete a\u00e7m\u0131\u015f olacakt\u0131k. A\u00e7\u0131l\u0131\u015f\u0131n\u0131 yapt\u0131\u011f\u0131m\u0131zda K\u0131zlar Manast\u0131r\u0131\u2019m\u0131z da \u00f6nemli bir destinasyon merkezimiz olacak.\u201d<\/p>\n<p>Zorluo\u011flu, Cumhurba\u015fkan\u0131 Recep Tayyip Erdo\u011fan\u2019\u0131n karar\u0131yla korunan alan olarak ilan edilen Barma Yaylas\u0131\u2019nda \u00c7evre ve \u015eehircilik Bakanl\u0131\u011f\u0131 ile birlikte Do\u011fa E\u011fitim M\u00fczesi, ah\u015fap seyir teraslar\u0131 ile y\u00fcr\u00fcy\u00fc\u015f yollar\u0131 \u00e7al\u0131\u015fmas\u0131 ger\u00e7ekle\u015ftirildi\u011fini ve projeyi 2021 y\u0131l\u0131n\u0131n a\u011fustos ay\u0131nda bitirmeyi hedeflediklerini belirtti.<\/p>\n<hr \/>\n<p><em><strong>https:\/\/www.aa.com.tr\/tr\/kultur-sanat\/sumela-manastirinin-dunya-miras-listesine-alinmasi-hedefleniyor\/2144349<\/strong><\/em><\/p>\n","protected":false},"excerpt":{"rendered":"<p>Trabzon B\u00fcy\u00fck\u015fehir Belediye Ba\u015fkan\u0131 Murat Zorluo\u011flu, ba\u015flatt\u0131klar\u0131 s\u00fcre\u00e7le \u00f6n\u00fcm\u00fczdeki y\u0131llarda S\u00fcmela Manast\u0131r\u0131\u2019n\u0131n D\u00fcnya Miras\u0131 Listesi\u2019ne al\u0131nmas\u0131yla ilgili \u00e7al\u0131\u015fmay\u0131 tamamlayacaklar\u0131n\u0131 belirtti. Duygu Avunduk Zorluo\u011flu, yapt\u0131\u011f\u0131 yaz\u0131l\u0131 a\u00e7\u0131klamada, Trabzon\u2019da turizmin geli\u015ftirilmesi ve 12 aya yay\u0131lmas\u0131 noktas\u0131nda \u00e7al\u0131\u015fmalar\u0131 s\u00fcrd\u00fcrd\u00fcklerini kaydederek, ama\u00e7lar\u0131n\u0131n tarihi ve do\u011fal g\u00fczellikleri ile \u00fcnl\u00fc Trabzon\u2019u \u00e7ekim merkezi haline getirmek oldu\u011funu ifade etti. Uzung\u00f6l\u2019\u00fcn cazibesini daha [&hellip;]<\/p>\n","protected":false},"author":7,"featured_media":61510,"comment_status":"open","ping_status":"open","sticky":false,"template":"","format":"standard","meta":{"footnotes":""},"categories":[1],"tags":[],"class_list":["post-61509","post","type-post","status-publish","format-standard","has-post-thumbnail","hentry","category-haberler"],"yoast_head":"<!-- This site is optimized with the Yoast SEO plugin v27.4 - https:\/\/yoast.com\/product\/yoast-seo-wordpress\/ -->\n<title>S\u00fcmela Manast\u0131r\u0131\u2019n\u0131n D\u00fcnya Miras Listesi\u2019ne al\u0131nmas\u0131 hedefleniyor - Bati Ermenistan Ve Bati Ermenileri Sorunlari Ara\u015ftirmalar Merkezi<\/title>\n<meta name=\"robots\" content=\"index, follow, max-snippet:-1, max-image-preview:large, max-video-preview:-1\" \/>\n<link rel=\"canonical\" href=\"https:\/\/akunq.net\/tr\/?p=61509\" \/>\n<meta property=\"og:locale\" content=\"en_US\" \/>\n<meta property=\"og:type\" content=\"article\" \/>\n<meta property=\"og:title\" content=\"S\u00fcmela Manast\u0131r\u0131\u2019n\u0131n D\u00fcnya Miras Listesi\u2019ne al\u0131nmas\u0131 hedefleniyor - Bati Ermenistan Ve Bati Ermenileri Sorunlari Ara\u015ftirmalar Merkezi\" \/>\n<meta property=\"og:description\" content=\"Trabzon B\u00fcy\u00fck\u015fehir Belediye Ba\u015fkan\u0131 Murat Zorluo\u011flu, ba\u015flatt\u0131klar\u0131 s\u00fcre\u00e7le \u00f6n\u00fcm\u00fczdeki y\u0131llarda S\u00fcmela Manast\u0131r\u0131\u2019n\u0131n D\u00fcnya Miras\u0131 Listesi\u2019ne al\u0131nmas\u0131yla ilgili \u00e7al\u0131\u015fmay\u0131 tamamlayacaklar\u0131n\u0131 belirtti. Duygu Avunduk Zorluo\u011flu, yapt\u0131\u011f\u0131 yaz\u0131l\u0131 a\u00e7\u0131klamada, Trabzon\u2019da turizmin geli\u015ftirilmesi ve 12 aya yay\u0131lmas\u0131 noktas\u0131nda \u00e7al\u0131\u015fmalar\u0131 s\u00fcrd\u00fcrd\u00fcklerini kaydederek, ama\u00e7lar\u0131n\u0131n tarihi ve do\u011fal g\u00fczellikleri ile \u00fcnl\u00fc Trabzon\u2019u \u00e7ekim merkezi haline getirmek oldu\u011funu ifade etti. Uzung\u00f6l\u2019\u00fcn cazibesini daha [&hellip;]\" \/>\n<meta property=\"og:url\" content=\"https:\/\/akunq.net\/tr\/?p=61509\" \/>\n<meta property=\"og:site_name\" content=\"Bati Ermenistan Ve Bati Ermenileri Sorunlari Ara\u015ftirmalar Merkezi\" \/>\n<meta property=\"article:published_time\" content=\"2021-02-16T06:36:54+00:00\" \/>\n<meta property=\"og:image\" content=\"https:\/\/akunq.net\/tr\/wp-content\/uploads\/sites\/6\/2021\/02\/S\u00fcmela-Manast\u0131r\u0131.jpg\" \/>\n\t<meta property=\"og:image:width\" content=\"864\" \/>\n\t<meta property=\"og:image:height\" content=\"486\" \/>\n\t<meta property=\"og:image:type\" content=\"image\/jpeg\" \/>\n<meta name=\"author\" content=\"admin\" \/>\n<meta name=\"twitter:card\" content=\"summary_large_image\" \/>\n<meta name=\"twitter:label1\" content=\"Written by\" \/>\n\t<meta name=\"twitter:data1\" content=\"admin\" \/>\n\t<meta name=\"twitter:label2\" content=\"Est. reading time\" \/>\n\t<meta name=\"twitter:data2\" content=\"4 minutes\" \/>\n<script type=\"application\/ld+json\" class=\"yoast-schema-graph\">{\"@context\":\"https:\\\/\\\/schema.org\",\"@graph\":[{\"@type\":\"Article\",\"@id\":\"https:\\\/\\\/akunq.net\\\/tr\\\/?p=61509#article\",\"isPartOf\":{\"@id\":\"https:\\\/\\\/akunq.net\\\/tr\\\/?p=61509\"},\"author\":{\"name\":\"admin\",\"@id\":\"https:\\\/\\\/akunq.net\\\/tr\\\/#\\\/schema\\\/person\\\/096f1d38a12cce57fb855b485ed24c9e\"},\"headline\":\"S\u00fcmela Manast\u0131r\u0131\u2019n\u0131n D\u00fcnya Miras Listesi\u2019ne al\u0131nmas\u0131 hedefleniyor\",\"datePublished\":\"2021-02-16T06:36:54+00:00\",\"mainEntityOfPage\":{\"@id\":\"https:\\\/\\\/akunq.net\\\/tr\\\/?p=61509\"},\"wordCount\":737,\"commentCount\":0,\"image\":{\"@id\":\"https:\\\/\\\/akunq.net\\\/tr\\\/?p=61509#primaryimage\"},\"thumbnailUrl\":\"https:\\\/\\\/akunq.net\\\/tr\\\/wp-content\\\/uploads\\\/sites\\\/6\\\/2021\\\/02\\\/S\u00fcmela-Manast\u0131r\u0131.jpg\",\"articleSection\":[\"Haberler\"],\"inLanguage\":\"en-US\",\"potentialAction\":[{\"@type\":\"CommentAction\",\"name\":\"Comment\",\"target\":[\"https:\\\/\\\/akunq.net\\\/tr\\\/?p=61509#respond\"]}]},{\"@type\":\"WebPage\",\"@id\":\"https:\\\/\\\/akunq.net\\\/tr\\\/?p=61509\",\"url\":\"https:\\\/\\\/akunq.net\\\/tr\\\/?p=61509\",\"name\":\"S\u00fcmela Manast\u0131r\u0131\u2019n\u0131n D\u00fcnya Miras Listesi\u2019ne al\u0131nmas\u0131 hedefleniyor - Bati Ermenistan Ve Bati Ermenileri Sorunlari Ara\u015ftirmalar Merkezi\",\"isPartOf\":{\"@id\":\"https:\\\/\\\/akunq.net\\\/tr\\\/#website\"},\"primaryImageOfPage\":{\"@id\":\"https:\\\/\\\/akunq.net\\\/tr\\\/?p=61509#primaryimage\"},\"image\":{\"@id\":\"https:\\\/\\\/akunq.net\\\/tr\\\/?p=61509#primaryimage\"},\"thumbnailUrl\":\"https:\\\/\\\/akunq.net\\\/tr\\\/wp-content\\\/uploads\\\/sites\\\/6\\\/2021\\\/02\\\/S\u00fcmela-Manast\u0131r\u0131.jpg\",\"datePublished\":\"2021-02-16T06:36:54+00:00\",\"author\":{\"@id\":\"https:\\\/\\\/akunq.net\\\/tr\\\/#\\\/schema\\\/person\\\/096f1d38a12cce57fb855b485ed24c9e\"},\"breadcrumb\":{\"@id\":\"https:\\\/\\\/akunq.net\\\/tr\\\/?p=61509#breadcrumb\"},\"inLanguage\":\"en-US\",\"potentialAction\":[{\"@type\":\"ReadAction\",\"target\":[\"https:\\\/\\\/akunq.net\\\/tr\\\/?p=61509\"]}]},{\"@type\":\"ImageObject\",\"inLanguage\":\"en-US\",\"@id\":\"https:\\\/\\\/akunq.net\\\/tr\\\/?p=61509#primaryimage\",\"url\":\"https:\\\/\\\/akunq.net\\\/tr\\\/wp-content\\\/uploads\\\/sites\\\/6\\\/2021\\\/02\\\/S\u00fcmela-Manast\u0131r\u0131.jpg\",\"contentUrl\":\"https:\\\/\\\/akunq.net\\\/tr\\\/wp-content\\\/uploads\\\/sites\\\/6\\\/2021\\\/02\\\/S\u00fcmela-Manast\u0131r\u0131.jpg\",\"width\":864,\"height\":486},{\"@type\":\"BreadcrumbList\",\"@id\":\"https:\\\/\\\/akunq.net\\\/tr\\\/?p=61509#breadcrumb\",\"itemListElement\":[{\"@type\":\"ListItem\",\"position\":1,\"name\":\"Home\",\"item\":\"https:\\\/\\\/akunq.net\\\/tr\"},{\"@type\":\"ListItem\",\"position\":2,\"name\":\"S\u00fcmela Manast\u0131r\u0131\u2019n\u0131n D\u00fcnya Miras Listesi\u2019ne al\u0131nmas\u0131 hedefleniyor\"}]},{\"@type\":\"WebSite\",\"@id\":\"https:\\\/\\\/akunq.net\\\/tr\\\/#website\",\"url\":\"https:\\\/\\\/akunq.net\\\/tr\\\/\",\"name\":\"Bati Ermenistan Ve Bati Ermenileri Sorunlari Ara\u015ftirmalar Merkezi\",\"description\":\"\",\"potentialAction\":[{\"@type\":\"SearchAction\",\"target\":{\"@type\":\"EntryPoint\",\"urlTemplate\":\"https:\\\/\\\/akunq.net\\\/tr\\\/?s={search_term_string}\"},\"query-input\":{\"@type\":\"PropertyValueSpecification\",\"valueRequired\":true,\"valueName\":\"search_term_string\"}}],\"inLanguage\":\"en-US\"},{\"@type\":\"Person\",\"@id\":\"https:\\\/\\\/akunq.net\\\/tr\\\/#\\\/schema\\\/person\\\/096f1d38a12cce57fb855b485ed24c9e\",\"name\":\"admin\",\"url\":\"https:\\\/\\\/akunq.net\\\/tr\\\/?author=7\"}]}<\/script>\n<!-- \/ Yoast SEO plugin. -->","yoast_head_json":{"title":"S\u00fcmela Manast\u0131r\u0131\u2019n\u0131n D\u00fcnya Miras Listesi\u2019ne al\u0131nmas\u0131 hedefleniyor - Bati Ermenistan Ve Bati Ermenileri Sorunlari Ara\u015ftirmalar Merkezi","robots":{"index":"index","follow":"follow","max-snippet":"max-snippet:-1","max-image-preview":"max-image-preview:large","max-video-preview":"max-video-preview:-1"},"canonical":"https:\/\/akunq.net\/tr\/?p=61509","og_locale":"en_US","og_type":"article","og_title":"S\u00fcmela Manast\u0131r\u0131\u2019n\u0131n D\u00fcnya Miras Listesi\u2019ne al\u0131nmas\u0131 hedefleniyor - Bati Ermenistan Ve Bati Ermenileri Sorunlari Ara\u015ftirmalar Merkezi","og_description":"Trabzon B\u00fcy\u00fck\u015fehir Belediye Ba\u015fkan\u0131 Murat Zorluo\u011flu, ba\u015flatt\u0131klar\u0131 s\u00fcre\u00e7le \u00f6n\u00fcm\u00fczdeki y\u0131llarda S\u00fcmela Manast\u0131r\u0131\u2019n\u0131n D\u00fcnya Miras\u0131 Listesi\u2019ne al\u0131nmas\u0131yla ilgili \u00e7al\u0131\u015fmay\u0131 tamamlayacaklar\u0131n\u0131 belirtti. Duygu Avunduk Zorluo\u011flu, yapt\u0131\u011f\u0131 yaz\u0131l\u0131 a\u00e7\u0131klamada, Trabzon\u2019da turizmin geli\u015ftirilmesi ve 12 aya yay\u0131lmas\u0131 noktas\u0131nda \u00e7al\u0131\u015fmalar\u0131 s\u00fcrd\u00fcrd\u00fcklerini kaydederek, ama\u00e7lar\u0131n\u0131n tarihi ve do\u011fal g\u00fczellikleri ile \u00fcnl\u00fc Trabzon\u2019u \u00e7ekim merkezi haline getirmek oldu\u011funu ifade etti. Uzung\u00f6l\u2019\u00fcn cazibesini daha [&hellip;]","og_url":"https:\/\/akunq.net\/tr\/?p=61509","og_site_name":"Bati Ermenistan Ve Bati Ermenileri Sorunlari Ara\u015ftirmalar Merkezi","article_published_time":"2021-02-16T06:36:54+00:00","og_image":[{"width":864,"height":486,"url":"https:\/\/akunq.net\/tr\/wp-content\/uploads\/sites\/6\/2021\/02\/S\u00fcmela-Manast\u0131r\u0131.jpg","type":"image\/jpeg"}],"author":"admin","twitter_card":"summary_large_image","twitter_misc":{"Written by":"admin","Est. reading time":"4 minutes"},"schema":{"@context":"https:\/\/schema.org","@graph":[{"@type":"Article","@id":"https:\/\/akunq.net\/tr\/?p=61509#article","isPartOf":{"@id":"https:\/\/akunq.net\/tr\/?p=61509"},"author":{"name":"admin","@id":"https:\/\/akunq.net\/tr\/#\/schema\/person\/096f1d38a12cce57fb855b485ed24c9e"},"headline":"S\u00fcmela Manast\u0131r\u0131\u2019n\u0131n D\u00fcnya Miras Listesi\u2019ne al\u0131nmas\u0131 hedefleniyor","datePublished":"2021-02-16T06:36:54+00:00","mainEntityOfPage":{"@id":"https:\/\/akunq.net\/tr\/?p=61509"},"wordCount":737,"commentCount":0,"image":{"@id":"https:\/\/akunq.net\/tr\/?p=61509#primaryimage"},"thumbnailUrl":"https:\/\/akunq.net\/tr\/wp-content\/uploads\/sites\/6\/2021\/02\/S\u00fcmela-Manast\u0131r\u0131.jpg","articleSection":["Haberler"],"inLanguage":"en-US","potentialAction":[{"@type":"CommentAction","name":"Comment","target":["https:\/\/akunq.net\/tr\/?p=61509#respond"]}]},{"@type":"WebPage","@id":"https:\/\/akunq.net\/tr\/?p=61509","url":"https:\/\/akunq.net\/tr\/?p=61509","name":"S\u00fcmela Manast\u0131r\u0131\u2019n\u0131n D\u00fcnya Miras Listesi\u2019ne al\u0131nmas\u0131 hedefleniyor - Bati Ermenistan Ve Bati Ermenileri Sorunlari Ara\u015ftirmalar Merkezi","isPartOf":{"@id":"https:\/\/akunq.net\/tr\/#website"},"primaryImageOfPage":{"@id":"https:\/\/akunq.net\/tr\/?p=61509#primaryimage"},"image":{"@id":"https:\/\/akunq.net\/tr\/?p=61509#primaryimage"},"thumbnailUrl":"https:\/\/akunq.net\/tr\/wp-content\/uploads\/sites\/6\/2021\/02\/S\u00fcmela-Manast\u0131r\u0131.jpg","datePublished":"2021-02-16T06:36:54+00:00","author":{"@id":"https:\/\/akunq.net\/tr\/#\/schema\/person\/096f1d38a12cce57fb855b485ed24c9e"},"breadcrumb":{"@id":"https:\/\/akunq.net\/tr\/?p=61509#breadcrumb"},"inLanguage":"en-US","potentialAction":[{"@type":"ReadAction","target":["https:\/\/akunq.net\/tr\/?p=61509"]}]},{"@type":"ImageObject","inLanguage":"en-US","@id":"https:\/\/akunq.net\/tr\/?p=61509#primaryimage","url":"https:\/\/akunq.net\/tr\/wp-content\/uploads\/sites\/6\/2021\/02\/S\u00fcmela-Manast\u0131r\u0131.jpg","contentUrl":"https:\/\/akunq.net\/tr\/wp-content\/uploads\/sites\/6\/2021\/02\/S\u00fcmela-Manast\u0131r\u0131.jpg","width":864,"height":486},{"@type":"BreadcrumbList","@id":"https:\/\/akunq.net\/tr\/?p=61509#breadcrumb","itemListElement":[{"@type":"ListItem","position":1,"name":"Home","item":"https:\/\/akunq.net\/tr"},{"@type":"ListItem","position":2,"name":"S\u00fcmela Manast\u0131r\u0131\u2019n\u0131n D\u00fcnya Miras Listesi\u2019ne al\u0131nmas\u0131 hedefleniyor"}]},{"@type":"WebSite","@id":"https:\/\/akunq.net\/tr\/#website","url":"https:\/\/akunq.net\/tr\/","name":"Bati Ermenistan Ve Bati Ermenileri Sorunlari Ara\u015ftirmalar Merkezi","description":"","potentialAction":[{"@type":"SearchAction","target":{"@type":"EntryPoint","urlTemplate":"https:\/\/akunq.net\/tr\/?s={search_term_string}"},"query-input":{"@type":"PropertyValueSpecification","valueRequired":true,"valueName":"search_term_string"}}],"inLanguage":"en-US"},{"@type":"Person","@id":"https:\/\/akunq.net\/tr\/#\/schema\/person\/096f1d38a12cce57fb855b485ed24c9e","name":"admin","url":"https:\/\/akunq.net\/tr\/?author=7"}]}},"_links":{"self":[{"href":"https:\/\/akunq.net\/tr\/index.php?rest_route=\/wp\/v2\/posts\/61509","targetHints":{"allow":["GET"]}}],"collection":[{"href":"https:\/\/akunq.net\/tr\/index.php?rest_route=\/wp\/v2\/posts"}],"about":[{"href":"https:\/\/akunq.net\/tr\/index.php?rest_route=\/wp\/v2\/types\/post"}],"author":[{"embeddable":true,"href":"https:\/\/akunq.net\/tr\/index.php?rest_route=\/wp\/v2\/users\/7"}],"replies":[{"embeddable":true,"href":"https:\/\/akunq.net\/tr\/index.php?rest_route=%2Fwp%2Fv2%2Fcomments&post=61509"}],"version-history":[{"count":1,"href":"https:\/\/akunq.net\/tr\/index.php?rest_route=\/wp\/v2\/posts\/61509\/revisions"}],"predecessor-version":[{"id":61511,"href":"https:\/\/akunq.net\/tr\/index.php?rest_route=\/wp\/v2\/posts\/61509\/revisions\/61511"}],"wp:featuredmedia":[{"embeddable":true,"href":"https:\/\/akunq.net\/tr\/index.php?rest_route=\/wp\/v2\/media\/61510"}],"wp:attachment":[{"href":"https:\/\/akunq.net\/tr\/index.php?rest_route=%2Fwp%2Fv2%2Fmedia&parent=61509"}],"wp:term":[{"taxonomy":"category","embeddable":true,"href":"https:\/\/akunq.net\/tr\/index.php?rest_route=%2Fwp%2Fv2%2Fcategories&post=61509"},{"taxonomy":"post_tag","embeddable":true,"href":"https:\/\/akunq.net\/tr\/index.php?rest_route=%2Fwp%2Fv2%2Ftags&post=61509"}],"curies":[{"name":"wp","href":"https:\/\/api.w.org\/{rel}","templated":true}]}}