{"id":61486,"date":"2021-02-15T01:41:08","date_gmt":"2021-02-15T06:41:08","guid":{"rendered":"https:\/\/akunq.net\/tr\/?p=61486"},"modified":"2021-02-15T01:41:08","modified_gmt":"2021-02-15T06:41:08","slug":"garo-paylandan-ermenilere-yonelik-nefret-soylemine-suc-duyurusu","status":"publish","type":"post","link":"https:\/\/akunq.net\/tr\/?p=61486","title":{"rendered":"Garo Paylan&#8217;dan Ermenilere y\u00f6nelik nefret s\u00f6ylemine su\u00e7 duyurusu"},"content":{"rendered":"<p><img loading=\"lazy\" decoding=\"async\" class=\"aligncenter size-medium wp-image-61487\" src=\"https:\/\/akunq.net\/tr\/wp-content\/uploads\/2021\/02\/\u0531\u0566\u0580\u057a\u0567\u0575\u0573\u0561\u0576\u0581\u056b-360x266.jpg\" alt=\"\" width=\"360\" height=\"266\" srcset=\"https:\/\/akunq.net\/tr\/wp-content\/uploads\/sites\/6\/2021\/02\/\u0531\u0566\u0580\u057a\u0567\u0575\u0573\u0561\u0576\u0581\u056b-360x266.jpg 360w, https:\/\/akunq.net\/tr\/wp-content\/uploads\/sites\/6\/2021\/02\/\u0531\u0566\u0580\u057a\u0567\u0575\u0573\u0561\u0576\u0581\u056b-560x414.jpg 560w, https:\/\/akunq.net\/tr\/wp-content\/uploads\/sites\/6\/2021\/02\/\u0531\u0566\u0580\u057a\u0567\u0575\u0573\u0561\u0576\u0581\u056b-260x192.jpg 260w, https:\/\/akunq.net\/tr\/wp-content\/uploads\/sites\/6\/2021\/02\/\u0531\u0566\u0580\u057a\u0567\u0575\u0573\u0561\u0576\u0581\u056b-160x118.jpg 160w, https:\/\/akunq.net\/tr\/wp-content\/uploads\/sites\/6\/2021\/02\/\u0531\u0566\u0580\u057a\u0567\u0575\u0573\u0561\u0576\u0581\u056b.jpg 708w\" sizes=\"auto, (max-width: 360px) 100vw, 360px\" \/><\/p>\n<p><em><strong>TBMM Halklar\u0131n Demokratik Partisi (HDP) Diyarbak\u0131r Ermeni Milletvekili Garo Paylan, Ermenilere y\u00f6nelik nefret s\u00f6yleminde bulunan bir kad\u0131n hakk\u0131nda su\u00e7 duyurusunda bulunaca\u011f\u0131n\u0131 duyurdu.<\/strong><\/em><\/p>\n<p>Paylan&#8217;\u0131n &#8220;Bu ki\u015fi hakk\u0131nda su\u00e7 duyurusunda bulunuyorum&#8221; ifadeleriyle payla\u015ft\u0131\u011f\u0131 videoda bir kad\u0131n &#8220;Hi\u00e7bir ceza almayacak olsayd\u0131n\u0131z hangi su\u00e7u i\u015flerdiniz?&#8221; sorusuna Ermenilere kar\u015f\u0131 nefret su\u00e7u i\u00e7eren ifadelerle yan\u0131t veriyor.<\/p>\n<p>Videodaki kad\u0131n &#8220;Hi\u00e7bir ceza almayacak olsan\u0131z hangi su\u00e7u i\u015flerdiniz?&#8221; sorusuna &#8220;20 tane Ermeni ba\u015f\u0131 keserdim&#8221; yan\u0131t\u0131n\u0131 veriyor.<\/p>\n<p><em><strong>Ermenihaber.am\u00a0<\/strong><\/em><\/p>\n","protected":false},"excerpt":{"rendered":"<p>TBMM Halklar\u0131n Demokratik Partisi (HDP) Diyarbak\u0131r Ermeni Milletvekili Garo Paylan, Ermenilere y\u00f6nelik nefret s\u00f6yleminde bulunan bir kad\u0131n hakk\u0131nda su\u00e7 duyurusunda bulunaca\u011f\u0131n\u0131 duyurdu. Paylan&#8217;\u0131n &#8220;Bu ki\u015fi hakk\u0131nda su\u00e7 duyurusunda bulunuyorum&#8221; ifadeleriyle payla\u015ft\u0131\u011f\u0131 videoda bir kad\u0131n &#8220;Hi\u00e7bir ceza almayacak olsayd\u0131n\u0131z hangi su\u00e7u i\u015flerdiniz?&#8221; sorusuna Ermenilere kar\u015f\u0131 nefret su\u00e7u i\u00e7eren ifadelerle yan\u0131t veriyor. Videodaki kad\u0131n &#8220;Hi\u00e7bir ceza almayacak [&hellip;]<\/p>\n","protected":false},"author":7,"featured_media":61487,"comment_status":"open","ping_status":"open","sticky":false,"template":"","format":"standard","meta":{"footnotes":""},"categories":[1],"tags":[],"class_list":["post-61486","post","type-post","status-publish","format-standard","has-post-thumbnail","hentry","category-haberler"],"yoast_head":"<!-- This site is optimized with the Yoast SEO plugin v27.4 - https:\/\/yoast.com\/product\/yoast-seo-wordpress\/ -->\n<title>Garo Paylan&#039;dan Ermenilere y\u00f6nelik nefret s\u00f6ylemine su\u00e7 duyurusu - Bati Ermenistan Ve Bati Ermenileri Sorunlari Ara\u015ftirmalar Merkezi<\/title>\n<meta name=\"robots\" content=\"index, follow, max-snippet:-1, max-image-preview:large, max-video-preview:-1\" \/>\n<link rel=\"canonical\" href=\"https:\/\/akunq.net\/tr\/?p=61486\" \/>\n<meta property=\"og:locale\" content=\"en_US\" \/>\n<meta property=\"og:type\" content=\"article\" \/>\n<meta property=\"og:title\" content=\"Garo Paylan&#039;dan Ermenilere y\u00f6nelik nefret s\u00f6ylemine su\u00e7 duyurusu - Bati Ermenistan Ve Bati Ermenileri Sorunlari Ara\u015ftirmalar Merkezi\" \/>\n<meta property=\"og:description\" content=\"TBMM Halklar\u0131n Demokratik Partisi (HDP) Diyarbak\u0131r Ermeni Milletvekili Garo Paylan, Ermenilere y\u00f6nelik nefret s\u00f6yleminde bulunan bir kad\u0131n hakk\u0131nda su\u00e7 duyurusunda bulunaca\u011f\u0131n\u0131 duyurdu. Paylan&#8217;\u0131n &#8220;Bu ki\u015fi hakk\u0131nda su\u00e7 duyurusunda bulunuyorum&#8221; ifadeleriyle payla\u015ft\u0131\u011f\u0131 videoda bir kad\u0131n &#8220;Hi\u00e7bir ceza almayacak olsayd\u0131n\u0131z hangi su\u00e7u i\u015flerdiniz?&#8221; sorusuna Ermenilere kar\u015f\u0131 nefret su\u00e7u i\u00e7eren ifadelerle yan\u0131t veriyor. Videodaki kad\u0131n &#8220;Hi\u00e7bir ceza almayacak [&hellip;]\" \/>\n<meta property=\"og:url\" content=\"https:\/\/akunq.net\/tr\/?p=61486\" \/>\n<meta property=\"og:site_name\" content=\"Bati Ermenistan Ve Bati Ermenileri Sorunlari Ara\u015ftirmalar Merkezi\" \/>\n<meta property=\"article:published_time\" content=\"2021-02-15T06:41:08+00:00\" \/>\n<meta property=\"og:image\" content=\"https:\/\/akunq.net\/tr\/wp-content\/uploads\/sites\/6\/2021\/02\/\u0531\u0566\u0580\u057a\u0567\u0575\u0573\u0561\u0576\u0581\u056b.jpg\" \/>\n\t<meta property=\"og:image:width\" content=\"708\" \/>\n\t<meta property=\"og:image:height\" content=\"523\" \/>\n\t<meta property=\"og:image:type\" content=\"image\/jpeg\" \/>\n<meta name=\"author\" content=\"admin\" \/>\n<meta name=\"twitter:card\" content=\"summary_large_image\" \/>\n<meta name=\"twitter:label1\" content=\"Written by\" \/>\n\t<meta name=\"twitter:data1\" content=\"admin\" \/>\n<script type=\"application\/ld+json\" class=\"yoast-schema-graph\">{\"@context\":\"https:\\\/\\\/schema.org\",\"@graph\":[{\"@type\":\"Article\",\"@id\":\"https:\\\/\\\/akunq.net\\\/tr\\\/?p=61486#article\",\"isPartOf\":{\"@id\":\"https:\\\/\\\/akunq.net\\\/tr\\\/?p=61486\"},\"author\":{\"name\":\"admin\",\"@id\":\"https:\\\/\\\/akunq.net\\\/tr\\\/#\\\/schema\\\/person\\\/096f1d38a12cce57fb855b485ed24c9e\"},\"headline\":\"Garo Paylan&#8217;dan Ermenilere y\u00f6nelik nefret s\u00f6ylemine su\u00e7 duyurusu\",\"datePublished\":\"2021-02-15T06:41:08+00:00\",\"mainEntityOfPage\":{\"@id\":\"https:\\\/\\\/akunq.net\\\/tr\\\/?p=61486\"},\"wordCount\":105,\"commentCount\":0,\"image\":{\"@id\":\"https:\\\/\\\/akunq.net\\\/tr\\\/?p=61486#primaryimage\"},\"thumbnailUrl\":\"https:\\\/\\\/akunq.net\\\/tr\\\/wp-content\\\/uploads\\\/sites\\\/6\\\/2021\\\/02\\\/\u0531\u0566\u0580\u057a\u0567\u0575\u0573\u0561\u0576\u0581\u056b.jpg\",\"articleSection\":[\"Haberler\"],\"inLanguage\":\"en-US\",\"potentialAction\":[{\"@type\":\"CommentAction\",\"name\":\"Comment\",\"target\":[\"https:\\\/\\\/akunq.net\\\/tr\\\/?p=61486#respond\"]}]},{\"@type\":\"WebPage\",\"@id\":\"https:\\\/\\\/akunq.net\\\/tr\\\/?p=61486\",\"url\":\"https:\\\/\\\/akunq.net\\\/tr\\\/?p=61486\",\"name\":\"Garo Paylan'dan Ermenilere y\u00f6nelik nefret s\u00f6ylemine su\u00e7 duyurusu - Bati Ermenistan Ve Bati Ermenileri Sorunlari Ara\u015ftirmalar Merkezi\",\"isPartOf\":{\"@id\":\"https:\\\/\\\/akunq.net\\\/tr\\\/#website\"},\"primaryImageOfPage\":{\"@id\":\"https:\\\/\\\/akunq.net\\\/tr\\\/?p=61486#primaryimage\"},\"image\":{\"@id\":\"https:\\\/\\\/akunq.net\\\/tr\\\/?p=61486#primaryimage\"},\"thumbnailUrl\":\"https:\\\/\\\/akunq.net\\\/tr\\\/wp-content\\\/uploads\\\/sites\\\/6\\\/2021\\\/02\\\/\u0531\u0566\u0580\u057a\u0567\u0575\u0573\u0561\u0576\u0581\u056b.jpg\",\"datePublished\":\"2021-02-15T06:41:08+00:00\",\"author\":{\"@id\":\"https:\\\/\\\/akunq.net\\\/tr\\\/#\\\/schema\\\/person\\\/096f1d38a12cce57fb855b485ed24c9e\"},\"breadcrumb\":{\"@id\":\"https:\\\/\\\/akunq.net\\\/tr\\\/?p=61486#breadcrumb\"},\"inLanguage\":\"en-US\",\"potentialAction\":[{\"@type\":\"ReadAction\",\"target\":[\"https:\\\/\\\/akunq.net\\\/tr\\\/?p=61486\"]}]},{\"@type\":\"ImageObject\",\"inLanguage\":\"en-US\",\"@id\":\"https:\\\/\\\/akunq.net\\\/tr\\\/?p=61486#primaryimage\",\"url\":\"https:\\\/\\\/akunq.net\\\/tr\\\/wp-content\\\/uploads\\\/sites\\\/6\\\/2021\\\/02\\\/\u0531\u0566\u0580\u057a\u0567\u0575\u0573\u0561\u0576\u0581\u056b.jpg\",\"contentUrl\":\"https:\\\/\\\/akunq.net\\\/tr\\\/wp-content\\\/uploads\\\/sites\\\/6\\\/2021\\\/02\\\/\u0531\u0566\u0580\u057a\u0567\u0575\u0573\u0561\u0576\u0581\u056b.jpg\",\"width\":708,\"height\":523},{\"@type\":\"BreadcrumbList\",\"@id\":\"https:\\\/\\\/akunq.net\\\/tr\\\/?p=61486#breadcrumb\",\"itemListElement\":[{\"@type\":\"ListItem\",\"position\":1,\"name\":\"Home\",\"item\":\"https:\\\/\\\/akunq.net\\\/tr\"},{\"@type\":\"ListItem\",\"position\":2,\"name\":\"Garo Paylan&#8217;dan Ermenilere y\u00f6nelik nefret s\u00f6ylemine su\u00e7 duyurusu\"}]},{\"@type\":\"WebSite\",\"@id\":\"https:\\\/\\\/akunq.net\\\/tr\\\/#website\",\"url\":\"https:\\\/\\\/akunq.net\\\/tr\\\/\",\"name\":\"Bati Ermenistan Ve Bati Ermenileri Sorunlari Ara\u015ftirmalar Merkezi\",\"description\":\"\",\"potentialAction\":[{\"@type\":\"SearchAction\",\"target\":{\"@type\":\"EntryPoint\",\"urlTemplate\":\"https:\\\/\\\/akunq.net\\\/tr\\\/?s={search_term_string}\"},\"query-input\":{\"@type\":\"PropertyValueSpecification\",\"valueRequired\":true,\"valueName\":\"search_term_string\"}}],\"inLanguage\":\"en-US\"},{\"@type\":\"Person\",\"@id\":\"https:\\\/\\\/akunq.net\\\/tr\\\/#\\\/schema\\\/person\\\/096f1d38a12cce57fb855b485ed24c9e\",\"name\":\"admin\",\"url\":\"https:\\\/\\\/akunq.net\\\/tr\\\/?author=7\"}]}<\/script>\n<!-- \/ Yoast SEO plugin. -->","yoast_head_json":{"title":"Garo Paylan'dan Ermenilere y\u00f6nelik nefret s\u00f6ylemine su\u00e7 duyurusu - Bati Ermenistan Ve Bati Ermenileri Sorunlari Ara\u015ftirmalar Merkezi","robots":{"index":"index","follow":"follow","max-snippet":"max-snippet:-1","max-image-preview":"max-image-preview:large","max-video-preview":"max-video-preview:-1"},"canonical":"https:\/\/akunq.net\/tr\/?p=61486","og_locale":"en_US","og_type":"article","og_title":"Garo Paylan'dan Ermenilere y\u00f6nelik nefret s\u00f6ylemine su\u00e7 duyurusu - Bati Ermenistan Ve Bati Ermenileri Sorunlari Ara\u015ftirmalar Merkezi","og_description":"TBMM Halklar\u0131n Demokratik Partisi (HDP) Diyarbak\u0131r Ermeni Milletvekili Garo Paylan, Ermenilere y\u00f6nelik nefret s\u00f6yleminde bulunan bir kad\u0131n hakk\u0131nda su\u00e7 duyurusunda bulunaca\u011f\u0131n\u0131 duyurdu. Paylan&#8217;\u0131n &#8220;Bu ki\u015fi hakk\u0131nda su\u00e7 duyurusunda bulunuyorum&#8221; ifadeleriyle payla\u015ft\u0131\u011f\u0131 videoda bir kad\u0131n &#8220;Hi\u00e7bir ceza almayacak olsayd\u0131n\u0131z hangi su\u00e7u i\u015flerdiniz?&#8221; sorusuna Ermenilere kar\u015f\u0131 nefret su\u00e7u i\u00e7eren ifadelerle yan\u0131t veriyor. Videodaki kad\u0131n &#8220;Hi\u00e7bir ceza almayacak [&hellip;]","og_url":"https:\/\/akunq.net\/tr\/?p=61486","og_site_name":"Bati Ermenistan Ve Bati Ermenileri Sorunlari Ara\u015ftirmalar Merkezi","article_published_time":"2021-02-15T06:41:08+00:00","og_image":[{"width":708,"height":523,"url":"https:\/\/akunq.net\/tr\/wp-content\/uploads\/sites\/6\/2021\/02\/\u0531\u0566\u0580\u057a\u0567\u0575\u0573\u0561\u0576\u0581\u056b.jpg","type":"image\/jpeg"}],"author":"admin","twitter_card":"summary_large_image","twitter_misc":{"Written by":"admin"},"schema":{"@context":"https:\/\/schema.org","@graph":[{"@type":"Article","@id":"https:\/\/akunq.net\/tr\/?p=61486#article","isPartOf":{"@id":"https:\/\/akunq.net\/tr\/?p=61486"},"author":{"name":"admin","@id":"https:\/\/akunq.net\/tr\/#\/schema\/person\/096f1d38a12cce57fb855b485ed24c9e"},"headline":"Garo Paylan&#8217;dan Ermenilere y\u00f6nelik nefret s\u00f6ylemine su\u00e7 duyurusu","datePublished":"2021-02-15T06:41:08+00:00","mainEntityOfPage":{"@id":"https:\/\/akunq.net\/tr\/?p=61486"},"wordCount":105,"commentCount":0,"image":{"@id":"https:\/\/akunq.net\/tr\/?p=61486#primaryimage"},"thumbnailUrl":"https:\/\/akunq.net\/tr\/wp-content\/uploads\/sites\/6\/2021\/02\/\u0531\u0566\u0580\u057a\u0567\u0575\u0573\u0561\u0576\u0581\u056b.jpg","articleSection":["Haberler"],"inLanguage":"en-US","potentialAction":[{"@type":"CommentAction","name":"Comment","target":["https:\/\/akunq.net\/tr\/?p=61486#respond"]}]},{"@type":"WebPage","@id":"https:\/\/akunq.net\/tr\/?p=61486","url":"https:\/\/akunq.net\/tr\/?p=61486","name":"Garo Paylan'dan Ermenilere y\u00f6nelik nefret s\u00f6ylemine su\u00e7 duyurusu - Bati Ermenistan Ve Bati Ermenileri Sorunlari Ara\u015ftirmalar Merkezi","isPartOf":{"@id":"https:\/\/akunq.net\/tr\/#website"},"primaryImageOfPage":{"@id":"https:\/\/akunq.net\/tr\/?p=61486#primaryimage"},"image":{"@id":"https:\/\/akunq.net\/tr\/?p=61486#primaryimage"},"thumbnailUrl":"https:\/\/akunq.net\/tr\/wp-content\/uploads\/sites\/6\/2021\/02\/\u0531\u0566\u0580\u057a\u0567\u0575\u0573\u0561\u0576\u0581\u056b.jpg","datePublished":"2021-02-15T06:41:08+00:00","author":{"@id":"https:\/\/akunq.net\/tr\/#\/schema\/person\/096f1d38a12cce57fb855b485ed24c9e"},"breadcrumb":{"@id":"https:\/\/akunq.net\/tr\/?p=61486#breadcrumb"},"inLanguage":"en-US","potentialAction":[{"@type":"ReadAction","target":["https:\/\/akunq.net\/tr\/?p=61486"]}]},{"@type":"ImageObject","inLanguage":"en-US","@id":"https:\/\/akunq.net\/tr\/?p=61486#primaryimage","url":"https:\/\/akunq.net\/tr\/wp-content\/uploads\/sites\/6\/2021\/02\/\u0531\u0566\u0580\u057a\u0567\u0575\u0573\u0561\u0576\u0581\u056b.jpg","contentUrl":"https:\/\/akunq.net\/tr\/wp-content\/uploads\/sites\/6\/2021\/02\/\u0531\u0566\u0580\u057a\u0567\u0575\u0573\u0561\u0576\u0581\u056b.jpg","width":708,"height":523},{"@type":"BreadcrumbList","@id":"https:\/\/akunq.net\/tr\/?p=61486#breadcrumb","itemListElement":[{"@type":"ListItem","position":1,"name":"Home","item":"https:\/\/akunq.net\/tr"},{"@type":"ListItem","position":2,"name":"Garo Paylan&#8217;dan Ermenilere y\u00f6nelik nefret s\u00f6ylemine su\u00e7 duyurusu"}]},{"@type":"WebSite","@id":"https:\/\/akunq.net\/tr\/#website","url":"https:\/\/akunq.net\/tr\/","name":"Bati Ermenistan Ve Bati Ermenileri Sorunlari Ara\u015ftirmalar Merkezi","description":"","potentialAction":[{"@type":"SearchAction","target":{"@type":"EntryPoint","urlTemplate":"https:\/\/akunq.net\/tr\/?s={search_term_string}"},"query-input":{"@type":"PropertyValueSpecification","valueRequired":true,"valueName":"search_term_string"}}],"inLanguage":"en-US"},{"@type":"Person","@id":"https:\/\/akunq.net\/tr\/#\/schema\/person\/096f1d38a12cce57fb855b485ed24c9e","name":"admin","url":"https:\/\/akunq.net\/tr\/?author=7"}]}},"_links":{"self":[{"href":"https:\/\/akunq.net\/tr\/index.php?rest_route=\/wp\/v2\/posts\/61486","targetHints":{"allow":["GET"]}}],"collection":[{"href":"https:\/\/akunq.net\/tr\/index.php?rest_route=\/wp\/v2\/posts"}],"about":[{"href":"https:\/\/akunq.net\/tr\/index.php?rest_route=\/wp\/v2\/types\/post"}],"author":[{"embeddable":true,"href":"https:\/\/akunq.net\/tr\/index.php?rest_route=\/wp\/v2\/users\/7"}],"replies":[{"embeddable":true,"href":"https:\/\/akunq.net\/tr\/index.php?rest_route=%2Fwp%2Fv2%2Fcomments&post=61486"}],"version-history":[{"count":1,"href":"https:\/\/akunq.net\/tr\/index.php?rest_route=\/wp\/v2\/posts\/61486\/revisions"}],"predecessor-version":[{"id":61488,"href":"https:\/\/akunq.net\/tr\/index.php?rest_route=\/wp\/v2\/posts\/61486\/revisions\/61488"}],"wp:featuredmedia":[{"embeddable":true,"href":"https:\/\/akunq.net\/tr\/index.php?rest_route=\/wp\/v2\/media\/61487"}],"wp:attachment":[{"href":"https:\/\/akunq.net\/tr\/index.php?rest_route=%2Fwp%2Fv2%2Fmedia&parent=61486"}],"wp:term":[{"taxonomy":"category","embeddable":true,"href":"https:\/\/akunq.net\/tr\/index.php?rest_route=%2Fwp%2Fv2%2Fcategories&post=61486"},{"taxonomy":"post_tag","embeddable":true,"href":"https:\/\/akunq.net\/tr\/index.php?rest_route=%2Fwp%2Fv2%2Ftags&post=61486"}],"curies":[{"name":"wp","href":"https:\/\/api.w.org\/{rel}","templated":true}]}}