{"id":61466,"date":"2021-02-12T01:27:01","date_gmt":"2021-02-12T06:27:01","guid":{"rendered":"https:\/\/akunq.net\/tr\/?p=61466"},"modified":"2021-02-12T01:27:01","modified_gmt":"2021-02-12T06:27:01","slug":"surp-torosun-yikimi-icin-yeni-karar-cikmis","status":"publish","type":"post","link":"https:\/\/akunq.net\/tr\/?p=61466","title":{"rendered":"Surp Toros\u2019un y\u0131k\u0131m\u0131 i\u00e7in yeni karar \u00e7\u0131km\u0131\u015f"},"content":{"rendered":"<p><img loading=\"lazy\" decoding=\"async\" class=\"aligncenter size-medium wp-image-61467\" src=\"https:\/\/akunq.net\/tr\/wp-content\/uploads\/2021\/02\/Surp-Toros-360x259.png\" alt=\"\" width=\"360\" height=\"259\" srcset=\"https:\/\/akunq.net\/tr\/wp-content\/uploads\/sites\/6\/2021\/02\/Surp-Toros-360x259.png 360w, https:\/\/akunq.net\/tr\/wp-content\/uploads\/sites\/6\/2021\/02\/Surp-Toros-260x187.png 260w, https:\/\/akunq.net\/tr\/wp-content\/uploads\/sites\/6\/2021\/02\/Surp-Toros-160x115.png 160w, https:\/\/akunq.net\/tr\/wp-content\/uploads\/sites\/6\/2021\/02\/Surp-Toros.png 478w\" sizes=\"auto, (max-width: 360px) 100vw, 360px\" \/><\/p>\n<p><em><strong>K\u00fctahya\u2019da m\u00fclkiyeti \u00f6zel ki\u015filerde bulunan ve y\u0131llar i\u00e7inde sinema ve d\u00fc\u011f\u00fcn salonuna \u00e7evrilen Surp Toros Kilisesi\u2019nin y\u0131kt\u0131r\u0131lmas\u0131n\u0131n yank\u0131lar\u0131 s\u00fcr\u00fcyor. Ge\u00e7ti\u011fimiz hafta yay\u0131nlanan haberimizde, \u201cKilisenin m\u00fclk sahibi Hakan De\u011firmencio\u011flu karar\u0131yla y\u0131kt\u0131r\u0131ld\u0131\u011f\u0131 d\u00fc\u015f\u00fcn\u00fcl\u00fcyor\u201d denmi\u015f ve yap\u0131 i\u00e7in An\u0131tlar Kurulu\u2019nun 2019 tarihli bir koruma karar\u0131 oldu\u011funa dikkat \u00e7ekilmi\u015fti. Y\u0131k\u0131m i\u00e7in kurulun yeni bir karar \u00e7\u0131kard\u0131\u011f\u0131 \u00f6\u011frenildi.<\/strong><\/em><\/p>\n<p>M\u00fclk sahiplerinden Hakan De\u011firmencio\u011flu avukat\u0131 arac\u0131l\u0131\u011f\u0131yla Agos\u2019a g\u00f6nderdi\u011fi yaz\u0131l\u0131 a\u00e7\u0131klamada tek ba\u015f\u0131na m\u00fclke sahip olmad\u0131\u011f\u0131n\u0131, An\u0131tlar Kurulu&#8217;nun s\u00f6z konusu koruma karar\u0131nda kiliseden bahsedilmedi\u011fini, \u2018sinema\u2019 dendi\u011fini s\u00f6yledi. De\u011firmencio\u011flu bu\u00a0 karara ortaklar olarak itiraz ettiklerini ve yeni bir karar al\u0131nd\u0131\u011f\u0131n\u0131 s\u00f6yledi.\u00a0 De\u011firmencio\u011flu\u2019nun a\u00e7\u0131klamas\u0131 \u015f\u00f6yle:<\/p>\n<p>\u201cHaberde bahsi ge\u00e7en ve ekli K\u00fclt\u00fcr ve Turizm Bakanl\u0131\u011f\u0131 K\u00fctahya K\u00fclt\u00fcr Varl\u0131klar\u0131n\u0131 Koruma Kurulu\u2019nun 27.08.2019 tarihli ve 5407 no\u2019lu karar\u0131na yap\u0131 sadece \u2018S\u0130NEMA\u2019 olarak koruma alt\u0131na al\u0131nm\u0131\u015ft\u0131r. Karar i\u00e7erisinde kesinlikle kilise ibaresi bulunmamaktad\u0131r. Bu karara ilgili kurulun \u2018tescil kararlar\u0131-2019-a\u011fustos\u2019 sekmelerini takip ederek resmi internet sitesinden herkes ula\u015fabilmektedir. Bu karara \u00e7evre sa\u011fl\u0131\u011f\u0131 ve g\u00fcvenli\u011fi g\u00f6z \u00f6n\u00fcne al\u0131narak ortaklarca itiraz edilmi\u015ftir. \u0130ncelenen itiraz neticesinde koruma karar\u0131 revize edilerek ilgili resmi kurumlar\u0131n detayl\u0131 incelemeleri sonucunda kald\u0131r\u0131lm\u0131\u015ft\u0131r. Koruma karar\u0131n\u0131n kald\u0131r\u0131lmas\u0131n\u0131 takiben yap\u0131sal a\u00e7\u0131dan b\u00fcy\u00fck \u00f6l\u00e7\u00fcde y\u0131pranm\u0131\u015f ve i\u00e7ine dahi girilemeyen bu m\u00fclk\u00fcn t\u00fcm ortaklar taraf\u0131ndan yine y\u0131k\u0131m ile ilgili t\u00fcm yetkili kurumlardan izin al\u0131narak y\u0131k\u0131m karar\u0131 al\u0131nm\u0131\u015ft\u0131r. Y\u0131k\u0131m karar\u0131nda \u00e7evre sa\u011fl\u0131\u011f\u0131 ve g\u00fcvenli\u011fi a\u00e7\u0131s\u0131ndan \u00e7ok y\u00fcksek risk ta\u015f\u0131mas\u0131 en b\u00fcy\u00fck fakt\u00f6rd\u00fcr.<br \/>\n\u0130lgili haberde m\u00fcvekkilimizin tam ismi verilerek kendi karar\u0131 ile kutsal bir mabedi yok etti\u011fi yaz\u0131lm\u0131\u015ft\u0131r. Bu tamamen ger\u00e7ek d\u0131\u015f\u0131 ve hedef g\u00f6sterici ifadedir. M\u00fcvekkilimiz hayat\u0131 boyunca kanunlara oldu\u011fu kadar t\u00fcm dinlere, \u0131rklara, canl\u0131lara ve de\u011ferlere son derece sayg\u0131l\u0131 biridir. Bu husus da kendini tan\u0131yan herkes taraf\u0131ndan bilinmektedir. Bu tavr\u0131n\u0131 net olarak g\u00f6stermi\u015f bir vatanda\u015f olarak, maruz kald\u0131\u011f\u0131 ger\u00e7ek d\u0131\u015f\u0131 ithamlar kar\u015f\u0131s\u0131nda derin \u00fcz\u00fcnt\u00fc duymaktad\u0131r. Dedesi, babas\u0131 ve kendisi Hakan De\u011firmencio\u011flu olarak \u00fc\u00e7 nesildir adlar\u0131 kanunsuzluk ile hi\u00e7bir zaman yan yana olmam\u0131\u015ft\u0131r.\u201d<\/p>\n<p><strong>Patrikhane\u2019nin cevab\u0131<\/strong><\/p>\n<p>Kilisenin y\u0131k\u0131m\u0131n\u0131n ard\u0131ndan T\u00fcrkiye Ermeni Patrikli\u011fi\u2019ne ula\u015farak bir de\u011ferlendirmede bulunup bulunmayacaklar\u0131 sorusunu y\u00f6nelttik. Patrikhane \u00f6nceki hafta Bursa\u2019da\u00a0 sat\u0131\u015fa \u00e7\u0131kar\u0131lan\u00a0 kilise konusunda yapt\u0131klar\u0131 a\u00e7\u0131klaman\u0131n bu konuda da ge\u00e7erli oldu\u011funu vurgulad\u0131. S\u00f6z konusu a\u00e7\u0131klamada Patrikhane \u015fu ifadelere yer vermi\u015fti:<br \/>\n\u201c\u0130nsanlar\u0131n iman ak\u00e7eleriyle bina edilmi\u015f ve temelleri dualarla at\u0131lm\u0131\u015f olan kiliseler, hangi durumda bulunurlarsa bulunsunlar inanc\u0131m\u0131z gere\u011fi ibadethane vas\u0131flar\u0131n\u0131 korumaya devam etmektedirler.<br \/>\nKilise binalar\u0131n\u0131n tesislerine cevaz vermi\u015f fermanlarda belirtilmi\u015f esas ama\u00e7lar\u0131yla kullan\u0131lmalar\u0131 sevindirici bir durum olacakt\u0131r. Kullan\u0131lamayacak durumda olan kilise binalar\u0131n\u0131n devletin uhdesine ge\u00e7mesinin ve \u015fimdiki durumlar\u0131nda korunmalar\u0131n\u0131n do\u011fru olaca\u011f\u0131 kanaatindeyiz. Bunun her \u015feyden \u00f6nce yurdumuza ait bir zenginli\u011fin korunmas\u0131 anlam\u0131yla e\u015fde\u011fer olaca\u011f\u0131 a\u00e7\u0131kt\u0131r.\u201d<br \/>\n\u00d6te yandan K\u00fctahya\u2019dan Agos\u2019a ula\u015fan ve ismini vermek istemeyen bir\u00a0 yurtta\u015f kilisenin alt\u0131nda define oldu\u011fu s\u00f6ylentilerine dikkat \u00e7ekti ve kilisenin bu y\u00fczden y\u0131kt\u0131r\u0131lm\u0131\u015f olabilece\u011fini \u00f6ne s\u00fcrd\u00fc. S\u00f6z konusu ki\u015fi, ayn\u0131 mahallede Ermenilere ait bir konak bulundu\u011funu ve bu konukta da define ama\u00e7l\u0131 kaz\u0131 \u00e7al\u0131\u015fmalar\u0131 yap\u0131ld\u0131\u011f\u0131n\u0131 s\u00f6yledi.<\/p>\n<p><em><strong>http:\/\/www.agos.com.tr\/tr\/yazi\/25310\/surp-torosun-yikimi-icin-yeni-karar-cikmis\u00a0<\/strong><\/em><\/p>\n","protected":false},"excerpt":{"rendered":"<p>K\u00fctahya\u2019da m\u00fclkiyeti \u00f6zel ki\u015filerde bulunan ve y\u0131llar i\u00e7inde sinema ve d\u00fc\u011f\u00fcn salonuna \u00e7evrilen Surp Toros Kilisesi\u2019nin y\u0131kt\u0131r\u0131lmas\u0131n\u0131n yank\u0131lar\u0131 s\u00fcr\u00fcyor. Ge\u00e7ti\u011fimiz hafta yay\u0131nlanan haberimizde, \u201cKilisenin m\u00fclk sahibi Hakan De\u011firmencio\u011flu karar\u0131yla y\u0131kt\u0131r\u0131ld\u0131\u011f\u0131 d\u00fc\u015f\u00fcn\u00fcl\u00fcyor\u201d denmi\u015f ve yap\u0131 i\u00e7in An\u0131tlar Kurulu\u2019nun 2019 tarihli bir koruma karar\u0131 oldu\u011funa dikkat \u00e7ekilmi\u015fti. Y\u0131k\u0131m i\u00e7in kurulun yeni bir karar \u00e7\u0131kard\u0131\u011f\u0131 \u00f6\u011frenildi. M\u00fclk sahiplerinden [&hellip;]<\/p>\n","protected":false},"author":7,"featured_media":61467,"comment_status":"open","ping_status":"open","sticky":false,"template":"","format":"standard","meta":{"footnotes":""},"categories":[1],"tags":[],"class_list":["post-61466","post","type-post","status-publish","format-standard","has-post-thumbnail","hentry","category-haberler"],"yoast_head":"<!-- This site is optimized with the Yoast SEO plugin v27.4 - https:\/\/yoast.com\/product\/yoast-seo-wordpress\/ -->\n<title>Surp Toros\u2019un y\u0131k\u0131m\u0131 i\u00e7in yeni karar \u00e7\u0131km\u0131\u015f - Bati Ermenistan Ve Bati Ermenileri Sorunlari Ara\u015ftirmalar Merkezi<\/title>\n<meta name=\"robots\" content=\"index, follow, max-snippet:-1, max-image-preview:large, max-video-preview:-1\" \/>\n<link rel=\"canonical\" href=\"https:\/\/akunq.net\/tr\/?p=61466\" \/>\n<meta property=\"og:locale\" content=\"en_US\" \/>\n<meta property=\"og:type\" content=\"article\" \/>\n<meta property=\"og:title\" content=\"Surp Toros\u2019un y\u0131k\u0131m\u0131 i\u00e7in yeni karar \u00e7\u0131km\u0131\u015f - Bati Ermenistan Ve Bati Ermenileri Sorunlari Ara\u015ftirmalar Merkezi\" \/>\n<meta property=\"og:description\" content=\"K\u00fctahya\u2019da m\u00fclkiyeti \u00f6zel ki\u015filerde bulunan ve y\u0131llar i\u00e7inde sinema ve d\u00fc\u011f\u00fcn salonuna \u00e7evrilen Surp Toros Kilisesi\u2019nin y\u0131kt\u0131r\u0131lmas\u0131n\u0131n yank\u0131lar\u0131 s\u00fcr\u00fcyor. Ge\u00e7ti\u011fimiz hafta yay\u0131nlanan haberimizde, \u201cKilisenin m\u00fclk sahibi Hakan De\u011firmencio\u011flu karar\u0131yla y\u0131kt\u0131r\u0131ld\u0131\u011f\u0131 d\u00fc\u015f\u00fcn\u00fcl\u00fcyor\u201d denmi\u015f ve yap\u0131 i\u00e7in An\u0131tlar Kurulu\u2019nun 2019 tarihli bir koruma karar\u0131 oldu\u011funa dikkat \u00e7ekilmi\u015fti. Y\u0131k\u0131m i\u00e7in kurulun yeni bir karar \u00e7\u0131kard\u0131\u011f\u0131 \u00f6\u011frenildi. M\u00fclk sahiplerinden [&hellip;]\" \/>\n<meta property=\"og:url\" content=\"https:\/\/akunq.net\/tr\/?p=61466\" \/>\n<meta property=\"og:site_name\" content=\"Bati Ermenistan Ve Bati Ermenileri Sorunlari Ara\u015ftirmalar Merkezi\" \/>\n<meta property=\"article:published_time\" content=\"2021-02-12T06:27:01+00:00\" \/>\n<meta property=\"og:image\" content=\"https:\/\/akunq.net\/tr\/wp-content\/uploads\/sites\/6\/2021\/02\/Surp-Toros.png\" \/>\n\t<meta property=\"og:image:width\" content=\"478\" \/>\n\t<meta property=\"og:image:height\" content=\"344\" \/>\n\t<meta property=\"og:image:type\" content=\"image\/png\" \/>\n<meta name=\"author\" content=\"admin\" \/>\n<meta name=\"twitter:card\" content=\"summary_large_image\" \/>\n<meta name=\"twitter:label1\" content=\"Written by\" \/>\n\t<meta name=\"twitter:data1\" content=\"admin\" \/>\n\t<meta name=\"twitter:label2\" content=\"Est. reading time\" \/>\n\t<meta name=\"twitter:data2\" content=\"3 minutes\" \/>\n<script type=\"application\/ld+json\" class=\"yoast-schema-graph\">{\"@context\":\"https:\\\/\\\/schema.org\",\"@graph\":[{\"@type\":\"Article\",\"@id\":\"https:\\\/\\\/akunq.net\\\/tr\\\/?p=61466#article\",\"isPartOf\":{\"@id\":\"https:\\\/\\\/akunq.net\\\/tr\\\/?p=61466\"},\"author\":{\"name\":\"admin\",\"@id\":\"https:\\\/\\\/akunq.net\\\/tr\\\/#\\\/schema\\\/person\\\/096f1d38a12cce57fb855b485ed24c9e\"},\"headline\":\"Surp Toros\u2019un y\u0131k\u0131m\u0131 i\u00e7in yeni karar \u00e7\u0131km\u0131\u015f\",\"datePublished\":\"2021-02-12T06:27:01+00:00\",\"mainEntityOfPage\":{\"@id\":\"https:\\\/\\\/akunq.net\\\/tr\\\/?p=61466\"},\"wordCount\":694,\"commentCount\":0,\"image\":{\"@id\":\"https:\\\/\\\/akunq.net\\\/tr\\\/?p=61466#primaryimage\"},\"thumbnailUrl\":\"https:\\\/\\\/akunq.net\\\/tr\\\/wp-content\\\/uploads\\\/sites\\\/6\\\/2021\\\/02\\\/Surp-Toros.png\",\"articleSection\":[\"Haberler\"],\"inLanguage\":\"en-US\",\"potentialAction\":[{\"@type\":\"CommentAction\",\"name\":\"Comment\",\"target\":[\"https:\\\/\\\/akunq.net\\\/tr\\\/?p=61466#respond\"]}]},{\"@type\":\"WebPage\",\"@id\":\"https:\\\/\\\/akunq.net\\\/tr\\\/?p=61466\",\"url\":\"https:\\\/\\\/akunq.net\\\/tr\\\/?p=61466\",\"name\":\"Surp Toros\u2019un y\u0131k\u0131m\u0131 i\u00e7in yeni karar \u00e7\u0131km\u0131\u015f - Bati Ermenistan Ve Bati Ermenileri Sorunlari Ara\u015ftirmalar Merkezi\",\"isPartOf\":{\"@id\":\"https:\\\/\\\/akunq.net\\\/tr\\\/#website\"},\"primaryImageOfPage\":{\"@id\":\"https:\\\/\\\/akunq.net\\\/tr\\\/?p=61466#primaryimage\"},\"image\":{\"@id\":\"https:\\\/\\\/akunq.net\\\/tr\\\/?p=61466#primaryimage\"},\"thumbnailUrl\":\"https:\\\/\\\/akunq.net\\\/tr\\\/wp-content\\\/uploads\\\/sites\\\/6\\\/2021\\\/02\\\/Surp-Toros.png\",\"datePublished\":\"2021-02-12T06:27:01+00:00\",\"author\":{\"@id\":\"https:\\\/\\\/akunq.net\\\/tr\\\/#\\\/schema\\\/person\\\/096f1d38a12cce57fb855b485ed24c9e\"},\"breadcrumb\":{\"@id\":\"https:\\\/\\\/akunq.net\\\/tr\\\/?p=61466#breadcrumb\"},\"inLanguage\":\"en-US\",\"potentialAction\":[{\"@type\":\"ReadAction\",\"target\":[\"https:\\\/\\\/akunq.net\\\/tr\\\/?p=61466\"]}]},{\"@type\":\"ImageObject\",\"inLanguage\":\"en-US\",\"@id\":\"https:\\\/\\\/akunq.net\\\/tr\\\/?p=61466#primaryimage\",\"url\":\"https:\\\/\\\/akunq.net\\\/tr\\\/wp-content\\\/uploads\\\/sites\\\/6\\\/2021\\\/02\\\/Surp-Toros.png\",\"contentUrl\":\"https:\\\/\\\/akunq.net\\\/tr\\\/wp-content\\\/uploads\\\/sites\\\/6\\\/2021\\\/02\\\/Surp-Toros.png\",\"width\":478,\"height\":344},{\"@type\":\"BreadcrumbList\",\"@id\":\"https:\\\/\\\/akunq.net\\\/tr\\\/?p=61466#breadcrumb\",\"itemListElement\":[{\"@type\":\"ListItem\",\"position\":1,\"name\":\"Home\",\"item\":\"https:\\\/\\\/akunq.net\\\/tr\"},{\"@type\":\"ListItem\",\"position\":2,\"name\":\"Surp Toros\u2019un y\u0131k\u0131m\u0131 i\u00e7in yeni karar \u00e7\u0131km\u0131\u015f\"}]},{\"@type\":\"WebSite\",\"@id\":\"https:\\\/\\\/akunq.net\\\/tr\\\/#website\",\"url\":\"https:\\\/\\\/akunq.net\\\/tr\\\/\",\"name\":\"Bati Ermenistan Ve Bati Ermenileri Sorunlari Ara\u015ftirmalar Merkezi\",\"description\":\"\",\"potentialAction\":[{\"@type\":\"SearchAction\",\"target\":{\"@type\":\"EntryPoint\",\"urlTemplate\":\"https:\\\/\\\/akunq.net\\\/tr\\\/?s={search_term_string}\"},\"query-input\":{\"@type\":\"PropertyValueSpecification\",\"valueRequired\":true,\"valueName\":\"search_term_string\"}}],\"inLanguage\":\"en-US\"},{\"@type\":\"Person\",\"@id\":\"https:\\\/\\\/akunq.net\\\/tr\\\/#\\\/schema\\\/person\\\/096f1d38a12cce57fb855b485ed24c9e\",\"name\":\"admin\",\"url\":\"https:\\\/\\\/akunq.net\\\/tr\\\/?author=7\"}]}<\/script>\n<!-- \/ Yoast SEO plugin. -->","yoast_head_json":{"title":"Surp Toros\u2019un y\u0131k\u0131m\u0131 i\u00e7in yeni karar \u00e7\u0131km\u0131\u015f - Bati Ermenistan Ve Bati Ermenileri Sorunlari Ara\u015ftirmalar Merkezi","robots":{"index":"index","follow":"follow","max-snippet":"max-snippet:-1","max-image-preview":"max-image-preview:large","max-video-preview":"max-video-preview:-1"},"canonical":"https:\/\/akunq.net\/tr\/?p=61466","og_locale":"en_US","og_type":"article","og_title":"Surp Toros\u2019un y\u0131k\u0131m\u0131 i\u00e7in yeni karar \u00e7\u0131km\u0131\u015f - Bati Ermenistan Ve Bati Ermenileri Sorunlari Ara\u015ftirmalar Merkezi","og_description":"K\u00fctahya\u2019da m\u00fclkiyeti \u00f6zel ki\u015filerde bulunan ve y\u0131llar i\u00e7inde sinema ve d\u00fc\u011f\u00fcn salonuna \u00e7evrilen Surp Toros Kilisesi\u2019nin y\u0131kt\u0131r\u0131lmas\u0131n\u0131n yank\u0131lar\u0131 s\u00fcr\u00fcyor. Ge\u00e7ti\u011fimiz hafta yay\u0131nlanan haberimizde, \u201cKilisenin m\u00fclk sahibi Hakan De\u011firmencio\u011flu karar\u0131yla y\u0131kt\u0131r\u0131ld\u0131\u011f\u0131 d\u00fc\u015f\u00fcn\u00fcl\u00fcyor\u201d denmi\u015f ve yap\u0131 i\u00e7in An\u0131tlar Kurulu\u2019nun 2019 tarihli bir koruma karar\u0131 oldu\u011funa dikkat \u00e7ekilmi\u015fti. Y\u0131k\u0131m i\u00e7in kurulun yeni bir karar \u00e7\u0131kard\u0131\u011f\u0131 \u00f6\u011frenildi. M\u00fclk sahiplerinden [&hellip;]","og_url":"https:\/\/akunq.net\/tr\/?p=61466","og_site_name":"Bati Ermenistan Ve Bati Ermenileri Sorunlari Ara\u015ftirmalar Merkezi","article_published_time":"2021-02-12T06:27:01+00:00","og_image":[{"width":478,"height":344,"url":"https:\/\/akunq.net\/tr\/wp-content\/uploads\/sites\/6\/2021\/02\/Surp-Toros.png","type":"image\/png"}],"author":"admin","twitter_card":"summary_large_image","twitter_misc":{"Written by":"admin","Est. reading time":"3 minutes"},"schema":{"@context":"https:\/\/schema.org","@graph":[{"@type":"Article","@id":"https:\/\/akunq.net\/tr\/?p=61466#article","isPartOf":{"@id":"https:\/\/akunq.net\/tr\/?p=61466"},"author":{"name":"admin","@id":"https:\/\/akunq.net\/tr\/#\/schema\/person\/096f1d38a12cce57fb855b485ed24c9e"},"headline":"Surp Toros\u2019un y\u0131k\u0131m\u0131 i\u00e7in yeni karar \u00e7\u0131km\u0131\u015f","datePublished":"2021-02-12T06:27:01+00:00","mainEntityOfPage":{"@id":"https:\/\/akunq.net\/tr\/?p=61466"},"wordCount":694,"commentCount":0,"image":{"@id":"https:\/\/akunq.net\/tr\/?p=61466#primaryimage"},"thumbnailUrl":"https:\/\/akunq.net\/tr\/wp-content\/uploads\/sites\/6\/2021\/02\/Surp-Toros.png","articleSection":["Haberler"],"inLanguage":"en-US","potentialAction":[{"@type":"CommentAction","name":"Comment","target":["https:\/\/akunq.net\/tr\/?p=61466#respond"]}]},{"@type":"WebPage","@id":"https:\/\/akunq.net\/tr\/?p=61466","url":"https:\/\/akunq.net\/tr\/?p=61466","name":"Surp Toros\u2019un y\u0131k\u0131m\u0131 i\u00e7in yeni karar \u00e7\u0131km\u0131\u015f - Bati Ermenistan Ve Bati Ermenileri Sorunlari Ara\u015ftirmalar Merkezi","isPartOf":{"@id":"https:\/\/akunq.net\/tr\/#website"},"primaryImageOfPage":{"@id":"https:\/\/akunq.net\/tr\/?p=61466#primaryimage"},"image":{"@id":"https:\/\/akunq.net\/tr\/?p=61466#primaryimage"},"thumbnailUrl":"https:\/\/akunq.net\/tr\/wp-content\/uploads\/sites\/6\/2021\/02\/Surp-Toros.png","datePublished":"2021-02-12T06:27:01+00:00","author":{"@id":"https:\/\/akunq.net\/tr\/#\/schema\/person\/096f1d38a12cce57fb855b485ed24c9e"},"breadcrumb":{"@id":"https:\/\/akunq.net\/tr\/?p=61466#breadcrumb"},"inLanguage":"en-US","potentialAction":[{"@type":"ReadAction","target":["https:\/\/akunq.net\/tr\/?p=61466"]}]},{"@type":"ImageObject","inLanguage":"en-US","@id":"https:\/\/akunq.net\/tr\/?p=61466#primaryimage","url":"https:\/\/akunq.net\/tr\/wp-content\/uploads\/sites\/6\/2021\/02\/Surp-Toros.png","contentUrl":"https:\/\/akunq.net\/tr\/wp-content\/uploads\/sites\/6\/2021\/02\/Surp-Toros.png","width":478,"height":344},{"@type":"BreadcrumbList","@id":"https:\/\/akunq.net\/tr\/?p=61466#breadcrumb","itemListElement":[{"@type":"ListItem","position":1,"name":"Home","item":"https:\/\/akunq.net\/tr"},{"@type":"ListItem","position":2,"name":"Surp Toros\u2019un y\u0131k\u0131m\u0131 i\u00e7in yeni karar \u00e7\u0131km\u0131\u015f"}]},{"@type":"WebSite","@id":"https:\/\/akunq.net\/tr\/#website","url":"https:\/\/akunq.net\/tr\/","name":"Bati Ermenistan Ve Bati Ermenileri Sorunlari Ara\u015ftirmalar Merkezi","description":"","potentialAction":[{"@type":"SearchAction","target":{"@type":"EntryPoint","urlTemplate":"https:\/\/akunq.net\/tr\/?s={search_term_string}"},"query-input":{"@type":"PropertyValueSpecification","valueRequired":true,"valueName":"search_term_string"}}],"inLanguage":"en-US"},{"@type":"Person","@id":"https:\/\/akunq.net\/tr\/#\/schema\/person\/096f1d38a12cce57fb855b485ed24c9e","name":"admin","url":"https:\/\/akunq.net\/tr\/?author=7"}]}},"_links":{"self":[{"href":"https:\/\/akunq.net\/tr\/index.php?rest_route=\/wp\/v2\/posts\/61466","targetHints":{"allow":["GET"]}}],"collection":[{"href":"https:\/\/akunq.net\/tr\/index.php?rest_route=\/wp\/v2\/posts"}],"about":[{"href":"https:\/\/akunq.net\/tr\/index.php?rest_route=\/wp\/v2\/types\/post"}],"author":[{"embeddable":true,"href":"https:\/\/akunq.net\/tr\/index.php?rest_route=\/wp\/v2\/users\/7"}],"replies":[{"embeddable":true,"href":"https:\/\/akunq.net\/tr\/index.php?rest_route=%2Fwp%2Fv2%2Fcomments&post=61466"}],"version-history":[{"count":1,"href":"https:\/\/akunq.net\/tr\/index.php?rest_route=\/wp\/v2\/posts\/61466\/revisions"}],"predecessor-version":[{"id":61468,"href":"https:\/\/akunq.net\/tr\/index.php?rest_route=\/wp\/v2\/posts\/61466\/revisions\/61468"}],"wp:featuredmedia":[{"embeddable":true,"href":"https:\/\/akunq.net\/tr\/index.php?rest_route=\/wp\/v2\/media\/61467"}],"wp:attachment":[{"href":"https:\/\/akunq.net\/tr\/index.php?rest_route=%2Fwp%2Fv2%2Fmedia&parent=61466"}],"wp:term":[{"taxonomy":"category","embeddable":true,"href":"https:\/\/akunq.net\/tr\/index.php?rest_route=%2Fwp%2Fv2%2Fcategories&post=61466"},{"taxonomy":"post_tag","embeddable":true,"href":"https:\/\/akunq.net\/tr\/index.php?rest_route=%2Fwp%2Fv2%2Ftags&post=61466"}],"curies":[{"name":"wp","href":"https:\/\/api.w.org\/{rel}","templated":true}]}}