{"id":61456,"date":"2021-02-11T03:28:35","date_gmt":"2021-02-11T08:28:35","guid":{"rendered":"https:\/\/akunq.net\/tr\/?p=61456"},"modified":"2021-02-11T03:28:35","modified_gmt":"2021-02-11T08:28:35","slug":"400-gundur-haber-alinamayan-hurmuz-dirilin-kizi-her-sabah-babamiz-nerede-diye-uyaniyoruz","status":"publish","type":"post","link":"https:\/\/akunq.net\/tr\/?p=61456","title":{"rendered":"400 g\u00fcnd\u00fcr haber al\u0131namayan Hurm\u00fcz Diril\u2019in k\u0131z\u0131: Her sabah babam\u0131z nerede diye uyan\u0131yoruz"},"content":{"rendered":"<p><img loading=\"lazy\" decoding=\"async\" class=\"aligncenter size-medium wp-image-61457\" src=\"https:\/\/akunq.net\/tr\/wp-content\/uploads\/2021\/02\/Hurm\u00fcz-Diril-360x208.jpeg\" alt=\"\" width=\"360\" height=\"208\" srcset=\"https:\/\/akunq.net\/tr\/wp-content\/uploads\/sites\/6\/2021\/02\/Hurm\u00fcz-Diril-360x208.jpeg 360w, https:\/\/akunq.net\/tr\/wp-content\/uploads\/sites\/6\/2021\/02\/Hurm\u00fcz-Diril-768x444.jpeg 768w, https:\/\/akunq.net\/tr\/wp-content\/uploads\/sites\/6\/2021\/02\/Hurm\u00fcz-Diril-560x324.jpeg 560w, https:\/\/akunq.net\/tr\/wp-content\/uploads\/sites\/6\/2021\/02\/Hurm\u00fcz-Diril-260x150.jpeg 260w, https:\/\/akunq.net\/tr\/wp-content\/uploads\/sites\/6\/2021\/02\/Hurm\u00fcz-Diril-160x93.jpeg 160w, https:\/\/akunq.net\/tr\/wp-content\/uploads\/sites\/6\/2021\/02\/Hurm\u00fcz-Diril.jpeg 800w\" sizes=\"auto, (max-width: 360px) 100vw, 360px\" \/><\/p>\n<p><em><strong>Kaybolmas\u0131n\u0131n \u00fczerinden 70 g\u00fcn sonra annesinin cenazesini bulan Diril ailesi, 400 g\u00fcnd\u00fcr kendisinden haber al\u0131namayan Hurm\u00fcz Diril\u2019i ar\u0131yor.<\/strong><\/em><\/p>\n<p><strong>Seda TA\u015eKIN<\/strong><\/p>\n<p>ARTI GER\u00c7EK- \u015e\u0131rnak\u2019\u0131n Beyt\u00fc\u015febap\u2019a ba\u011fl\u0131 Kovankaya (Mehre) k\u00f6y\u00fcnde ya\u015fayan \u015eimuni ve Hurm\u00fcz Diril \u00e7ifti 12 Ocak 2020\u2019de ortadan kaybolduklar\u0131 haberini ald\u0131 ailesi. Aradan ge\u00e7en 70 g\u00fcn\u00fcn ard\u0131ndan \u00e7ocuklar\u0131 annelerinin cans\u0131z bedenine ula\u015f\u0131yor. Baba Hurm\u00fcz Diril\u2019den ise 400 g\u00fcnd\u00fcr haber al\u0131nam\u0131yor.<\/p>\n<p>1980-1995 aras\u0131nda 100 bini a\u015fk\u0131n Asuri-Keldani vatanda\u015f\u0131n T\u00fcrkiye\u2019yi terk etti\u011fi d\u00f6nemde, Hurm\u00fcz ve \u015eimuni Diril de 11 \u00e7ocuklar\u0131yla birlikte, bo\u015falt\u0131lan Kovankaya\u2019dan ayr\u0131lmak zorunda kalarak y\u0131llarca \u0130stanbul\u2019da ya\u015famak zorunda kal\u0131yor. Y\u0131l 2011\u2019i g\u00f6sterdi\u011finde ise aile nihayet do\u011fup b\u00fcy\u00fcd\u00fckleri Kovankaya\u2019ya k\u00f6y\u00fcne geri d\u00f6n\u00fcyor. Ancak bir\u00e7ok hayalle k\u00f6y\u00fcne d\u00f6nen Diril \u00e7ifti hayal etti\u011fi hayat\u0131 ya\u015fayam\u0131yor. K3 ki\u015finin ya\u015fad\u0131\u011f\u0131 k\u00fc\u00e7\u00fcc\u00fck k\u00f6yde iki ki\u015finin ka\u00e7\u0131r\u0131l\u0131p \u00f6ld\u00fcr\u00fclmesinin nas\u0131l olup h\u00e2l\u00e2 ayd\u0131nlat\u0131lamad\u0131\u011f\u0131 ise ak\u0131llarda b\u00fcy\u00fck bir soru i\u015fareti.<\/p>\n<p>Anne babas\u0131n\u0131n ak\u0131betinden 400 g\u00fcnd\u00fcr haber al\u0131namayan Hurm\u00fcz Diril\u2019in k\u0131z\u0131 G\u00fclcan Diril \u00dcz\u00fcmc\u00fc ile ya\u015fad\u0131klar\u0131 s\u00fcreci konu\u015ftuk.<\/p>\n<p>Diril, k\u00f6y bo\u015faltmalar\u0131n\u0131n ard\u0131ndan babas\u0131n\u0131n \u0130stanbul\u2019da kald\u0131\u011f\u0131 s\u00fcre i\u00e7inde s\u00fcrekli k\u00f6y hasreti \u00e7ekti\u011fini anlat\u0131yor. \u0130lk f\u0131rsatta k\u00f6ye d\u00f6nme plan\u0131 yapan babas\u0131 Hurm\u00fcz Diril, 2011 y\u0131l\u0131nda k\u00f6ye d\u00f6n\u00fc\u015flerin ba\u015flamas\u0131 ile birlikte zaman kaybetmeden yeniden k\u00f6y\u00fcne yerle\u015fiyor. 2013 y\u0131l\u0131nda \u00e7\u00f6z\u00fcm s\u00fcrecinin ba\u015flamas\u0131 ile birlikte Diril ailesi b\u00fct\u00fcn yat\u0131r\u0131mlar\u0131n\u0131 k\u00f6ye yaparak, iki g\u00f6z kald\u0131\u011f\u0131 evi hemen yeniliyor.<\/p>\n<p><strong>\u2018BABAM KEND\u0130N\u0130 K\u00d6YDE \u00d6ZG\u00dcR H\u0130SSEDERD\u0130\u2019<\/strong><\/p>\n<p>\u201cBabam kendini k\u00f6yde \u00f6zg\u00fcr hissederdi. Bana Avrupa\u2019n\u0131n en g\u00fczel yerini de verseniz, k\u00f6y\u00fcmden bir yere gitmem derdi. \u0130stanbul\u2019da kald\u0131\u011f\u0131 s\u00fcre\u00e7te hep k\u00f6ye d\u00f6nmemin hayalini kurdu. 2016 y\u0131l\u0131nda kal\u0131c\u0131 olarak, ya\u015fam standard\u0131n\u0131 y\u00fckseltmek ad\u0131na, yeni evini tamamlam\u0131\u015ft\u0131. Her yaz b\u00fct\u00fcn karde\u015fler ailemin yan\u0131na giderdik. Yine k\u00f6yde ya\u015famak isteyip cesaret edemeyen b\u00fct\u00fcn akrabalar her yaz ailemin yan\u0131nda olurdu. Neden b\u00f6yle oldu anlam\u0131yorum. Nerden bilirdik ki bir g\u00fcn bunlar\u0131 ya\u015fayaca\u011f\u0131m\u0131z\u0131.\u201d<\/p>\n<p><strong>\u2018B\u0130R YERE G\u0130TSELER KES\u0130N HABER VER\u0130RLERD\u0130\u2019<\/strong><\/p>\n<p>G\u00fclcan Diril en son 5 Ocak tarihinde annesi ile konu\u015fuyor. Daha sonra bir daha anne ve babas\u0131ndan haber alam\u0131yor.<\/p>\n<p>\u201cG\u00fcnlerce bekleyi\u015fimiz s\u00fcrd\u00fc ancak 12 Ocak tarihinde abim Peder Remzi Diril ve Fransa\u2019dan gelen iki akrabayla k\u00f6ye gidip annem ve babam\u0131 evde bulamay\u0131nca bir sorun oldu\u011funu anlad\u0131k. K\u00f6yde havyanlar varken asla anne ve babam k\u00f6y\u00fc terk etmezdi. Terk etse bile kesin bize haber verirdi\u201d<\/p>\n<p><strong>\u2018YO\u011eUN KAR YA\u011eI\u015eI NEDEN\u0130YLE ARAMAYA ARA VER\u0130LD\u0130\u2019<\/strong><\/p>\n<p>Anne ve babas\u0131n\u0131 evde bulamayan abi Diril hemen durumu yetkililere haber veriyor. Arama \u00e7al\u0131\u015fmalar\u0131 ise 16 Ocak tarihinde ba\u015fl\u0131yor. Arama \u00e7al\u0131\u015fmalar\u0131n\u0131, olay yeri inceleme ekibi k\u0131sa mesafeli olarak sadece evimizin etraf\u0131nda yap\u0131yor. Ancak daha sonra yo\u011fun kar ya\u011f\u0131\u015f\u0131 ile aramalara ara veriliyor. G\u00fclcan Diril o g\u00fcn\u00fc \u015f\u00f6yle anlat\u0131yor:<\/p>\n<p>\u201cBiz yo\u011fun kar ya\u011f\u0131\u015f\u0131n\u0131n olmas\u0131 nedeniyle arama \u00e7al\u0131\u015fmalar\u0131n\u0131 kendi imk\u00e2nlar\u0131m\u0131z ile yapt\u0131k. Her yere bakt\u0131k ama bir iz bulamad\u0131k. K\u00f6yde sadece 3 ki\u015fi kal\u0131yor. Di\u011fer kalan ki\u015fi ise babam\u0131n kuzeni olan Apro Diril. Kendisi bizim arama s\u00fcrecimizi yava\u015flatt\u0131. Her defas\u0131nda \u00e7eli\u015fkili ifadeler verdi. \u0130lk \u00f6nce babam\u0131n \u2018\u00f6rg\u00fct\u2019 taraf\u0131ndan ka\u00e7\u0131r\u0131ld\u0131\u011f\u0131n\u0131 s\u00f6yledi daha sonra ise farkl\u0131 farkl\u0131 ifadeler verdi. Bug\u00fcn yar\u0131n gelir s\u00f6ylemleri bizim arama \u00e7al\u0131\u015fmalar\u0131m\u0131z\u0131 yava\u015flatt\u0131. Belki o bu \u015fekilde davranmasa s\u00fcre\u00e7 daha h\u0131zl\u0131 ilerleyebilirdi.\u201d<\/p>\n<p><strong>\u2019ANNEM\u0130N CENAZES\u0130N\u0130 AB\u0130M BULDU\u2019<\/strong><\/p>\n<p>G\u00fclcan Diril, 20 Mart sabah\u0131 g\u00fcn a\u011farmadan odas\u0131nda bir sisli bir bulut g\u00f6rd\u00fc\u011f\u00fcn\u00fc anlat\u0131yor. O an bir \u00f6l\u00fcm haberi alaca\u011f\u0131 b\u00fct\u00fcn zihnini ele ge\u00e7iriyor. Nitekim ki \u00f6yle de oluyor. G\u00fclcan Diril\u2019 o g\u00fcn abisi arayarak amcas\u0131n\u0131n evine gelmesini istiyor\u2026<\/p>\n<p>\u201c20 Mart sabah\u0131 abim ke\u00e7ileri otlatmaya g\u00f6t\u00fcr\u00fcrken annemin cesediyle kar\u015f\u0131la\u015fm\u0131\u015f. Ayak izlerinin bitti\u011fi yerin 400 metre a\u015fa\u011f\u0131s\u0131nda. Su annemin cesedini s\u00fcr\u00fcklemi\u015f. Sular\u0131n \u00e7ekilmesiyle annemin cenazesi nehrin kenar\u0131nda bir ta\u015fa tak\u0131lm\u0131\u015f bir halde buldu. \u00c7ok zor bir an\u2026 Hele \u00e7ocu\u011funun annesini o \u015fekilde bulmas\u0131 tarif edilemez bir ac\u0131\u2026 \u0130lk g\u00f6z a\u011fr\u0131s\u0131\u2026 Abim eve d\u00f6nerek annemi buldu\u011funu s\u00f6ylemi\u015f evdekilere. Parampar\u00e7a annem\u2026 Nas\u0131l k\u0131yd\u0131lar o g\u00fczel anneme\u2026 E\u011fer ilk ba\u015fta geni\u015f \u00e7apl\u0131 bir arama olsa belki annem \u00f6lmeyecekti. Belki annemi bulabilecektik.\u201d<\/p>\n<p><strong>\u2018ANNEM\u0130 HAYATTAN EDEN O TOPRA\u011eA G\u00d6MEMEZD\u0130K\u2019<\/strong><\/p>\n<p>Abisi annesinin cenazesinin ba\u015f\u0131nda 17 saat bekliyor. Cenazeyi almaya gelecek helikopter hava ko\u015fullar\u0131 nedeniyle bir g\u00fcn sonra olay yerine ula\u015f\u0131yor. Daha sonra aile \u015eimuni Diril\u2019in cenazesini \u0130stanbul\u2019a getiriyor.<\/p>\n<p>\u201cAnnemi k\u00f6ye defin etmek istemedik. \u0130stanbul\u2019a defnettik. Annemi \u0130stanbul\u2019da defnetmek istedik, \u00e7\u00fcnk\u00fc hem bizim hem de karde\u015flerinin ziyaret etmesi daha kolay olacakt\u0131. O s\u00fcre\u00e7te Covid-19 salg\u0131n\u0131 oldu\u011fu i\u00e7in kimseye haber vermeden, kendi aram\u0131zda bir defin i\u015flemi yapt\u0131k. Annemi hayat\u0131ndan etmi\u015f bir topra\u011fa nas\u0131l b\u0131rakabilirdik? Annemi son yolculu\u011funa u\u011furlamak \u00e7ok ac\u0131yd\u0131 ama bu nas\u0131l s\u00f6ylenir bilmiyorum; En az\u0131ndan yerini biliyorduk. Arada yan\u0131na gidip sohbet konu\u015fabilecektik. Ama babam\u0131z hala yok\u2026 Ac\u0131d\u0131r ama hayatta de\u011filse bile cenazesini istiyoruz.\u201d<\/p>\n<p><strong>\u2018BABAMIN D\u0130ZL\u0130K VE AYAKKABISINI BULDUK\u2019<\/strong><\/p>\n<p>G\u00fclcan Diril, annesinin cenazesinin bulundu\u011fu yerin \u00f6ld\u00fcr\u00fcld\u00fc\u011f\u00fcn\u00fc tahmin edildi\u011fi yerde, babas\u0131n\u0131n ayakkab\u0131s\u0131 ve dizli\u011fini bulduklar\u0131n\u0131 anlat\u0131yor. Yine evin yak\u0131n\u0131nda ise tarlada babas\u0131n\u0131n cep telefonunu. Annesinin cenazesinin bulunmas\u0131n\u0131n ard\u0131ndan bu i\u015fin bir cinayet oldu\u011funa kanaat getirdiklerini s\u00f6yl\u00fcyor:<\/p>\n<p>\u201cArt\u0131k bunun bir cinayet oldu\u011funu anlad\u0131k. Abim evin y\u00fcz metre yak\u0131n\u0131nda annemin ayakkab\u0131n\u0131 buluyor. Babam\u0131n cep telefonu bizim evden 25-30 metre uzakl\u0131kta tarlaya at\u0131lm\u0131\u015f. Nehrin kenar\u0131nda babam\u0131n ayakkab\u0131s\u0131n\u0131n teki ve dizli\u011fi var. Bunlar\u0131n hepsini biz kendimiz bulduk. Orada bir bo\u011fu\u015fma olmu\u015f. Birinci dereceden \u015f\u00fcpheli Apro Diril\u2019in minicik k\u00f6yde bu bo\u011fu\u015fmalar ya\u015farken duymamas\u0131 imk\u00e2ns\u0131z. Ya\u015fananlar\u0131 g\u00f6rmedim s\u00f6ylemi asla kabul edilemez. Art\u0131k tahamm\u00fcl\u00fcm\u00fcz kalmad\u0131.\u201d<\/p>\n<p><strong>\u2018APRO D\u0130R\u0130L HAKKINDA ETK\u0130N B\u0130R ARA\u015eTIRMA YAPILMADI\u2019<\/strong><\/p>\n<p>G\u00fclcan Diril, Apro Diril hakk\u0131nda etkin bir ara\u015ft\u0131rma yap\u0131lmad\u0131\u011f\u0131n\u0131 d\u00fc\u015f\u00fcn\u00fcyor.<\/p>\n<p>\u201cOlaydan d\u00f6rt g\u00fcn sonra jandarma annemle babam\u0131n evini arad\u0131 ancak Apro Diril\u2019in evini aramad\u0131. Apro Diril\u2019in evini ikinci kez geldiklerinde arad\u0131lar. K\u00f6ye biri geldi\u011finde k\u00fc\u00e7\u00fck yer oldu\u011fu i\u00e7in, herkes gelenin kim oldu\u011funu, birbirinin misafirini bilir. Korkutuldu\u011fu y\u00f6n\u00fcnde s\u00f6ylemler var. Korkutulmu\u015fsa k\u00f6yde ya\u015famaya nas\u0131l devam edebiliyor. Ben bu ki\u015fi hakk\u0131nda etkin bir ara\u015ft\u0131rma yap\u0131lmas\u0131n\u0131 istiyorum. \u00c7\u00fcnk\u00fc olaylar\u0131n tek tan\u0131\u011f\u0131 bu ki\u015fi.\u201d<\/p>\n<p><strong>\u2018BABAMI \u00d6L\u00dc YA DA D\u0130R\u0130 \u0130ST\u0130YORUM\u2019<\/strong><\/p>\n<p>Aradan ge\u00e7en 400 g\u00fcne ra\u011fmen bir an bile babas\u0131n\u0131 aramadan bir g\u00fcn bile vazge\u00e7meyen G\u00fclcan Diril\u2019in tek iste\u011fi biran \u00f6nce babas\u0131n\u0131n bulunmas\u0131. G\u00fclcan Diril kamuoyunda ailesinin durumunun yeterince i\u015flenmemesinden de \u015fik\u00e2yet\u00e7i.<\/p>\n<p>\u201cBir\u00e7ok medya ya\u015fad\u0131\u011f\u0131m\u0131z durumu g\u00f6rmezlikten geliyor. T\u00fcrkiye\u2019de ac\u0131 \u00e7ok s\u0131radanla\u015ft\u0131. Yeniden 1990\u2019l\u0131 y\u0131llara d\u00f6nd\u00fc\u011f\u00fcm\u00fcz\u00fc kabul etmiyorum. Her sabah g\u00fcne babam\u0131z nerede diye g\u00fcne uyan\u0131yoruz. Ne istediler bu iki g\u00fczel insanlardan? Bir an \u00f6nce babama \u00f6l\u00fc ya da diri kavu\u015fmak istiyorum. Art\u0131k sesimizi duysunlar l\u00fctfen.\u201d<\/p>\n<p><em><strong>https:\/\/artigercek.com\/haberler\/400-gundur-haber-alinamayan-hurmuz-diril-in-kizi-her-sabah-babamiz-nerede-diye-uyaniyoruz\u00a0<\/strong><\/em><\/p>\n","protected":false},"excerpt":{"rendered":"<p>Kaybolmas\u0131n\u0131n \u00fczerinden 70 g\u00fcn sonra annesinin cenazesini bulan Diril ailesi, 400 g\u00fcnd\u00fcr kendisinden haber al\u0131namayan Hurm\u00fcz Diril\u2019i ar\u0131yor. Seda TA\u015eKIN ARTI GER\u00c7EK- \u015e\u0131rnak\u2019\u0131n Beyt\u00fc\u015febap\u2019a ba\u011fl\u0131 Kovankaya (Mehre) k\u00f6y\u00fcnde ya\u015fayan \u015eimuni ve Hurm\u00fcz Diril \u00e7ifti 12 Ocak 2020\u2019de ortadan kaybolduklar\u0131 haberini ald\u0131 ailesi. Aradan ge\u00e7en 70 g\u00fcn\u00fcn ard\u0131ndan \u00e7ocuklar\u0131 annelerinin cans\u0131z bedenine ula\u015f\u0131yor. Baba Hurm\u00fcz Diril\u2019den [&hellip;]<\/p>\n","protected":false},"author":7,"featured_media":61457,"comment_status":"open","ping_status":"open","sticky":false,"template":"","format":"standard","meta":{"footnotes":""},"categories":[1,53],"tags":[],"class_list":["post-61456","post","type-post","status-publish","format-standard","has-post-thumbnail","hentry","category-haberler","category-turkiyede-azinliklar"],"yoast_head":"<!-- This site is optimized with the Yoast SEO plugin v27.4 - https:\/\/yoast.com\/product\/yoast-seo-wordpress\/ -->\n<title>400 g\u00fcnd\u00fcr haber al\u0131namayan Hurm\u00fcz Diril\u2019in k\u0131z\u0131: Her sabah babam\u0131z nerede diye uyan\u0131yoruz - Bati Ermenistan Ve Bati Ermenileri Sorunlari Ara\u015ftirmalar Merkezi<\/title>\n<meta name=\"robots\" content=\"index, follow, max-snippet:-1, max-image-preview:large, max-video-preview:-1\" \/>\n<link rel=\"canonical\" href=\"https:\/\/akunq.net\/tr\/?p=61456\" \/>\n<meta property=\"og:locale\" content=\"en_US\" \/>\n<meta property=\"og:type\" content=\"article\" \/>\n<meta property=\"og:title\" content=\"400 g\u00fcnd\u00fcr haber al\u0131namayan Hurm\u00fcz Diril\u2019in k\u0131z\u0131: Her sabah babam\u0131z nerede diye uyan\u0131yoruz - Bati Ermenistan Ve Bati Ermenileri Sorunlari Ara\u015ftirmalar Merkezi\" \/>\n<meta property=\"og:description\" content=\"Kaybolmas\u0131n\u0131n \u00fczerinden 70 g\u00fcn sonra annesinin cenazesini bulan Diril ailesi, 400 g\u00fcnd\u00fcr kendisinden haber al\u0131namayan Hurm\u00fcz Diril\u2019i ar\u0131yor. Seda TA\u015eKIN ARTI GER\u00c7EK- \u015e\u0131rnak\u2019\u0131n Beyt\u00fc\u015febap\u2019a ba\u011fl\u0131 Kovankaya (Mehre) k\u00f6y\u00fcnde ya\u015fayan \u015eimuni ve Hurm\u00fcz Diril \u00e7ifti 12 Ocak 2020\u2019de ortadan kaybolduklar\u0131 haberini ald\u0131 ailesi. Aradan ge\u00e7en 70 g\u00fcn\u00fcn ard\u0131ndan \u00e7ocuklar\u0131 annelerinin cans\u0131z bedenine ula\u015f\u0131yor. Baba Hurm\u00fcz Diril\u2019den [&hellip;]\" \/>\n<meta property=\"og:url\" content=\"https:\/\/akunq.net\/tr\/?p=61456\" \/>\n<meta property=\"og:site_name\" content=\"Bati Ermenistan Ve Bati Ermenileri Sorunlari Ara\u015ftirmalar Merkezi\" \/>\n<meta property=\"article:published_time\" content=\"2021-02-11T08:28:35+00:00\" \/>\n<meta property=\"og:image\" content=\"https:\/\/akunq.net\/tr\/wp-content\/uploads\/sites\/6\/2021\/02\/Hurm\u00fcz-Diril.jpeg\" \/>\n\t<meta property=\"og:image:width\" content=\"800\" \/>\n\t<meta property=\"og:image:height\" content=\"463\" \/>\n\t<meta property=\"og:image:type\" content=\"image\/jpeg\" \/>\n<meta name=\"author\" content=\"admin\" \/>\n<meta name=\"twitter:card\" content=\"summary_large_image\" \/>\n<meta name=\"twitter:label1\" content=\"Written by\" \/>\n\t<meta name=\"twitter:data1\" content=\"admin\" \/>\n\t<meta name=\"twitter:label2\" content=\"Est. reading time\" \/>\n\t<meta name=\"twitter:data2\" content=\"7 minutes\" \/>\n<script type=\"application\/ld+json\" class=\"yoast-schema-graph\">{\"@context\":\"https:\\\/\\\/schema.org\",\"@graph\":[{\"@type\":\"Article\",\"@id\":\"https:\\\/\\\/akunq.net\\\/tr\\\/?p=61456#article\",\"isPartOf\":{\"@id\":\"https:\\\/\\\/akunq.net\\\/tr\\\/?p=61456\"},\"author\":{\"name\":\"admin\",\"@id\":\"https:\\\/\\\/akunq.net\\\/tr\\\/#\\\/schema\\\/person\\\/096f1d38a12cce57fb855b485ed24c9e\"},\"headline\":\"400 g\u00fcnd\u00fcr haber al\u0131namayan Hurm\u00fcz Diril\u2019in k\u0131z\u0131: Her sabah babam\u0131z nerede diye uyan\u0131yoruz\",\"datePublished\":\"2021-02-11T08:28:35+00:00\",\"mainEntityOfPage\":{\"@id\":\"https:\\\/\\\/akunq.net\\\/tr\\\/?p=61456\"},\"wordCount\":1443,\"commentCount\":0,\"image\":{\"@id\":\"https:\\\/\\\/akunq.net\\\/tr\\\/?p=61456#primaryimage\"},\"thumbnailUrl\":\"https:\\\/\\\/akunq.net\\\/tr\\\/wp-content\\\/uploads\\\/sites\\\/6\\\/2021\\\/02\\\/Hurm\u00fcz-Diril.jpeg\",\"articleSection\":[\"Haberler\",\"T\u00fcrkiye\u2019de Az\u0131nl\u0131klar\"],\"inLanguage\":\"en-US\",\"potentialAction\":[{\"@type\":\"CommentAction\",\"name\":\"Comment\",\"target\":[\"https:\\\/\\\/akunq.net\\\/tr\\\/?p=61456#respond\"]}]},{\"@type\":\"WebPage\",\"@id\":\"https:\\\/\\\/akunq.net\\\/tr\\\/?p=61456\",\"url\":\"https:\\\/\\\/akunq.net\\\/tr\\\/?p=61456\",\"name\":\"400 g\u00fcnd\u00fcr haber al\u0131namayan Hurm\u00fcz Diril\u2019in k\u0131z\u0131: Her sabah babam\u0131z nerede diye uyan\u0131yoruz - Bati Ermenistan Ve Bati Ermenileri Sorunlari Ara\u015ftirmalar Merkezi\",\"isPartOf\":{\"@id\":\"https:\\\/\\\/akunq.net\\\/tr\\\/#website\"},\"primaryImageOfPage\":{\"@id\":\"https:\\\/\\\/akunq.net\\\/tr\\\/?p=61456#primaryimage\"},\"image\":{\"@id\":\"https:\\\/\\\/akunq.net\\\/tr\\\/?p=61456#primaryimage\"},\"thumbnailUrl\":\"https:\\\/\\\/akunq.net\\\/tr\\\/wp-content\\\/uploads\\\/sites\\\/6\\\/2021\\\/02\\\/Hurm\u00fcz-Diril.jpeg\",\"datePublished\":\"2021-02-11T08:28:35+00:00\",\"author\":{\"@id\":\"https:\\\/\\\/akunq.net\\\/tr\\\/#\\\/schema\\\/person\\\/096f1d38a12cce57fb855b485ed24c9e\"},\"breadcrumb\":{\"@id\":\"https:\\\/\\\/akunq.net\\\/tr\\\/?p=61456#breadcrumb\"},\"inLanguage\":\"en-US\",\"potentialAction\":[{\"@type\":\"ReadAction\",\"target\":[\"https:\\\/\\\/akunq.net\\\/tr\\\/?p=61456\"]}]},{\"@type\":\"ImageObject\",\"inLanguage\":\"en-US\",\"@id\":\"https:\\\/\\\/akunq.net\\\/tr\\\/?p=61456#primaryimage\",\"url\":\"https:\\\/\\\/akunq.net\\\/tr\\\/wp-content\\\/uploads\\\/sites\\\/6\\\/2021\\\/02\\\/Hurm\u00fcz-Diril.jpeg\",\"contentUrl\":\"https:\\\/\\\/akunq.net\\\/tr\\\/wp-content\\\/uploads\\\/sites\\\/6\\\/2021\\\/02\\\/Hurm\u00fcz-Diril.jpeg\",\"width\":800,\"height\":463},{\"@type\":\"BreadcrumbList\",\"@id\":\"https:\\\/\\\/akunq.net\\\/tr\\\/?p=61456#breadcrumb\",\"itemListElement\":[{\"@type\":\"ListItem\",\"position\":1,\"name\":\"Home\",\"item\":\"https:\\\/\\\/akunq.net\\\/tr\"},{\"@type\":\"ListItem\",\"position\":2,\"name\":\"400 g\u00fcnd\u00fcr haber al\u0131namayan Hurm\u00fcz Diril\u2019in k\u0131z\u0131: Her sabah babam\u0131z nerede diye uyan\u0131yoruz\"}]},{\"@type\":\"WebSite\",\"@id\":\"https:\\\/\\\/akunq.net\\\/tr\\\/#website\",\"url\":\"https:\\\/\\\/akunq.net\\\/tr\\\/\",\"name\":\"Bati Ermenistan Ve Bati Ermenileri Sorunlari Ara\u015ftirmalar Merkezi\",\"description\":\"\",\"potentialAction\":[{\"@type\":\"SearchAction\",\"target\":{\"@type\":\"EntryPoint\",\"urlTemplate\":\"https:\\\/\\\/akunq.net\\\/tr\\\/?s={search_term_string}\"},\"query-input\":{\"@type\":\"PropertyValueSpecification\",\"valueRequired\":true,\"valueName\":\"search_term_string\"}}],\"inLanguage\":\"en-US\"},{\"@type\":\"Person\",\"@id\":\"https:\\\/\\\/akunq.net\\\/tr\\\/#\\\/schema\\\/person\\\/096f1d38a12cce57fb855b485ed24c9e\",\"name\":\"admin\",\"url\":\"https:\\\/\\\/akunq.net\\\/tr\\\/?author=7\"}]}<\/script>\n<!-- \/ Yoast SEO plugin. -->","yoast_head_json":{"title":"400 g\u00fcnd\u00fcr haber al\u0131namayan Hurm\u00fcz Diril\u2019in k\u0131z\u0131: Her sabah babam\u0131z nerede diye uyan\u0131yoruz - Bati Ermenistan Ve Bati Ermenileri Sorunlari Ara\u015ftirmalar Merkezi","robots":{"index":"index","follow":"follow","max-snippet":"max-snippet:-1","max-image-preview":"max-image-preview:large","max-video-preview":"max-video-preview:-1"},"canonical":"https:\/\/akunq.net\/tr\/?p=61456","og_locale":"en_US","og_type":"article","og_title":"400 g\u00fcnd\u00fcr haber al\u0131namayan Hurm\u00fcz Diril\u2019in k\u0131z\u0131: Her sabah babam\u0131z nerede diye uyan\u0131yoruz - Bati Ermenistan Ve Bati Ermenileri Sorunlari Ara\u015ftirmalar Merkezi","og_description":"Kaybolmas\u0131n\u0131n \u00fczerinden 70 g\u00fcn sonra annesinin cenazesini bulan Diril ailesi, 400 g\u00fcnd\u00fcr kendisinden haber al\u0131namayan Hurm\u00fcz Diril\u2019i ar\u0131yor. Seda TA\u015eKIN ARTI GER\u00c7EK- \u015e\u0131rnak\u2019\u0131n Beyt\u00fc\u015febap\u2019a ba\u011fl\u0131 Kovankaya (Mehre) k\u00f6y\u00fcnde ya\u015fayan \u015eimuni ve Hurm\u00fcz Diril \u00e7ifti 12 Ocak 2020\u2019de ortadan kaybolduklar\u0131 haberini ald\u0131 ailesi. Aradan ge\u00e7en 70 g\u00fcn\u00fcn ard\u0131ndan \u00e7ocuklar\u0131 annelerinin cans\u0131z bedenine ula\u015f\u0131yor. Baba Hurm\u00fcz Diril\u2019den [&hellip;]","og_url":"https:\/\/akunq.net\/tr\/?p=61456","og_site_name":"Bati Ermenistan Ve Bati Ermenileri Sorunlari Ara\u015ftirmalar Merkezi","article_published_time":"2021-02-11T08:28:35+00:00","og_image":[{"width":800,"height":463,"url":"https:\/\/akunq.net\/tr\/wp-content\/uploads\/sites\/6\/2021\/02\/Hurm\u00fcz-Diril.jpeg","type":"image\/jpeg"}],"author":"admin","twitter_card":"summary_large_image","twitter_misc":{"Written by":"admin","Est. reading time":"7 minutes"},"schema":{"@context":"https:\/\/schema.org","@graph":[{"@type":"Article","@id":"https:\/\/akunq.net\/tr\/?p=61456#article","isPartOf":{"@id":"https:\/\/akunq.net\/tr\/?p=61456"},"author":{"name":"admin","@id":"https:\/\/akunq.net\/tr\/#\/schema\/person\/096f1d38a12cce57fb855b485ed24c9e"},"headline":"400 g\u00fcnd\u00fcr haber al\u0131namayan Hurm\u00fcz Diril\u2019in k\u0131z\u0131: Her sabah babam\u0131z nerede diye uyan\u0131yoruz","datePublished":"2021-02-11T08:28:35+00:00","mainEntityOfPage":{"@id":"https:\/\/akunq.net\/tr\/?p=61456"},"wordCount":1443,"commentCount":0,"image":{"@id":"https:\/\/akunq.net\/tr\/?p=61456#primaryimage"},"thumbnailUrl":"https:\/\/akunq.net\/tr\/wp-content\/uploads\/sites\/6\/2021\/02\/Hurm\u00fcz-Diril.jpeg","articleSection":["Haberler","T\u00fcrkiye\u2019de Az\u0131nl\u0131klar"],"inLanguage":"en-US","potentialAction":[{"@type":"CommentAction","name":"Comment","target":["https:\/\/akunq.net\/tr\/?p=61456#respond"]}]},{"@type":"WebPage","@id":"https:\/\/akunq.net\/tr\/?p=61456","url":"https:\/\/akunq.net\/tr\/?p=61456","name":"400 g\u00fcnd\u00fcr haber al\u0131namayan Hurm\u00fcz Diril\u2019in k\u0131z\u0131: Her sabah babam\u0131z nerede diye uyan\u0131yoruz - Bati Ermenistan Ve Bati Ermenileri Sorunlari Ara\u015ftirmalar Merkezi","isPartOf":{"@id":"https:\/\/akunq.net\/tr\/#website"},"primaryImageOfPage":{"@id":"https:\/\/akunq.net\/tr\/?p=61456#primaryimage"},"image":{"@id":"https:\/\/akunq.net\/tr\/?p=61456#primaryimage"},"thumbnailUrl":"https:\/\/akunq.net\/tr\/wp-content\/uploads\/sites\/6\/2021\/02\/Hurm\u00fcz-Diril.jpeg","datePublished":"2021-02-11T08:28:35+00:00","author":{"@id":"https:\/\/akunq.net\/tr\/#\/schema\/person\/096f1d38a12cce57fb855b485ed24c9e"},"breadcrumb":{"@id":"https:\/\/akunq.net\/tr\/?p=61456#breadcrumb"},"inLanguage":"en-US","potentialAction":[{"@type":"ReadAction","target":["https:\/\/akunq.net\/tr\/?p=61456"]}]},{"@type":"ImageObject","inLanguage":"en-US","@id":"https:\/\/akunq.net\/tr\/?p=61456#primaryimage","url":"https:\/\/akunq.net\/tr\/wp-content\/uploads\/sites\/6\/2021\/02\/Hurm\u00fcz-Diril.jpeg","contentUrl":"https:\/\/akunq.net\/tr\/wp-content\/uploads\/sites\/6\/2021\/02\/Hurm\u00fcz-Diril.jpeg","width":800,"height":463},{"@type":"BreadcrumbList","@id":"https:\/\/akunq.net\/tr\/?p=61456#breadcrumb","itemListElement":[{"@type":"ListItem","position":1,"name":"Home","item":"https:\/\/akunq.net\/tr"},{"@type":"ListItem","position":2,"name":"400 g\u00fcnd\u00fcr haber al\u0131namayan Hurm\u00fcz Diril\u2019in k\u0131z\u0131: Her sabah babam\u0131z nerede diye uyan\u0131yoruz"}]},{"@type":"WebSite","@id":"https:\/\/akunq.net\/tr\/#website","url":"https:\/\/akunq.net\/tr\/","name":"Bati Ermenistan Ve Bati Ermenileri Sorunlari Ara\u015ftirmalar Merkezi","description":"","potentialAction":[{"@type":"SearchAction","target":{"@type":"EntryPoint","urlTemplate":"https:\/\/akunq.net\/tr\/?s={search_term_string}"},"query-input":{"@type":"PropertyValueSpecification","valueRequired":true,"valueName":"search_term_string"}}],"inLanguage":"en-US"},{"@type":"Person","@id":"https:\/\/akunq.net\/tr\/#\/schema\/person\/096f1d38a12cce57fb855b485ed24c9e","name":"admin","url":"https:\/\/akunq.net\/tr\/?author=7"}]}},"_links":{"self":[{"href":"https:\/\/akunq.net\/tr\/index.php?rest_route=\/wp\/v2\/posts\/61456","targetHints":{"allow":["GET"]}}],"collection":[{"href":"https:\/\/akunq.net\/tr\/index.php?rest_route=\/wp\/v2\/posts"}],"about":[{"href":"https:\/\/akunq.net\/tr\/index.php?rest_route=\/wp\/v2\/types\/post"}],"author":[{"embeddable":true,"href":"https:\/\/akunq.net\/tr\/index.php?rest_route=\/wp\/v2\/users\/7"}],"replies":[{"embeddable":true,"href":"https:\/\/akunq.net\/tr\/index.php?rest_route=%2Fwp%2Fv2%2Fcomments&post=61456"}],"version-history":[{"count":1,"href":"https:\/\/akunq.net\/tr\/index.php?rest_route=\/wp\/v2\/posts\/61456\/revisions"}],"predecessor-version":[{"id":61458,"href":"https:\/\/akunq.net\/tr\/index.php?rest_route=\/wp\/v2\/posts\/61456\/revisions\/61458"}],"wp:featuredmedia":[{"embeddable":true,"href":"https:\/\/akunq.net\/tr\/index.php?rest_route=\/wp\/v2\/media\/61457"}],"wp:attachment":[{"href":"https:\/\/akunq.net\/tr\/index.php?rest_route=%2Fwp%2Fv2%2Fmedia&parent=61456"}],"wp:term":[{"taxonomy":"category","embeddable":true,"href":"https:\/\/akunq.net\/tr\/index.php?rest_route=%2Fwp%2Fv2%2Fcategories&post=61456"},{"taxonomy":"post_tag","embeddable":true,"href":"https:\/\/akunq.net\/tr\/index.php?rest_route=%2Fwp%2Fv2%2Ftags&post=61456"}],"curies":[{"name":"wp","href":"https:\/\/api.w.org\/{rel}","templated":true}]}}