{"id":61447,"date":"2021-02-11T02:45:18","date_gmt":"2021-02-11T07:45:18","guid":{"rendered":"https:\/\/akunq.net\/tr\/?p=61447"},"modified":"2021-02-11T02:45:18","modified_gmt":"2021-02-11T07:45:18","slug":"istanbul-ve-trabzon-emniyeti-cinayeti-onlemedi","status":"publish","type":"post","link":"https:\/\/akunq.net\/tr\/?p=61447","title":{"rendered":"\u201c\u0130stanbul ve Trabzon Emniyeti cinayeti \u00f6nlemedi\u201d"},"content":{"rendered":"<h4><img loading=\"lazy\" decoding=\"async\" class=\"aligncenter size-medium wp-image-61448\" src=\"https:\/\/akunq.net\/tr\/wp-content\/uploads\/2021\/02\/Dink-davasi-360x182.jpg\" alt=\"\" width=\"360\" height=\"182\" srcset=\"https:\/\/akunq.net\/tr\/wp-content\/uploads\/sites\/6\/2021\/02\/Dink-davasi-360x182.jpg 360w, https:\/\/akunq.net\/tr\/wp-content\/uploads\/sites\/6\/2021\/02\/Dink-davasi-560x282.jpg 560w, https:\/\/akunq.net\/tr\/wp-content\/uploads\/sites\/6\/2021\/02\/Dink-davasi-260x131.jpg 260w, https:\/\/akunq.net\/tr\/wp-content\/uploads\/sites\/6\/2021\/02\/Dink-davasi-160x81.jpg 160w, https:\/\/akunq.net\/tr\/wp-content\/uploads\/sites\/6\/2021\/02\/Dink-davasi.jpg 702w\" sizes=\"auto, (max-width: 360px) 100vw, 360px\" \/><\/h4>\n<h4><em><strong>Kamu g\u00f6revlilerinin yarg\u0131land\u0131\u011f\u0131 Hrant Dink Cinayeti Davas\u0131 yeni celse ile s\u00fcrd\u00fc. Dink Ailesi avukatlar\u0131 mahkeme heyetine esasa ili\u015fkin g\u00f6r\u00fc\u015flerini beyan etti. Yarg\u0131 s\u00fcrecinde eksik b\u0131rak\u0131lan hususlara dikkat \u00e7eken avukatlar Hrant Dink&#8217;i hedef haline getiren eylem ve geli\u015fmeleri s\u0131ralad\u0131, Dink i\u00e7in t\u00fcm bu atmosfere ra\u011fmen koruma \u00f6nlemi al\u0131nmad\u0131\u011f\u0131n\u0131 vurgulad\u0131, cinayette sorumlulu\u011fu olan kamu g\u00f6revlilerinin gerekti\u011fi \u015fekilde yarg\u0131lanmad\u0131\u011f\u0131n\u0131 ifade etti. Mahkeme, 5 Mart Cuma g\u00fcn\u00fc yap\u0131lacak celsede karar\u0131n a\u00e7\u0131klanaca\u011f\u0131n\u0131 bildirdi.<\/strong><\/em><\/h4>\n<p>10 \u015eubat\u2019ta \u0130stanbul 14. A\u011f\u0131r Ceza Mahkemesi\u2019nde ger\u00e7ekle\u015fen celsede ilk olarak Dink Ailesi avukatlar\u0131ndan Emel Atakt\u00fcrk s\u00f6z ald\u0131. Duru\u015fma salonunda tutuksuz san\u0131klardan eski Trabzon Jandarma Komutan\u0131 Ali \u00d6z, eski Trabzon Emniyet M\u00fcd\u00fcr\u00fc Re\u015fat Altay ve eski \u0130stanbul Emniyet \u0130stihbarat M\u00fcd\u00fcr\u00fc Ahmet \u0130lhan G\u00fcler de yer ald\u0131. Avukatlar\u0131n beyan\u0131 yakla\u015f\u0131k 4 saat s\u00fcrd\u00fc.<\/p>\n<p>Atakt\u00fcrk \u015funlar\u0131 s\u00f6yledi:<br \/>\n\u201cCinayette sorumlulu\u011fu olan devlet g\u00f6revlileri yeterince soru\u015fturulmam\u0131\u015ft\u0131r. \u00d6rne\u011fin M\u0130T g\u00f6revlilerinin ifadeleri al\u0131nm\u0131\u015f, ancak kovu\u015fturmas\u0131zl\u0131k karar\u0131 verilmi\u015ftir\u201d. Atakt\u00fcrk \u015f\u00f6yle devam etti:\u00a0 \u201cPek \u00e7ok kamu g\u00f6revlisi hakk\u0131nda verilmi\u015f kovu\u015fturmas\u0131zl\u0131k kararlar\u0131na kat\u0131lan taraf\u0131n (Dink Ailesi avukatlar\u0131) yapt\u0131\u011f\u0131 itirazlar da reddedilmi\u015ftir. Genelkurmay Ba\u015fkanl\u0131\u011f\u0131\u2019na yaz\u0131 yaz\u0131larak, cinayet \u00f6ncesi tav\u0131rlar\u0131na ili\u015fkin sorular sorulmas\u0131 talebimiz de reddedilmi\u015ftir. San\u0131klardan Celalettin Cerrah, Engin Din\u00e7 ve Ahmet \u0130lhan G\u00fcler TCK 83. madde kapsam\u0131nda (Kasten \u00f6ld\u00fcrmenin ihmali davran\u0131\u015fla i\u015flenmesi) yarg\u0131lanmal\u0131yd\u0131. \u0130stanbul Valili\u011fi\u2019ndeki g\u00f6r\u00fc\u015fmenin Genelkurmay Ba\u015fkanl\u0131\u011f\u0131\u2019n\u0131n iste\u011fiyle yap\u0131ld\u0131\u011f\u0131 ancak 11 y\u0131l sonra M\u0130T g\u00f6revlisi \u00d6zer Y\u0131lmaz&#8217;\u0131n beyan\u0131yla anla\u015f\u0131lm\u0131\u015ft\u0131r.\u201d<\/p>\n<p><strong>Dink\u2019in hedef haline getirilmesi<\/strong><br \/>\nAtakt\u00fcrk duru\u015fmada Agos\u2019ta ve sonras\u0131nda H\u00fcrriyet\u2019te yay\u0131nlanan Sabiha G\u00f6k\u00e7en haberi sonras\u0131 Genelkurmay Ba\u015fkanl\u0131\u011f\u0131 taraf\u0131ndan yay\u0131nlanan bildiriyi okudu. Cinayet \u00f6ncesi s\u00fcre\u00e7te Hrant Dink&#8217;e do\u011frudan ve dolayl\u0131 yap\u0131lan ve giderek yo\u011funla\u015fan tehditlerden \u00f6rnekler verdi,\u00a0 Dink&#8217;e kar\u015f\u0131 a\u00e7\u0131lan davalarda adliye \u00f6n\u00fcnde ve i\u00e7inde\u00a0 ya\u015fanan sald\u0131r\u0131lar\u0131 aktard\u0131 ve \u201c2004 y\u0131l\u0131ndan itibaren Hrant Dink ulusalc\u0131 ve a\u015f\u0131r\u0131 milliyet\u00e7i ki\u015fi ve olu\u015fumlar\u0131n faaliyetlerinin a\u00e7\u0131k hedefi haline getirildi\u201d dedi.<\/p>\n<p>Atakt\u00fcrk \u015f\u00f6yle konu\u015ftu: \u201cHrant Dink \u00f6ld\u00fcr\u00fclmeden bir hafta \u00f6nce \u2018Ni\u00e7in hedef se\u00e7ildim?\u2019 ba\u015fl\u0131kl\u0131 yaz\u0131s\u0131nda valilikteki g\u00f6r\u00fc\u015fmeyi yazd\u0131. Yaz\u0131s\u0131nda\u00a0 \u2018Biz sizi biliyoruz ama sokaktaki adam ne bilsin\u2019 dendi\u011fini aktard\u0131 ve g\u00f6r\u00fc\u015fmeyi \u2018Haddimi bilmeliydim, dikkatli olmal\u0131yd\u0131m yoksa iyi olmazd\u0131\u2019s\u00f6zleriyle \u00f6zetledi.\u201d<\/p>\n<p>Atakt\u00fcrk beyan\u0131n bu b\u00f6l\u00fcm\u00fcnde Agos \u00f6n\u00fcndeki tehdit g\u00f6sterilerini ve a\u00e7\u0131lan davalar\u0131, organize su\u00e7 duyurular\u0131n\u0131 aktard\u0131\u00a0 ve Trabzon Emniyet \u0130stihbarat\u0131\u2019n\u0131n 17 \u015eubat 2006 tarihli yaz\u0131s\u0131n\u0131 okudu. \u0130stanbul Emniyeti\u2019ne g\u00f6nderilen bu yaz\u0131 Dink aleyhinde bir ses getirecek bir eylem d\u00fczenlenece\u011fini\u00a0 bildiriyordu. Atakt\u00fcrk,\u00a0 Trabzon Emniyeti\u2019nden Engin Din\u00e7\u2019in 16\u00a0 \u015eubat\u2019ta \u0130stanbul Emniyeti\u2019nden\u00a0 Ahmet \u0130lhan G\u00fcler\u2019e telefonda bu konuda bilgi verdi\u011fi y\u00f6n\u00fcndeki beyan\u0131n\u0131 hat\u0131rlatt\u0131.<\/p>\n<p><strong>\u201cA\u00e7\u0131k tehdide ra\u011fmen Dink korunmad\u0131\u201d<\/strong><br \/>\nDuru\u015fmada daha sonra Dink Ailesi avukatlar\u0131ndan Hakan Bak\u0131rc\u0131o\u011flu\u00a0 s\u00f6z ald\u0131. Bak\u0131rc\u0131o\u011flu a\u00e7\u0131k tehdidin bilinmesine ra\u011fmen Hrant Dink\u2019in korunmas\u0131 i\u00e7in tek bir ad\u0131m at\u0131lmad\u0131\u011f\u0131n\u0131 belgeleriyle aktard\u0131. Koruma karar\u0131 al\u0131nan Orhan Pamuk ile ilgili i\u015fletilen s\u00fcreci \u00f6rnek verdi.<\/p>\n<p>Bak\u0131rc\u0131o\u011flu \u015f\u00f6yle konu\u015ftu:<br \/>\n\u201cHedef \u015fahs\u0131n talebi aranmadan koruma tedbiri derhal al\u0131nmal\u0131yd\u0131. Orhan Pamuk i\u00e7in, Hrant Dink cinayetinden 13 ay \u00f6nce, b\u00f6ylesi bir karar oy birli\u011fiyle karar al\u0131nd\u0131. Bu kararda Celalettin Cerrah\u2019\u0131n imzas\u0131 da var. Hrant Dink i\u00e7in, tehditler almas\u0131, hedef ki\u015fi haline getirilmesine ra\u011fmen, \u0130stanbul Emniyet M\u00fcd\u00fcrl\u00fc\u011f\u00fc g\u00f6revlileri Ahmet \u0130lhan G\u00fcler ve Celalettin Cerrah taraf\u0131ndan gerekli \u00f6nlemler al\u0131nmam\u0131\u015f ve koruma karar\u0131 al\u0131nmam\u0131\u015ft\u0131r. Trabzon&#8217;dan Engin Din\u00e7 taraf\u0131ndan\u00a0 \u0130stanbul \u0130stihbarat M\u00fcd\u00fcr\u00fc Ahmet \u0130lhan G\u00fcler&#8217;e \u015fifahi ve yaz\u0131l\u0131 olarak ula\u015fan Hrant Dink&#8217;e y\u00f6nelik eylem yap\u0131laca\u011f\u0131n\u0131 i\u00e7eren bilginin Celalettin Cerrah&#8217;a ula\u015ft\u0131r\u0131lmamas\u0131 ise olas\u0131 de\u011fildir. Ses getirecek eylem ifadesinin, Ahmet \u0130lhan G\u00fcler&#8217;in iddia etti\u011finin aksine istihbarat alan\u0131nda vahim eylemler i\u00e7in kullan\u0131ld\u0131\u011f\u0131 a\u00e7\u0131kt\u0131r. Cana kast edecek eylem olaca\u011f\u0131 sonucuna var\u0131lacak cinstendir.\u201d<br \/>\nHakan Bak\u0131rc\u0131o\u011flu bu b\u00f6l\u00fcmde Trabzon\u2019dan gelen bilgilere ve Hrant Dink\u2019e y\u00f6nelik a\u00e7\u0131k tehdide ra\u011fmen \u0130stanbul Emniyeti\u2019nin cinayet \u00f6ncesi s\u00fcre\u00e7te kas\u0131tl\u0131 olarak g\u00f6revlerini yerine getirmedi\u011fini belgelere de\u011finerek ifade etti.<\/p>\n<p><strong>\u201cCinayetten sonra belge d\u00fczenlendi\u201d<\/strong><br \/>\nBak\u0131rc\u0131o\u011flu \u015f\u00f6yle konu\u015ftu: \u201c\u00dcmraniye\u2019de Yasin Hayal ile ba\u011flant\u0131l\u0131 oldu\u011fu bildirilen Osman Hayal\u2019in adresine ke\u015fif ve \u00e7al\u0131\u015fma yap\u0131lmam\u0131\u015f, ke\u015ffe ili\u015fkin 24 \u015eubat 2006 tarihli belge, cinayetten sonra d\u00fczenlenmi\u015ftir. Trabzon\u2019dan gelen Hrant Dink\u2019e y\u00f6nelik eylem haz\u0131rl\u0131\u011f\u0131 oldu\u011fu bilgisine ra\u011fmen \u0130stanbul Emniyet M\u00fcd\u00fcrl\u00fc\u011f\u00fc \u0130stihbarat \u015eube M\u00fcd\u00fcrl\u00fc\u011f\u00fc koruma talepli yaz\u0131\u015fma yapmam\u0131\u015ft\u0131r. Cinayet planlamas\u0131 hakk\u0131nda bilgilere ra\u011fmen planl\u0131 operasyon yap\u0131lmad\u0131. Al\u0131nmas\u0131 gereken koruma tedbiri al\u0131nmad\u0131. B\u00fct\u00fcn s\u00fcre\u00e7 Cerrah ve Ahmet \u0130lhan G\u00fcler\u2019in bilgisi dahilindeydi. Devlet Denetleme Kurulu raporunda da al\u0131nmayan \u00f6nlemlerin alt\u0131 \u00e7izilmi\u015ftir. Cerrah cinayetten sonra \u00f6rg\u00fct faaliyetini saklayan ve sorumluluklar\u0131n\u0131 gizleyen bir a\u00e7\u0131klama yapm\u0131\u015ft\u0131r. Lin\u00e7 s\u00fcreciyle ilgili do\u011frudan bilgileri vard\u0131. Kas\u0131tl\u0131 \u015fekilde cinayetin \u00f6n\u00fcne ge\u00e7mediler.\u00a0 Cerrah ve G\u00fcler\u2019in TCK 83. Maddeden cezaland\u0131r\u0131lmalar\u0131 gerekir.\u201d<\/p>\n<p><strong>\u201cSomut bilgiye sahipti\u201d<\/strong><br \/>\nDaha sonra Dink Ailesi avukatlar\u0131ndan H\u00fclya Deveci s\u00f6z ald\u0131. Deveci\u00a0 d\u00f6nemin Trabzon Emniyeti\u2019nden (sonras\u0131nda bir d\u00f6nem \u0130stihbarat Daire ba\u015fkan\u0131 olan) Engin Din\u00e7\u2019in cinayette sorumlu oldu\u011funu s\u00f6yledi.<br \/>\nDeveci \u015f\u00f6yle konu\u015ftu: \u201cErhan Tuncel McDonald\u2019s eyleminin failiyken korunmu\u015f ve Engin Din\u00e7 d\u00f6neminde haber eleman\u0131 yap\u0131lm\u0131\u015ft\u0131r. Engin Din\u00e7 Hrant Dink\u2019in \u00f6ld\u00fcr\u00fclece\u011finin somut bilgisine sahipti. Engin Din\u00e7\u2019in \u0130stanbul ve Ankara\u2019ya yollad\u0131\u011f\u0131 17 \u015eubat 2006 tarihli istihbarat raporlar\u0131nda da Yasin Hayal\u2019in niyetine a\u00e7\u0131k\u00e7a yer verilmi\u015ftir. Sonraki yaz\u0131larda niyetinden vazge\u00e7medi\u011fi belirtilmi\u015ftir. Yasin Hayal \u2018su\u00e7a yatk\u0131n, kullan\u0131lmaya m\u00fcsait ve eylemi i\u015flemeye uygun yap\u0131da bir ki\u015fi\u2019olarak de\u011ferlendiriliyor. Engin Din\u00e7 Ahmet \u0130lhan G\u00fcler\u2019e \u2018Bunlar manyak bir grup,\u00a0 ben olsam bu adam\u0131\u00a0 (Hrant Dink) korurum\u2019 dedi\u011fini s\u00f6yl\u00fcyor. Cinayete dair tasar\u0131 Trabzon\u2019da \u00e7ok ki\u015fi taraf\u0131ndan zaten biliniyor. Cinayetten sonra da birbirlerini aray\u0131p tahminlerini s\u00f6yl\u00fcyorlar.\u00a0 Yasin Hayal\u2019i kontrol ediyorlar nerede diye. Erhan Tuncel\u2019i ar\u0131yorlar. Muhittin Zenit\u2019in cinayet sonras\u0131 Erhan Tuncel ile telefon konu\u015fmas\u0131nda ge\u00e7en, cinayetin nas\u0131l i\u015flenece\u011fine ili\u015fkin bilgilerin \u00f6nceden bilindi\u011fi, ama\u00a0 raporlara konulmad\u0131\u011f\u0131 anla\u015f\u0131lmaktad\u0131r. \u00d6nce Zeynel Abidin Yavuz cinayet i\u00e7in haz\u0131rlanm\u0131\u015f sonra Og\u00fcn Samast yerine ge\u00e7irilmi\u015ftir. Bu geli\u015fmelerden Trabzon Emniyet \u0130stihbarat elemanlar\u0131n\u0131n haberi vard\u0131r. Bilgiler raporlara ge\u00e7irilmemi\u015ftir.\u201d<\/p>\n<p>Avukat H\u00fclya Deveci s\u00f6zlerini \u015f\u00f6yle sonland\u0131rd\u0131: \u201cEngin Din\u00e7 \u0130stanbul ve Ankara\u2019ya yaz\u0131 yollam\u0131\u015f ama Trabzon Valili\u011fi\u2019ne, Savc\u0131l\u0131\u011fa ve Jandarmaya cinayet bilgisini hi\u00e7bir \u015fekilde aktarmam\u0131\u015ft\u0131r. Trabzon\u2019da cinayetin \u00f6nlenmesi i\u00e7in bir ad\u0131m at\u0131lmam\u0131\u015ft\u0131r. Cinayetin i\u015flenmesini \u00f6nleme amac\u0131yla \u00f6rg\u00fcte y\u00f6nelik operasyon yap\u0131lmam\u0131\u015f ve korunmas\u0131na y\u00f6nelik s\u00fcrece ili\u015fkin de tutum al\u0131nmam\u0131\u015ft\u0131r. Engin Din\u00e7 bunun sorumlusudur. 83. Madde su\u00e7u i\u015flemi\u015ftir. Engin Din\u00e7, Celalettin Cerrah ve Ahmet \u0130lhan G\u00fcler\u2019in 83. Maddeden cezaland\u0131r\u0131lmas\u0131n\u0131 talep ediyoruz.\u201d<br \/>\nDink Ailesi avukatlar\u0131n\u0131n esasa ili\u015fkin beyanlar\u0131yla 10 \u015eubat\u2019taki celse sona erdi. Mahkeme ba\u015fkan\u0131 Ak\u0131n G\u00fcrlek 5 Mart Cuma g\u00fcn\u00fc yap\u0131lacak duru\u015fmada karar \u00f6ncesi son s\u00f6zlerin al\u0131naca\u011f\u0131n\u0131 ve karar\u0131n a\u00e7\u0131klanaca\u011f\u0131n\u0131 s\u00f6yledi.<\/p>\n<p><em><strong>(B\u00dcLENT AYDIN-BARAN SEYHAN-HABER MERKEZ\u0130)<\/strong><\/em><\/p>\n<p><em><strong>http:\/\/www.agos.com.tr\/tr\/yazi\/25308\/istanbul-ve-trabzon-emniyeti-cinayeti-onlemedi\u00a0<\/strong><\/em><\/p>\n","protected":false},"excerpt":{"rendered":"<p>Kamu g\u00f6revlilerinin yarg\u0131land\u0131\u011f\u0131 Hrant Dink Cinayeti Davas\u0131 yeni celse ile s\u00fcrd\u00fc. Dink Ailesi avukatlar\u0131 mahkeme heyetine esasa ili\u015fkin g\u00f6r\u00fc\u015flerini beyan etti. Yarg\u0131 s\u00fcrecinde eksik b\u0131rak\u0131lan hususlara dikkat \u00e7eken avukatlar Hrant Dink&#8217;i hedef haline getiren eylem ve geli\u015fmeleri s\u0131ralad\u0131, Dink i\u00e7in t\u00fcm bu atmosfere ra\u011fmen koruma \u00f6nlemi al\u0131nmad\u0131\u011f\u0131n\u0131 vurgulad\u0131, cinayette sorumlulu\u011fu olan kamu g\u00f6revlilerinin gerekti\u011fi \u015fekilde [&hellip;]<\/p>\n","protected":false},"author":7,"featured_media":61448,"comment_status":"open","ping_status":"open","sticky":false,"template":"","format":"standard","meta":{"footnotes":""},"categories":[1],"tags":[],"class_list":["post-61447","post","type-post","status-publish","format-standard","has-post-thumbnail","hentry","category-haberler"],"yoast_head":"<!-- This site is optimized with the Yoast SEO plugin v27.4 - https:\/\/yoast.com\/product\/yoast-seo-wordpress\/ -->\n<title>\u201c\u0130stanbul ve Trabzon Emniyeti cinayeti \u00f6nlemedi\u201d - Bati Ermenistan Ve Bati Ermenileri Sorunlari Ara\u015ftirmalar Merkezi<\/title>\n<meta name=\"robots\" content=\"index, follow, max-snippet:-1, max-image-preview:large, max-video-preview:-1\" \/>\n<link rel=\"canonical\" href=\"https:\/\/akunq.net\/tr\/?p=61447\" \/>\n<meta property=\"og:locale\" content=\"en_US\" \/>\n<meta property=\"og:type\" content=\"article\" \/>\n<meta property=\"og:title\" content=\"\u201c\u0130stanbul ve Trabzon Emniyeti cinayeti \u00f6nlemedi\u201d - Bati Ermenistan Ve Bati Ermenileri Sorunlari Ara\u015ftirmalar Merkezi\" \/>\n<meta property=\"og:description\" content=\"Kamu g\u00f6revlilerinin yarg\u0131land\u0131\u011f\u0131 Hrant Dink Cinayeti Davas\u0131 yeni celse ile s\u00fcrd\u00fc. Dink Ailesi avukatlar\u0131 mahkeme heyetine esasa ili\u015fkin g\u00f6r\u00fc\u015flerini beyan etti. Yarg\u0131 s\u00fcrecinde eksik b\u0131rak\u0131lan hususlara dikkat \u00e7eken avukatlar Hrant Dink&#8217;i hedef haline getiren eylem ve geli\u015fmeleri s\u0131ralad\u0131, Dink i\u00e7in t\u00fcm bu atmosfere ra\u011fmen koruma \u00f6nlemi al\u0131nmad\u0131\u011f\u0131n\u0131 vurgulad\u0131, cinayette sorumlulu\u011fu olan kamu g\u00f6revlilerinin gerekti\u011fi \u015fekilde [&hellip;]\" \/>\n<meta property=\"og:url\" content=\"https:\/\/akunq.net\/tr\/?p=61447\" \/>\n<meta property=\"og:site_name\" content=\"Bati Ermenistan Ve Bati Ermenileri Sorunlari Ara\u015ftirmalar Merkezi\" \/>\n<meta property=\"article:published_time\" content=\"2021-02-11T07:45:18+00:00\" \/>\n<meta property=\"og:image\" content=\"https:\/\/akunq.net\/tr\/wp-content\/uploads\/sites\/6\/2021\/02\/Dink-davasi.jpg\" \/>\n\t<meta property=\"og:image:width\" content=\"702\" \/>\n\t<meta property=\"og:image:height\" content=\"354\" \/>\n\t<meta property=\"og:image:type\" content=\"image\/jpeg\" \/>\n<meta name=\"author\" content=\"admin\" \/>\n<meta name=\"twitter:card\" content=\"summary_large_image\" \/>\n<meta name=\"twitter:label1\" content=\"Written by\" \/>\n\t<meta name=\"twitter:data1\" content=\"admin\" \/>\n\t<meta name=\"twitter:label2\" content=\"Est. reading time\" \/>\n\t<meta name=\"twitter:data2\" content=\"7 minutes\" \/>\n<script type=\"application\/ld+json\" class=\"yoast-schema-graph\">{\"@context\":\"https:\\\/\\\/schema.org\",\"@graph\":[{\"@type\":\"Article\",\"@id\":\"https:\\\/\\\/akunq.net\\\/tr\\\/?p=61447#article\",\"isPartOf\":{\"@id\":\"https:\\\/\\\/akunq.net\\\/tr\\\/?p=61447\"},\"author\":{\"name\":\"admin\",\"@id\":\"https:\\\/\\\/akunq.net\\\/tr\\\/#\\\/schema\\\/person\\\/096f1d38a12cce57fb855b485ed24c9e\"},\"headline\":\"\u201c\u0130stanbul ve Trabzon Emniyeti cinayeti \u00f6nlemedi\u201d\",\"datePublished\":\"2021-02-11T07:45:18+00:00\",\"mainEntityOfPage\":{\"@id\":\"https:\\\/\\\/akunq.net\\\/tr\\\/?p=61447\"},\"wordCount\":1402,\"commentCount\":0,\"image\":{\"@id\":\"https:\\\/\\\/akunq.net\\\/tr\\\/?p=61447#primaryimage\"},\"thumbnailUrl\":\"https:\\\/\\\/akunq.net\\\/tr\\\/wp-content\\\/uploads\\\/sites\\\/6\\\/2021\\\/02\\\/Dink-davasi.jpg\",\"articleSection\":[\"Haberler\"],\"inLanguage\":\"en-US\",\"potentialAction\":[{\"@type\":\"CommentAction\",\"name\":\"Comment\",\"target\":[\"https:\\\/\\\/akunq.net\\\/tr\\\/?p=61447#respond\"]}]},{\"@type\":\"WebPage\",\"@id\":\"https:\\\/\\\/akunq.net\\\/tr\\\/?p=61447\",\"url\":\"https:\\\/\\\/akunq.net\\\/tr\\\/?p=61447\",\"name\":\"\u201c\u0130stanbul ve Trabzon Emniyeti cinayeti \u00f6nlemedi\u201d - Bati Ermenistan Ve Bati Ermenileri Sorunlari Ara\u015ftirmalar Merkezi\",\"isPartOf\":{\"@id\":\"https:\\\/\\\/akunq.net\\\/tr\\\/#website\"},\"primaryImageOfPage\":{\"@id\":\"https:\\\/\\\/akunq.net\\\/tr\\\/?p=61447#primaryimage\"},\"image\":{\"@id\":\"https:\\\/\\\/akunq.net\\\/tr\\\/?p=61447#primaryimage\"},\"thumbnailUrl\":\"https:\\\/\\\/akunq.net\\\/tr\\\/wp-content\\\/uploads\\\/sites\\\/6\\\/2021\\\/02\\\/Dink-davasi.jpg\",\"datePublished\":\"2021-02-11T07:45:18+00:00\",\"author\":{\"@id\":\"https:\\\/\\\/akunq.net\\\/tr\\\/#\\\/schema\\\/person\\\/096f1d38a12cce57fb855b485ed24c9e\"},\"breadcrumb\":{\"@id\":\"https:\\\/\\\/akunq.net\\\/tr\\\/?p=61447#breadcrumb\"},\"inLanguage\":\"en-US\",\"potentialAction\":[{\"@type\":\"ReadAction\",\"target\":[\"https:\\\/\\\/akunq.net\\\/tr\\\/?p=61447\"]}]},{\"@type\":\"ImageObject\",\"inLanguage\":\"en-US\",\"@id\":\"https:\\\/\\\/akunq.net\\\/tr\\\/?p=61447#primaryimage\",\"url\":\"https:\\\/\\\/akunq.net\\\/tr\\\/wp-content\\\/uploads\\\/sites\\\/6\\\/2021\\\/02\\\/Dink-davasi.jpg\",\"contentUrl\":\"https:\\\/\\\/akunq.net\\\/tr\\\/wp-content\\\/uploads\\\/sites\\\/6\\\/2021\\\/02\\\/Dink-davasi.jpg\",\"width\":702,\"height\":354},{\"@type\":\"BreadcrumbList\",\"@id\":\"https:\\\/\\\/akunq.net\\\/tr\\\/?p=61447#breadcrumb\",\"itemListElement\":[{\"@type\":\"ListItem\",\"position\":1,\"name\":\"Home\",\"item\":\"https:\\\/\\\/akunq.net\\\/tr\"},{\"@type\":\"ListItem\",\"position\":2,\"name\":\"\u201c\u0130stanbul ve Trabzon Emniyeti cinayeti \u00f6nlemedi\u201d\"}]},{\"@type\":\"WebSite\",\"@id\":\"https:\\\/\\\/akunq.net\\\/tr\\\/#website\",\"url\":\"https:\\\/\\\/akunq.net\\\/tr\\\/\",\"name\":\"Bati Ermenistan Ve Bati Ermenileri Sorunlari Ara\u015ftirmalar Merkezi\",\"description\":\"\",\"potentialAction\":[{\"@type\":\"SearchAction\",\"target\":{\"@type\":\"EntryPoint\",\"urlTemplate\":\"https:\\\/\\\/akunq.net\\\/tr\\\/?s={search_term_string}\"},\"query-input\":{\"@type\":\"PropertyValueSpecification\",\"valueRequired\":true,\"valueName\":\"search_term_string\"}}],\"inLanguage\":\"en-US\"},{\"@type\":\"Person\",\"@id\":\"https:\\\/\\\/akunq.net\\\/tr\\\/#\\\/schema\\\/person\\\/096f1d38a12cce57fb855b485ed24c9e\",\"name\":\"admin\",\"url\":\"https:\\\/\\\/akunq.net\\\/tr\\\/?author=7\"}]}<\/script>\n<!-- \/ Yoast SEO plugin. -->","yoast_head_json":{"title":"\u201c\u0130stanbul ve Trabzon Emniyeti cinayeti \u00f6nlemedi\u201d - Bati Ermenistan Ve Bati Ermenileri Sorunlari Ara\u015ftirmalar Merkezi","robots":{"index":"index","follow":"follow","max-snippet":"max-snippet:-1","max-image-preview":"max-image-preview:large","max-video-preview":"max-video-preview:-1"},"canonical":"https:\/\/akunq.net\/tr\/?p=61447","og_locale":"en_US","og_type":"article","og_title":"\u201c\u0130stanbul ve Trabzon Emniyeti cinayeti \u00f6nlemedi\u201d - Bati Ermenistan Ve Bati Ermenileri Sorunlari Ara\u015ftirmalar Merkezi","og_description":"Kamu g\u00f6revlilerinin yarg\u0131land\u0131\u011f\u0131 Hrant Dink Cinayeti Davas\u0131 yeni celse ile s\u00fcrd\u00fc. Dink Ailesi avukatlar\u0131 mahkeme heyetine esasa ili\u015fkin g\u00f6r\u00fc\u015flerini beyan etti. Yarg\u0131 s\u00fcrecinde eksik b\u0131rak\u0131lan hususlara dikkat \u00e7eken avukatlar Hrant Dink&#8217;i hedef haline getiren eylem ve geli\u015fmeleri s\u0131ralad\u0131, Dink i\u00e7in t\u00fcm bu atmosfere ra\u011fmen koruma \u00f6nlemi al\u0131nmad\u0131\u011f\u0131n\u0131 vurgulad\u0131, cinayette sorumlulu\u011fu olan kamu g\u00f6revlilerinin gerekti\u011fi \u015fekilde [&hellip;]","og_url":"https:\/\/akunq.net\/tr\/?p=61447","og_site_name":"Bati Ermenistan Ve Bati Ermenileri Sorunlari Ara\u015ftirmalar Merkezi","article_published_time":"2021-02-11T07:45:18+00:00","og_image":[{"width":702,"height":354,"url":"https:\/\/akunq.net\/tr\/wp-content\/uploads\/sites\/6\/2021\/02\/Dink-davasi.jpg","type":"image\/jpeg"}],"author":"admin","twitter_card":"summary_large_image","twitter_misc":{"Written by":"admin","Est. reading time":"7 minutes"},"schema":{"@context":"https:\/\/schema.org","@graph":[{"@type":"Article","@id":"https:\/\/akunq.net\/tr\/?p=61447#article","isPartOf":{"@id":"https:\/\/akunq.net\/tr\/?p=61447"},"author":{"name":"admin","@id":"https:\/\/akunq.net\/tr\/#\/schema\/person\/096f1d38a12cce57fb855b485ed24c9e"},"headline":"\u201c\u0130stanbul ve Trabzon Emniyeti cinayeti \u00f6nlemedi\u201d","datePublished":"2021-02-11T07:45:18+00:00","mainEntityOfPage":{"@id":"https:\/\/akunq.net\/tr\/?p=61447"},"wordCount":1402,"commentCount":0,"image":{"@id":"https:\/\/akunq.net\/tr\/?p=61447#primaryimage"},"thumbnailUrl":"https:\/\/akunq.net\/tr\/wp-content\/uploads\/sites\/6\/2021\/02\/Dink-davasi.jpg","articleSection":["Haberler"],"inLanguage":"en-US","potentialAction":[{"@type":"CommentAction","name":"Comment","target":["https:\/\/akunq.net\/tr\/?p=61447#respond"]}]},{"@type":"WebPage","@id":"https:\/\/akunq.net\/tr\/?p=61447","url":"https:\/\/akunq.net\/tr\/?p=61447","name":"\u201c\u0130stanbul ve Trabzon Emniyeti cinayeti \u00f6nlemedi\u201d - Bati Ermenistan Ve Bati Ermenileri Sorunlari Ara\u015ftirmalar Merkezi","isPartOf":{"@id":"https:\/\/akunq.net\/tr\/#website"},"primaryImageOfPage":{"@id":"https:\/\/akunq.net\/tr\/?p=61447#primaryimage"},"image":{"@id":"https:\/\/akunq.net\/tr\/?p=61447#primaryimage"},"thumbnailUrl":"https:\/\/akunq.net\/tr\/wp-content\/uploads\/sites\/6\/2021\/02\/Dink-davasi.jpg","datePublished":"2021-02-11T07:45:18+00:00","author":{"@id":"https:\/\/akunq.net\/tr\/#\/schema\/person\/096f1d38a12cce57fb855b485ed24c9e"},"breadcrumb":{"@id":"https:\/\/akunq.net\/tr\/?p=61447#breadcrumb"},"inLanguage":"en-US","potentialAction":[{"@type":"ReadAction","target":["https:\/\/akunq.net\/tr\/?p=61447"]}]},{"@type":"ImageObject","inLanguage":"en-US","@id":"https:\/\/akunq.net\/tr\/?p=61447#primaryimage","url":"https:\/\/akunq.net\/tr\/wp-content\/uploads\/sites\/6\/2021\/02\/Dink-davasi.jpg","contentUrl":"https:\/\/akunq.net\/tr\/wp-content\/uploads\/sites\/6\/2021\/02\/Dink-davasi.jpg","width":702,"height":354},{"@type":"BreadcrumbList","@id":"https:\/\/akunq.net\/tr\/?p=61447#breadcrumb","itemListElement":[{"@type":"ListItem","position":1,"name":"Home","item":"https:\/\/akunq.net\/tr"},{"@type":"ListItem","position":2,"name":"\u201c\u0130stanbul ve Trabzon Emniyeti cinayeti \u00f6nlemedi\u201d"}]},{"@type":"WebSite","@id":"https:\/\/akunq.net\/tr\/#website","url":"https:\/\/akunq.net\/tr\/","name":"Bati Ermenistan Ve Bati Ermenileri Sorunlari Ara\u015ftirmalar Merkezi","description":"","potentialAction":[{"@type":"SearchAction","target":{"@type":"EntryPoint","urlTemplate":"https:\/\/akunq.net\/tr\/?s={search_term_string}"},"query-input":{"@type":"PropertyValueSpecification","valueRequired":true,"valueName":"search_term_string"}}],"inLanguage":"en-US"},{"@type":"Person","@id":"https:\/\/akunq.net\/tr\/#\/schema\/person\/096f1d38a12cce57fb855b485ed24c9e","name":"admin","url":"https:\/\/akunq.net\/tr\/?author=7"}]}},"_links":{"self":[{"href":"https:\/\/akunq.net\/tr\/index.php?rest_route=\/wp\/v2\/posts\/61447","targetHints":{"allow":["GET"]}}],"collection":[{"href":"https:\/\/akunq.net\/tr\/index.php?rest_route=\/wp\/v2\/posts"}],"about":[{"href":"https:\/\/akunq.net\/tr\/index.php?rest_route=\/wp\/v2\/types\/post"}],"author":[{"embeddable":true,"href":"https:\/\/akunq.net\/tr\/index.php?rest_route=\/wp\/v2\/users\/7"}],"replies":[{"embeddable":true,"href":"https:\/\/akunq.net\/tr\/index.php?rest_route=%2Fwp%2Fv2%2Fcomments&post=61447"}],"version-history":[{"count":1,"href":"https:\/\/akunq.net\/tr\/index.php?rest_route=\/wp\/v2\/posts\/61447\/revisions"}],"predecessor-version":[{"id":61449,"href":"https:\/\/akunq.net\/tr\/index.php?rest_route=\/wp\/v2\/posts\/61447\/revisions\/61449"}],"wp:featuredmedia":[{"embeddable":true,"href":"https:\/\/akunq.net\/tr\/index.php?rest_route=\/wp\/v2\/media\/61448"}],"wp:attachment":[{"href":"https:\/\/akunq.net\/tr\/index.php?rest_route=%2Fwp%2Fv2%2Fmedia&parent=61447"}],"wp:term":[{"taxonomy":"category","embeddable":true,"href":"https:\/\/akunq.net\/tr\/index.php?rest_route=%2Fwp%2Fv2%2Fcategories&post=61447"},{"taxonomy":"post_tag","embeddable":true,"href":"https:\/\/akunq.net\/tr\/index.php?rest_route=%2Fwp%2Fv2%2Ftags&post=61447"}],"curies":[{"name":"wp","href":"https:\/\/api.w.org\/{rel}","templated":true}]}}