{"id":61433,"date":"2021-02-10T03:35:43","date_gmt":"2021-02-10T08:35:43","guid":{"rendered":"https:\/\/akunq.net\/tr\/?p=61433"},"modified":"2021-02-10T03:35:43","modified_gmt":"2021-02-10T08:35:43","slug":"dunya-yunanca-gunu-etkinligi-tepkiler-uzerine-iptal","status":"publish","type":"post","link":"https:\/\/akunq.net\/tr\/?p=61433","title":{"rendered":"\u2018D\u00fcnya Yunanca G\u00fcn\u00fc\u2019 etkinli\u011fi tepkiler \u00fczerine iptal"},"content":{"rendered":"<p><img loading=\"lazy\" decoding=\"async\" class=\"aligncenter size-medium wp-image-61434\" src=\"https:\/\/akunq.net\/tr\/wp-content\/uploads\/2021\/02\/\u0540\u0578\u0582\u0576\u0561\u0580\u0565\u0576\u056b-\u0570\u0561\u0574\u0561\u0577\u056d\u0561\u0580\u0570\u0561\u0575\u056b\u0576-\u0585\u0580-360x203.jpg\" alt=\"\" width=\"360\" height=\"203\" srcset=\"https:\/\/akunq.net\/tr\/wp-content\/uploads\/sites\/6\/2021\/02\/\u0540\u0578\u0582\u0576\u0561\u0580\u0565\u0576\u056b-\u0570\u0561\u0574\u0561\u0577\u056d\u0561\u0580\u0570\u0561\u0575\u056b\u0576-\u0585\u0580-360x203.jpg 360w, https:\/\/akunq.net\/tr\/wp-content\/uploads\/sites\/6\/2021\/02\/\u0540\u0578\u0582\u0576\u0561\u0580\u0565\u0576\u056b-\u0570\u0561\u0574\u0561\u0577\u056d\u0561\u0580\u0570\u0561\u0575\u056b\u0576-\u0585\u0580-768x432.jpg 768w, https:\/\/akunq.net\/tr\/wp-content\/uploads\/sites\/6\/2021\/02\/\u0540\u0578\u0582\u0576\u0561\u0580\u0565\u0576\u056b-\u0570\u0561\u0574\u0561\u0577\u056d\u0561\u0580\u0570\u0561\u0575\u056b\u0576-\u0585\u0580-560x315.jpg 560w, https:\/\/akunq.net\/tr\/wp-content\/uploads\/sites\/6\/2021\/02\/\u0540\u0578\u0582\u0576\u0561\u0580\u0565\u0576\u056b-\u0570\u0561\u0574\u0561\u0577\u056d\u0561\u0580\u0570\u0561\u0575\u056b\u0576-\u0585\u0580-260x146.jpg 260w, https:\/\/akunq.net\/tr\/wp-content\/uploads\/sites\/6\/2021\/02\/\u0540\u0578\u0582\u0576\u0561\u0580\u0565\u0576\u056b-\u0570\u0561\u0574\u0561\u0577\u056d\u0561\u0580\u0570\u0561\u0575\u056b\u0576-\u0585\u0580-160x90.jpg 160w, https:\/\/akunq.net\/tr\/wp-content\/uploads\/sites\/6\/2021\/02\/\u0540\u0578\u0582\u0576\u0561\u0580\u0565\u0576\u056b-\u0570\u0561\u0574\u0561\u0577\u056d\u0561\u0580\u0570\u0561\u0575\u056b\u0576-\u0585\u0580.jpg 1280w\" sizes=\"auto, (max-width: 360px) 100vw, 360px\" \/><\/p>\n<p><em><strong>Ankara \u00dcniversitesi,\u00a0\u2018D\u00fcnya Yunanca G\u00fcn\u00fc\u2019\u00a0etkinli\u011fini tepkiler sonras\u0131 iptal etmek zorunda kald\u0131.<\/strong><\/em><\/p>\n<p>Ankara, \u0130stanbul ve Trakya \u00fcniversiteleri ve Yunanistan b\u00fcy\u00fckel\u00e7ili\u011finin i\u015fbirli\u011fiyle, bug\u00fcn internet \u00fczerinden<strong>\u00a0\u2018D\u00fcnya Yunanca G\u00fcn\u00fc\u2019\u00a0<\/strong>etkinli\u011fi d\u00fczenlenecekti.<\/p>\n<div id=\"dkn-407615509\" class=\"dkn-orta\"><\/div>\n<p>Etkinlik kapsam\u0131nda Yunan \u015fair Yorgos Seferis hakk\u0131nda \u00e7e\u015fitli sunumlar yap\u0131lacak. Ancak baz\u0131 haber siteleri ve sosyal medya hesaplar\u0131, etkinli\u011fi ele\u015ftirdi.<\/p>\n<p>Bunun \u00fczerine de Ankara \u00dcniversitesi resmi sitesinden a\u00e7\u0131klama yay\u0131nlayarak etkinli\u011fin iptal edildi\u011fini kaydetti.<\/p>\n<p>A\u00e7\u0131klamada,<strong>\u00a0\u201cBilimsel bir faaliyet olarak programlanan D\u00fcnya Yunanca G\u00fcn\u00fc etkinli\u011fi, amac\u0131n\u0131 a\u015fan bir alg\u0131lamaya sebep oldu\u011fundan iptal edilmi\u015ftir\u201d\u00a0<\/strong>dendi.<\/p>\n<p><em><strong>http:\/\/www.diken.com.tr\/dunya-yunanca-gunu-etkinligi-tepkiler-uzerine-iptal\/\u00a0<\/strong><\/em><\/p>\n<div id=\"dkn-1647515899\" class=\"dkn-orta2\">\n<div class=\"dkn-adlabel\"><\/div>\n<\/div>\n","protected":false},"excerpt":{"rendered":"<p>Ankara \u00dcniversitesi,\u00a0\u2018D\u00fcnya Yunanca G\u00fcn\u00fc\u2019\u00a0etkinli\u011fini tepkiler sonras\u0131 iptal etmek zorunda kald\u0131. Ankara, \u0130stanbul ve Trakya \u00fcniversiteleri ve Yunanistan b\u00fcy\u00fckel\u00e7ili\u011finin i\u015fbirli\u011fiyle, bug\u00fcn internet \u00fczerinden\u00a0\u2018D\u00fcnya Yunanca G\u00fcn\u00fc\u2019\u00a0etkinli\u011fi d\u00fczenlenecekti. Etkinlik kapsam\u0131nda Yunan \u015fair Yorgos Seferis hakk\u0131nda \u00e7e\u015fitli sunumlar yap\u0131lacak. Ancak baz\u0131 haber siteleri ve sosyal medya hesaplar\u0131, etkinli\u011fi ele\u015ftirdi. Bunun \u00fczerine de Ankara \u00dcniversitesi resmi sitesinden a\u00e7\u0131klama yay\u0131nlayarak etkinli\u011fin [&hellip;]<\/p>\n","protected":false},"author":7,"featured_media":61434,"comment_status":"open","ping_status":"open","sticky":false,"template":"","format":"standard","meta":{"footnotes":""},"categories":[1,53],"tags":[],"class_list":["post-61433","post","type-post","status-publish","format-standard","has-post-thumbnail","hentry","category-haberler","category-turkiyede-azinliklar"],"yoast_head":"<!-- This site is optimized with the Yoast SEO plugin v27.4 - https:\/\/yoast.com\/product\/yoast-seo-wordpress\/ -->\n<title>\u2018D\u00fcnya Yunanca G\u00fcn\u00fc\u2019 etkinli\u011fi tepkiler \u00fczerine iptal - Bati Ermenistan Ve Bati Ermenileri Sorunlari Ara\u015ftirmalar Merkezi<\/title>\n<meta name=\"robots\" content=\"index, follow, max-snippet:-1, max-image-preview:large, max-video-preview:-1\" \/>\n<link rel=\"canonical\" href=\"https:\/\/akunq.net\/tr\/?p=61433\" \/>\n<meta property=\"og:locale\" content=\"en_US\" \/>\n<meta property=\"og:type\" content=\"article\" \/>\n<meta property=\"og:title\" content=\"\u2018D\u00fcnya Yunanca G\u00fcn\u00fc\u2019 etkinli\u011fi tepkiler \u00fczerine iptal - Bati Ermenistan Ve Bati Ermenileri Sorunlari Ara\u015ftirmalar Merkezi\" \/>\n<meta property=\"og:description\" content=\"Ankara \u00dcniversitesi,\u00a0\u2018D\u00fcnya Yunanca G\u00fcn\u00fc\u2019\u00a0etkinli\u011fini tepkiler sonras\u0131 iptal etmek zorunda kald\u0131. Ankara, \u0130stanbul ve Trakya \u00fcniversiteleri ve Yunanistan b\u00fcy\u00fckel\u00e7ili\u011finin i\u015fbirli\u011fiyle, bug\u00fcn internet \u00fczerinden\u00a0\u2018D\u00fcnya Yunanca G\u00fcn\u00fc\u2019\u00a0etkinli\u011fi d\u00fczenlenecekti. Etkinlik kapsam\u0131nda Yunan \u015fair Yorgos Seferis hakk\u0131nda \u00e7e\u015fitli sunumlar yap\u0131lacak. Ancak baz\u0131 haber siteleri ve sosyal medya hesaplar\u0131, etkinli\u011fi ele\u015ftirdi. Bunun \u00fczerine de Ankara \u00dcniversitesi resmi sitesinden a\u00e7\u0131klama yay\u0131nlayarak etkinli\u011fin [&hellip;]\" \/>\n<meta property=\"og:url\" content=\"https:\/\/akunq.net\/tr\/?p=61433\" \/>\n<meta property=\"og:site_name\" content=\"Bati Ermenistan Ve Bati Ermenileri Sorunlari Ara\u015ftirmalar Merkezi\" \/>\n<meta property=\"article:published_time\" content=\"2021-02-10T08:35:43+00:00\" \/>\n<meta property=\"og:image\" content=\"https:\/\/akunq.net\/tr\/wp-content\/uploads\/sites\/6\/2021\/02\/\u0540\u0578\u0582\u0576\u0561\u0580\u0565\u0576\u056b-\u0570\u0561\u0574\u0561\u0577\u056d\u0561\u0580\u0570\u0561\u0575\u056b\u0576-\u0585\u0580.jpg\" \/>\n\t<meta property=\"og:image:width\" content=\"1280\" \/>\n\t<meta property=\"og:image:height\" content=\"720\" \/>\n\t<meta property=\"og:image:type\" content=\"image\/jpeg\" \/>\n<meta name=\"author\" content=\"admin\" \/>\n<meta name=\"twitter:card\" content=\"summary_large_image\" \/>\n<meta name=\"twitter:label1\" content=\"Written by\" \/>\n\t<meta name=\"twitter:data1\" content=\"admin\" \/>\n\t<meta name=\"twitter:label2\" content=\"Est. reading time\" \/>\n\t<meta name=\"twitter:data2\" content=\"1 minute\" \/>\n<script type=\"application\/ld+json\" class=\"yoast-schema-graph\">{\"@context\":\"https:\\\/\\\/schema.org\",\"@graph\":[{\"@type\":\"Article\",\"@id\":\"https:\\\/\\\/akunq.net\\\/tr\\\/?p=61433#article\",\"isPartOf\":{\"@id\":\"https:\\\/\\\/akunq.net\\\/tr\\\/?p=61433\"},\"author\":{\"name\":\"admin\",\"@id\":\"https:\\\/\\\/akunq.net\\\/tr\\\/#\\\/schema\\\/person\\\/096f1d38a12cce57fb855b485ed24c9e\"},\"headline\":\"\u2018D\u00fcnya Yunanca G\u00fcn\u00fc\u2019 etkinli\u011fi tepkiler \u00fczerine iptal\",\"datePublished\":\"2021-02-10T08:35:43+00:00\",\"mainEntityOfPage\":{\"@id\":\"https:\\\/\\\/akunq.net\\\/tr\\\/?p=61433\"},\"wordCount\":130,\"commentCount\":0,\"image\":{\"@id\":\"https:\\\/\\\/akunq.net\\\/tr\\\/?p=61433#primaryimage\"},\"thumbnailUrl\":\"https:\\\/\\\/akunq.net\\\/tr\\\/wp-content\\\/uploads\\\/sites\\\/6\\\/2021\\\/02\\\/\u0540\u0578\u0582\u0576\u0561\u0580\u0565\u0576\u056b-\u0570\u0561\u0574\u0561\u0577\u056d\u0561\u0580\u0570\u0561\u0575\u056b\u0576-\u0585\u0580.jpg\",\"articleSection\":[\"Haberler\",\"T\u00fcrkiye\u2019de Az\u0131nl\u0131klar\"],\"inLanguage\":\"en-US\",\"potentialAction\":[{\"@type\":\"CommentAction\",\"name\":\"Comment\",\"target\":[\"https:\\\/\\\/akunq.net\\\/tr\\\/?p=61433#respond\"]}]},{\"@type\":\"WebPage\",\"@id\":\"https:\\\/\\\/akunq.net\\\/tr\\\/?p=61433\",\"url\":\"https:\\\/\\\/akunq.net\\\/tr\\\/?p=61433\",\"name\":\"\u2018D\u00fcnya Yunanca G\u00fcn\u00fc\u2019 etkinli\u011fi tepkiler \u00fczerine iptal - Bati Ermenistan Ve Bati Ermenileri Sorunlari Ara\u015ftirmalar Merkezi\",\"isPartOf\":{\"@id\":\"https:\\\/\\\/akunq.net\\\/tr\\\/#website\"},\"primaryImageOfPage\":{\"@id\":\"https:\\\/\\\/akunq.net\\\/tr\\\/?p=61433#primaryimage\"},\"image\":{\"@id\":\"https:\\\/\\\/akunq.net\\\/tr\\\/?p=61433#primaryimage\"},\"thumbnailUrl\":\"https:\\\/\\\/akunq.net\\\/tr\\\/wp-content\\\/uploads\\\/sites\\\/6\\\/2021\\\/02\\\/\u0540\u0578\u0582\u0576\u0561\u0580\u0565\u0576\u056b-\u0570\u0561\u0574\u0561\u0577\u056d\u0561\u0580\u0570\u0561\u0575\u056b\u0576-\u0585\u0580.jpg\",\"datePublished\":\"2021-02-10T08:35:43+00:00\",\"author\":{\"@id\":\"https:\\\/\\\/akunq.net\\\/tr\\\/#\\\/schema\\\/person\\\/096f1d38a12cce57fb855b485ed24c9e\"},\"breadcrumb\":{\"@id\":\"https:\\\/\\\/akunq.net\\\/tr\\\/?p=61433#breadcrumb\"},\"inLanguage\":\"en-US\",\"potentialAction\":[{\"@type\":\"ReadAction\",\"target\":[\"https:\\\/\\\/akunq.net\\\/tr\\\/?p=61433\"]}]},{\"@type\":\"ImageObject\",\"inLanguage\":\"en-US\",\"@id\":\"https:\\\/\\\/akunq.net\\\/tr\\\/?p=61433#primaryimage\",\"url\":\"https:\\\/\\\/akunq.net\\\/tr\\\/wp-content\\\/uploads\\\/sites\\\/6\\\/2021\\\/02\\\/\u0540\u0578\u0582\u0576\u0561\u0580\u0565\u0576\u056b-\u0570\u0561\u0574\u0561\u0577\u056d\u0561\u0580\u0570\u0561\u0575\u056b\u0576-\u0585\u0580.jpg\",\"contentUrl\":\"https:\\\/\\\/akunq.net\\\/tr\\\/wp-content\\\/uploads\\\/sites\\\/6\\\/2021\\\/02\\\/\u0540\u0578\u0582\u0576\u0561\u0580\u0565\u0576\u056b-\u0570\u0561\u0574\u0561\u0577\u056d\u0561\u0580\u0570\u0561\u0575\u056b\u0576-\u0585\u0580.jpg\",\"width\":1280,\"height\":720},{\"@type\":\"BreadcrumbList\",\"@id\":\"https:\\\/\\\/akunq.net\\\/tr\\\/?p=61433#breadcrumb\",\"itemListElement\":[{\"@type\":\"ListItem\",\"position\":1,\"name\":\"Home\",\"item\":\"https:\\\/\\\/akunq.net\\\/tr\"},{\"@type\":\"ListItem\",\"position\":2,\"name\":\"\u2018D\u00fcnya Yunanca G\u00fcn\u00fc\u2019 etkinli\u011fi tepkiler \u00fczerine iptal\"}]},{\"@type\":\"WebSite\",\"@id\":\"https:\\\/\\\/akunq.net\\\/tr\\\/#website\",\"url\":\"https:\\\/\\\/akunq.net\\\/tr\\\/\",\"name\":\"Bati Ermenistan Ve Bati Ermenileri Sorunlari Ara\u015ftirmalar Merkezi\",\"description\":\"\",\"potentialAction\":[{\"@type\":\"SearchAction\",\"target\":{\"@type\":\"EntryPoint\",\"urlTemplate\":\"https:\\\/\\\/akunq.net\\\/tr\\\/?s={search_term_string}\"},\"query-input\":{\"@type\":\"PropertyValueSpecification\",\"valueRequired\":true,\"valueName\":\"search_term_string\"}}],\"inLanguage\":\"en-US\"},{\"@type\":\"Person\",\"@id\":\"https:\\\/\\\/akunq.net\\\/tr\\\/#\\\/schema\\\/person\\\/096f1d38a12cce57fb855b485ed24c9e\",\"name\":\"admin\",\"url\":\"https:\\\/\\\/akunq.net\\\/tr\\\/?author=7\"}]}<\/script>\n<!-- \/ Yoast SEO plugin. -->","yoast_head_json":{"title":"\u2018D\u00fcnya Yunanca G\u00fcn\u00fc\u2019 etkinli\u011fi tepkiler \u00fczerine iptal - Bati Ermenistan Ve Bati Ermenileri Sorunlari Ara\u015ftirmalar Merkezi","robots":{"index":"index","follow":"follow","max-snippet":"max-snippet:-1","max-image-preview":"max-image-preview:large","max-video-preview":"max-video-preview:-1"},"canonical":"https:\/\/akunq.net\/tr\/?p=61433","og_locale":"en_US","og_type":"article","og_title":"\u2018D\u00fcnya Yunanca G\u00fcn\u00fc\u2019 etkinli\u011fi tepkiler \u00fczerine iptal - Bati Ermenistan Ve Bati Ermenileri Sorunlari Ara\u015ftirmalar Merkezi","og_description":"Ankara \u00dcniversitesi,\u00a0\u2018D\u00fcnya Yunanca G\u00fcn\u00fc\u2019\u00a0etkinli\u011fini tepkiler sonras\u0131 iptal etmek zorunda kald\u0131. Ankara, \u0130stanbul ve Trakya \u00fcniversiteleri ve Yunanistan b\u00fcy\u00fckel\u00e7ili\u011finin i\u015fbirli\u011fiyle, bug\u00fcn internet \u00fczerinden\u00a0\u2018D\u00fcnya Yunanca G\u00fcn\u00fc\u2019\u00a0etkinli\u011fi d\u00fczenlenecekti. Etkinlik kapsam\u0131nda Yunan \u015fair Yorgos Seferis hakk\u0131nda \u00e7e\u015fitli sunumlar yap\u0131lacak. Ancak baz\u0131 haber siteleri ve sosyal medya hesaplar\u0131, etkinli\u011fi ele\u015ftirdi. Bunun \u00fczerine de Ankara \u00dcniversitesi resmi sitesinden a\u00e7\u0131klama yay\u0131nlayarak etkinli\u011fin [&hellip;]","og_url":"https:\/\/akunq.net\/tr\/?p=61433","og_site_name":"Bati Ermenistan Ve Bati Ermenileri Sorunlari Ara\u015ftirmalar Merkezi","article_published_time":"2021-02-10T08:35:43+00:00","og_image":[{"width":1280,"height":720,"url":"https:\/\/akunq.net\/tr\/wp-content\/uploads\/sites\/6\/2021\/02\/\u0540\u0578\u0582\u0576\u0561\u0580\u0565\u0576\u056b-\u0570\u0561\u0574\u0561\u0577\u056d\u0561\u0580\u0570\u0561\u0575\u056b\u0576-\u0585\u0580.jpg","type":"image\/jpeg"}],"author":"admin","twitter_card":"summary_large_image","twitter_misc":{"Written by":"admin","Est. reading time":"1 minute"},"schema":{"@context":"https:\/\/schema.org","@graph":[{"@type":"Article","@id":"https:\/\/akunq.net\/tr\/?p=61433#article","isPartOf":{"@id":"https:\/\/akunq.net\/tr\/?p=61433"},"author":{"name":"admin","@id":"https:\/\/akunq.net\/tr\/#\/schema\/person\/096f1d38a12cce57fb855b485ed24c9e"},"headline":"\u2018D\u00fcnya Yunanca G\u00fcn\u00fc\u2019 etkinli\u011fi tepkiler \u00fczerine iptal","datePublished":"2021-02-10T08:35:43+00:00","mainEntityOfPage":{"@id":"https:\/\/akunq.net\/tr\/?p=61433"},"wordCount":130,"commentCount":0,"image":{"@id":"https:\/\/akunq.net\/tr\/?p=61433#primaryimage"},"thumbnailUrl":"https:\/\/akunq.net\/tr\/wp-content\/uploads\/sites\/6\/2021\/02\/\u0540\u0578\u0582\u0576\u0561\u0580\u0565\u0576\u056b-\u0570\u0561\u0574\u0561\u0577\u056d\u0561\u0580\u0570\u0561\u0575\u056b\u0576-\u0585\u0580.jpg","articleSection":["Haberler","T\u00fcrkiye\u2019de Az\u0131nl\u0131klar"],"inLanguage":"en-US","potentialAction":[{"@type":"CommentAction","name":"Comment","target":["https:\/\/akunq.net\/tr\/?p=61433#respond"]}]},{"@type":"WebPage","@id":"https:\/\/akunq.net\/tr\/?p=61433","url":"https:\/\/akunq.net\/tr\/?p=61433","name":"\u2018D\u00fcnya Yunanca G\u00fcn\u00fc\u2019 etkinli\u011fi tepkiler \u00fczerine iptal - Bati Ermenistan Ve Bati Ermenileri Sorunlari Ara\u015ftirmalar Merkezi","isPartOf":{"@id":"https:\/\/akunq.net\/tr\/#website"},"primaryImageOfPage":{"@id":"https:\/\/akunq.net\/tr\/?p=61433#primaryimage"},"image":{"@id":"https:\/\/akunq.net\/tr\/?p=61433#primaryimage"},"thumbnailUrl":"https:\/\/akunq.net\/tr\/wp-content\/uploads\/sites\/6\/2021\/02\/\u0540\u0578\u0582\u0576\u0561\u0580\u0565\u0576\u056b-\u0570\u0561\u0574\u0561\u0577\u056d\u0561\u0580\u0570\u0561\u0575\u056b\u0576-\u0585\u0580.jpg","datePublished":"2021-02-10T08:35:43+00:00","author":{"@id":"https:\/\/akunq.net\/tr\/#\/schema\/person\/096f1d38a12cce57fb855b485ed24c9e"},"breadcrumb":{"@id":"https:\/\/akunq.net\/tr\/?p=61433#breadcrumb"},"inLanguage":"en-US","potentialAction":[{"@type":"ReadAction","target":["https:\/\/akunq.net\/tr\/?p=61433"]}]},{"@type":"ImageObject","inLanguage":"en-US","@id":"https:\/\/akunq.net\/tr\/?p=61433#primaryimage","url":"https:\/\/akunq.net\/tr\/wp-content\/uploads\/sites\/6\/2021\/02\/\u0540\u0578\u0582\u0576\u0561\u0580\u0565\u0576\u056b-\u0570\u0561\u0574\u0561\u0577\u056d\u0561\u0580\u0570\u0561\u0575\u056b\u0576-\u0585\u0580.jpg","contentUrl":"https:\/\/akunq.net\/tr\/wp-content\/uploads\/sites\/6\/2021\/02\/\u0540\u0578\u0582\u0576\u0561\u0580\u0565\u0576\u056b-\u0570\u0561\u0574\u0561\u0577\u056d\u0561\u0580\u0570\u0561\u0575\u056b\u0576-\u0585\u0580.jpg","width":1280,"height":720},{"@type":"BreadcrumbList","@id":"https:\/\/akunq.net\/tr\/?p=61433#breadcrumb","itemListElement":[{"@type":"ListItem","position":1,"name":"Home","item":"https:\/\/akunq.net\/tr"},{"@type":"ListItem","position":2,"name":"\u2018D\u00fcnya Yunanca G\u00fcn\u00fc\u2019 etkinli\u011fi tepkiler \u00fczerine iptal"}]},{"@type":"WebSite","@id":"https:\/\/akunq.net\/tr\/#website","url":"https:\/\/akunq.net\/tr\/","name":"Bati Ermenistan Ve Bati Ermenileri Sorunlari Ara\u015ftirmalar Merkezi","description":"","potentialAction":[{"@type":"SearchAction","target":{"@type":"EntryPoint","urlTemplate":"https:\/\/akunq.net\/tr\/?s={search_term_string}"},"query-input":{"@type":"PropertyValueSpecification","valueRequired":true,"valueName":"search_term_string"}}],"inLanguage":"en-US"},{"@type":"Person","@id":"https:\/\/akunq.net\/tr\/#\/schema\/person\/096f1d38a12cce57fb855b485ed24c9e","name":"admin","url":"https:\/\/akunq.net\/tr\/?author=7"}]}},"_links":{"self":[{"href":"https:\/\/akunq.net\/tr\/index.php?rest_route=\/wp\/v2\/posts\/61433","targetHints":{"allow":["GET"]}}],"collection":[{"href":"https:\/\/akunq.net\/tr\/index.php?rest_route=\/wp\/v2\/posts"}],"about":[{"href":"https:\/\/akunq.net\/tr\/index.php?rest_route=\/wp\/v2\/types\/post"}],"author":[{"embeddable":true,"href":"https:\/\/akunq.net\/tr\/index.php?rest_route=\/wp\/v2\/users\/7"}],"replies":[{"embeddable":true,"href":"https:\/\/akunq.net\/tr\/index.php?rest_route=%2Fwp%2Fv2%2Fcomments&post=61433"}],"version-history":[{"count":1,"href":"https:\/\/akunq.net\/tr\/index.php?rest_route=\/wp\/v2\/posts\/61433\/revisions"}],"predecessor-version":[{"id":61435,"href":"https:\/\/akunq.net\/tr\/index.php?rest_route=\/wp\/v2\/posts\/61433\/revisions\/61435"}],"wp:featuredmedia":[{"embeddable":true,"href":"https:\/\/akunq.net\/tr\/index.php?rest_route=\/wp\/v2\/media\/61434"}],"wp:attachment":[{"href":"https:\/\/akunq.net\/tr\/index.php?rest_route=%2Fwp%2Fv2%2Fmedia&parent=61433"}],"wp:term":[{"taxonomy":"category","embeddable":true,"href":"https:\/\/akunq.net\/tr\/index.php?rest_route=%2Fwp%2Fv2%2Fcategories&post=61433"},{"taxonomy":"post_tag","embeddable":true,"href":"https:\/\/akunq.net\/tr\/index.php?rest_route=%2Fwp%2Fv2%2Ftags&post=61433"}],"curies":[{"name":"wp","href":"https:\/\/api.w.org\/{rel}","templated":true}]}}