{"id":61420,"date":"2021-02-10T02:32:40","date_gmt":"2021-02-10T07:32:40","guid":{"rendered":"https:\/\/akunq.net\/tr\/?p=61420"},"modified":"2021-02-10T02:32:40","modified_gmt":"2021-02-10T07:32:40","slug":"azinlik-genclerinin-saray-ziyareti","status":"publish","type":"post","link":"https:\/\/akunq.net\/tr\/?p=61420","title":{"rendered":"Az\u0131nl\u0131k Gen\u00e7lerinin Saray Ziyareti"},"content":{"rendered":"<p><img loading=\"lazy\" decoding=\"async\" class=\"aligncenter size-medium wp-image-61421\" src=\"https:\/\/akunq.net\/tr\/wp-content\/uploads\/2021\/02\/Az\u0131nl\u0131k-Gen\u00e7lerinin-Saray-Ziyareti-360x203.jpg\" alt=\"\" width=\"360\" height=\"203\" srcset=\"https:\/\/akunq.net\/tr\/wp-content\/uploads\/sites\/6\/2021\/02\/Az\u0131nl\u0131k-Gen\u00e7lerinin-Saray-Ziyareti-360x203.jpg 360w, https:\/\/akunq.net\/tr\/wp-content\/uploads\/sites\/6\/2021\/02\/Az\u0131nl\u0131k-Gen\u00e7lerinin-Saray-Ziyareti-768x433.jpg 768w, https:\/\/akunq.net\/tr\/wp-content\/uploads\/sites\/6\/2021\/02\/Az\u0131nl\u0131k-Gen\u00e7lerinin-Saray-Ziyareti-560x316.jpg 560w, https:\/\/akunq.net\/tr\/wp-content\/uploads\/sites\/6\/2021\/02\/Az\u0131nl\u0131k-Gen\u00e7lerinin-Saray-Ziyareti-260x147.jpg 260w, https:\/\/akunq.net\/tr\/wp-content\/uploads\/sites\/6\/2021\/02\/Az\u0131nl\u0131k-Gen\u00e7lerinin-Saray-Ziyareti-160x90.jpg 160w, https:\/\/akunq.net\/tr\/wp-content\/uploads\/sites\/6\/2021\/02\/Az\u0131nl\u0131k-Gen\u00e7lerinin-Saray-Ziyareti.jpg 1024w\" sizes=\"auto, (max-width: 360px) 100vw, 360px\" \/><\/p>\n<p><strong><a href=\"https:\/\/www.avlaremoz.com\/author\/nesialtaras\/\">NES\u0130 ALTARAS<\/a><\/strong><\/p>\n<p><em><strong>22 Ocak\u2019ta Yahudi, Rum, Ermeni ve S\u00fcryani gen\u00e7lerden olu\u015fan bir grup sarayda Cumhurba\u015fkanl\u0131\u011f\u0131 \u00d6zel Kalem M\u00fcd\u00fcr\u00fc Hasan Do\u011fan ile bulu\u015ftu. Payla\u015f\u0131m\u0131nda T\u00fcrk Yahudi Toplumu in\u015faat s\u00fcreci tart\u0131\u015fmal\u0131 olan saray\u0131n yeni isim projesine ortak olarak Milletin Evi ibaresine yer verdi.<\/strong><\/em><\/p>\n<figure class=\"wp-block-embed is-type-rich is-provider-twitter wp-block-embed-twitter\">\n<div class=\"wp-block-embed__wrapper\">\n<div class=\"twitter-tweet twitter-tweet-rendered\"><iframe id=\"twitter-widget-0\" class=\"\" title=\"Twitter Tweet\" src=\"https:\/\/platform.twitter.com\/embed\/Tweet.html?creatorScreenName=HyeTert&amp;dnt=true&amp;embedId=twitter-widget-0&amp;frame=false&amp;hideCard=false&amp;hideThread=false&amp;id=1353004326596325376&amp;lang=tr&amp;origin=https%3A%2F%2Fhyetert.org%2F2021%2F02%2F09%2Fazinlik-genclerinin-saray-ziyareti%2F&amp;siteScreenName=HyeTert&amp;theme=light&amp;widgetsVersion=889aa01%3A1612811843556&amp;width=500px\" frameborder=\"0\" scrolling=\"no\" allowfullscreen=\"allowfullscreen\" data-tweet-id=\"1353004326596325376\" data-mce-fragment=\"1\"><\/iframe><\/div>\n<\/div>\n<\/figure>\n<p>Bu bulu\u015fma me\u015frula\u015ft\u0131rma projesinin bir uzant\u0131s\u0131ndan ba\u015fka nas\u0131l bir \u015fey olabilir? \u015ealom\u2019dan Sibel Konfino\u2019nun\u00a0<a href=\"https:\/\/hyetert.org\/2021\/01\/27\/bestepede-genclerle-diyalog\/\">haberine<\/a>\u00a0g\u00f6re kat\u0131lan gen\u00e7ler toplumumuzun sorunlar\u0131ndan bahsetmi\u015f. Sinagoglara yap\u0131lan \u0131rk\u00e7\u0131 sald\u0131r\u0131lar ve kamuda Yahudilerin \u00e7al\u0131\u015fm\u0131yor olmas\u0131na dikkat \u00e7ekilmi\u015f. Toplant\u0131da Do\u011fan, Yahudi toplumunda \u201c<strong>\u00f6\u011fretilmi\u015f \u00e7aresizlik\u201d oldu\u011funu s\u00f6yleyip cemaat \u00fcyelerinin \u201cbilerek \u00f6ne \u00e7\u0131kmad\u0131\u011f\u0131\u201d kan\u0131s\u0131na varm\u0131\u015f. \u201cYeni nesil gen\u00e7lerin sesinin daha g\u00fcr \u00e7\u0131kmas\u0131 gerekti\u011fini\u201d vurgulam\u0131\u015f.<\/strong>\u00a0Bu \u015fekilde \u00f6zellikle kamu istihdam\u0131ndaki ayr\u0131mc\u0131l\u0131k i\u00e7in ma\u011fdur olan taraf\u0131 sorumlu tutmu\u015f, devleti tamamen aklam\u0131\u015f..<\/p>\n<p>Bu toplant\u0131y\u0131 yap\u0131c\u0131 buldu\u011funu s\u00f6yleyen a\u00e7\u0131klamalar ancak \u015fa\u015fk\u0131nl\u0131kla kar\u015f\u0131lanabilir. Kat\u0131lan Yahudi gen\u00e7lerden Sarp Kaston, \u015ealom\u2019daki\u00a0<a href=\"https:\/\/hyetert.org\/2021\/02\/01\/turkiyede-gayrimuslim-olmak\/\">yaz\u0131s\u0131nda<\/a>\u00a0\u201cher \u015feyden \u00f6nce devletin i\u00e7inde gayrim\u00fcslimleri problem olarak g\u00f6renler oldu\u011fu s\u00fcrece de kolay kolay de\u011fi\u015fmeyecekti\u201d diyor. Kaston kurumsal antisemitizm sorununu \u2018<strong>problem olarak g\u00f6renler<\/strong>\u2018 diyerek birka\u00e7 ki\u015finin yaratt\u0131\u011f\u0131 bir sorunmu\u015f gibi \u00e7iziyor. Ancak i\u015fin do\u011frusu devletin her\u00a0<a href=\"https:\/\/www.avlaremoz.com\/2019\/03\/14\/erdogan-konusmasinda-yahudi-vatandaslari-koz-olarak-ortaya-koydu\/\">kademesinde<\/a>\u00a0antisemit a\u00e7\u0131klamalar,\u00a0<a href=\"https:\/\/www.avlaremoz.com\/2018\/11\/26\/kavala-soros-ve-renkli-devrim-gezi\/\">Soros<\/a>\u00a0\u00fczerinden geli\u015ftirilen antisemit komplolar g\u00f6rd\u00fck ve g\u00f6rmeye devam ediyoruz. \u00dclke y\u00f6netiminden baz\u0131 ki\u015filerin tasfiyesinden ziyade sistematik \u00e7\u00f6z\u00fcm gerekiyor ve bu \u00e7\u00f6z\u00fcmlerin saray toplant\u0131lar\u0131ndan \u00e7\u0131kmayaca\u011f\u0131 gayet belirgin.<\/p>\n<p>Yaz\u0131s\u0131nda T\u00fcrkl\u00fck vurgusu yapan Kaston \u201corada bulunan her gen\u00e7\u00a0 bu \u00fclkede do\u011fan, kendini bu \u00fclkenin bir par\u00e7as\u0131 hissetmeye \u00e7al\u0131\u015fan ki\u015filerdi\u201d diyor. Bu \u015fekilde, me\u015frula\u015ft\u0131rma toplant\u0131lar\u0131n\u0131 ele\u015ftirenleri \u00f6tekile\u015ftiriyor, sanki saray g\u00f6r\u00fc\u015fmesine kar\u015f\u0131 olmak \u00fclkesini sevmemek demeye getiriyor.<\/p>\n<p>Saray ziyaret\u00e7ilerinin fark etmesi gereken \u015fey Yahudi sorunlar\u0131n\u0131n sadece maruz kald\u0131\u011f\u0131m\u0131z ayr\u0131mc\u0131l\u0131kla s\u0131n\u0131rl\u0131 olmad\u0131\u011f\u0131. Saray\u2019a giden gen\u00e7ler Yahudi toplumunun k\u00fc\u00e7\u00fcld\u00fc\u011f\u00fcn\u00fc belirtmi\u015f. Neden g\u00f6\u00e7 veriyoruz? Antisemitizmin t\u0131rman\u0131\u015f\u0131 g\u00f6\u00e7 sebeplerinin sadece bir k\u0131sm\u0131. Di\u011fer g\u00f6\u00e7 sebepleri ise Yahudilere \u00f6zg\u00fc de\u011fil. T\u00fcrkiye\u2019de ya\u015fayan her gen\u00e7 gibi, gen\u00e7 Yahudiler i\u00e7in de i\u015f imkanlar\u0131n\u0131n yetersizli\u011fi ve ifade \u00f6zg\u00fcrl\u00fc\u011f\u00fcn\u00fcn k\u0131s\u0131tl\u0131 olmas\u0131 g\u00f6\u00e7 sebepleri aras\u0131nda geliyor. T\u00fcrkiye\u2019nin neredeyse t\u00fcm gen\u00e7leri yurtd\u0131\u015f\u0131nda ya\u015famak istedi\u011fini s\u00f6ylerken\u00a0<a href=\"https:\/\/www.avlaremoz.com\/2020\/05\/09\/ispanyanin-sefarad-yasasi-basarisiz-mi-oldu\/\">\u0130spanya-Portekiz<\/a>vatanda\u015fl\u0131klar\u0131 sayesinde AB\u2019de veya aliyah yaparak \u0130srail\u2019de yeni bir hayata ba\u015flama \u015fans\u0131 olan gen\u00e7 Yahudilerin T\u00fcrkiye\u2019den ayr\u0131l\u0131yor olmas\u0131 \u015fa\u015f\u0131rt\u0131c\u0131 de\u011fil.<\/p>\n<h3>Neler Yahudi Sorunlar\u0131?<\/h3>\n<p>Gen\u00e7lerin \u00fclkeden ayr\u0131lmak istemesine sebep olan her s\u0131k\u0131nt\u0131 bir Yahudi sorundur. Toplumumuzun gelece\u011fini ve k\u00fc\u00e7\u00fclmesini konu\u015furken bunu g\u00f6rmezden gelemeyiz. \u0130fade \u00f6zg\u00fcrl\u00fc\u011f\u00fc de bir Yahudi sorunudur. Yahudilerin de ifade \u00f6zg\u00fcrl\u00fc\u011f\u00fcne ihtiyac\u0131 var. Gen\u00e7 i\u015fsizlik de bir Yahudi sorunudur.\u00a0<a href=\"https:\/\/www.avlaremoz.com\/2018\/03\/02\/turkiye-yahudi-toplumunda-lgbti-gec-kalmis-bir-diyalog\/\">LGBT\u0130+ haklar\u0131<\/a>\u00a0da bir Yahudi sorunudur. Aile i\u00e7i \u015fiddet de bir Yahudi sorunudur. Herhangi bir Yahudi\u2019yi derinden etkileyen her \u015fey Yahudi toplumu olarak bizim sorunumuzdur. Bu sorunlar\u0131n \u00e7\u00f6z\u00fcm\u00fcn\u00fc Saray\u2019da bulmak m\u00fcmk\u00fcn de\u011fil. Yahudi toplumu liderleri ony\u0131llard\u0131r \u00e7\u00f6z\u00fcm\u00fc devlete yak\u0131nl\u0131kta aramay\u0131, \u00fclkenin geneliyle beraber y\u00fczle\u015fti\u011fimiz s\u0131k\u0131nt\u0131lar kar\u015f\u0131s\u0131nda\u00a0<em><a href=\"https:\/\/www.avlaremoz.com\/2017\/01\/23\/no-mos-karisiyamos-en-los-meseles-del-hukumet-isil-demirel\/\">kayades<\/a><\/em>politikas\u0131n\u0131 uygulamay\u0131 s\u00fcrd\u00fcr\u00fcyor. Elde ettikleri sonu\u00e7 ise daha antisemit bir T\u00fcrkiye ve durmadan k\u00fc\u00e7\u00fclen ve fakirle\u015fen bir Yahudi toplumu. Saray ziyareti bilan\u00e7osu kabar\u0131k ve ba\u015far\u0131s\u0131zl\u0131\u011f\u0131 a\u015fikar\u00a0<a href=\"https:\/\/www.avlaremoz.com\/2020\/05\/23\/turkiye-yahudi-liderleri-lobicilik-ve-misafircilik-kurtarici-sultanlar-ve-hosgorulu-turkler\/\">devlet yak\u0131nl\u0131\u011f\u0131 politikas\u0131n\u0131n<\/a>\u00a0bir devam\u0131. Toplumumuza yarar sa\u011flamayan bu politikan\u0131n neresinden d\u00f6n\u00fcl\u00fcrse kard\u0131r.<\/p>\n<p>Bu t\u00fcr \u2018diyalog\u2019 toplat\u0131lar\u0131 hen\u00fcz problemlerin tespit dahi edilmemi\u015f oldu\u011fu iddias\u0131 \u00fczerine kurulu. Ancak T\u00fcrkiye\u2019de Yahudi gen\u00e7lerin sorunlar\u0131n\u0131n ne oldu\u011fu kesinlikle bir bilmece de\u011fil. Bu toplant\u0131da Yahudi gen\u00e7ler sadece ayr\u0131mc\u0131l\u0131k ve \u0131rk\u00e7\u0131 sald\u0131r\u0131lar gibi devletin kolayca i\u00e7inden s\u0131yr\u0131labilece\u011fi, devletin topluma atfedebilece\u011fi sorunlardan bahsetmi\u015f. Devletin direkt olarak faili oldu\u011fu sorunlardan ise tabii ki bahsedilememi\u015f. Bunun i\u00e7in kat\u0131l\u0131mc\u0131lar\u0131 su\u00e7layamay\u0131z. Saray\u2019da\u00a0<strong>el konulan sinagog vak\u0131flar\u0131n\u0131n iadesini<\/strong>,\u00a0<strong>Varl\u0131k Vergisi\u2019ne tabi tutulan insanlar i\u00e7in \u00f6z\u00fcr ve tazminat<\/strong>,\u00a0<strong>nefret su\u00e7u yasas\u0131n\u0131n kuvvetlendirilmesi<\/strong>, gibi do\u011frudan devletin muhattap oldu\u011fu sorunlar\u0131 ifade etmek m\u00fcmk\u00fcn de\u011fil.<\/p>\n<p>Toplant\u0131da mevzubahis edilen sorunlar hem anlatan hem dinleyen taraf\u00e7a zaten biliniyor. Bu mizansenin tek amac\u0131 saray\u0131n \u00e7ok k\u00fclt\u00fcrl\u00fcl\u00fck imaj\u0131n\u0131 me\u015frula\u015ft\u0131rmak, #MilletinEvi gibi yeniden isimlendirme \u00e7abalar\u0131na gaz vermek. Bu tarz g\u00f6r\u00fc\u015fmeler maalesef kat\u0131l\u0131mc\u0131lardan birinin ifade etti\u011fi gibi\u00a0<strong>\u201cverimli ve yap\u0131c\u0131\u201d<\/strong>\u00a0olamaz, \u00e7\u00fcnk\u00fc ama\u00e7 bir \u015fey \u2018yapmak\u2019 de\u011fil. Diyalog toplant\u0131s\u0131n\u0131 ger\u00e7ekle\u015ftirerek zaten istenen \u015fey \u2018yap\u0131lm\u0131\u015f\u2019 oluyor.<\/p>\n<h3>Yak\u0131nl\u0131\u011f\u0131n Amac\u0131<\/h3>\n<p>Bu toplant\u0131lar ancak kat\u0131lanlara \u00f6nemli olma hissini veya g\u00fcce yak\u0131n olma zevkini verebilir. Kat\u0131l\u0131mc\u0131lar da tam olarak bunu ifade etmi\u015f: Kaston \u201corada bulunmak en az\u0131ndan benim i\u00e7in \u00f6nemliydi\u201d derken ba\u015fka bir kat\u0131l\u0131mc\u0131 \u201c\u00dcst d\u00fczey bir devlet \u00e7al\u0131\u015fan\u0131 ile b\u00f6yle bilgi al\u0131\u015fveri\u015fi yapabilmek her \u015fartta bir ayr\u0131cal\u0131kt\u0131r\u201d diyor. \u00dc\u00e7\u00fcnc\u00fc bir kat\u0131l\u0131mc\u0131 ise toplant\u0131n\u0131n tek sonucunu a\u00e7\u0131k\u00e7a s\u00f6ylemi\u015f, belki de hakikat\u0131 ele vermi\u015f: \u201c<strong>devlet b\u00fcy\u00fc\u011f\u00fc ile T\u00fcrk Yahudi Toplumunun ya\u015fad\u0131\u011f\u0131 problemleri konu\u015fmak ho\u015fuma gitti<\/strong>.\u201d Varl\u0131\u011f\u0131 reddedilmeyen sorunlar\u0131 \u2018\u00f6nemli\u2019 bir ki\u015fiye ifade etmek dinlenmeye al\u0131\u015f\u0131k olmayan Yahudiler i\u00e7in ho\u015f bir deneyim.<\/p>\n<p>Ancak olmas\u0131 gereken sadece makbul sorunlar\u0131n de\u011fil, her sorunun konu\u015fulabilmesi. Kar\u015f\u0131m\u0131za sadece bizi dinlermi\u015f gibi yapacak de\u011fil harekete ge\u00e7ecek muhataplar alabilmek. Sadece sormak ve anlatmak de\u011fil, talep etmeye de ihtiyac\u0131m\u0131z var. Bir az\u0131nl\u0131k toplumu olarak talep etme fikrine al\u0131\u015fk\u0131n de\u011filiz. Ama vatanda\u015f olarak al\u0131\u015fmak zorunday\u0131z. Yahudi sorunu konseptine geni\u015f perspektiften bakarken, toplumumuzun ya\u015famas\u0131, geli\u015fmesi, nefes almas\u0131 i\u00e7in gereken de\u011fi\u015fimlerin sadece bizi ilgilendirmedi\u011fini anlayabilmemiz gerekiyor. Bo\u011fazi\u00e7i protestolar\u0131ndan da g\u00f6r\u00fcyoruz: Kurtulu\u015f yok tek ba\u015f\u0131na, ya hep beraber ya hi\u00e7birimiz.<\/p>\n<hr class=\"wp-block-separator\" \/>\n<p>\u2013<em>Avlaremoz\u2019un resmi bir g\u00f6r\u00fc\u015f\u00fc yoktur. Yay\u0131mlanan yaz\u0131lar, yaz\u0131 sahibinin kendi g\u00f6r\u00fc\u015fleridir. \u00c7ok sesli bir platform olma amac\u0131 ta\u015f\u0131yan Avlaremoz\u2019da, nefret s\u00f6ylemi i\u00e7ermedik\u00e7e, farkl\u0131 d\u00fc\u015f\u00fcnceler kendisine yer bulmaktad\u0131r.<\/em><\/p>\n<p><em><strong><a href=\"https:\/\/www.avlaremoz.com\/2021\/02\/09\/azinlik-genclerinin-saray-ziyareti\/\">https:\/\/www.avlaremoz.com\/2021\/02\/09\/azinlik-genclerinin-saray-ziyareti\/<\/a><\/strong><\/em><\/p>\n","protected":false},"excerpt":{"rendered":"<p>NES\u0130 ALTARAS 22 Ocak\u2019ta Yahudi, Rum, Ermeni ve S\u00fcryani gen\u00e7lerden olu\u015fan bir grup sarayda Cumhurba\u015fkanl\u0131\u011f\u0131 \u00d6zel Kalem M\u00fcd\u00fcr\u00fc Hasan Do\u011fan ile bulu\u015ftu. Payla\u015f\u0131m\u0131nda T\u00fcrk Yahudi Toplumu in\u015faat s\u00fcreci tart\u0131\u015fmal\u0131 olan saray\u0131n yeni isim projesine ortak olarak Milletin Evi ibaresine yer verdi. Bu bulu\u015fma me\u015frula\u015ft\u0131rma projesinin bir uzant\u0131s\u0131ndan ba\u015fka nas\u0131l bir \u015fey olabilir? \u015ealom\u2019dan Sibel Konfino\u2019nun\u00a0haberine\u00a0g\u00f6re [&hellip;]<\/p>\n","protected":false},"author":7,"featured_media":61421,"comment_status":"open","ping_status":"open","sticky":false,"template":"","format":"standard","meta":{"footnotes":""},"categories":[1,53],"tags":[],"class_list":["post-61420","post","type-post","status-publish","format-standard","has-post-thumbnail","hentry","category-haberler","category-turkiyede-azinliklar"],"yoast_head":"<!-- This site is optimized with the Yoast SEO plugin v27.4 - https:\/\/yoast.com\/product\/yoast-seo-wordpress\/ -->\n<title>Az\u0131nl\u0131k Gen\u00e7lerinin Saray Ziyareti - Bati Ermenistan Ve Bati Ermenileri Sorunlari Ara\u015ftirmalar Merkezi<\/title>\n<meta name=\"robots\" content=\"index, follow, max-snippet:-1, max-image-preview:large, max-video-preview:-1\" \/>\n<link rel=\"canonical\" href=\"https:\/\/akunq.net\/tr\/?p=61420\" \/>\n<meta property=\"og:locale\" content=\"en_US\" \/>\n<meta property=\"og:type\" content=\"article\" \/>\n<meta property=\"og:title\" content=\"Az\u0131nl\u0131k Gen\u00e7lerinin Saray Ziyareti - Bati Ermenistan Ve Bati Ermenileri Sorunlari Ara\u015ftirmalar Merkezi\" \/>\n<meta property=\"og:description\" content=\"NES\u0130 ALTARAS 22 Ocak\u2019ta Yahudi, Rum, Ermeni ve S\u00fcryani gen\u00e7lerden olu\u015fan bir grup sarayda Cumhurba\u015fkanl\u0131\u011f\u0131 \u00d6zel Kalem M\u00fcd\u00fcr\u00fc Hasan Do\u011fan ile bulu\u015ftu. Payla\u015f\u0131m\u0131nda T\u00fcrk Yahudi Toplumu in\u015faat s\u00fcreci tart\u0131\u015fmal\u0131 olan saray\u0131n yeni isim projesine ortak olarak Milletin Evi ibaresine yer verdi. Bu bulu\u015fma me\u015frula\u015ft\u0131rma projesinin bir uzant\u0131s\u0131ndan ba\u015fka nas\u0131l bir \u015fey olabilir? \u015ealom\u2019dan Sibel Konfino\u2019nun\u00a0haberine\u00a0g\u00f6re [&hellip;]\" \/>\n<meta property=\"og:url\" content=\"https:\/\/akunq.net\/tr\/?p=61420\" \/>\n<meta property=\"og:site_name\" content=\"Bati Ermenistan Ve Bati Ermenileri Sorunlari Ara\u015ftirmalar Merkezi\" \/>\n<meta property=\"article:published_time\" content=\"2021-02-10T07:32:40+00:00\" \/>\n<meta property=\"og:image\" content=\"https:\/\/akunq.net\/tr\/wp-content\/uploads\/sites\/6\/2021\/02\/Az\u0131nl\u0131k-Gen\u00e7lerinin-Saray-Ziyareti.jpg\" \/>\n\t<meta property=\"og:image:width\" content=\"1024\" \/>\n\t<meta property=\"og:image:height\" content=\"577\" \/>\n\t<meta property=\"og:image:type\" content=\"image\/jpeg\" \/>\n<meta name=\"author\" content=\"admin\" \/>\n<meta name=\"twitter:card\" content=\"summary_large_image\" \/>\n<meta name=\"twitter:label1\" content=\"Written by\" \/>\n\t<meta name=\"twitter:data1\" content=\"admin\" \/>\n\t<meta name=\"twitter:label2\" content=\"Est. reading time\" \/>\n\t<meta name=\"twitter:data2\" content=\"6 minutes\" \/>\n<script type=\"application\/ld+json\" class=\"yoast-schema-graph\">{\"@context\":\"https:\\\/\\\/schema.org\",\"@graph\":[{\"@type\":\"Article\",\"@id\":\"https:\\\/\\\/akunq.net\\\/tr\\\/?p=61420#article\",\"isPartOf\":{\"@id\":\"https:\\\/\\\/akunq.net\\\/tr\\\/?p=61420\"},\"author\":{\"name\":\"admin\",\"@id\":\"https:\\\/\\\/akunq.net\\\/tr\\\/#\\\/schema\\\/person\\\/096f1d38a12cce57fb855b485ed24c9e\"},\"headline\":\"Az\u0131nl\u0131k Gen\u00e7lerinin Saray Ziyareti\",\"datePublished\":\"2021-02-10T07:32:40+00:00\",\"mainEntityOfPage\":{\"@id\":\"https:\\\/\\\/akunq.net\\\/tr\\\/?p=61420\"},\"wordCount\":1150,\"commentCount\":0,\"image\":{\"@id\":\"https:\\\/\\\/akunq.net\\\/tr\\\/?p=61420#primaryimage\"},\"thumbnailUrl\":\"https:\\\/\\\/akunq.net\\\/tr\\\/wp-content\\\/uploads\\\/sites\\\/6\\\/2021\\\/02\\\/Az\u0131nl\u0131k-Gen\u00e7lerinin-Saray-Ziyareti.jpg\",\"articleSection\":[\"Haberler\",\"T\u00fcrkiye\u2019de Az\u0131nl\u0131klar\"],\"inLanguage\":\"en-US\",\"potentialAction\":[{\"@type\":\"CommentAction\",\"name\":\"Comment\",\"target\":[\"https:\\\/\\\/akunq.net\\\/tr\\\/?p=61420#respond\"]}]},{\"@type\":\"WebPage\",\"@id\":\"https:\\\/\\\/akunq.net\\\/tr\\\/?p=61420\",\"url\":\"https:\\\/\\\/akunq.net\\\/tr\\\/?p=61420\",\"name\":\"Az\u0131nl\u0131k Gen\u00e7lerinin Saray Ziyareti - Bati Ermenistan Ve Bati Ermenileri Sorunlari Ara\u015ftirmalar Merkezi\",\"isPartOf\":{\"@id\":\"https:\\\/\\\/akunq.net\\\/tr\\\/#website\"},\"primaryImageOfPage\":{\"@id\":\"https:\\\/\\\/akunq.net\\\/tr\\\/?p=61420#primaryimage\"},\"image\":{\"@id\":\"https:\\\/\\\/akunq.net\\\/tr\\\/?p=61420#primaryimage\"},\"thumbnailUrl\":\"https:\\\/\\\/akunq.net\\\/tr\\\/wp-content\\\/uploads\\\/sites\\\/6\\\/2021\\\/02\\\/Az\u0131nl\u0131k-Gen\u00e7lerinin-Saray-Ziyareti.jpg\",\"datePublished\":\"2021-02-10T07:32:40+00:00\",\"author\":{\"@id\":\"https:\\\/\\\/akunq.net\\\/tr\\\/#\\\/schema\\\/person\\\/096f1d38a12cce57fb855b485ed24c9e\"},\"breadcrumb\":{\"@id\":\"https:\\\/\\\/akunq.net\\\/tr\\\/?p=61420#breadcrumb\"},\"inLanguage\":\"en-US\",\"potentialAction\":[{\"@type\":\"ReadAction\",\"target\":[\"https:\\\/\\\/akunq.net\\\/tr\\\/?p=61420\"]}]},{\"@type\":\"ImageObject\",\"inLanguage\":\"en-US\",\"@id\":\"https:\\\/\\\/akunq.net\\\/tr\\\/?p=61420#primaryimage\",\"url\":\"https:\\\/\\\/akunq.net\\\/tr\\\/wp-content\\\/uploads\\\/sites\\\/6\\\/2021\\\/02\\\/Az\u0131nl\u0131k-Gen\u00e7lerinin-Saray-Ziyareti.jpg\",\"contentUrl\":\"https:\\\/\\\/akunq.net\\\/tr\\\/wp-content\\\/uploads\\\/sites\\\/6\\\/2021\\\/02\\\/Az\u0131nl\u0131k-Gen\u00e7lerinin-Saray-Ziyareti.jpg\",\"width\":1024,\"height\":577},{\"@type\":\"BreadcrumbList\",\"@id\":\"https:\\\/\\\/akunq.net\\\/tr\\\/?p=61420#breadcrumb\",\"itemListElement\":[{\"@type\":\"ListItem\",\"position\":1,\"name\":\"Home\",\"item\":\"https:\\\/\\\/akunq.net\\\/tr\"},{\"@type\":\"ListItem\",\"position\":2,\"name\":\"Az\u0131nl\u0131k Gen\u00e7lerinin Saray Ziyareti\"}]},{\"@type\":\"WebSite\",\"@id\":\"https:\\\/\\\/akunq.net\\\/tr\\\/#website\",\"url\":\"https:\\\/\\\/akunq.net\\\/tr\\\/\",\"name\":\"Bati Ermenistan Ve Bati Ermenileri Sorunlari Ara\u015ftirmalar Merkezi\",\"description\":\"\",\"potentialAction\":[{\"@type\":\"SearchAction\",\"target\":{\"@type\":\"EntryPoint\",\"urlTemplate\":\"https:\\\/\\\/akunq.net\\\/tr\\\/?s={search_term_string}\"},\"query-input\":{\"@type\":\"PropertyValueSpecification\",\"valueRequired\":true,\"valueName\":\"search_term_string\"}}],\"inLanguage\":\"en-US\"},{\"@type\":\"Person\",\"@id\":\"https:\\\/\\\/akunq.net\\\/tr\\\/#\\\/schema\\\/person\\\/096f1d38a12cce57fb855b485ed24c9e\",\"name\":\"admin\",\"url\":\"https:\\\/\\\/akunq.net\\\/tr\\\/?author=7\"}]}<\/script>\n<!-- \/ Yoast SEO plugin. -->","yoast_head_json":{"title":"Az\u0131nl\u0131k Gen\u00e7lerinin Saray Ziyareti - Bati Ermenistan Ve Bati Ermenileri Sorunlari Ara\u015ftirmalar Merkezi","robots":{"index":"index","follow":"follow","max-snippet":"max-snippet:-1","max-image-preview":"max-image-preview:large","max-video-preview":"max-video-preview:-1"},"canonical":"https:\/\/akunq.net\/tr\/?p=61420","og_locale":"en_US","og_type":"article","og_title":"Az\u0131nl\u0131k Gen\u00e7lerinin Saray Ziyareti - Bati Ermenistan Ve Bati Ermenileri Sorunlari Ara\u015ftirmalar Merkezi","og_description":"NES\u0130 ALTARAS 22 Ocak\u2019ta Yahudi, Rum, Ermeni ve S\u00fcryani gen\u00e7lerden olu\u015fan bir grup sarayda Cumhurba\u015fkanl\u0131\u011f\u0131 \u00d6zel Kalem M\u00fcd\u00fcr\u00fc Hasan Do\u011fan ile bulu\u015ftu. Payla\u015f\u0131m\u0131nda T\u00fcrk Yahudi Toplumu in\u015faat s\u00fcreci tart\u0131\u015fmal\u0131 olan saray\u0131n yeni isim projesine ortak olarak Milletin Evi ibaresine yer verdi. Bu bulu\u015fma me\u015frula\u015ft\u0131rma projesinin bir uzant\u0131s\u0131ndan ba\u015fka nas\u0131l bir \u015fey olabilir? \u015ealom\u2019dan Sibel Konfino\u2019nun\u00a0haberine\u00a0g\u00f6re [&hellip;]","og_url":"https:\/\/akunq.net\/tr\/?p=61420","og_site_name":"Bati Ermenistan Ve Bati Ermenileri Sorunlari Ara\u015ftirmalar Merkezi","article_published_time":"2021-02-10T07:32:40+00:00","og_image":[{"width":1024,"height":577,"url":"https:\/\/akunq.net\/tr\/wp-content\/uploads\/sites\/6\/2021\/02\/Az\u0131nl\u0131k-Gen\u00e7lerinin-Saray-Ziyareti.jpg","type":"image\/jpeg"}],"author":"admin","twitter_card":"summary_large_image","twitter_misc":{"Written by":"admin","Est. reading time":"6 minutes"},"schema":{"@context":"https:\/\/schema.org","@graph":[{"@type":"Article","@id":"https:\/\/akunq.net\/tr\/?p=61420#article","isPartOf":{"@id":"https:\/\/akunq.net\/tr\/?p=61420"},"author":{"name":"admin","@id":"https:\/\/akunq.net\/tr\/#\/schema\/person\/096f1d38a12cce57fb855b485ed24c9e"},"headline":"Az\u0131nl\u0131k Gen\u00e7lerinin Saray Ziyareti","datePublished":"2021-02-10T07:32:40+00:00","mainEntityOfPage":{"@id":"https:\/\/akunq.net\/tr\/?p=61420"},"wordCount":1150,"commentCount":0,"image":{"@id":"https:\/\/akunq.net\/tr\/?p=61420#primaryimage"},"thumbnailUrl":"https:\/\/akunq.net\/tr\/wp-content\/uploads\/sites\/6\/2021\/02\/Az\u0131nl\u0131k-Gen\u00e7lerinin-Saray-Ziyareti.jpg","articleSection":["Haberler","T\u00fcrkiye\u2019de Az\u0131nl\u0131klar"],"inLanguage":"en-US","potentialAction":[{"@type":"CommentAction","name":"Comment","target":["https:\/\/akunq.net\/tr\/?p=61420#respond"]}]},{"@type":"WebPage","@id":"https:\/\/akunq.net\/tr\/?p=61420","url":"https:\/\/akunq.net\/tr\/?p=61420","name":"Az\u0131nl\u0131k Gen\u00e7lerinin Saray Ziyareti - Bati Ermenistan Ve Bati Ermenileri Sorunlari Ara\u015ftirmalar Merkezi","isPartOf":{"@id":"https:\/\/akunq.net\/tr\/#website"},"primaryImageOfPage":{"@id":"https:\/\/akunq.net\/tr\/?p=61420#primaryimage"},"image":{"@id":"https:\/\/akunq.net\/tr\/?p=61420#primaryimage"},"thumbnailUrl":"https:\/\/akunq.net\/tr\/wp-content\/uploads\/sites\/6\/2021\/02\/Az\u0131nl\u0131k-Gen\u00e7lerinin-Saray-Ziyareti.jpg","datePublished":"2021-02-10T07:32:40+00:00","author":{"@id":"https:\/\/akunq.net\/tr\/#\/schema\/person\/096f1d38a12cce57fb855b485ed24c9e"},"breadcrumb":{"@id":"https:\/\/akunq.net\/tr\/?p=61420#breadcrumb"},"inLanguage":"en-US","potentialAction":[{"@type":"ReadAction","target":["https:\/\/akunq.net\/tr\/?p=61420"]}]},{"@type":"ImageObject","inLanguage":"en-US","@id":"https:\/\/akunq.net\/tr\/?p=61420#primaryimage","url":"https:\/\/akunq.net\/tr\/wp-content\/uploads\/sites\/6\/2021\/02\/Az\u0131nl\u0131k-Gen\u00e7lerinin-Saray-Ziyareti.jpg","contentUrl":"https:\/\/akunq.net\/tr\/wp-content\/uploads\/sites\/6\/2021\/02\/Az\u0131nl\u0131k-Gen\u00e7lerinin-Saray-Ziyareti.jpg","width":1024,"height":577},{"@type":"BreadcrumbList","@id":"https:\/\/akunq.net\/tr\/?p=61420#breadcrumb","itemListElement":[{"@type":"ListItem","position":1,"name":"Home","item":"https:\/\/akunq.net\/tr"},{"@type":"ListItem","position":2,"name":"Az\u0131nl\u0131k Gen\u00e7lerinin Saray Ziyareti"}]},{"@type":"WebSite","@id":"https:\/\/akunq.net\/tr\/#website","url":"https:\/\/akunq.net\/tr\/","name":"Bati Ermenistan Ve Bati Ermenileri Sorunlari Ara\u015ftirmalar Merkezi","description":"","potentialAction":[{"@type":"SearchAction","target":{"@type":"EntryPoint","urlTemplate":"https:\/\/akunq.net\/tr\/?s={search_term_string}"},"query-input":{"@type":"PropertyValueSpecification","valueRequired":true,"valueName":"search_term_string"}}],"inLanguage":"en-US"},{"@type":"Person","@id":"https:\/\/akunq.net\/tr\/#\/schema\/person\/096f1d38a12cce57fb855b485ed24c9e","name":"admin","url":"https:\/\/akunq.net\/tr\/?author=7"}]}},"_links":{"self":[{"href":"https:\/\/akunq.net\/tr\/index.php?rest_route=\/wp\/v2\/posts\/61420","targetHints":{"allow":["GET"]}}],"collection":[{"href":"https:\/\/akunq.net\/tr\/index.php?rest_route=\/wp\/v2\/posts"}],"about":[{"href":"https:\/\/akunq.net\/tr\/index.php?rest_route=\/wp\/v2\/types\/post"}],"author":[{"embeddable":true,"href":"https:\/\/akunq.net\/tr\/index.php?rest_route=\/wp\/v2\/users\/7"}],"replies":[{"embeddable":true,"href":"https:\/\/akunq.net\/tr\/index.php?rest_route=%2Fwp%2Fv2%2Fcomments&post=61420"}],"version-history":[{"count":1,"href":"https:\/\/akunq.net\/tr\/index.php?rest_route=\/wp\/v2\/posts\/61420\/revisions"}],"predecessor-version":[{"id":61422,"href":"https:\/\/akunq.net\/tr\/index.php?rest_route=\/wp\/v2\/posts\/61420\/revisions\/61422"}],"wp:featuredmedia":[{"embeddable":true,"href":"https:\/\/akunq.net\/tr\/index.php?rest_route=\/wp\/v2\/media\/61421"}],"wp:attachment":[{"href":"https:\/\/akunq.net\/tr\/index.php?rest_route=%2Fwp%2Fv2%2Fmedia&parent=61420"}],"wp:term":[{"taxonomy":"category","embeddable":true,"href":"https:\/\/akunq.net\/tr\/index.php?rest_route=%2Fwp%2Fv2%2Fcategories&post=61420"},{"taxonomy":"post_tag","embeddable":true,"href":"https:\/\/akunq.net\/tr\/index.php?rest_route=%2Fwp%2Fv2%2Ftags&post=61420"}],"curies":[{"name":"wp","href":"https:\/\/api.w.org\/{rel}","templated":true}]}}