{"id":61414,"date":"2021-02-10T01:58:59","date_gmt":"2021-02-10T06:58:59","guid":{"rendered":"https:\/\/akunq.net\/tr\/?p=61414"},"modified":"2021-02-10T01:58:59","modified_gmt":"2021-02-10T06:58:59","slug":"hollanda-parlamentosu-hukumetten-ermeni-soykiriminin-taninmasini-talep-ediyor","status":"publish","type":"post","link":"https:\/\/akunq.net\/tr\/?p=61414","title":{"rendered":"Hollanda Parlamentosu, h\u00fck\u00fcmetten Ermeni Soyk\u0131r\u0131m\u0131&#8217;n\u0131n tan\u0131nmas\u0131n\u0131 talep ediyor"},"content":{"rendered":"<p><img loading=\"lazy\" decoding=\"async\" class=\"aligncenter size-medium wp-image-61415\" src=\"https:\/\/akunq.net\/tr\/wp-content\/uploads\/2021\/02\/\u0546\u056b\u0564\u0565\u0580\u056c\u0561\u0576\u0564\u0576\u0565\u0580\u056b-\u056d\u0578\u0580\u0570\u0580\u0564\u0561\u0580\u0561\u0576-360x263.jpg\" alt=\"\" width=\"360\" height=\"263\" srcset=\"https:\/\/akunq.net\/tr\/wp-content\/uploads\/sites\/6\/2021\/02\/\u0546\u056b\u0564\u0565\u0580\u056c\u0561\u0576\u0564\u0576\u0565\u0580\u056b-\u056d\u0578\u0580\u0570\u0580\u0564\u0561\u0580\u0561\u0576-360x263.jpg 360w, https:\/\/akunq.net\/tr\/wp-content\/uploads\/sites\/6\/2021\/02\/\u0546\u056b\u0564\u0565\u0580\u056c\u0561\u0576\u0564\u0576\u0565\u0580\u056b-\u056d\u0578\u0580\u0570\u0580\u0564\u0561\u0580\u0561\u0576-260x190.jpg 260w, https:\/\/akunq.net\/tr\/wp-content\/uploads\/sites\/6\/2021\/02\/\u0546\u056b\u0564\u0565\u0580\u056c\u0561\u0576\u0564\u0576\u0565\u0580\u056b-\u056d\u0578\u0580\u0570\u0580\u0564\u0561\u0580\u0561\u0576-160x117.jpg 160w, https:\/\/akunq.net\/tr\/wp-content\/uploads\/sites\/6\/2021\/02\/\u0546\u056b\u0564\u0565\u0580\u056c\u0561\u0576\u0564\u0576\u0565\u0580\u056b-\u056d\u0578\u0580\u0570\u0580\u0564\u0561\u0580\u0561\u0576.jpg 410w\" sizes=\"auto, (max-width: 360px) 100vw, 360px\" \/><\/p>\n<p><em><strong>Hollanda Parlamentosu\u2019nun \u00e7o\u011funlu\u011fu, \u00fclke h\u00fck\u00fcmetini, Ermeni Soyk\u0131r\u0131m\u0131\u2019n\u0131 tan\u0131maya \u00e7a\u011f\u0131r\u0131yor. Hollanda Ermeni Kurulu\u015flar\u0131 Federasyonu, Joel Voordewind&#8217;in haz\u0131rlad\u0131\u011f\u0131 karar taar\u0131s\u0131ndan dolay\u0131 memnuniyetini dile getirdi.<\/strong><\/em><\/p>\n<p>Hristiyan Birlik (CU) Partisi taraf\u0131ndan \u00fclkenin ge\u00e7ici h\u00fck\u00fcmetine sunulacak karar tasar\u0131s\u0131, milletvekililer M. van Helvert (CDA), S. Karabulut (SP), B. van Ojik (GroenLinks), G. Wilders (PVV), T. Baudet (FvD), K. van der Staaij (SGP), G. van Otterloo (50PLUS), F. van Kooten-Arrissen, L. van Raan (PvdD) ve H. Krol taraf\u0131ndan imzaland\u0131.<\/p>\n<p>Hollanda\u2019da iktidarda olan VVD partisi, karar\u0131n g\u00f6r\u00fc\u015fmelerine kat\u0131lmad\u0131, ayr\u0131ca iki T\u00fcrk ve bir Fas k\u00f6kenli milletvekilinden olu\u015fan DENK partisi Grubu, T\u00fcrkiye\u2019nin inkarc\u0131 politikas\u0131n\u0131 takip ederek Ermeni Soyk\u0131r\u0131m\u0131 konusunu ele almaktan ka\u00e7\u0131nd\u0131.<\/p>\n<p>Hollanda Parlamentosu, daha \u00f6nce iki kez Ermeni Soyk\u0131r\u0131m\u0131\u2019n\u0131 k\u0131nayan kararlar ald\u0131. Hen\u00fcz 2004 y\u0131l\u0131nda kabul edilen kararda Parlamento, Ermeni Soyk\u0131r\u0131m\u0131\u2019n\u0131 tan\u0131yarak, T\u00fcrkiye ile ili\u015fkilerde her zaman Ermeni Soyk\u0131r\u0131m\u0131\u2019n\u0131n tan\u0131ma konusunun g\u00fcndeme getirilmesi gerekti\u011fini vurgulad\u0131.\u00a02018 yl\u0131nda, Hollanda Maliye Bakanl\u0131\u011f\u0131\u2019n\u0131n Devlet Sekreteri Menno Snel, Yerevan\u2019da Ermeni Soyk\u0131r\u0131m\u0131\u2019n\u0131n anma etkinliklerine kat\u0131ld\u0131.<\/p>\n<p><em><strong>https:\/\/www.ermenihaber.am\/tr\/news\/2021\/02\/09\/Hollanda-Ermeni-Soyk%C4%B1r%C4%B1m%C4%B1\/202031\u00a0<\/strong><\/em><\/p>\n","protected":false},"excerpt":{"rendered":"<p>Hollanda Parlamentosu\u2019nun \u00e7o\u011funlu\u011fu, \u00fclke h\u00fck\u00fcmetini, Ermeni Soyk\u0131r\u0131m\u0131\u2019n\u0131 tan\u0131maya \u00e7a\u011f\u0131r\u0131yor. Hollanda Ermeni Kurulu\u015flar\u0131 Federasyonu, Joel Voordewind&#8217;in haz\u0131rlad\u0131\u011f\u0131 karar taar\u0131s\u0131ndan dolay\u0131 memnuniyetini dile getirdi. Hristiyan Birlik (CU) Partisi taraf\u0131ndan \u00fclkenin ge\u00e7ici h\u00fck\u00fcmetine sunulacak karar tasar\u0131s\u0131, milletvekililer M. van Helvert (CDA), S. Karabulut (SP), B. van Ojik (GroenLinks), G. Wilders (PVV), T. Baudet (FvD), K. van der Staaij [&hellip;]<\/p>\n","protected":false},"author":7,"featured_media":61415,"comment_status":"open","ping_status":"open","sticky":false,"template":"","format":"standard","meta":{"footnotes":""},"categories":[44,1],"tags":[],"class_list":["post-61414","post","type-post","status-publish","format-standard","has-post-thumbnail","hentry","category-ermeni-soykirimi","category-haberler"],"yoast_head":"<!-- This site is optimized with the Yoast SEO plugin v27.4 - https:\/\/yoast.com\/product\/yoast-seo-wordpress\/ -->\n<title>Hollanda Parlamentosu, h\u00fck\u00fcmetten Ermeni Soyk\u0131r\u0131m\u0131&#039;n\u0131n tan\u0131nmas\u0131n\u0131 talep ediyor - Bati Ermenistan Ve Bati Ermenileri Sorunlari Ara\u015ftirmalar Merkezi<\/title>\n<meta name=\"robots\" content=\"index, follow, max-snippet:-1, max-image-preview:large, max-video-preview:-1\" \/>\n<link rel=\"canonical\" href=\"https:\/\/akunq.net\/tr\/?p=61414\" \/>\n<meta property=\"og:locale\" content=\"en_US\" \/>\n<meta property=\"og:type\" content=\"article\" \/>\n<meta property=\"og:title\" content=\"Hollanda Parlamentosu, h\u00fck\u00fcmetten Ermeni Soyk\u0131r\u0131m\u0131&#039;n\u0131n tan\u0131nmas\u0131n\u0131 talep ediyor - Bati Ermenistan Ve Bati Ermenileri Sorunlari Ara\u015ftirmalar Merkezi\" \/>\n<meta property=\"og:description\" content=\"Hollanda Parlamentosu\u2019nun \u00e7o\u011funlu\u011fu, \u00fclke h\u00fck\u00fcmetini, Ermeni Soyk\u0131r\u0131m\u0131\u2019n\u0131 tan\u0131maya \u00e7a\u011f\u0131r\u0131yor. Hollanda Ermeni Kurulu\u015flar\u0131 Federasyonu, Joel Voordewind&#8217;in haz\u0131rlad\u0131\u011f\u0131 karar taar\u0131s\u0131ndan dolay\u0131 memnuniyetini dile getirdi. Hristiyan Birlik (CU) Partisi taraf\u0131ndan \u00fclkenin ge\u00e7ici h\u00fck\u00fcmetine sunulacak karar tasar\u0131s\u0131, milletvekililer M. van Helvert (CDA), S. Karabulut (SP), B. van Ojik (GroenLinks), G. Wilders (PVV), T. Baudet (FvD), K. van der Staaij [&hellip;]\" \/>\n<meta property=\"og:url\" content=\"https:\/\/akunq.net\/tr\/?p=61414\" \/>\n<meta property=\"og:site_name\" content=\"Bati Ermenistan Ve Bati Ermenileri Sorunlari Ara\u015ftirmalar Merkezi\" \/>\n<meta property=\"article:published_time\" content=\"2021-02-10T06:58:59+00:00\" \/>\n<meta property=\"og:image\" content=\"https:\/\/akunq.net\/tr\/wp-content\/uploads\/sites\/6\/2021\/02\/\u0546\u056b\u0564\u0565\u0580\u056c\u0561\u0576\u0564\u0576\u0565\u0580\u056b-\u056d\u0578\u0580\u0570\u0580\u0564\u0561\u0580\u0561\u0576.jpg\" \/>\n\t<meta property=\"og:image:width\" content=\"410\" \/>\n\t<meta property=\"og:image:height\" content=\"300\" \/>\n\t<meta property=\"og:image:type\" content=\"image\/jpeg\" \/>\n<meta name=\"author\" content=\"admin\" \/>\n<meta name=\"twitter:card\" content=\"summary_large_image\" \/>\n<meta name=\"twitter:label1\" content=\"Written by\" \/>\n\t<meta name=\"twitter:data1\" content=\"admin\" \/>\n\t<meta name=\"twitter:label2\" content=\"Est. reading time\" \/>\n\t<meta name=\"twitter:data2\" content=\"1 minute\" \/>\n<script type=\"application\/ld+json\" class=\"yoast-schema-graph\">{\"@context\":\"https:\\\/\\\/schema.org\",\"@graph\":[{\"@type\":\"Article\",\"@id\":\"https:\\\/\\\/akunq.net\\\/tr\\\/?p=61414#article\",\"isPartOf\":{\"@id\":\"https:\\\/\\\/akunq.net\\\/tr\\\/?p=61414\"},\"author\":{\"name\":\"admin\",\"@id\":\"https:\\\/\\\/akunq.net\\\/tr\\\/#\\\/schema\\\/person\\\/096f1d38a12cce57fb855b485ed24c9e\"},\"headline\":\"Hollanda Parlamentosu, h\u00fck\u00fcmetten Ermeni Soyk\u0131r\u0131m\u0131&#8217;n\u0131n tan\u0131nmas\u0131n\u0131 talep ediyor\",\"datePublished\":\"2021-02-10T06:58:59+00:00\",\"mainEntityOfPage\":{\"@id\":\"https:\\\/\\\/akunq.net\\\/tr\\\/?p=61414\"},\"wordCount\":246,\"commentCount\":0,\"image\":{\"@id\":\"https:\\\/\\\/akunq.net\\\/tr\\\/?p=61414#primaryimage\"},\"thumbnailUrl\":\"https:\\\/\\\/akunq.net\\\/tr\\\/wp-content\\\/uploads\\\/sites\\\/6\\\/2021\\\/02\\\/\u0546\u056b\u0564\u0565\u0580\u056c\u0561\u0576\u0564\u0576\u0565\u0580\u056b-\u056d\u0578\u0580\u0570\u0580\u0564\u0561\u0580\u0561\u0576.jpg\",\"articleSection\":[\"Ermeni Soyk\u0131r\u0131m\u0131\",\"Haberler\"],\"inLanguage\":\"en-US\",\"potentialAction\":[{\"@type\":\"CommentAction\",\"name\":\"Comment\",\"target\":[\"https:\\\/\\\/akunq.net\\\/tr\\\/?p=61414#respond\"]}]},{\"@type\":\"WebPage\",\"@id\":\"https:\\\/\\\/akunq.net\\\/tr\\\/?p=61414\",\"url\":\"https:\\\/\\\/akunq.net\\\/tr\\\/?p=61414\",\"name\":\"Hollanda Parlamentosu, h\u00fck\u00fcmetten Ermeni Soyk\u0131r\u0131m\u0131'n\u0131n tan\u0131nmas\u0131n\u0131 talep ediyor - Bati Ermenistan Ve Bati Ermenileri Sorunlari Ara\u015ftirmalar Merkezi\",\"isPartOf\":{\"@id\":\"https:\\\/\\\/akunq.net\\\/tr\\\/#website\"},\"primaryImageOfPage\":{\"@id\":\"https:\\\/\\\/akunq.net\\\/tr\\\/?p=61414#primaryimage\"},\"image\":{\"@id\":\"https:\\\/\\\/akunq.net\\\/tr\\\/?p=61414#primaryimage\"},\"thumbnailUrl\":\"https:\\\/\\\/akunq.net\\\/tr\\\/wp-content\\\/uploads\\\/sites\\\/6\\\/2021\\\/02\\\/\u0546\u056b\u0564\u0565\u0580\u056c\u0561\u0576\u0564\u0576\u0565\u0580\u056b-\u056d\u0578\u0580\u0570\u0580\u0564\u0561\u0580\u0561\u0576.jpg\",\"datePublished\":\"2021-02-10T06:58:59+00:00\",\"author\":{\"@id\":\"https:\\\/\\\/akunq.net\\\/tr\\\/#\\\/schema\\\/person\\\/096f1d38a12cce57fb855b485ed24c9e\"},\"breadcrumb\":{\"@id\":\"https:\\\/\\\/akunq.net\\\/tr\\\/?p=61414#breadcrumb\"},\"inLanguage\":\"en-US\",\"potentialAction\":[{\"@type\":\"ReadAction\",\"target\":[\"https:\\\/\\\/akunq.net\\\/tr\\\/?p=61414\"]}]},{\"@type\":\"ImageObject\",\"inLanguage\":\"en-US\",\"@id\":\"https:\\\/\\\/akunq.net\\\/tr\\\/?p=61414#primaryimage\",\"url\":\"https:\\\/\\\/akunq.net\\\/tr\\\/wp-content\\\/uploads\\\/sites\\\/6\\\/2021\\\/02\\\/\u0546\u056b\u0564\u0565\u0580\u056c\u0561\u0576\u0564\u0576\u0565\u0580\u056b-\u056d\u0578\u0580\u0570\u0580\u0564\u0561\u0580\u0561\u0576.jpg\",\"contentUrl\":\"https:\\\/\\\/akunq.net\\\/tr\\\/wp-content\\\/uploads\\\/sites\\\/6\\\/2021\\\/02\\\/\u0546\u056b\u0564\u0565\u0580\u056c\u0561\u0576\u0564\u0576\u0565\u0580\u056b-\u056d\u0578\u0580\u0570\u0580\u0564\u0561\u0580\u0561\u0576.jpg\",\"width\":410,\"height\":300},{\"@type\":\"BreadcrumbList\",\"@id\":\"https:\\\/\\\/akunq.net\\\/tr\\\/?p=61414#breadcrumb\",\"itemListElement\":[{\"@type\":\"ListItem\",\"position\":1,\"name\":\"Home\",\"item\":\"https:\\\/\\\/akunq.net\\\/tr\"},{\"@type\":\"ListItem\",\"position\":2,\"name\":\"Hollanda Parlamentosu, h\u00fck\u00fcmetten Ermeni Soyk\u0131r\u0131m\u0131&#8217;n\u0131n tan\u0131nmas\u0131n\u0131 talep ediyor\"}]},{\"@type\":\"WebSite\",\"@id\":\"https:\\\/\\\/akunq.net\\\/tr\\\/#website\",\"url\":\"https:\\\/\\\/akunq.net\\\/tr\\\/\",\"name\":\"Bati Ermenistan Ve Bati Ermenileri Sorunlari Ara\u015ftirmalar Merkezi\",\"description\":\"\",\"potentialAction\":[{\"@type\":\"SearchAction\",\"target\":{\"@type\":\"EntryPoint\",\"urlTemplate\":\"https:\\\/\\\/akunq.net\\\/tr\\\/?s={search_term_string}\"},\"query-input\":{\"@type\":\"PropertyValueSpecification\",\"valueRequired\":true,\"valueName\":\"search_term_string\"}}],\"inLanguage\":\"en-US\"},{\"@type\":\"Person\",\"@id\":\"https:\\\/\\\/akunq.net\\\/tr\\\/#\\\/schema\\\/person\\\/096f1d38a12cce57fb855b485ed24c9e\",\"name\":\"admin\",\"url\":\"https:\\\/\\\/akunq.net\\\/tr\\\/?author=7\"}]}<\/script>\n<!-- \/ Yoast SEO plugin. -->","yoast_head_json":{"title":"Hollanda Parlamentosu, h\u00fck\u00fcmetten Ermeni Soyk\u0131r\u0131m\u0131'n\u0131n tan\u0131nmas\u0131n\u0131 talep ediyor - Bati Ermenistan Ve Bati Ermenileri Sorunlari Ara\u015ftirmalar Merkezi","robots":{"index":"index","follow":"follow","max-snippet":"max-snippet:-1","max-image-preview":"max-image-preview:large","max-video-preview":"max-video-preview:-1"},"canonical":"https:\/\/akunq.net\/tr\/?p=61414","og_locale":"en_US","og_type":"article","og_title":"Hollanda Parlamentosu, h\u00fck\u00fcmetten Ermeni Soyk\u0131r\u0131m\u0131'n\u0131n tan\u0131nmas\u0131n\u0131 talep ediyor - Bati Ermenistan Ve Bati Ermenileri Sorunlari Ara\u015ftirmalar Merkezi","og_description":"Hollanda Parlamentosu\u2019nun \u00e7o\u011funlu\u011fu, \u00fclke h\u00fck\u00fcmetini, Ermeni Soyk\u0131r\u0131m\u0131\u2019n\u0131 tan\u0131maya \u00e7a\u011f\u0131r\u0131yor. Hollanda Ermeni Kurulu\u015flar\u0131 Federasyonu, Joel Voordewind&#8217;in haz\u0131rlad\u0131\u011f\u0131 karar taar\u0131s\u0131ndan dolay\u0131 memnuniyetini dile getirdi. Hristiyan Birlik (CU) Partisi taraf\u0131ndan \u00fclkenin ge\u00e7ici h\u00fck\u00fcmetine sunulacak karar tasar\u0131s\u0131, milletvekililer M. van Helvert (CDA), S. Karabulut (SP), B. van Ojik (GroenLinks), G. Wilders (PVV), T. Baudet (FvD), K. van der Staaij [&hellip;]","og_url":"https:\/\/akunq.net\/tr\/?p=61414","og_site_name":"Bati Ermenistan Ve Bati Ermenileri Sorunlari Ara\u015ftirmalar Merkezi","article_published_time":"2021-02-10T06:58:59+00:00","og_image":[{"width":410,"height":300,"url":"https:\/\/akunq.net\/tr\/wp-content\/uploads\/sites\/6\/2021\/02\/\u0546\u056b\u0564\u0565\u0580\u056c\u0561\u0576\u0564\u0576\u0565\u0580\u056b-\u056d\u0578\u0580\u0570\u0580\u0564\u0561\u0580\u0561\u0576.jpg","type":"image\/jpeg"}],"author":"admin","twitter_card":"summary_large_image","twitter_misc":{"Written by":"admin","Est. reading time":"1 minute"},"schema":{"@context":"https:\/\/schema.org","@graph":[{"@type":"Article","@id":"https:\/\/akunq.net\/tr\/?p=61414#article","isPartOf":{"@id":"https:\/\/akunq.net\/tr\/?p=61414"},"author":{"name":"admin","@id":"https:\/\/akunq.net\/tr\/#\/schema\/person\/096f1d38a12cce57fb855b485ed24c9e"},"headline":"Hollanda Parlamentosu, h\u00fck\u00fcmetten Ermeni Soyk\u0131r\u0131m\u0131&#8217;n\u0131n tan\u0131nmas\u0131n\u0131 talep ediyor","datePublished":"2021-02-10T06:58:59+00:00","mainEntityOfPage":{"@id":"https:\/\/akunq.net\/tr\/?p=61414"},"wordCount":246,"commentCount":0,"image":{"@id":"https:\/\/akunq.net\/tr\/?p=61414#primaryimage"},"thumbnailUrl":"https:\/\/akunq.net\/tr\/wp-content\/uploads\/sites\/6\/2021\/02\/\u0546\u056b\u0564\u0565\u0580\u056c\u0561\u0576\u0564\u0576\u0565\u0580\u056b-\u056d\u0578\u0580\u0570\u0580\u0564\u0561\u0580\u0561\u0576.jpg","articleSection":["Ermeni Soyk\u0131r\u0131m\u0131","Haberler"],"inLanguage":"en-US","potentialAction":[{"@type":"CommentAction","name":"Comment","target":["https:\/\/akunq.net\/tr\/?p=61414#respond"]}]},{"@type":"WebPage","@id":"https:\/\/akunq.net\/tr\/?p=61414","url":"https:\/\/akunq.net\/tr\/?p=61414","name":"Hollanda Parlamentosu, h\u00fck\u00fcmetten Ermeni Soyk\u0131r\u0131m\u0131'n\u0131n tan\u0131nmas\u0131n\u0131 talep ediyor - Bati Ermenistan Ve Bati Ermenileri Sorunlari Ara\u015ftirmalar Merkezi","isPartOf":{"@id":"https:\/\/akunq.net\/tr\/#website"},"primaryImageOfPage":{"@id":"https:\/\/akunq.net\/tr\/?p=61414#primaryimage"},"image":{"@id":"https:\/\/akunq.net\/tr\/?p=61414#primaryimage"},"thumbnailUrl":"https:\/\/akunq.net\/tr\/wp-content\/uploads\/sites\/6\/2021\/02\/\u0546\u056b\u0564\u0565\u0580\u056c\u0561\u0576\u0564\u0576\u0565\u0580\u056b-\u056d\u0578\u0580\u0570\u0580\u0564\u0561\u0580\u0561\u0576.jpg","datePublished":"2021-02-10T06:58:59+00:00","author":{"@id":"https:\/\/akunq.net\/tr\/#\/schema\/person\/096f1d38a12cce57fb855b485ed24c9e"},"breadcrumb":{"@id":"https:\/\/akunq.net\/tr\/?p=61414#breadcrumb"},"inLanguage":"en-US","potentialAction":[{"@type":"ReadAction","target":["https:\/\/akunq.net\/tr\/?p=61414"]}]},{"@type":"ImageObject","inLanguage":"en-US","@id":"https:\/\/akunq.net\/tr\/?p=61414#primaryimage","url":"https:\/\/akunq.net\/tr\/wp-content\/uploads\/sites\/6\/2021\/02\/\u0546\u056b\u0564\u0565\u0580\u056c\u0561\u0576\u0564\u0576\u0565\u0580\u056b-\u056d\u0578\u0580\u0570\u0580\u0564\u0561\u0580\u0561\u0576.jpg","contentUrl":"https:\/\/akunq.net\/tr\/wp-content\/uploads\/sites\/6\/2021\/02\/\u0546\u056b\u0564\u0565\u0580\u056c\u0561\u0576\u0564\u0576\u0565\u0580\u056b-\u056d\u0578\u0580\u0570\u0580\u0564\u0561\u0580\u0561\u0576.jpg","width":410,"height":300},{"@type":"BreadcrumbList","@id":"https:\/\/akunq.net\/tr\/?p=61414#breadcrumb","itemListElement":[{"@type":"ListItem","position":1,"name":"Home","item":"https:\/\/akunq.net\/tr"},{"@type":"ListItem","position":2,"name":"Hollanda Parlamentosu, h\u00fck\u00fcmetten Ermeni Soyk\u0131r\u0131m\u0131&#8217;n\u0131n tan\u0131nmas\u0131n\u0131 talep ediyor"}]},{"@type":"WebSite","@id":"https:\/\/akunq.net\/tr\/#website","url":"https:\/\/akunq.net\/tr\/","name":"Bati Ermenistan Ve Bati Ermenileri Sorunlari Ara\u015ftirmalar Merkezi","description":"","potentialAction":[{"@type":"SearchAction","target":{"@type":"EntryPoint","urlTemplate":"https:\/\/akunq.net\/tr\/?s={search_term_string}"},"query-input":{"@type":"PropertyValueSpecification","valueRequired":true,"valueName":"search_term_string"}}],"inLanguage":"en-US"},{"@type":"Person","@id":"https:\/\/akunq.net\/tr\/#\/schema\/person\/096f1d38a12cce57fb855b485ed24c9e","name":"admin","url":"https:\/\/akunq.net\/tr\/?author=7"}]}},"_links":{"self":[{"href":"https:\/\/akunq.net\/tr\/index.php?rest_route=\/wp\/v2\/posts\/61414","targetHints":{"allow":["GET"]}}],"collection":[{"href":"https:\/\/akunq.net\/tr\/index.php?rest_route=\/wp\/v2\/posts"}],"about":[{"href":"https:\/\/akunq.net\/tr\/index.php?rest_route=\/wp\/v2\/types\/post"}],"author":[{"embeddable":true,"href":"https:\/\/akunq.net\/tr\/index.php?rest_route=\/wp\/v2\/users\/7"}],"replies":[{"embeddable":true,"href":"https:\/\/akunq.net\/tr\/index.php?rest_route=%2Fwp%2Fv2%2Fcomments&post=61414"}],"version-history":[{"count":1,"href":"https:\/\/akunq.net\/tr\/index.php?rest_route=\/wp\/v2\/posts\/61414\/revisions"}],"predecessor-version":[{"id":61416,"href":"https:\/\/akunq.net\/tr\/index.php?rest_route=\/wp\/v2\/posts\/61414\/revisions\/61416"}],"wp:featuredmedia":[{"embeddable":true,"href":"https:\/\/akunq.net\/tr\/index.php?rest_route=\/wp\/v2\/media\/61415"}],"wp:attachment":[{"href":"https:\/\/akunq.net\/tr\/index.php?rest_route=%2Fwp%2Fv2%2Fmedia&parent=61414"}],"wp:term":[{"taxonomy":"category","embeddable":true,"href":"https:\/\/akunq.net\/tr\/index.php?rest_route=%2Fwp%2Fv2%2Fcategories&post=61414"},{"taxonomy":"post_tag","embeddable":true,"href":"https:\/\/akunq.net\/tr\/index.php?rest_route=%2Fwp%2Fv2%2Ftags&post=61414"}],"curies":[{"name":"wp","href":"https:\/\/api.w.org\/{rel}","templated":true}]}}