{"id":61401,"date":"2021-02-09T02:42:38","date_gmt":"2021-02-09T07:42:38","guid":{"rendered":"https:\/\/akunq.net\/tr\/?p=61401"},"modified":"2021-02-09T02:42:38","modified_gmt":"2021-02-09T07:42:38","slug":"aziz-aberkios-adina-yapilan-kilise-turizme-acilmayi-bekliyor","status":"publish","type":"post","link":"https:\/\/akunq.net\/tr\/?p=61401","title":{"rendered":"Aziz Aberkios ad\u0131na yap\u0131lan kilise turizme a\u00e7\u0131lmay\u0131 bekliyor"},"content":{"rendered":"<p><img loading=\"lazy\" decoding=\"async\" class=\"aligncenter size-medium wp-image-61402\" src=\"https:\/\/akunq.net\/tr\/wp-content\/uploads\/2021\/02\/Aziz-Aberkios-ad\u0131na-yap\u0131lan-kilise-360x205.jpg\" alt=\"\" width=\"360\" height=\"205\" srcset=\"https:\/\/akunq.net\/tr\/wp-content\/uploads\/sites\/6\/2021\/02\/Aziz-Aberkios-ad\u0131na-yap\u0131lan-kilise-360x205.jpg 360w, https:\/\/akunq.net\/tr\/wp-content\/uploads\/sites\/6\/2021\/02\/Aziz-Aberkios-ad\u0131na-yap\u0131lan-kilise-560x318.jpg 560w, https:\/\/akunq.net\/tr\/wp-content\/uploads\/sites\/6\/2021\/02\/Aziz-Aberkios-ad\u0131na-yap\u0131lan-kilise-260x148.jpg 260w, https:\/\/akunq.net\/tr\/wp-content\/uploads\/sites\/6\/2021\/02\/Aziz-Aberkios-ad\u0131na-yap\u0131lan-kilise-160x91.jpg 160w, https:\/\/akunq.net\/tr\/wp-content\/uploads\/sites\/6\/2021\/02\/Aziz-Aberkios-ad\u0131na-yap\u0131lan-kilise.jpg 660w\" sizes=\"auto, (max-width: 360px) 100vw, 360px\" \/><\/p>\n<p><em><strong>Bursa\u2019n\u0131n Gemlik il\u00e7esinde 9. y\u00fczy\u0131lda yap\u0131lan Aziz Aberkios Kilisesi turizme a\u00e7\u0131lmay\u0131 bekliyor.<\/strong><\/em><\/p>\n<p>Gemlik ile Mudanya il\u00e7eleri aras\u0131nda yer alan Kur\u015funlu Mahallesi\u2019ndeki<strong>\u00a0Aziz Hagios Aberkios Kilisesi\u2019<\/strong>nin ge\u00e7mi\u015fi 9. asra dayan\u0131yor.<\/p>\n<p>Orta Bizans d\u00f6nemi yap\u0131s\u0131 olan Aziz Aberkios Manast\u0131r\u0131 bir\u00e7ok onar\u0131m ge\u00e7irerek g\u00fcn\u00fcm\u00fcze ula\u015ft\u0131. Son olarak Bursa M\u00fczesi M\u00fcd\u00fcrl\u00fc\u011f\u00fcnce ba\u015flat\u0131lan kaz\u0131 \u00e7al\u0131\u015fmalar\u0131 2015 tarihinde tamamland\u0131.<\/p>\n<p>Denize 5 metre uzakl\u0131ktaki kilise hakk\u0131ndaki en \u00f6nemli bilgiler, Do\u011fu Ortodoks Kilisesi\u2019nde \u00e7e\u015fitli kutsal g\u00fcn ve ayinlerinin g\u00fcnlerinin topluca yaz\u0131ld\u0131\u011f\u0131 anda\u00e7ta (typikonu) bulunuyor. 1162 tarihli typikonu kilisenin yap\u0131m\u0131, banisi hakk\u0131nda bilgiler veriyor.<\/p>\n<p>Typikonda bu manast\u0131r\u0131n I. Manuel Komnenos d\u00f6neminde Nikephoros Mystikos ad\u0131nda biri taraf\u0131ndan yeni ba\u015ftan yap\u0131ld\u0131\u011f\u0131, ad\u0131n\u0131n \u201cG\u00fcne\u015fin Altar\u0131\u201d, \u201cHeliou Bomon\u201d ya da \u201cElegmon Manast\u0131r\u0131\u201d olarak ge\u00e7ti\u011fi ve Theotokos\u2019a (Tanr\u0131 Anas\u0131) ithaf edildi\u011fi belirtilmekte, manast\u0131rda yap\u0131lan \u00e7e\u015fitli onar\u0131mlar anlat\u0131l\u0131yor.<\/p>\n<p>Ayr\u0131ca b\u00f6lgenin en \u00f6nemli manast\u0131r\u0131 oldu\u011fu da vurgulan\u0131yor. Tek nefli ve kubbeli bir yap\u0131ya sahip Kur\u015funlu\u2019daki Hagios Aberkios Manast\u0131r\u0131, dikd\u00f6rtgen planl\u0131 yap\u0131dan olu\u015fuyor. \u00dcst\u00fc \u00e7apraz tonozla \u00f6rt\u00fcld\u00fc\u011f\u00fc belirtilen manast\u0131r, \u00e7ift kemerli kap\u0131larla d\u0131\u015far\u0131ya a\u00e7\u0131l\u0131yor. Kilisenin kuzey cephesi iki basamakl\u0131 yuvarlak bir kemer i\u00e7erisine al\u0131nm\u0131\u015f. Do\u011fu cephesinde bulunan cephe y\u0131k\u0131l\u0131rken, burada yaln\u0131zca pencerelerin yuvarlak kemer ba\u015flang\u0131\u00e7lar\u0131 g\u00f6r\u00fcl\u00fcyor. Osmanl\u0131\u2019n\u0131n fethinden sonra \u00f6nemini yitirmi\u015f olan manast\u0131r\u0131n, 1652 y\u0131l\u0131ndan sonra yeniden kullan\u0131lm\u0131\u015f oldu\u011fu kaynaklarda belirtiliyor.<\/p>\n<p>19. y\u00fczy\u0131lda Kur\u015funlu\u2019yu ziyaret eden ara\u015ft\u0131rmac\u0131lar bu kilisenin Aziz Aberkios\u2019a ithaf edildi\u011fini belirledi. Yak\u0131n ge\u00e7mi\u015fe kadar da Hristiyanlar taraf\u0131ndan ziyaret edilen kilisede ayinler d\u00fczenlendi\u011fi \u00f6\u011frenildi.<\/p>\n<p><strong><em><a href=\"https:\/\/www.ntv.com.tr\/sanat\/aziz-aberkios-adina-yapilan-kilise-turizme-acilmayi-bekliyor,qG4U3uFVFkKlF3OiYHmTyQ\">https:\/\/www.ntv.com.tr\/sanat\/aziz-aberkios-adina-yapilan-kilise-turizme-acilmayi-bekliyor,qG4U3uFVFkKlF3OiYHmTyQ<\/a><\/em><\/strong><\/p>\n","protected":false},"excerpt":{"rendered":"<p>Bursa\u2019n\u0131n Gemlik il\u00e7esinde 9. y\u00fczy\u0131lda yap\u0131lan Aziz Aberkios Kilisesi turizme a\u00e7\u0131lmay\u0131 bekliyor. Gemlik ile Mudanya il\u00e7eleri aras\u0131nda yer alan Kur\u015funlu Mahallesi\u2019ndeki\u00a0Aziz Hagios Aberkios Kilisesi\u2019nin ge\u00e7mi\u015fi 9. asra dayan\u0131yor. Orta Bizans d\u00f6nemi yap\u0131s\u0131 olan Aziz Aberkios Manast\u0131r\u0131 bir\u00e7ok onar\u0131m ge\u00e7irerek g\u00fcn\u00fcm\u00fcze ula\u015ft\u0131. Son olarak Bursa M\u00fczesi M\u00fcd\u00fcrl\u00fc\u011f\u00fcnce ba\u015flat\u0131lan kaz\u0131 \u00e7al\u0131\u015fmalar\u0131 2015 tarihinde tamamland\u0131. Denize 5 metre [&hellip;]<\/p>\n","protected":false},"author":7,"featured_media":61402,"comment_status":"open","ping_status":"open","sticky":false,"template":"","format":"standard","meta":{"footnotes":""},"categories":[1],"tags":[],"class_list":["post-61401","post","type-post","status-publish","format-standard","has-post-thumbnail","hentry","category-haberler"],"yoast_head":"<!-- This site is optimized with the Yoast SEO plugin v27.4 - https:\/\/yoast.com\/product\/yoast-seo-wordpress\/ -->\n<title>Aziz Aberkios ad\u0131na yap\u0131lan kilise turizme a\u00e7\u0131lmay\u0131 bekliyor - Bati Ermenistan Ve Bati Ermenileri Sorunlari Ara\u015ftirmalar Merkezi<\/title>\n<meta name=\"robots\" content=\"index, follow, max-snippet:-1, max-image-preview:large, max-video-preview:-1\" \/>\n<link rel=\"canonical\" href=\"https:\/\/akunq.net\/tr\/?p=61401\" \/>\n<meta property=\"og:locale\" content=\"en_US\" \/>\n<meta property=\"og:type\" content=\"article\" \/>\n<meta property=\"og:title\" content=\"Aziz Aberkios ad\u0131na yap\u0131lan kilise turizme a\u00e7\u0131lmay\u0131 bekliyor - Bati Ermenistan Ve Bati Ermenileri Sorunlari Ara\u015ftirmalar Merkezi\" \/>\n<meta property=\"og:description\" content=\"Bursa\u2019n\u0131n Gemlik il\u00e7esinde 9. y\u00fczy\u0131lda yap\u0131lan Aziz Aberkios Kilisesi turizme a\u00e7\u0131lmay\u0131 bekliyor. Gemlik ile Mudanya il\u00e7eleri aras\u0131nda yer alan Kur\u015funlu Mahallesi\u2019ndeki\u00a0Aziz Hagios Aberkios Kilisesi\u2019nin ge\u00e7mi\u015fi 9. asra dayan\u0131yor. Orta Bizans d\u00f6nemi yap\u0131s\u0131 olan Aziz Aberkios Manast\u0131r\u0131 bir\u00e7ok onar\u0131m ge\u00e7irerek g\u00fcn\u00fcm\u00fcze ula\u015ft\u0131. Son olarak Bursa M\u00fczesi M\u00fcd\u00fcrl\u00fc\u011f\u00fcnce ba\u015flat\u0131lan kaz\u0131 \u00e7al\u0131\u015fmalar\u0131 2015 tarihinde tamamland\u0131. Denize 5 metre [&hellip;]\" \/>\n<meta property=\"og:url\" content=\"https:\/\/akunq.net\/tr\/?p=61401\" \/>\n<meta property=\"og:site_name\" content=\"Bati Ermenistan Ve Bati Ermenileri Sorunlari Ara\u015ftirmalar Merkezi\" \/>\n<meta property=\"article:published_time\" content=\"2021-02-09T07:42:38+00:00\" \/>\n<meta property=\"og:image\" content=\"https:\/\/akunq.net\/tr\/wp-content\/uploads\/sites\/6\/2021\/02\/Aziz-Aberkios-ad\u0131na-yap\u0131lan-kilise.jpg\" \/>\n\t<meta property=\"og:image:width\" content=\"660\" \/>\n\t<meta property=\"og:image:height\" content=\"375\" \/>\n\t<meta property=\"og:image:type\" content=\"image\/jpeg\" \/>\n<meta name=\"author\" content=\"admin\" \/>\n<meta name=\"twitter:card\" content=\"summary_large_image\" \/>\n<meta name=\"twitter:label1\" content=\"Written by\" \/>\n\t<meta name=\"twitter:data1\" content=\"admin\" \/>\n\t<meta name=\"twitter:label2\" content=\"Est. reading time\" \/>\n\t<meta name=\"twitter:data2\" content=\"2 minutes\" \/>\n<script type=\"application\/ld+json\" class=\"yoast-schema-graph\">{\"@context\":\"https:\\\/\\\/schema.org\",\"@graph\":[{\"@type\":\"Article\",\"@id\":\"https:\\\/\\\/akunq.net\\\/tr\\\/?p=61401#article\",\"isPartOf\":{\"@id\":\"https:\\\/\\\/akunq.net\\\/tr\\\/?p=61401\"},\"author\":{\"name\":\"admin\",\"@id\":\"https:\\\/\\\/akunq.net\\\/tr\\\/#\\\/schema\\\/person\\\/096f1d38a12cce57fb855b485ed24c9e\"},\"headline\":\"Aziz Aberkios ad\u0131na yap\u0131lan kilise turizme a\u00e7\u0131lmay\u0131 bekliyor\",\"datePublished\":\"2021-02-09T07:42:38+00:00\",\"mainEntityOfPage\":{\"@id\":\"https:\\\/\\\/akunq.net\\\/tr\\\/?p=61401\"},\"wordCount\":353,\"commentCount\":0,\"image\":{\"@id\":\"https:\\\/\\\/akunq.net\\\/tr\\\/?p=61401#primaryimage\"},\"thumbnailUrl\":\"https:\\\/\\\/akunq.net\\\/tr\\\/wp-content\\\/uploads\\\/sites\\\/6\\\/2021\\\/02\\\/Aziz-Aberkios-ad\u0131na-yap\u0131lan-kilise.jpg\",\"articleSection\":[\"Haberler\"],\"inLanguage\":\"en-US\",\"potentialAction\":[{\"@type\":\"CommentAction\",\"name\":\"Comment\",\"target\":[\"https:\\\/\\\/akunq.net\\\/tr\\\/?p=61401#respond\"]}]},{\"@type\":\"WebPage\",\"@id\":\"https:\\\/\\\/akunq.net\\\/tr\\\/?p=61401\",\"url\":\"https:\\\/\\\/akunq.net\\\/tr\\\/?p=61401\",\"name\":\"Aziz Aberkios ad\u0131na yap\u0131lan kilise turizme a\u00e7\u0131lmay\u0131 bekliyor - Bati Ermenistan Ve Bati Ermenileri Sorunlari Ara\u015ftirmalar Merkezi\",\"isPartOf\":{\"@id\":\"https:\\\/\\\/akunq.net\\\/tr\\\/#website\"},\"primaryImageOfPage\":{\"@id\":\"https:\\\/\\\/akunq.net\\\/tr\\\/?p=61401#primaryimage\"},\"image\":{\"@id\":\"https:\\\/\\\/akunq.net\\\/tr\\\/?p=61401#primaryimage\"},\"thumbnailUrl\":\"https:\\\/\\\/akunq.net\\\/tr\\\/wp-content\\\/uploads\\\/sites\\\/6\\\/2021\\\/02\\\/Aziz-Aberkios-ad\u0131na-yap\u0131lan-kilise.jpg\",\"datePublished\":\"2021-02-09T07:42:38+00:00\",\"author\":{\"@id\":\"https:\\\/\\\/akunq.net\\\/tr\\\/#\\\/schema\\\/person\\\/096f1d38a12cce57fb855b485ed24c9e\"},\"breadcrumb\":{\"@id\":\"https:\\\/\\\/akunq.net\\\/tr\\\/?p=61401#breadcrumb\"},\"inLanguage\":\"en-US\",\"potentialAction\":[{\"@type\":\"ReadAction\",\"target\":[\"https:\\\/\\\/akunq.net\\\/tr\\\/?p=61401\"]}]},{\"@type\":\"ImageObject\",\"inLanguage\":\"en-US\",\"@id\":\"https:\\\/\\\/akunq.net\\\/tr\\\/?p=61401#primaryimage\",\"url\":\"https:\\\/\\\/akunq.net\\\/tr\\\/wp-content\\\/uploads\\\/sites\\\/6\\\/2021\\\/02\\\/Aziz-Aberkios-ad\u0131na-yap\u0131lan-kilise.jpg\",\"contentUrl\":\"https:\\\/\\\/akunq.net\\\/tr\\\/wp-content\\\/uploads\\\/sites\\\/6\\\/2021\\\/02\\\/Aziz-Aberkios-ad\u0131na-yap\u0131lan-kilise.jpg\",\"width\":660,\"height\":375},{\"@type\":\"BreadcrumbList\",\"@id\":\"https:\\\/\\\/akunq.net\\\/tr\\\/?p=61401#breadcrumb\",\"itemListElement\":[{\"@type\":\"ListItem\",\"position\":1,\"name\":\"Home\",\"item\":\"https:\\\/\\\/akunq.net\\\/tr\"},{\"@type\":\"ListItem\",\"position\":2,\"name\":\"Aziz Aberkios ad\u0131na yap\u0131lan kilise turizme a\u00e7\u0131lmay\u0131 bekliyor\"}]},{\"@type\":\"WebSite\",\"@id\":\"https:\\\/\\\/akunq.net\\\/tr\\\/#website\",\"url\":\"https:\\\/\\\/akunq.net\\\/tr\\\/\",\"name\":\"Bati Ermenistan Ve Bati Ermenileri Sorunlari Ara\u015ftirmalar Merkezi\",\"description\":\"\",\"potentialAction\":[{\"@type\":\"SearchAction\",\"target\":{\"@type\":\"EntryPoint\",\"urlTemplate\":\"https:\\\/\\\/akunq.net\\\/tr\\\/?s={search_term_string}\"},\"query-input\":{\"@type\":\"PropertyValueSpecification\",\"valueRequired\":true,\"valueName\":\"search_term_string\"}}],\"inLanguage\":\"en-US\"},{\"@type\":\"Person\",\"@id\":\"https:\\\/\\\/akunq.net\\\/tr\\\/#\\\/schema\\\/person\\\/096f1d38a12cce57fb855b485ed24c9e\",\"name\":\"admin\",\"url\":\"https:\\\/\\\/akunq.net\\\/tr\\\/?author=7\"}]}<\/script>\n<!-- \/ Yoast SEO plugin. -->","yoast_head_json":{"title":"Aziz Aberkios ad\u0131na yap\u0131lan kilise turizme a\u00e7\u0131lmay\u0131 bekliyor - Bati Ermenistan Ve Bati Ermenileri Sorunlari Ara\u015ftirmalar Merkezi","robots":{"index":"index","follow":"follow","max-snippet":"max-snippet:-1","max-image-preview":"max-image-preview:large","max-video-preview":"max-video-preview:-1"},"canonical":"https:\/\/akunq.net\/tr\/?p=61401","og_locale":"en_US","og_type":"article","og_title":"Aziz Aberkios ad\u0131na yap\u0131lan kilise turizme a\u00e7\u0131lmay\u0131 bekliyor - Bati Ermenistan Ve Bati Ermenileri Sorunlari Ara\u015ftirmalar Merkezi","og_description":"Bursa\u2019n\u0131n Gemlik il\u00e7esinde 9. y\u00fczy\u0131lda yap\u0131lan Aziz Aberkios Kilisesi turizme a\u00e7\u0131lmay\u0131 bekliyor. Gemlik ile Mudanya il\u00e7eleri aras\u0131nda yer alan Kur\u015funlu Mahallesi\u2019ndeki\u00a0Aziz Hagios Aberkios Kilisesi\u2019nin ge\u00e7mi\u015fi 9. asra dayan\u0131yor. Orta Bizans d\u00f6nemi yap\u0131s\u0131 olan Aziz Aberkios Manast\u0131r\u0131 bir\u00e7ok onar\u0131m ge\u00e7irerek g\u00fcn\u00fcm\u00fcze ula\u015ft\u0131. Son olarak Bursa M\u00fczesi M\u00fcd\u00fcrl\u00fc\u011f\u00fcnce ba\u015flat\u0131lan kaz\u0131 \u00e7al\u0131\u015fmalar\u0131 2015 tarihinde tamamland\u0131. Denize 5 metre [&hellip;]","og_url":"https:\/\/akunq.net\/tr\/?p=61401","og_site_name":"Bati Ermenistan Ve Bati Ermenileri Sorunlari Ara\u015ftirmalar Merkezi","article_published_time":"2021-02-09T07:42:38+00:00","og_image":[{"width":660,"height":375,"url":"https:\/\/akunq.net\/tr\/wp-content\/uploads\/sites\/6\/2021\/02\/Aziz-Aberkios-ad\u0131na-yap\u0131lan-kilise.jpg","type":"image\/jpeg"}],"author":"admin","twitter_card":"summary_large_image","twitter_misc":{"Written by":"admin","Est. reading time":"2 minutes"},"schema":{"@context":"https:\/\/schema.org","@graph":[{"@type":"Article","@id":"https:\/\/akunq.net\/tr\/?p=61401#article","isPartOf":{"@id":"https:\/\/akunq.net\/tr\/?p=61401"},"author":{"name":"admin","@id":"https:\/\/akunq.net\/tr\/#\/schema\/person\/096f1d38a12cce57fb855b485ed24c9e"},"headline":"Aziz Aberkios ad\u0131na yap\u0131lan kilise turizme a\u00e7\u0131lmay\u0131 bekliyor","datePublished":"2021-02-09T07:42:38+00:00","mainEntityOfPage":{"@id":"https:\/\/akunq.net\/tr\/?p=61401"},"wordCount":353,"commentCount":0,"image":{"@id":"https:\/\/akunq.net\/tr\/?p=61401#primaryimage"},"thumbnailUrl":"https:\/\/akunq.net\/tr\/wp-content\/uploads\/sites\/6\/2021\/02\/Aziz-Aberkios-ad\u0131na-yap\u0131lan-kilise.jpg","articleSection":["Haberler"],"inLanguage":"en-US","potentialAction":[{"@type":"CommentAction","name":"Comment","target":["https:\/\/akunq.net\/tr\/?p=61401#respond"]}]},{"@type":"WebPage","@id":"https:\/\/akunq.net\/tr\/?p=61401","url":"https:\/\/akunq.net\/tr\/?p=61401","name":"Aziz Aberkios ad\u0131na yap\u0131lan kilise turizme a\u00e7\u0131lmay\u0131 bekliyor - Bati Ermenistan Ve Bati Ermenileri Sorunlari Ara\u015ftirmalar Merkezi","isPartOf":{"@id":"https:\/\/akunq.net\/tr\/#website"},"primaryImageOfPage":{"@id":"https:\/\/akunq.net\/tr\/?p=61401#primaryimage"},"image":{"@id":"https:\/\/akunq.net\/tr\/?p=61401#primaryimage"},"thumbnailUrl":"https:\/\/akunq.net\/tr\/wp-content\/uploads\/sites\/6\/2021\/02\/Aziz-Aberkios-ad\u0131na-yap\u0131lan-kilise.jpg","datePublished":"2021-02-09T07:42:38+00:00","author":{"@id":"https:\/\/akunq.net\/tr\/#\/schema\/person\/096f1d38a12cce57fb855b485ed24c9e"},"breadcrumb":{"@id":"https:\/\/akunq.net\/tr\/?p=61401#breadcrumb"},"inLanguage":"en-US","potentialAction":[{"@type":"ReadAction","target":["https:\/\/akunq.net\/tr\/?p=61401"]}]},{"@type":"ImageObject","inLanguage":"en-US","@id":"https:\/\/akunq.net\/tr\/?p=61401#primaryimage","url":"https:\/\/akunq.net\/tr\/wp-content\/uploads\/sites\/6\/2021\/02\/Aziz-Aberkios-ad\u0131na-yap\u0131lan-kilise.jpg","contentUrl":"https:\/\/akunq.net\/tr\/wp-content\/uploads\/sites\/6\/2021\/02\/Aziz-Aberkios-ad\u0131na-yap\u0131lan-kilise.jpg","width":660,"height":375},{"@type":"BreadcrumbList","@id":"https:\/\/akunq.net\/tr\/?p=61401#breadcrumb","itemListElement":[{"@type":"ListItem","position":1,"name":"Home","item":"https:\/\/akunq.net\/tr"},{"@type":"ListItem","position":2,"name":"Aziz Aberkios ad\u0131na yap\u0131lan kilise turizme a\u00e7\u0131lmay\u0131 bekliyor"}]},{"@type":"WebSite","@id":"https:\/\/akunq.net\/tr\/#website","url":"https:\/\/akunq.net\/tr\/","name":"Bati Ermenistan Ve Bati Ermenileri Sorunlari Ara\u015ftirmalar Merkezi","description":"","potentialAction":[{"@type":"SearchAction","target":{"@type":"EntryPoint","urlTemplate":"https:\/\/akunq.net\/tr\/?s={search_term_string}"},"query-input":{"@type":"PropertyValueSpecification","valueRequired":true,"valueName":"search_term_string"}}],"inLanguage":"en-US"},{"@type":"Person","@id":"https:\/\/akunq.net\/tr\/#\/schema\/person\/096f1d38a12cce57fb855b485ed24c9e","name":"admin","url":"https:\/\/akunq.net\/tr\/?author=7"}]}},"_links":{"self":[{"href":"https:\/\/akunq.net\/tr\/index.php?rest_route=\/wp\/v2\/posts\/61401","targetHints":{"allow":["GET"]}}],"collection":[{"href":"https:\/\/akunq.net\/tr\/index.php?rest_route=\/wp\/v2\/posts"}],"about":[{"href":"https:\/\/akunq.net\/tr\/index.php?rest_route=\/wp\/v2\/types\/post"}],"author":[{"embeddable":true,"href":"https:\/\/akunq.net\/tr\/index.php?rest_route=\/wp\/v2\/users\/7"}],"replies":[{"embeddable":true,"href":"https:\/\/akunq.net\/tr\/index.php?rest_route=%2Fwp%2Fv2%2Fcomments&post=61401"}],"version-history":[{"count":1,"href":"https:\/\/akunq.net\/tr\/index.php?rest_route=\/wp\/v2\/posts\/61401\/revisions"}],"predecessor-version":[{"id":61403,"href":"https:\/\/akunq.net\/tr\/index.php?rest_route=\/wp\/v2\/posts\/61401\/revisions\/61403"}],"wp:featuredmedia":[{"embeddable":true,"href":"https:\/\/akunq.net\/tr\/index.php?rest_route=\/wp\/v2\/media\/61402"}],"wp:attachment":[{"href":"https:\/\/akunq.net\/tr\/index.php?rest_route=%2Fwp%2Fv2%2Fmedia&parent=61401"}],"wp:term":[{"taxonomy":"category","embeddable":true,"href":"https:\/\/akunq.net\/tr\/index.php?rest_route=%2Fwp%2Fv2%2Fcategories&post=61401"},{"taxonomy":"post_tag","embeddable":true,"href":"https:\/\/akunq.net\/tr\/index.php?rest_route=%2Fwp%2Fv2%2Ftags&post=61401"}],"curies":[{"name":"wp","href":"https:\/\/api.w.org\/{rel}","templated":true}]}}