{"id":61398,"date":"2021-02-09T02:36:32","date_gmt":"2021-02-09T07:36:32","guid":{"rendered":"https:\/\/akunq.net\/tr\/?p=61398"},"modified":"2021-02-09T02:36:32","modified_gmt":"2021-02-09T07:36:32","slug":"surda-kazi-sirasinda-bir-cenaze-bulundu","status":"publish","type":"post","link":"https:\/\/akunq.net\/tr\/?p=61398","title":{"rendered":"Sur\u2019da kaz\u0131 s\u0131ras\u0131nda bir cenaze bulundu"},"content":{"rendered":"<p><img loading=\"lazy\" decoding=\"async\" class=\"aligncenter size-medium wp-image-61399\" src=\"https:\/\/akunq.net\/tr\/wp-content\/uploads\/2021\/02\/Sur-360x203.jpg\" alt=\"\" width=\"360\" height=\"203\" srcset=\"https:\/\/akunq.net\/tr\/wp-content\/uploads\/sites\/6\/2021\/02\/Sur-360x203.jpg 360w, https:\/\/akunq.net\/tr\/wp-content\/uploads\/sites\/6\/2021\/02\/Sur-768x432.jpg 768w, https:\/\/akunq.net\/tr\/wp-content\/uploads\/sites\/6\/2021\/02\/Sur-560x315.jpg 560w, https:\/\/akunq.net\/tr\/wp-content\/uploads\/sites\/6\/2021\/02\/Sur-260x146.jpg 260w, https:\/\/akunq.net\/tr\/wp-content\/uploads\/sites\/6\/2021\/02\/Sur-160x90.jpg 160w, https:\/\/akunq.net\/tr\/wp-content\/uploads\/sites\/6\/2021\/02\/Sur.jpg 1280w\" sizes=\"auto, (max-width: 360px) 100vw, 360px\" \/><\/p>\n<p><em><strong>Soka\u011fa \u00e7\u0131kma yasa\u011f\u0131 ilan edilen 2015 y\u0131l\u0131ndan bu yana kay\u0131p cenazelerin oldu\u011fu Sur il\u00e7esinde, yap\u0131lan kaz\u0131 \u00e7al\u0131\u015fmalar\u0131 s\u0131ras\u0131nda bir cenaze bulundu.<\/strong><\/em><\/p>\n<p>DUVAR \u2013 Diyarbak\u0131r\u2019\u0131n Sur il\u00e7esinin Has\u0131rl\u0131 Mahallesi\u2019nde restorasyon \u00e7al\u0131\u015fmalar\u0131n\u0131n devam etti\u011fi 5 \u015eubat\u2019ta bir cenaze bulundu.<\/p>\n<p>Welat Gazetesi\u2019ne konu\u015fan ve ad\u0131n\u0131 vermek istemeyen \u015firket \u00e7al\u0131\u015fan\u0131, Katolik Kilisesi ve Has\u0131rl\u0131 Mescidi aras\u0131nda bulunan alanda yap\u0131lan kaz\u0131 \u00e7al\u0131\u015fmalar\u0131 s\u0131ras\u0131nda beyaz bir beze sar\u0131l\u0131 cenaze bulduklar\u0131n\u0131 s\u00f6yledi. Cenazenin bulunmas\u0131 \u00fczerine olay yerine gelen polislerin kendilerini b\u00f6lgeden uzakla\u015ft\u0131rd\u0131klar\u0131n\u0131 belirten \u015firket \u00e7al\u0131\u015fan\u0131, alan\u0131n \u00e7embere al\u0131narak Adli T\u0131p Kurumu (ATK) ekiplerinin beklendi\u011fini aktard\u0131. \u015eirket \u00e7al\u0131\u015fan\u0131, 2 saatin ard\u0131ndan cenazenin polisler taraf\u0131ndan g\u00f6t\u00fcr\u00fcld\u00fc\u011f\u00fcn\u00fc belirtti.<\/p>\n<p>Cenazenin, Sur il\u00e7esinde 2 Aral\u0131k 2015\u2019te ilan edilen soka\u011fa \u00e7\u0131kma yasa\u011f\u0131 s\u0131ras\u0131nda 106 g\u00fcn s\u00fcren \u00e7at\u0131\u015fmalarda \u00f6lenlerden birinin cenazesi oldu\u011fu tahmin ediliyor.<\/p>\n<p><strong>HAKAN ARSLAN\u2019IN CENAZES\u0130 5 YILDIR KAYIP<\/strong><\/p>\n<p>\u00c7at\u0131\u015fmalar\u0131n devam etti\u011fi 22 Ocak 2016\u2019da ya\u015fam\u0131n\u0131 yitiren ve Has\u0131rl\u0131 Camisi\u2019nin yan\u0131nda defnedildi\u011fi belirtilen Hakan Arslan\u2019\u0131n ailesi, 5 y\u0131ld\u0131r \u00e7ocuklar\u0131n\u0131n cenazesini ar\u0131yor. Cenazesini bulmak i\u00e7in onlarca kez Diyarbak\u0131r\u2019a gelen ailenin Diyarbak\u0131r Cumhuriyet Ba\u015fsavc\u0131l\u0131\u011f\u0131 ve \u0130\u00e7i\u015fleri Bakanl\u0131\u011f\u0131\u2019na yapt\u0131\u011f\u0131 ba\u015fvurular da reddedilmi\u015fti.<\/p>\n<p><em><strong>https:\/\/www.gazeteduvar.com.tr\/surda-kazi-sirasinda-bir-cenaze-bulundu-haber-1512602\u00a0<\/strong><\/em><\/p>\n","protected":false},"excerpt":{"rendered":"<p>Soka\u011fa \u00e7\u0131kma yasa\u011f\u0131 ilan edilen 2015 y\u0131l\u0131ndan bu yana kay\u0131p cenazelerin oldu\u011fu Sur il\u00e7esinde, yap\u0131lan kaz\u0131 \u00e7al\u0131\u015fmalar\u0131 s\u0131ras\u0131nda bir cenaze bulundu. DUVAR \u2013 Diyarbak\u0131r\u2019\u0131n Sur il\u00e7esinin Has\u0131rl\u0131 Mahallesi\u2019nde restorasyon \u00e7al\u0131\u015fmalar\u0131n\u0131n devam etti\u011fi 5 \u015eubat\u2019ta bir cenaze bulundu. Welat Gazetesi\u2019ne konu\u015fan ve ad\u0131n\u0131 vermek istemeyen \u015firket \u00e7al\u0131\u015fan\u0131, Katolik Kilisesi ve Has\u0131rl\u0131 Mescidi aras\u0131nda bulunan alanda yap\u0131lan [&hellip;]<\/p>\n","protected":false},"author":7,"featured_media":61399,"comment_status":"open","ping_status":"open","sticky":false,"template":"","format":"standard","meta":{"footnotes":""},"categories":[1],"tags":[],"class_list":["post-61398","post","type-post","status-publish","format-standard","has-post-thumbnail","hentry","category-haberler"],"yoast_head":"<!-- This site is optimized with the Yoast SEO plugin v27.4 - https:\/\/yoast.com\/product\/yoast-seo-wordpress\/ -->\n<title>Sur\u2019da kaz\u0131 s\u0131ras\u0131nda bir cenaze bulundu - Bati Ermenistan Ve Bati Ermenileri Sorunlari Ara\u015ftirmalar Merkezi<\/title>\n<meta name=\"robots\" content=\"index, follow, max-snippet:-1, max-image-preview:large, max-video-preview:-1\" \/>\n<link rel=\"canonical\" href=\"https:\/\/akunq.net\/tr\/?p=61398\" \/>\n<meta property=\"og:locale\" content=\"en_US\" \/>\n<meta property=\"og:type\" content=\"article\" \/>\n<meta property=\"og:title\" content=\"Sur\u2019da kaz\u0131 s\u0131ras\u0131nda bir cenaze bulundu - Bati Ermenistan Ve Bati Ermenileri Sorunlari Ara\u015ftirmalar Merkezi\" \/>\n<meta property=\"og:description\" content=\"Soka\u011fa \u00e7\u0131kma yasa\u011f\u0131 ilan edilen 2015 y\u0131l\u0131ndan bu yana kay\u0131p cenazelerin oldu\u011fu Sur il\u00e7esinde, yap\u0131lan kaz\u0131 \u00e7al\u0131\u015fmalar\u0131 s\u0131ras\u0131nda bir cenaze bulundu. DUVAR \u2013 Diyarbak\u0131r\u2019\u0131n Sur il\u00e7esinin Has\u0131rl\u0131 Mahallesi\u2019nde restorasyon \u00e7al\u0131\u015fmalar\u0131n\u0131n devam etti\u011fi 5 \u015eubat\u2019ta bir cenaze bulundu. Welat Gazetesi\u2019ne konu\u015fan ve ad\u0131n\u0131 vermek istemeyen \u015firket \u00e7al\u0131\u015fan\u0131, Katolik Kilisesi ve Has\u0131rl\u0131 Mescidi aras\u0131nda bulunan alanda yap\u0131lan [&hellip;]\" \/>\n<meta property=\"og:url\" content=\"https:\/\/akunq.net\/tr\/?p=61398\" \/>\n<meta property=\"og:site_name\" content=\"Bati Ermenistan Ve Bati Ermenileri Sorunlari Ara\u015ftirmalar Merkezi\" \/>\n<meta property=\"article:published_time\" content=\"2021-02-09T07:36:32+00:00\" \/>\n<meta property=\"og:image\" content=\"https:\/\/akunq.net\/tr\/wp-content\/uploads\/sites\/6\/2021\/02\/Sur.jpg\" \/>\n\t<meta property=\"og:image:width\" content=\"1280\" \/>\n\t<meta property=\"og:image:height\" content=\"720\" \/>\n\t<meta property=\"og:image:type\" content=\"image\/jpeg\" \/>\n<meta name=\"author\" content=\"admin\" \/>\n<meta name=\"twitter:card\" content=\"summary_large_image\" \/>\n<meta name=\"twitter:label1\" content=\"Written by\" \/>\n\t<meta name=\"twitter:data1\" content=\"admin\" \/>\n\t<meta name=\"twitter:label2\" content=\"Est. reading time\" \/>\n\t<meta name=\"twitter:data2\" content=\"1 minute\" \/>\n<script type=\"application\/ld+json\" class=\"yoast-schema-graph\">{\"@context\":\"https:\\\/\\\/schema.org\",\"@graph\":[{\"@type\":\"Article\",\"@id\":\"https:\\\/\\\/akunq.net\\\/tr\\\/?p=61398#article\",\"isPartOf\":{\"@id\":\"https:\\\/\\\/akunq.net\\\/tr\\\/?p=61398\"},\"author\":{\"name\":\"admin\",\"@id\":\"https:\\\/\\\/akunq.net\\\/tr\\\/#\\\/schema\\\/person\\\/096f1d38a12cce57fb855b485ed24c9e\"},\"headline\":\"Sur\u2019da kaz\u0131 s\u0131ras\u0131nda bir cenaze bulundu\",\"datePublished\":\"2021-02-09T07:36:32+00:00\",\"mainEntityOfPage\":{\"@id\":\"https:\\\/\\\/akunq.net\\\/tr\\\/?p=61398\"},\"wordCount\":257,\"commentCount\":0,\"image\":{\"@id\":\"https:\\\/\\\/akunq.net\\\/tr\\\/?p=61398#primaryimage\"},\"thumbnailUrl\":\"https:\\\/\\\/akunq.net\\\/tr\\\/wp-content\\\/uploads\\\/sites\\\/6\\\/2021\\\/02\\\/Sur.jpg\",\"articleSection\":[\"Haberler\"],\"inLanguage\":\"en-US\",\"potentialAction\":[{\"@type\":\"CommentAction\",\"name\":\"Comment\",\"target\":[\"https:\\\/\\\/akunq.net\\\/tr\\\/?p=61398#respond\"]}]},{\"@type\":\"WebPage\",\"@id\":\"https:\\\/\\\/akunq.net\\\/tr\\\/?p=61398\",\"url\":\"https:\\\/\\\/akunq.net\\\/tr\\\/?p=61398\",\"name\":\"Sur\u2019da kaz\u0131 s\u0131ras\u0131nda bir cenaze bulundu - Bati Ermenistan Ve Bati Ermenileri Sorunlari Ara\u015ftirmalar Merkezi\",\"isPartOf\":{\"@id\":\"https:\\\/\\\/akunq.net\\\/tr\\\/#website\"},\"primaryImageOfPage\":{\"@id\":\"https:\\\/\\\/akunq.net\\\/tr\\\/?p=61398#primaryimage\"},\"image\":{\"@id\":\"https:\\\/\\\/akunq.net\\\/tr\\\/?p=61398#primaryimage\"},\"thumbnailUrl\":\"https:\\\/\\\/akunq.net\\\/tr\\\/wp-content\\\/uploads\\\/sites\\\/6\\\/2021\\\/02\\\/Sur.jpg\",\"datePublished\":\"2021-02-09T07:36:32+00:00\",\"author\":{\"@id\":\"https:\\\/\\\/akunq.net\\\/tr\\\/#\\\/schema\\\/person\\\/096f1d38a12cce57fb855b485ed24c9e\"},\"breadcrumb\":{\"@id\":\"https:\\\/\\\/akunq.net\\\/tr\\\/?p=61398#breadcrumb\"},\"inLanguage\":\"en-US\",\"potentialAction\":[{\"@type\":\"ReadAction\",\"target\":[\"https:\\\/\\\/akunq.net\\\/tr\\\/?p=61398\"]}]},{\"@type\":\"ImageObject\",\"inLanguage\":\"en-US\",\"@id\":\"https:\\\/\\\/akunq.net\\\/tr\\\/?p=61398#primaryimage\",\"url\":\"https:\\\/\\\/akunq.net\\\/tr\\\/wp-content\\\/uploads\\\/sites\\\/6\\\/2021\\\/02\\\/Sur.jpg\",\"contentUrl\":\"https:\\\/\\\/akunq.net\\\/tr\\\/wp-content\\\/uploads\\\/sites\\\/6\\\/2021\\\/02\\\/Sur.jpg\",\"width\":1280,\"height\":720},{\"@type\":\"BreadcrumbList\",\"@id\":\"https:\\\/\\\/akunq.net\\\/tr\\\/?p=61398#breadcrumb\",\"itemListElement\":[{\"@type\":\"ListItem\",\"position\":1,\"name\":\"Home\",\"item\":\"https:\\\/\\\/akunq.net\\\/tr\"},{\"@type\":\"ListItem\",\"position\":2,\"name\":\"Sur\u2019da kaz\u0131 s\u0131ras\u0131nda bir cenaze bulundu\"}]},{\"@type\":\"WebSite\",\"@id\":\"https:\\\/\\\/akunq.net\\\/tr\\\/#website\",\"url\":\"https:\\\/\\\/akunq.net\\\/tr\\\/\",\"name\":\"Bati Ermenistan Ve Bati Ermenileri Sorunlari Ara\u015ftirmalar Merkezi\",\"description\":\"\",\"potentialAction\":[{\"@type\":\"SearchAction\",\"target\":{\"@type\":\"EntryPoint\",\"urlTemplate\":\"https:\\\/\\\/akunq.net\\\/tr\\\/?s={search_term_string}\"},\"query-input\":{\"@type\":\"PropertyValueSpecification\",\"valueRequired\":true,\"valueName\":\"search_term_string\"}}],\"inLanguage\":\"en-US\"},{\"@type\":\"Person\",\"@id\":\"https:\\\/\\\/akunq.net\\\/tr\\\/#\\\/schema\\\/person\\\/096f1d38a12cce57fb855b485ed24c9e\",\"name\":\"admin\",\"url\":\"https:\\\/\\\/akunq.net\\\/tr\\\/?author=7\"}]}<\/script>\n<!-- \/ Yoast SEO plugin. -->","yoast_head_json":{"title":"Sur\u2019da kaz\u0131 s\u0131ras\u0131nda bir cenaze bulundu - Bati Ermenistan Ve Bati Ermenileri Sorunlari Ara\u015ftirmalar Merkezi","robots":{"index":"index","follow":"follow","max-snippet":"max-snippet:-1","max-image-preview":"max-image-preview:large","max-video-preview":"max-video-preview:-1"},"canonical":"https:\/\/akunq.net\/tr\/?p=61398","og_locale":"en_US","og_type":"article","og_title":"Sur\u2019da kaz\u0131 s\u0131ras\u0131nda bir cenaze bulundu - Bati Ermenistan Ve Bati Ermenileri Sorunlari Ara\u015ftirmalar Merkezi","og_description":"Soka\u011fa \u00e7\u0131kma yasa\u011f\u0131 ilan edilen 2015 y\u0131l\u0131ndan bu yana kay\u0131p cenazelerin oldu\u011fu Sur il\u00e7esinde, yap\u0131lan kaz\u0131 \u00e7al\u0131\u015fmalar\u0131 s\u0131ras\u0131nda bir cenaze bulundu. DUVAR \u2013 Diyarbak\u0131r\u2019\u0131n Sur il\u00e7esinin Has\u0131rl\u0131 Mahallesi\u2019nde restorasyon \u00e7al\u0131\u015fmalar\u0131n\u0131n devam etti\u011fi 5 \u015eubat\u2019ta bir cenaze bulundu. Welat Gazetesi\u2019ne konu\u015fan ve ad\u0131n\u0131 vermek istemeyen \u015firket \u00e7al\u0131\u015fan\u0131, Katolik Kilisesi ve Has\u0131rl\u0131 Mescidi aras\u0131nda bulunan alanda yap\u0131lan [&hellip;]","og_url":"https:\/\/akunq.net\/tr\/?p=61398","og_site_name":"Bati Ermenistan Ve Bati Ermenileri Sorunlari Ara\u015ftirmalar Merkezi","article_published_time":"2021-02-09T07:36:32+00:00","og_image":[{"width":1280,"height":720,"url":"https:\/\/akunq.net\/tr\/wp-content\/uploads\/sites\/6\/2021\/02\/Sur.jpg","type":"image\/jpeg"}],"author":"admin","twitter_card":"summary_large_image","twitter_misc":{"Written by":"admin","Est. reading time":"1 minute"},"schema":{"@context":"https:\/\/schema.org","@graph":[{"@type":"Article","@id":"https:\/\/akunq.net\/tr\/?p=61398#article","isPartOf":{"@id":"https:\/\/akunq.net\/tr\/?p=61398"},"author":{"name":"admin","@id":"https:\/\/akunq.net\/tr\/#\/schema\/person\/096f1d38a12cce57fb855b485ed24c9e"},"headline":"Sur\u2019da kaz\u0131 s\u0131ras\u0131nda bir cenaze bulundu","datePublished":"2021-02-09T07:36:32+00:00","mainEntityOfPage":{"@id":"https:\/\/akunq.net\/tr\/?p=61398"},"wordCount":257,"commentCount":0,"image":{"@id":"https:\/\/akunq.net\/tr\/?p=61398#primaryimage"},"thumbnailUrl":"https:\/\/akunq.net\/tr\/wp-content\/uploads\/sites\/6\/2021\/02\/Sur.jpg","articleSection":["Haberler"],"inLanguage":"en-US","potentialAction":[{"@type":"CommentAction","name":"Comment","target":["https:\/\/akunq.net\/tr\/?p=61398#respond"]}]},{"@type":"WebPage","@id":"https:\/\/akunq.net\/tr\/?p=61398","url":"https:\/\/akunq.net\/tr\/?p=61398","name":"Sur\u2019da kaz\u0131 s\u0131ras\u0131nda bir cenaze bulundu - Bati Ermenistan Ve Bati Ermenileri Sorunlari Ara\u015ftirmalar Merkezi","isPartOf":{"@id":"https:\/\/akunq.net\/tr\/#website"},"primaryImageOfPage":{"@id":"https:\/\/akunq.net\/tr\/?p=61398#primaryimage"},"image":{"@id":"https:\/\/akunq.net\/tr\/?p=61398#primaryimage"},"thumbnailUrl":"https:\/\/akunq.net\/tr\/wp-content\/uploads\/sites\/6\/2021\/02\/Sur.jpg","datePublished":"2021-02-09T07:36:32+00:00","author":{"@id":"https:\/\/akunq.net\/tr\/#\/schema\/person\/096f1d38a12cce57fb855b485ed24c9e"},"breadcrumb":{"@id":"https:\/\/akunq.net\/tr\/?p=61398#breadcrumb"},"inLanguage":"en-US","potentialAction":[{"@type":"ReadAction","target":["https:\/\/akunq.net\/tr\/?p=61398"]}]},{"@type":"ImageObject","inLanguage":"en-US","@id":"https:\/\/akunq.net\/tr\/?p=61398#primaryimage","url":"https:\/\/akunq.net\/tr\/wp-content\/uploads\/sites\/6\/2021\/02\/Sur.jpg","contentUrl":"https:\/\/akunq.net\/tr\/wp-content\/uploads\/sites\/6\/2021\/02\/Sur.jpg","width":1280,"height":720},{"@type":"BreadcrumbList","@id":"https:\/\/akunq.net\/tr\/?p=61398#breadcrumb","itemListElement":[{"@type":"ListItem","position":1,"name":"Home","item":"https:\/\/akunq.net\/tr"},{"@type":"ListItem","position":2,"name":"Sur\u2019da kaz\u0131 s\u0131ras\u0131nda bir cenaze bulundu"}]},{"@type":"WebSite","@id":"https:\/\/akunq.net\/tr\/#website","url":"https:\/\/akunq.net\/tr\/","name":"Bati Ermenistan Ve Bati Ermenileri Sorunlari Ara\u015ftirmalar Merkezi","description":"","potentialAction":[{"@type":"SearchAction","target":{"@type":"EntryPoint","urlTemplate":"https:\/\/akunq.net\/tr\/?s={search_term_string}"},"query-input":{"@type":"PropertyValueSpecification","valueRequired":true,"valueName":"search_term_string"}}],"inLanguage":"en-US"},{"@type":"Person","@id":"https:\/\/akunq.net\/tr\/#\/schema\/person\/096f1d38a12cce57fb855b485ed24c9e","name":"admin","url":"https:\/\/akunq.net\/tr\/?author=7"}]}},"_links":{"self":[{"href":"https:\/\/akunq.net\/tr\/index.php?rest_route=\/wp\/v2\/posts\/61398","targetHints":{"allow":["GET"]}}],"collection":[{"href":"https:\/\/akunq.net\/tr\/index.php?rest_route=\/wp\/v2\/posts"}],"about":[{"href":"https:\/\/akunq.net\/tr\/index.php?rest_route=\/wp\/v2\/types\/post"}],"author":[{"embeddable":true,"href":"https:\/\/akunq.net\/tr\/index.php?rest_route=\/wp\/v2\/users\/7"}],"replies":[{"embeddable":true,"href":"https:\/\/akunq.net\/tr\/index.php?rest_route=%2Fwp%2Fv2%2Fcomments&post=61398"}],"version-history":[{"count":1,"href":"https:\/\/akunq.net\/tr\/index.php?rest_route=\/wp\/v2\/posts\/61398\/revisions"}],"predecessor-version":[{"id":61400,"href":"https:\/\/akunq.net\/tr\/index.php?rest_route=\/wp\/v2\/posts\/61398\/revisions\/61400"}],"wp:featuredmedia":[{"embeddable":true,"href":"https:\/\/akunq.net\/tr\/index.php?rest_route=\/wp\/v2\/media\/61399"}],"wp:attachment":[{"href":"https:\/\/akunq.net\/tr\/index.php?rest_route=%2Fwp%2Fv2%2Fmedia&parent=61398"}],"wp:term":[{"taxonomy":"category","embeddable":true,"href":"https:\/\/akunq.net\/tr\/index.php?rest_route=%2Fwp%2Fv2%2Fcategories&post=61398"},{"taxonomy":"post_tag","embeddable":true,"href":"https:\/\/akunq.net\/tr\/index.php?rest_route=%2Fwp%2Fv2%2Ftags&post=61398"}],"curies":[{"name":"wp","href":"https:\/\/api.w.org\/{rel}","templated":true}]}}