{"id":61395,"date":"2021-02-09T02:23:22","date_gmt":"2021-02-09T07:23:22","guid":{"rendered":"https:\/\/akunq.net\/tr\/?p=61395"},"modified":"2021-02-09T02:23:22","modified_gmt":"2021-02-09T07:23:22","slug":"turkiyenin-bati-ermenistanin-akunq-web-sitesi-catisina-resmi-tirmanislar-basladi","status":"publish","type":"post","link":"https:\/\/akunq.net\/tr\/?p=61395","title":{"rendered":"T\u00fcrkiye\u2019nin (Bat\u0131 Ermenistan\u2019\u0131n-\u2018Akunq\u2019 web sitesi) \u00e7at\u0131s\u0131na \u2018resmi\u2019 t\u0131rman\u0131\u015flar ba\u015flad\u0131"},"content":{"rendered":"<p><img loading=\"lazy\" decoding=\"async\" class=\"aligncenter size-medium wp-image-61396\" src=\"https:\/\/akunq.net\/tr\/wp-content\/uploads\/2021\/02\/Ararat-360x202.png\" alt=\"\" width=\"360\" height=\"202\" srcset=\"https:\/\/akunq.net\/tr\/wp-content\/uploads\/sites\/6\/2021\/02\/Ararat-360x202.png 360w, https:\/\/akunq.net\/tr\/wp-content\/uploads\/sites\/6\/2021\/02\/Ararat-768x431.png 768w, https:\/\/akunq.net\/tr\/wp-content\/uploads\/sites\/6\/2021\/02\/Ararat-560x315.png 560w, https:\/\/akunq.net\/tr\/wp-content\/uploads\/sites\/6\/2021\/02\/Ararat-260x146.png 260w, https:\/\/akunq.net\/tr\/wp-content\/uploads\/sites\/6\/2021\/02\/Ararat-160x90.png 160w, https:\/\/akunq.net\/tr\/wp-content\/uploads\/sites\/6\/2021\/02\/Ararat.png 849w\" sizes=\"auto, (max-width: 360px) 100vw, 360px\" \/><\/p>\n<p><em><strong>Sadece T\u00fcrkiye\u2019de <\/strong><\/em><em><strong>(Bat\u0131 Ermenistan\u2019da-\u2018Akunq\u2019 web sitesi)<\/strong> <\/em><em><strong>de\u011fil, t\u00fcm d\u00fcnyada da\u011fc\u0131lar\u0131n zirve yapmak istedi\u011fi, 5 bin 137 metrelik rak\u0131m\u0131yla yurdun en y\u00fcksek noktas\u0131 olan A\u011fr\u0131 Da\u011f\u0131 (Ararat-&#8216;Akunq&#8217; web sitesi), alt\u0131 y\u0131l\u0131n ard\u0131ndan yeniden ve resmen t\u0131rman\u0131\u015fa a\u00e7\u0131ld\u0131. Nuh\u2019un Gemisi\u2019ne ev sahipli\u011fi yapt\u0131\u011f\u0131 iddialar\u0131yla efsanevi \u00f6zelli\u011fi olan bu kadim da\u011f, ziyaret\u00e7ilerini bekliyor. Her ne kadar \u015fiddetli f\u0131rt\u0131na nedeniyle ilk ekip zirveyi g\u00f6remese de\u2026<\/strong><\/em><\/p>\n<p><strong>Serpil Kurtay<\/strong><\/p>\n<p><strong>DUVAR \u2013<\/strong>\u00a0Alt\u0131 y\u0131ld\u0131r resmi olarak t\u0131rman\u0131\u015flara izin verilmeyen A\u011fr\u0131 Da\u011f\u0131, \u201cha a\u00e7\u0131ld\u0131 ha a\u00e7\u0131lacak\u201d derken nihayet sporcular\u0131 a\u011f\u0131rlamaya ba\u015flad\u0131. A\u011fr\u0131 Da\u011f\u0131\u2019na ilk resmi t\u0131rman\u0131\u015f T\u00fcrkiye Da\u011fc\u0131l\u0131k Federasyonu antren\u00f6rlerinin kat\u0131l\u0131m\u0131 ile ger\u00e7ekle\u015ftirildi.<\/p>\n<figure class=\"wp-block-image\"><img decoding=\"async\" src=\"https:\/\/i1.wp.com\/i.gazeteduvar.com.tr\/storage\/files\/images\/2021\/02\/07\/2-agri-aa-7YQc.jpg?ssl=1\" alt=\"\" data-recalc-dims=\"1\" \/><figcaption>.<\/figcaption><\/figure>\n<h2>\u0130LK RESM\u0130 Z\u0130RVE YAPILAMADI<\/h2>\n<p>Ancak 4 \u015eubat\u2019ta t\u00f6renlerle kamplar\u0131ndan u\u011furlanan sporcular, \u015fiddetli r\u00fczg\u00e2r nedeniyle 5137 metredeki zirveye ula\u015famad\u0131 ve pazar g\u00fcn\u00fc 4 bin 800 metreden d\u00f6n\u00fc\u015f yapmak zorunda kald\u0131.<\/p>\n<p>Bug\u00fcnden itibaren A\u011fr\u0131 Da\u011f\u0131, t\u00fcm da\u011fc\u0131lara kap\u0131lar\u0131n\u0131 tekrar a\u00e7t\u0131. Ayn\u0131 zamanda A\u011fr\u0131 Da\u011f\u0131\u2019nda bilim insanlar\u0131n\u0131n incelemeler yapmas\u0131na ve do\u011fa severlerin y\u00fcr\u00fcy\u00fc\u015fler d\u00fczenlemesine de izin verilecek.<\/p>\n<figure class=\"wp-block-image\"><img decoding=\"async\" src=\"https:\/\/i2.wp.com\/i.gazeteduvar.com.tr\/storage\/files\/images\/2021\/02\/07\/3-serdar-bulagi-cO7m.jpg?ssl=1\" alt=\"\" data-recalc-dims=\"1\" \/><figcaption>1890\u2019ler A\u011fr\u0131 B\u00f6lgesi, Serdar Bula\u011f\u0131 K\u00fcrtleri. Serdar Bula\u011f\u0131 Platosu ise 2600 metrede bulunuyor (bitlisname.com sitesinden al\u0131nm\u0131\u015ft\u0131r)\u2026<\/figcaption><\/figure>\n<h2>T\u00dcRK\u0130YE\u2019N\u0130N (<strong>ERMEN\u0130 PLATOSU\u2019NUN-&#8216;Akunq&#8217; web sitesi<\/strong>) EN Y\u00dcKSEK NOKTASI<\/h2>\n<p>\u201cT\u00fcrkiye\u2019nin \u00e7at\u0131s\u0131\u201d olarak adland\u0131r\u0131lan ve 5 bin 137 metrelik rak\u0131m\u0131yla \u00fclkenin en y\u00fcksek noktas\u0131 olan A\u011fr\u0131 Da\u011f\u0131, 2015 y\u0131l\u0131ndan bu yana resmi olarak t\u0131rman\u0131\u015fa kapal\u0131yd\u0131. Do\u011fu Anadolu Volkan dizisi \u00fczerinde y\u00fckselen bu da\u011f, s\u00f6nm\u00fc\u015f bir volkan. T\u00fcrkiye, \u0130ran ve Ermenistan s\u0131n\u0131r kav\u015fa\u011f\u0131nda; I\u011fd\u0131r Ovas\u0131 ile Do\u011fubayaz\u0131t Ovas\u0131 aras\u0131nda yer al\u0131yor. Bir de k\u00fc\u00e7\u00fck A\u011fr\u0131 Da\u011f\u0131 var. Yine volkan da\u011f\u0131 olan 3 bin 896 metre y\u00fcksekli\u011findeki K\u00fc\u00e7\u00fck A\u011fr\u0131 ile \u201cB\u00fcy\u00fck\u201d A\u011fr\u0131 aras\u0131nda Serdar Bula\u011f\u0131 isimli lav platosu yer al\u0131yor.<\/p>\n<figure class=\"wp-block-image\"><img decoding=\"async\" src=\"https:\/\/i1.wp.com\/i.gazeteduvar.com.tr\/storage\/files\/images\/2021\/02\/07\/4-agri-aa1-Ylye.jpg?ssl=1\" alt=\"\" data-recalc-dims=\"1\" \/><figcaption>.<\/figcaption><\/figure>\n<h2>TIRMANI\u015e ROTALARI<\/h2>\n<p>Sadece T\u00fcrkiye\u2019den de\u011fil, t\u00fcm d\u00fcnyadan t\u0131rman\u0131c\u0131lar\u0131n ilgisini \u00e7eken A\u011fr\u0131 Da\u011f\u0131 i\u00e7in en iyi t\u0131rman\u0131\u015f mevsimi olarak temmuz, a\u011fustos ve eyl\u00fcl aylar\u0131 g\u00f6steriliyor. K\u0131\u015f t\u0131rman\u0131\u015f\u0131 i\u00e7in ise \u015fubat ay\u0131 \u00f6neriliyor.<\/p>\n<p>Da\u011f ve t\u0131rman\u0131\u015f rehberi Y\u0131ld\u0131r\u0131m Se\u00e7men, A\u011fr\u0131 Da\u011f\u0131\u2019na \u00fc\u00e7 rotayla \u00e7\u0131k\u0131labildi\u011fini belirterek, birincisinin Eli ve \u00c7evirme k\u00f6ylerinden ba\u015flad\u0131\u011f\u0131n\u0131 aktar\u0131yor. Haberle\u015fme, ta\u015f\u0131ma, g\u00fcvenlik ve t\u0131rmanma a\u00e7\u0131s\u0131ndan en g\u00fcvenli ve en rahat rota oldu\u011fu i\u00e7in bu g\u00fczerg\u00e2h ziyaret\u00e7iler taraf\u0131ndan daha \u00e7ok tercih ediliyor. Se\u00e7men, \u015fu bilgileri veriyor: \u201cBu rotada ara\u00e7lar 2 bin 200 metreye \u00e7\u0131k\u0131yor. \u0130lk kamplar 3 bin 200 ve 3 bin 300 metrede. 4-5 saatlik y\u00fcr\u00fcy\u00fc\u015f ile var\u0131l\u0131yor. \u0130kinci kamp 4 bin 200 metrede ve buradan zirveye 5-7 saatlik y\u00fcr\u00fcy\u00fc\u015f ile ula\u015f\u0131l\u0131yor. Di\u011fer rota ise I\u011fd\u0131r taraf\u0131ndan Korhan Yaylas\u0131 \u00fczerinden Kuzey Rotas\u0131. Ticari bir rota de\u011fil, lojisti\u011fi zor oldu\u011fu i\u00e7in \u00e7ok tercih edilmiyor. Bir de Bat\u0131 rotas\u0131 var, o da pek ilgi \u00e7ekmiyor.\u201d<\/p>\n<figure class=\"wp-block-image\"><img decoding=\"async\" src=\"https:\/\/i1.wp.com\/i.gazeteduvar.com.tr\/storage\/files\/images\/2021\/02\/07\/5-agri-aa-S7IW.jpg?ssl=1\" alt=\"\" data-recalc-dims=\"1\" \/><figcaption>.<\/figcaption><\/figure>\n<h2>\u2018KAPALIYKEN DE TIRMANI\u015e VARDI\u2019<\/h2>\n<p>Resmi olarak kapal\u0131 oldu\u011fu d\u00f6nemde dahi y\u00fczlerce yabanc\u0131 ve yerli da\u011fc\u0131n\u0131n A\u011fr\u0131 Da\u011f\u0131\u2019na ka\u00e7ak olarak t\u0131rman\u0131\u015flara devam etti\u011fini s\u00f6yleyen Se\u00e7men, \u201cResmi ve belgeli T\u00fcrk ve yabanc\u0131 acenteler, yasak oldu\u011fu i\u00e7in bu s\u00fcre\u00e7te tur sat\u0131\u015f\u0131 ya da rehberlik yapmad\u0131. Maalesef gayri resmi olarak yap\u0131lan t\u0131rman\u0131\u015flarda, dil bilmeyen ve da\u011fc\u0131l\u0131k e\u011fitimi almam\u0131\u015f lokaller yabanc\u0131lara e\u015flik etti. Bu bir yandan g\u00fcvenlik a\u00e7\u0131s\u0131ndan ciddi tehlikeler ya\u015fanmas\u0131na sebep olurken bir yandan da yabanc\u0131lar\u0131n T\u00fcrkiye\u2019deki rehberlerin d\u00fczeyini b\u00f6yle zannetmesine sebep oluyor\u201d dedi.<\/p>\n<figure class=\"wp-block-image\"><img decoding=\"async\" src=\"https:\/\/i1.wp.com\/i.gazeteduvar.com.tr\/storage\/files\/images\/2021\/02\/07\/basliksiz-8NUu.jpg?ssl=1\" alt=\"\" data-recalc-dims=\"1\" \/><figcaption>A\u011fr\u0131 Da\u011f\u0131\u2019na ilk \u00e7\u0131kan Parrot\u2019un Alexander Julius Kl\u00fcnder taraf\u0131ndan 1829\u2019da yap\u0131lan portresi.<\/figcaption><\/figure>\n<h2>KAD\u0130M DA\u011eA \u0130LK \u00c7IKI\u015e<\/h2>\n<p>Gelelim bu kadim da\u011fa ilk \u00e7\u0131k\u0131\u015fa\u2026 Hayat\u0131n\u0131 Rus \u0130mparatorlu\u011fu\u2019nun Livonya b\u00f6lgesinde ge\u00e7iren Alman do\u011fa bilimci ve gezgin Johann Jacob Friedrich Wilhelm Parrot, 1829 y\u0131l\u0131nda ekibiyle A\u011fr\u0131 Da\u011f\u0131\u2019n\u0131n zirvesine t\u0131rmanan ilk ki\u015fi oldu. Bu nedenle 9 Ekim 1829 tarihi, T\u00fcrkiye\u2019de da\u011fc\u0131l\u0131\u011f\u0131n ba\u015flang\u0131c\u0131 kabul ediliyor.<\/p>\n<figure class=\"wp-block-image\"><img decoding=\"async\" src=\"https:\/\/i2.wp.com\/i.gazeteduvar.com.tr\/storage\/files\/images\/2021\/02\/07\/7-bozkurt-ergor-PEVN.jpg?ssl=1\" alt=\"\" data-recalc-dims=\"1\" \/><figcaption>A\u011fr\u0131 Da\u011f\u0131\u2019na ilk k\u0131\u015f t\u0131rman\u0131\u015f\u0131, T\u00fcrkiye da\u011fc\u0131l\u0131k sporunun duayen isimlerinden Bozkurt Erg\u00f6r taraf\u0131ndan ger\u00e7ekle\u015ftirildi.<\/figcaption><\/figure>\n<p>\u0130lk k\u0131\u015f \u00e7\u0131k\u0131\u015f\u0131 ise T\u00fcrkiye da\u011fc\u0131l\u0131k faaliyetlerinin \u00f6nemli ismi, federasyonun da kurucular\u0131 aras\u0131nda yer alan Dr. Bozkurt Erg\u00f6r taraf\u0131ndan 21 \u015eubat 1970 y\u0131l\u0131nda ger\u00e7ekle\u015ftirildi. Cumhuriyet d\u00f6neminde T\u00fcrk da\u011fc\u0131lar\u0131, hemen hemen her y\u0131l da\u011f\u0131n zirvesine \u00e7\u0131kmay\u0131 ba\u015farm\u0131\u015ft\u0131r. Da\u011fc\u0131lar\u0131n duayen ismi Bozkurt Erg\u00f6r\u2019\u00fcn ad\u0131n\u0131n Ka\u00e7kar Da\u011flar\u0131\u2019ndaki Erg\u00f6r Buzulu\u2019na verildi\u011fini belirterek, konumuza geri d\u00f6nelim.<\/p>\n<figure class=\"wp-block-image\"><img decoding=\"async\" src=\"https:\/\/i1.wp.com\/i.gazeteduvar.com.tr\/storage\/files\/images\/2021\/02\/07\/8-agri-aa-uI8y.jpg?ssl=1\" alt=\"\" data-recalc-dims=\"1\" \/><figcaption>.<\/figcaption><\/figure>\n<h2>NUH\u2019UN GEM\u0130S\u0130 ARARAT\u2019TA MI?<\/h2>\n<p>A\u011fr\u0131 Da\u011f\u0131\u2019na ilk \u00e7\u0131k\u0131\u015f\u0131 yapan Parrot\u2019un bu zirveyi, sadece da\u011fc\u0131l\u0131k tutkusu i\u00e7in de\u011fil, ayn\u0131 zamanda Nuh\u2019un Gemisi\u2019ni de aramak ama\u00e7l\u0131 yapt\u0131\u011f\u0131 s\u00f6yleniyor. A\u011fr\u0131 Da\u011f\u0131 o g\u00fcn bug\u00fcnd\u00fcr hem da\u011fc\u0131lar\u0131 hem de Nuh\u2019un Gemisi ara\u015ft\u0131rmac\u0131lar\u0131n\u0131 kendine \u00e7ekiyor. \u201cNe alakas\u0131 var?\u201d diye sordu\u011funuzu duyar gibiyim. D\u00fcnyaca kabul g\u00f6ren inan\u0131\u015fa g\u00f6re Nuh\u2019un Gemisi, A\u011fr\u0131 Da\u011f\u0131\u2019nda bir yerlerde. Bu inan\u0131\u015f, da\u011f\u0131n sadece sporcular\u0131n de\u011fil, Hristiyanlar\u2019\u0131n da ilgisini \u00e7ekmesine sebep oluyor. \u00c7\u00fcnk\u00fc \u0130ncil\u2019in Genesis b\u00f6l\u00fcm\u00fcnde, Nuh\u2019un Gemisi\u2019nin, Ararat Da\u011flar\u0131\u2019n\u0131n \u00fczerinde durdu\u011fu ifade ediliyor. Urartular\u0131n \u0130brani dilinde ve bat\u0131 dillerinde A\u011fr\u0131 Da\u011f\u0131\u2019n\u0131n ad\u0131 \u201cArarat\u201d olarak ge\u00e7iyor.<\/p>\n<figure class=\"wp-block-image\"><img decoding=\"async\" src=\"https:\/\/i1.wp.com\/i.gazeteduvar.com.tr\/storage\/files\/images\/2021\/02\/07\/8-agri-aa2-vBGN.jpg?ssl=1\" alt=\"\" data-recalc-dims=\"1\" \/><figcaption>.<\/figcaption><\/figure>\n<h2>\u0130DD\u0130LAR HER ZAMAN G\u00dcNDEMDE OLDU<\/h2>\n<p>T\u00fcrk Diyanet Vakf\u0131 taraf\u0131ndan yay\u0131nlanan \u0130sl\u00e2m Ansiklopedisi\u2019nde bir\u00e7ok iddiaya yer veriliyor. Bunlardan baz\u0131lar\u0131 \u015f\u00f6yle:<\/p>\n<p>1876\u2019da da\u011fa \u00e7\u0131kan James Bryce, 4 bin metrede lav y\u0131\u011f\u0131nlar\u0131 aras\u0131nda d\u00f6rt ayak (121,92 cm) uzunlu\u011funda, be\u015f in\u00e7 (12,70 cm) kal\u0131nl\u0131\u011f\u0131nda yontulmu\u015f tahta par\u00e7as\u0131 g\u00f6rd\u00fc\u011f\u00fcn\u00fc iddia ederken; 1893\u2019te da\u011fa giden Kud\u00fcs ba\u015fdiyakosu Dr. Nuri, geminin orta b\u00f6l\u00fcm\u00fcn\u00fcn buza g\u00f6m\u00fcl\u00fc vaziyette bulundu\u011funu, \u00e7ok kal\u0131n ve koyu k\u0131rm\u0131z\u0131 renkteki kalaslar\u0131n\u0131n 30 cm uzunlu\u011funda \u00e7ivilerle \u00e7ak\u0131l\u0131 oldu\u011funu \u00f6ne s\u00fcrd\u00fc. I. D\u00fcnya Sava\u015f\u0131 s\u0131ras\u0131nda Vladimir Roskovitsky adl\u0131 bir Rus pilotu, A\u011fr\u0131 Da\u011f\u0131\u2019n\u0131n 25 mil kuzeydo\u011fusundaki yama\u00e7ta bir gemi kal\u0131nt\u0131s\u0131 g\u00f6rd\u00fc\u011f\u00fcn\u00fc, geminin bin 200 metre uzunlukta ve direklerinin de sa\u011flam oldu\u011funu bildirdi. II. D\u00fcnya Sava\u015f\u0131 s\u0131ras\u0131nda, A\u011fr\u0131 \u00fczerinde u\u00e7an bir Sovyet pilotunun yar\u0131 yar\u0131ya batm\u0131\u015f bir gemi g\u00f6rd\u00fc\u011f\u00fcn\u00fc a\u00e7\u0131klamas\u0131 \u00fczerine olay yerine g\u00f6nderilen ara\u015ft\u0131rma ekibi, k\u00f6m\u00fcre benzer bir a\u011fa\u00e7tan yap\u0131lm\u0131\u015f, iyice \u00e7\u00fcr\u00fcm\u00fc\u015f bin 200 metre uzunlu\u011funda bir gemi bulduklar\u0131n\u0131 ileri s\u00fcrd\u00fcler. Ancak b\u00fct\u00fcn bu iddialar\u0131n hi\u00e7biri ispatlanmad\u0131.<\/p>\n<figure class=\"wp-block-image\"><img decoding=\"async\" src=\"https:\/\/i2.wp.com\/i.gazeteduvar.com.tr\/storage\/files\/images\/2021\/02\/07\/9-marco-polo-cpaP.jpg?ssl=1\" alt=\"\" data-recalc-dims=\"1\" \/><figcaption>Marco Polo\u2019nun portresi<\/figcaption><\/figure>\n<h2>\u2018TIRMANILAMAYACAK DA\u011e\u2019<\/h2>\n<p>Marco Polo\u2019nun seyahatnamelerinde ad\u0131 ge\u00e7iyor A\u011fr\u0131 Da\u011f\u0131\u2019n\u0131n. Marco Polo\u2019nun notlar\u0131nda \u201chi\u00e7bir zaman t\u0131rman\u0131lamayacak bir da\u011f\u201d olarak an\u0131lan A\u011fr\u0131 Da\u011f\u0131\u2019n\u0131n farkl\u0131 dillerde bir\u00e7ok ismi bulunuyor. Yukar\u0131da belirtti\u011fimiz Ararat d\u0131\u015f\u0131nda; Yakut dilinde \u201cA\u011fr\u201d, Sel\u00e7uklu T\u00fcrkleri\u2019nde \u201cE\u011fri Da\u011f\u201d, bazen da \u201cA\u011f\u0131r Da\u011f\u201d, \u0130ranl\u0131lar\u2019da \u201cK\u00fbh-\u0131 N\u00fbh\u201d, Araplar\u2019da B\u00fcy\u00fck A\u011fr\u0131 \u201cCebel\u00fclh\u00e2ris\u201d, K\u00fc\u00e7\u00fck A\u011fr\u0131 ise \u201cCebel\u00fclhuveyris\u201d isimleriyle an\u0131l\u0131yor.<\/p>\n<figure class=\"wp-block-image\"><img decoding=\"async\" src=\"https:\/\/i1.wp.com\/i.gazeteduvar.com.tr\/storage\/files\/images\/2021\/02\/07\/10-agri-aa-ekw9.jpg?ssl=1\" alt=\"\" data-recalc-dims=\"1\" \/><figcaption>.<\/figcaption><\/figure>\n<h2>CEHENNEM DERES\u0130<\/h2>\n<p>Marco Polo\u2019yu haks\u0131z \u00e7\u0131karan da\u011fc\u0131lar, belki de bu s\u00f6zleri bir uyar\u0131 olarak almal\u0131lar. Maalesef A\u011fr\u0131 Da\u011f\u0131\u2019n\u0131 hafife alan baz\u0131 sporcular, da\u011fa t\u0131rmanmas\u0131na t\u0131rmand\u0131lar ama maalesef hepsi geri d\u00f6nemedi. A\u011fr\u0131 Da\u011f\u0131\u2019n\u0131n en \u00e7ok dikkat edilmesi gereken ve en tehlikeli b\u00f6lgesi olarak bilinen Cehennem Deresi\u2019nde 1989 y\u0131l\u0131nda Dr. Halil \u0130ni\u015fkan, 1998 y\u0131l\u0131nda Bulgar bir da\u011fc\u0131, 2000 y\u0131l\u0131nda ise Atlas Dergisi muhabiri ve AKUT \u00fcyesi \u0130skender I\u011fd\u0131r ya\u015fam\u0131n\u0131 yitirdi. Bu kazalar\u0131n hepsinde, da\u011fdaki bu ge\u00e7itlerin hafife al\u0131nmas\u0131 ve gerekli ekipmanlar\u0131n bulundurulmamas\u0131 g\u00f6sterildi. Da\u011fdaki \u00f6l\u00fcmler sadece kazalarla da s\u0131n\u0131rl\u0131 de\u011fil, donarak ya\u015fam\u0131n\u0131 yitirenler de az\u0131msanmayacak say\u0131da.<\/p>\n<figure class=\"wp-block-image\"><img decoding=\"async\" src=\"https:\/\/i1.wp.com\/i.gazeteduvar.com.tr\/storage\/files\/images\/2021\/02\/07\/fotoram-3048.jpg?ssl=1\" alt=\"\" data-recalc-dims=\"1\" \/><figcaption>Serta\u00e7 T\u00fcmerdem<\/figcaption><\/figure>\n<h2>\u0130NT\u0130KAM TIRMANI\u015eI<\/h2>\n<p>2001 y\u0131l\u0131nda Atat\u00fcrk\u2019\u00fc Anma Gen\u00e7lik ve Spor Bayram\u0131 nedeniyle d\u00fczenlenen A\u011fr\u0131 Da\u011f\u0131 t\u0131rman\u0131\u015f\u0131na tek ba\u015f\u0131na kat\u0131lan ve buzda kayarak, bir\u00e7ok da\u011fc\u0131ya mezar olan Cehennem Vadisi\u2019ne do\u011fru yuvarlanan \u0130zmirli \u00f6\u011fretmen Serta\u00e7 T\u00fcmerdem, bir kayaya tutunarak son anda kurtulmu\u015ftu. T\u00fcmerdem, \u201cA\u011fr\u0131 i\u00e7in ant i\u00e7tim\u201d diyerek, temmuz ay\u0131nda A\u011fr\u0131 Da\u011f\u0131\u2019na solo t\u0131rman\u0131\u015f yaparken kayboldu ve cans\u0131z bedeni d\u00f6n\u00fc\u015f yolunda zirveden 20 metre uzaktaki buzul \u00e7ukurunda bulundu. \u0130kinci denemesine \u201c\u0130ntikam T\u0131rman\u0131\u015f\u0131\u2019 ad\u0131n\u0131 veren T\u00fcmerdem i\u00e7in bu aktivite maalesef \u201c\u0130ntihar T\u0131rman\u0131\u015f\u0131\u201d oldu.<\/p>\n<figure class=\"wp-block-image\"><img decoding=\"async\" src=\"https:\/\/i2.wp.com\/i.gazeteduvar.com.tr\/storage\/files\/images\/2021\/02\/07\/12-agri-aa-2-oxxb.jpg?ssl=1\" alt=\"\" data-recalc-dims=\"1\" \/><figcaption>.<\/figcaption><\/figure>\n<h2>KU\u015e G\u00d6ZLEMC\u0130LER\u0130 \u0130\u00c7\u0130N DE \u00d6NEML\u0130<\/h2>\n<p>T\u00fcrkiye\u2019nin en b\u00fcy\u00fck milli parklar\u0131ndan ve yaban hayat\u0131 merkezlerinden olan A\u011fr\u0131 Da\u011f\u0131 Milli Park\u0131, bir\u00e7ok ku\u015f t\u00fcr\u00fcne de ev sahipli\u011fi yap\u0131yor. A\u011fr\u0131 Da\u011f\u0131\u2019n\u0131n eteklerine y\u0131l\u0131n her ay\u0131nda birbirinden farkl\u0131 ku\u015flar geliyor. Hava s\u0131cakl\u0131\u011f\u0131n\u0131n s\u0131f\u0131r\u0131n alt\u0131nda 10 dereceye kadar d\u00fc\u015ft\u00fc\u011f\u00fc k\u0131\u015f mevsiminde de bu misafirler eksik olmuyor. Patka, gri bal\u0131k\u00e7\u0131l, sakar meke, \u00e7amurcun, saz tavu\u011fu, bata\u011fan, k\u0131z\u0131l \u015fahin, saz delicesi ve karabatak ba\u015fta olmak \u00fczere bir\u00e7ok ku\u015f t\u00fcr\u00fcn\u00fcn g\u00f6r\u00fclebildi\u011fi A\u011fr\u0131 Da\u011f\u0131 Milli Park\u0131\u2019ndaki sulak alanlar, b\u00f6lgedeki dondurucu so\u011fuklara ra\u011fmen canl\u0131l\u0131\u011f\u0131n\u0131 koruyor.<\/p>\n<figure class=\"wp-block-image\"><img decoding=\"async\" src=\"https:\/\/i1.wp.com\/i.gazeteduvar.com.tr\/storage\/files\/images\/2021\/02\/07\/13-su-maymunu-aa-B1Co.jpg?ssl=1\" alt=\"\" data-recalc-dims=\"1\" \/><figcaption><em>Su maymunu<\/em><\/figcaption><\/figure>\n<h2>SU MAYMUNU<\/h2>\n<p>\u00dcretim \u00e7iftliklerinden ka\u00e7arak I\u011fd\u0131r\u2019\u0131n sulak alanlar\u0131na yerle\u015fti\u011fi bilinen Latin Amerika k\u00f6kenli su maymunlar\u0131, adapte olduklar\u0131 b\u00f6lgenin endemik hayvan\u0131 gibi ya\u015fam\u0131n\u0131 s\u00fcrd\u00fcr\u00fcyor. G\u00fcnlerinin b\u00fcy\u00fck b\u00f6l\u00fcm\u00fcn\u00fc suda ge\u00e7irdikleri i\u00e7in normalde yakla\u015f\u0131lmas\u0131 ve g\u00f6r\u00fcnt\u00fclenmesi zor ama \u015fansl\u0131ysan\u0131z A\u011fr\u0131 Da\u011f\u0131\u2019n\u0131 ziyarete gitti\u011finizde Karasu ve Bulakba\u015f\u0131 sulak alanlar\u0131nda ya\u015fayan su maymunlar\u0131n\u0131 g\u00f6rebilirsiniz. Son olarak Anadolu Ajans\u0131 muhabiri taraf\u0131ndan g\u00f6r\u00fcnt\u00fclenen su maymunlar\u0131na halk aras\u0131nda \u201cesrarengiz fare\u201d deniliyor.<\/p>\n<figure class=\"wp-block-image\"><img decoding=\"async\" src=\"https:\/\/i2.wp.com\/i.gazeteduvar.com.tr\/storage\/files\/images\/2021\/02\/07\/14-agri-badminton-aa-1-WHxW.jpg?ssl=1\" alt=\"\" data-recalc-dims=\"1\" \/><figcaption>.<\/figcaption><\/figure>\n<h2>K\u00d6YL\u00dcLER\u0130N BADM\u0130NTON KEYF\u0130<\/h2>\n<p>A\u011fr\u0131 Da\u011f\u0131\u2019na gitti\u011finizde kar\u015f\u0131la\u015fabilece\u011finiz bir enteresan g\u00f6r\u00fcnt\u00fc de hayvanc\u0131l\u0131k faaliyetlerine ara veren k\u00f6yl\u00fclerin badminton oynamas\u0131! Bunun sebebi de; Gen\u00e7lik ve Spor Bakanl\u0131\u011f\u0131 ile T\u00fcrkiye Badminton Federasyonu\u2019nun birlikte y\u00fcr\u00fctt\u00fc\u011f\u00fc \u201cK\u00f6y Halk Badminton\u201d projesinin A\u011fr\u0131\u2019da hayata ge\u00e7irilmi\u015f olmas\u0131\u2026 Karla kapl\u0131 okul bah\u00e7esinde k\u00f6m\u00fcr tozu kullan\u0131larak olu\u015fturulan mini sahada belki de siz de badminton oynamak isteyebilirsiniz.<\/p>\n<figure class=\"wp-block-image\"><img decoding=\"async\" src=\"https:\/\/i2.wp.com\/i.gazeteduvar.com.tr\/storage\/files\/images\/2021\/02\/07\/12-agri-aa-1-p4n9.jpg?ssl=1\" alt=\"\" data-recalc-dims=\"1\" \/><figcaption>.<\/figcaption><\/figure>\n<p><em><strong><a href=\"https:\/\/www.gazeteduvar.com.tr\/eski-dunya-sampiyonu-boksor-leon-spinks-oldu-haber-1512599\">https:\/\/www.gazeteduvar.com.tr\/eski-dunya-sampiyonu-boksor-leon-spinks-oldu-haber-1512599<\/a><\/strong><\/em><\/p>\n","protected":false},"excerpt":{"rendered":"<p>Sadece T\u00fcrkiye\u2019de (Bat\u0131 Ermenistan\u2019da-\u2018Akunq\u2019 web sitesi) de\u011fil, t\u00fcm d\u00fcnyada da\u011fc\u0131lar\u0131n zirve yapmak istedi\u011fi, 5 bin 137 metrelik rak\u0131m\u0131yla yurdun en y\u00fcksek noktas\u0131 olan A\u011fr\u0131 Da\u011f\u0131 (Ararat-&#8216;Akunq&#8217; web sitesi), alt\u0131 y\u0131l\u0131n ard\u0131ndan yeniden ve resmen t\u0131rman\u0131\u015fa a\u00e7\u0131ld\u0131. Nuh\u2019un Gemisi\u2019ne ev sahipli\u011fi yapt\u0131\u011f\u0131 iddialar\u0131yla efsanevi \u00f6zelli\u011fi olan bu kadim da\u011f, ziyaret\u00e7ilerini bekliyor. Her ne kadar \u015fiddetli f\u0131rt\u0131na [&hellip;]<\/p>\n","protected":false},"author":7,"featured_media":61396,"comment_status":"open","ping_status":"open","sticky":false,"template":"","format":"standard","meta":{"footnotes":""},"categories":[1,70],"tags":[],"class_list":["post-61395","post","type-post","status-publish","format-standard","has-post-thumbnail","hentry","category-haberler","category-makaleler"],"yoast_head":"<!-- This site is optimized with the Yoast SEO plugin v27.4 - https:\/\/yoast.com\/product\/yoast-seo-wordpress\/ -->\n<title>T\u00fcrkiye\u2019nin (Bat\u0131 Ermenistan\u2019\u0131n-\u2018Akunq\u2019 web sitesi) \u00e7at\u0131s\u0131na \u2018resmi\u2019 t\u0131rman\u0131\u015flar ba\u015flad\u0131 - Bati Ermenistan Ve Bati Ermenileri Sorunlari Ara\u015ftirmalar Merkezi<\/title>\n<meta name=\"robots\" content=\"index, follow, max-snippet:-1, max-image-preview:large, max-video-preview:-1\" \/>\n<link rel=\"canonical\" href=\"https:\/\/akunq.net\/tr\/?p=61395\" \/>\n<meta property=\"og:locale\" content=\"en_US\" \/>\n<meta property=\"og:type\" content=\"article\" \/>\n<meta property=\"og:title\" content=\"T\u00fcrkiye\u2019nin (Bat\u0131 Ermenistan\u2019\u0131n-\u2018Akunq\u2019 web sitesi) \u00e7at\u0131s\u0131na \u2018resmi\u2019 t\u0131rman\u0131\u015flar ba\u015flad\u0131 - Bati Ermenistan Ve Bati Ermenileri Sorunlari Ara\u015ftirmalar Merkezi\" \/>\n<meta property=\"og:description\" content=\"Sadece T\u00fcrkiye\u2019de (Bat\u0131 Ermenistan\u2019da-\u2018Akunq\u2019 web sitesi) de\u011fil, t\u00fcm d\u00fcnyada da\u011fc\u0131lar\u0131n zirve yapmak istedi\u011fi, 5 bin 137 metrelik rak\u0131m\u0131yla yurdun en y\u00fcksek noktas\u0131 olan A\u011fr\u0131 Da\u011f\u0131 (Ararat-&#8216;Akunq&#8217; web sitesi), alt\u0131 y\u0131l\u0131n ard\u0131ndan yeniden ve resmen t\u0131rman\u0131\u015fa a\u00e7\u0131ld\u0131. Nuh\u2019un Gemisi\u2019ne ev sahipli\u011fi yapt\u0131\u011f\u0131 iddialar\u0131yla efsanevi \u00f6zelli\u011fi olan bu kadim da\u011f, ziyaret\u00e7ilerini bekliyor. Her ne kadar \u015fiddetli f\u0131rt\u0131na [&hellip;]\" \/>\n<meta property=\"og:url\" content=\"https:\/\/akunq.net\/tr\/?p=61395\" \/>\n<meta property=\"og:site_name\" content=\"Bati Ermenistan Ve Bati Ermenileri Sorunlari Ara\u015ftirmalar Merkezi\" \/>\n<meta property=\"article:published_time\" content=\"2021-02-09T07:23:22+00:00\" \/>\n<meta property=\"og:image\" content=\"https:\/\/akunq.net\/tr\/wp-content\/uploads\/sites\/6\/2021\/02\/Ararat.png\" \/>\n\t<meta property=\"og:image:width\" content=\"849\" \/>\n\t<meta property=\"og:image:height\" content=\"477\" \/>\n\t<meta property=\"og:image:type\" content=\"image\/png\" \/>\n<meta name=\"author\" content=\"admin\" \/>\n<meta name=\"twitter:card\" content=\"summary_large_image\" \/>\n<meta name=\"twitter:label1\" content=\"Written by\" \/>\n\t<meta name=\"twitter:data1\" content=\"admin\" \/>\n\t<meta name=\"twitter:label2\" content=\"Est. reading time\" \/>\n\t<meta name=\"twitter:data2\" content=\"10 minutes\" \/>\n<script type=\"application\/ld+json\" class=\"yoast-schema-graph\">{\"@context\":\"https:\\\/\\\/schema.org\",\"@graph\":[{\"@type\":\"Article\",\"@id\":\"https:\\\/\\\/akunq.net\\\/tr\\\/?p=61395#article\",\"isPartOf\":{\"@id\":\"https:\\\/\\\/akunq.net\\\/tr\\\/?p=61395\"},\"author\":{\"name\":\"admin\",\"@id\":\"https:\\\/\\\/akunq.net\\\/tr\\\/#\\\/schema\\\/person\\\/096f1d38a12cce57fb855b485ed24c9e\"},\"headline\":\"T\u00fcrkiye\u2019nin (Bat\u0131 Ermenistan\u2019\u0131n-\u2018Akunq\u2019 web sitesi) \u00e7at\u0131s\u0131na \u2018resmi\u2019 t\u0131rman\u0131\u015flar ba\u015flad\u0131\",\"datePublished\":\"2021-02-09T07:23:22+00:00\",\"mainEntityOfPage\":{\"@id\":\"https:\\\/\\\/akunq.net\\\/tr\\\/?p=61395\"},\"wordCount\":1945,\"commentCount\":0,\"image\":{\"@id\":\"https:\\\/\\\/akunq.net\\\/tr\\\/?p=61395#primaryimage\"},\"thumbnailUrl\":\"https:\\\/\\\/akunq.net\\\/tr\\\/wp-content\\\/uploads\\\/sites\\\/6\\\/2021\\\/02\\\/Ararat.png\",\"articleSection\":[\"Haberler\",\"Makaleler\"],\"inLanguage\":\"en-US\",\"potentialAction\":[{\"@type\":\"CommentAction\",\"name\":\"Comment\",\"target\":[\"https:\\\/\\\/akunq.net\\\/tr\\\/?p=61395#respond\"]}]},{\"@type\":\"WebPage\",\"@id\":\"https:\\\/\\\/akunq.net\\\/tr\\\/?p=61395\",\"url\":\"https:\\\/\\\/akunq.net\\\/tr\\\/?p=61395\",\"name\":\"T\u00fcrkiye\u2019nin (Bat\u0131 Ermenistan\u2019\u0131n-\u2018Akunq\u2019 web sitesi) \u00e7at\u0131s\u0131na \u2018resmi\u2019 t\u0131rman\u0131\u015flar ba\u015flad\u0131 - Bati Ermenistan Ve Bati Ermenileri Sorunlari Ara\u015ftirmalar Merkezi\",\"isPartOf\":{\"@id\":\"https:\\\/\\\/akunq.net\\\/tr\\\/#website\"},\"primaryImageOfPage\":{\"@id\":\"https:\\\/\\\/akunq.net\\\/tr\\\/?p=61395#primaryimage\"},\"image\":{\"@id\":\"https:\\\/\\\/akunq.net\\\/tr\\\/?p=61395#primaryimage\"},\"thumbnailUrl\":\"https:\\\/\\\/akunq.net\\\/tr\\\/wp-content\\\/uploads\\\/sites\\\/6\\\/2021\\\/02\\\/Ararat.png\",\"datePublished\":\"2021-02-09T07:23:22+00:00\",\"author\":{\"@id\":\"https:\\\/\\\/akunq.net\\\/tr\\\/#\\\/schema\\\/person\\\/096f1d38a12cce57fb855b485ed24c9e\"},\"breadcrumb\":{\"@id\":\"https:\\\/\\\/akunq.net\\\/tr\\\/?p=61395#breadcrumb\"},\"inLanguage\":\"en-US\",\"potentialAction\":[{\"@type\":\"ReadAction\",\"target\":[\"https:\\\/\\\/akunq.net\\\/tr\\\/?p=61395\"]}]},{\"@type\":\"ImageObject\",\"inLanguage\":\"en-US\",\"@id\":\"https:\\\/\\\/akunq.net\\\/tr\\\/?p=61395#primaryimage\",\"url\":\"https:\\\/\\\/akunq.net\\\/tr\\\/wp-content\\\/uploads\\\/sites\\\/6\\\/2021\\\/02\\\/Ararat.png\",\"contentUrl\":\"https:\\\/\\\/akunq.net\\\/tr\\\/wp-content\\\/uploads\\\/sites\\\/6\\\/2021\\\/02\\\/Ararat.png\",\"width\":849,\"height\":477},{\"@type\":\"BreadcrumbList\",\"@id\":\"https:\\\/\\\/akunq.net\\\/tr\\\/?p=61395#breadcrumb\",\"itemListElement\":[{\"@type\":\"ListItem\",\"position\":1,\"name\":\"Home\",\"item\":\"https:\\\/\\\/akunq.net\\\/tr\"},{\"@type\":\"ListItem\",\"position\":2,\"name\":\"T\u00fcrkiye\u2019nin (Bat\u0131 Ermenistan\u2019\u0131n-\u2018Akunq\u2019 web sitesi) \u00e7at\u0131s\u0131na \u2018resmi\u2019 t\u0131rman\u0131\u015flar ba\u015flad\u0131\"}]},{\"@type\":\"WebSite\",\"@id\":\"https:\\\/\\\/akunq.net\\\/tr\\\/#website\",\"url\":\"https:\\\/\\\/akunq.net\\\/tr\\\/\",\"name\":\"Bati Ermenistan Ve Bati Ermenileri Sorunlari Ara\u015ftirmalar Merkezi\",\"description\":\"\",\"potentialAction\":[{\"@type\":\"SearchAction\",\"target\":{\"@type\":\"EntryPoint\",\"urlTemplate\":\"https:\\\/\\\/akunq.net\\\/tr\\\/?s={search_term_string}\"},\"query-input\":{\"@type\":\"PropertyValueSpecification\",\"valueRequired\":true,\"valueName\":\"search_term_string\"}}],\"inLanguage\":\"en-US\"},{\"@type\":\"Person\",\"@id\":\"https:\\\/\\\/akunq.net\\\/tr\\\/#\\\/schema\\\/person\\\/096f1d38a12cce57fb855b485ed24c9e\",\"name\":\"admin\",\"url\":\"https:\\\/\\\/akunq.net\\\/tr\\\/?author=7\"}]}<\/script>\n<!-- \/ Yoast SEO plugin. -->","yoast_head_json":{"title":"T\u00fcrkiye\u2019nin (Bat\u0131 Ermenistan\u2019\u0131n-\u2018Akunq\u2019 web sitesi) \u00e7at\u0131s\u0131na \u2018resmi\u2019 t\u0131rman\u0131\u015flar ba\u015flad\u0131 - Bati Ermenistan Ve Bati Ermenileri Sorunlari Ara\u015ftirmalar Merkezi","robots":{"index":"index","follow":"follow","max-snippet":"max-snippet:-1","max-image-preview":"max-image-preview:large","max-video-preview":"max-video-preview:-1"},"canonical":"https:\/\/akunq.net\/tr\/?p=61395","og_locale":"en_US","og_type":"article","og_title":"T\u00fcrkiye\u2019nin (Bat\u0131 Ermenistan\u2019\u0131n-\u2018Akunq\u2019 web sitesi) \u00e7at\u0131s\u0131na \u2018resmi\u2019 t\u0131rman\u0131\u015flar ba\u015flad\u0131 - Bati Ermenistan Ve Bati Ermenileri Sorunlari Ara\u015ftirmalar Merkezi","og_description":"Sadece T\u00fcrkiye\u2019de (Bat\u0131 Ermenistan\u2019da-\u2018Akunq\u2019 web sitesi) de\u011fil, t\u00fcm d\u00fcnyada da\u011fc\u0131lar\u0131n zirve yapmak istedi\u011fi, 5 bin 137 metrelik rak\u0131m\u0131yla yurdun en y\u00fcksek noktas\u0131 olan A\u011fr\u0131 Da\u011f\u0131 (Ararat-&#8216;Akunq&#8217; web sitesi), alt\u0131 y\u0131l\u0131n ard\u0131ndan yeniden ve resmen t\u0131rman\u0131\u015fa a\u00e7\u0131ld\u0131. Nuh\u2019un Gemisi\u2019ne ev sahipli\u011fi yapt\u0131\u011f\u0131 iddialar\u0131yla efsanevi \u00f6zelli\u011fi olan bu kadim da\u011f, ziyaret\u00e7ilerini bekliyor. Her ne kadar \u015fiddetli f\u0131rt\u0131na [&hellip;]","og_url":"https:\/\/akunq.net\/tr\/?p=61395","og_site_name":"Bati Ermenistan Ve Bati Ermenileri Sorunlari Ara\u015ftirmalar Merkezi","article_published_time":"2021-02-09T07:23:22+00:00","og_image":[{"width":849,"height":477,"url":"https:\/\/akunq.net\/tr\/wp-content\/uploads\/sites\/6\/2021\/02\/Ararat.png","type":"image\/png"}],"author":"admin","twitter_card":"summary_large_image","twitter_misc":{"Written by":"admin","Est. reading time":"10 minutes"},"schema":{"@context":"https:\/\/schema.org","@graph":[{"@type":"Article","@id":"https:\/\/akunq.net\/tr\/?p=61395#article","isPartOf":{"@id":"https:\/\/akunq.net\/tr\/?p=61395"},"author":{"name":"admin","@id":"https:\/\/akunq.net\/tr\/#\/schema\/person\/096f1d38a12cce57fb855b485ed24c9e"},"headline":"T\u00fcrkiye\u2019nin (Bat\u0131 Ermenistan\u2019\u0131n-\u2018Akunq\u2019 web sitesi) \u00e7at\u0131s\u0131na \u2018resmi\u2019 t\u0131rman\u0131\u015flar ba\u015flad\u0131","datePublished":"2021-02-09T07:23:22+00:00","mainEntityOfPage":{"@id":"https:\/\/akunq.net\/tr\/?p=61395"},"wordCount":1945,"commentCount":0,"image":{"@id":"https:\/\/akunq.net\/tr\/?p=61395#primaryimage"},"thumbnailUrl":"https:\/\/akunq.net\/tr\/wp-content\/uploads\/sites\/6\/2021\/02\/Ararat.png","articleSection":["Haberler","Makaleler"],"inLanguage":"en-US","potentialAction":[{"@type":"CommentAction","name":"Comment","target":["https:\/\/akunq.net\/tr\/?p=61395#respond"]}]},{"@type":"WebPage","@id":"https:\/\/akunq.net\/tr\/?p=61395","url":"https:\/\/akunq.net\/tr\/?p=61395","name":"T\u00fcrkiye\u2019nin (Bat\u0131 Ermenistan\u2019\u0131n-\u2018Akunq\u2019 web sitesi) \u00e7at\u0131s\u0131na \u2018resmi\u2019 t\u0131rman\u0131\u015flar ba\u015flad\u0131 - Bati Ermenistan Ve Bati Ermenileri Sorunlari Ara\u015ftirmalar Merkezi","isPartOf":{"@id":"https:\/\/akunq.net\/tr\/#website"},"primaryImageOfPage":{"@id":"https:\/\/akunq.net\/tr\/?p=61395#primaryimage"},"image":{"@id":"https:\/\/akunq.net\/tr\/?p=61395#primaryimage"},"thumbnailUrl":"https:\/\/akunq.net\/tr\/wp-content\/uploads\/sites\/6\/2021\/02\/Ararat.png","datePublished":"2021-02-09T07:23:22+00:00","author":{"@id":"https:\/\/akunq.net\/tr\/#\/schema\/person\/096f1d38a12cce57fb855b485ed24c9e"},"breadcrumb":{"@id":"https:\/\/akunq.net\/tr\/?p=61395#breadcrumb"},"inLanguage":"en-US","potentialAction":[{"@type":"ReadAction","target":["https:\/\/akunq.net\/tr\/?p=61395"]}]},{"@type":"ImageObject","inLanguage":"en-US","@id":"https:\/\/akunq.net\/tr\/?p=61395#primaryimage","url":"https:\/\/akunq.net\/tr\/wp-content\/uploads\/sites\/6\/2021\/02\/Ararat.png","contentUrl":"https:\/\/akunq.net\/tr\/wp-content\/uploads\/sites\/6\/2021\/02\/Ararat.png","width":849,"height":477},{"@type":"BreadcrumbList","@id":"https:\/\/akunq.net\/tr\/?p=61395#breadcrumb","itemListElement":[{"@type":"ListItem","position":1,"name":"Home","item":"https:\/\/akunq.net\/tr"},{"@type":"ListItem","position":2,"name":"T\u00fcrkiye\u2019nin (Bat\u0131 Ermenistan\u2019\u0131n-\u2018Akunq\u2019 web sitesi) \u00e7at\u0131s\u0131na \u2018resmi\u2019 t\u0131rman\u0131\u015flar ba\u015flad\u0131"}]},{"@type":"WebSite","@id":"https:\/\/akunq.net\/tr\/#website","url":"https:\/\/akunq.net\/tr\/","name":"Bati Ermenistan Ve Bati Ermenileri Sorunlari Ara\u015ftirmalar Merkezi","description":"","potentialAction":[{"@type":"SearchAction","target":{"@type":"EntryPoint","urlTemplate":"https:\/\/akunq.net\/tr\/?s={search_term_string}"},"query-input":{"@type":"PropertyValueSpecification","valueRequired":true,"valueName":"search_term_string"}}],"inLanguage":"en-US"},{"@type":"Person","@id":"https:\/\/akunq.net\/tr\/#\/schema\/person\/096f1d38a12cce57fb855b485ed24c9e","name":"admin","url":"https:\/\/akunq.net\/tr\/?author=7"}]}},"_links":{"self":[{"href":"https:\/\/akunq.net\/tr\/index.php?rest_route=\/wp\/v2\/posts\/61395","targetHints":{"allow":["GET"]}}],"collection":[{"href":"https:\/\/akunq.net\/tr\/index.php?rest_route=\/wp\/v2\/posts"}],"about":[{"href":"https:\/\/akunq.net\/tr\/index.php?rest_route=\/wp\/v2\/types\/post"}],"author":[{"embeddable":true,"href":"https:\/\/akunq.net\/tr\/index.php?rest_route=\/wp\/v2\/users\/7"}],"replies":[{"embeddable":true,"href":"https:\/\/akunq.net\/tr\/index.php?rest_route=%2Fwp%2Fv2%2Fcomments&post=61395"}],"version-history":[{"count":1,"href":"https:\/\/akunq.net\/tr\/index.php?rest_route=\/wp\/v2\/posts\/61395\/revisions"}],"predecessor-version":[{"id":61397,"href":"https:\/\/akunq.net\/tr\/index.php?rest_route=\/wp\/v2\/posts\/61395\/revisions\/61397"}],"wp:featuredmedia":[{"embeddable":true,"href":"https:\/\/akunq.net\/tr\/index.php?rest_route=\/wp\/v2\/media\/61396"}],"wp:attachment":[{"href":"https:\/\/akunq.net\/tr\/index.php?rest_route=%2Fwp%2Fv2%2Fmedia&parent=61395"}],"wp:term":[{"taxonomy":"category","embeddable":true,"href":"https:\/\/akunq.net\/tr\/index.php?rest_route=%2Fwp%2Fv2%2Fcategories&post=61395"},{"taxonomy":"post_tag","embeddable":true,"href":"https:\/\/akunq.net\/tr\/index.php?rest_route=%2Fwp%2Fv2%2Ftags&post=61395"}],"curies":[{"name":"wp","href":"https:\/\/api.w.org\/{rel}","templated":true}]}}