{"id":61378,"date":"2021-02-08T02:17:02","date_gmt":"2021-02-08T07:17:02","guid":{"rendered":"https:\/\/akunq.net\/tr\/?p=61378"},"modified":"2021-02-08T02:17:02","modified_gmt":"2021-02-08T07:17:02","slug":"baraj-sulari-cekilince-ortaya-cikti-sasirtan-goruntu","status":"publish","type":"post","link":"https:\/\/akunq.net\/tr\/?p=61378","title":{"rendered":"Baraj sular\u0131 \u00e7ekilince ortaya \u00e7\u0131kt\u0131\u2026 \u015ea\u015f\u0131rtan g\u00f6r\u00fcnt\u00fc"},"content":{"rendered":"<p><img loading=\"lazy\" decoding=\"async\" class=\"aligncenter size-medium wp-image-61379\" src=\"https:\/\/akunq.net\/tr\/wp-content\/uploads\/2021\/02\/Ta\u015fhan-Mahallesi\u2019ndeki-mezarl\u0131k-ve-evler-360x203.jpeg\" alt=\"\" width=\"360\" height=\"203\" srcset=\"https:\/\/akunq.net\/tr\/wp-content\/uploads\/sites\/6\/2021\/02\/Ta\u015fhan-Mahallesi\u2019ndeki-mezarl\u0131k-ve-evler-360x203.jpeg 360w, https:\/\/akunq.net\/tr\/wp-content\/uploads\/sites\/6\/2021\/02\/Ta\u015fhan-Mahallesi\u2019ndeki-mezarl\u0131k-ve-evler-560x315.jpeg 560w, https:\/\/akunq.net\/tr\/wp-content\/uploads\/sites\/6\/2021\/02\/Ta\u015fhan-Mahallesi\u2019ndeki-mezarl\u0131k-ve-evler-260x146.jpeg 260w, https:\/\/akunq.net\/tr\/wp-content\/uploads\/sites\/6\/2021\/02\/Ta\u015fhan-Mahallesi\u2019ndeki-mezarl\u0131k-ve-evler-160x90.jpeg 160w, https:\/\/akunq.net\/tr\/wp-content\/uploads\/sites\/6\/2021\/02\/Ta\u015fhan-Mahallesi\u2019ndeki-mezarl\u0131k-ve-evler.jpeg 750w\" sizes=\"auto, (max-width: 360px) 100vw, 360px\" \/><\/p>\n<p>Kayseri\u2019de, Yamula Baraj\u0131\u2019nda su seviyesinin d\u00fc\u015fmesi nedeniyle eski Ta\u015fhan Mahallesi\u2019ndeki mezarl\u0131k ve evler ortaya \u00e7\u0131kt\u0131. Mahalle sakinlerinden\u00a0Abdullah \u00d6zdemir\u00a0(66) \u201cSon d\u00f6nemde ya\u011f\u0131\u015flar\u0131n az olmas\u0131 buray\u0131 \u00e7ok etkiledi. Sular alt\u0131nda kalan mahallemizin hemen hemen yar\u0131s\u0131 ortaya \u00e7\u0131kt\u0131. Sular \u00e7ekilince buradaki mezarlar ve evler g\u00f6r\u00fcn\u00fcr oldu. Sular \u00e7ekildi\u011finde mezarl\u0131kta iskeletler \u00e7\u0131kt\u0131.\u201d dedi.<\/p>\n<hr class=\"wp-block-separator\" \/>\n<p><em><strong><a href=\"https:\/\/www.hurriyet.com.tr\/galeri-baraj-sulari-cekilince-ortaya-cikti-sasirtan-goruntu-41734621\">https:\/\/www.hurriyet.com.tr\/galeri-baraj-sulari-cekilince-ortaya-cikti-sasirtan-goruntu-41734621<\/a>\u00a0<\/strong><\/em><\/p>\n","protected":false},"excerpt":{"rendered":"<p>Kayseri\u2019de, Yamula Baraj\u0131\u2019nda su seviyesinin d\u00fc\u015fmesi nedeniyle eski Ta\u015fhan Mahallesi\u2019ndeki mezarl\u0131k ve evler ortaya \u00e7\u0131kt\u0131. Mahalle sakinlerinden\u00a0Abdullah \u00d6zdemir\u00a0(66) \u201cSon d\u00f6nemde ya\u011f\u0131\u015flar\u0131n az olmas\u0131 buray\u0131 \u00e7ok etkiledi. Sular alt\u0131nda kalan mahallemizin hemen hemen yar\u0131s\u0131 ortaya \u00e7\u0131kt\u0131. Sular \u00e7ekilince buradaki mezarlar ve evler g\u00f6r\u00fcn\u00fcr oldu. Sular \u00e7ekildi\u011finde mezarl\u0131kta iskeletler \u00e7\u0131kt\u0131.\u201d dedi. https:\/\/www.hurriyet.com.tr\/galeri-baraj-sulari-cekilince-ortaya-cikti-sasirtan-goruntu-41734621\u00a0<\/p>\n","protected":false},"author":7,"featured_media":61379,"comment_status":"open","ping_status":"open","sticky":false,"template":"","format":"standard","meta":{"footnotes":""},"categories":[1],"tags":[],"class_list":["post-61378","post","type-post","status-publish","format-standard","has-post-thumbnail","hentry","category-haberler"],"yoast_head":"<!-- This site is optimized with the Yoast SEO plugin v27.4 - https:\/\/yoast.com\/product\/yoast-seo-wordpress\/ -->\n<title>Baraj sular\u0131 \u00e7ekilince ortaya \u00e7\u0131kt\u0131\u2026 \u015ea\u015f\u0131rtan g\u00f6r\u00fcnt\u00fc - Bati Ermenistan Ve Bati Ermenileri Sorunlari Ara\u015ftirmalar Merkezi<\/title>\n<meta name=\"robots\" content=\"index, follow, max-snippet:-1, max-image-preview:large, max-video-preview:-1\" \/>\n<link rel=\"canonical\" href=\"https:\/\/akunq.net\/tr\/?p=61378\" \/>\n<meta property=\"og:locale\" content=\"en_US\" \/>\n<meta property=\"og:type\" content=\"article\" \/>\n<meta property=\"og:title\" content=\"Baraj sular\u0131 \u00e7ekilince ortaya \u00e7\u0131kt\u0131\u2026 \u015ea\u015f\u0131rtan g\u00f6r\u00fcnt\u00fc - Bati Ermenistan Ve Bati Ermenileri Sorunlari Ara\u015ftirmalar Merkezi\" \/>\n<meta property=\"og:description\" content=\"Kayseri\u2019de, Yamula Baraj\u0131\u2019nda su seviyesinin d\u00fc\u015fmesi nedeniyle eski Ta\u015fhan Mahallesi\u2019ndeki mezarl\u0131k ve evler ortaya \u00e7\u0131kt\u0131. Mahalle sakinlerinden\u00a0Abdullah \u00d6zdemir\u00a0(66) \u201cSon d\u00f6nemde ya\u011f\u0131\u015flar\u0131n az olmas\u0131 buray\u0131 \u00e7ok etkiledi. Sular alt\u0131nda kalan mahallemizin hemen hemen yar\u0131s\u0131 ortaya \u00e7\u0131kt\u0131. Sular \u00e7ekilince buradaki mezarlar ve evler g\u00f6r\u00fcn\u00fcr oldu. Sular \u00e7ekildi\u011finde mezarl\u0131kta iskeletler \u00e7\u0131kt\u0131.\u201d dedi. https:\/\/www.hurriyet.com.tr\/galeri-baraj-sulari-cekilince-ortaya-cikti-sasirtan-goruntu-41734621\u00a0\" \/>\n<meta property=\"og:url\" content=\"https:\/\/akunq.net\/tr\/?p=61378\" \/>\n<meta property=\"og:site_name\" content=\"Bati Ermenistan Ve Bati Ermenileri Sorunlari Ara\u015ftirmalar Merkezi\" \/>\n<meta property=\"article:published_time\" content=\"2021-02-08T07:17:02+00:00\" \/>\n<meta property=\"og:image\" content=\"https:\/\/akunq.net\/tr\/wp-content\/uploads\/sites\/6\/2021\/02\/Ta\u015fhan-Mahallesi\u2019ndeki-mezarl\u0131k-ve-evler.jpeg\" \/>\n\t<meta property=\"og:image:width\" content=\"750\" \/>\n\t<meta property=\"og:image:height\" content=\"422\" \/>\n\t<meta property=\"og:image:type\" content=\"image\/jpeg\" \/>\n<meta name=\"author\" content=\"admin\" \/>\n<meta name=\"twitter:card\" content=\"summary_large_image\" \/>\n<meta name=\"twitter:label1\" content=\"Written by\" \/>\n\t<meta name=\"twitter:data1\" content=\"admin\" \/>\n<script type=\"application\/ld+json\" class=\"yoast-schema-graph\">{\"@context\":\"https:\\\/\\\/schema.org\",\"@graph\":[{\"@type\":\"Article\",\"@id\":\"https:\\\/\\\/akunq.net\\\/tr\\\/?p=61378#article\",\"isPartOf\":{\"@id\":\"https:\\\/\\\/akunq.net\\\/tr\\\/?p=61378\"},\"author\":{\"name\":\"admin\",\"@id\":\"https:\\\/\\\/akunq.net\\\/tr\\\/#\\\/schema\\\/person\\\/096f1d38a12cce57fb855b485ed24c9e\"},\"headline\":\"Baraj sular\u0131 \u00e7ekilince ortaya \u00e7\u0131kt\u0131\u2026 \u015ea\u015f\u0131rtan g\u00f6r\u00fcnt\u00fc\",\"datePublished\":\"2021-02-08T07:17:02+00:00\",\"mainEntityOfPage\":{\"@id\":\"https:\\\/\\\/akunq.net\\\/tr\\\/?p=61378\"},\"wordCount\":82,\"commentCount\":0,\"image\":{\"@id\":\"https:\\\/\\\/akunq.net\\\/tr\\\/?p=61378#primaryimage\"},\"thumbnailUrl\":\"https:\\\/\\\/akunq.net\\\/tr\\\/wp-content\\\/uploads\\\/sites\\\/6\\\/2021\\\/02\\\/Ta\u015fhan-Mahallesi\u2019ndeki-mezarl\u0131k-ve-evler.jpeg\",\"articleSection\":[\"Haberler\"],\"inLanguage\":\"en-US\",\"potentialAction\":[{\"@type\":\"CommentAction\",\"name\":\"Comment\",\"target\":[\"https:\\\/\\\/akunq.net\\\/tr\\\/?p=61378#respond\"]}]},{\"@type\":\"WebPage\",\"@id\":\"https:\\\/\\\/akunq.net\\\/tr\\\/?p=61378\",\"url\":\"https:\\\/\\\/akunq.net\\\/tr\\\/?p=61378\",\"name\":\"Baraj sular\u0131 \u00e7ekilince ortaya \u00e7\u0131kt\u0131\u2026 \u015ea\u015f\u0131rtan g\u00f6r\u00fcnt\u00fc - Bati Ermenistan Ve Bati Ermenileri Sorunlari Ara\u015ftirmalar Merkezi\",\"isPartOf\":{\"@id\":\"https:\\\/\\\/akunq.net\\\/tr\\\/#website\"},\"primaryImageOfPage\":{\"@id\":\"https:\\\/\\\/akunq.net\\\/tr\\\/?p=61378#primaryimage\"},\"image\":{\"@id\":\"https:\\\/\\\/akunq.net\\\/tr\\\/?p=61378#primaryimage\"},\"thumbnailUrl\":\"https:\\\/\\\/akunq.net\\\/tr\\\/wp-content\\\/uploads\\\/sites\\\/6\\\/2021\\\/02\\\/Ta\u015fhan-Mahallesi\u2019ndeki-mezarl\u0131k-ve-evler.jpeg\",\"datePublished\":\"2021-02-08T07:17:02+00:00\",\"author\":{\"@id\":\"https:\\\/\\\/akunq.net\\\/tr\\\/#\\\/schema\\\/person\\\/096f1d38a12cce57fb855b485ed24c9e\"},\"breadcrumb\":{\"@id\":\"https:\\\/\\\/akunq.net\\\/tr\\\/?p=61378#breadcrumb\"},\"inLanguage\":\"en-US\",\"potentialAction\":[{\"@type\":\"ReadAction\",\"target\":[\"https:\\\/\\\/akunq.net\\\/tr\\\/?p=61378\"]}]},{\"@type\":\"ImageObject\",\"inLanguage\":\"en-US\",\"@id\":\"https:\\\/\\\/akunq.net\\\/tr\\\/?p=61378#primaryimage\",\"url\":\"https:\\\/\\\/akunq.net\\\/tr\\\/wp-content\\\/uploads\\\/sites\\\/6\\\/2021\\\/02\\\/Ta\u015fhan-Mahallesi\u2019ndeki-mezarl\u0131k-ve-evler.jpeg\",\"contentUrl\":\"https:\\\/\\\/akunq.net\\\/tr\\\/wp-content\\\/uploads\\\/sites\\\/6\\\/2021\\\/02\\\/Ta\u015fhan-Mahallesi\u2019ndeki-mezarl\u0131k-ve-evler.jpeg\",\"width\":750,\"height\":422},{\"@type\":\"BreadcrumbList\",\"@id\":\"https:\\\/\\\/akunq.net\\\/tr\\\/?p=61378#breadcrumb\",\"itemListElement\":[{\"@type\":\"ListItem\",\"position\":1,\"name\":\"Home\",\"item\":\"https:\\\/\\\/akunq.net\\\/tr\"},{\"@type\":\"ListItem\",\"position\":2,\"name\":\"Baraj sular\u0131 \u00e7ekilince ortaya \u00e7\u0131kt\u0131\u2026 \u015ea\u015f\u0131rtan g\u00f6r\u00fcnt\u00fc\"}]},{\"@type\":\"WebSite\",\"@id\":\"https:\\\/\\\/akunq.net\\\/tr\\\/#website\",\"url\":\"https:\\\/\\\/akunq.net\\\/tr\\\/\",\"name\":\"Bati Ermenistan Ve Bati Ermenileri Sorunlari Ara\u015ftirmalar Merkezi\",\"description\":\"\",\"potentialAction\":[{\"@type\":\"SearchAction\",\"target\":{\"@type\":\"EntryPoint\",\"urlTemplate\":\"https:\\\/\\\/akunq.net\\\/tr\\\/?s={search_term_string}\"},\"query-input\":{\"@type\":\"PropertyValueSpecification\",\"valueRequired\":true,\"valueName\":\"search_term_string\"}}],\"inLanguage\":\"en-US\"},{\"@type\":\"Person\",\"@id\":\"https:\\\/\\\/akunq.net\\\/tr\\\/#\\\/schema\\\/person\\\/096f1d38a12cce57fb855b485ed24c9e\",\"name\":\"admin\",\"url\":\"https:\\\/\\\/akunq.net\\\/tr\\\/?author=7\"}]}<\/script>\n<!-- \/ Yoast SEO plugin. -->","yoast_head_json":{"title":"Baraj sular\u0131 \u00e7ekilince ortaya \u00e7\u0131kt\u0131\u2026 \u015ea\u015f\u0131rtan g\u00f6r\u00fcnt\u00fc - Bati Ermenistan Ve Bati Ermenileri Sorunlari Ara\u015ftirmalar Merkezi","robots":{"index":"index","follow":"follow","max-snippet":"max-snippet:-1","max-image-preview":"max-image-preview:large","max-video-preview":"max-video-preview:-1"},"canonical":"https:\/\/akunq.net\/tr\/?p=61378","og_locale":"en_US","og_type":"article","og_title":"Baraj sular\u0131 \u00e7ekilince ortaya \u00e7\u0131kt\u0131\u2026 \u015ea\u015f\u0131rtan g\u00f6r\u00fcnt\u00fc - Bati Ermenistan Ve Bati Ermenileri Sorunlari Ara\u015ftirmalar Merkezi","og_description":"Kayseri\u2019de, Yamula Baraj\u0131\u2019nda su seviyesinin d\u00fc\u015fmesi nedeniyle eski Ta\u015fhan Mahallesi\u2019ndeki mezarl\u0131k ve evler ortaya \u00e7\u0131kt\u0131. Mahalle sakinlerinden\u00a0Abdullah \u00d6zdemir\u00a0(66) \u201cSon d\u00f6nemde ya\u011f\u0131\u015flar\u0131n az olmas\u0131 buray\u0131 \u00e7ok etkiledi. Sular alt\u0131nda kalan mahallemizin hemen hemen yar\u0131s\u0131 ortaya \u00e7\u0131kt\u0131. Sular \u00e7ekilince buradaki mezarlar ve evler g\u00f6r\u00fcn\u00fcr oldu. Sular \u00e7ekildi\u011finde mezarl\u0131kta iskeletler \u00e7\u0131kt\u0131.\u201d dedi. https:\/\/www.hurriyet.com.tr\/galeri-baraj-sulari-cekilince-ortaya-cikti-sasirtan-goruntu-41734621\u00a0","og_url":"https:\/\/akunq.net\/tr\/?p=61378","og_site_name":"Bati Ermenistan Ve Bati Ermenileri Sorunlari Ara\u015ftirmalar Merkezi","article_published_time":"2021-02-08T07:17:02+00:00","og_image":[{"width":750,"height":422,"url":"https:\/\/akunq.net\/tr\/wp-content\/uploads\/sites\/6\/2021\/02\/Ta\u015fhan-Mahallesi\u2019ndeki-mezarl\u0131k-ve-evler.jpeg","type":"image\/jpeg"}],"author":"admin","twitter_card":"summary_large_image","twitter_misc":{"Written by":"admin"},"schema":{"@context":"https:\/\/schema.org","@graph":[{"@type":"Article","@id":"https:\/\/akunq.net\/tr\/?p=61378#article","isPartOf":{"@id":"https:\/\/akunq.net\/tr\/?p=61378"},"author":{"name":"admin","@id":"https:\/\/akunq.net\/tr\/#\/schema\/person\/096f1d38a12cce57fb855b485ed24c9e"},"headline":"Baraj sular\u0131 \u00e7ekilince ortaya \u00e7\u0131kt\u0131\u2026 \u015ea\u015f\u0131rtan g\u00f6r\u00fcnt\u00fc","datePublished":"2021-02-08T07:17:02+00:00","mainEntityOfPage":{"@id":"https:\/\/akunq.net\/tr\/?p=61378"},"wordCount":82,"commentCount":0,"image":{"@id":"https:\/\/akunq.net\/tr\/?p=61378#primaryimage"},"thumbnailUrl":"https:\/\/akunq.net\/tr\/wp-content\/uploads\/sites\/6\/2021\/02\/Ta\u015fhan-Mahallesi\u2019ndeki-mezarl\u0131k-ve-evler.jpeg","articleSection":["Haberler"],"inLanguage":"en-US","potentialAction":[{"@type":"CommentAction","name":"Comment","target":["https:\/\/akunq.net\/tr\/?p=61378#respond"]}]},{"@type":"WebPage","@id":"https:\/\/akunq.net\/tr\/?p=61378","url":"https:\/\/akunq.net\/tr\/?p=61378","name":"Baraj sular\u0131 \u00e7ekilince ortaya \u00e7\u0131kt\u0131\u2026 \u015ea\u015f\u0131rtan g\u00f6r\u00fcnt\u00fc - Bati Ermenistan Ve Bati Ermenileri Sorunlari Ara\u015ftirmalar Merkezi","isPartOf":{"@id":"https:\/\/akunq.net\/tr\/#website"},"primaryImageOfPage":{"@id":"https:\/\/akunq.net\/tr\/?p=61378#primaryimage"},"image":{"@id":"https:\/\/akunq.net\/tr\/?p=61378#primaryimage"},"thumbnailUrl":"https:\/\/akunq.net\/tr\/wp-content\/uploads\/sites\/6\/2021\/02\/Ta\u015fhan-Mahallesi\u2019ndeki-mezarl\u0131k-ve-evler.jpeg","datePublished":"2021-02-08T07:17:02+00:00","author":{"@id":"https:\/\/akunq.net\/tr\/#\/schema\/person\/096f1d38a12cce57fb855b485ed24c9e"},"breadcrumb":{"@id":"https:\/\/akunq.net\/tr\/?p=61378#breadcrumb"},"inLanguage":"en-US","potentialAction":[{"@type":"ReadAction","target":["https:\/\/akunq.net\/tr\/?p=61378"]}]},{"@type":"ImageObject","inLanguage":"en-US","@id":"https:\/\/akunq.net\/tr\/?p=61378#primaryimage","url":"https:\/\/akunq.net\/tr\/wp-content\/uploads\/sites\/6\/2021\/02\/Ta\u015fhan-Mahallesi\u2019ndeki-mezarl\u0131k-ve-evler.jpeg","contentUrl":"https:\/\/akunq.net\/tr\/wp-content\/uploads\/sites\/6\/2021\/02\/Ta\u015fhan-Mahallesi\u2019ndeki-mezarl\u0131k-ve-evler.jpeg","width":750,"height":422},{"@type":"BreadcrumbList","@id":"https:\/\/akunq.net\/tr\/?p=61378#breadcrumb","itemListElement":[{"@type":"ListItem","position":1,"name":"Home","item":"https:\/\/akunq.net\/tr"},{"@type":"ListItem","position":2,"name":"Baraj sular\u0131 \u00e7ekilince ortaya \u00e7\u0131kt\u0131\u2026 \u015ea\u015f\u0131rtan g\u00f6r\u00fcnt\u00fc"}]},{"@type":"WebSite","@id":"https:\/\/akunq.net\/tr\/#website","url":"https:\/\/akunq.net\/tr\/","name":"Bati Ermenistan Ve Bati Ermenileri Sorunlari Ara\u015ftirmalar Merkezi","description":"","potentialAction":[{"@type":"SearchAction","target":{"@type":"EntryPoint","urlTemplate":"https:\/\/akunq.net\/tr\/?s={search_term_string}"},"query-input":{"@type":"PropertyValueSpecification","valueRequired":true,"valueName":"search_term_string"}}],"inLanguage":"en-US"},{"@type":"Person","@id":"https:\/\/akunq.net\/tr\/#\/schema\/person\/096f1d38a12cce57fb855b485ed24c9e","name":"admin","url":"https:\/\/akunq.net\/tr\/?author=7"}]}},"_links":{"self":[{"href":"https:\/\/akunq.net\/tr\/index.php?rest_route=\/wp\/v2\/posts\/61378","targetHints":{"allow":["GET"]}}],"collection":[{"href":"https:\/\/akunq.net\/tr\/index.php?rest_route=\/wp\/v2\/posts"}],"about":[{"href":"https:\/\/akunq.net\/tr\/index.php?rest_route=\/wp\/v2\/types\/post"}],"author":[{"embeddable":true,"href":"https:\/\/akunq.net\/tr\/index.php?rest_route=\/wp\/v2\/users\/7"}],"replies":[{"embeddable":true,"href":"https:\/\/akunq.net\/tr\/index.php?rest_route=%2Fwp%2Fv2%2Fcomments&post=61378"}],"version-history":[{"count":1,"href":"https:\/\/akunq.net\/tr\/index.php?rest_route=\/wp\/v2\/posts\/61378\/revisions"}],"predecessor-version":[{"id":61380,"href":"https:\/\/akunq.net\/tr\/index.php?rest_route=\/wp\/v2\/posts\/61378\/revisions\/61380"}],"wp:featuredmedia":[{"embeddable":true,"href":"https:\/\/akunq.net\/tr\/index.php?rest_route=\/wp\/v2\/media\/61379"}],"wp:attachment":[{"href":"https:\/\/akunq.net\/tr\/index.php?rest_route=%2Fwp%2Fv2%2Fmedia&parent=61378"}],"wp:term":[{"taxonomy":"category","embeddable":true,"href":"https:\/\/akunq.net\/tr\/index.php?rest_route=%2Fwp%2Fv2%2Fcategories&post=61378"},{"taxonomy":"post_tag","embeddable":true,"href":"https:\/\/akunq.net\/tr\/index.php?rest_route=%2Fwp%2Fv2%2Ftags&post=61378"}],"curies":[{"name":"wp","href":"https:\/\/api.w.org\/{rel}","templated":true}]}}