{"id":61375,"date":"2021-02-08T02:15:19","date_gmt":"2021-02-08T07:15:19","guid":{"rendered":"https:\/\/akunq.net\/tr\/?p=61375"},"modified":"2021-02-08T02:15:19","modified_gmt":"2021-02-08T07:15:19","slug":"turkiyede-tarihi-kiliseler-geriye-sadece-dort-duvar-kaldi","status":"publish","type":"post","link":"https:\/\/akunq.net\/tr\/?p=61375","title":{"rendered":"T\u00fcrkiye\u2019de tarihi kiliseler: \u201cGeriye sadece d\u00f6rt duvar kald\u0131\u201d"},"content":{"rendered":"<p><img loading=\"lazy\" decoding=\"async\" class=\"aligncenter size-medium wp-image-61376\" src=\"https:\/\/akunq.net\/tr\/wp-content\/uploads\/2021\/02\/T\u00fcrkiye\u2019de-tarihi-kilise-360x203.jpg\" alt=\"\" width=\"360\" height=\"203\" srcset=\"https:\/\/akunq.net\/tr\/wp-content\/uploads\/sites\/6\/2021\/02\/T\u00fcrkiye\u2019de-tarihi-kilise-360x203.jpg 360w, https:\/\/akunq.net\/tr\/wp-content\/uploads\/sites\/6\/2021\/02\/T\u00fcrkiye\u2019de-tarihi-kilise-768x432.jpg 768w, https:\/\/akunq.net\/tr\/wp-content\/uploads\/sites\/6\/2021\/02\/T\u00fcrkiye\u2019de-tarihi-kilise-560x315.jpg 560w, https:\/\/akunq.net\/tr\/wp-content\/uploads\/sites\/6\/2021\/02\/T\u00fcrkiye\u2019de-tarihi-kilise-260x146.jpg 260w, https:\/\/akunq.net\/tr\/wp-content\/uploads\/sites\/6\/2021\/02\/T\u00fcrkiye\u2019de-tarihi-kilise-160x90.jpg 160w, https:\/\/akunq.net\/tr\/wp-content\/uploads\/sites\/6\/2021\/02\/T\u00fcrkiye\u2019de-tarihi-kilise.jpg 940w\" sizes=\"auto, (max-width: 360px) 100vw, 360px\" \/><\/p>\n<p><em><strong>T\u00fcrkiye\u2019de tarihi kiliseler koruma kararlar\u0131na ra\u011fmen yok edilebildi\u011fi gibi var olan ibadet yerlerine y\u00f6nelik sald\u0131r\u0131 ve hakaretler de ya\u015fanabiliyor. Ancak kanunlar, her dini alan\u0131n korunmas\u0131 gerekti\u011fine i\u015faret ediyor.<\/strong><\/em><\/p>\n<p>K\u00fctahya\u2019daki Surp Toros Ermeni Kilisesi, bug\u00fcn art\u0131k yok. Kiliseden geriye, m\u00fclk sahibi taraf\u0131ndan y\u0131k\u0131lmas\u0131 nedeniyle hi\u00e7bir \u015fey kalmad\u0131. D\u00fcnyaca \u00fcnl\u00fc m\u00fczikolog Gomidas\u2019\u0131n vaftiz edildi\u011fi kilisenin tarihi, 17. y\u00fczy\u0131la dayan\u0131yordu. Ermeni toplumu, 2019 y\u0131l\u0131nda K\u00fctahya K\u00fclt\u00fcr Varl\u0131klar\u0131n\u0131 Koruma B\u00f6lge Kurulu karar\u0131yla \u201cKorunmas\u0131 Gerekli Ta\u015f\u0131nmaz\u201d olarak tescil edilen Surp Toros Ermeni Kilisesi\u2019nin k\u00fclt\u00fcr merkezi olmas\u0131n\u0131 talep etmi\u015fti ancak bu talep ger\u00e7ekle\u015fmedi. En son d\u00fc\u011f\u00fcn salonu olarak varl\u0131\u011f\u0131n\u0131 s\u00fcrd\u00fcren kilise binas\u0131n\u0131n ge\u00e7ti\u011fimiz haftalarda tamamen y\u0131k\u0131lmas\u0131yla bir tarih de yok oldu.<\/p>\n<div class=\"twitter-tweet twitter-tweet-rendered\"><iframe id=\"twitter-widget-0\" class=\"\" title=\"Twitter Tweet\" src=\"https:\/\/platform.twitter.com\/embed\/index.html?creatorScreenName=HyeTert&amp;dnt=true&amp;embedId=twitter-widget-0&amp;frame=false&amp;hideCard=false&amp;hideThread=false&amp;id=1357022058488729606&amp;lang=tr&amp;origin=https%3A%2F%2Fhyetert.org%2F2021%2F02%2F07%2Fturkiyede-tarihi-kiliseler-geriye-sadece-dort-duvar-kaldi%2F&amp;siteScreenName=HyeTert&amp;theme=light&amp;widgetsVersion=ed20a2b%3A1601588405575&amp;width=500px\" frameborder=\"0\" scrolling=\"no\" allowfullscreen=\"allowfullscreen\" data-tweet-id=\"1357022058488729606\" data-mce-fragment=\"1\"><\/iframe><\/div>\n<p><strong>Sat\u0131l\u0131k kilise ilanlar\u0131<\/strong><\/p>\n<p>Hrant Dink Vakf\u0131\u2019nda k\u00fclt\u00fcrel miras alan\u0131nda ara\u015ft\u0131rmalar yapan Rudi Sayat Pulatyan, tarihi yap\u0131lar\u0131n sahipli\u011fi konusundaki sorunlar nedeniyle benzer durumlar\u0131n ya\u015fanabildi\u011fini s\u00f6yl\u00fcyor. \u201cKiliseler, ayn\u0131 camilerde oldu\u011fu gibi, birinin m\u00fclk\u00fc de\u011fildir. Ancak bug\u00fcn T\u00fcrkiye\u2019de insanlar\u0131n kiliseleri olabiliyor ve bunu sat\u0131\u015fa \u00e7\u0131karabiliyorlar\u201d diyor. Pulatyan\u2019\u0131n dikkat \u00e7ekti\u011fi sorun nedeniyle, kimi zaman internet sitelerinde \u201cSat\u0131l\u0131k Kilise\u201d ilan\u0131 olabiliyor.<\/p>\n<p>\u201cTarihi eser ka\u00e7ak\u00e7\u0131l\u0131\u011f\u0131 yapsan\u0131z, \u2018Yasa d\u0131\u015f\u0131 bir \u015fey yap\u0131yorum\u2019 diye ilan a\u00e7amazs\u0131n\u0131z mesela ama kiliselerde b\u00f6yle de\u011fil. Ki\u015fide tapusu var. Dedesinden ya bir ba\u015fkas\u0131ndan ona kalm\u0131\u015f.<\/p>\n<figure id=\"attachment_387162\" class=\"wp-caption alignnone\" aria-describedby=\"caption-attachment-387162\"><img loading=\"lazy\" decoding=\"async\" class=\"size-medium wp-image-387162\" src=\"https:\/\/i2.wp.com\/hyetert.org\/wp-content\/uploads\/2021\/02\/56444897_401.jpg?resize=300%2C169&amp;ssl=1\" sizes=\"auto, (max-width: 300px) 100vw, 300px\" srcset=\"https:\/\/i2.wp.com\/hyetert.org\/wp-content\/uploads\/2021\/02\/56444897_401.jpg?resize=300%2C169&amp;ssl=1 300w, https:\/\/i2.wp.com\/hyetert.org\/wp-content\/uploads\/2021\/02\/56444897_401.jpg?w=700&amp;ssl=1 700w\" alt=\"\" width=\"300\" height=\"169\" data-recalc-dims=\"1\" \/><figcaption id=\"caption-attachment-387162\" class=\"wp-caption-text\">K\u00fctahya\u2019daki Surp Toros Ermeni Kilisesi, bug\u00fcn art\u0131k yok<\/figcaption><\/figure>\n<p><strong>\u201cKoruma karar\u0131na ra\u011fmen nas\u0131l y\u0131k\u0131l\u0131r?\u201d<\/strong><\/p>\n<p>Hrant Dink Vakf\u0131 2011\u2019den beri k\u00fclt\u00fcrel miras\u0131n korunmas\u0131 i\u00e7in \u00e7al\u0131\u015fmalar yap\u0131yor. Fakat bu \u00e7al\u0131\u015fmalar\u0131 s\u00fcrd\u00fcrmek \u00e7e\u015fitli nedenlerden dolay\u0131 her zaman kolay olmuyor. \u00d6zellikle Anadolu\u2019daki k\u00fc\u00e7\u00fck \u015fehirlerde \u00e7al\u0131\u015fmalar bazen daha zor. Pulatyan bunun nedenini, \u201cErmeni n\u00fcfusunun veya Rumlar\u0131n, Yahudilerin oldu\u011fu yerlerde art\u0131k onlara dair bir iz kalmad\u0131\u011f\u0131 i\u00e7in neyin nerede oldu\u011funu bulmak bile zor. \u0130hti\u015faml\u0131 bir kilise hayal edin, art\u0131k o kiliseden geriye sadece d\u00f6rt tane duvar kalm\u0131\u015f. Foto\u011frafta g\u00f6rd\u00fc\u011f\u00fcn\u00fcz yap\u0131yla g\u00f6z\u00fcn\u00fczle g\u00f6rd\u00fc\u011f\u00fcn\u00fcz\u00fcn ayn\u0131 yap\u0131 oldu\u011funa inanam\u0131yorsunuz\u201d diyor.<\/p>\n<p>Tarihi yap\u0131lar\u0131n korunmas\u0131 i\u00e7in al\u0131nan kararlar olsa da K\u00fctahya\u2019daki y\u0131k\u0131lan kilise \u00f6rne\u011finde oldu\u011fu gibi bu kararlar her zaman uygulanm\u0131yor. HDP Milletvekili Garo Paylan, y\u0131k\u0131lan kilise ile ilgili verdi\u011fi soru \u00f6nergesinde, kilisenin koruma karar\u0131na ra\u011fmen nas\u0131l y\u0131k\u0131ld\u0131\u011f\u0131n\u0131, koruma alt\u0131na al\u0131nan kilisenin y\u0131k\u0131lmas\u0131na yol veren kamu g\u00f6revlileri hakk\u0131nda soru\u015fturma ba\u015flat\u0131l\u0131p ba\u015flat\u0131lmad\u0131\u011f\u0131n\u0131, kilisenin asl\u0131na uygun yeniden yap\u0131lmas\u0131 i\u00e7in bir giri\u015fim olup olmad\u0131\u011f\u0131n\u0131 sordu.<\/p>\n<p><strong>Kilise duvar\u0131na tehdit, kap\u0131ya at\u0131lan ses bombas\u0131<\/strong><\/p>\n<p>Var olan kiliseler i\u00e7inse ayr\u0131 sorunlar ba\u015f g\u00f6sterebiliyor. Urfa\u2019da G\u00f6beklitepe\u2019ye be\u015f kilometre uzakl\u0131kta bulunan tarihi Germu\u015f Kilisesi\u2019nde ya\u015fananlar, sorunlara dair sadece bir \u00f6rnek. 2011\u2019de K\u00fclt\u00fcr ve Turizm Bakanl\u0131\u011f\u0131\u2019n\u0131n teklifi \u00fczerine Bakanlar Kurulu, kilise ve \u00e7evresini \u201cturizm geli\u015fim merkezi\u201d olarak ilan etti. Ancak ge\u00e7ti\u011fimiz haftalarda kilisenin i\u00e7inde mangal yap\u0131ld\u0131\u011f\u0131 g\u00f6r\u00fcnt\u00fcler bas\u0131na yans\u0131d\u0131. \u0130badet yerlerine y\u00f6nelik sayg\u0131s\u0131zca davran\u0131\u015flar bazen sald\u0131r\u0131 boyutuna da ula\u015fabiliyor.<\/p>\n<figure id=\"attachment_387164\" class=\"wp-caption alignnone\" aria-describedby=\"caption-attachment-387164\"><img loading=\"lazy\" decoding=\"async\" class=\"size-medium wp-image-387164\" src=\"https:\/\/i2.wp.com\/hyetert.org\/wp-content\/uploads\/2021\/02\/56444910_401.jpg?resize=300%2C169&amp;ssl=1\" sizes=\"auto, (max-width: 300px) 100vw, 300px\" srcset=\"https:\/\/i2.wp.com\/hyetert.org\/wp-content\/uploads\/2021\/02\/56444910_401.jpg?resize=300%2C169&amp;ssl=1 300w, https:\/\/i2.wp.com\/hyetert.org\/wp-content\/uploads\/2021\/02\/56444910_401.jpg?w=700&amp;ssl=1 700w\" alt=\"\" width=\"300\" height=\"169\" data-recalc-dims=\"1\" \/><figcaption id=\"caption-attachment-387164\" class=\"wp-caption-text\">Sat\u0131l\u0131k kilise ilanlar\u0131na rastlanabiliyor<\/figcaption><\/figure>\n<p>\u0130nan\u00e7 \u00d6zg\u00fcrl\u00fc\u011f\u00fc Giri\u015fimi\u2019nden Dr. Mine Y\u0131ld\u0131r\u0131m, \u201cTehdit i\u00e7erikli duvar yaz\u0131lar\u0131n\u0131n \u00f6zellikle Noel d\u00f6neminde artabildi\u011fini g\u00f6r\u00fcyoruz. Kilise binalar\u0131n\u0131n \u00f6n\u00fcne \u00e7\u00f6p d\u00f6k\u00fclmesi, camlar\u0131na ta\u015f at\u0131lmas\u0131 ya da ibadet s\u0131ras\u0131nda yan\u0131c\u0131 madde at\u0131lmas\u0131 gibi sald\u0131r\u0131lar da olabiliyor\u201d diyor.<\/p>\n<p>Nisan 2018\u2019de \u00f6n\u00fcne \u00e7\u00f6p y\u0131\u011f\u0131lan Kad\u0131k\u00f6y Surp Takavor Ermeni Kilisesi\u2019nin duvar\u0131na yaz\u0131lan \u201cErzurumlu 25 bu vatan bizim\u201d yaz\u0131s\u0131, Ocak 2019\u2019da Mardin Protestan Kilisesi\u2019ne ibadet s\u0131ras\u0131nda kilise binas\u0131 kap\u0131s\u0131na at\u0131lan ses patlay\u0131c\u0131, \u015eubat 2019\u2019da \u0130stanbul\u2019un Balat semtindeki Surp Hre\u015fdagabet Ermeni Kilisesi\u2019nin duvar\u0131na yaz\u0131lan tehdit i\u00e7erikli ifadeler, son d\u00f6nemde ger\u00e7ekle\u015fen sald\u0131r\u0131lardan baz\u0131lar\u0131. Y\u0131ld\u0131r\u0131m, kimi zaman mezarl\u0131klara y\u00f6nelik sald\u0131r\u0131lar da olabildi\u011fi gibi din g\u00f6revlilerine y\u00f6nelik tehditler olabildi\u011fini de s\u00f6yl\u00fcyor.<\/p>\n<p><strong>\u201cToplumu a\u015fa\u011f\u0131lama unsuru g\u00f6zard\u0131 ediliyor\u201d<\/strong><\/p>\n<p>T\u00fcrk Ceza Kanunu\u2019nun 153. maddesi ibadethanelere zarar veren ki\u015filere d\u00f6rt y\u0131la kadar hapis cezas\u0131 verilmesini d\u00fczenliyor. Bu ceza, sald\u0131r\u0131n\u0131n ibadet yeriyle ilgili topluma y\u00f6nelik a\u015fa\u011f\u0131lama amac\u0131 ile ger\u00e7ekle\u015fmesi durumunda \u00fc\u00e7te bir oran\u0131nda art\u0131yor. Fakat Y\u0131ld\u0131r\u0131m\u2019a g\u00f6re, bu konuda da ya\u015fanan s\u0131k\u0131nt\u0131lar var.<\/p>\n<p>\u201cTa\u015flanan, cam\u0131 k\u0131r\u0131lan, \u00f6n\u00fcne \u00e7\u00f6p d\u00f6k\u00fclen veya duvarlar\u0131na grafitti yaz\u0131lan toplumlar ne kadar \u015fikayette bulunuyor? \u0130lgili toplum kesimini a\u015fa\u011f\u0131lama amac\u0131 ya da hakaret amac\u0131yla yap\u0131lm\u0131\u015f olmas\u0131 unsuru \u00e7o\u011funlukla g\u00f6zard\u0131 ediliyor.\u201d<\/p>\n<figure id=\"attachment_387165\" class=\"wp-caption alignnone\" aria-describedby=\"caption-attachment-387165\"><img loading=\"lazy\" decoding=\"async\" class=\"size-medium wp-image-387165\" src=\"https:\/\/i1.wp.com\/hyetert.org\/wp-content\/uploads\/2021\/02\/56444895_401.jpg?resize=300%2C169&amp;ssl=1\" sizes=\"auto, (max-width: 300px) 100vw, 300px\" srcset=\"https:\/\/i1.wp.com\/hyetert.org\/wp-content\/uploads\/2021\/02\/56444895_401.jpg?resize=300%2C169&amp;ssl=1 300w, https:\/\/i1.wp.com\/hyetert.org\/wp-content\/uploads\/2021\/02\/56444895_401.jpg?w=700&amp;ssl=1 700w\" alt=\"\" width=\"300\" height=\"169\" data-recalc-dims=\"1\" \/><figcaption id=\"caption-attachment-387165\" class=\"wp-caption-text\">K\u00fctahya\u2019daki Meryem Ana Kilisesi<\/figcaption><\/figure>\n<p>Y\u0131ld\u0131r\u0131m, sadece bir ibadet yerine veya mezarl\u0131\u011fa zarar verme \u015feklinde de\u011ferlendirildi\u011finde verilen cezalar\u0131n para cezas\u0131na d\u00f6n\u00fc\u015ft\u00fcr\u00fclebildi\u011fini veya ertelenebildi\u011fini, bu nedenle ortaya \u00e7\u0131kan cezas\u0131zl\u0131\u011f\u0131n da benzer vakalar\u0131n tekrarlanmas\u0131na neden olabildi\u011fini s\u00f6yl\u00fcyor.<\/p>\n<p>Protestan Kiliseler Derne\u011fi, \u201c2019 Hak \u0130hlalleri \u0130zleme Raporu\u201dnda, gerek ulusal gerekse uluslararas\u0131 yasalarda ve \u0130nsan Haklar\u0131 Evrensel Beyannamesi\u2019nde en temel insan haklar\u0131ndan biri olarak d\u00fczenlenen din ve inan\u00e7 \u00f6zg\u00fcrl\u00fc\u011f\u00fcn\u00fcn T\u00fcrkiye\u2019de de anayasal g\u00fcvence alt\u0131nda oldu\u011fu hat\u0131rlat\u0131l\u0131yor. Mine Y\u0131ld\u0131r\u0131m da, ibadet yerlerinin korunmas\u0131na dair \u00e7ok say\u0131da Birle\u015fmi\u015f Milletler karar\u0131 oldu\u011funa vurgu yap\u0131yor. \u201cKanunlara g\u00f6re her din veya inanc\u0131n dini alanlar\u0131n\u0131n korunmas\u0131 gerekiyor\u201d diyor.<\/p>\n<p><strong><em>Burcu Karaka\u015f<\/em><\/strong><\/p>\n<hr \/>\n<p><em><strong><a href=\"https:\/\/www.dw.com\/tr\/t%C3%BCrkiyede-tarihi-kiliseler-geriye-sadece-d%C3%B6rt-duvar-kald%C4%B1\/a-56456573?maca=tur-rss-tur-all-1495-rdf\" target=\"_blank\" rel=\"noopener noreferrer\">Deutsche Welle<\/a><\/strong><\/em><\/p>\n","protected":false},"excerpt":{"rendered":"<p>T\u00fcrkiye\u2019de tarihi kiliseler koruma kararlar\u0131na ra\u011fmen yok edilebildi\u011fi gibi var olan ibadet yerlerine y\u00f6nelik sald\u0131r\u0131 ve hakaretler de ya\u015fanabiliyor. Ancak kanunlar, her dini alan\u0131n korunmas\u0131 gerekti\u011fine i\u015faret ediyor. K\u00fctahya\u2019daki Surp Toros Ermeni Kilisesi, bug\u00fcn art\u0131k yok. Kiliseden geriye, m\u00fclk sahibi taraf\u0131ndan y\u0131k\u0131lmas\u0131 nedeniyle hi\u00e7bir \u015fey kalmad\u0131. D\u00fcnyaca \u00fcnl\u00fc m\u00fczikolog Gomidas\u2019\u0131n vaftiz edildi\u011fi kilisenin tarihi, 17. [&hellip;]<\/p>\n","protected":false},"author":7,"featured_media":61376,"comment_status":"open","ping_status":"open","sticky":false,"template":"","format":"standard","meta":{"footnotes":""},"categories":[1],"tags":[],"class_list":["post-61375","post","type-post","status-publish","format-standard","has-post-thumbnail","hentry","category-haberler"],"yoast_head":"<!-- This site is optimized with the Yoast SEO plugin v27.4 - https:\/\/yoast.com\/product\/yoast-seo-wordpress\/ -->\n<title>T\u00fcrkiye\u2019de tarihi kiliseler: \u201cGeriye sadece d\u00f6rt duvar kald\u0131\u201d - Bati Ermenistan Ve Bati Ermenileri Sorunlari Ara\u015ftirmalar Merkezi<\/title>\n<meta name=\"robots\" content=\"index, follow, max-snippet:-1, max-image-preview:large, max-video-preview:-1\" \/>\n<link rel=\"canonical\" href=\"https:\/\/akunq.net\/tr\/?p=61375\" \/>\n<meta property=\"og:locale\" content=\"en_US\" \/>\n<meta property=\"og:type\" content=\"article\" \/>\n<meta property=\"og:title\" content=\"T\u00fcrkiye\u2019de tarihi kiliseler: \u201cGeriye sadece d\u00f6rt duvar kald\u0131\u201d - Bati Ermenistan Ve Bati Ermenileri Sorunlari Ara\u015ftirmalar Merkezi\" \/>\n<meta property=\"og:description\" content=\"T\u00fcrkiye\u2019de tarihi kiliseler koruma kararlar\u0131na ra\u011fmen yok edilebildi\u011fi gibi var olan ibadet yerlerine y\u00f6nelik sald\u0131r\u0131 ve hakaretler de ya\u015fanabiliyor. Ancak kanunlar, her dini alan\u0131n korunmas\u0131 gerekti\u011fine i\u015faret ediyor. K\u00fctahya\u2019daki Surp Toros Ermeni Kilisesi, bug\u00fcn art\u0131k yok. Kiliseden geriye, m\u00fclk sahibi taraf\u0131ndan y\u0131k\u0131lmas\u0131 nedeniyle hi\u00e7bir \u015fey kalmad\u0131. D\u00fcnyaca \u00fcnl\u00fc m\u00fczikolog Gomidas\u2019\u0131n vaftiz edildi\u011fi kilisenin tarihi, 17. [&hellip;]\" \/>\n<meta property=\"og:url\" content=\"https:\/\/akunq.net\/tr\/?p=61375\" \/>\n<meta property=\"og:site_name\" content=\"Bati Ermenistan Ve Bati Ermenileri Sorunlari Ara\u015ftirmalar Merkezi\" \/>\n<meta property=\"article:published_time\" content=\"2021-02-08T07:15:19+00:00\" \/>\n<meta property=\"og:image\" content=\"https:\/\/akunq.net\/tr\/wp-content\/uploads\/sites\/6\/2021\/02\/T\u00fcrkiye\u2019de-tarihi-kilise.jpg\" \/>\n\t<meta property=\"og:image:width\" content=\"940\" \/>\n\t<meta property=\"og:image:height\" content=\"529\" \/>\n\t<meta property=\"og:image:type\" content=\"image\/jpeg\" \/>\n<meta name=\"author\" content=\"admin\" \/>\n<meta name=\"twitter:card\" content=\"summary_large_image\" \/>\n<meta name=\"twitter:label1\" content=\"Written by\" \/>\n\t<meta name=\"twitter:data1\" content=\"admin\" \/>\n\t<meta name=\"twitter:label2\" content=\"Est. reading time\" \/>\n\t<meta name=\"twitter:data2\" content=\"5 minutes\" \/>\n<script type=\"application\/ld+json\" class=\"yoast-schema-graph\">{\"@context\":\"https:\\\/\\\/schema.org\",\"@graph\":[{\"@type\":\"Article\",\"@id\":\"https:\\\/\\\/akunq.net\\\/tr\\\/?p=61375#article\",\"isPartOf\":{\"@id\":\"https:\\\/\\\/akunq.net\\\/tr\\\/?p=61375\"},\"author\":{\"name\":\"admin\",\"@id\":\"https:\\\/\\\/akunq.net\\\/tr\\\/#\\\/schema\\\/person\\\/096f1d38a12cce57fb855b485ed24c9e\"},\"headline\":\"T\u00fcrkiye\u2019de tarihi kiliseler: \u201cGeriye sadece d\u00f6rt duvar kald\u0131\u201d\",\"datePublished\":\"2021-02-08T07:15:19+00:00\",\"mainEntityOfPage\":{\"@id\":\"https:\\\/\\\/akunq.net\\\/tr\\\/?p=61375\"},\"wordCount\":1067,\"commentCount\":0,\"image\":{\"@id\":\"https:\\\/\\\/akunq.net\\\/tr\\\/?p=61375#primaryimage\"},\"thumbnailUrl\":\"https:\\\/\\\/akunq.net\\\/tr\\\/wp-content\\\/uploads\\\/sites\\\/6\\\/2021\\\/02\\\/T\u00fcrkiye\u2019de-tarihi-kilise.jpg\",\"articleSection\":[\"Haberler\"],\"inLanguage\":\"en-US\",\"potentialAction\":[{\"@type\":\"CommentAction\",\"name\":\"Comment\",\"target\":[\"https:\\\/\\\/akunq.net\\\/tr\\\/?p=61375#respond\"]}]},{\"@type\":\"WebPage\",\"@id\":\"https:\\\/\\\/akunq.net\\\/tr\\\/?p=61375\",\"url\":\"https:\\\/\\\/akunq.net\\\/tr\\\/?p=61375\",\"name\":\"T\u00fcrkiye\u2019de tarihi kiliseler: \u201cGeriye sadece d\u00f6rt duvar kald\u0131\u201d - Bati Ermenistan Ve Bati Ermenileri Sorunlari Ara\u015ftirmalar Merkezi\",\"isPartOf\":{\"@id\":\"https:\\\/\\\/akunq.net\\\/tr\\\/#website\"},\"primaryImageOfPage\":{\"@id\":\"https:\\\/\\\/akunq.net\\\/tr\\\/?p=61375#primaryimage\"},\"image\":{\"@id\":\"https:\\\/\\\/akunq.net\\\/tr\\\/?p=61375#primaryimage\"},\"thumbnailUrl\":\"https:\\\/\\\/akunq.net\\\/tr\\\/wp-content\\\/uploads\\\/sites\\\/6\\\/2021\\\/02\\\/T\u00fcrkiye\u2019de-tarihi-kilise.jpg\",\"datePublished\":\"2021-02-08T07:15:19+00:00\",\"author\":{\"@id\":\"https:\\\/\\\/akunq.net\\\/tr\\\/#\\\/schema\\\/person\\\/096f1d38a12cce57fb855b485ed24c9e\"},\"breadcrumb\":{\"@id\":\"https:\\\/\\\/akunq.net\\\/tr\\\/?p=61375#breadcrumb\"},\"inLanguage\":\"en-US\",\"potentialAction\":[{\"@type\":\"ReadAction\",\"target\":[\"https:\\\/\\\/akunq.net\\\/tr\\\/?p=61375\"]}]},{\"@type\":\"ImageObject\",\"inLanguage\":\"en-US\",\"@id\":\"https:\\\/\\\/akunq.net\\\/tr\\\/?p=61375#primaryimage\",\"url\":\"https:\\\/\\\/akunq.net\\\/tr\\\/wp-content\\\/uploads\\\/sites\\\/6\\\/2021\\\/02\\\/T\u00fcrkiye\u2019de-tarihi-kilise.jpg\",\"contentUrl\":\"https:\\\/\\\/akunq.net\\\/tr\\\/wp-content\\\/uploads\\\/sites\\\/6\\\/2021\\\/02\\\/T\u00fcrkiye\u2019de-tarihi-kilise.jpg\",\"width\":940,\"height\":529},{\"@type\":\"BreadcrumbList\",\"@id\":\"https:\\\/\\\/akunq.net\\\/tr\\\/?p=61375#breadcrumb\",\"itemListElement\":[{\"@type\":\"ListItem\",\"position\":1,\"name\":\"Home\",\"item\":\"https:\\\/\\\/akunq.net\\\/tr\"},{\"@type\":\"ListItem\",\"position\":2,\"name\":\"T\u00fcrkiye\u2019de tarihi kiliseler: \u201cGeriye sadece d\u00f6rt duvar kald\u0131\u201d\"}]},{\"@type\":\"WebSite\",\"@id\":\"https:\\\/\\\/akunq.net\\\/tr\\\/#website\",\"url\":\"https:\\\/\\\/akunq.net\\\/tr\\\/\",\"name\":\"Bati Ermenistan Ve Bati Ermenileri Sorunlari Ara\u015ftirmalar Merkezi\",\"description\":\"\",\"potentialAction\":[{\"@type\":\"SearchAction\",\"target\":{\"@type\":\"EntryPoint\",\"urlTemplate\":\"https:\\\/\\\/akunq.net\\\/tr\\\/?s={search_term_string}\"},\"query-input\":{\"@type\":\"PropertyValueSpecification\",\"valueRequired\":true,\"valueName\":\"search_term_string\"}}],\"inLanguage\":\"en-US\"},{\"@type\":\"Person\",\"@id\":\"https:\\\/\\\/akunq.net\\\/tr\\\/#\\\/schema\\\/person\\\/096f1d38a12cce57fb855b485ed24c9e\",\"name\":\"admin\",\"url\":\"https:\\\/\\\/akunq.net\\\/tr\\\/?author=7\"}]}<\/script>\n<!-- \/ Yoast SEO plugin. -->","yoast_head_json":{"title":"T\u00fcrkiye\u2019de tarihi kiliseler: \u201cGeriye sadece d\u00f6rt duvar kald\u0131\u201d - Bati Ermenistan Ve Bati Ermenileri Sorunlari Ara\u015ftirmalar Merkezi","robots":{"index":"index","follow":"follow","max-snippet":"max-snippet:-1","max-image-preview":"max-image-preview:large","max-video-preview":"max-video-preview:-1"},"canonical":"https:\/\/akunq.net\/tr\/?p=61375","og_locale":"en_US","og_type":"article","og_title":"T\u00fcrkiye\u2019de tarihi kiliseler: \u201cGeriye sadece d\u00f6rt duvar kald\u0131\u201d - Bati Ermenistan Ve Bati Ermenileri Sorunlari Ara\u015ftirmalar Merkezi","og_description":"T\u00fcrkiye\u2019de tarihi kiliseler koruma kararlar\u0131na ra\u011fmen yok edilebildi\u011fi gibi var olan ibadet yerlerine y\u00f6nelik sald\u0131r\u0131 ve hakaretler de ya\u015fanabiliyor. Ancak kanunlar, her dini alan\u0131n korunmas\u0131 gerekti\u011fine i\u015faret ediyor. K\u00fctahya\u2019daki Surp Toros Ermeni Kilisesi, bug\u00fcn art\u0131k yok. Kiliseden geriye, m\u00fclk sahibi taraf\u0131ndan y\u0131k\u0131lmas\u0131 nedeniyle hi\u00e7bir \u015fey kalmad\u0131. D\u00fcnyaca \u00fcnl\u00fc m\u00fczikolog Gomidas\u2019\u0131n vaftiz edildi\u011fi kilisenin tarihi, 17. [&hellip;]","og_url":"https:\/\/akunq.net\/tr\/?p=61375","og_site_name":"Bati Ermenistan Ve Bati Ermenileri Sorunlari Ara\u015ftirmalar Merkezi","article_published_time":"2021-02-08T07:15:19+00:00","og_image":[{"width":940,"height":529,"url":"https:\/\/akunq.net\/tr\/wp-content\/uploads\/sites\/6\/2021\/02\/T\u00fcrkiye\u2019de-tarihi-kilise.jpg","type":"image\/jpeg"}],"author":"admin","twitter_card":"summary_large_image","twitter_misc":{"Written by":"admin","Est. reading time":"5 minutes"},"schema":{"@context":"https:\/\/schema.org","@graph":[{"@type":"Article","@id":"https:\/\/akunq.net\/tr\/?p=61375#article","isPartOf":{"@id":"https:\/\/akunq.net\/tr\/?p=61375"},"author":{"name":"admin","@id":"https:\/\/akunq.net\/tr\/#\/schema\/person\/096f1d38a12cce57fb855b485ed24c9e"},"headline":"T\u00fcrkiye\u2019de tarihi kiliseler: \u201cGeriye sadece d\u00f6rt duvar kald\u0131\u201d","datePublished":"2021-02-08T07:15:19+00:00","mainEntityOfPage":{"@id":"https:\/\/akunq.net\/tr\/?p=61375"},"wordCount":1067,"commentCount":0,"image":{"@id":"https:\/\/akunq.net\/tr\/?p=61375#primaryimage"},"thumbnailUrl":"https:\/\/akunq.net\/tr\/wp-content\/uploads\/sites\/6\/2021\/02\/T\u00fcrkiye\u2019de-tarihi-kilise.jpg","articleSection":["Haberler"],"inLanguage":"en-US","potentialAction":[{"@type":"CommentAction","name":"Comment","target":["https:\/\/akunq.net\/tr\/?p=61375#respond"]}]},{"@type":"WebPage","@id":"https:\/\/akunq.net\/tr\/?p=61375","url":"https:\/\/akunq.net\/tr\/?p=61375","name":"T\u00fcrkiye\u2019de tarihi kiliseler: \u201cGeriye sadece d\u00f6rt duvar kald\u0131\u201d - Bati Ermenistan Ve Bati Ermenileri Sorunlari Ara\u015ftirmalar Merkezi","isPartOf":{"@id":"https:\/\/akunq.net\/tr\/#website"},"primaryImageOfPage":{"@id":"https:\/\/akunq.net\/tr\/?p=61375#primaryimage"},"image":{"@id":"https:\/\/akunq.net\/tr\/?p=61375#primaryimage"},"thumbnailUrl":"https:\/\/akunq.net\/tr\/wp-content\/uploads\/sites\/6\/2021\/02\/T\u00fcrkiye\u2019de-tarihi-kilise.jpg","datePublished":"2021-02-08T07:15:19+00:00","author":{"@id":"https:\/\/akunq.net\/tr\/#\/schema\/person\/096f1d38a12cce57fb855b485ed24c9e"},"breadcrumb":{"@id":"https:\/\/akunq.net\/tr\/?p=61375#breadcrumb"},"inLanguage":"en-US","potentialAction":[{"@type":"ReadAction","target":["https:\/\/akunq.net\/tr\/?p=61375"]}]},{"@type":"ImageObject","inLanguage":"en-US","@id":"https:\/\/akunq.net\/tr\/?p=61375#primaryimage","url":"https:\/\/akunq.net\/tr\/wp-content\/uploads\/sites\/6\/2021\/02\/T\u00fcrkiye\u2019de-tarihi-kilise.jpg","contentUrl":"https:\/\/akunq.net\/tr\/wp-content\/uploads\/sites\/6\/2021\/02\/T\u00fcrkiye\u2019de-tarihi-kilise.jpg","width":940,"height":529},{"@type":"BreadcrumbList","@id":"https:\/\/akunq.net\/tr\/?p=61375#breadcrumb","itemListElement":[{"@type":"ListItem","position":1,"name":"Home","item":"https:\/\/akunq.net\/tr"},{"@type":"ListItem","position":2,"name":"T\u00fcrkiye\u2019de tarihi kiliseler: \u201cGeriye sadece d\u00f6rt duvar kald\u0131\u201d"}]},{"@type":"WebSite","@id":"https:\/\/akunq.net\/tr\/#website","url":"https:\/\/akunq.net\/tr\/","name":"Bati Ermenistan Ve Bati Ermenileri Sorunlari Ara\u015ftirmalar Merkezi","description":"","potentialAction":[{"@type":"SearchAction","target":{"@type":"EntryPoint","urlTemplate":"https:\/\/akunq.net\/tr\/?s={search_term_string}"},"query-input":{"@type":"PropertyValueSpecification","valueRequired":true,"valueName":"search_term_string"}}],"inLanguage":"en-US"},{"@type":"Person","@id":"https:\/\/akunq.net\/tr\/#\/schema\/person\/096f1d38a12cce57fb855b485ed24c9e","name":"admin","url":"https:\/\/akunq.net\/tr\/?author=7"}]}},"_links":{"self":[{"href":"https:\/\/akunq.net\/tr\/index.php?rest_route=\/wp\/v2\/posts\/61375","targetHints":{"allow":["GET"]}}],"collection":[{"href":"https:\/\/akunq.net\/tr\/index.php?rest_route=\/wp\/v2\/posts"}],"about":[{"href":"https:\/\/akunq.net\/tr\/index.php?rest_route=\/wp\/v2\/types\/post"}],"author":[{"embeddable":true,"href":"https:\/\/akunq.net\/tr\/index.php?rest_route=\/wp\/v2\/users\/7"}],"replies":[{"embeddable":true,"href":"https:\/\/akunq.net\/tr\/index.php?rest_route=%2Fwp%2Fv2%2Fcomments&post=61375"}],"version-history":[{"count":1,"href":"https:\/\/akunq.net\/tr\/index.php?rest_route=\/wp\/v2\/posts\/61375\/revisions"}],"predecessor-version":[{"id":61377,"href":"https:\/\/akunq.net\/tr\/index.php?rest_route=\/wp\/v2\/posts\/61375\/revisions\/61377"}],"wp:featuredmedia":[{"embeddable":true,"href":"https:\/\/akunq.net\/tr\/index.php?rest_route=\/wp\/v2\/media\/61376"}],"wp:attachment":[{"href":"https:\/\/akunq.net\/tr\/index.php?rest_route=%2Fwp%2Fv2%2Fmedia&parent=61375"}],"wp:term":[{"taxonomy":"category","embeddable":true,"href":"https:\/\/akunq.net\/tr\/index.php?rest_route=%2Fwp%2Fv2%2Fcategories&post=61375"},{"taxonomy":"post_tag","embeddable":true,"href":"https:\/\/akunq.net\/tr\/index.php?rest_route=%2Fwp%2Fv2%2Ftags&post=61375"}],"curies":[{"name":"wp","href":"https:\/\/api.w.org\/{rel}","templated":true}]}}