{"id":61369,"date":"2021-02-08T02:05:44","date_gmt":"2021-02-08T07:05:44","guid":{"rendered":"https:\/\/akunq.net\/tr\/?p=61369"},"modified":"2021-02-08T02:05:44","modified_gmt":"2021-02-08T07:05:44","slug":"gecmisin-sesi-amida-konserleri-bu-aksam-yayinda","status":"publish","type":"post","link":"https:\/\/akunq.net\/tr\/?p=61369","title":{"rendered":"\u2018Ge\u00e7mi\u015fin Sesi Amida Konserleri\u2019 bu ak\u015fam yay\u0131nda"},"content":{"rendered":"<p><img loading=\"lazy\" decoding=\"async\" class=\"aligncenter size-medium wp-image-61370\" src=\"https:\/\/akunq.net\/tr\/wp-content\/uploads\/2021\/02\/Ge\u00e7mi\u015fin-Sesi-Amida-360x227.jpg\" alt=\"\" width=\"360\" height=\"227\" srcset=\"https:\/\/akunq.net\/tr\/wp-content\/uploads\/sites\/6\/2021\/02\/Ge\u00e7mi\u015fin-Sesi-Amida-360x227.jpg 360w, https:\/\/akunq.net\/tr\/wp-content\/uploads\/sites\/6\/2021\/02\/Ge\u00e7mi\u015fin-Sesi-Amida-768x484.jpg 768w, https:\/\/akunq.net\/tr\/wp-content\/uploads\/sites\/6\/2021\/02\/Ge\u00e7mi\u015fin-Sesi-Amida-560x353.jpg 560w, https:\/\/akunq.net\/tr\/wp-content\/uploads\/sites\/6\/2021\/02\/Ge\u00e7mi\u015fin-Sesi-Amida-260x164.jpg 260w, https:\/\/akunq.net\/tr\/wp-content\/uploads\/sites\/6\/2021\/02\/Ge\u00e7mi\u015fin-Sesi-Amida-160x101.jpg 160w, https:\/\/akunq.net\/tr\/wp-content\/uploads\/sites\/6\/2021\/02\/Ge\u00e7mi\u015fin-Sesi-Amida.jpg 1500w\" sizes=\"auto, (max-width: 360px) 100vw, 360px\" \/><\/p>\n<p><em><strong>DTSO\u2019nun tarihi mek\u00e2nlarda d\u00fczenledi\u011fi \u2018Ge\u00e7mi\u015fin Sesi Amida Konserleri\u2019nin d\u00f6rd\u00fcnc\u00fcs\u00fc, D\u00eara Mor Petyun Katolik Ermeni Kilisesi\u2019nde ger\u00e7ekle\u015ftirildi. Konser, bu ak\u015fam saat 20.00\u2019da yay\u0131nlanacak.<\/strong><\/em><\/p>\n<p>DUVAR \u2013 Diyarbak\u0131r Ticaret ve Sanayi Odas\u0131\u2019n\u0131n (DTSO), kentin tarihi mek\u00e2nlar\u0131nda \u201cGe\u00e7mi\u015fin Sesi Amida Konserleri\u201d ad\u0131yla d\u00fczenledi\u011fi konserler dizisi devam ediyor. Dijital ortamda yay\u0131nlanan konserlerin d\u00f6rd\u00fcnc\u00fcs\u00fc, Sur il\u00e7esinde 16\u2019\u0131nc\u0131 y\u00fczy\u0131lda in\u015fa edilen D\u00eara Mor Petyun Katolik Ermeni Kilisesi\u2019nde ger\u00e7ekle\u015ftirildi.<\/p>\n<p>Mezopotamya Ajans\u0131\u2019n\u0131n haberine g\u00f6re, sanat\u00e7\u0131lar konserde, K\u00fcrt\u00e7enin Kurmanci, Dimilk\u00ee, Soran\u00ee ve Hewram\u00ee leh\u00e7eleri ile birlikte Ermenice ve T\u00fcrk\u00e7e, ezgiler ve kilamlar seslendirdi.<\/p>\n<p><strong>MEY VE KEMEN\u00c7E EZG\u0130S\u0130<\/strong><\/p>\n<p>MA M\u00fczik sanat\u00e7\u0131lar\u0131 ve konuk sanat\u00e7\u0131lardan mey ustas\u0131 Ertan Tekin ve kemen\u00e7e ustas\u0131 Hashem Rashadat\u2019\u0131n da yer ald\u0131\u011f\u0131 konser, bu ak\u015fam saat 20.00\u2019de DTSO\u2019nun sosyal medya hesaplar\u0131nda yay\u0131nlanacak.<\/p>\n<p>\u201cGe\u00e7mi\u015fin Sesi Amida Konserleri\u201dnin ilki, Silvan il\u00e7esindeki Hasuni Ma\u011faralar\u0131\u2019nda; ikincisi, Roma d\u00f6neminden kalma \u00c7\u0131nar il\u00e7esindeki Zerzevan Kalesi\u2019nde; \u00fc\u00e7\u00fcnc\u00fcs\u00fc ise inan\u00e7 ve k\u00fclt\u00fcr de\u011ferleri ile bilinen antik kent E\u011fil\u2019de d\u00fczenlenmi\u015fti.<\/p>\n<p><em><strong>https:\/\/www.gazeteduvar.com.tr\/gecmisin-sesi-amida-konserleri-bu-aksam-yayinda-haber-1512536\u00a0<\/strong><\/em><\/p>\n","protected":false},"excerpt":{"rendered":"<p>DTSO\u2019nun tarihi mek\u00e2nlarda d\u00fczenledi\u011fi \u2018Ge\u00e7mi\u015fin Sesi Amida Konserleri\u2019nin d\u00f6rd\u00fcnc\u00fcs\u00fc, D\u00eara Mor Petyun Katolik Ermeni Kilisesi\u2019nde ger\u00e7ekle\u015ftirildi. Konser, bu ak\u015fam saat 20.00\u2019da yay\u0131nlanacak. DUVAR \u2013 Diyarbak\u0131r Ticaret ve Sanayi Odas\u0131\u2019n\u0131n (DTSO), kentin tarihi mek\u00e2nlar\u0131nda \u201cGe\u00e7mi\u015fin Sesi Amida Konserleri\u201d ad\u0131yla d\u00fczenledi\u011fi konserler dizisi devam ediyor. Dijital ortamda yay\u0131nlanan konserlerin d\u00f6rd\u00fcnc\u00fcs\u00fc, Sur il\u00e7esinde 16\u2019\u0131nc\u0131 y\u00fczy\u0131lda in\u015fa edilen D\u00eara [&hellip;]<\/p>\n","protected":false},"author":7,"featured_media":61370,"comment_status":"open","ping_status":"open","sticky":false,"template":"","format":"standard","meta":{"footnotes":""},"categories":[1],"tags":[],"class_list":["post-61369","post","type-post","status-publish","format-standard","has-post-thumbnail","hentry","category-haberler"],"yoast_head":"<!-- This site is optimized with the Yoast SEO plugin v27.4 - https:\/\/yoast.com\/product\/yoast-seo-wordpress\/ -->\n<title>\u2018Ge\u00e7mi\u015fin Sesi Amida Konserleri\u2019 bu ak\u015fam yay\u0131nda - Bati Ermenistan Ve Bati Ermenileri Sorunlari Ara\u015ftirmalar Merkezi<\/title>\n<meta name=\"robots\" content=\"index, follow, max-snippet:-1, max-image-preview:large, max-video-preview:-1\" \/>\n<link rel=\"canonical\" href=\"https:\/\/akunq.net\/tr\/?p=61369\" \/>\n<meta property=\"og:locale\" content=\"en_US\" \/>\n<meta property=\"og:type\" content=\"article\" \/>\n<meta property=\"og:title\" content=\"\u2018Ge\u00e7mi\u015fin Sesi Amida Konserleri\u2019 bu ak\u015fam yay\u0131nda - Bati Ermenistan Ve Bati Ermenileri Sorunlari Ara\u015ftirmalar Merkezi\" \/>\n<meta property=\"og:description\" content=\"DTSO\u2019nun tarihi mek\u00e2nlarda d\u00fczenledi\u011fi \u2018Ge\u00e7mi\u015fin Sesi Amida Konserleri\u2019nin d\u00f6rd\u00fcnc\u00fcs\u00fc, D\u00eara Mor Petyun Katolik Ermeni Kilisesi\u2019nde ger\u00e7ekle\u015ftirildi. Konser, bu ak\u015fam saat 20.00\u2019da yay\u0131nlanacak. DUVAR \u2013 Diyarbak\u0131r Ticaret ve Sanayi Odas\u0131\u2019n\u0131n (DTSO), kentin tarihi mek\u00e2nlar\u0131nda \u201cGe\u00e7mi\u015fin Sesi Amida Konserleri\u201d ad\u0131yla d\u00fczenledi\u011fi konserler dizisi devam ediyor. Dijital ortamda yay\u0131nlanan konserlerin d\u00f6rd\u00fcnc\u00fcs\u00fc, Sur il\u00e7esinde 16\u2019\u0131nc\u0131 y\u00fczy\u0131lda in\u015fa edilen D\u00eara [&hellip;]\" \/>\n<meta property=\"og:url\" content=\"https:\/\/akunq.net\/tr\/?p=61369\" \/>\n<meta property=\"og:site_name\" content=\"Bati Ermenistan Ve Bati Ermenileri Sorunlari Ara\u015ftirmalar Merkezi\" \/>\n<meta property=\"article:published_time\" content=\"2021-02-08T07:05:44+00:00\" \/>\n<meta property=\"og:image\" content=\"https:\/\/akunq.net\/tr\/wp-content\/uploads\/sites\/6\/2021\/02\/Ge\u00e7mi\u015fin-Sesi-Amida.jpg\" \/>\n\t<meta property=\"og:image:width\" content=\"1500\" \/>\n\t<meta property=\"og:image:height\" content=\"945\" \/>\n\t<meta property=\"og:image:type\" content=\"image\/jpeg\" \/>\n<meta name=\"author\" content=\"admin\" \/>\n<meta name=\"twitter:card\" content=\"summary_large_image\" \/>\n<meta name=\"twitter:label1\" content=\"Written by\" \/>\n\t<meta name=\"twitter:data1\" content=\"admin\" \/>\n\t<meta name=\"twitter:label2\" content=\"Est. reading time\" \/>\n\t<meta name=\"twitter:data2\" content=\"1 minute\" \/>\n<script type=\"application\/ld+json\" class=\"yoast-schema-graph\">{\"@context\":\"https:\\\/\\\/schema.org\",\"@graph\":[{\"@type\":\"Article\",\"@id\":\"https:\\\/\\\/akunq.net\\\/tr\\\/?p=61369#article\",\"isPartOf\":{\"@id\":\"https:\\\/\\\/akunq.net\\\/tr\\\/?p=61369\"},\"author\":{\"name\":\"admin\",\"@id\":\"https:\\\/\\\/akunq.net\\\/tr\\\/#\\\/schema\\\/person\\\/096f1d38a12cce57fb855b485ed24c9e\"},\"headline\":\"\u2018Ge\u00e7mi\u015fin Sesi Amida Konserleri\u2019 bu ak\u015fam yay\u0131nda\",\"datePublished\":\"2021-02-08T07:05:44+00:00\",\"mainEntityOfPage\":{\"@id\":\"https:\\\/\\\/akunq.net\\\/tr\\\/?p=61369\"},\"wordCount\":235,\"commentCount\":0,\"image\":{\"@id\":\"https:\\\/\\\/akunq.net\\\/tr\\\/?p=61369#primaryimage\"},\"thumbnailUrl\":\"https:\\\/\\\/akunq.net\\\/tr\\\/wp-content\\\/uploads\\\/sites\\\/6\\\/2021\\\/02\\\/Ge\u00e7mi\u015fin-Sesi-Amida.jpg\",\"articleSection\":[\"Haberler\"],\"inLanguage\":\"en-US\",\"potentialAction\":[{\"@type\":\"CommentAction\",\"name\":\"Comment\",\"target\":[\"https:\\\/\\\/akunq.net\\\/tr\\\/?p=61369#respond\"]}]},{\"@type\":\"WebPage\",\"@id\":\"https:\\\/\\\/akunq.net\\\/tr\\\/?p=61369\",\"url\":\"https:\\\/\\\/akunq.net\\\/tr\\\/?p=61369\",\"name\":\"\u2018Ge\u00e7mi\u015fin Sesi Amida Konserleri\u2019 bu ak\u015fam yay\u0131nda - Bati Ermenistan Ve Bati Ermenileri Sorunlari Ara\u015ftirmalar Merkezi\",\"isPartOf\":{\"@id\":\"https:\\\/\\\/akunq.net\\\/tr\\\/#website\"},\"primaryImageOfPage\":{\"@id\":\"https:\\\/\\\/akunq.net\\\/tr\\\/?p=61369#primaryimage\"},\"image\":{\"@id\":\"https:\\\/\\\/akunq.net\\\/tr\\\/?p=61369#primaryimage\"},\"thumbnailUrl\":\"https:\\\/\\\/akunq.net\\\/tr\\\/wp-content\\\/uploads\\\/sites\\\/6\\\/2021\\\/02\\\/Ge\u00e7mi\u015fin-Sesi-Amida.jpg\",\"datePublished\":\"2021-02-08T07:05:44+00:00\",\"author\":{\"@id\":\"https:\\\/\\\/akunq.net\\\/tr\\\/#\\\/schema\\\/person\\\/096f1d38a12cce57fb855b485ed24c9e\"},\"breadcrumb\":{\"@id\":\"https:\\\/\\\/akunq.net\\\/tr\\\/?p=61369#breadcrumb\"},\"inLanguage\":\"en-US\",\"potentialAction\":[{\"@type\":\"ReadAction\",\"target\":[\"https:\\\/\\\/akunq.net\\\/tr\\\/?p=61369\"]}]},{\"@type\":\"ImageObject\",\"inLanguage\":\"en-US\",\"@id\":\"https:\\\/\\\/akunq.net\\\/tr\\\/?p=61369#primaryimage\",\"url\":\"https:\\\/\\\/akunq.net\\\/tr\\\/wp-content\\\/uploads\\\/sites\\\/6\\\/2021\\\/02\\\/Ge\u00e7mi\u015fin-Sesi-Amida.jpg\",\"contentUrl\":\"https:\\\/\\\/akunq.net\\\/tr\\\/wp-content\\\/uploads\\\/sites\\\/6\\\/2021\\\/02\\\/Ge\u00e7mi\u015fin-Sesi-Amida.jpg\",\"width\":1500,\"height\":945},{\"@type\":\"BreadcrumbList\",\"@id\":\"https:\\\/\\\/akunq.net\\\/tr\\\/?p=61369#breadcrumb\",\"itemListElement\":[{\"@type\":\"ListItem\",\"position\":1,\"name\":\"Home\",\"item\":\"https:\\\/\\\/akunq.net\\\/tr\"},{\"@type\":\"ListItem\",\"position\":2,\"name\":\"\u2018Ge\u00e7mi\u015fin Sesi Amida Konserleri\u2019 bu ak\u015fam yay\u0131nda\"}]},{\"@type\":\"WebSite\",\"@id\":\"https:\\\/\\\/akunq.net\\\/tr\\\/#website\",\"url\":\"https:\\\/\\\/akunq.net\\\/tr\\\/\",\"name\":\"Bati Ermenistan Ve Bati Ermenileri Sorunlari Ara\u015ftirmalar Merkezi\",\"description\":\"\",\"potentialAction\":[{\"@type\":\"SearchAction\",\"target\":{\"@type\":\"EntryPoint\",\"urlTemplate\":\"https:\\\/\\\/akunq.net\\\/tr\\\/?s={search_term_string}\"},\"query-input\":{\"@type\":\"PropertyValueSpecification\",\"valueRequired\":true,\"valueName\":\"search_term_string\"}}],\"inLanguage\":\"en-US\"},{\"@type\":\"Person\",\"@id\":\"https:\\\/\\\/akunq.net\\\/tr\\\/#\\\/schema\\\/person\\\/096f1d38a12cce57fb855b485ed24c9e\",\"name\":\"admin\",\"url\":\"https:\\\/\\\/akunq.net\\\/tr\\\/?author=7\"}]}<\/script>\n<!-- \/ Yoast SEO plugin. -->","yoast_head_json":{"title":"\u2018Ge\u00e7mi\u015fin Sesi Amida Konserleri\u2019 bu ak\u015fam yay\u0131nda - Bati Ermenistan Ve Bati Ermenileri Sorunlari Ara\u015ftirmalar Merkezi","robots":{"index":"index","follow":"follow","max-snippet":"max-snippet:-1","max-image-preview":"max-image-preview:large","max-video-preview":"max-video-preview:-1"},"canonical":"https:\/\/akunq.net\/tr\/?p=61369","og_locale":"en_US","og_type":"article","og_title":"\u2018Ge\u00e7mi\u015fin Sesi Amida Konserleri\u2019 bu ak\u015fam yay\u0131nda - Bati Ermenistan Ve Bati Ermenileri Sorunlari Ara\u015ftirmalar Merkezi","og_description":"DTSO\u2019nun tarihi mek\u00e2nlarda d\u00fczenledi\u011fi \u2018Ge\u00e7mi\u015fin Sesi Amida Konserleri\u2019nin d\u00f6rd\u00fcnc\u00fcs\u00fc, D\u00eara Mor Petyun Katolik Ermeni Kilisesi\u2019nde ger\u00e7ekle\u015ftirildi. Konser, bu ak\u015fam saat 20.00\u2019da yay\u0131nlanacak. DUVAR \u2013 Diyarbak\u0131r Ticaret ve Sanayi Odas\u0131\u2019n\u0131n (DTSO), kentin tarihi mek\u00e2nlar\u0131nda \u201cGe\u00e7mi\u015fin Sesi Amida Konserleri\u201d ad\u0131yla d\u00fczenledi\u011fi konserler dizisi devam ediyor. Dijital ortamda yay\u0131nlanan konserlerin d\u00f6rd\u00fcnc\u00fcs\u00fc, Sur il\u00e7esinde 16\u2019\u0131nc\u0131 y\u00fczy\u0131lda in\u015fa edilen D\u00eara [&hellip;]","og_url":"https:\/\/akunq.net\/tr\/?p=61369","og_site_name":"Bati Ermenistan Ve Bati Ermenileri Sorunlari Ara\u015ftirmalar Merkezi","article_published_time":"2021-02-08T07:05:44+00:00","og_image":[{"width":1500,"height":945,"url":"https:\/\/akunq.net\/tr\/wp-content\/uploads\/sites\/6\/2021\/02\/Ge\u00e7mi\u015fin-Sesi-Amida.jpg","type":"image\/jpeg"}],"author":"admin","twitter_card":"summary_large_image","twitter_misc":{"Written by":"admin","Est. reading time":"1 minute"},"schema":{"@context":"https:\/\/schema.org","@graph":[{"@type":"Article","@id":"https:\/\/akunq.net\/tr\/?p=61369#article","isPartOf":{"@id":"https:\/\/akunq.net\/tr\/?p=61369"},"author":{"name":"admin","@id":"https:\/\/akunq.net\/tr\/#\/schema\/person\/096f1d38a12cce57fb855b485ed24c9e"},"headline":"\u2018Ge\u00e7mi\u015fin Sesi Amida Konserleri\u2019 bu ak\u015fam yay\u0131nda","datePublished":"2021-02-08T07:05:44+00:00","mainEntityOfPage":{"@id":"https:\/\/akunq.net\/tr\/?p=61369"},"wordCount":235,"commentCount":0,"image":{"@id":"https:\/\/akunq.net\/tr\/?p=61369#primaryimage"},"thumbnailUrl":"https:\/\/akunq.net\/tr\/wp-content\/uploads\/sites\/6\/2021\/02\/Ge\u00e7mi\u015fin-Sesi-Amida.jpg","articleSection":["Haberler"],"inLanguage":"en-US","potentialAction":[{"@type":"CommentAction","name":"Comment","target":["https:\/\/akunq.net\/tr\/?p=61369#respond"]}]},{"@type":"WebPage","@id":"https:\/\/akunq.net\/tr\/?p=61369","url":"https:\/\/akunq.net\/tr\/?p=61369","name":"\u2018Ge\u00e7mi\u015fin Sesi Amida Konserleri\u2019 bu ak\u015fam yay\u0131nda - Bati Ermenistan Ve Bati Ermenileri Sorunlari Ara\u015ftirmalar Merkezi","isPartOf":{"@id":"https:\/\/akunq.net\/tr\/#website"},"primaryImageOfPage":{"@id":"https:\/\/akunq.net\/tr\/?p=61369#primaryimage"},"image":{"@id":"https:\/\/akunq.net\/tr\/?p=61369#primaryimage"},"thumbnailUrl":"https:\/\/akunq.net\/tr\/wp-content\/uploads\/sites\/6\/2021\/02\/Ge\u00e7mi\u015fin-Sesi-Amida.jpg","datePublished":"2021-02-08T07:05:44+00:00","author":{"@id":"https:\/\/akunq.net\/tr\/#\/schema\/person\/096f1d38a12cce57fb855b485ed24c9e"},"breadcrumb":{"@id":"https:\/\/akunq.net\/tr\/?p=61369#breadcrumb"},"inLanguage":"en-US","potentialAction":[{"@type":"ReadAction","target":["https:\/\/akunq.net\/tr\/?p=61369"]}]},{"@type":"ImageObject","inLanguage":"en-US","@id":"https:\/\/akunq.net\/tr\/?p=61369#primaryimage","url":"https:\/\/akunq.net\/tr\/wp-content\/uploads\/sites\/6\/2021\/02\/Ge\u00e7mi\u015fin-Sesi-Amida.jpg","contentUrl":"https:\/\/akunq.net\/tr\/wp-content\/uploads\/sites\/6\/2021\/02\/Ge\u00e7mi\u015fin-Sesi-Amida.jpg","width":1500,"height":945},{"@type":"BreadcrumbList","@id":"https:\/\/akunq.net\/tr\/?p=61369#breadcrumb","itemListElement":[{"@type":"ListItem","position":1,"name":"Home","item":"https:\/\/akunq.net\/tr"},{"@type":"ListItem","position":2,"name":"\u2018Ge\u00e7mi\u015fin Sesi Amida Konserleri\u2019 bu ak\u015fam yay\u0131nda"}]},{"@type":"WebSite","@id":"https:\/\/akunq.net\/tr\/#website","url":"https:\/\/akunq.net\/tr\/","name":"Bati Ermenistan Ve Bati Ermenileri Sorunlari Ara\u015ftirmalar Merkezi","description":"","potentialAction":[{"@type":"SearchAction","target":{"@type":"EntryPoint","urlTemplate":"https:\/\/akunq.net\/tr\/?s={search_term_string}"},"query-input":{"@type":"PropertyValueSpecification","valueRequired":true,"valueName":"search_term_string"}}],"inLanguage":"en-US"},{"@type":"Person","@id":"https:\/\/akunq.net\/tr\/#\/schema\/person\/096f1d38a12cce57fb855b485ed24c9e","name":"admin","url":"https:\/\/akunq.net\/tr\/?author=7"}]}},"_links":{"self":[{"href":"https:\/\/akunq.net\/tr\/index.php?rest_route=\/wp\/v2\/posts\/61369","targetHints":{"allow":["GET"]}}],"collection":[{"href":"https:\/\/akunq.net\/tr\/index.php?rest_route=\/wp\/v2\/posts"}],"about":[{"href":"https:\/\/akunq.net\/tr\/index.php?rest_route=\/wp\/v2\/types\/post"}],"author":[{"embeddable":true,"href":"https:\/\/akunq.net\/tr\/index.php?rest_route=\/wp\/v2\/users\/7"}],"replies":[{"embeddable":true,"href":"https:\/\/akunq.net\/tr\/index.php?rest_route=%2Fwp%2Fv2%2Fcomments&post=61369"}],"version-history":[{"count":1,"href":"https:\/\/akunq.net\/tr\/index.php?rest_route=\/wp\/v2\/posts\/61369\/revisions"}],"predecessor-version":[{"id":61371,"href":"https:\/\/akunq.net\/tr\/index.php?rest_route=\/wp\/v2\/posts\/61369\/revisions\/61371"}],"wp:featuredmedia":[{"embeddable":true,"href":"https:\/\/akunq.net\/tr\/index.php?rest_route=\/wp\/v2\/media\/61370"}],"wp:attachment":[{"href":"https:\/\/akunq.net\/tr\/index.php?rest_route=%2Fwp%2Fv2%2Fmedia&parent=61369"}],"wp:term":[{"taxonomy":"category","embeddable":true,"href":"https:\/\/akunq.net\/tr\/index.php?rest_route=%2Fwp%2Fv2%2Fcategories&post=61369"},{"taxonomy":"post_tag","embeddable":true,"href":"https:\/\/akunq.net\/tr\/index.php?rest_route=%2Fwp%2Fv2%2Ftags&post=61369"}],"curies":[{"name":"wp","href":"https:\/\/api.w.org\/{rel}","templated":true}]}}