{"id":61366,"date":"2021-02-08T01:53:44","date_gmt":"2021-02-08T06:53:44","guid":{"rendered":"https:\/\/akunq.net\/tr\/?p=61366"},"modified":"2021-02-08T01:53:44","modified_gmt":"2021-02-08T06:53:44","slug":"patrik-hazretleri-basrahip-tatulu-ziyaret-etti","status":"publish","type":"post","link":"https:\/\/akunq.net\/tr\/?p=61366","title":{"rendered":"Patrik Hazretleri Ba\u015frahip Tatul&#8217;u ziyaret etti"},"content":{"rendered":"<p><img loading=\"lazy\" decoding=\"async\" class=\"aligncenter size-medium wp-image-61367\" src=\"https:\/\/akunq.net\/tr\/wp-content\/uploads\/2021\/02\/\u054a\u0531\u054f\u0550\u053b\u0531\u0550\u0554-\u0540\u0531\u0545\u0550-360x255.jpg\" alt=\"\" width=\"360\" height=\"255\" srcset=\"https:\/\/akunq.net\/tr\/wp-content\/uploads\/sites\/6\/2021\/02\/\u054a\u0531\u054f\u0550\u053b\u0531\u0550\u0554-\u0540\u0531\u0545\u0550-360x255.jpg 360w, https:\/\/akunq.net\/tr\/wp-content\/uploads\/sites\/6\/2021\/02\/\u054a\u0531\u054f\u0550\u053b\u0531\u0550\u0554-\u0540\u0531\u0545\u0550-768x543.jpg 768w, https:\/\/akunq.net\/tr\/wp-content\/uploads\/sites\/6\/2021\/02\/\u054a\u0531\u054f\u0550\u053b\u0531\u0550\u0554-\u0540\u0531\u0545\u0550-1536x1086.jpg 1536w, https:\/\/akunq.net\/tr\/wp-content\/uploads\/sites\/6\/2021\/02\/\u054a\u0531\u054f\u0550\u053b\u0531\u0550\u0554-\u0540\u0531\u0545\u0550-560x396.jpg 560w, https:\/\/akunq.net\/tr\/wp-content\/uploads\/sites\/6\/2021\/02\/\u054a\u0531\u054f\u0550\u053b\u0531\u0550\u0554-\u0540\u0531\u0545\u0550-260x184.jpg 260w, https:\/\/akunq.net\/tr\/wp-content\/uploads\/sites\/6\/2021\/02\/\u054a\u0531\u054f\u0550\u053b\u0531\u0550\u0554-\u0540\u0531\u0545\u0550-160x113.jpg 160w, https:\/\/akunq.net\/tr\/wp-content\/uploads\/sites\/6\/2021\/02\/\u054a\u0531\u054f\u0550\u053b\u0531\u0550\u0554-\u0540\u0531\u0545\u0550.jpg 1754w\" sizes=\"auto, (max-width: 360px) 100vw, 360px\" \/><\/p>\n<p><em><strong>Kadasetli Patrik Sahak II. Hazretleri, 6 \u015eubat 2021, Cumartesi, \u00f6\u011fleden sonra, Peder \u015eirvan M\u00fcrzyan\u2019\u0131n refakatinde, S. P\u0131rgi\u00e7 Ermeni Hastanesi\u2019nde tedavisi devam eden, Ruhani Kurul Ba\u015fkan\u0131 ve Patriklik \u00d6zel Kalem M\u00fcd\u00fcr\u00fc Ba\u015frahip Tatul Anu\u015fyan\u2019\u0131 ziyaret etti.<\/strong><\/em><\/p>\n<p>Patrik Hazretleri, bu ziyaretle Patriklik ruhbanlar\u0131n\u0131n ve din g\u00f6revlilerinin ad\u0131na ge\u00e7mi\u015f olsun dileklerini iletti ve dua yoluyla Ba\u015frahip Tatul\u2019a destek olduklar\u0131n\u0131 belirtti. Ruhani \u00d6nderimiz, ayr\u0131ca S. P\u0131rgi\u00e7 Ermeni Hastanesi\u2019nde Ba\u015frahip Tatul\u2019un titizlikle kontrol edilmesinden dolay\u0131 memnuniyetini bildirdi. Patrik Hazretleri, Rab \u0130sa Mesih\u2019in iyile\u015ftirici kudretini hat\u0131rlatarak, \u015fifa dualar\u0131 okudu ve Ba\u015frahip Tatul\u2019un Tanr\u0131\u2019n\u0131n iradesiyle Patrikhane\u2019deki hizmetine geri d\u00f6nmesini diledi. Ba\u015frahip Tatul, pederane yakla\u015f\u0131m\u0131ndan dolay\u0131 Patrik Hazretleri\u2019ne te\u015fekk\u00fcr etti ve ruhani karde\u015flerinin dualar\u0131na devam etmelerini diledi.<\/p>\n<p><em><strong>Kaynak: T\u00fcrkiye Ermenileri Patrikli\u011fi\u00a0<a href=\"https:\/\/www.facebook.com\/TRArmenianPatriarchate\/\">https:\/\/www.facebook.com\/TRArmenianPatriarchate\/<\/a> \u00a0<\/strong><\/em><\/p>\n","protected":false},"excerpt":{"rendered":"<p>Kadasetli Patrik Sahak II. Hazretleri, 6 \u015eubat 2021, Cumartesi, \u00f6\u011fleden sonra, Peder \u015eirvan M\u00fcrzyan\u2019\u0131n refakatinde, S. P\u0131rgi\u00e7 Ermeni Hastanesi\u2019nde tedavisi devam eden, Ruhani Kurul Ba\u015fkan\u0131 ve Patriklik \u00d6zel Kalem M\u00fcd\u00fcr\u00fc Ba\u015frahip Tatul Anu\u015fyan\u2019\u0131 ziyaret etti. Patrik Hazretleri, bu ziyaretle Patriklik ruhbanlar\u0131n\u0131n ve din g\u00f6revlilerinin ad\u0131na ge\u00e7mi\u015f olsun dileklerini iletti ve dua yoluyla Ba\u015frahip Tatul\u2019a destek [&hellip;]<\/p>\n","protected":false},"author":7,"featured_media":61367,"comment_status":"open","ping_status":"open","sticky":false,"template":"","format":"standard","meta":{"footnotes":""},"categories":[1],"tags":[],"class_list":["post-61366","post","type-post","status-publish","format-standard","has-post-thumbnail","hentry","category-haberler"],"yoast_head":"<!-- This site is optimized with the Yoast SEO plugin v27.4 - https:\/\/yoast.com\/product\/yoast-seo-wordpress\/ -->\n<title>Patrik Hazretleri Ba\u015frahip Tatul&#039;u ziyaret etti - Bati Ermenistan Ve Bati Ermenileri Sorunlari Ara\u015ftirmalar Merkezi<\/title>\n<meta name=\"robots\" content=\"index, follow, max-snippet:-1, max-image-preview:large, max-video-preview:-1\" \/>\n<link rel=\"canonical\" href=\"https:\/\/akunq.net\/tr\/?p=61366\" \/>\n<meta property=\"og:locale\" content=\"en_US\" \/>\n<meta property=\"og:type\" content=\"article\" \/>\n<meta property=\"og:title\" content=\"Patrik Hazretleri Ba\u015frahip Tatul&#039;u ziyaret etti - Bati Ermenistan Ve Bati Ermenileri Sorunlari Ara\u015ftirmalar Merkezi\" \/>\n<meta property=\"og:description\" content=\"Kadasetli Patrik Sahak II. Hazretleri, 6 \u015eubat 2021, Cumartesi, \u00f6\u011fleden sonra, Peder \u015eirvan M\u00fcrzyan\u2019\u0131n refakatinde, S. P\u0131rgi\u00e7 Ermeni Hastanesi\u2019nde tedavisi devam eden, Ruhani Kurul Ba\u015fkan\u0131 ve Patriklik \u00d6zel Kalem M\u00fcd\u00fcr\u00fc Ba\u015frahip Tatul Anu\u015fyan\u2019\u0131 ziyaret etti. Patrik Hazretleri, bu ziyaretle Patriklik ruhbanlar\u0131n\u0131n ve din g\u00f6revlilerinin ad\u0131na ge\u00e7mi\u015f olsun dileklerini iletti ve dua yoluyla Ba\u015frahip Tatul\u2019a destek [&hellip;]\" \/>\n<meta property=\"og:url\" content=\"https:\/\/akunq.net\/tr\/?p=61366\" \/>\n<meta property=\"og:site_name\" content=\"Bati Ermenistan Ve Bati Ermenileri Sorunlari Ara\u015ftirmalar Merkezi\" \/>\n<meta property=\"article:published_time\" content=\"2021-02-08T06:53:44+00:00\" \/>\n<meta property=\"og:image\" content=\"https:\/\/akunq.net\/tr\/wp-content\/uploads\/sites\/6\/2021\/02\/\u054a\u0531\u054f\u0550\u053b\u0531\u0550\u0554-\u0540\u0531\u0545\u0550.jpg\" \/>\n\t<meta property=\"og:image:width\" content=\"1754\" \/>\n\t<meta property=\"og:image:height\" content=\"1240\" \/>\n\t<meta property=\"og:image:type\" content=\"image\/jpeg\" \/>\n<meta name=\"author\" content=\"admin\" \/>\n<meta name=\"twitter:card\" content=\"summary_large_image\" \/>\n<meta name=\"twitter:label1\" content=\"Written by\" \/>\n\t<meta name=\"twitter:data1\" content=\"admin\" \/>\n\t<meta name=\"twitter:label2\" content=\"Est. reading time\" \/>\n\t<meta name=\"twitter:data2\" content=\"1 minute\" \/>\n<script type=\"application\/ld+json\" class=\"yoast-schema-graph\">{\"@context\":\"https:\\\/\\\/schema.org\",\"@graph\":[{\"@type\":\"Article\",\"@id\":\"https:\\\/\\\/akunq.net\\\/tr\\\/?p=61366#article\",\"isPartOf\":{\"@id\":\"https:\\\/\\\/akunq.net\\\/tr\\\/?p=61366\"},\"author\":{\"name\":\"admin\",\"@id\":\"https:\\\/\\\/akunq.net\\\/tr\\\/#\\\/schema\\\/person\\\/096f1d38a12cce57fb855b485ed24c9e\"},\"headline\":\"Patrik Hazretleri Ba\u015frahip Tatul&#8217;u ziyaret etti\",\"datePublished\":\"2021-02-08T06:53:44+00:00\",\"mainEntityOfPage\":{\"@id\":\"https:\\\/\\\/akunq.net\\\/tr\\\/?p=61366\"},\"wordCount\":164,\"commentCount\":0,\"image\":{\"@id\":\"https:\\\/\\\/akunq.net\\\/tr\\\/?p=61366#primaryimage\"},\"thumbnailUrl\":\"https:\\\/\\\/akunq.net\\\/tr\\\/wp-content\\\/uploads\\\/sites\\\/6\\\/2021\\\/02\\\/\u054a\u0531\u054f\u0550\u053b\u0531\u0550\u0554-\u0540\u0531\u0545\u0550.jpg\",\"articleSection\":[\"Haberler\"],\"inLanguage\":\"en-US\",\"potentialAction\":[{\"@type\":\"CommentAction\",\"name\":\"Comment\",\"target\":[\"https:\\\/\\\/akunq.net\\\/tr\\\/?p=61366#respond\"]}]},{\"@type\":\"WebPage\",\"@id\":\"https:\\\/\\\/akunq.net\\\/tr\\\/?p=61366\",\"url\":\"https:\\\/\\\/akunq.net\\\/tr\\\/?p=61366\",\"name\":\"Patrik Hazretleri Ba\u015frahip Tatul'u ziyaret etti - Bati Ermenistan Ve Bati Ermenileri Sorunlari Ara\u015ftirmalar Merkezi\",\"isPartOf\":{\"@id\":\"https:\\\/\\\/akunq.net\\\/tr\\\/#website\"},\"primaryImageOfPage\":{\"@id\":\"https:\\\/\\\/akunq.net\\\/tr\\\/?p=61366#primaryimage\"},\"image\":{\"@id\":\"https:\\\/\\\/akunq.net\\\/tr\\\/?p=61366#primaryimage\"},\"thumbnailUrl\":\"https:\\\/\\\/akunq.net\\\/tr\\\/wp-content\\\/uploads\\\/sites\\\/6\\\/2021\\\/02\\\/\u054a\u0531\u054f\u0550\u053b\u0531\u0550\u0554-\u0540\u0531\u0545\u0550.jpg\",\"datePublished\":\"2021-02-08T06:53:44+00:00\",\"author\":{\"@id\":\"https:\\\/\\\/akunq.net\\\/tr\\\/#\\\/schema\\\/person\\\/096f1d38a12cce57fb855b485ed24c9e\"},\"breadcrumb\":{\"@id\":\"https:\\\/\\\/akunq.net\\\/tr\\\/?p=61366#breadcrumb\"},\"inLanguage\":\"en-US\",\"potentialAction\":[{\"@type\":\"ReadAction\",\"target\":[\"https:\\\/\\\/akunq.net\\\/tr\\\/?p=61366\"]}]},{\"@type\":\"ImageObject\",\"inLanguage\":\"en-US\",\"@id\":\"https:\\\/\\\/akunq.net\\\/tr\\\/?p=61366#primaryimage\",\"url\":\"https:\\\/\\\/akunq.net\\\/tr\\\/wp-content\\\/uploads\\\/sites\\\/6\\\/2021\\\/02\\\/\u054a\u0531\u054f\u0550\u053b\u0531\u0550\u0554-\u0540\u0531\u0545\u0550.jpg\",\"contentUrl\":\"https:\\\/\\\/akunq.net\\\/tr\\\/wp-content\\\/uploads\\\/sites\\\/6\\\/2021\\\/02\\\/\u054a\u0531\u054f\u0550\u053b\u0531\u0550\u0554-\u0540\u0531\u0545\u0550.jpg\",\"width\":1754,\"height\":1240},{\"@type\":\"BreadcrumbList\",\"@id\":\"https:\\\/\\\/akunq.net\\\/tr\\\/?p=61366#breadcrumb\",\"itemListElement\":[{\"@type\":\"ListItem\",\"position\":1,\"name\":\"Home\",\"item\":\"https:\\\/\\\/akunq.net\\\/tr\"},{\"@type\":\"ListItem\",\"position\":2,\"name\":\"Patrik Hazretleri Ba\u015frahip Tatul&#8217;u ziyaret etti\"}]},{\"@type\":\"WebSite\",\"@id\":\"https:\\\/\\\/akunq.net\\\/tr\\\/#website\",\"url\":\"https:\\\/\\\/akunq.net\\\/tr\\\/\",\"name\":\"Bati Ermenistan Ve Bati Ermenileri Sorunlari Ara\u015ftirmalar Merkezi\",\"description\":\"\",\"potentialAction\":[{\"@type\":\"SearchAction\",\"target\":{\"@type\":\"EntryPoint\",\"urlTemplate\":\"https:\\\/\\\/akunq.net\\\/tr\\\/?s={search_term_string}\"},\"query-input\":{\"@type\":\"PropertyValueSpecification\",\"valueRequired\":true,\"valueName\":\"search_term_string\"}}],\"inLanguage\":\"en-US\"},{\"@type\":\"Person\",\"@id\":\"https:\\\/\\\/akunq.net\\\/tr\\\/#\\\/schema\\\/person\\\/096f1d38a12cce57fb855b485ed24c9e\",\"name\":\"admin\",\"url\":\"https:\\\/\\\/akunq.net\\\/tr\\\/?author=7\"}]}<\/script>\n<!-- \/ Yoast SEO plugin. -->","yoast_head_json":{"title":"Patrik Hazretleri Ba\u015frahip Tatul'u ziyaret etti - Bati Ermenistan Ve Bati Ermenileri Sorunlari Ara\u015ftirmalar Merkezi","robots":{"index":"index","follow":"follow","max-snippet":"max-snippet:-1","max-image-preview":"max-image-preview:large","max-video-preview":"max-video-preview:-1"},"canonical":"https:\/\/akunq.net\/tr\/?p=61366","og_locale":"en_US","og_type":"article","og_title":"Patrik Hazretleri Ba\u015frahip Tatul'u ziyaret etti - Bati Ermenistan Ve Bati Ermenileri Sorunlari Ara\u015ftirmalar Merkezi","og_description":"Kadasetli Patrik Sahak II. Hazretleri, 6 \u015eubat 2021, Cumartesi, \u00f6\u011fleden sonra, Peder \u015eirvan M\u00fcrzyan\u2019\u0131n refakatinde, S. P\u0131rgi\u00e7 Ermeni Hastanesi\u2019nde tedavisi devam eden, Ruhani Kurul Ba\u015fkan\u0131 ve Patriklik \u00d6zel Kalem M\u00fcd\u00fcr\u00fc Ba\u015frahip Tatul Anu\u015fyan\u2019\u0131 ziyaret etti. Patrik Hazretleri, bu ziyaretle Patriklik ruhbanlar\u0131n\u0131n ve din g\u00f6revlilerinin ad\u0131na ge\u00e7mi\u015f olsun dileklerini iletti ve dua yoluyla Ba\u015frahip Tatul\u2019a destek [&hellip;]","og_url":"https:\/\/akunq.net\/tr\/?p=61366","og_site_name":"Bati Ermenistan Ve Bati Ermenileri Sorunlari Ara\u015ftirmalar Merkezi","article_published_time":"2021-02-08T06:53:44+00:00","og_image":[{"width":1754,"height":1240,"url":"https:\/\/akunq.net\/tr\/wp-content\/uploads\/sites\/6\/2021\/02\/\u054a\u0531\u054f\u0550\u053b\u0531\u0550\u0554-\u0540\u0531\u0545\u0550.jpg","type":"image\/jpeg"}],"author":"admin","twitter_card":"summary_large_image","twitter_misc":{"Written by":"admin","Est. reading time":"1 minute"},"schema":{"@context":"https:\/\/schema.org","@graph":[{"@type":"Article","@id":"https:\/\/akunq.net\/tr\/?p=61366#article","isPartOf":{"@id":"https:\/\/akunq.net\/tr\/?p=61366"},"author":{"name":"admin","@id":"https:\/\/akunq.net\/tr\/#\/schema\/person\/096f1d38a12cce57fb855b485ed24c9e"},"headline":"Patrik Hazretleri Ba\u015frahip Tatul&#8217;u ziyaret etti","datePublished":"2021-02-08T06:53:44+00:00","mainEntityOfPage":{"@id":"https:\/\/akunq.net\/tr\/?p=61366"},"wordCount":164,"commentCount":0,"image":{"@id":"https:\/\/akunq.net\/tr\/?p=61366#primaryimage"},"thumbnailUrl":"https:\/\/akunq.net\/tr\/wp-content\/uploads\/sites\/6\/2021\/02\/\u054a\u0531\u054f\u0550\u053b\u0531\u0550\u0554-\u0540\u0531\u0545\u0550.jpg","articleSection":["Haberler"],"inLanguage":"en-US","potentialAction":[{"@type":"CommentAction","name":"Comment","target":["https:\/\/akunq.net\/tr\/?p=61366#respond"]}]},{"@type":"WebPage","@id":"https:\/\/akunq.net\/tr\/?p=61366","url":"https:\/\/akunq.net\/tr\/?p=61366","name":"Patrik Hazretleri Ba\u015frahip Tatul'u ziyaret etti - Bati Ermenistan Ve Bati Ermenileri Sorunlari Ara\u015ftirmalar Merkezi","isPartOf":{"@id":"https:\/\/akunq.net\/tr\/#website"},"primaryImageOfPage":{"@id":"https:\/\/akunq.net\/tr\/?p=61366#primaryimage"},"image":{"@id":"https:\/\/akunq.net\/tr\/?p=61366#primaryimage"},"thumbnailUrl":"https:\/\/akunq.net\/tr\/wp-content\/uploads\/sites\/6\/2021\/02\/\u054a\u0531\u054f\u0550\u053b\u0531\u0550\u0554-\u0540\u0531\u0545\u0550.jpg","datePublished":"2021-02-08T06:53:44+00:00","author":{"@id":"https:\/\/akunq.net\/tr\/#\/schema\/person\/096f1d38a12cce57fb855b485ed24c9e"},"breadcrumb":{"@id":"https:\/\/akunq.net\/tr\/?p=61366#breadcrumb"},"inLanguage":"en-US","potentialAction":[{"@type":"ReadAction","target":["https:\/\/akunq.net\/tr\/?p=61366"]}]},{"@type":"ImageObject","inLanguage":"en-US","@id":"https:\/\/akunq.net\/tr\/?p=61366#primaryimage","url":"https:\/\/akunq.net\/tr\/wp-content\/uploads\/sites\/6\/2021\/02\/\u054a\u0531\u054f\u0550\u053b\u0531\u0550\u0554-\u0540\u0531\u0545\u0550.jpg","contentUrl":"https:\/\/akunq.net\/tr\/wp-content\/uploads\/sites\/6\/2021\/02\/\u054a\u0531\u054f\u0550\u053b\u0531\u0550\u0554-\u0540\u0531\u0545\u0550.jpg","width":1754,"height":1240},{"@type":"BreadcrumbList","@id":"https:\/\/akunq.net\/tr\/?p=61366#breadcrumb","itemListElement":[{"@type":"ListItem","position":1,"name":"Home","item":"https:\/\/akunq.net\/tr"},{"@type":"ListItem","position":2,"name":"Patrik Hazretleri Ba\u015frahip Tatul&#8217;u ziyaret etti"}]},{"@type":"WebSite","@id":"https:\/\/akunq.net\/tr\/#website","url":"https:\/\/akunq.net\/tr\/","name":"Bati Ermenistan Ve Bati Ermenileri Sorunlari Ara\u015ftirmalar Merkezi","description":"","potentialAction":[{"@type":"SearchAction","target":{"@type":"EntryPoint","urlTemplate":"https:\/\/akunq.net\/tr\/?s={search_term_string}"},"query-input":{"@type":"PropertyValueSpecification","valueRequired":true,"valueName":"search_term_string"}}],"inLanguage":"en-US"},{"@type":"Person","@id":"https:\/\/akunq.net\/tr\/#\/schema\/person\/096f1d38a12cce57fb855b485ed24c9e","name":"admin","url":"https:\/\/akunq.net\/tr\/?author=7"}]}},"_links":{"self":[{"href":"https:\/\/akunq.net\/tr\/index.php?rest_route=\/wp\/v2\/posts\/61366","targetHints":{"allow":["GET"]}}],"collection":[{"href":"https:\/\/akunq.net\/tr\/index.php?rest_route=\/wp\/v2\/posts"}],"about":[{"href":"https:\/\/akunq.net\/tr\/index.php?rest_route=\/wp\/v2\/types\/post"}],"author":[{"embeddable":true,"href":"https:\/\/akunq.net\/tr\/index.php?rest_route=\/wp\/v2\/users\/7"}],"replies":[{"embeddable":true,"href":"https:\/\/akunq.net\/tr\/index.php?rest_route=%2Fwp%2Fv2%2Fcomments&post=61366"}],"version-history":[{"count":1,"href":"https:\/\/akunq.net\/tr\/index.php?rest_route=\/wp\/v2\/posts\/61366\/revisions"}],"predecessor-version":[{"id":61368,"href":"https:\/\/akunq.net\/tr\/index.php?rest_route=\/wp\/v2\/posts\/61366\/revisions\/61368"}],"wp:featuredmedia":[{"embeddable":true,"href":"https:\/\/akunq.net\/tr\/index.php?rest_route=\/wp\/v2\/media\/61367"}],"wp:attachment":[{"href":"https:\/\/akunq.net\/tr\/index.php?rest_route=%2Fwp%2Fv2%2Fmedia&parent=61366"}],"wp:term":[{"taxonomy":"category","embeddable":true,"href":"https:\/\/akunq.net\/tr\/index.php?rest_route=%2Fwp%2Fv2%2Fcategories&post=61366"},{"taxonomy":"post_tag","embeddable":true,"href":"https:\/\/akunq.net\/tr\/index.php?rest_route=%2Fwp%2Fv2%2Ftags&post=61366"}],"curies":[{"name":"wp","href":"https:\/\/api.w.org\/{rel}","templated":true}]}}