{"id":61350,"date":"2021-02-05T09:28:39","date_gmt":"2021-02-05T14:28:39","guid":{"rendered":"https:\/\/akunq.net\/tr\/?p=61350"},"modified":"2021-02-05T09:28:39","modified_gmt":"2021-02-05T14:28:39","slug":"abd-bogazici-universitesi-protestolarindaki-lgbt-karsiti-soylemleri-kinadi","status":"publish","type":"post","link":"https:\/\/akunq.net\/tr\/?p=61350","title":{"rendered":"ABD, Bo\u011fazi\u00e7i \u00dcniversitesi protestolar\u0131ndaki LGBT kar\u015f\u0131t\u0131 s\u00f6ylemleri k\u0131nad\u0131"},"content":{"rendered":"<p><img loading=\"lazy\" decoding=\"async\" class=\"aligncenter size-medium wp-image-61351\" src=\"https:\/\/akunq.net\/tr\/wp-content\/uploads\/2021\/02\/\u0130stanbul-Adalet-Saray\u0131-\u00f6n\u00fcnde-protesto-360x203.jpg\" alt=\"\" width=\"360\" height=\"203\" srcset=\"https:\/\/akunq.net\/tr\/wp-content\/uploads\/sites\/6\/2021\/02\/\u0130stanbul-Adalet-Saray\u0131-\u00f6n\u00fcnde-protesto-360x203.jpg 360w, https:\/\/akunq.net\/tr\/wp-content\/uploads\/sites\/6\/2021\/02\/\u0130stanbul-Adalet-Saray\u0131-\u00f6n\u00fcnde-protesto-768x432.jpg 768w, https:\/\/akunq.net\/tr\/wp-content\/uploads\/sites\/6\/2021\/02\/\u0130stanbul-Adalet-Saray\u0131-\u00f6n\u00fcnde-protesto-560x315.jpg 560w, https:\/\/akunq.net\/tr\/wp-content\/uploads\/sites\/6\/2021\/02\/\u0130stanbul-Adalet-Saray\u0131-\u00f6n\u00fcnde-protesto-260x146.jpg 260w, https:\/\/akunq.net\/tr\/wp-content\/uploads\/sites\/6\/2021\/02\/\u0130stanbul-Adalet-Saray\u0131-\u00f6n\u00fcnde-protesto-160x90.jpg 160w, https:\/\/akunq.net\/tr\/wp-content\/uploads\/sites\/6\/2021\/02\/\u0130stanbul-Adalet-Saray\u0131-\u00f6n\u00fcnde-protesto.jpg 773w\" sizes=\"auto, (max-width: 360px) 100vw, 360px\" \/><\/p>\n<p><em><strong>Amerika Birle\u015fik Devletleri, Cumhurba\u015fkan\u0131 Recep Tayyip Erdo\u011fan&#8217;\u0131n &#8220;LGBT hareketinin \u00fclkenin de\u011ferleriyle ba\u011fda\u015fmad\u0131\u011f\u0131n\u0131&#8221; ifade etmesini ve cinsel az\u0131nl\u0131klara kar\u015f\u0131 bu t\u00fcr s\u00f6ylemlerde bulunmas\u0131n\u0131 k\u0131nad\u0131.<\/strong><\/em><\/p>\n<p>ABD D\u0131\u015fi\u015fleri Bakanl\u0131\u011f\u0131 S\u00f6zc\u00fcs\u00fc Ned Price, &#8220;Bo\u011fazi\u00e7i \u00dcniversitesine&#8221; yap\u0131lan yeni rekt\u00f6r atanmas\u0131na kar\u015f\u0131 ba\u015flat\u0131lan bar\u0131\u015f\u00e7\u0131l protestolar\u0131 yak\u0131ndan takip ettiklerini belirterek, &#8220;\u00f6\u011frencilerin ve di\u011fer g\u00f6stericilerin tutuklanmas\u0131ndan endi\u015fe duyuyoruz&#8221; diye konu\u015ftu.<\/p>\n<p>Bo\u011fazi\u00e7i \u00dcniversitesi&#8217;nde devam eden protestolar hakk\u0131nda konu\u015fan Erdo\u011fan, &#8220;LGBT, yok \u00f6yle bir \u015fey. Bu \u00fclke millidir, manevidir ve bu de\u011ferlerle gelece\u011fe y\u00fcr\u00fcmektedir&#8221; ifadelerini kullanm\u0131\u015ft\u0131.<\/p>\n<p>Bo\u011fazi\u00e7i \u00dcniversitesi Rekt\u00f6r\u00fc Prof. Dr. Melih Bulu, atanmas\u0131n\u0131n ard\u0131ndan gelen tepkiler ve istifa \u00e7a\u011fr\u0131lar\u0131na ili\u015fkin yapt\u0131\u011f\u0131 a\u00e7\u0131klamada\u00a0<a href=\"https:\/\/tr.euronews.com\/2021\/02\/03\/bogazici-universitesi-rektoru-melih-bulu-istifa-etmeyi-asla-dusunmuyorum\">&#8216;g\u00f6revi b\u0131rakmay\u0131 asla d\u00fc\u015f\u00fcnm\u00fcyorum&#8217;<\/a>\u00a0dedi.<\/p>\n<p><em><strong>https:\/\/tr.euronews.com\/2021\/02\/03\/abd-bogazici-universitesi-protestolar-ndaki-lgbt-kars-t-soylemleri-k-nad\u00a0<\/strong><\/em><\/p>\n<p>&nbsp;<\/p>\n","protected":false},"excerpt":{"rendered":"<p>Amerika Birle\u015fik Devletleri, Cumhurba\u015fkan\u0131 Recep Tayyip Erdo\u011fan&#8217;\u0131n &#8220;LGBT hareketinin \u00fclkenin de\u011ferleriyle ba\u011fda\u015fmad\u0131\u011f\u0131n\u0131&#8221; ifade etmesini ve cinsel az\u0131nl\u0131klara kar\u015f\u0131 bu t\u00fcr s\u00f6ylemlerde bulunmas\u0131n\u0131 k\u0131nad\u0131. ABD D\u0131\u015fi\u015fleri Bakanl\u0131\u011f\u0131 S\u00f6zc\u00fcs\u00fc Ned Price, &#8220;Bo\u011fazi\u00e7i \u00dcniversitesine&#8221; yap\u0131lan yeni rekt\u00f6r atanmas\u0131na kar\u015f\u0131 ba\u015flat\u0131lan bar\u0131\u015f\u00e7\u0131l protestolar\u0131 yak\u0131ndan takip ettiklerini belirterek, &#8220;\u00f6\u011frencilerin ve di\u011fer g\u00f6stericilerin tutuklanmas\u0131ndan endi\u015fe duyuyoruz&#8221; diye konu\u015ftu. Bo\u011fazi\u00e7i \u00dcniversitesi&#8217;nde devam [&hellip;]<\/p>\n","protected":false},"author":7,"featured_media":61351,"comment_status":"open","ping_status":"open","sticky":false,"template":"","format":"standard","meta":{"footnotes":""},"categories":[1],"tags":[],"class_list":["post-61350","post","type-post","status-publish","format-standard","has-post-thumbnail","hentry","category-haberler"],"yoast_head":"<!-- This site is optimized with the Yoast SEO plugin v27.4 - https:\/\/yoast.com\/product\/yoast-seo-wordpress\/ -->\n<title>ABD, Bo\u011fazi\u00e7i \u00dcniversitesi protestolar\u0131ndaki LGBT kar\u015f\u0131t\u0131 s\u00f6ylemleri k\u0131nad\u0131 - Bati Ermenistan Ve Bati Ermenileri Sorunlari Ara\u015ftirmalar Merkezi<\/title>\n<meta name=\"robots\" content=\"index, follow, max-snippet:-1, max-image-preview:large, max-video-preview:-1\" \/>\n<link rel=\"canonical\" href=\"https:\/\/akunq.net\/tr\/?p=61350\" \/>\n<meta property=\"og:locale\" content=\"en_US\" \/>\n<meta property=\"og:type\" content=\"article\" \/>\n<meta property=\"og:title\" content=\"ABD, Bo\u011fazi\u00e7i \u00dcniversitesi protestolar\u0131ndaki LGBT kar\u015f\u0131t\u0131 s\u00f6ylemleri k\u0131nad\u0131 - Bati Ermenistan Ve Bati Ermenileri Sorunlari Ara\u015ftirmalar Merkezi\" \/>\n<meta property=\"og:description\" content=\"Amerika Birle\u015fik Devletleri, Cumhurba\u015fkan\u0131 Recep Tayyip Erdo\u011fan&#8217;\u0131n &#8220;LGBT hareketinin \u00fclkenin de\u011ferleriyle ba\u011fda\u015fmad\u0131\u011f\u0131n\u0131&#8221; ifade etmesini ve cinsel az\u0131nl\u0131klara kar\u015f\u0131 bu t\u00fcr s\u00f6ylemlerde bulunmas\u0131n\u0131 k\u0131nad\u0131. ABD D\u0131\u015fi\u015fleri Bakanl\u0131\u011f\u0131 S\u00f6zc\u00fcs\u00fc Ned Price, &#8220;Bo\u011fazi\u00e7i \u00dcniversitesine&#8221; yap\u0131lan yeni rekt\u00f6r atanmas\u0131na kar\u015f\u0131 ba\u015flat\u0131lan bar\u0131\u015f\u00e7\u0131l protestolar\u0131 yak\u0131ndan takip ettiklerini belirterek, &#8220;\u00f6\u011frencilerin ve di\u011fer g\u00f6stericilerin tutuklanmas\u0131ndan endi\u015fe duyuyoruz&#8221; diye konu\u015ftu. Bo\u011fazi\u00e7i \u00dcniversitesi&#8217;nde devam [&hellip;]\" \/>\n<meta property=\"og:url\" content=\"https:\/\/akunq.net\/tr\/?p=61350\" \/>\n<meta property=\"og:site_name\" content=\"Bati Ermenistan Ve Bati Ermenileri Sorunlari Ara\u015ftirmalar Merkezi\" \/>\n<meta property=\"article:published_time\" content=\"2021-02-05T14:28:39+00:00\" \/>\n<meta property=\"og:image\" content=\"https:\/\/akunq.net\/tr\/wp-content\/uploads\/sites\/6\/2021\/02\/\u0130stanbul-Adalet-Saray\u0131-\u00f6n\u00fcnde-protesto.jpg\" \/>\n\t<meta property=\"og:image:width\" content=\"773\" \/>\n\t<meta property=\"og:image:height\" content=\"435\" \/>\n\t<meta property=\"og:image:type\" content=\"image\/jpeg\" \/>\n<meta name=\"author\" content=\"admin\" \/>\n<meta name=\"twitter:card\" content=\"summary_large_image\" \/>\n<meta name=\"twitter:label1\" content=\"Written by\" \/>\n\t<meta name=\"twitter:data1\" content=\"admin\" \/>\n\t<meta name=\"twitter:label2\" content=\"Est. reading time\" \/>\n\t<meta name=\"twitter:data2\" content=\"1 minute\" \/>\n<script type=\"application\/ld+json\" class=\"yoast-schema-graph\">{\"@context\":\"https:\\\/\\\/schema.org\",\"@graph\":[{\"@type\":\"Article\",\"@id\":\"https:\\\/\\\/akunq.net\\\/tr\\\/?p=61350#article\",\"isPartOf\":{\"@id\":\"https:\\\/\\\/akunq.net\\\/tr\\\/?p=61350\"},\"author\":{\"name\":\"admin\",\"@id\":\"https:\\\/\\\/akunq.net\\\/tr\\\/#\\\/schema\\\/person\\\/096f1d38a12cce57fb855b485ed24c9e\"},\"headline\":\"ABD, Bo\u011fazi\u00e7i \u00dcniversitesi protestolar\u0131ndaki LGBT kar\u015f\u0131t\u0131 s\u00f6ylemleri k\u0131nad\u0131\",\"datePublished\":\"2021-02-05T14:28:39+00:00\",\"mainEntityOfPage\":{\"@id\":\"https:\\\/\\\/akunq.net\\\/tr\\\/?p=61350\"},\"wordCount\":175,\"commentCount\":0,\"image\":{\"@id\":\"https:\\\/\\\/akunq.net\\\/tr\\\/?p=61350#primaryimage\"},\"thumbnailUrl\":\"https:\\\/\\\/akunq.net\\\/tr\\\/wp-content\\\/uploads\\\/sites\\\/6\\\/2021\\\/02\\\/\u0130stanbul-Adalet-Saray\u0131-\u00f6n\u00fcnde-protesto.jpg\",\"articleSection\":[\"Haberler\"],\"inLanguage\":\"en-US\",\"potentialAction\":[{\"@type\":\"CommentAction\",\"name\":\"Comment\",\"target\":[\"https:\\\/\\\/akunq.net\\\/tr\\\/?p=61350#respond\"]}]},{\"@type\":\"WebPage\",\"@id\":\"https:\\\/\\\/akunq.net\\\/tr\\\/?p=61350\",\"url\":\"https:\\\/\\\/akunq.net\\\/tr\\\/?p=61350\",\"name\":\"ABD, Bo\u011fazi\u00e7i \u00dcniversitesi protestolar\u0131ndaki LGBT kar\u015f\u0131t\u0131 s\u00f6ylemleri k\u0131nad\u0131 - Bati Ermenistan Ve Bati Ermenileri Sorunlari Ara\u015ftirmalar Merkezi\",\"isPartOf\":{\"@id\":\"https:\\\/\\\/akunq.net\\\/tr\\\/#website\"},\"primaryImageOfPage\":{\"@id\":\"https:\\\/\\\/akunq.net\\\/tr\\\/?p=61350#primaryimage\"},\"image\":{\"@id\":\"https:\\\/\\\/akunq.net\\\/tr\\\/?p=61350#primaryimage\"},\"thumbnailUrl\":\"https:\\\/\\\/akunq.net\\\/tr\\\/wp-content\\\/uploads\\\/sites\\\/6\\\/2021\\\/02\\\/\u0130stanbul-Adalet-Saray\u0131-\u00f6n\u00fcnde-protesto.jpg\",\"datePublished\":\"2021-02-05T14:28:39+00:00\",\"author\":{\"@id\":\"https:\\\/\\\/akunq.net\\\/tr\\\/#\\\/schema\\\/person\\\/096f1d38a12cce57fb855b485ed24c9e\"},\"breadcrumb\":{\"@id\":\"https:\\\/\\\/akunq.net\\\/tr\\\/?p=61350#breadcrumb\"},\"inLanguage\":\"en-US\",\"potentialAction\":[{\"@type\":\"ReadAction\",\"target\":[\"https:\\\/\\\/akunq.net\\\/tr\\\/?p=61350\"]}]},{\"@type\":\"ImageObject\",\"inLanguage\":\"en-US\",\"@id\":\"https:\\\/\\\/akunq.net\\\/tr\\\/?p=61350#primaryimage\",\"url\":\"https:\\\/\\\/akunq.net\\\/tr\\\/wp-content\\\/uploads\\\/sites\\\/6\\\/2021\\\/02\\\/\u0130stanbul-Adalet-Saray\u0131-\u00f6n\u00fcnde-protesto.jpg\",\"contentUrl\":\"https:\\\/\\\/akunq.net\\\/tr\\\/wp-content\\\/uploads\\\/sites\\\/6\\\/2021\\\/02\\\/\u0130stanbul-Adalet-Saray\u0131-\u00f6n\u00fcnde-protesto.jpg\",\"width\":773,\"height\":435},{\"@type\":\"BreadcrumbList\",\"@id\":\"https:\\\/\\\/akunq.net\\\/tr\\\/?p=61350#breadcrumb\",\"itemListElement\":[{\"@type\":\"ListItem\",\"position\":1,\"name\":\"Home\",\"item\":\"https:\\\/\\\/akunq.net\\\/tr\"},{\"@type\":\"ListItem\",\"position\":2,\"name\":\"ABD, Bo\u011fazi\u00e7i \u00dcniversitesi protestolar\u0131ndaki LGBT kar\u015f\u0131t\u0131 s\u00f6ylemleri k\u0131nad\u0131\"}]},{\"@type\":\"WebSite\",\"@id\":\"https:\\\/\\\/akunq.net\\\/tr\\\/#website\",\"url\":\"https:\\\/\\\/akunq.net\\\/tr\\\/\",\"name\":\"Bati Ermenistan Ve Bati Ermenileri Sorunlari Ara\u015ftirmalar Merkezi\",\"description\":\"\",\"potentialAction\":[{\"@type\":\"SearchAction\",\"target\":{\"@type\":\"EntryPoint\",\"urlTemplate\":\"https:\\\/\\\/akunq.net\\\/tr\\\/?s={search_term_string}\"},\"query-input\":{\"@type\":\"PropertyValueSpecification\",\"valueRequired\":true,\"valueName\":\"search_term_string\"}}],\"inLanguage\":\"en-US\"},{\"@type\":\"Person\",\"@id\":\"https:\\\/\\\/akunq.net\\\/tr\\\/#\\\/schema\\\/person\\\/096f1d38a12cce57fb855b485ed24c9e\",\"name\":\"admin\",\"url\":\"https:\\\/\\\/akunq.net\\\/tr\\\/?author=7\"}]}<\/script>\n<!-- \/ Yoast SEO plugin. -->","yoast_head_json":{"title":"ABD, Bo\u011fazi\u00e7i \u00dcniversitesi protestolar\u0131ndaki LGBT kar\u015f\u0131t\u0131 s\u00f6ylemleri k\u0131nad\u0131 - Bati Ermenistan Ve Bati Ermenileri Sorunlari Ara\u015ftirmalar Merkezi","robots":{"index":"index","follow":"follow","max-snippet":"max-snippet:-1","max-image-preview":"max-image-preview:large","max-video-preview":"max-video-preview:-1"},"canonical":"https:\/\/akunq.net\/tr\/?p=61350","og_locale":"en_US","og_type":"article","og_title":"ABD, Bo\u011fazi\u00e7i \u00dcniversitesi protestolar\u0131ndaki LGBT kar\u015f\u0131t\u0131 s\u00f6ylemleri k\u0131nad\u0131 - Bati Ermenistan Ve Bati Ermenileri Sorunlari Ara\u015ftirmalar Merkezi","og_description":"Amerika Birle\u015fik Devletleri, Cumhurba\u015fkan\u0131 Recep Tayyip Erdo\u011fan&#8217;\u0131n &#8220;LGBT hareketinin \u00fclkenin de\u011ferleriyle ba\u011fda\u015fmad\u0131\u011f\u0131n\u0131&#8221; ifade etmesini ve cinsel az\u0131nl\u0131klara kar\u015f\u0131 bu t\u00fcr s\u00f6ylemlerde bulunmas\u0131n\u0131 k\u0131nad\u0131. ABD D\u0131\u015fi\u015fleri Bakanl\u0131\u011f\u0131 S\u00f6zc\u00fcs\u00fc Ned Price, &#8220;Bo\u011fazi\u00e7i \u00dcniversitesine&#8221; yap\u0131lan yeni rekt\u00f6r atanmas\u0131na kar\u015f\u0131 ba\u015flat\u0131lan bar\u0131\u015f\u00e7\u0131l protestolar\u0131 yak\u0131ndan takip ettiklerini belirterek, &#8220;\u00f6\u011frencilerin ve di\u011fer g\u00f6stericilerin tutuklanmas\u0131ndan endi\u015fe duyuyoruz&#8221; diye konu\u015ftu. Bo\u011fazi\u00e7i \u00dcniversitesi&#8217;nde devam [&hellip;]","og_url":"https:\/\/akunq.net\/tr\/?p=61350","og_site_name":"Bati Ermenistan Ve Bati Ermenileri Sorunlari Ara\u015ftirmalar Merkezi","article_published_time":"2021-02-05T14:28:39+00:00","og_image":[{"width":773,"height":435,"url":"https:\/\/akunq.net\/tr\/wp-content\/uploads\/sites\/6\/2021\/02\/\u0130stanbul-Adalet-Saray\u0131-\u00f6n\u00fcnde-protesto.jpg","type":"image\/jpeg"}],"author":"admin","twitter_card":"summary_large_image","twitter_misc":{"Written by":"admin","Est. reading time":"1 minute"},"schema":{"@context":"https:\/\/schema.org","@graph":[{"@type":"Article","@id":"https:\/\/akunq.net\/tr\/?p=61350#article","isPartOf":{"@id":"https:\/\/akunq.net\/tr\/?p=61350"},"author":{"name":"admin","@id":"https:\/\/akunq.net\/tr\/#\/schema\/person\/096f1d38a12cce57fb855b485ed24c9e"},"headline":"ABD, Bo\u011fazi\u00e7i \u00dcniversitesi protestolar\u0131ndaki LGBT kar\u015f\u0131t\u0131 s\u00f6ylemleri k\u0131nad\u0131","datePublished":"2021-02-05T14:28:39+00:00","mainEntityOfPage":{"@id":"https:\/\/akunq.net\/tr\/?p=61350"},"wordCount":175,"commentCount":0,"image":{"@id":"https:\/\/akunq.net\/tr\/?p=61350#primaryimage"},"thumbnailUrl":"https:\/\/akunq.net\/tr\/wp-content\/uploads\/sites\/6\/2021\/02\/\u0130stanbul-Adalet-Saray\u0131-\u00f6n\u00fcnde-protesto.jpg","articleSection":["Haberler"],"inLanguage":"en-US","potentialAction":[{"@type":"CommentAction","name":"Comment","target":["https:\/\/akunq.net\/tr\/?p=61350#respond"]}]},{"@type":"WebPage","@id":"https:\/\/akunq.net\/tr\/?p=61350","url":"https:\/\/akunq.net\/tr\/?p=61350","name":"ABD, Bo\u011fazi\u00e7i \u00dcniversitesi protestolar\u0131ndaki LGBT kar\u015f\u0131t\u0131 s\u00f6ylemleri k\u0131nad\u0131 - Bati Ermenistan Ve Bati Ermenileri Sorunlari Ara\u015ftirmalar Merkezi","isPartOf":{"@id":"https:\/\/akunq.net\/tr\/#website"},"primaryImageOfPage":{"@id":"https:\/\/akunq.net\/tr\/?p=61350#primaryimage"},"image":{"@id":"https:\/\/akunq.net\/tr\/?p=61350#primaryimage"},"thumbnailUrl":"https:\/\/akunq.net\/tr\/wp-content\/uploads\/sites\/6\/2021\/02\/\u0130stanbul-Adalet-Saray\u0131-\u00f6n\u00fcnde-protesto.jpg","datePublished":"2021-02-05T14:28:39+00:00","author":{"@id":"https:\/\/akunq.net\/tr\/#\/schema\/person\/096f1d38a12cce57fb855b485ed24c9e"},"breadcrumb":{"@id":"https:\/\/akunq.net\/tr\/?p=61350#breadcrumb"},"inLanguage":"en-US","potentialAction":[{"@type":"ReadAction","target":["https:\/\/akunq.net\/tr\/?p=61350"]}]},{"@type":"ImageObject","inLanguage":"en-US","@id":"https:\/\/akunq.net\/tr\/?p=61350#primaryimage","url":"https:\/\/akunq.net\/tr\/wp-content\/uploads\/sites\/6\/2021\/02\/\u0130stanbul-Adalet-Saray\u0131-\u00f6n\u00fcnde-protesto.jpg","contentUrl":"https:\/\/akunq.net\/tr\/wp-content\/uploads\/sites\/6\/2021\/02\/\u0130stanbul-Adalet-Saray\u0131-\u00f6n\u00fcnde-protesto.jpg","width":773,"height":435},{"@type":"BreadcrumbList","@id":"https:\/\/akunq.net\/tr\/?p=61350#breadcrumb","itemListElement":[{"@type":"ListItem","position":1,"name":"Home","item":"https:\/\/akunq.net\/tr"},{"@type":"ListItem","position":2,"name":"ABD, Bo\u011fazi\u00e7i \u00dcniversitesi protestolar\u0131ndaki LGBT kar\u015f\u0131t\u0131 s\u00f6ylemleri k\u0131nad\u0131"}]},{"@type":"WebSite","@id":"https:\/\/akunq.net\/tr\/#website","url":"https:\/\/akunq.net\/tr\/","name":"Bati Ermenistan Ve Bati Ermenileri Sorunlari Ara\u015ftirmalar Merkezi","description":"","potentialAction":[{"@type":"SearchAction","target":{"@type":"EntryPoint","urlTemplate":"https:\/\/akunq.net\/tr\/?s={search_term_string}"},"query-input":{"@type":"PropertyValueSpecification","valueRequired":true,"valueName":"search_term_string"}}],"inLanguage":"en-US"},{"@type":"Person","@id":"https:\/\/akunq.net\/tr\/#\/schema\/person\/096f1d38a12cce57fb855b485ed24c9e","name":"admin","url":"https:\/\/akunq.net\/tr\/?author=7"}]}},"_links":{"self":[{"href":"https:\/\/akunq.net\/tr\/index.php?rest_route=\/wp\/v2\/posts\/61350","targetHints":{"allow":["GET"]}}],"collection":[{"href":"https:\/\/akunq.net\/tr\/index.php?rest_route=\/wp\/v2\/posts"}],"about":[{"href":"https:\/\/akunq.net\/tr\/index.php?rest_route=\/wp\/v2\/types\/post"}],"author":[{"embeddable":true,"href":"https:\/\/akunq.net\/tr\/index.php?rest_route=\/wp\/v2\/users\/7"}],"replies":[{"embeddable":true,"href":"https:\/\/akunq.net\/tr\/index.php?rest_route=%2Fwp%2Fv2%2Fcomments&post=61350"}],"version-history":[{"count":1,"href":"https:\/\/akunq.net\/tr\/index.php?rest_route=\/wp\/v2\/posts\/61350\/revisions"}],"predecessor-version":[{"id":61352,"href":"https:\/\/akunq.net\/tr\/index.php?rest_route=\/wp\/v2\/posts\/61350\/revisions\/61352"}],"wp:featuredmedia":[{"embeddable":true,"href":"https:\/\/akunq.net\/tr\/index.php?rest_route=\/wp\/v2\/media\/61351"}],"wp:attachment":[{"href":"https:\/\/akunq.net\/tr\/index.php?rest_route=%2Fwp%2Fv2%2Fmedia&parent=61350"}],"wp:term":[{"taxonomy":"category","embeddable":true,"href":"https:\/\/akunq.net\/tr\/index.php?rest_route=%2Fwp%2Fv2%2Fcategories&post=61350"},{"taxonomy":"post_tag","embeddable":true,"href":"https:\/\/akunq.net\/tr\/index.php?rest_route=%2Fwp%2Fv2%2Ftags&post=61350"}],"curies":[{"name":"wp","href":"https:\/\/api.w.org\/{rel}","templated":true}]}}